{"id":81841,"date":"2020-03-27T08:40:24","date_gmt":"2020-03-27T15:40:24","guid":{"rendered":"https:\/\/www.sonoraenequipo.com.mx\/?p=81841"},"modified":"2020-03-27T12:03:28","modified_gmt":"2020-03-27T19:03:28","slug":"se-organizan-para-utilizar-drones-en-tareas-de-desinfeccion-contra-coronavirus","status":"publish","type":"post","link":"https:\/\/www.sonoraenequipo.com.mx\/se-organizan-para-utilizar-drones-en-tareas-de-desinfeccion-contra-coronavirus\/","title":{"rendered":"Se organizan para utilizar drones en tareas de desinfecci\u00f3n contra coronavirus"},"content":{"rendered":"<p>CIUDAD DE M\u00c9XICO. MX. \u2014 Para hacerle frente al coronavirus en M\u00e9xico, varias personas que tienen y operan drones, est\u00e1n organizando una red para utilizarlos en tareas de desinfecci\u00f3n, patrullaje e incluso transportar medicinas o alimentos.<\/p>\n<p>&nbsp;<\/p>\n<p> <\/p>\n<p>&nbsp;<\/p>\n<p>&nbsp;<\/p>\n<p>La propuesta surgi\u00f3 del empresario Luis Alfonso Escobedo, quien considera que la tecnolog\u00eda que ya es usada en pa\u00edses como China, Italia y Espa\u00f1a, permite realizar estas tareas de forma m\u00e1s r\u00e1pida y sin riesgo de contacto directo entre personas.<\/p>\n<p>&nbsp;<\/p>\n<p>&nbsp;<\/p>\n<p>Luis Alfonso Escobedo, empresario, dijo: <em>\u201cYo por eso es que convoco a la sociedad, convoco a los droneros a que nos unamos para que as\u00ed entre todos los equipos que tenemos, distribuy\u00e9ndolos por regiones, podamos ser una alternativa, un apoyo\u201d.<\/em><\/p>\n<p>&nbsp;<\/p>\n<p>&nbsp;<\/p>\n<p>La iniciativa la lanz\u00f3 el pasado 23 de marzo a trav\u00e9s de redes sociales y en unas horas, m\u00e1s de 100 personas que tienen drones se pusieron en contacto, para ofrecer sus equipos y su tiempo, en caso de que las autoridades lo requieran.<\/p>\n<p>&nbsp;<\/p>\n<p>&nbsp;<\/p>\n<p>En M\u00e9xico, asegura el empresario, el uso de drones a\u00fan es escaso por lo que ni los gobiernos estatales ni el federal podr\u00edan implementar un programa de este tipo por s\u00ed solos.<\/p>\n<p>&nbsp;<\/p>\n<p>&nbsp;<\/p>\n<p>Luis Alfonso Escobedo, empresario, se\u00f1al\u00f3: <em>\u201cPorque en efecto en la polic\u00eda no hay drones, no hay suficientes drones, no hay gente capacitada para pilotarlos y tampoco va a haber el dinero para poderlos comprar\u201d.<\/em><\/p>\n<p>&nbsp;<\/p>\n<p>&nbsp;<\/p>\n<p>De acuerdo con el proyecto, los drones se podr\u00edan usar para tres actividades en una etapa de la epidemia en la que se restrinja la movilidad de las personas.<\/p>\n<p>&nbsp;<\/p>\n<p>&nbsp;<\/p>\n<p>Luis Alfonso Escobedo, empresario, agreg\u00f3:<em> \u201cEl equipo de aspersi\u00f3n que son este tipo de drones convertirlo en equipos de sanitizaci\u00f3n. Despu\u00e9s tengo otra \u00e1rea que ser\u00eda enfocarnos en la vigilancia, en utilizar los drones para vigilar que la gente no salga, para persuadir en este caso viniendo desde la sociedad. Y por \u00faltimo el de drones para enviar paqueter\u00eda de un lado a otro\u201d.<\/em><\/p>\n<p>&nbsp;<\/p>\n<p>&nbsp;<\/p>\n<p>Hasta ahora, hay participantes de 25 estados del pa\u00eds y ya hay un importante n\u00famero de drones de diferentes tama\u00f1os y capacidades.<\/p>\n<p>&nbsp;<\/p>\n<p>&nbsp;<\/p>\n<p>El proyecto contempla el uso de algunos drones con c\u00e1maras t\u00e9rmicas para monitorear la temperatura corporal para que el personal m\u00e9dico pueda identificar casos potenciales o el avance en pacientes confinados.<\/p>\n<p>&nbsp;<\/p>\n<p>&nbsp;<\/p>\n<p>(PUBLICADO EL 27\/03\/2020 \/ Con informaci\u00f3n de Arturo Ortiz)<\/p>\n","protected":false},"excerpt":{"rendered":"<p>CIUDAD DE M\u00c9XICO. MX. \u2014 Para hacerle frente al coronavirus en M\u00e9xico, varias personas que&#8230;<\/p>\n","protected":false},"author":1,"featured_media":81842,"comment_status":"open","ping_status":"open","sticky":false,"template":"","format":"standard","meta":{"_monsterinsights_skip_tracking":false,"_monsterinsights_sitenote_active":false,"_monsterinsights_sitenote_note":"","_monsterinsights_sitenote_category":0,"footnotes":""},"categories":[5],"tags":[],"class_list":["post"],"yoast_head":" \n<title>Sonora en Equipo. Se organizan para utilizar drones en tareas de desinfecci\u00f3n contra coronavirus Rep\u00fablica<\/title>\n<meta name=\"description\" content=\"CIUDAD DE M\u00c9XICO. MX. \u2014 Para hacerle frente al coronavirus en M\u00e9xico, varias personas que tienen y operan drones, est\u00e1n organizando una red para En Sonora en Equipo publicamos toda la informaci\u00f3n de Sonora, M\u00e9xico y el Mundo de manera oportuna y busca que la libertad de expresi\u00f3n sea real. Visita nuestro medio informativo publicado desde Hermosillo, Sonora. %\" \/>\n<meta name=\"robots\" content=\"index, follow, max-snippet:-1, max-image-preview:large, max-video-preview:-1\" \/>\n<link rel=\"canonical\" href=\"https:\/\/www.sonoraenequipo.com.mx\/se-organizan-para-utilizar-drones-en-tareas-de-desinfeccion-contra-coronavirus\/\" \/>\n<meta property=\"og:locale\" content=\"es_ES\" \/>\n<meta property=\"og:type\" content=\"article\" \/>\n<meta property=\"og:title\" content=\"Sonora en Equipo. Se organizan para utilizar drones en tareas de desinfecci\u00f3n contra coronavirus Rep\u00fablica\" \/>\n<meta property=\"og:description\" content=\"CIUDAD DE M\u00c9XICO. MX. \u2014 Para hacerle frente al coronavirus en M\u00e9xico, varias personas que tienen y operan drones, est\u00e1n organizando una red para En Sonora en Equipo publicamos toda la informaci\u00f3n de Sonora, M\u00e9xico y el Mundo de manera oportuna y busca que la libertad de expresi\u00f3n sea real. Visita nuestro medio informativo publicado desde Hermosillo, Sonora. %\" \/>\n<meta property=\"og:url\" content=\"https:\/\/www.sonoraenequipo.com.mx\/se-organizan-para-utilizar-drones-en-tareas-de-desinfeccion-contra-coronavirus\/\" \/>\n<meta property=\"og:site_name\" content=\"Sonora en Equipo.\" \/>\n<meta property=\"article:publisher\" content=\"https:\/\/www.facebook.com\/SonoraEE\/\" \/>\n<meta property=\"article:author\" content=\"https:\/\/www.facebook.com\/SonoraEE\" \/>\n<meta property=\"article:published_time\" content=\"2020-03-27T15:40:24+00:00\" \/>\n<meta property=\"article:modified_time\" content=\"2020-03-27T19:03:28+00:00\" \/>\n<meta property=\"og:image\" content=\"https:\/\/www.sonoraenequipo.com.mx\/storage\/2020\/03\/drones-contra-coronavirus_opt.jpg\" \/>\n\t<meta property=\"og:image:width\" content=\"800\" \/>\n\t<meta property=\"og:image:height\" content=\"400\" \/>\n\t<meta property=\"og:image:type\" content=\"image\/jpeg\" \/>\n<meta name=\"author\" content=\"enequipo\" \/>\n<meta name=\"twitter:card\" content=\"summary_large_image\" \/>\n<meta name=\"twitter:creator\" content=\"@sonoraenequipo\" \/>\n<meta name=\"twitter:site\" content=\"@sonoraenequipo\" \/>\n<meta name=\"twitter:label1\" content=\"Escrito por\" \/>\n\t<meta name=\"twitter:data1\" content=\"enequipo\" \/>\n\t<meta name=\"twitter:label2\" content=\"Tiempo de lectura\" \/>\n\t<meta name=\"twitter:data2\" content=\"2 minutos\" \/>\n<script type=\"application\/ld+json\" class=\"yoast-schema-graph\">{\"@context\":\"https:\/\/schema.org\",\"@graph\":[{\"@type\":\"Article\",\"@id\":\"https:\/\/www.sonoraenequipo.com.mx\/se-organizan-para-utilizar-drones-en-tareas-de-desinfeccion-contra-coronavirus\/#article\",\"isPartOf\":{\"@id\":\"https:\/\/www.sonoraenequipo.com.mx\/se-organizan-para-utilizar-drones-en-tareas-de-desinfeccion-contra-coronavirus\/\"},\"author\":{\"name\":\"enequipo\",\"@id\":\"https:\/\/www.sonoraenequipo.com.mx\/#\/schema\/person\/50102df0fb23a8fa9e8effad8fa81386\"},\"headline\":\"Se organizan para utilizar drones en tareas de desinfecci\u00f3n contra coronavirus\",\"datePublished\":\"2020-03-27T15:40:24+00:00\",\"dateModified\":\"2020-03-27T19:03:28+00:00\",\"mainEntityOfPage\":{\"@id\":\"https:\/\/www.sonoraenequipo.com.mx\/se-organizan-para-utilizar-drones-en-tareas-de-desinfeccion-contra-coronavirus\/\"},\"wordCount\":438,\"commentCount\":0,\"publisher\":{\"@id\":\"https:\/\/www.sonoraenequipo.com.mx\/#organization\"},\"image\":{\"@id\":\"https:\/\/www.sonoraenequipo.com.mx\/se-organizan-para-utilizar-drones-en-tareas-de-desinfeccion-contra-coronavirus\/#primaryimage\"},\"thumbnailUrl\":\"https:\/\/www.sonoraenequipo.com.mx\/storage\/2020\/03\/drones-contra-coronavirus_opt.jpg\",\"articleSection\":[\"Rep\u00fablica\"],\"inLanguage\":\"es\",\"potentialAction\":[{\"@type\":\"CommentAction\",\"name\":\"Comment\",\"target\":[\"https:\/\/www.sonoraenequipo.com.mx\/se-organizan-para-utilizar-drones-en-tareas-de-desinfeccion-contra-coronavirus\/#respond\"]}]},{\"@type\":\"WebPage\",\"@id\":\"https:\/\/www.sonoraenequipo.com.mx\/se-organizan-para-utilizar-drones-en-tareas-de-desinfeccion-contra-coronavirus\/\",\"url\":\"https:\/\/www.sonoraenequipo.com.mx\/se-organizan-para-utilizar-drones-en-tareas-de-desinfeccion-contra-coronavirus\/\",\"name\":\"Sonora en Equipo. Se organizan para utilizar drones en tareas de desinfecci\u00f3n contra coronavirus Rep\u00fablica\",\"isPartOf\":{\"@id\":\"https:\/\/www.sonoraenequipo.com.mx\/#website\"},\"primaryImageOfPage\":{\"@id\":\"https:\/\/www.sonoraenequipo.com.mx\/se-organizan-para-utilizar-drones-en-tareas-de-desinfeccion-contra-coronavirus\/#primaryimage\"},\"image\":{\"@id\":\"https:\/\/www.sonoraenequipo.com.mx\/se-organizan-para-utilizar-drones-en-tareas-de-desinfeccion-contra-coronavirus\/#primaryimage\"},\"thumbnailUrl\":\"https:\/\/www.sonoraenequipo.com.mx\/storage\/2020\/03\/drones-contra-coronavirus_opt.jpg\",\"datePublished\":\"2020-03-27T15:40:24+00:00\",\"dateModified\":\"2020-03-27T19:03:28+00:00\",\"description\":\"CIUDAD DE M\u00c9XICO. MX. \u2014 Para hacerle frente al coronavirus en M\u00e9xico, varias personas que tienen y operan drones, est\u00e1n organizando una red para En Sonora en Equipo publicamos toda la informaci\u00f3n de Sonora, M\u00e9xico y el Mundo de manera oportuna y busca que la libertad de expresi\u00f3n sea real. Visita nuestro medio informativo publicado desde Hermosillo, Sonora. %\",\"breadcrumb\":{\"@id\":\"https:\/\/www.sonoraenequipo.com.mx\/se-organizan-para-utilizar-drones-en-tareas-de-desinfeccion-contra-coronavirus\/#breadcrumb\"},\"inLanguage\":\"es\",\"potentialAction\":[{\"@type\":\"ReadAction\",\"target\":[\"https:\/\/www.sonoraenequipo.com.mx\/se-organizan-para-utilizar-drones-en-tareas-de-desinfeccion-contra-coronavirus\/\"]}]},{\"@type\":\"ImageObject\",\"inLanguage\":\"es\",\"@id\":\"https:\/\/www.sonoraenequipo.com.mx\/se-organizan-para-utilizar-drones-en-tareas-de-desinfeccion-contra-coronavirus\/#primaryimage\",\"url\":\"https:\/\/www.sonoraenequipo.com.mx\/storage\/2020\/03\/drones-contra-coronavirus_opt.jpg\",\"contentUrl\":\"https:\/\/www.sonoraenequipo.com.mx\/storage\/2020\/03\/drones-contra-coronavirus_opt.jpg\",\"width\":800,\"height\":400},{\"@type\":\"BreadcrumbList\",\"@id\":\"https:\/\/www.sonoraenequipo.com.mx\/se-organizan-para-utilizar-drones-en-tareas-de-desinfeccion-contra-coronavirus\/#breadcrumb\",\"itemListElement\":[{\"@type\":\"ListItem\",\"position\":1,\"name\":\"Portada\",\"item\":\"https:\/\/www.sonoraenequipo.com.mx\/\"},{\"@type\":\"ListItem\",\"position\":2,\"name\":\"Se organizan para utilizar drones en tareas de desinfecci\u00f3n contra coronavirus\"}]},{\"@type\":\"WebSite\",\"@id\":\"https:\/\/www.sonoraenequipo.com.mx\/#website\",\"url\":\"https:\/\/www.sonoraenequipo.com.mx\/\",\"name\":\"Sonora en Equipo.\",\"description\":\"Diario en l\u00ednea con Noticias desde Hermosillo, Sonora\",\"publisher\":{\"@id\":\"https:\/\/www.sonoraenequipo.com.mx\/#organization\"},\"potentialAction\":[{\"@type\":\"SearchAction\",\"target\":{\"@type\":\"EntryPoint\",\"urlTemplate\":\"https:\/\/www.sonoraenequipo.com.mx\/?s={search_term_string}\"},\"query-input\":{\"@type\":\"PropertyValueSpecification\",\"valueRequired\":true,\"valueName\":\"search_term_string\"}}],\"inLanguage\":\"es\"},{\"@type\":\"Organization\",\"@id\":\"https:\/\/www.sonoraenequipo.com.mx\/#organization\",\"name\":\"Sonoraenequipo.com.mx\",\"url\":\"https:\/\/www.sonoraenequipo.com.mx\/\",\"logo\":{\"@type\":\"ImageObject\",\"inLanguage\":\"es\",\"@id\":\"https:\/\/www.sonoraenequipo.com.mx\/#\/schema\/logo\/image\/\",\"url\":\"https:\/\/www.sonoraenequipo.com.mx\/storage\/2019\/01\/sonoraenequipo_opt.png\",\"contentUrl\":\"https:\/\/www.sonoraenequipo.com.mx\/storage\/2019\/01\/sonoraenequipo_opt.png\",\"width\":375,\"height\":125,\"caption\":\"Sonoraenequipo.com.mx\"},\"image\":{\"@id\":\"https:\/\/www.sonoraenequipo.com.mx\/#\/schema\/logo\/image\/\"},\"sameAs\":[\"https:\/\/www.facebook.com\/SonoraEE\/\",\"https:\/\/x.com\/sonoraenequipo\",\"https:\/\/www.youtube.com\/channel\/UC338nW-lPEYmJQs4ZABQ1SQ\"]},{\"@type\":\"Person\",\"@id\":\"https:\/\/www.sonoraenequipo.com.mx\/#\/schema\/person\/50102df0fb23a8fa9e8effad8fa81386\",\"name\":\"enequipo\",\"image\":{\"@type\":\"ImageObject\",\"inLanguage\":\"es\",\"@id\":\"https:\/\/www.sonoraenequipo.com.mx\/#\/schema\/person\/image\/\",\"url\":\"https:\/\/secure.gravatar.com\/avatar\/049821681b589dabc0bc20695993ccebb09f5b5d4d790cd9251b97faac7c652b?s=96&d=blank&r=g\",\"contentUrl\":\"https:\/\/secure.gravatar.com\/avatar\/049821681b589dabc0bc20695993ccebb09f5b5d4d790cd9251b97faac7c652b?s=96&d=blank&r=g\",\"caption\":\"enequipo\"},\"sameAs\":[\"https:\/\/www.facebook.com\/SonoraEE\"]}]}<\/script>\n ","yoast_head_json":{"title":"Sonora en Equipo. Se organizan para utilizar drones en tareas de desinfecci\u00f3n contra coronavirus Rep\u00fablica","description":"CIUDAD DE M\u00c9XICO. MX. \u2014 Para hacerle frente al coronavirus en M\u00e9xico, varias personas que tienen y operan drones, est\u00e1n organizando una red para En Sonora en Equipo publicamos toda la informaci\u00f3n de Sonora, M\u00e9xico y el Mundo de manera oportuna y busca que la libertad de expresi\u00f3n sea real. Visita nuestro medio informativo publicado desde Hermosillo, Sonora. %","robots":{"index":"index","follow":"follow","max-snippet":"max-snippet:-1","max-image-preview":"max-image-preview:large","max-video-preview":"max-video-preview:-1"},"canonical":"https:\/\/www.sonoraenequipo.com.mx\/se-organizan-para-utilizar-drones-en-tareas-de-desinfeccion-contra-coronavirus\/","og_locale":"es_ES","og_type":"article","og_title":"Sonora en Equipo. Se organizan para utilizar drones en tareas de desinfecci\u00f3n contra coronavirus Rep\u00fablica","og_description":"CIUDAD DE M\u00c9XICO. MX. \u2014 Para hacerle frente al coronavirus en M\u00e9xico, varias personas que tienen y operan drones, est\u00e1n organizando una red para En Sonora en Equipo publicamos toda la informaci\u00f3n de Sonora, M\u00e9xico y el Mundo de manera oportuna y busca que la libertad de expresi\u00f3n sea real. Visita nuestro medio informativo publicado desde Hermosillo, Sonora. %","og_url":"https:\/\/www.sonoraenequipo.com.mx\/se-organizan-para-utilizar-drones-en-tareas-de-desinfeccion-contra-coronavirus\/","og_site_name":"Sonora en Equipo.","article_publisher":"https:\/\/www.facebook.com\/SonoraEE\/","article_author":"https:\/\/www.facebook.com\/SonoraEE","article_published_time":"2020-03-27T15:40:24+00:00","article_modified_time":"2020-03-27T19:03:28+00:00","og_image":[{"width":800,"height":400,"url":"https:\/\/www.sonoraenequipo.com.mx\/storage\/2020\/03\/drones-contra-coronavirus_opt.jpg","type":"image\/jpeg"}],"author":"enequipo","twitter_card":"summary_large_image","twitter_creator":"@sonoraenequipo","twitter_site":"@sonoraenequipo","twitter_misc":{"Escrito por":"enequipo","Tiempo de lectura":"2 minutos"},"schema":{"@context":"https:\/\/schema.org","@graph":[{"@type":"Article","@id":"https:\/\/www.sonoraenequipo.com.mx\/se-organizan-para-utilizar-drones-en-tareas-de-desinfeccion-contra-coronavirus\/#article","isPartOf":{"@id":"https:\/\/www.sonoraenequipo.com.mx\/se-organizan-para-utilizar-drones-en-tareas-de-desinfeccion-contra-coronavirus\/"},"author":{"name":"enequipo","@id":"https:\/\/www.sonoraenequipo.com.mx\/#\/schema\/person\/50102df0fb23a8fa9e8effad8fa81386"},"headline":"Se organizan para utilizar drones en tareas de desinfecci\u00f3n contra coronavirus","datePublished":"2020-03-27T15:40:24+00:00","dateModified":"2020-03-27T19:03:28+00:00","mainEntityOfPage":{"@id":"https:\/\/www.sonoraenequipo.com.mx\/se-organizan-para-utilizar-drones-en-tareas-de-desinfeccion-contra-coronavirus\/"},"wordCount":438,"commentCount":0,"publisher":{"@id":"https:\/\/www.sonoraenequipo.com.mx\/#organization"},"image":{"@id":"https:\/\/www.sonoraenequipo.com.mx\/se-organizan-para-utilizar-drones-en-tareas-de-desinfeccion-contra-coronavirus\/#primaryimage"},"thumbnailUrl":"https:\/\/www.sonoraenequipo.com.mx\/storage\/2020\/03\/drones-contra-coronavirus_opt.jpg","articleSection":["Rep\u00fablica"],"inLanguage":"es","potentialAction":[{"@type":"CommentAction","name":"Comment","target":["https:\/\/www.sonoraenequipo.com.mx\/se-organizan-para-utilizar-drones-en-tareas-de-desinfeccion-contra-coronavirus\/#respond"]}]},{"@type":"WebPage","@id":"https:\/\/www.sonoraenequipo.com.mx\/se-organizan-para-utilizar-drones-en-tareas-de-desinfeccion-contra-coronavirus\/","url":"https:\/\/www.sonoraenequipo.com.mx\/se-organizan-para-utilizar-drones-en-tareas-de-desinfeccion-contra-coronavirus\/","name":"Sonora en Equipo. Se organizan para utilizar drones en tareas de desinfecci\u00f3n contra coronavirus Rep\u00fablica","isPartOf":{"@id":"https:\/\/www.sonoraenequipo.com.mx\/#website"},"primaryImageOfPage":{"@id":"https:\/\/www.sonoraenequipo.com.mx\/se-organizan-para-utilizar-drones-en-tareas-de-desinfeccion-contra-coronavirus\/#primaryimage"},"image":{"@id":"https:\/\/www.sonoraenequipo.com.mx\/se-organizan-para-utilizar-drones-en-tareas-de-desinfeccion-contra-coronavirus\/#primaryimage"},"thumbnailUrl":"https:\/\/www.sonoraenequipo.com.mx\/storage\/2020\/03\/drones-contra-coronavirus_opt.jpg","datePublished":"2020-03-27T15:40:24+00:00","dateModified":"2020-03-27T19:03:28+00:00","description":"CIUDAD DE M\u00c9XICO. MX. \u2014 Para hacerle frente al coronavirus en M\u00e9xico, varias personas que tienen y operan drones, est\u00e1n organizando una red para En Sonora en Equipo publicamos toda la informaci\u00f3n de Sonora, M\u00e9xico y el Mundo de manera oportuna y busca que la libertad de expresi\u00f3n sea real. Visita nuestro medio informativo publicado desde Hermosillo, Sonora. %","breadcrumb":{"@id":"https:\/\/www.sonoraenequipo.com.mx\/se-organizan-para-utilizar-drones-en-tareas-de-desinfeccion-contra-coronavirus\/#breadcrumb"},"inLanguage":"es","potentialAction":[{"@type":"ReadAction","target":["https:\/\/www.sonoraenequipo.com.mx\/se-organizan-para-utilizar-drones-en-tareas-de-desinfeccion-contra-coronavirus\/"]}]},{"@type":"ImageObject","inLanguage":"es","@id":"https:\/\/www.sonoraenequipo.com.mx\/se-organizan-para-utilizar-drones-en-tareas-de-desinfeccion-contra-coronavirus\/#primaryimage","url":"https:\/\/www.sonoraenequipo.com.mx\/storage\/2020\/03\/drones-contra-coronavirus_opt.jpg","contentUrl":"https:\/\/www.sonoraenequipo.com.mx\/storage\/2020\/03\/drones-contra-coronavirus_opt.jpg","width":800,"height":400},{"@type":"BreadcrumbList","@id":"https:\/\/www.sonoraenequipo.com.mx\/se-organizan-para-utilizar-drones-en-tareas-de-desinfeccion-contra-coronavirus\/#breadcrumb","itemListElement":[{"@type":"ListItem","position":1,"name":"Portada","item":"https:\/\/www.sonoraenequipo.com.mx\/"},{"@type":"ListItem","position":2,"name":"Se organizan para utilizar drones en tareas de desinfecci\u00f3n contra coronavirus"}]},{"@type":"WebSite","@id":"https:\/\/www.sonoraenequipo.com.mx\/#website","url":"https:\/\/www.sonoraenequipo.com.mx\/","name":"Sonora en Equipo.","description":"Diario en l\u00ednea con Noticias desde Hermosillo, Sonora","publisher":{"@id":"https:\/\/www.sonoraenequipo.com.mx\/#organization"},"potentialAction":[{"@type":"SearchAction","target":{"@type":"EntryPoint","urlTemplate":"https:\/\/www.sonoraenequipo.com.mx\/?s={search_term_string}"},"query-input":{"@type":"PropertyValueSpecification","valueRequired":true,"valueName":"search_term_string"}}],"inLanguage":"es"},{"@type":"Organization","@id":"https:\/\/www.sonoraenequipo.com.mx\/#organization","name":"Sonoraenequipo.com.mx","url":"https:\/\/www.sonoraenequipo.com.mx\/","logo":{"@type":"ImageObject","inLanguage":"es","@id":"https:\/\/www.sonoraenequipo.com.mx\/#\/schema\/logo\/image\/","url":"https:\/\/www.sonoraenequipo.com.mx\/storage\/2019\/01\/sonoraenequipo_opt.png","contentUrl":"https:\/\/www.sonoraenequipo.com.mx\/storage\/2019\/01\/sonoraenequipo_opt.png","width":375,"height":125,"caption":"Sonoraenequipo.com.mx"},"image":{"@id":"https:\/\/www.sonoraenequipo.com.mx\/#\/schema\/logo\/image\/"},"sameAs":["https:\/\/www.facebook.com\/SonoraEE\/","https:\/\/x.com\/sonoraenequipo","https:\/\/www.youtube.com\/channel\/UC338nW-lPEYmJQs4ZABQ1SQ"]},{"@type":"Person","@id":"https:\/\/www.sonoraenequipo.com.mx\/#\/schema\/person\/50102df0fb23a8fa9e8effad8fa81386","name":"enequipo","image":{"@type":"ImageObject","inLanguage":"es","@id":"https:\/\/www.sonoraenequipo.com.mx\/#\/schema\/person\/image\/","url":"https:\/\/secure.gravatar.com\/avatar\/049821681b589dabc0bc20695993ccebb09f5b5d4d790cd9251b97faac7c652b?s=96&d=blank&r=g","contentUrl":"https:\/\/secure.gravatar.com\/avatar\/049821681b589dabc0bc20695993ccebb09f5b5d4d790cd9251b97faac7c652b?s=96&d=blank&r=g","caption":"enequipo"},"sameAs":["https:\/\/www.facebook.com\/SonoraEE"]}]}},"jetpack_featured_media_url":"https:\/\/www.sonoraenequipo.com.mx\/storage\/2020\/03\/drones-contra-coronavirus_opt.jpg","_links":{"self":[{"href":"https:\/\/www.sonoraenequipo.com.mx\/api\/wp\/v2\/posts\/81841","targetHints":{"allow":["GET"]}}],"collection":[{"href":"https:\/\/www.sonoraenequipo.com.mx\/api\/wp\/v2\/posts"}],"about":[{"href":"https:\/\/www.sonoraenequipo.com.mx\/api\/wp\/v2\/types\/post"}],"author":[{"embeddable":true,"href":"https:\/\/www.sonoraenequipo.com.mx\/api\/wp\/v2\/users\/1"}],"replies":[{"embeddable":true,"href":"https:\/\/www.sonoraenequipo.com.mx\/api\/wp\/v2\/comments?post=81841"}],"version-history":[{"count":0,"href":"https:\/\/www.sonoraenequipo.com.mx\/api\/wp\/v2\/posts\/81841\/revisions"}],"wp:featuredmedia":[{"embeddable":true,"href":"https:\/\/www.sonoraenequipo.com.mx\/api\/wp\/v2\/media\/81842"}],"wp:attachment":[{"href":"https:\/\/www.sonoraenequipo.com.mx\/api\/wp\/v2\/media?parent=81841"}],"wp:term":[{"taxonomy":"category","embeddable":true,"href":"https:\/\/www.sonoraenequipo.com.mx\/api\/wp\/v2\/categories?post=81841"},{"taxonomy":"post_tag","embeddable":true,"href":"https:\/\/www.sonoraenequipo.com.mx\/api\/wp\/v2\/tags?post=81841"}],"curies":[{"name":"wp","href":"https:\/\/api.w.org\/{rel}","templated":true}]}}