{"id":81844,"date":"2020-03-27T12:26:27","date_gmt":"2020-03-27T19:26:27","guid":{"rendered":"https:\/\/www.sonoraenequipo.com.mx\/?p=81844"},"modified":"2020-03-27T12:28:34","modified_gmt":"2020-03-27T19:28:34","slug":"coronavirus-es-un-virus-de-la-humanidad-e-infecta-a-ricos-y-pobres-infectologo","status":"publish","type":"post","link":"https:\/\/www.sonoraenequipo.com.mx\/coronavirus-es-un-virus-de-la-humanidad-e-infecta-a-ricos-y-pobres-infectologo\/","title":{"rendered":"Coronavirus  es un virus de la humanidad e infecta a ricos y pobres: Infect\u00f3logo"},"content":{"rendered":"<p>CIUDAD DE M\u00c9XICO. MX. \u2014 La fase tres de contagios de la nueva cepa de coronavirus es algo esperado, afirm\u00f3 el doctor Francisco Moreno, M\u00e9dico Infect\u00f3logo e Internista del Hospital ABC.<\/p>\n<p> <\/p>\n<p>El especialista, en entrevista para el programa Javier Poza en F\u00f3rmula, de Radio F\u00f3rmula, agreg\u00f3 que dicho escenario ha sucedido en otros pa\u00edses, como China o Italia, por lo cual esta etapa podr\u00eda llegar a M\u00e9xico.<\/p>\n<p><strong>[La fase 3] es algo esperado<\/strong>. Pensemos que el 85 por ciento de nosotros vamos a salir bien librados, es muy positivo, pero hay que cuidarnos\u201d, matiz\u00f3 el m\u00e9dico.<\/p>\n<p>Moreno respondi\u00f3 varias dudas del p\u00fablico planteadas por el periodista Javier Poza. En una de ellas, descart\u00f3 que exista inmunidad en los j\u00f3venes o en alg\u00fan sector de la sociedad.<\/p>\n<p><em>No hay clase \u00e9tnica, no hay clase social [que sea inmune]. Este es un virus de la humanidad. Es un virus que cambi\u00f3 el mundo, esto nos lleva a cambiar la forma como vivimos, para adaptarnos a este momento\u201d<\/em>, destac\u00f3 el m\u00e9dico.<\/p>\n<p>Agreg\u00f3 que los ni\u00f1os podr\u00edan enfermar del COVID-19, pero no tendr\u00edan complicaciones como los adultos mayores. Llam\u00f3 a mantener la distancia social y no realizar aglomeraciones, con el fin de vitar el contagio del SARS-CoV-2.<\/p>\n<p>Es cuando m\u00e1s aislamiento y confinamiento debe haber. Mientras m\u00e1s quietos estemos, menos aumento de casos habr\u00e1\u201d, afirm\u00f3 el especialista.<\/p>\n<p>(PUBLICADO EL 27\/03\/2020 \/ C\u00e9sar Contreras )<\/p>\n","protected":false},"excerpt":{"rendered":"<p>CIUDAD DE M\u00c9XICO. MX. \u2014 La fase tres de contagios de la nueva cepa de&#8230;<\/p>\n","protected":false},"author":1,"featured_media":81845,"comment_status":"open","ping_status":"open","sticky":false,"template":"","format":"standard","meta":{"_monsterinsights_skip_tracking":false,"_monsterinsights_sitenote_active":false,"_monsterinsights_sitenote_note":"","_monsterinsights_sitenote_category":0,"footnotes":""},"categories":[5],"tags":[],"class_list":["post"],"yoast_head":" \n<title>Sonora en Equipo. Coronavirus es un virus de la humanidad e infecta a ricos y pobres: Infect\u00f3logo Rep\u00fablica<\/title>\n<meta name=\"description\" content=\"CIUDAD DE M\u00c9XICO. MX. \u2014 La fase tres de contagios de la nueva cepa de coronavirus es algo esperado, afirm\u00f3 el doctor Francisco Moreno, M\u00e9dico Infect\u00f3logo En Sonora en Equipo publicamos toda la informaci\u00f3n de Sonora, M\u00e9xico y el Mundo de manera oportuna y busca que la libertad de expresi\u00f3n sea real. Visita nuestro medio informativo publicado desde Hermosillo, Sonora. %\" \/>\n<meta name=\"robots\" content=\"index, follow, max-snippet:-1, max-image-preview:large, max-video-preview:-1\" \/>\n<link rel=\"canonical\" href=\"https:\/\/www.sonoraenequipo.com.mx\/coronavirus-es-un-virus-de-la-humanidad-e-infecta-a-ricos-y-pobres-infectologo\/\" \/>\n<meta property=\"og:locale\" content=\"es_ES\" \/>\n<meta property=\"og:type\" content=\"article\" \/>\n<meta property=\"og:title\" content=\"Sonora en Equipo. Coronavirus es un virus de la humanidad e infecta a ricos y pobres: Infect\u00f3logo Rep\u00fablica\" \/>\n<meta property=\"og:description\" content=\"CIUDAD DE M\u00c9XICO. MX. \u2014 La fase tres de contagios de la nueva cepa de coronavirus es algo esperado, afirm\u00f3 el doctor Francisco Moreno, M\u00e9dico Infect\u00f3logo En Sonora en Equipo publicamos toda la informaci\u00f3n de Sonora, M\u00e9xico y el Mundo de manera oportuna y busca que la libertad de expresi\u00f3n sea real. Visita nuestro medio informativo publicado desde Hermosillo, Sonora. %\" \/>\n<meta property=\"og:url\" content=\"https:\/\/www.sonoraenequipo.com.mx\/coronavirus-es-un-virus-de-la-humanidad-e-infecta-a-ricos-y-pobres-infectologo\/\" \/>\n<meta property=\"og:site_name\" content=\"Sonora en Equipo.\" \/>\n<meta property=\"article:publisher\" content=\"https:\/\/www.facebook.com\/SonoraEE\/\" \/>\n<meta property=\"article:author\" content=\"https:\/\/www.facebook.com\/SonoraEE\" \/>\n<meta property=\"article:published_time\" content=\"2020-03-27T19:26:27+00:00\" \/>\n<meta property=\"article:modified_time\" content=\"2020-03-27T19:28:34+00:00\" \/>\n<meta property=\"og:image\" content=\"https:\/\/www.sonoraenequipo.com.mx\/storage\/2020\/03\/corona_contagio_opt.jpg\" \/>\n\t<meta property=\"og:image:width\" content=\"713\" \/>\n\t<meta property=\"og:image:height\" content=\"400\" \/>\n\t<meta property=\"og:image:type\" content=\"image\/jpeg\" \/>\n<meta name=\"author\" content=\"enequipo\" \/>\n<meta name=\"twitter:card\" content=\"summary_large_image\" \/>\n<meta name=\"twitter:creator\" content=\"@sonoraenequipo\" \/>\n<meta name=\"twitter:site\" content=\"@sonoraenequipo\" \/>\n<meta name=\"twitter:label1\" content=\"Escrito por\" \/>\n\t<meta name=\"twitter:data1\" content=\"enequipo\" \/>\n\t<meta name=\"twitter:label2\" content=\"Tiempo de lectura\" \/>\n\t<meta name=\"twitter:data2\" content=\"1 minuto\" \/>\n<script type=\"application\/ld+json\" class=\"yoast-schema-graph\">{\"@context\":\"https:\/\/schema.org\",\"@graph\":[{\"@type\":\"Article\",\"@id\":\"https:\/\/www.sonoraenequipo.com.mx\/coronavirus-es-un-virus-de-la-humanidad-e-infecta-a-ricos-y-pobres-infectologo\/#article\",\"isPartOf\":{\"@id\":\"https:\/\/www.sonoraenequipo.com.mx\/coronavirus-es-un-virus-de-la-humanidad-e-infecta-a-ricos-y-pobres-infectologo\/\"},\"author\":{\"name\":\"enequipo\",\"@id\":\"https:\/\/www.sonoraenequipo.com.mx\/#\/schema\/person\/50102df0fb23a8fa9e8effad8fa81386\"},\"headline\":\"Coronavirus es un virus de la humanidad e infecta a ricos y pobres: Infect\u00f3logo\",\"datePublished\":\"2020-03-27T19:26:27+00:00\",\"dateModified\":\"2020-03-27T19:28:34+00:00\",\"mainEntityOfPage\":{\"@id\":\"https:\/\/www.sonoraenequipo.com.mx\/coronavirus-es-un-virus-de-la-humanidad-e-infecta-a-ricos-y-pobres-infectologo\/\"},\"wordCount\":258,\"commentCount\":0,\"publisher\":{\"@id\":\"https:\/\/www.sonoraenequipo.com.mx\/#organization\"},\"image\":{\"@id\":\"https:\/\/www.sonoraenequipo.com.mx\/coronavirus-es-un-virus-de-la-humanidad-e-infecta-a-ricos-y-pobres-infectologo\/#primaryimage\"},\"thumbnailUrl\":\"https:\/\/www.sonoraenequipo.com.mx\/storage\/2020\/03\/corona_contagio_opt.jpg\",\"articleSection\":[\"Rep\u00fablica\"],\"inLanguage\":\"es\",\"potentialAction\":[{\"@type\":\"CommentAction\",\"name\":\"Comment\",\"target\":[\"https:\/\/www.sonoraenequipo.com.mx\/coronavirus-es-un-virus-de-la-humanidad-e-infecta-a-ricos-y-pobres-infectologo\/#respond\"]}]},{\"@type\":\"WebPage\",\"@id\":\"https:\/\/www.sonoraenequipo.com.mx\/coronavirus-es-un-virus-de-la-humanidad-e-infecta-a-ricos-y-pobres-infectologo\/\",\"url\":\"https:\/\/www.sonoraenequipo.com.mx\/coronavirus-es-un-virus-de-la-humanidad-e-infecta-a-ricos-y-pobres-infectologo\/\",\"name\":\"Sonora en Equipo. Coronavirus es un virus de la humanidad e infecta a ricos y pobres: Infect\u00f3logo Rep\u00fablica\",\"isPartOf\":{\"@id\":\"https:\/\/www.sonoraenequipo.com.mx\/#website\"},\"primaryImageOfPage\":{\"@id\":\"https:\/\/www.sonoraenequipo.com.mx\/coronavirus-es-un-virus-de-la-humanidad-e-infecta-a-ricos-y-pobres-infectologo\/#primaryimage\"},\"image\":{\"@id\":\"https:\/\/www.sonoraenequipo.com.mx\/coronavirus-es-un-virus-de-la-humanidad-e-infecta-a-ricos-y-pobres-infectologo\/#primaryimage\"},\"thumbnailUrl\":\"https:\/\/www.sonoraenequipo.com.mx\/storage\/2020\/03\/corona_contagio_opt.jpg\",\"datePublished\":\"2020-03-27T19:26:27+00:00\",\"dateModified\":\"2020-03-27T19:28:34+00:00\",\"description\":\"CIUDAD DE M\u00c9XICO. MX. \u2014 La fase tres de contagios de la nueva cepa de coronavirus es algo esperado, afirm\u00f3 el doctor Francisco Moreno, M\u00e9dico Infect\u00f3logo En Sonora en Equipo publicamos toda la informaci\u00f3n de Sonora, M\u00e9xico y el Mundo de manera oportuna y busca que la libertad de expresi\u00f3n sea real. Visita nuestro medio informativo publicado desde Hermosillo, Sonora. %\",\"breadcrumb\":{\"@id\":\"https:\/\/www.sonoraenequipo.com.mx\/coronavirus-es-un-virus-de-la-humanidad-e-infecta-a-ricos-y-pobres-infectologo\/#breadcrumb\"},\"inLanguage\":\"es\",\"potentialAction\":[{\"@type\":\"ReadAction\",\"target\":[\"https:\/\/www.sonoraenequipo.com.mx\/coronavirus-es-un-virus-de-la-humanidad-e-infecta-a-ricos-y-pobres-infectologo\/\"]}]},{\"@type\":\"ImageObject\",\"inLanguage\":\"es\",\"@id\":\"https:\/\/www.sonoraenequipo.com.mx\/coronavirus-es-un-virus-de-la-humanidad-e-infecta-a-ricos-y-pobres-infectologo\/#primaryimage\",\"url\":\"https:\/\/www.sonoraenequipo.com.mx\/storage\/2020\/03\/corona_contagio_opt.jpg\",\"contentUrl\":\"https:\/\/www.sonoraenequipo.com.mx\/storage\/2020\/03\/corona_contagio_opt.jpg\",\"width\":713,\"height\":400},{\"@type\":\"BreadcrumbList\",\"@id\":\"https:\/\/www.sonoraenequipo.com.mx\/coronavirus-es-un-virus-de-la-humanidad-e-infecta-a-ricos-y-pobres-infectologo\/#breadcrumb\",\"itemListElement\":[{\"@type\":\"ListItem\",\"position\":1,\"name\":\"Portada\",\"item\":\"https:\/\/www.sonoraenequipo.com.mx\/\"},{\"@type\":\"ListItem\",\"position\":2,\"name\":\"Coronavirus es un virus de la humanidad e infecta a ricos y pobres: Infect\u00f3logo\"}]},{\"@type\":\"WebSite\",\"@id\":\"https:\/\/www.sonoraenequipo.com.mx\/#website\",\"url\":\"https:\/\/www.sonoraenequipo.com.mx\/\",\"name\":\"Sonora en Equipo.\",\"description\":\"Diario en l\u00ednea con Noticias desde Hermosillo, Sonora\",\"publisher\":{\"@id\":\"https:\/\/www.sonoraenequipo.com.mx\/#organization\"},\"potentialAction\":[{\"@type\":\"SearchAction\",\"target\":{\"@type\":\"EntryPoint\",\"urlTemplate\":\"https:\/\/www.sonoraenequipo.com.mx\/?s={search_term_string}\"},\"query-input\":{\"@type\":\"PropertyValueSpecification\",\"valueRequired\":true,\"valueName\":\"search_term_string\"}}],\"inLanguage\":\"es\"},{\"@type\":\"Organization\",\"@id\":\"https:\/\/www.sonoraenequipo.com.mx\/#organization\",\"name\":\"Sonoraenequipo.com.mx\",\"url\":\"https:\/\/www.sonoraenequipo.com.mx\/\",\"logo\":{\"@type\":\"ImageObject\",\"inLanguage\":\"es\",\"@id\":\"https:\/\/www.sonoraenequipo.com.mx\/#\/schema\/logo\/image\/\",\"url\":\"https:\/\/www.sonoraenequipo.com.mx\/storage\/2019\/01\/sonoraenequipo_opt.png\",\"contentUrl\":\"https:\/\/www.sonoraenequipo.com.mx\/storage\/2019\/01\/sonoraenequipo_opt.png\",\"width\":375,\"height\":125,\"caption\":\"Sonoraenequipo.com.mx\"},\"image\":{\"@id\":\"https:\/\/www.sonoraenequipo.com.mx\/#\/schema\/logo\/image\/\"},\"sameAs\":[\"https:\/\/www.facebook.com\/SonoraEE\/\",\"https:\/\/x.com\/sonoraenequipo\",\"https:\/\/www.youtube.com\/channel\/UC338nW-lPEYmJQs4ZABQ1SQ\"]},{\"@type\":\"Person\",\"@id\":\"https:\/\/www.sonoraenequipo.com.mx\/#\/schema\/person\/50102df0fb23a8fa9e8effad8fa81386\",\"name\":\"enequipo\",\"image\":{\"@type\":\"ImageObject\",\"inLanguage\":\"es\",\"@id\":\"https:\/\/www.sonoraenequipo.com.mx\/#\/schema\/person\/image\/\",\"url\":\"https:\/\/secure.gravatar.com\/avatar\/049821681b589dabc0bc20695993ccebb09f5b5d4d790cd9251b97faac7c652b?s=96&d=blank&r=g\",\"contentUrl\":\"https:\/\/secure.gravatar.com\/avatar\/049821681b589dabc0bc20695993ccebb09f5b5d4d790cd9251b97faac7c652b?s=96&d=blank&r=g\",\"caption\":\"enequipo\"},\"sameAs\":[\"https:\/\/www.facebook.com\/SonoraEE\"]}]}<\/script>\n ","yoast_head_json":{"title":"Sonora en Equipo. Coronavirus es un virus de la humanidad e infecta a ricos y pobres: Infect\u00f3logo Rep\u00fablica","description":"CIUDAD DE M\u00c9XICO. MX. \u2014 La fase tres de contagios de la nueva cepa de coronavirus es algo esperado, afirm\u00f3 el doctor Francisco Moreno, M\u00e9dico Infect\u00f3logo En Sonora en Equipo publicamos toda la informaci\u00f3n de Sonora, M\u00e9xico y el Mundo de manera oportuna y busca que la libertad de expresi\u00f3n sea real. Visita nuestro medio informativo publicado desde Hermosillo, Sonora. %","robots":{"index":"index","follow":"follow","max-snippet":"max-snippet:-1","max-image-preview":"max-image-preview:large","max-video-preview":"max-video-preview:-1"},"canonical":"https:\/\/www.sonoraenequipo.com.mx\/coronavirus-es-un-virus-de-la-humanidad-e-infecta-a-ricos-y-pobres-infectologo\/","og_locale":"es_ES","og_type":"article","og_title":"Sonora en Equipo. Coronavirus es un virus de la humanidad e infecta a ricos y pobres: Infect\u00f3logo Rep\u00fablica","og_description":"CIUDAD DE M\u00c9XICO. MX. \u2014 La fase tres de contagios de la nueva cepa de coronavirus es algo esperado, afirm\u00f3 el doctor Francisco Moreno, M\u00e9dico Infect\u00f3logo En Sonora en Equipo publicamos toda la informaci\u00f3n de Sonora, M\u00e9xico y el Mundo de manera oportuna y busca que la libertad de expresi\u00f3n sea real. Visita nuestro medio informativo publicado desde Hermosillo, Sonora. %","og_url":"https:\/\/www.sonoraenequipo.com.mx\/coronavirus-es-un-virus-de-la-humanidad-e-infecta-a-ricos-y-pobres-infectologo\/","og_site_name":"Sonora en Equipo.","article_publisher":"https:\/\/www.facebook.com\/SonoraEE\/","article_author":"https:\/\/www.facebook.com\/SonoraEE","article_published_time":"2020-03-27T19:26:27+00:00","article_modified_time":"2020-03-27T19:28:34+00:00","og_image":[{"width":713,"height":400,"url":"https:\/\/www.sonoraenequipo.com.mx\/storage\/2020\/03\/corona_contagio_opt.jpg","type":"image\/jpeg"}],"author":"enequipo","twitter_card":"summary_large_image","twitter_creator":"@sonoraenequipo","twitter_site":"@sonoraenequipo","twitter_misc":{"Escrito por":"enequipo","Tiempo de lectura":"1 minuto"},"schema":{"@context":"https:\/\/schema.org","@graph":[{"@type":"Article","@id":"https:\/\/www.sonoraenequipo.com.mx\/coronavirus-es-un-virus-de-la-humanidad-e-infecta-a-ricos-y-pobres-infectologo\/#article","isPartOf":{"@id":"https:\/\/www.sonoraenequipo.com.mx\/coronavirus-es-un-virus-de-la-humanidad-e-infecta-a-ricos-y-pobres-infectologo\/"},"author":{"name":"enequipo","@id":"https:\/\/www.sonoraenequipo.com.mx\/#\/schema\/person\/50102df0fb23a8fa9e8effad8fa81386"},"headline":"Coronavirus es un virus de la humanidad e infecta a ricos y pobres: Infect\u00f3logo","datePublished":"2020-03-27T19:26:27+00:00","dateModified":"2020-03-27T19:28:34+00:00","mainEntityOfPage":{"@id":"https:\/\/www.sonoraenequipo.com.mx\/coronavirus-es-un-virus-de-la-humanidad-e-infecta-a-ricos-y-pobres-infectologo\/"},"wordCount":258,"commentCount":0,"publisher":{"@id":"https:\/\/www.sonoraenequipo.com.mx\/#organization"},"image":{"@id":"https:\/\/www.sonoraenequipo.com.mx\/coronavirus-es-un-virus-de-la-humanidad-e-infecta-a-ricos-y-pobres-infectologo\/#primaryimage"},"thumbnailUrl":"https:\/\/www.sonoraenequipo.com.mx\/storage\/2020\/03\/corona_contagio_opt.jpg","articleSection":["Rep\u00fablica"],"inLanguage":"es","potentialAction":[{"@type":"CommentAction","name":"Comment","target":["https:\/\/www.sonoraenequipo.com.mx\/coronavirus-es-un-virus-de-la-humanidad-e-infecta-a-ricos-y-pobres-infectologo\/#respond"]}]},{"@type":"WebPage","@id":"https:\/\/www.sonoraenequipo.com.mx\/coronavirus-es-un-virus-de-la-humanidad-e-infecta-a-ricos-y-pobres-infectologo\/","url":"https:\/\/www.sonoraenequipo.com.mx\/coronavirus-es-un-virus-de-la-humanidad-e-infecta-a-ricos-y-pobres-infectologo\/","name":"Sonora en Equipo. Coronavirus es un virus de la humanidad e infecta a ricos y pobres: Infect\u00f3logo Rep\u00fablica","isPartOf":{"@id":"https:\/\/www.sonoraenequipo.com.mx\/#website"},"primaryImageOfPage":{"@id":"https:\/\/www.sonoraenequipo.com.mx\/coronavirus-es-un-virus-de-la-humanidad-e-infecta-a-ricos-y-pobres-infectologo\/#primaryimage"},"image":{"@id":"https:\/\/www.sonoraenequipo.com.mx\/coronavirus-es-un-virus-de-la-humanidad-e-infecta-a-ricos-y-pobres-infectologo\/#primaryimage"},"thumbnailUrl":"https:\/\/www.sonoraenequipo.com.mx\/storage\/2020\/03\/corona_contagio_opt.jpg","datePublished":"2020-03-27T19:26:27+00:00","dateModified":"2020-03-27T19:28:34+00:00","description":"CIUDAD DE M\u00c9XICO. MX. \u2014 La fase tres de contagios de la nueva cepa de coronavirus es algo esperado, afirm\u00f3 el doctor Francisco Moreno, M\u00e9dico Infect\u00f3logo En Sonora en Equipo publicamos toda la informaci\u00f3n de Sonora, M\u00e9xico y el Mundo de manera oportuna y busca que la libertad de expresi\u00f3n sea real. Visita nuestro medio informativo publicado desde Hermosillo, Sonora. %","breadcrumb":{"@id":"https:\/\/www.sonoraenequipo.com.mx\/coronavirus-es-un-virus-de-la-humanidad-e-infecta-a-ricos-y-pobres-infectologo\/#breadcrumb"},"inLanguage":"es","potentialAction":[{"@type":"ReadAction","target":["https:\/\/www.sonoraenequipo.com.mx\/coronavirus-es-un-virus-de-la-humanidad-e-infecta-a-ricos-y-pobres-infectologo\/"]}]},{"@type":"ImageObject","inLanguage":"es","@id":"https:\/\/www.sonoraenequipo.com.mx\/coronavirus-es-un-virus-de-la-humanidad-e-infecta-a-ricos-y-pobres-infectologo\/#primaryimage","url":"https:\/\/www.sonoraenequipo.com.mx\/storage\/2020\/03\/corona_contagio_opt.jpg","contentUrl":"https:\/\/www.sonoraenequipo.com.mx\/storage\/2020\/03\/corona_contagio_opt.jpg","width":713,"height":400},{"@type":"BreadcrumbList","@id":"https:\/\/www.sonoraenequipo.com.mx\/coronavirus-es-un-virus-de-la-humanidad-e-infecta-a-ricos-y-pobres-infectologo\/#breadcrumb","itemListElement":[{"@type":"ListItem","position":1,"name":"Portada","item":"https:\/\/www.sonoraenequipo.com.mx\/"},{"@type":"ListItem","position":2,"name":"Coronavirus es un virus de la humanidad e infecta a ricos y pobres: Infect\u00f3logo"}]},{"@type":"WebSite","@id":"https:\/\/www.sonoraenequipo.com.mx\/#website","url":"https:\/\/www.sonoraenequipo.com.mx\/","name":"Sonora en Equipo.","description":"Diario en l\u00ednea con Noticias desde Hermosillo, Sonora","publisher":{"@id":"https:\/\/www.sonoraenequipo.com.mx\/#organization"},"potentialAction":[{"@type":"SearchAction","target":{"@type":"EntryPoint","urlTemplate":"https:\/\/www.sonoraenequipo.com.mx\/?s={search_term_string}"},"query-input":{"@type":"PropertyValueSpecification","valueRequired":true,"valueName":"search_term_string"}}],"inLanguage":"es"},{"@type":"Organization","@id":"https:\/\/www.sonoraenequipo.com.mx\/#organization","name":"Sonoraenequipo.com.mx","url":"https:\/\/www.sonoraenequipo.com.mx\/","logo":{"@type":"ImageObject","inLanguage":"es","@id":"https:\/\/www.sonoraenequipo.com.mx\/#\/schema\/logo\/image\/","url":"https:\/\/www.sonoraenequipo.com.mx\/storage\/2019\/01\/sonoraenequipo_opt.png","contentUrl":"https:\/\/www.sonoraenequipo.com.mx\/storage\/2019\/01\/sonoraenequipo_opt.png","width":375,"height":125,"caption":"Sonoraenequipo.com.mx"},"image":{"@id":"https:\/\/www.sonoraenequipo.com.mx\/#\/schema\/logo\/image\/"},"sameAs":["https:\/\/www.facebook.com\/SonoraEE\/","https:\/\/x.com\/sonoraenequipo","https:\/\/www.youtube.com\/channel\/UC338nW-lPEYmJQs4ZABQ1SQ"]},{"@type":"Person","@id":"https:\/\/www.sonoraenequipo.com.mx\/#\/schema\/person\/50102df0fb23a8fa9e8effad8fa81386","name":"enequipo","image":{"@type":"ImageObject","inLanguage":"es","@id":"https:\/\/www.sonoraenequipo.com.mx\/#\/schema\/person\/image\/","url":"https:\/\/secure.gravatar.com\/avatar\/049821681b589dabc0bc20695993ccebb09f5b5d4d790cd9251b97faac7c652b?s=96&d=blank&r=g","contentUrl":"https:\/\/secure.gravatar.com\/avatar\/049821681b589dabc0bc20695993ccebb09f5b5d4d790cd9251b97faac7c652b?s=96&d=blank&r=g","caption":"enequipo"},"sameAs":["https:\/\/www.facebook.com\/SonoraEE"]}]}},"jetpack_featured_media_url":"https:\/\/www.sonoraenequipo.com.mx\/storage\/2020\/03\/corona_contagio_opt.jpg","_links":{"self":[{"href":"https:\/\/www.sonoraenequipo.com.mx\/api\/wp\/v2\/posts\/81844","targetHints":{"allow":["GET"]}}],"collection":[{"href":"https:\/\/www.sonoraenequipo.com.mx\/api\/wp\/v2\/posts"}],"about":[{"href":"https:\/\/www.sonoraenequipo.com.mx\/api\/wp\/v2\/types\/post"}],"author":[{"embeddable":true,"href":"https:\/\/www.sonoraenequipo.com.mx\/api\/wp\/v2\/users\/1"}],"replies":[{"embeddable":true,"href":"https:\/\/www.sonoraenequipo.com.mx\/api\/wp\/v2\/comments?post=81844"}],"version-history":[{"count":0,"href":"https:\/\/www.sonoraenequipo.com.mx\/api\/wp\/v2\/posts\/81844\/revisions"}],"wp:featuredmedia":[{"embeddable":true,"href":"https:\/\/www.sonoraenequipo.com.mx\/api\/wp\/v2\/media\/81845"}],"wp:attachment":[{"href":"https:\/\/www.sonoraenequipo.com.mx\/api\/wp\/v2\/media?parent=81844"}],"wp:term":[{"taxonomy":"category","embeddable":true,"href":"https:\/\/www.sonoraenequipo.com.mx\/api\/wp\/v2\/categories?post=81844"},{"taxonomy":"post_tag","embeddable":true,"href":"https:\/\/www.sonoraenequipo.com.mx\/api\/wp\/v2\/tags?post=81844"}],"curies":[{"name":"wp","href":"https:\/\/api.w.org\/{rel}","templated":true}]}}