{"id":81851,"date":"2020-03-27T13:37:42","date_gmt":"2020-03-27T20:37:42","guid":{"rendered":"https:\/\/www.sonoraenequipo.com.mx\/?p=81851"},"modified":"2020-03-27T13:37:42","modified_gmt":"2020-03-27T20:37:42","slug":"convocan-sec-y-sep-a-curso-en-linea-de-habilidades-docentes-para-la-nueva-escuela-mexicana","status":"publish","type":"post","link":"https:\/\/www.sonoraenequipo.com.mx\/convocan-sec-y-sep-a-curso-en-linea-de-habilidades-docentes-para-la-nueva-escuela-mexicana\/","title":{"rendered":"Convocan SEC y SEP a curso en l\u00ednea de Habilidades Docentes para la Nueva Escuela Mexicana"},"content":{"rendered":"<p>&nbsp;<\/p>\n<h3>\u0095 &gt;&gt;Para aspirantes a incorporarse como docentes en educaci\u00f3n B\u00e1sica<\/h3>\n<p>&nbsp;<\/p>\n<p>HERMOSILLO, SONORA,MX.\u2500Este s\u00e1bado 28 de marzo iniciar\u00e1 el Curso de Habilidades Docentes para la Nueva Escuela Mexicana, como parte del proceso de Selecci\u00f3n para la Admisi\u00f3n en Educaci\u00f3n B\u00e1sica 2020-2021, el cual ser\u00e1 en l\u00ednea, inform\u00f3 V\u00edctor Guerrero Gonz\u00e1lez. <\/p>\n<p>&nbsp;<\/p>\n<p>El secretario de Educaci\u00f3n y Cultura se\u00f1al\u00f3 que la Unidad del Sistema para la Carrera de las Maestras y los Maestros (Usicamm) de la SEP anunci\u00f3 esta herramienta como parte de las acciones en prevenci\u00f3n de riesgos ante la contingencia sanitaria por Covid-19.<\/p>\n<p>&nbsp;<\/p>\n<p>Agreg\u00f3 que se notificar\u00e1 a los aspirantes a trav\u00e9s de la plataforma de la Usicamm y sostuvo que la contingencia no afecta el proceso, ya que el curso se realizar\u00e1 en l\u00ednea para dar continuidad a las actividades programadas.<\/p>\n<p>&nbsp;<\/p>\n<p>El objetivo del curso dijo, es propiciar el an\u00e1lisis y reflexi\u00f3n del aspirante sobre la organizaci\u00f3n y funcionamiento escolar en el marco de la Nueva Escuela Mexicana, as\u00ed como apreciar las habilidades necesarias para ejercer la docencia.<\/p>\n<p>&nbsp;<\/p>\n<p>Guerrero Gonz\u00e1lez explic\u00f3 que la actividad consta de cuatro m\u00f3dulos con una duraci\u00f3n de cuarenta horas y se desarrollar\u00e1 mediante videos, audios, lecturas y ejercicios para promover el an\u00e1lisis y reflexi\u00f3n de los aspirantes.<\/p>\n<p>&nbsp;<\/p>\n<p>\u0093Al t\u00e9rmino de cada m\u00f3dulo, responder\u00e1n un cuestionario relativo al contenido del mismo y se les proporcionar\u00e1 una retroalimentaci\u00f3n para que identifique los aspectos y contenidos en los que tiene mayor dominio, as\u00ed como los que requiere fortalecer\u0094, abund\u00f3.<\/p>\n<p>&nbsp;<\/p>\n<p>El curso es autoadministrable y podr\u00e1 realizarse desde cualquier dispositivo electr\u00f3nico con conexi\u00f3n a internet, y para un mejor desarrollo del mismo, la Usicamm distribuir\u00e1 a los aspirantes en cinco grupos, en distintos periodos, informando a cada participante el grupo y periodo en el que le corresponder\u00e1 tomarlo.<\/p>\n<p>&nbsp;<\/p>\n<p>Precis\u00f3 que para tener acceso a la plataforma del curso, el interesado deber\u00e1 ingresar con el usuario y contrase\u00f1a que utilizaron en su Pre-registro.<\/p>\n<p>Seg\u00fan inform\u00f3 la autoridad federal, la acreditaci\u00f3n del curso se realizar\u00e1 mediante una valoraci\u00f3n final de sus contenidos, que consiste en un instrumento con reactivos de opci\u00f3n m\u00faltiple.<\/p>\n<p>Convocan SEC y SEP a curso en l\u00ednea de Habilidades Docentes para la Nueva Escuela Mexicana<\/p>\n<p>&nbsp;<\/p>\n<p>&nbsp;<\/p>\n<p>Esta valoraci\u00f3n se realizar\u00e1 a trav\u00e9s de una plataforma electr\u00f3nica, en la misma sede y la misma fecha en la que el aspirante aplique el Instrumento de valoraci\u00f3n de conocimientos y aptitudes.<\/p>\n<p>&nbsp;<\/p>\n<p>El Secretario de Educaci\u00f3n y Cultura indic\u00f3 que se informar\u00e1 oportunamente cualquier modificaci\u00f3n al calendario de actividades mencionadas.<\/p>\n<p>&nbsp;<\/p>\n<p>Guerrero Gonz\u00e1lez destac\u00f3 la estrecha comunicaci\u00f3n entre las autoridades federales y la SEC como parte del seguimiento a los diferentes procesos administrativos que involucran el servicio educativo.<\/p>\n<p>Fecha de publicaci\u00f3n 27\/mar\/2020<\/p>\n<p>&nbsp;<\/p>\n","protected":false},"excerpt":{"rendered":"<p>&nbsp; \u0095 &gt;&gt;Para aspirantes a incorporarse como docentes en educaci\u00f3n B\u00e1sica &nbsp; HERMOSILLO, SONORA,MX.\u2500Este s\u00e1bado&#8230;<\/p>\n","protected":false},"author":178,"featured_media":81853,"comment_status":"open","ping_status":"open","sticky":false,"template":"","format":"standard","meta":{"_monsterinsights_skip_tracking":false,"_monsterinsights_sitenote_active":false,"_monsterinsights_sitenote_note":"","_monsterinsights_sitenote_category":0,"footnotes":""},"categories":[22],"tags":[4289],"class_list":["post"],"yoast_head":" \n<title>Sonora en Equipo. Convocan SEC y SEP a curso en l\u00ednea de Habilidades Docentes para la Nueva Escuela Mexicana Sonora<\/title>\n<meta name=\"description\" content=\"&nbsp; \u0095 &gt;&gt;Para aspirantes a incorporarse como docentes en educaci\u00f3n B\u00e1sica &nbsp; HERMOSILLO, SONORA,MX.\u2500Este s\u00e1bado 28 de marzo iniciar\u00e1 el Curso En Sonora en Equipo publicamos toda la informaci\u00f3n de Sonora, M\u00e9xico y el Mundo de manera oportuna y busca que la libertad de expresi\u00f3n sea real. Visita nuestro medio informativo publicado desde Hermosillo, Sonora. %\" \/>\n<meta name=\"robots\" content=\"index, follow, max-snippet:-1, max-image-preview:large, max-video-preview:-1\" \/>\n<link rel=\"canonical\" href=\"https:\/\/www.sonoraenequipo.com.mx\/convocan-sec-y-sep-a-curso-en-linea-de-habilidades-docentes-para-la-nueva-escuela-mexicana\/\" \/>\n<meta property=\"og:locale\" content=\"es_ES\" \/>\n<meta property=\"og:type\" content=\"article\" \/>\n<meta property=\"og:title\" content=\"Sonora en Equipo. Convocan SEC y SEP a curso en l\u00ednea de Habilidades Docentes para la Nueva Escuela Mexicana Sonora\" \/>\n<meta property=\"og:description\" content=\"&nbsp; \u0095 &gt;&gt;Para aspirantes a incorporarse como docentes en educaci\u00f3n B\u00e1sica &nbsp; HERMOSILLO, SONORA,MX.\u2500Este s\u00e1bado 28 de marzo iniciar\u00e1 el Curso En Sonora en Equipo publicamos toda la informaci\u00f3n de Sonora, M\u00e9xico y el Mundo de manera oportuna y busca que la libertad de expresi\u00f3n sea real. Visita nuestro medio informativo publicado desde Hermosillo, Sonora. %\" \/>\n<meta property=\"og:url\" content=\"https:\/\/www.sonoraenequipo.com.mx\/convocan-sec-y-sep-a-curso-en-linea-de-habilidades-docentes-para-la-nueva-escuela-mexicana\/\" \/>\n<meta property=\"og:site_name\" content=\"Sonora en Equipo.\" \/>\n<meta property=\"article:publisher\" content=\"https:\/\/www.facebook.com\/SonoraEE\/\" \/>\n<meta property=\"article:published_time\" content=\"2020-03-27T20:37:42+00:00\" \/>\n<meta property=\"og:image\" content=\"https:\/\/www.sonoraenequipo.com.mx\/storage\/2020\/03\/escuela-on-line.jpg\" \/>\n\t<meta property=\"og:image:width\" content=\"600\" \/>\n\t<meta property=\"og:image:height\" content=\"400\" \/>\n\t<meta property=\"og:image:type\" content=\"image\/jpeg\" \/>\n<meta name=\"author\" content=\"enequipo\" \/>\n<meta name=\"twitter:card\" content=\"summary_large_image\" \/>\n<meta name=\"twitter:creator\" content=\"@sonoraenequipo\" \/>\n<meta name=\"twitter:site\" content=\"@sonoraenequipo\" \/>\n<meta name=\"twitter:label1\" content=\"Escrito por\" \/>\n\t<meta name=\"twitter:data1\" content=\"enequipo\" \/>\n\t<meta name=\"twitter:label2\" content=\"Tiempo de lectura\" \/>\n\t<meta name=\"twitter:data2\" content=\"2 minutos\" \/>\n<script type=\"application\/ld+json\" class=\"yoast-schema-graph\">{\"@context\":\"https:\/\/schema.org\",\"@graph\":[{\"@type\":\"Article\",\"@id\":\"https:\/\/www.sonoraenequipo.com.mx\/convocan-sec-y-sep-a-curso-en-linea-de-habilidades-docentes-para-la-nueva-escuela-mexicana\/#article\",\"isPartOf\":{\"@id\":\"https:\/\/www.sonoraenequipo.com.mx\/convocan-sec-y-sep-a-curso-en-linea-de-habilidades-docentes-para-la-nueva-escuela-mexicana\/\"},\"author\":{\"name\":\"enequipo\",\"@id\":\"https:\/\/www.sonoraenequipo.com.mx\/#\/schema\/person\/61a39de478a1763473ad55e8a95fddf6\"},\"headline\":\"Convocan SEC y SEP a curso en l\u00ednea de Habilidades Docentes para la Nueva Escuela Mexicana\",\"datePublished\":\"2020-03-27T20:37:42+00:00\",\"mainEntityOfPage\":{\"@id\":\"https:\/\/www.sonoraenequipo.com.mx\/convocan-sec-y-sep-a-curso-en-linea-de-habilidades-docentes-para-la-nueva-escuela-mexicana\/\"},\"wordCount\":516,\"commentCount\":0,\"publisher\":{\"@id\":\"https:\/\/www.sonoraenequipo.com.mx\/#organization\"},\"image\":{\"@id\":\"https:\/\/www.sonoraenequipo.com.mx\/convocan-sec-y-sep-a-curso-en-linea-de-habilidades-docentes-para-la-nueva-escuela-mexicana\/#primaryimage\"},\"thumbnailUrl\":\"https:\/\/www.sonoraenequipo.com.mx\/storage\/2020\/03\/escuela-on-line.jpg\",\"keywords\":[\"Nueva Escuela Mexicana\"],\"articleSection\":[\"Sonora\"],\"inLanguage\":\"es\",\"potentialAction\":[{\"@type\":\"CommentAction\",\"name\":\"Comment\",\"target\":[\"https:\/\/www.sonoraenequipo.com.mx\/convocan-sec-y-sep-a-curso-en-linea-de-habilidades-docentes-para-la-nueva-escuela-mexicana\/#respond\"]}]},{\"@type\":\"WebPage\",\"@id\":\"https:\/\/www.sonoraenequipo.com.mx\/convocan-sec-y-sep-a-curso-en-linea-de-habilidades-docentes-para-la-nueva-escuela-mexicana\/\",\"url\":\"https:\/\/www.sonoraenequipo.com.mx\/convocan-sec-y-sep-a-curso-en-linea-de-habilidades-docentes-para-la-nueva-escuela-mexicana\/\",\"name\":\"Sonora en Equipo. Convocan SEC y SEP a curso en l\u00ednea de Habilidades Docentes para la Nueva Escuela Mexicana Sonora\",\"isPartOf\":{\"@id\":\"https:\/\/www.sonoraenequipo.com.mx\/#website\"},\"primaryImageOfPage\":{\"@id\":\"https:\/\/www.sonoraenequipo.com.mx\/convocan-sec-y-sep-a-curso-en-linea-de-habilidades-docentes-para-la-nueva-escuela-mexicana\/#primaryimage\"},\"image\":{\"@id\":\"https:\/\/www.sonoraenequipo.com.mx\/convocan-sec-y-sep-a-curso-en-linea-de-habilidades-docentes-para-la-nueva-escuela-mexicana\/#primaryimage\"},\"thumbnailUrl\":\"https:\/\/www.sonoraenequipo.com.mx\/storage\/2020\/03\/escuela-on-line.jpg\",\"datePublished\":\"2020-03-27T20:37:42+00:00\",\"description\":\"&nbsp; \u0095 &gt;&gt;Para aspirantes a incorporarse como docentes en educaci\u00f3n B\u00e1sica &nbsp; HERMOSILLO, SONORA,MX.\u2500Este s\u00e1bado 28 de marzo iniciar\u00e1 el Curso En Sonora en Equipo publicamos toda la informaci\u00f3n de Sonora, M\u00e9xico y el Mundo de manera oportuna y busca que la libertad de expresi\u00f3n sea real. Visita nuestro medio informativo publicado desde Hermosillo, Sonora. %\",\"breadcrumb\":{\"@id\":\"https:\/\/www.sonoraenequipo.com.mx\/convocan-sec-y-sep-a-curso-en-linea-de-habilidades-docentes-para-la-nueva-escuela-mexicana\/#breadcrumb\"},\"inLanguage\":\"es\",\"potentialAction\":[{\"@type\":\"ReadAction\",\"target\":[\"https:\/\/www.sonoraenequipo.com.mx\/convocan-sec-y-sep-a-curso-en-linea-de-habilidades-docentes-para-la-nueva-escuela-mexicana\/\"]}]},{\"@type\":\"ImageObject\",\"inLanguage\":\"es\",\"@id\":\"https:\/\/www.sonoraenequipo.com.mx\/convocan-sec-y-sep-a-curso-en-linea-de-habilidades-docentes-para-la-nueva-escuela-mexicana\/#primaryimage\",\"url\":\"https:\/\/www.sonoraenequipo.com.mx\/storage\/2020\/03\/escuela-on-line.jpg\",\"contentUrl\":\"https:\/\/www.sonoraenequipo.com.mx\/storage\/2020\/03\/escuela-on-line.jpg\",\"width\":600,\"height\":400},{\"@type\":\"BreadcrumbList\",\"@id\":\"https:\/\/www.sonoraenequipo.com.mx\/convocan-sec-y-sep-a-curso-en-linea-de-habilidades-docentes-para-la-nueva-escuela-mexicana\/#breadcrumb\",\"itemListElement\":[{\"@type\":\"ListItem\",\"position\":1,\"name\":\"Portada\",\"item\":\"https:\/\/www.sonoraenequipo.com.mx\/\"},{\"@type\":\"ListItem\",\"position\":2,\"name\":\"Convocan SEC y SEP a curso en l\u00ednea de Habilidades Docentes para la Nueva Escuela Mexicana\"}]},{\"@type\":\"WebSite\",\"@id\":\"https:\/\/www.sonoraenequipo.com.mx\/#website\",\"url\":\"https:\/\/www.sonoraenequipo.com.mx\/\",\"name\":\"Sonora en Equipo.\",\"description\":\"Diario en l\u00ednea con Noticias desde Hermosillo, Sonora\",\"publisher\":{\"@id\":\"https:\/\/www.sonoraenequipo.com.mx\/#organization\"},\"potentialAction\":[{\"@type\":\"SearchAction\",\"target\":{\"@type\":\"EntryPoint\",\"urlTemplate\":\"https:\/\/www.sonoraenequipo.com.mx\/?s={search_term_string}\"},\"query-input\":{\"@type\":\"PropertyValueSpecification\",\"valueRequired\":true,\"valueName\":\"search_term_string\"}}],\"inLanguage\":\"es\"},{\"@type\":\"Organization\",\"@id\":\"https:\/\/www.sonoraenequipo.com.mx\/#organization\",\"name\":\"Sonoraenequipo.com.mx\",\"url\":\"https:\/\/www.sonoraenequipo.com.mx\/\",\"logo\":{\"@type\":\"ImageObject\",\"inLanguage\":\"es\",\"@id\":\"https:\/\/www.sonoraenequipo.com.mx\/#\/schema\/logo\/image\/\",\"url\":\"https:\/\/www.sonoraenequipo.com.mx\/storage\/2019\/01\/sonoraenequipo_opt.png\",\"contentUrl\":\"https:\/\/www.sonoraenequipo.com.mx\/storage\/2019\/01\/sonoraenequipo_opt.png\",\"width\":375,\"height\":125,\"caption\":\"Sonoraenequipo.com.mx\"},\"image\":{\"@id\":\"https:\/\/www.sonoraenequipo.com.mx\/#\/schema\/logo\/image\/\"},\"sameAs\":[\"https:\/\/www.facebook.com\/SonoraEE\/\",\"https:\/\/x.com\/sonoraenequipo\",\"https:\/\/www.youtube.com\/channel\/UC338nW-lPEYmJQs4ZABQ1SQ\"]},{\"@type\":\"Person\",\"@id\":\"https:\/\/www.sonoraenequipo.com.mx\/#\/schema\/person\/61a39de478a1763473ad55e8a95fddf6\",\"name\":\"enequipo\",\"image\":{\"@type\":\"ImageObject\",\"inLanguage\":\"es\",\"@id\":\"https:\/\/www.sonoraenequipo.com.mx\/#\/schema\/person\/image\/\",\"url\":\"https:\/\/secure.gravatar.com\/avatar\/e39bc3016d8af598aed3d770c9510dfc2795f37ea1733d99fcc6e97d2c3c9f5e?s=96&d=blank&r=g\",\"contentUrl\":\"https:\/\/secure.gravatar.com\/avatar\/e39bc3016d8af598aed3d770c9510dfc2795f37ea1733d99fcc6e97d2c3c9f5e?s=96&d=blank&r=g\",\"caption\":\"enequipo\"}}]}<\/script>\n ","yoast_head_json":{"title":"Sonora en Equipo. Convocan SEC y SEP a curso en l\u00ednea de Habilidades Docentes para la Nueva Escuela Mexicana Sonora","description":"&nbsp; \u0095 &gt;&gt;Para aspirantes a incorporarse como docentes en educaci\u00f3n B\u00e1sica &nbsp; HERMOSILLO, SONORA,MX.\u2500Este s\u00e1bado 28 de marzo iniciar\u00e1 el Curso En Sonora en Equipo publicamos toda la informaci\u00f3n de Sonora, M\u00e9xico y el Mundo de manera oportuna y busca que la libertad de expresi\u00f3n sea real. Visita nuestro medio informativo publicado desde Hermosillo, Sonora. %","robots":{"index":"index","follow":"follow","max-snippet":"max-snippet:-1","max-image-preview":"max-image-preview:large","max-video-preview":"max-video-preview:-1"},"canonical":"https:\/\/www.sonoraenequipo.com.mx\/convocan-sec-y-sep-a-curso-en-linea-de-habilidades-docentes-para-la-nueva-escuela-mexicana\/","og_locale":"es_ES","og_type":"article","og_title":"Sonora en Equipo. Convocan SEC y SEP a curso en l\u00ednea de Habilidades Docentes para la Nueva Escuela Mexicana Sonora","og_description":"&nbsp; \u0095 &gt;&gt;Para aspirantes a incorporarse como docentes en educaci\u00f3n B\u00e1sica &nbsp; HERMOSILLO, SONORA,MX.\u2500Este s\u00e1bado 28 de marzo iniciar\u00e1 el Curso En Sonora en Equipo publicamos toda la informaci\u00f3n de Sonora, M\u00e9xico y el Mundo de manera oportuna y busca que la libertad de expresi\u00f3n sea real. Visita nuestro medio informativo publicado desde Hermosillo, Sonora. %","og_url":"https:\/\/www.sonoraenequipo.com.mx\/convocan-sec-y-sep-a-curso-en-linea-de-habilidades-docentes-para-la-nueva-escuela-mexicana\/","og_site_name":"Sonora en Equipo.","article_publisher":"https:\/\/www.facebook.com\/SonoraEE\/","article_published_time":"2020-03-27T20:37:42+00:00","og_image":[{"width":600,"height":400,"url":"https:\/\/www.sonoraenequipo.com.mx\/storage\/2020\/03\/escuela-on-line.jpg","type":"image\/jpeg"}],"author":"enequipo","twitter_card":"summary_large_image","twitter_creator":"@sonoraenequipo","twitter_site":"@sonoraenequipo","twitter_misc":{"Escrito por":"enequipo","Tiempo de lectura":"2 minutos"},"schema":{"@context":"https:\/\/schema.org","@graph":[{"@type":"Article","@id":"https:\/\/www.sonoraenequipo.com.mx\/convocan-sec-y-sep-a-curso-en-linea-de-habilidades-docentes-para-la-nueva-escuela-mexicana\/#article","isPartOf":{"@id":"https:\/\/www.sonoraenequipo.com.mx\/convocan-sec-y-sep-a-curso-en-linea-de-habilidades-docentes-para-la-nueva-escuela-mexicana\/"},"author":{"name":"enequipo","@id":"https:\/\/www.sonoraenequipo.com.mx\/#\/schema\/person\/61a39de478a1763473ad55e8a95fddf6"},"headline":"Convocan SEC y SEP a curso en l\u00ednea de Habilidades Docentes para la Nueva Escuela Mexicana","datePublished":"2020-03-27T20:37:42+00:00","mainEntityOfPage":{"@id":"https:\/\/www.sonoraenequipo.com.mx\/convocan-sec-y-sep-a-curso-en-linea-de-habilidades-docentes-para-la-nueva-escuela-mexicana\/"},"wordCount":516,"commentCount":0,"publisher":{"@id":"https:\/\/www.sonoraenequipo.com.mx\/#organization"},"image":{"@id":"https:\/\/www.sonoraenequipo.com.mx\/convocan-sec-y-sep-a-curso-en-linea-de-habilidades-docentes-para-la-nueva-escuela-mexicana\/#primaryimage"},"thumbnailUrl":"https:\/\/www.sonoraenequipo.com.mx\/storage\/2020\/03\/escuela-on-line.jpg","keywords":["Nueva Escuela Mexicana"],"articleSection":["Sonora"],"inLanguage":"es","potentialAction":[{"@type":"CommentAction","name":"Comment","target":["https:\/\/www.sonoraenequipo.com.mx\/convocan-sec-y-sep-a-curso-en-linea-de-habilidades-docentes-para-la-nueva-escuela-mexicana\/#respond"]}]},{"@type":"WebPage","@id":"https:\/\/www.sonoraenequipo.com.mx\/convocan-sec-y-sep-a-curso-en-linea-de-habilidades-docentes-para-la-nueva-escuela-mexicana\/","url":"https:\/\/www.sonoraenequipo.com.mx\/convocan-sec-y-sep-a-curso-en-linea-de-habilidades-docentes-para-la-nueva-escuela-mexicana\/","name":"Sonora en Equipo. Convocan SEC y SEP a curso en l\u00ednea de Habilidades Docentes para la Nueva Escuela Mexicana Sonora","isPartOf":{"@id":"https:\/\/www.sonoraenequipo.com.mx\/#website"},"primaryImageOfPage":{"@id":"https:\/\/www.sonoraenequipo.com.mx\/convocan-sec-y-sep-a-curso-en-linea-de-habilidades-docentes-para-la-nueva-escuela-mexicana\/#primaryimage"},"image":{"@id":"https:\/\/www.sonoraenequipo.com.mx\/convocan-sec-y-sep-a-curso-en-linea-de-habilidades-docentes-para-la-nueva-escuela-mexicana\/#primaryimage"},"thumbnailUrl":"https:\/\/www.sonoraenequipo.com.mx\/storage\/2020\/03\/escuela-on-line.jpg","datePublished":"2020-03-27T20:37:42+00:00","description":"&nbsp; \u0095 &gt;&gt;Para aspirantes a incorporarse como docentes en educaci\u00f3n B\u00e1sica &nbsp; HERMOSILLO, SONORA,MX.\u2500Este s\u00e1bado 28 de marzo iniciar\u00e1 el Curso En Sonora en Equipo publicamos toda la informaci\u00f3n de Sonora, M\u00e9xico y el Mundo de manera oportuna y busca que la libertad de expresi\u00f3n sea real. Visita nuestro medio informativo publicado desde Hermosillo, Sonora. %","breadcrumb":{"@id":"https:\/\/www.sonoraenequipo.com.mx\/convocan-sec-y-sep-a-curso-en-linea-de-habilidades-docentes-para-la-nueva-escuela-mexicana\/#breadcrumb"},"inLanguage":"es","potentialAction":[{"@type":"ReadAction","target":["https:\/\/www.sonoraenequipo.com.mx\/convocan-sec-y-sep-a-curso-en-linea-de-habilidades-docentes-para-la-nueva-escuela-mexicana\/"]}]},{"@type":"ImageObject","inLanguage":"es","@id":"https:\/\/www.sonoraenequipo.com.mx\/convocan-sec-y-sep-a-curso-en-linea-de-habilidades-docentes-para-la-nueva-escuela-mexicana\/#primaryimage","url":"https:\/\/www.sonoraenequipo.com.mx\/storage\/2020\/03\/escuela-on-line.jpg","contentUrl":"https:\/\/www.sonoraenequipo.com.mx\/storage\/2020\/03\/escuela-on-line.jpg","width":600,"height":400},{"@type":"BreadcrumbList","@id":"https:\/\/www.sonoraenequipo.com.mx\/convocan-sec-y-sep-a-curso-en-linea-de-habilidades-docentes-para-la-nueva-escuela-mexicana\/#breadcrumb","itemListElement":[{"@type":"ListItem","position":1,"name":"Portada","item":"https:\/\/www.sonoraenequipo.com.mx\/"},{"@type":"ListItem","position":2,"name":"Convocan SEC y SEP a curso en l\u00ednea de Habilidades Docentes para la Nueva Escuela Mexicana"}]},{"@type":"WebSite","@id":"https:\/\/www.sonoraenequipo.com.mx\/#website","url":"https:\/\/www.sonoraenequipo.com.mx\/","name":"Sonora en Equipo.","description":"Diario en l\u00ednea con Noticias desde Hermosillo, Sonora","publisher":{"@id":"https:\/\/www.sonoraenequipo.com.mx\/#organization"},"potentialAction":[{"@type":"SearchAction","target":{"@type":"EntryPoint","urlTemplate":"https:\/\/www.sonoraenequipo.com.mx\/?s={search_term_string}"},"query-input":{"@type":"PropertyValueSpecification","valueRequired":true,"valueName":"search_term_string"}}],"inLanguage":"es"},{"@type":"Organization","@id":"https:\/\/www.sonoraenequipo.com.mx\/#organization","name":"Sonoraenequipo.com.mx","url":"https:\/\/www.sonoraenequipo.com.mx\/","logo":{"@type":"ImageObject","inLanguage":"es","@id":"https:\/\/www.sonoraenequipo.com.mx\/#\/schema\/logo\/image\/","url":"https:\/\/www.sonoraenequipo.com.mx\/storage\/2019\/01\/sonoraenequipo_opt.png","contentUrl":"https:\/\/www.sonoraenequipo.com.mx\/storage\/2019\/01\/sonoraenequipo_opt.png","width":375,"height":125,"caption":"Sonoraenequipo.com.mx"},"image":{"@id":"https:\/\/www.sonoraenequipo.com.mx\/#\/schema\/logo\/image\/"},"sameAs":["https:\/\/www.facebook.com\/SonoraEE\/","https:\/\/x.com\/sonoraenequipo","https:\/\/www.youtube.com\/channel\/UC338nW-lPEYmJQs4ZABQ1SQ"]},{"@type":"Person","@id":"https:\/\/www.sonoraenequipo.com.mx\/#\/schema\/person\/61a39de478a1763473ad55e8a95fddf6","name":"enequipo","image":{"@type":"ImageObject","inLanguage":"es","@id":"https:\/\/www.sonoraenequipo.com.mx\/#\/schema\/person\/image\/","url":"https:\/\/secure.gravatar.com\/avatar\/e39bc3016d8af598aed3d770c9510dfc2795f37ea1733d99fcc6e97d2c3c9f5e?s=96&d=blank&r=g","contentUrl":"https:\/\/secure.gravatar.com\/avatar\/e39bc3016d8af598aed3d770c9510dfc2795f37ea1733d99fcc6e97d2c3c9f5e?s=96&d=blank&r=g","caption":"enequipo"}}]}},"jetpack_featured_media_url":"https:\/\/www.sonoraenequipo.com.mx\/storage\/2020\/03\/escuela-on-line.jpg","_links":{"self":[{"href":"https:\/\/www.sonoraenequipo.com.mx\/api\/wp\/v2\/posts\/81851","targetHints":{"allow":["GET"]}}],"collection":[{"href":"https:\/\/www.sonoraenequipo.com.mx\/api\/wp\/v2\/posts"}],"about":[{"href":"https:\/\/www.sonoraenequipo.com.mx\/api\/wp\/v2\/types\/post"}],"author":[{"embeddable":true,"href":"https:\/\/www.sonoraenequipo.com.mx\/api\/wp\/v2\/users\/178"}],"replies":[{"embeddable":true,"href":"https:\/\/www.sonoraenequipo.com.mx\/api\/wp\/v2\/comments?post=81851"}],"version-history":[{"count":0,"href":"https:\/\/www.sonoraenequipo.com.mx\/api\/wp\/v2\/posts\/81851\/revisions"}],"wp:featuredmedia":[{"embeddable":true,"href":"https:\/\/www.sonoraenequipo.com.mx\/api\/wp\/v2\/media\/81853"}],"wp:attachment":[{"href":"https:\/\/www.sonoraenequipo.com.mx\/api\/wp\/v2\/media?parent=81851"}],"wp:term":[{"taxonomy":"category","embeddable":true,"href":"https:\/\/www.sonoraenequipo.com.mx\/api\/wp\/v2\/categories?post=81851"},{"taxonomy":"post_tag","embeddable":true,"href":"https:\/\/www.sonoraenequipo.com.mx\/api\/wp\/v2\/tags?post=81851"}],"curies":[{"name":"wp","href":"https:\/\/api.w.org\/{rel}","templated":true}]}}