{"id":81856,"date":"2020-03-27T16:35:54","date_gmt":"2020-03-27T23:35:54","guid":{"rendered":"https:\/\/www.sonoraenequipo.com.mx\/?p=81856"},"modified":"2020-03-27T17:08:28","modified_gmt":"2020-03-28T00:08:28","slug":"empresas-deberan-pagar-salario-minimo-a-trabajadores-durante-contingencia-st","status":"publish","type":"post","link":"https:\/\/www.sonoraenequipo.com.mx\/empresas-deberan-pagar-salario-minimo-a-trabajadores-durante-contingencia-st\/","title":{"rendered":"Sectores no esenciales deber\u00e1n parar sus actividades este s\u00e1bado"},"content":{"rendered":"<p>HERMOSILLO, SONORA. MX. \u2014 A partir de este s\u00e1bado 28 de marzo, una vez cumplidas las 72 horas h\u00e1biles para que entre en vigor el Decreto de Emergencia Sanitaria en Sonora, comercios, empresas e industrias de sectores no esenciales deber\u00e1n parar sus actividades.<\/p>\n<p> <\/p>\n<p>Los trabajadores que durante un mes deber\u00e1n resguardarse en sus casas ante la contingencia sanitaria por coronavirus y que trabajan para una empresa establecida, ya sea peque\u00f1a, mediana o grande, deber\u00e1n recibir por lo menos el salario m\u00ednimo establecido en la Ley, asever\u00f3 Horacio Valenzuela Ibarra.<\/p>\n<p>En este sentido, por un periodo de 30 d\u00edas los patrones de empresas consideradas no esenciales deber\u00e1n pagar por lo menos 123 pesos diarios a sus trabajadores que deber\u00e1n quedarse en casa.<\/p>\n<p><em>\u201cEstamos en una situaci\u00f3n de emergencia, entonces si esa cantidad no satisface a plenitud las necesidades de los trabajadores al menos les permite atender las necesidades m\u00e1s urgentes y apremiantes de alimentaci\u00f3n.<\/em><\/p>\n<p>Entendemos las dificultades para las peque\u00f1as y medianas empresas, que tienen tres, cuatro trabajadores y que vive al d\u00eda, c\u00f3mo le va a hacer, esta es precisamente en los momentos de crisis donde deben sacar lo mejor de ellos, lo que tienen, su solidaridad, si el empresario dice que no tiene, d\u00edgame el trabajador de d\u00f3nde va a sacar lo necesario para llevar el alimento a sus hijos, es un tema complicado, dif\u00edcil\u201d, enfatiz\u00f3.<\/p>\n<p>Valenzuela Ibarra puso a disposici\u00f3n la asesor\u00eda de la Secretar\u00eda del Trabajo a trav\u00e9s de los tel\u00e9fonos 6622 13 41 70, 6622 13 46 44 y 6622 12 63 37.<\/p>\n<h3>Las sanciones<\/h3>\n<p>En lo que respecta a sanciones para quienes no acaten las disposiciones tomadas en el Decreto, se podr\u00e1 proceder en materia administrativa por parte de la Secretar\u00eda del Trabajo; y en materia de Salud inclusive amonestaciones, suspensi\u00f3n de actividades o hasta arresto de 24 o 36 horas.<\/p>\n<p>En esta materia en una primera fase se atender\u00e1n las administrativas ante cada instancia participante, la segunda que es m\u00e1s dura es por medio de la Fuerza P\u00fablica para hacer cumplir el Decreto, pero se trata de evitar esos extremos.<\/p>\n<p>(PUBLICADO EL 27\/03\/2020\/ Con informaci\u00f3n de Claudia Gil Medel)<\/p>\n","protected":false},"excerpt":{"rendered":"<p>HERMOSILLO, SONORA. MX. \u2014 A partir de este s\u00e1bado 28 de marzo, una vez cumplidas&#8230;<\/p>\n","protected":false},"author":1,"featured_media":81858,"comment_status":"open","ping_status":"open","sticky":false,"template":"","format":"standard","meta":{"_monsterinsights_skip_tracking":false,"_monsterinsights_sitenote_active":false,"_monsterinsights_sitenote_note":"","_monsterinsights_sitenote_category":0,"footnotes":""},"categories":[22],"tags":[],"class_list":["post"],"yoast_head":" \n<title>Sonora en Equipo. Sectores no esenciales deber\u00e1n parar sus actividades este s\u00e1bado Sonora<\/title>\n<meta name=\"description\" content=\"HERMOSILLO, SONORA. MX. \u2014 A partir de este s\u00e1bado 28 de marzo, una vez cumplidas las 72 horas h\u00e1biles para que entre en vigor el Decreto de Emergencia En Sonora en Equipo publicamos toda la informaci\u00f3n de Sonora, M\u00e9xico y el Mundo de manera oportuna y busca que la libertad de expresi\u00f3n sea real. Visita nuestro medio informativo publicado desde Hermosillo, Sonora. %\" \/>\n<meta name=\"robots\" content=\"index, follow, max-snippet:-1, max-image-preview:large, max-video-preview:-1\" \/>\n<link rel=\"canonical\" href=\"https:\/\/www.sonoraenequipo.com.mx\/empresas-deberan-pagar-salario-minimo-a-trabajadores-durante-contingencia-st\/\" \/>\n<meta property=\"og:locale\" content=\"es_ES\" \/>\n<meta property=\"og:type\" content=\"article\" \/>\n<meta property=\"og:title\" content=\"Sonora en Equipo. Sectores no esenciales deber\u00e1n parar sus actividades este s\u00e1bado Sonora\" \/>\n<meta property=\"og:description\" content=\"HERMOSILLO, SONORA. MX. \u2014 A partir de este s\u00e1bado 28 de marzo, una vez cumplidas las 72 horas h\u00e1biles para que entre en vigor el Decreto de Emergencia En Sonora en Equipo publicamos toda la informaci\u00f3n de Sonora, M\u00e9xico y el Mundo de manera oportuna y busca que la libertad de expresi\u00f3n sea real. Visita nuestro medio informativo publicado desde Hermosillo, Sonora. %\" \/>\n<meta property=\"og:url\" content=\"https:\/\/www.sonoraenequipo.com.mx\/empresas-deberan-pagar-salario-minimo-a-trabajadores-durante-contingencia-st\/\" \/>\n<meta property=\"og:site_name\" content=\"Sonora en Equipo.\" \/>\n<meta property=\"article:publisher\" content=\"https:\/\/www.facebook.com\/SonoraEE\/\" \/>\n<meta property=\"article:author\" content=\"https:\/\/www.facebook.com\/SonoraEE\" \/>\n<meta property=\"article:published_time\" content=\"2020-03-27T23:35:54+00:00\" \/>\n<meta property=\"article:modified_time\" content=\"2020-03-28T00:08:28+00:00\" \/>\n<meta property=\"og:image\" content=\"https:\/\/www.sonoraenequipo.com.mx\/storage\/2020\/03\/Horacio-Valenzuela-trabajo_opt.jpg\" \/>\n\t<meta property=\"og:image:width\" content=\"650\" \/>\n\t<meta property=\"og:image:height\" content=\"366\" \/>\n\t<meta property=\"og:image:type\" content=\"image\/jpeg\" \/>\n<meta name=\"author\" content=\"enequipo\" \/>\n<meta name=\"twitter:card\" content=\"summary_large_image\" \/>\n<meta name=\"twitter:creator\" content=\"@sonoraenequipo\" \/>\n<meta name=\"twitter:site\" content=\"@sonoraenequipo\" \/>\n<meta name=\"twitter:label1\" content=\"Escrito por\" \/>\n\t<meta name=\"twitter:data1\" content=\"enequipo\" \/>\n\t<meta name=\"twitter:label2\" content=\"Tiempo de lectura\" \/>\n\t<meta name=\"twitter:data2\" content=\"2 minutos\" \/>\n<script type=\"application\/ld+json\" class=\"yoast-schema-graph\">{\"@context\":\"https:\/\/schema.org\",\"@graph\":[{\"@type\":\"Article\",\"@id\":\"https:\/\/www.sonoraenequipo.com.mx\/empresas-deberan-pagar-salario-minimo-a-trabajadores-durante-contingencia-st\/#article\",\"isPartOf\":{\"@id\":\"https:\/\/www.sonoraenequipo.com.mx\/empresas-deberan-pagar-salario-minimo-a-trabajadores-durante-contingencia-st\/\"},\"author\":{\"name\":\"enequipo\",\"@id\":\"https:\/\/www.sonoraenequipo.com.mx\/#\/schema\/person\/50102df0fb23a8fa9e8effad8fa81386\"},\"headline\":\"Sectores no esenciales deber\u00e1n parar sus actividades este s\u00e1bado\",\"datePublished\":\"2020-03-27T23:35:54+00:00\",\"dateModified\":\"2020-03-28T00:08:28+00:00\",\"mainEntityOfPage\":{\"@id\":\"https:\/\/www.sonoraenequipo.com.mx\/empresas-deberan-pagar-salario-minimo-a-trabajadores-durante-contingencia-st\/\"},\"wordCount\":376,\"commentCount\":0,\"publisher\":{\"@id\":\"https:\/\/www.sonoraenequipo.com.mx\/#organization\"},\"image\":{\"@id\":\"https:\/\/www.sonoraenequipo.com.mx\/empresas-deberan-pagar-salario-minimo-a-trabajadores-durante-contingencia-st\/#primaryimage\"},\"thumbnailUrl\":\"https:\/\/www.sonoraenequipo.com.mx\/storage\/2020\/03\/Horacio-Valenzuela-trabajo_opt.jpg\",\"articleSection\":[\"Sonora\"],\"inLanguage\":\"es\",\"potentialAction\":[{\"@type\":\"CommentAction\",\"name\":\"Comment\",\"target\":[\"https:\/\/www.sonoraenequipo.com.mx\/empresas-deberan-pagar-salario-minimo-a-trabajadores-durante-contingencia-st\/#respond\"]}]},{\"@type\":\"WebPage\",\"@id\":\"https:\/\/www.sonoraenequipo.com.mx\/empresas-deberan-pagar-salario-minimo-a-trabajadores-durante-contingencia-st\/\",\"url\":\"https:\/\/www.sonoraenequipo.com.mx\/empresas-deberan-pagar-salario-minimo-a-trabajadores-durante-contingencia-st\/\",\"name\":\"Sonora en Equipo. Sectores no esenciales deber\u00e1n parar sus actividades este s\u00e1bado Sonora\",\"isPartOf\":{\"@id\":\"https:\/\/www.sonoraenequipo.com.mx\/#website\"},\"primaryImageOfPage\":{\"@id\":\"https:\/\/www.sonoraenequipo.com.mx\/empresas-deberan-pagar-salario-minimo-a-trabajadores-durante-contingencia-st\/#primaryimage\"},\"image\":{\"@id\":\"https:\/\/www.sonoraenequipo.com.mx\/empresas-deberan-pagar-salario-minimo-a-trabajadores-durante-contingencia-st\/#primaryimage\"},\"thumbnailUrl\":\"https:\/\/www.sonoraenequipo.com.mx\/storage\/2020\/03\/Horacio-Valenzuela-trabajo_opt.jpg\",\"datePublished\":\"2020-03-27T23:35:54+00:00\",\"dateModified\":\"2020-03-28T00:08:28+00:00\",\"description\":\"HERMOSILLO, SONORA. MX. \u2014 A partir de este s\u00e1bado 28 de marzo, una vez cumplidas las 72 horas h\u00e1biles para que entre en vigor el Decreto de Emergencia En Sonora en Equipo publicamos toda la informaci\u00f3n de Sonora, M\u00e9xico y el Mundo de manera oportuna y busca que la libertad de expresi\u00f3n sea real. Visita nuestro medio informativo publicado desde Hermosillo, Sonora. %\",\"breadcrumb\":{\"@id\":\"https:\/\/www.sonoraenequipo.com.mx\/empresas-deberan-pagar-salario-minimo-a-trabajadores-durante-contingencia-st\/#breadcrumb\"},\"inLanguage\":\"es\",\"potentialAction\":[{\"@type\":\"ReadAction\",\"target\":[\"https:\/\/www.sonoraenequipo.com.mx\/empresas-deberan-pagar-salario-minimo-a-trabajadores-durante-contingencia-st\/\"]}]},{\"@type\":\"ImageObject\",\"inLanguage\":\"es\",\"@id\":\"https:\/\/www.sonoraenequipo.com.mx\/empresas-deberan-pagar-salario-minimo-a-trabajadores-durante-contingencia-st\/#primaryimage\",\"url\":\"https:\/\/www.sonoraenequipo.com.mx\/storage\/2020\/03\/Horacio-Valenzuela-trabajo_opt.jpg\",\"contentUrl\":\"https:\/\/www.sonoraenequipo.com.mx\/storage\/2020\/03\/Horacio-Valenzuela-trabajo_opt.jpg\",\"width\":650,\"height\":366},{\"@type\":\"BreadcrumbList\",\"@id\":\"https:\/\/www.sonoraenequipo.com.mx\/empresas-deberan-pagar-salario-minimo-a-trabajadores-durante-contingencia-st\/#breadcrumb\",\"itemListElement\":[{\"@type\":\"ListItem\",\"position\":1,\"name\":\"Portada\",\"item\":\"https:\/\/www.sonoraenequipo.com.mx\/\"},{\"@type\":\"ListItem\",\"position\":2,\"name\":\"Sectores no esenciales deber\u00e1n parar sus actividades este s\u00e1bado\"}]},{\"@type\":\"WebSite\",\"@id\":\"https:\/\/www.sonoraenequipo.com.mx\/#website\",\"url\":\"https:\/\/www.sonoraenequipo.com.mx\/\",\"name\":\"Sonora en Equipo.\",\"description\":\"Diario en l\u00ednea con Noticias desde Hermosillo, Sonora\",\"publisher\":{\"@id\":\"https:\/\/www.sonoraenequipo.com.mx\/#organization\"},\"potentialAction\":[{\"@type\":\"SearchAction\",\"target\":{\"@type\":\"EntryPoint\",\"urlTemplate\":\"https:\/\/www.sonoraenequipo.com.mx\/?s={search_term_string}\"},\"query-input\":{\"@type\":\"PropertyValueSpecification\",\"valueRequired\":true,\"valueName\":\"search_term_string\"}}],\"inLanguage\":\"es\"},{\"@type\":\"Organization\",\"@id\":\"https:\/\/www.sonoraenequipo.com.mx\/#organization\",\"name\":\"Sonoraenequipo.com.mx\",\"url\":\"https:\/\/www.sonoraenequipo.com.mx\/\",\"logo\":{\"@type\":\"ImageObject\",\"inLanguage\":\"es\",\"@id\":\"https:\/\/www.sonoraenequipo.com.mx\/#\/schema\/logo\/image\/\",\"url\":\"https:\/\/www.sonoraenequipo.com.mx\/storage\/2019\/01\/sonoraenequipo_opt.png\",\"contentUrl\":\"https:\/\/www.sonoraenequipo.com.mx\/storage\/2019\/01\/sonoraenequipo_opt.png\",\"width\":375,\"height\":125,\"caption\":\"Sonoraenequipo.com.mx\"},\"image\":{\"@id\":\"https:\/\/www.sonoraenequipo.com.mx\/#\/schema\/logo\/image\/\"},\"sameAs\":[\"https:\/\/www.facebook.com\/SonoraEE\/\",\"https:\/\/x.com\/sonoraenequipo\",\"https:\/\/www.youtube.com\/channel\/UC338nW-lPEYmJQs4ZABQ1SQ\"]},{\"@type\":\"Person\",\"@id\":\"https:\/\/www.sonoraenequipo.com.mx\/#\/schema\/person\/50102df0fb23a8fa9e8effad8fa81386\",\"name\":\"enequipo\",\"image\":{\"@type\":\"ImageObject\",\"inLanguage\":\"es\",\"@id\":\"https:\/\/www.sonoraenequipo.com.mx\/#\/schema\/person\/image\/\",\"url\":\"https:\/\/secure.gravatar.com\/avatar\/049821681b589dabc0bc20695993ccebb09f5b5d4d790cd9251b97faac7c652b?s=96&d=blank&r=g\",\"contentUrl\":\"https:\/\/secure.gravatar.com\/avatar\/049821681b589dabc0bc20695993ccebb09f5b5d4d790cd9251b97faac7c652b?s=96&d=blank&r=g\",\"caption\":\"enequipo\"},\"sameAs\":[\"https:\/\/www.facebook.com\/SonoraEE\"]}]}<\/script>\n ","yoast_head_json":{"title":"Sonora en Equipo. Sectores no esenciales deber\u00e1n parar sus actividades este s\u00e1bado Sonora","description":"HERMOSILLO, SONORA. MX. \u2014 A partir de este s\u00e1bado 28 de marzo, una vez cumplidas las 72 horas h\u00e1biles para que entre en vigor el Decreto de Emergencia En Sonora en Equipo publicamos toda la informaci\u00f3n de Sonora, M\u00e9xico y el Mundo de manera oportuna y busca que la libertad de expresi\u00f3n sea real. Visita nuestro medio informativo publicado desde Hermosillo, Sonora. %","robots":{"index":"index","follow":"follow","max-snippet":"max-snippet:-1","max-image-preview":"max-image-preview:large","max-video-preview":"max-video-preview:-1"},"canonical":"https:\/\/www.sonoraenequipo.com.mx\/empresas-deberan-pagar-salario-minimo-a-trabajadores-durante-contingencia-st\/","og_locale":"es_ES","og_type":"article","og_title":"Sonora en Equipo. Sectores no esenciales deber\u00e1n parar sus actividades este s\u00e1bado Sonora","og_description":"HERMOSILLO, SONORA. MX. \u2014 A partir de este s\u00e1bado 28 de marzo, una vez cumplidas las 72 horas h\u00e1biles para que entre en vigor el Decreto de Emergencia En Sonora en Equipo publicamos toda la informaci\u00f3n de Sonora, M\u00e9xico y el Mundo de manera oportuna y busca que la libertad de expresi\u00f3n sea real. Visita nuestro medio informativo publicado desde Hermosillo, Sonora. %","og_url":"https:\/\/www.sonoraenequipo.com.mx\/empresas-deberan-pagar-salario-minimo-a-trabajadores-durante-contingencia-st\/","og_site_name":"Sonora en Equipo.","article_publisher":"https:\/\/www.facebook.com\/SonoraEE\/","article_author":"https:\/\/www.facebook.com\/SonoraEE","article_published_time":"2020-03-27T23:35:54+00:00","article_modified_time":"2020-03-28T00:08:28+00:00","og_image":[{"width":650,"height":366,"url":"https:\/\/www.sonoraenequipo.com.mx\/storage\/2020\/03\/Horacio-Valenzuela-trabajo_opt.jpg","type":"image\/jpeg"}],"author":"enequipo","twitter_card":"summary_large_image","twitter_creator":"@sonoraenequipo","twitter_site":"@sonoraenequipo","twitter_misc":{"Escrito por":"enequipo","Tiempo de lectura":"2 minutos"},"schema":{"@context":"https:\/\/schema.org","@graph":[{"@type":"Article","@id":"https:\/\/www.sonoraenequipo.com.mx\/empresas-deberan-pagar-salario-minimo-a-trabajadores-durante-contingencia-st\/#article","isPartOf":{"@id":"https:\/\/www.sonoraenequipo.com.mx\/empresas-deberan-pagar-salario-minimo-a-trabajadores-durante-contingencia-st\/"},"author":{"name":"enequipo","@id":"https:\/\/www.sonoraenequipo.com.mx\/#\/schema\/person\/50102df0fb23a8fa9e8effad8fa81386"},"headline":"Sectores no esenciales deber\u00e1n parar sus actividades este s\u00e1bado","datePublished":"2020-03-27T23:35:54+00:00","dateModified":"2020-03-28T00:08:28+00:00","mainEntityOfPage":{"@id":"https:\/\/www.sonoraenequipo.com.mx\/empresas-deberan-pagar-salario-minimo-a-trabajadores-durante-contingencia-st\/"},"wordCount":376,"commentCount":0,"publisher":{"@id":"https:\/\/www.sonoraenequipo.com.mx\/#organization"},"image":{"@id":"https:\/\/www.sonoraenequipo.com.mx\/empresas-deberan-pagar-salario-minimo-a-trabajadores-durante-contingencia-st\/#primaryimage"},"thumbnailUrl":"https:\/\/www.sonoraenequipo.com.mx\/storage\/2020\/03\/Horacio-Valenzuela-trabajo_opt.jpg","articleSection":["Sonora"],"inLanguage":"es","potentialAction":[{"@type":"CommentAction","name":"Comment","target":["https:\/\/www.sonoraenequipo.com.mx\/empresas-deberan-pagar-salario-minimo-a-trabajadores-durante-contingencia-st\/#respond"]}]},{"@type":"WebPage","@id":"https:\/\/www.sonoraenequipo.com.mx\/empresas-deberan-pagar-salario-minimo-a-trabajadores-durante-contingencia-st\/","url":"https:\/\/www.sonoraenequipo.com.mx\/empresas-deberan-pagar-salario-minimo-a-trabajadores-durante-contingencia-st\/","name":"Sonora en Equipo. Sectores no esenciales deber\u00e1n parar sus actividades este s\u00e1bado Sonora","isPartOf":{"@id":"https:\/\/www.sonoraenequipo.com.mx\/#website"},"primaryImageOfPage":{"@id":"https:\/\/www.sonoraenequipo.com.mx\/empresas-deberan-pagar-salario-minimo-a-trabajadores-durante-contingencia-st\/#primaryimage"},"image":{"@id":"https:\/\/www.sonoraenequipo.com.mx\/empresas-deberan-pagar-salario-minimo-a-trabajadores-durante-contingencia-st\/#primaryimage"},"thumbnailUrl":"https:\/\/www.sonoraenequipo.com.mx\/storage\/2020\/03\/Horacio-Valenzuela-trabajo_opt.jpg","datePublished":"2020-03-27T23:35:54+00:00","dateModified":"2020-03-28T00:08:28+00:00","description":"HERMOSILLO, SONORA. MX. \u2014 A partir de este s\u00e1bado 28 de marzo, una vez cumplidas las 72 horas h\u00e1biles para que entre en vigor el Decreto de Emergencia En Sonora en Equipo publicamos toda la informaci\u00f3n de Sonora, M\u00e9xico y el Mundo de manera oportuna y busca que la libertad de expresi\u00f3n sea real. Visita nuestro medio informativo publicado desde Hermosillo, Sonora. %","breadcrumb":{"@id":"https:\/\/www.sonoraenequipo.com.mx\/empresas-deberan-pagar-salario-minimo-a-trabajadores-durante-contingencia-st\/#breadcrumb"},"inLanguage":"es","potentialAction":[{"@type":"ReadAction","target":["https:\/\/www.sonoraenequipo.com.mx\/empresas-deberan-pagar-salario-minimo-a-trabajadores-durante-contingencia-st\/"]}]},{"@type":"ImageObject","inLanguage":"es","@id":"https:\/\/www.sonoraenequipo.com.mx\/empresas-deberan-pagar-salario-minimo-a-trabajadores-durante-contingencia-st\/#primaryimage","url":"https:\/\/www.sonoraenequipo.com.mx\/storage\/2020\/03\/Horacio-Valenzuela-trabajo_opt.jpg","contentUrl":"https:\/\/www.sonoraenequipo.com.mx\/storage\/2020\/03\/Horacio-Valenzuela-trabajo_opt.jpg","width":650,"height":366},{"@type":"BreadcrumbList","@id":"https:\/\/www.sonoraenequipo.com.mx\/empresas-deberan-pagar-salario-minimo-a-trabajadores-durante-contingencia-st\/#breadcrumb","itemListElement":[{"@type":"ListItem","position":1,"name":"Portada","item":"https:\/\/www.sonoraenequipo.com.mx\/"},{"@type":"ListItem","position":2,"name":"Sectores no esenciales deber\u00e1n parar sus actividades este s\u00e1bado"}]},{"@type":"WebSite","@id":"https:\/\/www.sonoraenequipo.com.mx\/#website","url":"https:\/\/www.sonoraenequipo.com.mx\/","name":"Sonora en Equipo.","description":"Diario en l\u00ednea con Noticias desde Hermosillo, Sonora","publisher":{"@id":"https:\/\/www.sonoraenequipo.com.mx\/#organization"},"potentialAction":[{"@type":"SearchAction","target":{"@type":"EntryPoint","urlTemplate":"https:\/\/www.sonoraenequipo.com.mx\/?s={search_term_string}"},"query-input":{"@type":"PropertyValueSpecification","valueRequired":true,"valueName":"search_term_string"}}],"inLanguage":"es"},{"@type":"Organization","@id":"https:\/\/www.sonoraenequipo.com.mx\/#organization","name":"Sonoraenequipo.com.mx","url":"https:\/\/www.sonoraenequipo.com.mx\/","logo":{"@type":"ImageObject","inLanguage":"es","@id":"https:\/\/www.sonoraenequipo.com.mx\/#\/schema\/logo\/image\/","url":"https:\/\/www.sonoraenequipo.com.mx\/storage\/2019\/01\/sonoraenequipo_opt.png","contentUrl":"https:\/\/www.sonoraenequipo.com.mx\/storage\/2019\/01\/sonoraenequipo_opt.png","width":375,"height":125,"caption":"Sonoraenequipo.com.mx"},"image":{"@id":"https:\/\/www.sonoraenequipo.com.mx\/#\/schema\/logo\/image\/"},"sameAs":["https:\/\/www.facebook.com\/SonoraEE\/","https:\/\/x.com\/sonoraenequipo","https:\/\/www.youtube.com\/channel\/UC338nW-lPEYmJQs4ZABQ1SQ"]},{"@type":"Person","@id":"https:\/\/www.sonoraenequipo.com.mx\/#\/schema\/person\/50102df0fb23a8fa9e8effad8fa81386","name":"enequipo","image":{"@type":"ImageObject","inLanguage":"es","@id":"https:\/\/www.sonoraenequipo.com.mx\/#\/schema\/person\/image\/","url":"https:\/\/secure.gravatar.com\/avatar\/049821681b589dabc0bc20695993ccebb09f5b5d4d790cd9251b97faac7c652b?s=96&d=blank&r=g","contentUrl":"https:\/\/secure.gravatar.com\/avatar\/049821681b589dabc0bc20695993ccebb09f5b5d4d790cd9251b97faac7c652b?s=96&d=blank&r=g","caption":"enequipo"},"sameAs":["https:\/\/www.facebook.com\/SonoraEE"]}]}},"jetpack_featured_media_url":"https:\/\/www.sonoraenequipo.com.mx\/storage\/2020\/03\/Horacio-Valenzuela-trabajo_opt.jpg","_links":{"self":[{"href":"https:\/\/www.sonoraenequipo.com.mx\/api\/wp\/v2\/posts\/81856","targetHints":{"allow":["GET"]}}],"collection":[{"href":"https:\/\/www.sonoraenequipo.com.mx\/api\/wp\/v2\/posts"}],"about":[{"href":"https:\/\/www.sonoraenequipo.com.mx\/api\/wp\/v2\/types\/post"}],"author":[{"embeddable":true,"href":"https:\/\/www.sonoraenequipo.com.mx\/api\/wp\/v2\/users\/1"}],"replies":[{"embeddable":true,"href":"https:\/\/www.sonoraenequipo.com.mx\/api\/wp\/v2\/comments?post=81856"}],"version-history":[{"count":0,"href":"https:\/\/www.sonoraenequipo.com.mx\/api\/wp\/v2\/posts\/81856\/revisions"}],"wp:featuredmedia":[{"embeddable":true,"href":"https:\/\/www.sonoraenequipo.com.mx\/api\/wp\/v2\/media\/81858"}],"wp:attachment":[{"href":"https:\/\/www.sonoraenequipo.com.mx\/api\/wp\/v2\/media?parent=81856"}],"wp:term":[{"taxonomy":"category","embeddable":true,"href":"https:\/\/www.sonoraenequipo.com.mx\/api\/wp\/v2\/categories?post=81856"},{"taxonomy":"post_tag","embeddable":true,"href":"https:\/\/www.sonoraenequipo.com.mx\/api\/wp\/v2\/tags?post=81856"}],"curies":[{"name":"wp","href":"https:\/\/api.w.org\/{rel}","templated":true}]}}