{"id":81879,"date":"2020-03-27T19:32:24","date_gmt":"2020-03-28T02:32:24","guid":{"rendered":"https:\/\/www.sonoraenequipo.com.mx\/?p=81879"},"modified":"2020-03-28T09:41:13","modified_gmt":"2020-03-28T16:41:13","slug":"aclara-dudas-sobre-quedate-en-casa-quien-cierra-abre-apoyos-sanciones","status":"publish","type":"post","link":"https:\/\/www.sonoraenequipo.com.mx\/aclara-dudas-sobre-quedate-en-casa-quien-cierra-abre-apoyos-sanciones\/","title":{"rendered":"Aclara dudas sobre \u00abQu\u00e9date en Casa\u00bb; qui\u00e9n cierra, abre, apoyos, sanciones"},"content":{"rendered":"<p>HERMOSILLO, SONORA. MX. \u2014\u00a0 Informaci\u00f3n muy importante ha publicado el Gobierno de Sonora acerca de las medidas que se han tomado durante la contingencia del COVID-19. Aqu\u00ed est\u00e1n.<\/p>\n<p><img loading=\"lazy\" decoding=\"async\" class=\" size-full x-none\" src=\"https:\/\/www.sonoraenequipo.com.mx\/storage\/2020\/03\/quedate-en-casa.jpg\" alt=\"\" width=\"900\" height=\"900\" \/><\/p>\n<p><img loading=\"lazy\" decoding=\"async\" class=\"x-none  size-full\" src=\"https:\/\/www.sonoraenequipo.com.mx\/storage\/2020\/03\/cierre.jpg\" alt=\"\" width=\"900\" height=\"1204\" \/><\/p>\n<p><img loading=\"lazy\" decoding=\"async\" class=\"x-center  size-full\" src=\"https:\/\/www.sonoraenequipo.com.mx\/storage\/2020\/03\/sanciones.jpg\" alt=\"\" width=\"900\" height=\"901\" \/><\/p>\n<p><img loading=\"lazy\" decoding=\"async\" class=\"x-center  size-full\" src=\"https:\/\/www.sonoraenequipo.com.mx\/storage\/2020\/03\/apoyos-fiscales.jpg\" alt=\"\" width=\"900\" height=\"607\" \/><\/p>\n<p>(PUBLICADO EL 27\/03\/2020)<\/p>\n","protected":false},"excerpt":{"rendered":"<p>HERMOSILLO, SONORA. MX. \u2014\u00a0 Informaci\u00f3n muy importante ha publicado el Gobierno de Sonora acerca de&#8230;<\/p>\n","protected":false},"author":178,"featured_media":81859,"comment_status":"open","ping_status":"open","sticky":false,"template":"","format":"standard","meta":{"_monsterinsights_skip_tracking":false,"_monsterinsights_sitenote_active":false,"_monsterinsights_sitenote_note":"","_monsterinsights_sitenote_category":0,"footnotes":""},"categories":[22],"tags":[4198],"class_list":["post"],"yoast_head":" \n<title>Sonora en Equipo. Aclara dudas sobre &quot;Qu\u00e9date en Casa&quot;; qui\u00e9n cierra, abre, apoyos, sanciones Sonora<\/title>\n<meta name=\"description\" content=\"HERMOSILLO, SONORA. MX. \u2014\u00a0 Informaci\u00f3n muy importante ha publicado el Gobierno de Sonora acerca de las medidas que se han tomado durante la contingencia En Sonora en Equipo publicamos toda la informaci\u00f3n de Sonora, M\u00e9xico y el Mundo de manera oportuna y busca que la libertad de expresi\u00f3n sea real. Visita nuestro medio informativo publicado desde Hermosillo, Sonora. %\" \/>\n<meta name=\"robots\" content=\"index, follow, max-snippet:-1, max-image-preview:large, max-video-preview:-1\" \/>\n<link rel=\"canonical\" href=\"https:\/\/www.sonoraenequipo.com.mx\/aclara-dudas-sobre-quedate-en-casa-quien-cierra-abre-apoyos-sanciones\/\" \/>\n<meta property=\"og:locale\" content=\"es_ES\" \/>\n<meta property=\"og:type\" content=\"article\" \/>\n<meta property=\"og:title\" content=\"Sonora en Equipo. Aclara dudas sobre &quot;Qu\u00e9date en Casa&quot;; qui\u00e9n cierra, abre, apoyos, sanciones Sonora\" \/>\n<meta property=\"og:description\" content=\"HERMOSILLO, SONORA. MX. \u2014\u00a0 Informaci\u00f3n muy importante ha publicado el Gobierno de Sonora acerca de las medidas que se han tomado durante la contingencia En Sonora en Equipo publicamos toda la informaci\u00f3n de Sonora, M\u00e9xico y el Mundo de manera oportuna y busca que la libertad de expresi\u00f3n sea real. Visita nuestro medio informativo publicado desde Hermosillo, Sonora. %\" \/>\n<meta property=\"og:url\" content=\"https:\/\/www.sonoraenequipo.com.mx\/aclara-dudas-sobre-quedate-en-casa-quien-cierra-abre-apoyos-sanciones\/\" \/>\n<meta property=\"og:site_name\" content=\"Sonora en Equipo.\" \/>\n<meta property=\"article:publisher\" content=\"https:\/\/www.facebook.com\/SonoraEE\/\" \/>\n<meta property=\"article:published_time\" content=\"2020-03-28T02:32:24+00:00\" \/>\n<meta property=\"article:modified_time\" content=\"2020-03-28T16:41:13+00:00\" \/>\n<meta property=\"og:image\" content=\"https:\/\/www.sonoraenequipo.com.mx\/storage\/2020\/03\/cama_vac\u00eda-covid-19_opt.jpg\" \/>\n\t<meta property=\"og:image:width\" content=\"650\" \/>\n\t<meta property=\"og:image:height\" content=\"366\" \/>\n\t<meta property=\"og:image:type\" content=\"image\/jpeg\" \/>\n<meta name=\"author\" content=\"enequipo\" \/>\n<meta name=\"twitter:card\" content=\"summary_large_image\" \/>\n<meta name=\"twitter:creator\" content=\"@sonoraenequipo\" \/>\n<meta name=\"twitter:site\" content=\"@sonoraenequipo\" \/>\n<meta name=\"twitter:label1\" content=\"Escrito por\" \/>\n\t<meta name=\"twitter:data1\" content=\"enequipo\" \/>\n<script type=\"application\/ld+json\" class=\"yoast-schema-graph\">{\"@context\":\"https:\/\/schema.org\",\"@graph\":[{\"@type\":\"Article\",\"@id\":\"https:\/\/www.sonoraenequipo.com.mx\/aclara-dudas-sobre-quedate-en-casa-quien-cierra-abre-apoyos-sanciones\/#article\",\"isPartOf\":{\"@id\":\"https:\/\/www.sonoraenequipo.com.mx\/aclara-dudas-sobre-quedate-en-casa-quien-cierra-abre-apoyos-sanciones\/\"},\"author\":{\"name\":\"enequipo\",\"@id\":\"https:\/\/www.sonoraenequipo.com.mx\/#\/schema\/person\/61a39de478a1763473ad55e8a95fddf6\"},\"headline\":\"Aclara dudas sobre \u00abQu\u00e9date en Casa\u00bb; qui\u00e9n cierra, abre, apoyos, sanciones\",\"datePublished\":\"2020-03-28T02:32:24+00:00\",\"dateModified\":\"2020-03-28T16:41:13+00:00\",\"mainEntityOfPage\":{\"@id\":\"https:\/\/www.sonoraenequipo.com.mx\/aclara-dudas-sobre-quedate-en-casa-quien-cierra-abre-apoyos-sanciones\/\"},\"wordCount\":44,\"commentCount\":0,\"publisher\":{\"@id\":\"https:\/\/www.sonoraenequipo.com.mx\/#organization\"},\"image\":{\"@id\":\"https:\/\/www.sonoraenequipo.com.mx\/aclara-dudas-sobre-quedate-en-casa-quien-cierra-abre-apoyos-sanciones\/#primaryimage\"},\"thumbnailUrl\":\"https:\/\/www.sonoraenequipo.com.mx\/storage\/2020\/03\/cama_vac\u00eda-covid-19_opt.jpg\",\"keywords\":[\"Covid-19\"],\"articleSection\":[\"Sonora\"],\"inLanguage\":\"es\",\"potentialAction\":[{\"@type\":\"CommentAction\",\"name\":\"Comment\",\"target\":[\"https:\/\/www.sonoraenequipo.com.mx\/aclara-dudas-sobre-quedate-en-casa-quien-cierra-abre-apoyos-sanciones\/#respond\"]}]},{\"@type\":\"WebPage\",\"@id\":\"https:\/\/www.sonoraenequipo.com.mx\/aclara-dudas-sobre-quedate-en-casa-quien-cierra-abre-apoyos-sanciones\/\",\"url\":\"https:\/\/www.sonoraenequipo.com.mx\/aclara-dudas-sobre-quedate-en-casa-quien-cierra-abre-apoyos-sanciones\/\",\"name\":\"Sonora en Equipo. Aclara dudas sobre \\\"Qu\u00e9date en Casa\\\"; qui\u00e9n cierra, abre, apoyos, sanciones Sonora\",\"isPartOf\":{\"@id\":\"https:\/\/www.sonoraenequipo.com.mx\/#website\"},\"primaryImageOfPage\":{\"@id\":\"https:\/\/www.sonoraenequipo.com.mx\/aclara-dudas-sobre-quedate-en-casa-quien-cierra-abre-apoyos-sanciones\/#primaryimage\"},\"image\":{\"@id\":\"https:\/\/www.sonoraenequipo.com.mx\/aclara-dudas-sobre-quedate-en-casa-quien-cierra-abre-apoyos-sanciones\/#primaryimage\"},\"thumbnailUrl\":\"https:\/\/www.sonoraenequipo.com.mx\/storage\/2020\/03\/cama_vac\u00eda-covid-19_opt.jpg\",\"datePublished\":\"2020-03-28T02:32:24+00:00\",\"dateModified\":\"2020-03-28T16:41:13+00:00\",\"description\":\"HERMOSILLO, SONORA. MX. \u2014\u00a0 Informaci\u00f3n muy importante ha publicado el Gobierno de Sonora acerca de las medidas que se han tomado durante la contingencia En Sonora en Equipo publicamos toda la informaci\u00f3n de Sonora, M\u00e9xico y el Mundo de manera oportuna y busca que la libertad de expresi\u00f3n sea real. Visita nuestro medio informativo publicado desde Hermosillo, Sonora. %\",\"breadcrumb\":{\"@id\":\"https:\/\/www.sonoraenequipo.com.mx\/aclara-dudas-sobre-quedate-en-casa-quien-cierra-abre-apoyos-sanciones\/#breadcrumb\"},\"inLanguage\":\"es\",\"potentialAction\":[{\"@type\":\"ReadAction\",\"target\":[\"https:\/\/www.sonoraenequipo.com.mx\/aclara-dudas-sobre-quedate-en-casa-quien-cierra-abre-apoyos-sanciones\/\"]}]},{\"@type\":\"ImageObject\",\"inLanguage\":\"es\",\"@id\":\"https:\/\/www.sonoraenequipo.com.mx\/aclara-dudas-sobre-quedate-en-casa-quien-cierra-abre-apoyos-sanciones\/#primaryimage\",\"url\":\"https:\/\/www.sonoraenequipo.com.mx\/storage\/2020\/03\/cama_vac\u00eda-covid-19_opt.jpg\",\"contentUrl\":\"https:\/\/www.sonoraenequipo.com.mx\/storage\/2020\/03\/cama_vac\u00eda-covid-19_opt.jpg\",\"width\":650,\"height\":366},{\"@type\":\"BreadcrumbList\",\"@id\":\"https:\/\/www.sonoraenequipo.com.mx\/aclara-dudas-sobre-quedate-en-casa-quien-cierra-abre-apoyos-sanciones\/#breadcrumb\",\"itemListElement\":[{\"@type\":\"ListItem\",\"position\":1,\"name\":\"Portada\",\"item\":\"https:\/\/www.sonoraenequipo.com.mx\/\"},{\"@type\":\"ListItem\",\"position\":2,\"name\":\"Aclara dudas sobre \u00abQu\u00e9date en Casa\u00bb; qui\u00e9n cierra, abre, apoyos, sanciones\"}]},{\"@type\":\"WebSite\",\"@id\":\"https:\/\/www.sonoraenequipo.com.mx\/#website\",\"url\":\"https:\/\/www.sonoraenequipo.com.mx\/\",\"name\":\"Sonora en Equipo.\",\"description\":\"Diario en l\u00ednea con Noticias desde Hermosillo, Sonora\",\"publisher\":{\"@id\":\"https:\/\/www.sonoraenequipo.com.mx\/#organization\"},\"potentialAction\":[{\"@type\":\"SearchAction\",\"target\":{\"@type\":\"EntryPoint\",\"urlTemplate\":\"https:\/\/www.sonoraenequipo.com.mx\/?s={search_term_string}\"},\"query-input\":{\"@type\":\"PropertyValueSpecification\",\"valueRequired\":true,\"valueName\":\"search_term_string\"}}],\"inLanguage\":\"es\"},{\"@type\":\"Organization\",\"@id\":\"https:\/\/www.sonoraenequipo.com.mx\/#organization\",\"name\":\"Sonoraenequipo.com.mx\",\"url\":\"https:\/\/www.sonoraenequipo.com.mx\/\",\"logo\":{\"@type\":\"ImageObject\",\"inLanguage\":\"es\",\"@id\":\"https:\/\/www.sonoraenequipo.com.mx\/#\/schema\/logo\/image\/\",\"url\":\"https:\/\/www.sonoraenequipo.com.mx\/storage\/2019\/01\/sonoraenequipo_opt.png\",\"contentUrl\":\"https:\/\/www.sonoraenequipo.com.mx\/storage\/2019\/01\/sonoraenequipo_opt.png\",\"width\":375,\"height\":125,\"caption\":\"Sonoraenequipo.com.mx\"},\"image\":{\"@id\":\"https:\/\/www.sonoraenequipo.com.mx\/#\/schema\/logo\/image\/\"},\"sameAs\":[\"https:\/\/www.facebook.com\/SonoraEE\/\",\"https:\/\/x.com\/sonoraenequipo\",\"https:\/\/www.youtube.com\/channel\/UC338nW-lPEYmJQs4ZABQ1SQ\"]},{\"@type\":\"Person\",\"@id\":\"https:\/\/www.sonoraenequipo.com.mx\/#\/schema\/person\/61a39de478a1763473ad55e8a95fddf6\",\"name\":\"enequipo\",\"image\":{\"@type\":\"ImageObject\",\"inLanguage\":\"es\",\"@id\":\"https:\/\/www.sonoraenequipo.com.mx\/#\/schema\/person\/image\/\",\"url\":\"https:\/\/secure.gravatar.com\/avatar\/e39bc3016d8af598aed3d770c9510dfc2795f37ea1733d99fcc6e97d2c3c9f5e?s=96&d=blank&r=g\",\"contentUrl\":\"https:\/\/secure.gravatar.com\/avatar\/e39bc3016d8af598aed3d770c9510dfc2795f37ea1733d99fcc6e97d2c3c9f5e?s=96&d=blank&r=g\",\"caption\":\"enequipo\"}}]}<\/script>\n ","yoast_head_json":{"title":"Sonora en Equipo. Aclara dudas sobre \"Qu\u00e9date en Casa\"; qui\u00e9n cierra, abre, apoyos, sanciones Sonora","description":"HERMOSILLO, SONORA. MX. \u2014\u00a0 Informaci\u00f3n muy importante ha publicado el Gobierno de Sonora acerca de las medidas que se han tomado durante la contingencia En Sonora en Equipo publicamos toda la informaci\u00f3n de Sonora, M\u00e9xico y el Mundo de manera oportuna y busca que la libertad de expresi\u00f3n sea real. Visita nuestro medio informativo publicado desde Hermosillo, Sonora. %","robots":{"index":"index","follow":"follow","max-snippet":"max-snippet:-1","max-image-preview":"max-image-preview:large","max-video-preview":"max-video-preview:-1"},"canonical":"https:\/\/www.sonoraenequipo.com.mx\/aclara-dudas-sobre-quedate-en-casa-quien-cierra-abre-apoyos-sanciones\/","og_locale":"es_ES","og_type":"article","og_title":"Sonora en Equipo. Aclara dudas sobre \"Qu\u00e9date en Casa\"; qui\u00e9n cierra, abre, apoyos, sanciones Sonora","og_description":"HERMOSILLO, SONORA. MX. \u2014\u00a0 Informaci\u00f3n muy importante ha publicado el Gobierno de Sonora acerca de las medidas que se han tomado durante la contingencia En Sonora en Equipo publicamos toda la informaci\u00f3n de Sonora, M\u00e9xico y el Mundo de manera oportuna y busca que la libertad de expresi\u00f3n sea real. Visita nuestro medio informativo publicado desde Hermosillo, Sonora. %","og_url":"https:\/\/www.sonoraenequipo.com.mx\/aclara-dudas-sobre-quedate-en-casa-quien-cierra-abre-apoyos-sanciones\/","og_site_name":"Sonora en Equipo.","article_publisher":"https:\/\/www.facebook.com\/SonoraEE\/","article_published_time":"2020-03-28T02:32:24+00:00","article_modified_time":"2020-03-28T16:41:13+00:00","og_image":[{"width":650,"height":366,"url":"https:\/\/www.sonoraenequipo.com.mx\/storage\/2020\/03\/cama_vac\u00eda-covid-19_opt.jpg","type":"image\/jpeg"}],"author":"enequipo","twitter_card":"summary_large_image","twitter_creator":"@sonoraenequipo","twitter_site":"@sonoraenequipo","twitter_misc":{"Escrito por":"enequipo"},"schema":{"@context":"https:\/\/schema.org","@graph":[{"@type":"Article","@id":"https:\/\/www.sonoraenequipo.com.mx\/aclara-dudas-sobre-quedate-en-casa-quien-cierra-abre-apoyos-sanciones\/#article","isPartOf":{"@id":"https:\/\/www.sonoraenequipo.com.mx\/aclara-dudas-sobre-quedate-en-casa-quien-cierra-abre-apoyos-sanciones\/"},"author":{"name":"enequipo","@id":"https:\/\/www.sonoraenequipo.com.mx\/#\/schema\/person\/61a39de478a1763473ad55e8a95fddf6"},"headline":"Aclara dudas sobre \u00abQu\u00e9date en Casa\u00bb; qui\u00e9n cierra, abre, apoyos, sanciones","datePublished":"2020-03-28T02:32:24+00:00","dateModified":"2020-03-28T16:41:13+00:00","mainEntityOfPage":{"@id":"https:\/\/www.sonoraenequipo.com.mx\/aclara-dudas-sobre-quedate-en-casa-quien-cierra-abre-apoyos-sanciones\/"},"wordCount":44,"commentCount":0,"publisher":{"@id":"https:\/\/www.sonoraenequipo.com.mx\/#organization"},"image":{"@id":"https:\/\/www.sonoraenequipo.com.mx\/aclara-dudas-sobre-quedate-en-casa-quien-cierra-abre-apoyos-sanciones\/#primaryimage"},"thumbnailUrl":"https:\/\/www.sonoraenequipo.com.mx\/storage\/2020\/03\/cama_vac\u00eda-covid-19_opt.jpg","keywords":["Covid-19"],"articleSection":["Sonora"],"inLanguage":"es","potentialAction":[{"@type":"CommentAction","name":"Comment","target":["https:\/\/www.sonoraenequipo.com.mx\/aclara-dudas-sobre-quedate-en-casa-quien-cierra-abre-apoyos-sanciones\/#respond"]}]},{"@type":"WebPage","@id":"https:\/\/www.sonoraenequipo.com.mx\/aclara-dudas-sobre-quedate-en-casa-quien-cierra-abre-apoyos-sanciones\/","url":"https:\/\/www.sonoraenequipo.com.mx\/aclara-dudas-sobre-quedate-en-casa-quien-cierra-abre-apoyos-sanciones\/","name":"Sonora en Equipo. Aclara dudas sobre \"Qu\u00e9date en Casa\"; qui\u00e9n cierra, abre, apoyos, sanciones Sonora","isPartOf":{"@id":"https:\/\/www.sonoraenequipo.com.mx\/#website"},"primaryImageOfPage":{"@id":"https:\/\/www.sonoraenequipo.com.mx\/aclara-dudas-sobre-quedate-en-casa-quien-cierra-abre-apoyos-sanciones\/#primaryimage"},"image":{"@id":"https:\/\/www.sonoraenequipo.com.mx\/aclara-dudas-sobre-quedate-en-casa-quien-cierra-abre-apoyos-sanciones\/#primaryimage"},"thumbnailUrl":"https:\/\/www.sonoraenequipo.com.mx\/storage\/2020\/03\/cama_vac\u00eda-covid-19_opt.jpg","datePublished":"2020-03-28T02:32:24+00:00","dateModified":"2020-03-28T16:41:13+00:00","description":"HERMOSILLO, SONORA. MX. \u2014\u00a0 Informaci\u00f3n muy importante ha publicado el Gobierno de Sonora acerca de las medidas que se han tomado durante la contingencia En Sonora en Equipo publicamos toda la informaci\u00f3n de Sonora, M\u00e9xico y el Mundo de manera oportuna y busca que la libertad de expresi\u00f3n sea real. Visita nuestro medio informativo publicado desde Hermosillo, Sonora. %","breadcrumb":{"@id":"https:\/\/www.sonoraenequipo.com.mx\/aclara-dudas-sobre-quedate-en-casa-quien-cierra-abre-apoyos-sanciones\/#breadcrumb"},"inLanguage":"es","potentialAction":[{"@type":"ReadAction","target":["https:\/\/www.sonoraenequipo.com.mx\/aclara-dudas-sobre-quedate-en-casa-quien-cierra-abre-apoyos-sanciones\/"]}]},{"@type":"ImageObject","inLanguage":"es","@id":"https:\/\/www.sonoraenequipo.com.mx\/aclara-dudas-sobre-quedate-en-casa-quien-cierra-abre-apoyos-sanciones\/#primaryimage","url":"https:\/\/www.sonoraenequipo.com.mx\/storage\/2020\/03\/cama_vac\u00eda-covid-19_opt.jpg","contentUrl":"https:\/\/www.sonoraenequipo.com.mx\/storage\/2020\/03\/cama_vac\u00eda-covid-19_opt.jpg","width":650,"height":366},{"@type":"BreadcrumbList","@id":"https:\/\/www.sonoraenequipo.com.mx\/aclara-dudas-sobre-quedate-en-casa-quien-cierra-abre-apoyos-sanciones\/#breadcrumb","itemListElement":[{"@type":"ListItem","position":1,"name":"Portada","item":"https:\/\/www.sonoraenequipo.com.mx\/"},{"@type":"ListItem","position":2,"name":"Aclara dudas sobre \u00abQu\u00e9date en Casa\u00bb; qui\u00e9n cierra, abre, apoyos, sanciones"}]},{"@type":"WebSite","@id":"https:\/\/www.sonoraenequipo.com.mx\/#website","url":"https:\/\/www.sonoraenequipo.com.mx\/","name":"Sonora en Equipo.","description":"Diario en l\u00ednea con Noticias desde Hermosillo, Sonora","publisher":{"@id":"https:\/\/www.sonoraenequipo.com.mx\/#organization"},"potentialAction":[{"@type":"SearchAction","target":{"@type":"EntryPoint","urlTemplate":"https:\/\/www.sonoraenequipo.com.mx\/?s={search_term_string}"},"query-input":{"@type":"PropertyValueSpecification","valueRequired":true,"valueName":"search_term_string"}}],"inLanguage":"es"},{"@type":"Organization","@id":"https:\/\/www.sonoraenequipo.com.mx\/#organization","name":"Sonoraenequipo.com.mx","url":"https:\/\/www.sonoraenequipo.com.mx\/","logo":{"@type":"ImageObject","inLanguage":"es","@id":"https:\/\/www.sonoraenequipo.com.mx\/#\/schema\/logo\/image\/","url":"https:\/\/www.sonoraenequipo.com.mx\/storage\/2019\/01\/sonoraenequipo_opt.png","contentUrl":"https:\/\/www.sonoraenequipo.com.mx\/storage\/2019\/01\/sonoraenequipo_opt.png","width":375,"height":125,"caption":"Sonoraenequipo.com.mx"},"image":{"@id":"https:\/\/www.sonoraenequipo.com.mx\/#\/schema\/logo\/image\/"},"sameAs":["https:\/\/www.facebook.com\/SonoraEE\/","https:\/\/x.com\/sonoraenequipo","https:\/\/www.youtube.com\/channel\/UC338nW-lPEYmJQs4ZABQ1SQ"]},{"@type":"Person","@id":"https:\/\/www.sonoraenequipo.com.mx\/#\/schema\/person\/61a39de478a1763473ad55e8a95fddf6","name":"enequipo","image":{"@type":"ImageObject","inLanguage":"es","@id":"https:\/\/www.sonoraenequipo.com.mx\/#\/schema\/person\/image\/","url":"https:\/\/secure.gravatar.com\/avatar\/e39bc3016d8af598aed3d770c9510dfc2795f37ea1733d99fcc6e97d2c3c9f5e?s=96&d=blank&r=g","contentUrl":"https:\/\/secure.gravatar.com\/avatar\/e39bc3016d8af598aed3d770c9510dfc2795f37ea1733d99fcc6e97d2c3c9f5e?s=96&d=blank&r=g","caption":"enequipo"}}]}},"jetpack_featured_media_url":"https:\/\/www.sonoraenequipo.com.mx\/storage\/2020\/03\/cama_vac\u00eda-covid-19_opt.jpg","_links":{"self":[{"href":"https:\/\/www.sonoraenequipo.com.mx\/api\/wp\/v2\/posts\/81879","targetHints":{"allow":["GET"]}}],"collection":[{"href":"https:\/\/www.sonoraenequipo.com.mx\/api\/wp\/v2\/posts"}],"about":[{"href":"https:\/\/www.sonoraenequipo.com.mx\/api\/wp\/v2\/types\/post"}],"author":[{"embeddable":true,"href":"https:\/\/www.sonoraenequipo.com.mx\/api\/wp\/v2\/users\/178"}],"replies":[{"embeddable":true,"href":"https:\/\/www.sonoraenequipo.com.mx\/api\/wp\/v2\/comments?post=81879"}],"version-history":[{"count":0,"href":"https:\/\/www.sonoraenequipo.com.mx\/api\/wp\/v2\/posts\/81879\/revisions"}],"wp:featuredmedia":[{"embeddable":true,"href":"https:\/\/www.sonoraenequipo.com.mx\/api\/wp\/v2\/media\/81859"}],"wp:attachment":[{"href":"https:\/\/www.sonoraenequipo.com.mx\/api\/wp\/v2\/media?parent=81879"}],"wp:term":[{"taxonomy":"category","embeddable":true,"href":"https:\/\/www.sonoraenequipo.com.mx\/api\/wp\/v2\/categories?post=81879"},{"taxonomy":"post_tag","embeddable":true,"href":"https:\/\/www.sonoraenequipo.com.mx\/api\/wp\/v2\/tags?post=81879"}],"curies":[{"name":"wp","href":"https:\/\/api.w.org\/{rel}","templated":true}]}}