{"id":81893,"date":"2020-03-27T20:20:38","date_gmt":"2020-03-28T03:20:38","guid":{"rendered":"https:\/\/www.sonoraenequipo.com.mx\/?p=81893"},"modified":"2020-03-27T20:20:38","modified_gmt":"2020-03-28T03:20:38","slug":"tomando-todas-las-precauciones-este-sabado-sesionara-cabildo-de-hmo","status":"publish","type":"post","link":"https:\/\/www.sonoraenequipo.com.mx\/tomando-todas-las-precauciones-este-sabado-sesionara-cabildo-de-hmo\/","title":{"rendered":"Tomando todas las precauciones este s\u00e1bado sesionar\u00e1 Cabildo de Hmo."},"content":{"rendered":"<h3>&gt;&gt;La alcaldesa, secretario del Ayuntamiento y regidores est\u00e1n obligados por Ley a reunirse una vez al mes; acordar\u00e1n plataformas de comunicaci\u00f3n remota para pr\u00f3ximas sesiones durante contingencia.<\/h3>\n<p>HERMOSILLO, SONORA, MX.\u2500 El Cabildo de Hermosillo realizar\u00e1 su sesi\u00f3n ordinaria para el mes de marzo extremando medidas de sana distancia e higiene por la emergencia sanitaria ante el coronavirus dado que la ley obliga a sesionar una vez al mes. <\/p>\n<p>&nbsp;<\/p>\n<figure id=\"attachment_76508\" aria-describedby=\"caption-attachment-76508\" style=\"width: 350px\" class=\"wp-caption x-left\"><img loading=\"lazy\" decoding=\"async\" class=\"\" src=\"https:\/\/www.sonoraenequipo.com.mx\/storage\/2020\/01\/sesionhmo240120-200x150.jpg\" alt=\"\" width=\"350\" height=\"233\" \/><figcaption id=\"caption-attachment-76508\" class=\"wp-caption-text\">sesi\u00f3n normal del cabildo de Hermosillo<\/figcaption><\/figure>\n<p>El Art\u00edculo 50 de la Ley de Gobierno y Administraci\u00f3n Municipal obliga a la alcaldesa, secretario del Ayuntamiento, s\u00edndico y regidores realizar por lo menos una sesi\u00f3n ordinaria al mes y las extraordinarias que sean necesarias.<\/p>\n<p>&nbsp;<\/p>\n<p>De igual manera, el Art\u00edculo 51 de dicha Ley dicta que para que las sesiones sean v\u00e1lidas se requiere que sean citados todos los integrantes del Cabildo y se constituya qu\u00f3rum por lo menos con la mitad m\u00e1s uno de los integrantes del mismo.<\/p>\n<p>&nbsp;<\/p>\n<p>Es por eso que la sesi\u00f3n de este 28 de marzo ser\u00e1 presencial, pero ser\u00e1 realizada en un espacio m\u00e1s abierto que la Sala de Cabildo y siguiendo cabalmente las indicaciones de las autoridades de Salud.<\/p>\n<p>&nbsp;<\/p>\n<p>En dicha sesi\u00f3n, los miembros del Cabildo votar\u00e1n un acuerdo que les permita tener las bases legales para sesionar v\u00eda remota y los acuerdos que se lleven a cabo en sesiones subsecuentes durante la contingencia tengan validez.<\/p>\n<p>&nbsp;<\/p>\n<p>Las sesiones son tambi\u00e9n por Ley de car\u00e1cter p\u00fablicas, por lo que los ciudadanos y medios de comunicaci\u00f3n interesados en los acuerdos a votarse este s\u00e1bado pueden acceder la p\u00e1gina de Facebook Gobierno de Hermosillo para seguir la transmisi\u00f3n en vivo, ya que el acceso ser\u00e1 restringido dada la emergencia sanitaria emitida por la autoridad estatal.<\/p>\n<p>Fecha de publicaci\u00f3n 27\/mar\/2020<\/p>\n","protected":false},"excerpt":{"rendered":"<p>&gt;&gt;La alcaldesa, secretario del Ayuntamiento y regidores est\u00e1n obligados por Ley a reunirse una vez&#8230;<\/p>\n","protected":false},"author":178,"featured_media":81894,"comment_status":"open","ping_status":"open","sticky":false,"template":"","format":"standard","meta":{"_monsterinsights_skip_tracking":false,"_monsterinsights_sitenote_active":false,"_monsterinsights_sitenote_note":"","_monsterinsights_sitenote_category":0,"footnotes":""},"categories":[4],"tags":[187],"class_list":["post"],"yoast_head":" \n<title>Sonora en Equipo. Tomando todas las precauciones este s\u00e1bado sesionar\u00e1 Cabildo de Hmo. Municipios<\/title>\n<meta name=\"description\" content=\"&gt;&gt;La alcaldesa, secretario del Ayuntamiento y regidores est\u00e1n obligados por Ley a reunirse una vez al mes; acordar\u00e1n plataformas de comunicaci\u00f3n En Sonora en Equipo publicamos toda la informaci\u00f3n de Sonora, M\u00e9xico y el Mundo de manera oportuna y busca que la libertad de expresi\u00f3n sea real. Visita nuestro medio informativo publicado desde Hermosillo, Sonora. %\" \/>\n<meta name=\"robots\" content=\"index, follow, max-snippet:-1, max-image-preview:large, max-video-preview:-1\" \/>\n<link rel=\"canonical\" href=\"https:\/\/www.sonoraenequipo.com.mx\/tomando-todas-las-precauciones-este-sabado-sesionara-cabildo-de-hmo\/\" \/>\n<meta property=\"og:locale\" content=\"es_ES\" \/>\n<meta property=\"og:type\" content=\"article\" \/>\n<meta property=\"og:title\" content=\"Sonora en Equipo. Tomando todas las precauciones este s\u00e1bado sesionar\u00e1 Cabildo de Hmo. Municipios\" \/>\n<meta property=\"og:description\" content=\"&gt;&gt;La alcaldesa, secretario del Ayuntamiento y regidores est\u00e1n obligados por Ley a reunirse una vez al mes; acordar\u00e1n plataformas de comunicaci\u00f3n En Sonora en Equipo publicamos toda la informaci\u00f3n de Sonora, M\u00e9xico y el Mundo de manera oportuna y busca que la libertad de expresi\u00f3n sea real. Visita nuestro medio informativo publicado desde Hermosillo, Sonora. %\" \/>\n<meta property=\"og:url\" content=\"https:\/\/www.sonoraenequipo.com.mx\/tomando-todas-las-precauciones-este-sabado-sesionara-cabildo-de-hmo\/\" \/>\n<meta property=\"og:site_name\" content=\"Sonora en Equipo.\" \/>\n<meta property=\"article:publisher\" content=\"https:\/\/www.facebook.com\/SonoraEE\/\" \/>\n<meta property=\"article:published_time\" content=\"2020-03-28T03:20:38+00:00\" \/>\n<meta property=\"og:image\" content=\"https:\/\/www.sonoraenequipo.com.mx\/storage\/2020\/03\/sesi\u00f3n-cbdo-hmo-covid.jpg\" \/>\n\t<meta property=\"og:image:width\" content=\"600\" \/>\n\t<meta property=\"og:image:height\" content=\"400\" \/>\n\t<meta property=\"og:image:type\" content=\"image\/jpeg\" \/>\n<meta name=\"author\" content=\"enequipo\" \/>\n<meta name=\"twitter:card\" content=\"summary_large_image\" \/>\n<meta name=\"twitter:creator\" content=\"@sonoraenequipo\" \/>\n<meta name=\"twitter:site\" content=\"@sonoraenequipo\" \/>\n<meta name=\"twitter:label1\" content=\"Escrito por\" \/>\n\t<meta name=\"twitter:data1\" content=\"enequipo\" \/>\n\t<meta name=\"twitter:label2\" content=\"Tiempo de lectura\" \/>\n\t<meta name=\"twitter:data2\" content=\"2 minutos\" \/>\n<script type=\"application\/ld+json\" class=\"yoast-schema-graph\">{\"@context\":\"https:\/\/schema.org\",\"@graph\":[{\"@type\":\"Article\",\"@id\":\"https:\/\/www.sonoraenequipo.com.mx\/tomando-todas-las-precauciones-este-sabado-sesionara-cabildo-de-hmo\/#article\",\"isPartOf\":{\"@id\":\"https:\/\/www.sonoraenequipo.com.mx\/tomando-todas-las-precauciones-este-sabado-sesionara-cabildo-de-hmo\/\"},\"author\":{\"name\":\"enequipo\",\"@id\":\"https:\/\/www.sonoraenequipo.com.mx\/#\/schema\/person\/61a39de478a1763473ad55e8a95fddf6\"},\"headline\":\"Tomando todas las precauciones este s\u00e1bado sesionar\u00e1 Cabildo de Hmo.\",\"datePublished\":\"2020-03-28T03:20:38+00:00\",\"mainEntityOfPage\":{\"@id\":\"https:\/\/www.sonoraenequipo.com.mx\/tomando-todas-las-precauciones-este-sabado-sesionara-cabildo-de-hmo\/\"},\"wordCount\":336,\"commentCount\":0,\"publisher\":{\"@id\":\"https:\/\/www.sonoraenequipo.com.mx\/#organization\"},\"image\":{\"@id\":\"https:\/\/www.sonoraenequipo.com.mx\/tomando-todas-las-precauciones-este-sabado-sesionara-cabildo-de-hmo\/#primaryimage\"},\"thumbnailUrl\":\"https:\/\/www.sonoraenequipo.com.mx\/storage\/2020\/03\/sesi\u00f3n-cbdo-hmo-covid.jpg\",\"keywords\":[\"Cabildo de Hermosillo\"],\"articleSection\":[\"Municipios\"],\"inLanguage\":\"es\",\"potentialAction\":[{\"@type\":\"CommentAction\",\"name\":\"Comment\",\"target\":[\"https:\/\/www.sonoraenequipo.com.mx\/tomando-todas-las-precauciones-este-sabado-sesionara-cabildo-de-hmo\/#respond\"]}]},{\"@type\":\"WebPage\",\"@id\":\"https:\/\/www.sonoraenequipo.com.mx\/tomando-todas-las-precauciones-este-sabado-sesionara-cabildo-de-hmo\/\",\"url\":\"https:\/\/www.sonoraenequipo.com.mx\/tomando-todas-las-precauciones-este-sabado-sesionara-cabildo-de-hmo\/\",\"name\":\"Sonora en Equipo. Tomando todas las precauciones este s\u00e1bado sesionar\u00e1 Cabildo de Hmo. Municipios\",\"isPartOf\":{\"@id\":\"https:\/\/www.sonoraenequipo.com.mx\/#website\"},\"primaryImageOfPage\":{\"@id\":\"https:\/\/www.sonoraenequipo.com.mx\/tomando-todas-las-precauciones-este-sabado-sesionara-cabildo-de-hmo\/#primaryimage\"},\"image\":{\"@id\":\"https:\/\/www.sonoraenequipo.com.mx\/tomando-todas-las-precauciones-este-sabado-sesionara-cabildo-de-hmo\/#primaryimage\"},\"thumbnailUrl\":\"https:\/\/www.sonoraenequipo.com.mx\/storage\/2020\/03\/sesi\u00f3n-cbdo-hmo-covid.jpg\",\"datePublished\":\"2020-03-28T03:20:38+00:00\",\"description\":\"&gt;&gt;La alcaldesa, secretario del Ayuntamiento y regidores est\u00e1n obligados por Ley a reunirse una vez al mes; acordar\u00e1n plataformas de comunicaci\u00f3n En Sonora en Equipo publicamos toda la informaci\u00f3n de Sonora, M\u00e9xico y el Mundo de manera oportuna y busca que la libertad de expresi\u00f3n sea real. Visita nuestro medio informativo publicado desde Hermosillo, Sonora. %\",\"breadcrumb\":{\"@id\":\"https:\/\/www.sonoraenequipo.com.mx\/tomando-todas-las-precauciones-este-sabado-sesionara-cabildo-de-hmo\/#breadcrumb\"},\"inLanguage\":\"es\",\"potentialAction\":[{\"@type\":\"ReadAction\",\"target\":[\"https:\/\/www.sonoraenequipo.com.mx\/tomando-todas-las-precauciones-este-sabado-sesionara-cabildo-de-hmo\/\"]}]},{\"@type\":\"ImageObject\",\"inLanguage\":\"es\",\"@id\":\"https:\/\/www.sonoraenequipo.com.mx\/tomando-todas-las-precauciones-este-sabado-sesionara-cabildo-de-hmo\/#primaryimage\",\"url\":\"https:\/\/www.sonoraenequipo.com.mx\/storage\/2020\/03\/sesi\u00f3n-cbdo-hmo-covid.jpg\",\"contentUrl\":\"https:\/\/www.sonoraenequipo.com.mx\/storage\/2020\/03\/sesi\u00f3n-cbdo-hmo-covid.jpg\",\"width\":600,\"height\":400,\"caption\":\"alistan espacio para sesi\u00f3n especial del Cabildo de Hermosillo\"},{\"@type\":\"BreadcrumbList\",\"@id\":\"https:\/\/www.sonoraenequipo.com.mx\/tomando-todas-las-precauciones-este-sabado-sesionara-cabildo-de-hmo\/#breadcrumb\",\"itemListElement\":[{\"@type\":\"ListItem\",\"position\":1,\"name\":\"Portada\",\"item\":\"https:\/\/www.sonoraenequipo.com.mx\/\"},{\"@type\":\"ListItem\",\"position\":2,\"name\":\"Tomando todas las precauciones este s\u00e1bado sesionar\u00e1 Cabildo de Hmo.\"}]},{\"@type\":\"WebSite\",\"@id\":\"https:\/\/www.sonoraenequipo.com.mx\/#website\",\"url\":\"https:\/\/www.sonoraenequipo.com.mx\/\",\"name\":\"Sonora en Equipo.\",\"description\":\"Diario en l\u00ednea con Noticias desde Hermosillo, Sonora\",\"publisher\":{\"@id\":\"https:\/\/www.sonoraenequipo.com.mx\/#organization\"},\"potentialAction\":[{\"@type\":\"SearchAction\",\"target\":{\"@type\":\"EntryPoint\",\"urlTemplate\":\"https:\/\/www.sonoraenequipo.com.mx\/?s={search_term_string}\"},\"query-input\":{\"@type\":\"PropertyValueSpecification\",\"valueRequired\":true,\"valueName\":\"search_term_string\"}}],\"inLanguage\":\"es\"},{\"@type\":\"Organization\",\"@id\":\"https:\/\/www.sonoraenequipo.com.mx\/#organization\",\"name\":\"Sonoraenequipo.com.mx\",\"url\":\"https:\/\/www.sonoraenequipo.com.mx\/\",\"logo\":{\"@type\":\"ImageObject\",\"inLanguage\":\"es\",\"@id\":\"https:\/\/www.sonoraenequipo.com.mx\/#\/schema\/logo\/image\/\",\"url\":\"https:\/\/www.sonoraenequipo.com.mx\/storage\/2019\/01\/sonoraenequipo_opt.png\",\"contentUrl\":\"https:\/\/www.sonoraenequipo.com.mx\/storage\/2019\/01\/sonoraenequipo_opt.png\",\"width\":375,\"height\":125,\"caption\":\"Sonoraenequipo.com.mx\"},\"image\":{\"@id\":\"https:\/\/www.sonoraenequipo.com.mx\/#\/schema\/logo\/image\/\"},\"sameAs\":[\"https:\/\/www.facebook.com\/SonoraEE\/\",\"https:\/\/x.com\/sonoraenequipo\",\"https:\/\/www.youtube.com\/channel\/UC338nW-lPEYmJQs4ZABQ1SQ\"]},{\"@type\":\"Person\",\"@id\":\"https:\/\/www.sonoraenequipo.com.mx\/#\/schema\/person\/61a39de478a1763473ad55e8a95fddf6\",\"name\":\"enequipo\",\"image\":{\"@type\":\"ImageObject\",\"inLanguage\":\"es\",\"@id\":\"https:\/\/www.sonoraenequipo.com.mx\/#\/schema\/person\/image\/\",\"url\":\"https:\/\/secure.gravatar.com\/avatar\/e39bc3016d8af598aed3d770c9510dfc2795f37ea1733d99fcc6e97d2c3c9f5e?s=96&d=blank&r=g\",\"contentUrl\":\"https:\/\/secure.gravatar.com\/avatar\/e39bc3016d8af598aed3d770c9510dfc2795f37ea1733d99fcc6e97d2c3c9f5e?s=96&d=blank&r=g\",\"caption\":\"enequipo\"}}]}<\/script>\n ","yoast_head_json":{"title":"Sonora en Equipo. Tomando todas las precauciones este s\u00e1bado sesionar\u00e1 Cabildo de Hmo. Municipios","description":"&gt;&gt;La alcaldesa, secretario del Ayuntamiento y regidores est\u00e1n obligados por Ley a reunirse una vez al mes; acordar\u00e1n plataformas de comunicaci\u00f3n En Sonora en Equipo publicamos toda la informaci\u00f3n de Sonora, M\u00e9xico y el Mundo de manera oportuna y busca que la libertad de expresi\u00f3n sea real. Visita nuestro medio informativo publicado desde Hermosillo, Sonora. %","robots":{"index":"index","follow":"follow","max-snippet":"max-snippet:-1","max-image-preview":"max-image-preview:large","max-video-preview":"max-video-preview:-1"},"canonical":"https:\/\/www.sonoraenequipo.com.mx\/tomando-todas-las-precauciones-este-sabado-sesionara-cabildo-de-hmo\/","og_locale":"es_ES","og_type":"article","og_title":"Sonora en Equipo. Tomando todas las precauciones este s\u00e1bado sesionar\u00e1 Cabildo de Hmo. Municipios","og_description":"&gt;&gt;La alcaldesa, secretario del Ayuntamiento y regidores est\u00e1n obligados por Ley a reunirse una vez al mes; acordar\u00e1n plataformas de comunicaci\u00f3n En Sonora en Equipo publicamos toda la informaci\u00f3n de Sonora, M\u00e9xico y el Mundo de manera oportuna y busca que la libertad de expresi\u00f3n sea real. Visita nuestro medio informativo publicado desde Hermosillo, Sonora. %","og_url":"https:\/\/www.sonoraenequipo.com.mx\/tomando-todas-las-precauciones-este-sabado-sesionara-cabildo-de-hmo\/","og_site_name":"Sonora en Equipo.","article_publisher":"https:\/\/www.facebook.com\/SonoraEE\/","article_published_time":"2020-03-28T03:20:38+00:00","og_image":[{"width":600,"height":400,"url":"https:\/\/www.sonoraenequipo.com.mx\/storage\/2020\/03\/sesi\u00f3n-cbdo-hmo-covid.jpg","type":"image\/jpeg"}],"author":"enequipo","twitter_card":"summary_large_image","twitter_creator":"@sonoraenequipo","twitter_site":"@sonoraenequipo","twitter_misc":{"Escrito por":"enequipo","Tiempo de lectura":"2 minutos"},"schema":{"@context":"https:\/\/schema.org","@graph":[{"@type":"Article","@id":"https:\/\/www.sonoraenequipo.com.mx\/tomando-todas-las-precauciones-este-sabado-sesionara-cabildo-de-hmo\/#article","isPartOf":{"@id":"https:\/\/www.sonoraenequipo.com.mx\/tomando-todas-las-precauciones-este-sabado-sesionara-cabildo-de-hmo\/"},"author":{"name":"enequipo","@id":"https:\/\/www.sonoraenequipo.com.mx\/#\/schema\/person\/61a39de478a1763473ad55e8a95fddf6"},"headline":"Tomando todas las precauciones este s\u00e1bado sesionar\u00e1 Cabildo de Hmo.","datePublished":"2020-03-28T03:20:38+00:00","mainEntityOfPage":{"@id":"https:\/\/www.sonoraenequipo.com.mx\/tomando-todas-las-precauciones-este-sabado-sesionara-cabildo-de-hmo\/"},"wordCount":336,"commentCount":0,"publisher":{"@id":"https:\/\/www.sonoraenequipo.com.mx\/#organization"},"image":{"@id":"https:\/\/www.sonoraenequipo.com.mx\/tomando-todas-las-precauciones-este-sabado-sesionara-cabildo-de-hmo\/#primaryimage"},"thumbnailUrl":"https:\/\/www.sonoraenequipo.com.mx\/storage\/2020\/03\/sesi\u00f3n-cbdo-hmo-covid.jpg","keywords":["Cabildo de Hermosillo"],"articleSection":["Municipios"],"inLanguage":"es","potentialAction":[{"@type":"CommentAction","name":"Comment","target":["https:\/\/www.sonoraenequipo.com.mx\/tomando-todas-las-precauciones-este-sabado-sesionara-cabildo-de-hmo\/#respond"]}]},{"@type":"WebPage","@id":"https:\/\/www.sonoraenequipo.com.mx\/tomando-todas-las-precauciones-este-sabado-sesionara-cabildo-de-hmo\/","url":"https:\/\/www.sonoraenequipo.com.mx\/tomando-todas-las-precauciones-este-sabado-sesionara-cabildo-de-hmo\/","name":"Sonora en Equipo. Tomando todas las precauciones este s\u00e1bado sesionar\u00e1 Cabildo de Hmo. Municipios","isPartOf":{"@id":"https:\/\/www.sonoraenequipo.com.mx\/#website"},"primaryImageOfPage":{"@id":"https:\/\/www.sonoraenequipo.com.mx\/tomando-todas-las-precauciones-este-sabado-sesionara-cabildo-de-hmo\/#primaryimage"},"image":{"@id":"https:\/\/www.sonoraenequipo.com.mx\/tomando-todas-las-precauciones-este-sabado-sesionara-cabildo-de-hmo\/#primaryimage"},"thumbnailUrl":"https:\/\/www.sonoraenequipo.com.mx\/storage\/2020\/03\/sesi\u00f3n-cbdo-hmo-covid.jpg","datePublished":"2020-03-28T03:20:38+00:00","description":"&gt;&gt;La alcaldesa, secretario del Ayuntamiento y regidores est\u00e1n obligados por Ley a reunirse una vez al mes; acordar\u00e1n plataformas de comunicaci\u00f3n En Sonora en Equipo publicamos toda la informaci\u00f3n de Sonora, M\u00e9xico y el Mundo de manera oportuna y busca que la libertad de expresi\u00f3n sea real. Visita nuestro medio informativo publicado desde Hermosillo, Sonora. %","breadcrumb":{"@id":"https:\/\/www.sonoraenequipo.com.mx\/tomando-todas-las-precauciones-este-sabado-sesionara-cabildo-de-hmo\/#breadcrumb"},"inLanguage":"es","potentialAction":[{"@type":"ReadAction","target":["https:\/\/www.sonoraenequipo.com.mx\/tomando-todas-las-precauciones-este-sabado-sesionara-cabildo-de-hmo\/"]}]},{"@type":"ImageObject","inLanguage":"es","@id":"https:\/\/www.sonoraenequipo.com.mx\/tomando-todas-las-precauciones-este-sabado-sesionara-cabildo-de-hmo\/#primaryimage","url":"https:\/\/www.sonoraenequipo.com.mx\/storage\/2020\/03\/sesi\u00f3n-cbdo-hmo-covid.jpg","contentUrl":"https:\/\/www.sonoraenequipo.com.mx\/storage\/2020\/03\/sesi\u00f3n-cbdo-hmo-covid.jpg","width":600,"height":400,"caption":"alistan espacio para sesi\u00f3n especial del Cabildo de Hermosillo"},{"@type":"BreadcrumbList","@id":"https:\/\/www.sonoraenequipo.com.mx\/tomando-todas-las-precauciones-este-sabado-sesionara-cabildo-de-hmo\/#breadcrumb","itemListElement":[{"@type":"ListItem","position":1,"name":"Portada","item":"https:\/\/www.sonoraenequipo.com.mx\/"},{"@type":"ListItem","position":2,"name":"Tomando todas las precauciones este s\u00e1bado sesionar\u00e1 Cabildo de Hmo."}]},{"@type":"WebSite","@id":"https:\/\/www.sonoraenequipo.com.mx\/#website","url":"https:\/\/www.sonoraenequipo.com.mx\/","name":"Sonora en Equipo.","description":"Diario en l\u00ednea con Noticias desde Hermosillo, Sonora","publisher":{"@id":"https:\/\/www.sonoraenequipo.com.mx\/#organization"},"potentialAction":[{"@type":"SearchAction","target":{"@type":"EntryPoint","urlTemplate":"https:\/\/www.sonoraenequipo.com.mx\/?s={search_term_string}"},"query-input":{"@type":"PropertyValueSpecification","valueRequired":true,"valueName":"search_term_string"}}],"inLanguage":"es"},{"@type":"Organization","@id":"https:\/\/www.sonoraenequipo.com.mx\/#organization","name":"Sonoraenequipo.com.mx","url":"https:\/\/www.sonoraenequipo.com.mx\/","logo":{"@type":"ImageObject","inLanguage":"es","@id":"https:\/\/www.sonoraenequipo.com.mx\/#\/schema\/logo\/image\/","url":"https:\/\/www.sonoraenequipo.com.mx\/storage\/2019\/01\/sonoraenequipo_opt.png","contentUrl":"https:\/\/www.sonoraenequipo.com.mx\/storage\/2019\/01\/sonoraenequipo_opt.png","width":375,"height":125,"caption":"Sonoraenequipo.com.mx"},"image":{"@id":"https:\/\/www.sonoraenequipo.com.mx\/#\/schema\/logo\/image\/"},"sameAs":["https:\/\/www.facebook.com\/SonoraEE\/","https:\/\/x.com\/sonoraenequipo","https:\/\/www.youtube.com\/channel\/UC338nW-lPEYmJQs4ZABQ1SQ"]},{"@type":"Person","@id":"https:\/\/www.sonoraenequipo.com.mx\/#\/schema\/person\/61a39de478a1763473ad55e8a95fddf6","name":"enequipo","image":{"@type":"ImageObject","inLanguage":"es","@id":"https:\/\/www.sonoraenequipo.com.mx\/#\/schema\/person\/image\/","url":"https:\/\/secure.gravatar.com\/avatar\/e39bc3016d8af598aed3d770c9510dfc2795f37ea1733d99fcc6e97d2c3c9f5e?s=96&d=blank&r=g","contentUrl":"https:\/\/secure.gravatar.com\/avatar\/e39bc3016d8af598aed3d770c9510dfc2795f37ea1733d99fcc6e97d2c3c9f5e?s=96&d=blank&r=g","caption":"enequipo"}}]}},"jetpack_featured_media_url":"https:\/\/www.sonoraenequipo.com.mx\/storage\/2020\/03\/sesi\u00f3n-cbdo-hmo-covid.jpg","_links":{"self":[{"href":"https:\/\/www.sonoraenequipo.com.mx\/api\/wp\/v2\/posts\/81893","targetHints":{"allow":["GET"]}}],"collection":[{"href":"https:\/\/www.sonoraenequipo.com.mx\/api\/wp\/v2\/posts"}],"about":[{"href":"https:\/\/www.sonoraenequipo.com.mx\/api\/wp\/v2\/types\/post"}],"author":[{"embeddable":true,"href":"https:\/\/www.sonoraenequipo.com.mx\/api\/wp\/v2\/users\/178"}],"replies":[{"embeddable":true,"href":"https:\/\/www.sonoraenequipo.com.mx\/api\/wp\/v2\/comments?post=81893"}],"version-history":[{"count":0,"href":"https:\/\/www.sonoraenequipo.com.mx\/api\/wp\/v2\/posts\/81893\/revisions"}],"wp:featuredmedia":[{"embeddable":true,"href":"https:\/\/www.sonoraenequipo.com.mx\/api\/wp\/v2\/media\/81894"}],"wp:attachment":[{"href":"https:\/\/www.sonoraenequipo.com.mx\/api\/wp\/v2\/media?parent=81893"}],"wp:term":[{"taxonomy":"category","embeddable":true,"href":"https:\/\/www.sonoraenequipo.com.mx\/api\/wp\/v2\/categories?post=81893"},{"taxonomy":"post_tag","embeddable":true,"href":"https:\/\/www.sonoraenequipo.com.mx\/api\/wp\/v2\/tags?post=81893"}],"curies":[{"name":"wp","href":"https:\/\/api.w.org\/{rel}","templated":true}]}}