{"id":83692,"date":"2020-04-22T13:35:07","date_gmt":"2020-04-22T20:35:07","guid":{"rendered":"https:\/\/www.sonoraenequipo.com.mx\/?p=83692"},"modified":"2020-04-22T13:35:07","modified_gmt":"2020-04-22T20:35:07","slug":"llama-secretaria-de-salud-a-municipios-a-no-bajar-la-guardia-para-evitar-propagacion-de-covid-19","status":"publish","type":"post","link":"https:\/\/www.sonoraenequipo.com.mx\/llama-secretaria-de-salud-a-municipios-a-no-bajar-la-guardia-para-evitar-propagacion-de-covid-19\/","title":{"rendered":"Llama Secretar\u00eda de Salud a municipios a no bajar la guardia para evitar propagaci\u00f3n de Covid-19"},"content":{"rendered":"<p>HERMOSILLO, SONORA.MX. \u2014 Los municipios que no han registrado casos de Covid-19 no deben bajar la guardia respecto a las medidas de distanciamiento social, ya que con una sola persona que resulte positivo a la enfermedad, se puede producir un brote explosivo en el resto de la poblaci\u00f3n, destac\u00f3 Gerardo \u00c1lvarez Hern\u00e1ndez, director general de Promoci\u00f3n a la Salud y Prevenci\u00f3n de Enfermedades.<\/p>\n<p>&nbsp;<\/p>\n<p> <\/p>\n<p>&nbsp;<\/p>\n<p>&nbsp;<\/p>\n<p>Explic\u00f3 que si una persona con s\u00edntomas llega a una comunidad, \u00e9sta se encontrar\u00eda en riesgo porque el organismo no reconoce al virus, y no se tienen anticuerpos para hacerle frente, por lo que el llamado es que las personas sigan resguard\u00e1ndose en sus hogares.<\/p>\n<p>&nbsp;<\/p>\n<p>&nbsp;<\/p>\n<p><em>\u201cEs importante que no bajemos la guardia, la contingencia sanitaria se ha extendido en el pa\u00eds hasta el 30 de mayo, esto implica que debemos de mantener las medidas de distanciamiento social porque no tenemos defensas biol\u00f3gicas contra el virus, de forma que si se presentara un caso, el riesgo de que ocurriera un brote explosivo s\u00ed ser\u00eda alto\u201d<\/em>, indic\u00f3.<\/p>\n<p>&nbsp;<\/p>\n<p>&nbsp;<\/p>\n<p>\u00c1lvarez Hern\u00e1ndez record\u00f3 que desde el periodo vacacional de Semana Santa se ha llamado a todos los municipios a que refuercen las medidas preventivas ante la llegada de personas de otros pa\u00edses u otros estados, para evitar eventos donde se conglomeren grupos grandes de personas.<\/p>\n<p>&nbsp;<\/p>\n<p>&nbsp;<\/p>\n<p>Llam\u00f3 tambi\u00e9n a las y los ciudadanos a cuidar de los adultos mayores, ya que si bien es cierto que hay un gran n\u00famero de municipios donde no hay casos registrados, en gran parte de ellos la media de edad es superior a la de municipios conurbados y registran una alta presencia de poblaci\u00f3n con padecimientos cr\u00f3nico degenerativos.<\/p>\n<p>&nbsp;<\/p>\n<p>&nbsp;<\/p>\n<p><em>\u201cHacemos un llamado a toda la poblaci\u00f3n de Sonora para que cuidemos a nuestras personas mayores, especialmente si padecen una enfermedad cr\u00f3nica, hagamos un auto cuestionario y pregunt\u00e9monos si en nuestra casa hay una persona en esas condiciones\u201d,<\/em> se\u00f1al\u00f3.<\/p>\n<p>&nbsp;<\/p>\n<p>&nbsp;<\/p>\n<p>El director general de Promoci\u00f3n a la Salud y Prevenci\u00f3n de Enfermedades record\u00f3 que hasta la noche del 21 de abril Sonora registraba 165 casos, siendo San Luis R\u00edo Colorado el municipio con m\u00e1s positivos, por lo que un equipo de la Secretar\u00eda de Salud se encuentra en aquella localidad reforzando las acciones para disminuir la propagaci\u00f3n del virus.<\/p>\n<p>&nbsp;<\/p>\n<p>&nbsp;<\/p>\n<p>(PUBLICADO EL 22\/04\/2020)<\/p>\n","protected":false},"excerpt":{"rendered":"<p>HERMOSILLO, SONORA.MX. \u2014 Los municipios que no han registrado casos de Covid-19 no deben bajar&#8230;<\/p>\n","protected":false},"author":1,"featured_media":83693,"comment_status":"open","ping_status":"open","sticky":false,"template":"","format":"standard","meta":{"_monsterinsights_skip_tracking":false,"_monsterinsights_sitenote_active":false,"_monsterinsights_sitenote_note":"","_monsterinsights_sitenote_category":0,"footnotes":""},"categories":[2922],"tags":[],"class_list":["post"],"yoast_head":" \n<title>Sonora en Equipo. Llama Secretar\u00eda de Salud a municipios a no bajar la guardia para evitar propagaci\u00f3n de Covid-19 Pandemia<\/title>\n<meta name=\"description\" content=\"HERMOSILLO, SONORA.MX. \u2014 Los municipios que no han registrado casos de Covid-19 no deben bajar la guardia respecto a las medidas de distanciamiento En Sonora en Equipo publicamos toda la informaci\u00f3n de Sonora, M\u00e9xico y el Mundo de manera oportuna y busca que la libertad de expresi\u00f3n sea real. Visita nuestro medio informativo publicado desde Hermosillo, Sonora. %\" \/>\n<meta name=\"robots\" content=\"index, follow, max-snippet:-1, max-image-preview:large, max-video-preview:-1\" \/>\n<link rel=\"canonical\" href=\"https:\/\/www.sonoraenequipo.com.mx\/llama-secretaria-de-salud-a-municipios-a-no-bajar-la-guardia-para-evitar-propagacion-de-covid-19\/\" \/>\n<meta property=\"og:locale\" content=\"es_ES\" \/>\n<meta property=\"og:type\" content=\"article\" \/>\n<meta property=\"og:title\" content=\"Sonora en Equipo. Llama Secretar\u00eda de Salud a municipios a no bajar la guardia para evitar propagaci\u00f3n de Covid-19 Pandemia\" \/>\n<meta property=\"og:description\" content=\"HERMOSILLO, SONORA.MX. \u2014 Los municipios que no han registrado casos de Covid-19 no deben bajar la guardia respecto a las medidas de distanciamiento En Sonora en Equipo publicamos toda la informaci\u00f3n de Sonora, M\u00e9xico y el Mundo de manera oportuna y busca que la libertad de expresi\u00f3n sea real. Visita nuestro medio informativo publicado desde Hermosillo, Sonora. %\" \/>\n<meta property=\"og:url\" content=\"https:\/\/www.sonoraenequipo.com.mx\/llama-secretaria-de-salud-a-municipios-a-no-bajar-la-guardia-para-evitar-propagacion-de-covid-19\/\" \/>\n<meta property=\"og:site_name\" content=\"Sonora en Equipo.\" \/>\n<meta property=\"article:publisher\" content=\"https:\/\/www.facebook.com\/SonoraEE\/\" \/>\n<meta property=\"article:author\" content=\"https:\/\/www.facebook.com\/SonoraEE\" \/>\n<meta property=\"article:published_time\" content=\"2020-04-22T20:35:07+00:00\" \/>\n<meta property=\"og:image\" content=\"https:\/\/www.sonoraenequipo.com.mx\/storage\/2020\/04\/ssalud_promocion-salud_opt.jpg\" \/>\n\t<meta property=\"og:image:width\" content=\"768\" \/>\n\t<meta property=\"og:image:height\" content=\"450\" \/>\n\t<meta property=\"og:image:type\" content=\"image\/jpeg\" \/>\n<meta name=\"author\" content=\"enequipo\" \/>\n<meta name=\"twitter:card\" content=\"summary_large_image\" \/>\n<meta name=\"twitter:creator\" content=\"@sonoraenequipo\" \/>\n<meta name=\"twitter:site\" content=\"@sonoraenequipo\" \/>\n<meta name=\"twitter:label1\" content=\"Escrito por\" \/>\n\t<meta name=\"twitter:data1\" content=\"enequipo\" \/>\n\t<meta name=\"twitter:label2\" content=\"Tiempo de lectura\" \/>\n\t<meta name=\"twitter:data2\" content=\"2 minutos\" \/>\n<script type=\"application\/ld+json\" class=\"yoast-schema-graph\">{\"@context\":\"https:\/\/schema.org\",\"@graph\":[{\"@type\":\"Article\",\"@id\":\"https:\/\/www.sonoraenequipo.com.mx\/llama-secretaria-de-salud-a-municipios-a-no-bajar-la-guardia-para-evitar-propagacion-de-covid-19\/#article\",\"isPartOf\":{\"@id\":\"https:\/\/www.sonoraenequipo.com.mx\/llama-secretaria-de-salud-a-municipios-a-no-bajar-la-guardia-para-evitar-propagacion-de-covid-19\/\"},\"author\":{\"name\":\"enequipo\",\"@id\":\"https:\/\/www.sonoraenequipo.com.mx\/#\/schema\/person\/50102df0fb23a8fa9e8effad8fa81386\"},\"headline\":\"Llama Secretar\u00eda de Salud a municipios a no bajar la guardia para evitar propagaci\u00f3n de Covid-19\",\"datePublished\":\"2020-04-22T20:35:07+00:00\",\"mainEntityOfPage\":{\"@id\":\"https:\/\/www.sonoraenequipo.com.mx\/llama-secretaria-de-salud-a-municipios-a-no-bajar-la-guardia-para-evitar-propagacion-de-covid-19\/\"},\"wordCount\":427,\"commentCount\":0,\"publisher\":{\"@id\":\"https:\/\/www.sonoraenequipo.com.mx\/#organization\"},\"image\":{\"@id\":\"https:\/\/www.sonoraenequipo.com.mx\/llama-secretaria-de-salud-a-municipios-a-no-bajar-la-guardia-para-evitar-propagacion-de-covid-19\/#primaryimage\"},\"thumbnailUrl\":\"https:\/\/www.sonoraenequipo.com.mx\/storage\/2020\/04\/ssalud_promocion-salud_opt.jpg\",\"articleSection\":[\"Pandemia\"],\"inLanguage\":\"es\",\"potentialAction\":[{\"@type\":\"CommentAction\",\"name\":\"Comment\",\"target\":[\"https:\/\/www.sonoraenequipo.com.mx\/llama-secretaria-de-salud-a-municipios-a-no-bajar-la-guardia-para-evitar-propagacion-de-covid-19\/#respond\"]}]},{\"@type\":\"WebPage\",\"@id\":\"https:\/\/www.sonoraenequipo.com.mx\/llama-secretaria-de-salud-a-municipios-a-no-bajar-la-guardia-para-evitar-propagacion-de-covid-19\/\",\"url\":\"https:\/\/www.sonoraenequipo.com.mx\/llama-secretaria-de-salud-a-municipios-a-no-bajar-la-guardia-para-evitar-propagacion-de-covid-19\/\",\"name\":\"Sonora en Equipo. Llama Secretar\u00eda de Salud a municipios a no bajar la guardia para evitar propagaci\u00f3n de Covid-19 Pandemia\",\"isPartOf\":{\"@id\":\"https:\/\/www.sonoraenequipo.com.mx\/#website\"},\"primaryImageOfPage\":{\"@id\":\"https:\/\/www.sonoraenequipo.com.mx\/llama-secretaria-de-salud-a-municipios-a-no-bajar-la-guardia-para-evitar-propagacion-de-covid-19\/#primaryimage\"},\"image\":{\"@id\":\"https:\/\/www.sonoraenequipo.com.mx\/llama-secretaria-de-salud-a-municipios-a-no-bajar-la-guardia-para-evitar-propagacion-de-covid-19\/#primaryimage\"},\"thumbnailUrl\":\"https:\/\/www.sonoraenequipo.com.mx\/storage\/2020\/04\/ssalud_promocion-salud_opt.jpg\",\"datePublished\":\"2020-04-22T20:35:07+00:00\",\"description\":\"HERMOSILLO, SONORA.MX. \u2014 Los municipios que no han registrado casos de Covid-19 no deben bajar la guardia respecto a las medidas de distanciamiento En Sonora en Equipo publicamos toda la informaci\u00f3n de Sonora, M\u00e9xico y el Mundo de manera oportuna y busca que la libertad de expresi\u00f3n sea real. Visita nuestro medio informativo publicado desde Hermosillo, Sonora. %\",\"breadcrumb\":{\"@id\":\"https:\/\/www.sonoraenequipo.com.mx\/llama-secretaria-de-salud-a-municipios-a-no-bajar-la-guardia-para-evitar-propagacion-de-covid-19\/#breadcrumb\"},\"inLanguage\":\"es\",\"potentialAction\":[{\"@type\":\"ReadAction\",\"target\":[\"https:\/\/www.sonoraenequipo.com.mx\/llama-secretaria-de-salud-a-municipios-a-no-bajar-la-guardia-para-evitar-propagacion-de-covid-19\/\"]}]},{\"@type\":\"ImageObject\",\"inLanguage\":\"es\",\"@id\":\"https:\/\/www.sonoraenequipo.com.mx\/llama-secretaria-de-salud-a-municipios-a-no-bajar-la-guardia-para-evitar-propagacion-de-covid-19\/#primaryimage\",\"url\":\"https:\/\/www.sonoraenequipo.com.mx\/storage\/2020\/04\/ssalud_promocion-salud_opt.jpg\",\"contentUrl\":\"https:\/\/www.sonoraenequipo.com.mx\/storage\/2020\/04\/ssalud_promocion-salud_opt.jpg\",\"width\":768,\"height\":450},{\"@type\":\"BreadcrumbList\",\"@id\":\"https:\/\/www.sonoraenequipo.com.mx\/llama-secretaria-de-salud-a-municipios-a-no-bajar-la-guardia-para-evitar-propagacion-de-covid-19\/#breadcrumb\",\"itemListElement\":[{\"@type\":\"ListItem\",\"position\":1,\"name\":\"Portada\",\"item\":\"https:\/\/www.sonoraenequipo.com.mx\/\"},{\"@type\":\"ListItem\",\"position\":2,\"name\":\"Llama Secretar\u00eda de Salud a municipios a no bajar la guardia para evitar propagaci\u00f3n de Covid-19\"}]},{\"@type\":\"WebSite\",\"@id\":\"https:\/\/www.sonoraenequipo.com.mx\/#website\",\"url\":\"https:\/\/www.sonoraenequipo.com.mx\/\",\"name\":\"Sonora en Equipo.\",\"description\":\"Diario en l\u00ednea con Noticias desde Hermosillo, Sonora\",\"publisher\":{\"@id\":\"https:\/\/www.sonoraenequipo.com.mx\/#organization\"},\"potentialAction\":[{\"@type\":\"SearchAction\",\"target\":{\"@type\":\"EntryPoint\",\"urlTemplate\":\"https:\/\/www.sonoraenequipo.com.mx\/?s={search_term_string}\"},\"query-input\":{\"@type\":\"PropertyValueSpecification\",\"valueRequired\":true,\"valueName\":\"search_term_string\"}}],\"inLanguage\":\"es\"},{\"@type\":\"Organization\",\"@id\":\"https:\/\/www.sonoraenequipo.com.mx\/#organization\",\"name\":\"Sonoraenequipo.com.mx\",\"url\":\"https:\/\/www.sonoraenequipo.com.mx\/\",\"logo\":{\"@type\":\"ImageObject\",\"inLanguage\":\"es\",\"@id\":\"https:\/\/www.sonoraenequipo.com.mx\/#\/schema\/logo\/image\/\",\"url\":\"https:\/\/www.sonoraenequipo.com.mx\/storage\/2019\/01\/sonoraenequipo_opt.png\",\"contentUrl\":\"https:\/\/www.sonoraenequipo.com.mx\/storage\/2019\/01\/sonoraenequipo_opt.png\",\"width\":375,\"height\":125,\"caption\":\"Sonoraenequipo.com.mx\"},\"image\":{\"@id\":\"https:\/\/www.sonoraenequipo.com.mx\/#\/schema\/logo\/image\/\"},\"sameAs\":[\"https:\/\/www.facebook.com\/SonoraEE\/\",\"https:\/\/x.com\/sonoraenequipo\",\"https:\/\/www.youtube.com\/channel\/UC338nW-lPEYmJQs4ZABQ1SQ\"]},{\"@type\":\"Person\",\"@id\":\"https:\/\/www.sonoraenequipo.com.mx\/#\/schema\/person\/50102df0fb23a8fa9e8effad8fa81386\",\"name\":\"enequipo\",\"image\":{\"@type\":\"ImageObject\",\"inLanguage\":\"es\",\"@id\":\"https:\/\/www.sonoraenequipo.com.mx\/#\/schema\/person\/image\/\",\"url\":\"https:\/\/secure.gravatar.com\/avatar\/049821681b589dabc0bc20695993ccebb09f5b5d4d790cd9251b97faac7c652b?s=96&d=blank&r=g\",\"contentUrl\":\"https:\/\/secure.gravatar.com\/avatar\/049821681b589dabc0bc20695993ccebb09f5b5d4d790cd9251b97faac7c652b?s=96&d=blank&r=g\",\"caption\":\"enequipo\"},\"sameAs\":[\"https:\/\/www.facebook.com\/SonoraEE\"]}]}<\/script>\n ","yoast_head_json":{"title":"Sonora en Equipo. Llama Secretar\u00eda de Salud a municipios a no bajar la guardia para evitar propagaci\u00f3n de Covid-19 Pandemia","description":"HERMOSILLO, SONORA.MX. \u2014 Los municipios que no han registrado casos de Covid-19 no deben bajar la guardia respecto a las medidas de distanciamiento En Sonora en Equipo publicamos toda la informaci\u00f3n de Sonora, M\u00e9xico y el Mundo de manera oportuna y busca que la libertad de expresi\u00f3n sea real. Visita nuestro medio informativo publicado desde Hermosillo, Sonora. %","robots":{"index":"index","follow":"follow","max-snippet":"max-snippet:-1","max-image-preview":"max-image-preview:large","max-video-preview":"max-video-preview:-1"},"canonical":"https:\/\/www.sonoraenequipo.com.mx\/llama-secretaria-de-salud-a-municipios-a-no-bajar-la-guardia-para-evitar-propagacion-de-covid-19\/","og_locale":"es_ES","og_type":"article","og_title":"Sonora en Equipo. Llama Secretar\u00eda de Salud a municipios a no bajar la guardia para evitar propagaci\u00f3n de Covid-19 Pandemia","og_description":"HERMOSILLO, SONORA.MX. \u2014 Los municipios que no han registrado casos de Covid-19 no deben bajar la guardia respecto a las medidas de distanciamiento En Sonora en Equipo publicamos toda la informaci\u00f3n de Sonora, M\u00e9xico y el Mundo de manera oportuna y busca que la libertad de expresi\u00f3n sea real. Visita nuestro medio informativo publicado desde Hermosillo, Sonora. %","og_url":"https:\/\/www.sonoraenequipo.com.mx\/llama-secretaria-de-salud-a-municipios-a-no-bajar-la-guardia-para-evitar-propagacion-de-covid-19\/","og_site_name":"Sonora en Equipo.","article_publisher":"https:\/\/www.facebook.com\/SonoraEE\/","article_author":"https:\/\/www.facebook.com\/SonoraEE","article_published_time":"2020-04-22T20:35:07+00:00","og_image":[{"width":768,"height":450,"url":"https:\/\/www.sonoraenequipo.com.mx\/storage\/2020\/04\/ssalud_promocion-salud_opt.jpg","type":"image\/jpeg"}],"author":"enequipo","twitter_card":"summary_large_image","twitter_creator":"@sonoraenequipo","twitter_site":"@sonoraenequipo","twitter_misc":{"Escrito por":"enequipo","Tiempo de lectura":"2 minutos"},"schema":{"@context":"https:\/\/schema.org","@graph":[{"@type":"Article","@id":"https:\/\/www.sonoraenequipo.com.mx\/llama-secretaria-de-salud-a-municipios-a-no-bajar-la-guardia-para-evitar-propagacion-de-covid-19\/#article","isPartOf":{"@id":"https:\/\/www.sonoraenequipo.com.mx\/llama-secretaria-de-salud-a-municipios-a-no-bajar-la-guardia-para-evitar-propagacion-de-covid-19\/"},"author":{"name":"enequipo","@id":"https:\/\/www.sonoraenequipo.com.mx\/#\/schema\/person\/50102df0fb23a8fa9e8effad8fa81386"},"headline":"Llama Secretar\u00eda de Salud a municipios a no bajar la guardia para evitar propagaci\u00f3n de Covid-19","datePublished":"2020-04-22T20:35:07+00:00","mainEntityOfPage":{"@id":"https:\/\/www.sonoraenequipo.com.mx\/llama-secretaria-de-salud-a-municipios-a-no-bajar-la-guardia-para-evitar-propagacion-de-covid-19\/"},"wordCount":427,"commentCount":0,"publisher":{"@id":"https:\/\/www.sonoraenequipo.com.mx\/#organization"},"image":{"@id":"https:\/\/www.sonoraenequipo.com.mx\/llama-secretaria-de-salud-a-municipios-a-no-bajar-la-guardia-para-evitar-propagacion-de-covid-19\/#primaryimage"},"thumbnailUrl":"https:\/\/www.sonoraenequipo.com.mx\/storage\/2020\/04\/ssalud_promocion-salud_opt.jpg","articleSection":["Pandemia"],"inLanguage":"es","potentialAction":[{"@type":"CommentAction","name":"Comment","target":["https:\/\/www.sonoraenequipo.com.mx\/llama-secretaria-de-salud-a-municipios-a-no-bajar-la-guardia-para-evitar-propagacion-de-covid-19\/#respond"]}]},{"@type":"WebPage","@id":"https:\/\/www.sonoraenequipo.com.mx\/llama-secretaria-de-salud-a-municipios-a-no-bajar-la-guardia-para-evitar-propagacion-de-covid-19\/","url":"https:\/\/www.sonoraenequipo.com.mx\/llama-secretaria-de-salud-a-municipios-a-no-bajar-la-guardia-para-evitar-propagacion-de-covid-19\/","name":"Sonora en Equipo. Llama Secretar\u00eda de Salud a municipios a no bajar la guardia para evitar propagaci\u00f3n de Covid-19 Pandemia","isPartOf":{"@id":"https:\/\/www.sonoraenequipo.com.mx\/#website"},"primaryImageOfPage":{"@id":"https:\/\/www.sonoraenequipo.com.mx\/llama-secretaria-de-salud-a-municipios-a-no-bajar-la-guardia-para-evitar-propagacion-de-covid-19\/#primaryimage"},"image":{"@id":"https:\/\/www.sonoraenequipo.com.mx\/llama-secretaria-de-salud-a-municipios-a-no-bajar-la-guardia-para-evitar-propagacion-de-covid-19\/#primaryimage"},"thumbnailUrl":"https:\/\/www.sonoraenequipo.com.mx\/storage\/2020\/04\/ssalud_promocion-salud_opt.jpg","datePublished":"2020-04-22T20:35:07+00:00","description":"HERMOSILLO, SONORA.MX. \u2014 Los municipios que no han registrado casos de Covid-19 no deben bajar la guardia respecto a las medidas de distanciamiento En Sonora en Equipo publicamos toda la informaci\u00f3n de Sonora, M\u00e9xico y el Mundo de manera oportuna y busca que la libertad de expresi\u00f3n sea real. Visita nuestro medio informativo publicado desde Hermosillo, Sonora. %","breadcrumb":{"@id":"https:\/\/www.sonoraenequipo.com.mx\/llama-secretaria-de-salud-a-municipios-a-no-bajar-la-guardia-para-evitar-propagacion-de-covid-19\/#breadcrumb"},"inLanguage":"es","potentialAction":[{"@type":"ReadAction","target":["https:\/\/www.sonoraenequipo.com.mx\/llama-secretaria-de-salud-a-municipios-a-no-bajar-la-guardia-para-evitar-propagacion-de-covid-19\/"]}]},{"@type":"ImageObject","inLanguage":"es","@id":"https:\/\/www.sonoraenequipo.com.mx\/llama-secretaria-de-salud-a-municipios-a-no-bajar-la-guardia-para-evitar-propagacion-de-covid-19\/#primaryimage","url":"https:\/\/www.sonoraenequipo.com.mx\/storage\/2020\/04\/ssalud_promocion-salud_opt.jpg","contentUrl":"https:\/\/www.sonoraenequipo.com.mx\/storage\/2020\/04\/ssalud_promocion-salud_opt.jpg","width":768,"height":450},{"@type":"BreadcrumbList","@id":"https:\/\/www.sonoraenequipo.com.mx\/llama-secretaria-de-salud-a-municipios-a-no-bajar-la-guardia-para-evitar-propagacion-de-covid-19\/#breadcrumb","itemListElement":[{"@type":"ListItem","position":1,"name":"Portada","item":"https:\/\/www.sonoraenequipo.com.mx\/"},{"@type":"ListItem","position":2,"name":"Llama Secretar\u00eda de Salud a municipios a no bajar la guardia para evitar propagaci\u00f3n de Covid-19"}]},{"@type":"WebSite","@id":"https:\/\/www.sonoraenequipo.com.mx\/#website","url":"https:\/\/www.sonoraenequipo.com.mx\/","name":"Sonora en Equipo.","description":"Diario en l\u00ednea con Noticias desde Hermosillo, Sonora","publisher":{"@id":"https:\/\/www.sonoraenequipo.com.mx\/#organization"},"potentialAction":[{"@type":"SearchAction","target":{"@type":"EntryPoint","urlTemplate":"https:\/\/www.sonoraenequipo.com.mx\/?s={search_term_string}"},"query-input":{"@type":"PropertyValueSpecification","valueRequired":true,"valueName":"search_term_string"}}],"inLanguage":"es"},{"@type":"Organization","@id":"https:\/\/www.sonoraenequipo.com.mx\/#organization","name":"Sonoraenequipo.com.mx","url":"https:\/\/www.sonoraenequipo.com.mx\/","logo":{"@type":"ImageObject","inLanguage":"es","@id":"https:\/\/www.sonoraenequipo.com.mx\/#\/schema\/logo\/image\/","url":"https:\/\/www.sonoraenequipo.com.mx\/storage\/2019\/01\/sonoraenequipo_opt.png","contentUrl":"https:\/\/www.sonoraenequipo.com.mx\/storage\/2019\/01\/sonoraenequipo_opt.png","width":375,"height":125,"caption":"Sonoraenequipo.com.mx"},"image":{"@id":"https:\/\/www.sonoraenequipo.com.mx\/#\/schema\/logo\/image\/"},"sameAs":["https:\/\/www.facebook.com\/SonoraEE\/","https:\/\/x.com\/sonoraenequipo","https:\/\/www.youtube.com\/channel\/UC338nW-lPEYmJQs4ZABQ1SQ"]},{"@type":"Person","@id":"https:\/\/www.sonoraenequipo.com.mx\/#\/schema\/person\/50102df0fb23a8fa9e8effad8fa81386","name":"enequipo","image":{"@type":"ImageObject","inLanguage":"es","@id":"https:\/\/www.sonoraenequipo.com.mx\/#\/schema\/person\/image\/","url":"https:\/\/secure.gravatar.com\/avatar\/049821681b589dabc0bc20695993ccebb09f5b5d4d790cd9251b97faac7c652b?s=96&d=blank&r=g","contentUrl":"https:\/\/secure.gravatar.com\/avatar\/049821681b589dabc0bc20695993ccebb09f5b5d4d790cd9251b97faac7c652b?s=96&d=blank&r=g","caption":"enequipo"},"sameAs":["https:\/\/www.facebook.com\/SonoraEE"]}]}},"jetpack_featured_media_url":"https:\/\/www.sonoraenequipo.com.mx\/storage\/2020\/04\/ssalud_promocion-salud_opt.jpg","_links":{"self":[{"href":"https:\/\/www.sonoraenequipo.com.mx\/api\/wp\/v2\/posts\/83692","targetHints":{"allow":["GET"]}}],"collection":[{"href":"https:\/\/www.sonoraenequipo.com.mx\/api\/wp\/v2\/posts"}],"about":[{"href":"https:\/\/www.sonoraenequipo.com.mx\/api\/wp\/v2\/types\/post"}],"author":[{"embeddable":true,"href":"https:\/\/www.sonoraenequipo.com.mx\/api\/wp\/v2\/users\/1"}],"replies":[{"embeddable":true,"href":"https:\/\/www.sonoraenequipo.com.mx\/api\/wp\/v2\/comments?post=83692"}],"version-history":[{"count":0,"href":"https:\/\/www.sonoraenequipo.com.mx\/api\/wp\/v2\/posts\/83692\/revisions"}],"wp:featuredmedia":[{"embeddable":true,"href":"https:\/\/www.sonoraenequipo.com.mx\/api\/wp\/v2\/media\/83693"}],"wp:attachment":[{"href":"https:\/\/www.sonoraenequipo.com.mx\/api\/wp\/v2\/media?parent=83692"}],"wp:term":[{"taxonomy":"category","embeddable":true,"href":"https:\/\/www.sonoraenequipo.com.mx\/api\/wp\/v2\/categories?post=83692"},{"taxonomy":"post_tag","embeddable":true,"href":"https:\/\/www.sonoraenequipo.com.mx\/api\/wp\/v2\/tags?post=83692"}],"curies":[{"name":"wp","href":"https:\/\/api.w.org\/{rel}","templated":true}]}}