{"id":83697,"date":"2020-04-22T14:12:54","date_gmt":"2020-04-22T21:12:54","guid":{"rendered":"https:\/\/www.sonoraenequipo.com.mx\/?p=83697"},"modified":"2020-04-22T14:12:54","modified_gmt":"2020-04-22T21:12:54","slug":"imca-ofrecera-edicion-especial-del-libro-el-despertar-de-la-poesia","status":"publish","type":"post","link":"https:\/\/www.sonoraenequipo.com.mx\/imca-ofrecera-edicion-especial-del-libro-el-despertar-de-la-poesia\/","title":{"rendered":"IMCA  ofrecer\u00e1  edici\u00f3n especial del libro El Despertar de la Poes\u00eda"},"content":{"rendered":"<p>&nbsp;<\/p>\n<p>&nbsp;<\/p>\n<p>HERMOSILLO, SONORA,MX.\u2500 El Instituto Municipal de Cultura y Arte (IMCA) se sum\u00f3 a la celebraci\u00f3n del D\u00eda Internacional del Libro y los Derechos de Autor al ofrecer una edici\u00f3n especial del libro El Despertar de la Poes\u00eda, del escritor espa\u00f1ol Antonio Machado. <\/p>\n<p>&nbsp;<\/p>\n<p>IMCA Hermosillo, junto con otros municipios se sumaron a la iniciativa del Fondo de Cultura Econ\u00f3mica y juntos hicieron la edici\u00f3n a la que se podr\u00e1 tener libre acceso este jueves 23 de abril desde las p\u00e1ginas de los institutos participantes.<\/p>\n<p>&nbsp;<\/p>\n<p>Diana Reyes Gonz\u00e1lez, directora de IMCA, coment\u00f3 que adem\u00e1s se prepar\u00f3 una din\u00e1mica entre los 10 municipios que se sumaron a la iniciativa del Fondo de Cultura Econ\u00f3mica, los cuales eligieron un poeta, para dar lectura a un fragmento de su obra.<\/p>\n<p>&nbsp;<\/p>\n<p>Mencion\u00f3 que por parte IMCA Hermosillo, la colaboradora escritora y poeta Laura Delia Quintero compartir\u00e1 la lectura de un fragmento del libro de Machado.<\/p>\n<p>&nbsp;<\/p>\n<p>Reyes Gonz\u00e1lez dijo que una vez que pase la contingencia por coronavirus, el instituto tendr\u00e1 a disposici\u00f3n mil ejemplares de El Despertar de la Poes\u00eda para hacer llegar a los usuarios de las bibliotecas p\u00fablicas municipales y personas que deseen leerlo.<\/p>\n<p>Fecha de publicaci\u00f3n 22\/abr\/2020<\/p>\n<p>&nbsp;<\/p>\n","protected":false},"excerpt":{"rendered":"<p>&nbsp; &nbsp; HERMOSILLO, SONORA,MX.\u2500 El Instituto Municipal de Cultura y Arte (IMCA) se sum\u00f3 a&#8230;<\/p>\n","protected":false},"author":1,"featured_media":83698,"comment_status":"open","ping_status":"open","sticky":false,"template":"","format":"standard","meta":{"_monsterinsights_skip_tracking":false,"_monsterinsights_sitenote_active":false,"_monsterinsights_sitenote_note":"","_monsterinsights_sitenote_category":0,"footnotes":""},"categories":[4],"tags":[4370],"class_list":["post"],"yoast_head":" \n<title>Sonora en Equipo. IMCA ofrecer\u00e1 edici\u00f3n especial del libro El Despertar de la Poes\u00eda Municipios<\/title>\n<meta name=\"description\" content=\"&nbsp; &nbsp; HERMOSILLO, SONORA,MX.\u2500 El Instituto Municipal de Cultura y Arte (IMCA) se sum\u00f3 a la celebraci\u00f3n del D\u00eda Internacional del Libro y los En Sonora en Equipo publicamos toda la informaci\u00f3n de Sonora, M\u00e9xico y el Mundo de manera oportuna y busca que la libertad de expresi\u00f3n sea real. Visita nuestro medio informativo publicado desde Hermosillo, Sonora. %\" \/>\n<meta name=\"robots\" content=\"index, follow, max-snippet:-1, max-image-preview:large, max-video-preview:-1\" \/>\n<link rel=\"canonical\" href=\"https:\/\/www.sonoraenequipo.com.mx\/imca-ofrecera-edicion-especial-del-libro-el-despertar-de-la-poesia\/\" \/>\n<meta property=\"og:locale\" content=\"es_ES\" \/>\n<meta property=\"og:type\" content=\"article\" \/>\n<meta property=\"og:title\" content=\"Sonora en Equipo. IMCA ofrecer\u00e1 edici\u00f3n especial del libro El Despertar de la Poes\u00eda Municipios\" \/>\n<meta property=\"og:description\" content=\"&nbsp; &nbsp; HERMOSILLO, SONORA,MX.\u2500 El Instituto Municipal de Cultura y Arte (IMCA) se sum\u00f3 a la celebraci\u00f3n del D\u00eda Internacional del Libro y los En Sonora en Equipo publicamos toda la informaci\u00f3n de Sonora, M\u00e9xico y el Mundo de manera oportuna y busca que la libertad de expresi\u00f3n sea real. Visita nuestro medio informativo publicado desde Hermosillo, Sonora. %\" \/>\n<meta property=\"og:url\" content=\"https:\/\/www.sonoraenequipo.com.mx\/imca-ofrecera-edicion-especial-del-libro-el-despertar-de-la-poesia\/\" \/>\n<meta property=\"og:site_name\" content=\"Sonora en Equipo.\" \/>\n<meta property=\"article:publisher\" content=\"https:\/\/www.facebook.com\/SonoraEE\/\" \/>\n<meta property=\"article:author\" content=\"https:\/\/www.facebook.com\/SonoraEE\" \/>\n<meta property=\"article:published_time\" content=\"2020-04-22T21:12:54+00:00\" \/>\n<meta property=\"og:image\" content=\"https:\/\/www.sonoraenequipo.com.mx\/storage\/2020\/04\/despertar.jpg\" \/>\n\t<meta property=\"og:image:width\" content=\"600\" \/>\n\t<meta property=\"og:image:height\" content=\"400\" \/>\n\t<meta property=\"og:image:type\" content=\"image\/jpeg\" \/>\n<meta name=\"author\" content=\"enequipo\" \/>\n<meta name=\"twitter:card\" content=\"summary_large_image\" \/>\n<meta name=\"twitter:creator\" content=\"@sonoraenequipo\" \/>\n<meta name=\"twitter:site\" content=\"@sonoraenequipo\" \/>\n<meta name=\"twitter:label1\" content=\"Escrito por\" \/>\n\t<meta name=\"twitter:data1\" content=\"enequipo\" \/>\n\t<meta name=\"twitter:label2\" content=\"Tiempo de lectura\" \/>\n\t<meta name=\"twitter:data2\" content=\"1 minuto\" \/>\n<script type=\"application\/ld+json\" class=\"yoast-schema-graph\">{\"@context\":\"https:\/\/schema.org\",\"@graph\":[{\"@type\":\"Article\",\"@id\":\"https:\/\/www.sonoraenequipo.com.mx\/imca-ofrecera-edicion-especial-del-libro-el-despertar-de-la-poesia\/#article\",\"isPartOf\":{\"@id\":\"https:\/\/www.sonoraenequipo.com.mx\/imca-ofrecera-edicion-especial-del-libro-el-despertar-de-la-poesia\/\"},\"author\":{\"name\":\"enequipo\",\"@id\":\"https:\/\/www.sonoraenequipo.com.mx\/#\/schema\/person\/50102df0fb23a8fa9e8effad8fa81386\"},\"headline\":\"IMCA ofrecer\u00e1 edici\u00f3n especial del libro El Despertar de la Poes\u00eda\",\"datePublished\":\"2020-04-22T21:12:54+00:00\",\"mainEntityOfPage\":{\"@id\":\"https:\/\/www.sonoraenequipo.com.mx\/imca-ofrecera-edicion-especial-del-libro-el-despertar-de-la-poesia\/\"},\"wordCount\":230,\"commentCount\":0,\"publisher\":{\"@id\":\"https:\/\/www.sonoraenequipo.com.mx\/#organization\"},\"image\":{\"@id\":\"https:\/\/www.sonoraenequipo.com.mx\/imca-ofrecera-edicion-especial-del-libro-el-despertar-de-la-poesia\/#primaryimage\"},\"thumbnailUrl\":\"https:\/\/www.sonoraenequipo.com.mx\/storage\/2020\/04\/despertar.jpg\",\"keywords\":[\"El Despertar de la Poes\u00eda\"],\"articleSection\":[\"Municipios\"],\"inLanguage\":\"es\",\"potentialAction\":[{\"@type\":\"CommentAction\",\"name\":\"Comment\",\"target\":[\"https:\/\/www.sonoraenequipo.com.mx\/imca-ofrecera-edicion-especial-del-libro-el-despertar-de-la-poesia\/#respond\"]}]},{\"@type\":\"WebPage\",\"@id\":\"https:\/\/www.sonoraenequipo.com.mx\/imca-ofrecera-edicion-especial-del-libro-el-despertar-de-la-poesia\/\",\"url\":\"https:\/\/www.sonoraenequipo.com.mx\/imca-ofrecera-edicion-especial-del-libro-el-despertar-de-la-poesia\/\",\"name\":\"Sonora en Equipo. IMCA ofrecer\u00e1 edici\u00f3n especial del libro El Despertar de la Poes\u00eda Municipios\",\"isPartOf\":{\"@id\":\"https:\/\/www.sonoraenequipo.com.mx\/#website\"},\"primaryImageOfPage\":{\"@id\":\"https:\/\/www.sonoraenequipo.com.mx\/imca-ofrecera-edicion-especial-del-libro-el-despertar-de-la-poesia\/#primaryimage\"},\"image\":{\"@id\":\"https:\/\/www.sonoraenequipo.com.mx\/imca-ofrecera-edicion-especial-del-libro-el-despertar-de-la-poesia\/#primaryimage\"},\"thumbnailUrl\":\"https:\/\/www.sonoraenequipo.com.mx\/storage\/2020\/04\/despertar.jpg\",\"datePublished\":\"2020-04-22T21:12:54+00:00\",\"description\":\"&nbsp; &nbsp; HERMOSILLO, SONORA,MX.\u2500 El Instituto Municipal de Cultura y Arte (IMCA) se sum\u00f3 a la celebraci\u00f3n del D\u00eda Internacional del Libro y los En Sonora en Equipo publicamos toda la informaci\u00f3n de Sonora, M\u00e9xico y el Mundo de manera oportuna y busca que la libertad de expresi\u00f3n sea real. Visita nuestro medio informativo publicado desde Hermosillo, Sonora. %\",\"breadcrumb\":{\"@id\":\"https:\/\/www.sonoraenequipo.com.mx\/imca-ofrecera-edicion-especial-del-libro-el-despertar-de-la-poesia\/#breadcrumb\"},\"inLanguage\":\"es\",\"potentialAction\":[{\"@type\":\"ReadAction\",\"target\":[\"https:\/\/www.sonoraenequipo.com.mx\/imca-ofrecera-edicion-especial-del-libro-el-despertar-de-la-poesia\/\"]}]},{\"@type\":\"ImageObject\",\"inLanguage\":\"es\",\"@id\":\"https:\/\/www.sonoraenequipo.com.mx\/imca-ofrecera-edicion-especial-del-libro-el-despertar-de-la-poesia\/#primaryimage\",\"url\":\"https:\/\/www.sonoraenequipo.com.mx\/storage\/2020\/04\/despertar.jpg\",\"contentUrl\":\"https:\/\/www.sonoraenequipo.com.mx\/storage\/2020\/04\/despertar.jpg\",\"width\":600,\"height\":400},{\"@type\":\"BreadcrumbList\",\"@id\":\"https:\/\/www.sonoraenequipo.com.mx\/imca-ofrecera-edicion-especial-del-libro-el-despertar-de-la-poesia\/#breadcrumb\",\"itemListElement\":[{\"@type\":\"ListItem\",\"position\":1,\"name\":\"Portada\",\"item\":\"https:\/\/www.sonoraenequipo.com.mx\/\"},{\"@type\":\"ListItem\",\"position\":2,\"name\":\"IMCA ofrecer\u00e1 edici\u00f3n especial del libro El Despertar de la Poes\u00eda\"}]},{\"@type\":\"WebSite\",\"@id\":\"https:\/\/www.sonoraenequipo.com.mx\/#website\",\"url\":\"https:\/\/www.sonoraenequipo.com.mx\/\",\"name\":\"Sonora en Equipo.\",\"description\":\"Diario en l\u00ednea con Noticias desde Hermosillo, Sonora\",\"publisher\":{\"@id\":\"https:\/\/www.sonoraenequipo.com.mx\/#organization\"},\"potentialAction\":[{\"@type\":\"SearchAction\",\"target\":{\"@type\":\"EntryPoint\",\"urlTemplate\":\"https:\/\/www.sonoraenequipo.com.mx\/?s={search_term_string}\"},\"query-input\":{\"@type\":\"PropertyValueSpecification\",\"valueRequired\":true,\"valueName\":\"search_term_string\"}}],\"inLanguage\":\"es\"},{\"@type\":\"Organization\",\"@id\":\"https:\/\/www.sonoraenequipo.com.mx\/#organization\",\"name\":\"Sonoraenequipo.com.mx\",\"url\":\"https:\/\/www.sonoraenequipo.com.mx\/\",\"logo\":{\"@type\":\"ImageObject\",\"inLanguage\":\"es\",\"@id\":\"https:\/\/www.sonoraenequipo.com.mx\/#\/schema\/logo\/image\/\",\"url\":\"https:\/\/www.sonoraenequipo.com.mx\/storage\/2019\/01\/sonoraenequipo_opt.png\",\"contentUrl\":\"https:\/\/www.sonoraenequipo.com.mx\/storage\/2019\/01\/sonoraenequipo_opt.png\",\"width\":375,\"height\":125,\"caption\":\"Sonoraenequipo.com.mx\"},\"image\":{\"@id\":\"https:\/\/www.sonoraenequipo.com.mx\/#\/schema\/logo\/image\/\"},\"sameAs\":[\"https:\/\/www.facebook.com\/SonoraEE\/\",\"https:\/\/x.com\/sonoraenequipo\",\"https:\/\/www.youtube.com\/channel\/UC338nW-lPEYmJQs4ZABQ1SQ\"]},{\"@type\":\"Person\",\"@id\":\"https:\/\/www.sonoraenequipo.com.mx\/#\/schema\/person\/50102df0fb23a8fa9e8effad8fa81386\",\"name\":\"enequipo\",\"image\":{\"@type\":\"ImageObject\",\"inLanguage\":\"es\",\"@id\":\"https:\/\/www.sonoraenequipo.com.mx\/#\/schema\/person\/image\/\",\"url\":\"https:\/\/secure.gravatar.com\/avatar\/049821681b589dabc0bc20695993ccebb09f5b5d4d790cd9251b97faac7c652b?s=96&d=blank&r=g\",\"contentUrl\":\"https:\/\/secure.gravatar.com\/avatar\/049821681b589dabc0bc20695993ccebb09f5b5d4d790cd9251b97faac7c652b?s=96&d=blank&r=g\",\"caption\":\"enequipo\"},\"sameAs\":[\"https:\/\/www.facebook.com\/SonoraEE\"]}]}<\/script>\n ","yoast_head_json":{"title":"Sonora en Equipo. IMCA ofrecer\u00e1 edici\u00f3n especial del libro El Despertar de la Poes\u00eda Municipios","description":"&nbsp; &nbsp; HERMOSILLO, SONORA,MX.\u2500 El Instituto Municipal de Cultura y Arte (IMCA) se sum\u00f3 a la celebraci\u00f3n del D\u00eda Internacional del Libro y los En Sonora en Equipo publicamos toda la informaci\u00f3n de Sonora, M\u00e9xico y el Mundo de manera oportuna y busca que la libertad de expresi\u00f3n sea real. Visita nuestro medio informativo publicado desde Hermosillo, Sonora. %","robots":{"index":"index","follow":"follow","max-snippet":"max-snippet:-1","max-image-preview":"max-image-preview:large","max-video-preview":"max-video-preview:-1"},"canonical":"https:\/\/www.sonoraenequipo.com.mx\/imca-ofrecera-edicion-especial-del-libro-el-despertar-de-la-poesia\/","og_locale":"es_ES","og_type":"article","og_title":"Sonora en Equipo. IMCA ofrecer\u00e1 edici\u00f3n especial del libro El Despertar de la Poes\u00eda Municipios","og_description":"&nbsp; &nbsp; HERMOSILLO, SONORA,MX.\u2500 El Instituto Municipal de Cultura y Arte (IMCA) se sum\u00f3 a la celebraci\u00f3n del D\u00eda Internacional del Libro y los En Sonora en Equipo publicamos toda la informaci\u00f3n de Sonora, M\u00e9xico y el Mundo de manera oportuna y busca que la libertad de expresi\u00f3n sea real. Visita nuestro medio informativo publicado desde Hermosillo, Sonora. %","og_url":"https:\/\/www.sonoraenequipo.com.mx\/imca-ofrecera-edicion-especial-del-libro-el-despertar-de-la-poesia\/","og_site_name":"Sonora en Equipo.","article_publisher":"https:\/\/www.facebook.com\/SonoraEE\/","article_author":"https:\/\/www.facebook.com\/SonoraEE","article_published_time":"2020-04-22T21:12:54+00:00","og_image":[{"width":600,"height":400,"url":"https:\/\/www.sonoraenequipo.com.mx\/storage\/2020\/04\/despertar.jpg","type":"image\/jpeg"}],"author":"enequipo","twitter_card":"summary_large_image","twitter_creator":"@sonoraenequipo","twitter_site":"@sonoraenequipo","twitter_misc":{"Escrito por":"enequipo","Tiempo de lectura":"1 minuto"},"schema":{"@context":"https:\/\/schema.org","@graph":[{"@type":"Article","@id":"https:\/\/www.sonoraenequipo.com.mx\/imca-ofrecera-edicion-especial-del-libro-el-despertar-de-la-poesia\/#article","isPartOf":{"@id":"https:\/\/www.sonoraenequipo.com.mx\/imca-ofrecera-edicion-especial-del-libro-el-despertar-de-la-poesia\/"},"author":{"name":"enequipo","@id":"https:\/\/www.sonoraenequipo.com.mx\/#\/schema\/person\/50102df0fb23a8fa9e8effad8fa81386"},"headline":"IMCA ofrecer\u00e1 edici\u00f3n especial del libro El Despertar de la Poes\u00eda","datePublished":"2020-04-22T21:12:54+00:00","mainEntityOfPage":{"@id":"https:\/\/www.sonoraenequipo.com.mx\/imca-ofrecera-edicion-especial-del-libro-el-despertar-de-la-poesia\/"},"wordCount":230,"commentCount":0,"publisher":{"@id":"https:\/\/www.sonoraenequipo.com.mx\/#organization"},"image":{"@id":"https:\/\/www.sonoraenequipo.com.mx\/imca-ofrecera-edicion-especial-del-libro-el-despertar-de-la-poesia\/#primaryimage"},"thumbnailUrl":"https:\/\/www.sonoraenequipo.com.mx\/storage\/2020\/04\/despertar.jpg","keywords":["El Despertar de la Poes\u00eda"],"articleSection":["Municipios"],"inLanguage":"es","potentialAction":[{"@type":"CommentAction","name":"Comment","target":["https:\/\/www.sonoraenequipo.com.mx\/imca-ofrecera-edicion-especial-del-libro-el-despertar-de-la-poesia\/#respond"]}]},{"@type":"WebPage","@id":"https:\/\/www.sonoraenequipo.com.mx\/imca-ofrecera-edicion-especial-del-libro-el-despertar-de-la-poesia\/","url":"https:\/\/www.sonoraenequipo.com.mx\/imca-ofrecera-edicion-especial-del-libro-el-despertar-de-la-poesia\/","name":"Sonora en Equipo. IMCA ofrecer\u00e1 edici\u00f3n especial del libro El Despertar de la Poes\u00eda Municipios","isPartOf":{"@id":"https:\/\/www.sonoraenequipo.com.mx\/#website"},"primaryImageOfPage":{"@id":"https:\/\/www.sonoraenequipo.com.mx\/imca-ofrecera-edicion-especial-del-libro-el-despertar-de-la-poesia\/#primaryimage"},"image":{"@id":"https:\/\/www.sonoraenequipo.com.mx\/imca-ofrecera-edicion-especial-del-libro-el-despertar-de-la-poesia\/#primaryimage"},"thumbnailUrl":"https:\/\/www.sonoraenequipo.com.mx\/storage\/2020\/04\/despertar.jpg","datePublished":"2020-04-22T21:12:54+00:00","description":"&nbsp; &nbsp; HERMOSILLO, SONORA,MX.\u2500 El Instituto Municipal de Cultura y Arte (IMCA) se sum\u00f3 a la celebraci\u00f3n del D\u00eda Internacional del Libro y los En Sonora en Equipo publicamos toda la informaci\u00f3n de Sonora, M\u00e9xico y el Mundo de manera oportuna y busca que la libertad de expresi\u00f3n sea real. Visita nuestro medio informativo publicado desde Hermosillo, Sonora. %","breadcrumb":{"@id":"https:\/\/www.sonoraenequipo.com.mx\/imca-ofrecera-edicion-especial-del-libro-el-despertar-de-la-poesia\/#breadcrumb"},"inLanguage":"es","potentialAction":[{"@type":"ReadAction","target":["https:\/\/www.sonoraenequipo.com.mx\/imca-ofrecera-edicion-especial-del-libro-el-despertar-de-la-poesia\/"]}]},{"@type":"ImageObject","inLanguage":"es","@id":"https:\/\/www.sonoraenequipo.com.mx\/imca-ofrecera-edicion-especial-del-libro-el-despertar-de-la-poesia\/#primaryimage","url":"https:\/\/www.sonoraenequipo.com.mx\/storage\/2020\/04\/despertar.jpg","contentUrl":"https:\/\/www.sonoraenequipo.com.mx\/storage\/2020\/04\/despertar.jpg","width":600,"height":400},{"@type":"BreadcrumbList","@id":"https:\/\/www.sonoraenequipo.com.mx\/imca-ofrecera-edicion-especial-del-libro-el-despertar-de-la-poesia\/#breadcrumb","itemListElement":[{"@type":"ListItem","position":1,"name":"Portada","item":"https:\/\/www.sonoraenequipo.com.mx\/"},{"@type":"ListItem","position":2,"name":"IMCA ofrecer\u00e1 edici\u00f3n especial del libro El Despertar de la Poes\u00eda"}]},{"@type":"WebSite","@id":"https:\/\/www.sonoraenequipo.com.mx\/#website","url":"https:\/\/www.sonoraenequipo.com.mx\/","name":"Sonora en Equipo.","description":"Diario en l\u00ednea con Noticias desde Hermosillo, Sonora","publisher":{"@id":"https:\/\/www.sonoraenequipo.com.mx\/#organization"},"potentialAction":[{"@type":"SearchAction","target":{"@type":"EntryPoint","urlTemplate":"https:\/\/www.sonoraenequipo.com.mx\/?s={search_term_string}"},"query-input":{"@type":"PropertyValueSpecification","valueRequired":true,"valueName":"search_term_string"}}],"inLanguage":"es"},{"@type":"Organization","@id":"https:\/\/www.sonoraenequipo.com.mx\/#organization","name":"Sonoraenequipo.com.mx","url":"https:\/\/www.sonoraenequipo.com.mx\/","logo":{"@type":"ImageObject","inLanguage":"es","@id":"https:\/\/www.sonoraenequipo.com.mx\/#\/schema\/logo\/image\/","url":"https:\/\/www.sonoraenequipo.com.mx\/storage\/2019\/01\/sonoraenequipo_opt.png","contentUrl":"https:\/\/www.sonoraenequipo.com.mx\/storage\/2019\/01\/sonoraenequipo_opt.png","width":375,"height":125,"caption":"Sonoraenequipo.com.mx"},"image":{"@id":"https:\/\/www.sonoraenequipo.com.mx\/#\/schema\/logo\/image\/"},"sameAs":["https:\/\/www.facebook.com\/SonoraEE\/","https:\/\/x.com\/sonoraenequipo","https:\/\/www.youtube.com\/channel\/UC338nW-lPEYmJQs4ZABQ1SQ"]},{"@type":"Person","@id":"https:\/\/www.sonoraenequipo.com.mx\/#\/schema\/person\/50102df0fb23a8fa9e8effad8fa81386","name":"enequipo","image":{"@type":"ImageObject","inLanguage":"es","@id":"https:\/\/www.sonoraenequipo.com.mx\/#\/schema\/person\/image\/","url":"https:\/\/secure.gravatar.com\/avatar\/049821681b589dabc0bc20695993ccebb09f5b5d4d790cd9251b97faac7c652b?s=96&d=blank&r=g","contentUrl":"https:\/\/secure.gravatar.com\/avatar\/049821681b589dabc0bc20695993ccebb09f5b5d4d790cd9251b97faac7c652b?s=96&d=blank&r=g","caption":"enequipo"},"sameAs":["https:\/\/www.facebook.com\/SonoraEE"]}]}},"jetpack_featured_media_url":"https:\/\/www.sonoraenequipo.com.mx\/storage\/2020\/04\/despertar.jpg","_links":{"self":[{"href":"https:\/\/www.sonoraenequipo.com.mx\/api\/wp\/v2\/posts\/83697","targetHints":{"allow":["GET"]}}],"collection":[{"href":"https:\/\/www.sonoraenequipo.com.mx\/api\/wp\/v2\/posts"}],"about":[{"href":"https:\/\/www.sonoraenequipo.com.mx\/api\/wp\/v2\/types\/post"}],"author":[{"embeddable":true,"href":"https:\/\/www.sonoraenequipo.com.mx\/api\/wp\/v2\/users\/1"}],"replies":[{"embeddable":true,"href":"https:\/\/www.sonoraenequipo.com.mx\/api\/wp\/v2\/comments?post=83697"}],"version-history":[{"count":0,"href":"https:\/\/www.sonoraenequipo.com.mx\/api\/wp\/v2\/posts\/83697\/revisions"}],"wp:featuredmedia":[{"embeddable":true,"href":"https:\/\/www.sonoraenequipo.com.mx\/api\/wp\/v2\/media\/83698"}],"wp:attachment":[{"href":"https:\/\/www.sonoraenequipo.com.mx\/api\/wp\/v2\/media?parent=83697"}],"wp:term":[{"taxonomy":"category","embeddable":true,"href":"https:\/\/www.sonoraenequipo.com.mx\/api\/wp\/v2\/categories?post=83697"},{"taxonomy":"post_tag","embeddable":true,"href":"https:\/\/www.sonoraenequipo.com.mx\/api\/wp\/v2\/tags?post=83697"}],"curies":[{"name":"wp","href":"https:\/\/api.w.org\/{rel}","templated":true}]}}