{"id":83710,"date":"2020-04-22T19:15:25","date_gmt":"2020-04-23T02:15:25","guid":{"rendered":"https:\/\/www.sonoraenequipo.com.mx\/?p=83710"},"modified":"2020-04-22T19:05:33","modified_gmt":"2020-04-23T02:05:33","slug":"el-petroleo-brent-se-recupera-tras-registrar-minimos-de-1999","status":"publish","type":"post","link":"https:\/\/www.sonoraenequipo.com.mx\/el-petroleo-brent-se-recupera-tras-registrar-minimos-de-1999\/","title":{"rendered":"El petr\u00f3leo Brent se recupera tras registrar m\u00ednimos de 1999"},"content":{"rendered":"<p>MADRID, ESPA\u00d1A. \u2014 El precio del barril de crudo Brent del mar del Norte sube con fuerza y ya se paga por encima de los 20 d\u00f3lares, despu\u00e9s de un aciago arranque de sesi\u00f3n que hab\u00eda llevado al petr\u00f3leo de referencia en Europa a cotizar en un m\u00ednimo de 15,98. El barril lleg\u00f3 a perder m\u00e1s de un 15% de su valor y cosechar su cotizaci\u00f3n m\u00e1s baja desde 1999, despu\u00e9s de que los pa\u00edses OPEP+ no llegasen a ning\u00fan acuerdo concreto en la reuni\u00f3n informal mantenida ayer.<\/p>\n<p>&nbsp;<\/p>\n<p>&nbsp;<\/p>\n<p> <\/p>\n<p>&nbsp;<\/p>\n<p>&nbsp;<\/p>\n<p>Una vez superada la primera hora de negociaci\u00f3n de las bolsas europeas, el Brent comenz\u00f3 su remontada, hasta subir m\u00e1s de un 30% con respecto a sus m\u00ednimos intrad\u00eda. No obstante, ha perdido dos tercios de su valor en lo que va de a\u00f1o, en un escenario de excepcional ca\u00edda de la demanda como consecuencia de la crisis del coronavirus.<\/p>\n<p>&nbsp;<\/p>\n<p>&nbsp;<\/p>\n<p>Por su parte, el West Texas Intermediate (WTI), el crudo de referencia en Estados Unidos, vuelve a subir con fuerza por segunda jornada consecutiva, una vez cambiada la referencia a los contratos para junio, que ser\u00e1n liquidados el pr\u00f3ximo 19 de mayo. El WTI crece alrededor de un 25% y roza los 15 d\u00f3lares, dos d\u00edas despu\u00e9s de cotizar en negativo por primera vez en la historia en el mercado de Chicago ante la incapacidad de los tanques para almacenar todas las reservas. El presidente de Estados Unidos, Donald Trump, afirm\u00f3 este martes en un mensaje en su cuenta de Twitter que rescatar\u00e1 la maltrecha industria petrolera si fuese necesario.<\/p>\n<p>&nbsp;<\/p>\n<p>&nbsp;<\/p>\n<p>Los pa\u00edses de la OPEP+, que agrupa a los miembros de la Organizaci\u00f3n de Pa\u00edses Exportadores de Petr\u00f3leo (OPEP) con otros productores como Rusia, mantuvieron una teleconferencia informal este martes \u201cpara intercambiar ideas sobre la dram\u00e1tica situaci\u00f3n actual del mercado petrolero\u201d. No obstante, el grupo de pa\u00edses productores no concret\u00f3 esta preocupaci\u00f3n en ning\u00fan acuerdo m\u00e1s all\u00e1 de \u201creiterar su compromiso con el ajuste de producci\u00f3n de petr\u00f3leo alcanzado\u201d y mostrar su disposici\u00f3n a mantener consultas de manera regular para analizar la situaci\u00f3n del mercado.<\/p>\n<p>&nbsp;<\/p>\n<p>A principios de mes, la OPEP+ lleg\u00f3 a un acuerdo para reducir la producci\u00f3n diaria de crudo en casi 10 millones de barriles a partir de mayo, pero cualquier recorte se antoja insuficiente ante la excepcional ca\u00edda de la demanda.<\/p>\n<p><a class=\"twitter-timeline\" data-width=\"640\" data-height=\"960\" data-dnt=\"true\" href=\"https:\/\/twitter.com\/realDonaldTrump?ref_src=twsrc%5Etfw\">Tweets by realDonaldTrump<\/a><script async src=\"https:\/\/platform.twitter.com\/widgets.js\" charset=\"utf-8\"><\/script><\/p>\n<p>&nbsp;<\/p>\n<p>&nbsp;<\/p>\n<p>(PUBLICADO EL 22\/04\/2020 \/ El Pa\u00eds)<\/p>\n<p>&nbsp;<\/p>\n","protected":false},"excerpt":{"rendered":"<p>MADRID, ESPA\u00d1A. \u2014 El precio del barril de crudo Brent del mar del Norte sube&#8230;<\/p>\n","protected":false},"author":1,"featured_media":83713,"comment_status":"open","ping_status":"open","sticky":false,"template":"","format":"standard","meta":{"_monsterinsights_skip_tracking":false,"_monsterinsights_sitenote_active":false,"_monsterinsights_sitenote_note":"","_monsterinsights_sitenote_category":0,"footnotes":""},"categories":[3,2922],"tags":[],"class_list":["post"],"yoast_head":" \n<title>Sonora en Equipo. El petr\u00f3leo Brent se recupera tras registrar m\u00ednimos de 1999 MUNDO<\/title>\n<meta name=\"description\" content=\"MADRID, ESPA\u00d1A. \u2014 El precio del barril de crudo Brent del mar del Norte sube con fuerza y ya se paga por encima de los 20 d\u00f3lares, despu\u00e9s de un aciago En Sonora en Equipo publicamos toda la informaci\u00f3n de Sonora, M\u00e9xico y el Mundo de manera oportuna y busca que la libertad de expresi\u00f3n sea real. Visita nuestro medio informativo publicado desde Hermosillo, Sonora. %\" \/>\n<meta name=\"robots\" content=\"index, follow, max-snippet:-1, max-image-preview:large, max-video-preview:-1\" \/>\n<link rel=\"canonical\" href=\"https:\/\/www.sonoraenequipo.com.mx\/el-petroleo-brent-se-recupera-tras-registrar-minimos-de-1999\/\" \/>\n<meta property=\"og:locale\" content=\"es_ES\" \/>\n<meta property=\"og:type\" content=\"article\" \/>\n<meta property=\"og:title\" content=\"Sonora en Equipo. El petr\u00f3leo Brent se recupera tras registrar m\u00ednimos de 1999 MUNDO\" \/>\n<meta property=\"og:description\" content=\"MADRID, ESPA\u00d1A. \u2014 El precio del barril de crudo Brent del mar del Norte sube con fuerza y ya se paga por encima de los 20 d\u00f3lares, despu\u00e9s de un aciago En Sonora en Equipo publicamos toda la informaci\u00f3n de Sonora, M\u00e9xico y el Mundo de manera oportuna y busca que la libertad de expresi\u00f3n sea real. Visita nuestro medio informativo publicado desde Hermosillo, Sonora. %\" \/>\n<meta property=\"og:url\" content=\"https:\/\/www.sonoraenequipo.com.mx\/el-petroleo-brent-se-recupera-tras-registrar-minimos-de-1999\/\" \/>\n<meta property=\"og:site_name\" content=\"Sonora en Equipo.\" \/>\n<meta property=\"article:publisher\" content=\"https:\/\/www.facebook.com\/SonoraEE\/\" \/>\n<meta property=\"article:author\" content=\"https:\/\/www.facebook.com\/SonoraEE\" \/>\n<meta property=\"article:published_time\" content=\"2020-04-23T02:15:25+00:00\" \/>\n<meta property=\"og:image\" content=\"https:\/\/www.sonoraenequipo.com.mx\/storage\/2020\/04\/barrildecrudo_opt.jpg\" \/>\n\t<meta property=\"og:image:width\" content=\"784\" \/>\n\t<meta property=\"og:image:height\" content=\"400\" \/>\n\t<meta property=\"og:image:type\" content=\"image\/jpeg\" \/>\n<meta name=\"author\" content=\"enequipo\" \/>\n<meta name=\"twitter:card\" content=\"summary_large_image\" \/>\n<meta name=\"twitter:creator\" content=\"@sonoraenequipo\" \/>\n<meta name=\"twitter:site\" content=\"@sonoraenequipo\" \/>\n<meta name=\"twitter:label1\" content=\"Escrito por\" \/>\n\t<meta name=\"twitter:data1\" content=\"enequipo\" \/>\n\t<meta name=\"twitter:label2\" content=\"Tiempo de lectura\" \/>\n\t<meta name=\"twitter:data2\" content=\"2 minutos\" \/>\n<script type=\"application\/ld+json\" class=\"yoast-schema-graph\">{\"@context\":\"https:\/\/schema.org\",\"@graph\":[{\"@type\":\"Article\",\"@id\":\"https:\/\/www.sonoraenequipo.com.mx\/el-petroleo-brent-se-recupera-tras-registrar-minimos-de-1999\/#article\",\"isPartOf\":{\"@id\":\"https:\/\/www.sonoraenequipo.com.mx\/el-petroleo-brent-se-recupera-tras-registrar-minimos-de-1999\/\"},\"author\":{\"name\":\"enequipo\",\"@id\":\"https:\/\/www.sonoraenequipo.com.mx\/#\/schema\/person\/50102df0fb23a8fa9e8effad8fa81386\"},\"headline\":\"El petr\u00f3leo Brent se recupera tras registrar m\u00ednimos de 1999\",\"datePublished\":\"2020-04-23T02:15:25+00:00\",\"mainEntityOfPage\":{\"@id\":\"https:\/\/www.sonoraenequipo.com.mx\/el-petroleo-brent-se-recupera-tras-registrar-minimos-de-1999\/\"},\"wordCount\":446,\"commentCount\":0,\"publisher\":{\"@id\":\"https:\/\/www.sonoraenequipo.com.mx\/#organization\"},\"image\":{\"@id\":\"https:\/\/www.sonoraenequipo.com.mx\/el-petroleo-brent-se-recupera-tras-registrar-minimos-de-1999\/#primaryimage\"},\"thumbnailUrl\":\"https:\/\/www.sonoraenequipo.com.mx\/storage\/2020\/04\/barrildecrudo_opt.jpg\",\"articleSection\":[\"MUNDO\",\"Pandemia\"],\"inLanguage\":\"es\",\"potentialAction\":[{\"@type\":\"CommentAction\",\"name\":\"Comment\",\"target\":[\"https:\/\/www.sonoraenequipo.com.mx\/el-petroleo-brent-se-recupera-tras-registrar-minimos-de-1999\/#respond\"]}]},{\"@type\":\"WebPage\",\"@id\":\"https:\/\/www.sonoraenequipo.com.mx\/el-petroleo-brent-se-recupera-tras-registrar-minimos-de-1999\/\",\"url\":\"https:\/\/www.sonoraenequipo.com.mx\/el-petroleo-brent-se-recupera-tras-registrar-minimos-de-1999\/\",\"name\":\"Sonora en Equipo. El petr\u00f3leo Brent se recupera tras registrar m\u00ednimos de 1999 MUNDO\",\"isPartOf\":{\"@id\":\"https:\/\/www.sonoraenequipo.com.mx\/#website\"},\"primaryImageOfPage\":{\"@id\":\"https:\/\/www.sonoraenequipo.com.mx\/el-petroleo-brent-se-recupera-tras-registrar-minimos-de-1999\/#primaryimage\"},\"image\":{\"@id\":\"https:\/\/www.sonoraenequipo.com.mx\/el-petroleo-brent-se-recupera-tras-registrar-minimos-de-1999\/#primaryimage\"},\"thumbnailUrl\":\"https:\/\/www.sonoraenequipo.com.mx\/storage\/2020\/04\/barrildecrudo_opt.jpg\",\"datePublished\":\"2020-04-23T02:15:25+00:00\",\"description\":\"MADRID, ESPA\u00d1A. \u2014 El precio del barril de crudo Brent del mar del Norte sube con fuerza y ya se paga por encima de los 20 d\u00f3lares, despu\u00e9s de un aciago En Sonora en Equipo publicamos toda la informaci\u00f3n de Sonora, M\u00e9xico y el Mundo de manera oportuna y busca que la libertad de expresi\u00f3n sea real. Visita nuestro medio informativo publicado desde Hermosillo, Sonora. %\",\"breadcrumb\":{\"@id\":\"https:\/\/www.sonoraenequipo.com.mx\/el-petroleo-brent-se-recupera-tras-registrar-minimos-de-1999\/#breadcrumb\"},\"inLanguage\":\"es\",\"potentialAction\":[{\"@type\":\"ReadAction\",\"target\":[\"https:\/\/www.sonoraenequipo.com.mx\/el-petroleo-brent-se-recupera-tras-registrar-minimos-de-1999\/\"]}]},{\"@type\":\"ImageObject\",\"inLanguage\":\"es\",\"@id\":\"https:\/\/www.sonoraenequipo.com.mx\/el-petroleo-brent-se-recupera-tras-registrar-minimos-de-1999\/#primaryimage\",\"url\":\"https:\/\/www.sonoraenequipo.com.mx\/storage\/2020\/04\/barrildecrudo_opt.jpg\",\"contentUrl\":\"https:\/\/www.sonoraenequipo.com.mx\/storage\/2020\/04\/barrildecrudo_opt.jpg\",\"width\":784,\"height\":400},{\"@type\":\"BreadcrumbList\",\"@id\":\"https:\/\/www.sonoraenequipo.com.mx\/el-petroleo-brent-se-recupera-tras-registrar-minimos-de-1999\/#breadcrumb\",\"itemListElement\":[{\"@type\":\"ListItem\",\"position\":1,\"name\":\"Portada\",\"item\":\"https:\/\/www.sonoraenequipo.com.mx\/\"},{\"@type\":\"ListItem\",\"position\":2,\"name\":\"El petr\u00f3leo Brent se recupera tras registrar m\u00ednimos de 1999\"}]},{\"@type\":\"WebSite\",\"@id\":\"https:\/\/www.sonoraenequipo.com.mx\/#website\",\"url\":\"https:\/\/www.sonoraenequipo.com.mx\/\",\"name\":\"Sonora en Equipo.\",\"description\":\"Diario en l\u00ednea con Noticias desde Hermosillo, Sonora\",\"publisher\":{\"@id\":\"https:\/\/www.sonoraenequipo.com.mx\/#organization\"},\"potentialAction\":[{\"@type\":\"SearchAction\",\"target\":{\"@type\":\"EntryPoint\",\"urlTemplate\":\"https:\/\/www.sonoraenequipo.com.mx\/?s={search_term_string}\"},\"query-input\":{\"@type\":\"PropertyValueSpecification\",\"valueRequired\":true,\"valueName\":\"search_term_string\"}}],\"inLanguage\":\"es\"},{\"@type\":\"Organization\",\"@id\":\"https:\/\/www.sonoraenequipo.com.mx\/#organization\",\"name\":\"Sonoraenequipo.com.mx\",\"url\":\"https:\/\/www.sonoraenequipo.com.mx\/\",\"logo\":{\"@type\":\"ImageObject\",\"inLanguage\":\"es\",\"@id\":\"https:\/\/www.sonoraenequipo.com.mx\/#\/schema\/logo\/image\/\",\"url\":\"https:\/\/www.sonoraenequipo.com.mx\/storage\/2019\/01\/sonoraenequipo_opt.png\",\"contentUrl\":\"https:\/\/www.sonoraenequipo.com.mx\/storage\/2019\/01\/sonoraenequipo_opt.png\",\"width\":375,\"height\":125,\"caption\":\"Sonoraenequipo.com.mx\"},\"image\":{\"@id\":\"https:\/\/www.sonoraenequipo.com.mx\/#\/schema\/logo\/image\/\"},\"sameAs\":[\"https:\/\/www.facebook.com\/SonoraEE\/\",\"https:\/\/x.com\/sonoraenequipo\",\"https:\/\/www.youtube.com\/channel\/UC338nW-lPEYmJQs4ZABQ1SQ\"]},{\"@type\":\"Person\",\"@id\":\"https:\/\/www.sonoraenequipo.com.mx\/#\/schema\/person\/50102df0fb23a8fa9e8effad8fa81386\",\"name\":\"enequipo\",\"image\":{\"@type\":\"ImageObject\",\"inLanguage\":\"es\",\"@id\":\"https:\/\/www.sonoraenequipo.com.mx\/#\/schema\/person\/image\/\",\"url\":\"https:\/\/secure.gravatar.com\/avatar\/049821681b589dabc0bc20695993ccebb09f5b5d4d790cd9251b97faac7c652b?s=96&d=blank&r=g\",\"contentUrl\":\"https:\/\/secure.gravatar.com\/avatar\/049821681b589dabc0bc20695993ccebb09f5b5d4d790cd9251b97faac7c652b?s=96&d=blank&r=g\",\"caption\":\"enequipo\"},\"sameAs\":[\"https:\/\/www.facebook.com\/SonoraEE\"]}]}<\/script>\n ","yoast_head_json":{"title":"Sonora en Equipo. El petr\u00f3leo Brent se recupera tras registrar m\u00ednimos de 1999 MUNDO","description":"MADRID, ESPA\u00d1A. \u2014 El precio del barril de crudo Brent del mar del Norte sube con fuerza y ya se paga por encima de los 20 d\u00f3lares, despu\u00e9s de un aciago En Sonora en Equipo publicamos toda la informaci\u00f3n de Sonora, M\u00e9xico y el Mundo de manera oportuna y busca que la libertad de expresi\u00f3n sea real. Visita nuestro medio informativo publicado desde Hermosillo, Sonora. %","robots":{"index":"index","follow":"follow","max-snippet":"max-snippet:-1","max-image-preview":"max-image-preview:large","max-video-preview":"max-video-preview:-1"},"canonical":"https:\/\/www.sonoraenequipo.com.mx\/el-petroleo-brent-se-recupera-tras-registrar-minimos-de-1999\/","og_locale":"es_ES","og_type":"article","og_title":"Sonora en Equipo. El petr\u00f3leo Brent se recupera tras registrar m\u00ednimos de 1999 MUNDO","og_description":"MADRID, ESPA\u00d1A. \u2014 El precio del barril de crudo Brent del mar del Norte sube con fuerza y ya se paga por encima de los 20 d\u00f3lares, despu\u00e9s de un aciago En Sonora en Equipo publicamos toda la informaci\u00f3n de Sonora, M\u00e9xico y el Mundo de manera oportuna y busca que la libertad de expresi\u00f3n sea real. Visita nuestro medio informativo publicado desde Hermosillo, Sonora. %","og_url":"https:\/\/www.sonoraenequipo.com.mx\/el-petroleo-brent-se-recupera-tras-registrar-minimos-de-1999\/","og_site_name":"Sonora en Equipo.","article_publisher":"https:\/\/www.facebook.com\/SonoraEE\/","article_author":"https:\/\/www.facebook.com\/SonoraEE","article_published_time":"2020-04-23T02:15:25+00:00","og_image":[{"width":784,"height":400,"url":"https:\/\/www.sonoraenequipo.com.mx\/storage\/2020\/04\/barrildecrudo_opt.jpg","type":"image\/jpeg"}],"author":"enequipo","twitter_card":"summary_large_image","twitter_creator":"@sonoraenequipo","twitter_site":"@sonoraenequipo","twitter_misc":{"Escrito por":"enequipo","Tiempo de lectura":"2 minutos"},"schema":{"@context":"https:\/\/schema.org","@graph":[{"@type":"Article","@id":"https:\/\/www.sonoraenequipo.com.mx\/el-petroleo-brent-se-recupera-tras-registrar-minimos-de-1999\/#article","isPartOf":{"@id":"https:\/\/www.sonoraenequipo.com.mx\/el-petroleo-brent-se-recupera-tras-registrar-minimos-de-1999\/"},"author":{"name":"enequipo","@id":"https:\/\/www.sonoraenequipo.com.mx\/#\/schema\/person\/50102df0fb23a8fa9e8effad8fa81386"},"headline":"El petr\u00f3leo Brent se recupera tras registrar m\u00ednimos de 1999","datePublished":"2020-04-23T02:15:25+00:00","mainEntityOfPage":{"@id":"https:\/\/www.sonoraenequipo.com.mx\/el-petroleo-brent-se-recupera-tras-registrar-minimos-de-1999\/"},"wordCount":446,"commentCount":0,"publisher":{"@id":"https:\/\/www.sonoraenequipo.com.mx\/#organization"},"image":{"@id":"https:\/\/www.sonoraenequipo.com.mx\/el-petroleo-brent-se-recupera-tras-registrar-minimos-de-1999\/#primaryimage"},"thumbnailUrl":"https:\/\/www.sonoraenequipo.com.mx\/storage\/2020\/04\/barrildecrudo_opt.jpg","articleSection":["MUNDO","Pandemia"],"inLanguage":"es","potentialAction":[{"@type":"CommentAction","name":"Comment","target":["https:\/\/www.sonoraenequipo.com.mx\/el-petroleo-brent-se-recupera-tras-registrar-minimos-de-1999\/#respond"]}]},{"@type":"WebPage","@id":"https:\/\/www.sonoraenequipo.com.mx\/el-petroleo-brent-se-recupera-tras-registrar-minimos-de-1999\/","url":"https:\/\/www.sonoraenequipo.com.mx\/el-petroleo-brent-se-recupera-tras-registrar-minimos-de-1999\/","name":"Sonora en Equipo. El petr\u00f3leo Brent se recupera tras registrar m\u00ednimos de 1999 MUNDO","isPartOf":{"@id":"https:\/\/www.sonoraenequipo.com.mx\/#website"},"primaryImageOfPage":{"@id":"https:\/\/www.sonoraenequipo.com.mx\/el-petroleo-brent-se-recupera-tras-registrar-minimos-de-1999\/#primaryimage"},"image":{"@id":"https:\/\/www.sonoraenequipo.com.mx\/el-petroleo-brent-se-recupera-tras-registrar-minimos-de-1999\/#primaryimage"},"thumbnailUrl":"https:\/\/www.sonoraenequipo.com.mx\/storage\/2020\/04\/barrildecrudo_opt.jpg","datePublished":"2020-04-23T02:15:25+00:00","description":"MADRID, ESPA\u00d1A. \u2014 El precio del barril de crudo Brent del mar del Norte sube con fuerza y ya se paga por encima de los 20 d\u00f3lares, despu\u00e9s de un aciago En Sonora en Equipo publicamos toda la informaci\u00f3n de Sonora, M\u00e9xico y el Mundo de manera oportuna y busca que la libertad de expresi\u00f3n sea real. Visita nuestro medio informativo publicado desde Hermosillo, Sonora. %","breadcrumb":{"@id":"https:\/\/www.sonoraenequipo.com.mx\/el-petroleo-brent-se-recupera-tras-registrar-minimos-de-1999\/#breadcrumb"},"inLanguage":"es","potentialAction":[{"@type":"ReadAction","target":["https:\/\/www.sonoraenequipo.com.mx\/el-petroleo-brent-se-recupera-tras-registrar-minimos-de-1999\/"]}]},{"@type":"ImageObject","inLanguage":"es","@id":"https:\/\/www.sonoraenequipo.com.mx\/el-petroleo-brent-se-recupera-tras-registrar-minimos-de-1999\/#primaryimage","url":"https:\/\/www.sonoraenequipo.com.mx\/storage\/2020\/04\/barrildecrudo_opt.jpg","contentUrl":"https:\/\/www.sonoraenequipo.com.mx\/storage\/2020\/04\/barrildecrudo_opt.jpg","width":784,"height":400},{"@type":"BreadcrumbList","@id":"https:\/\/www.sonoraenequipo.com.mx\/el-petroleo-brent-se-recupera-tras-registrar-minimos-de-1999\/#breadcrumb","itemListElement":[{"@type":"ListItem","position":1,"name":"Portada","item":"https:\/\/www.sonoraenequipo.com.mx\/"},{"@type":"ListItem","position":2,"name":"El petr\u00f3leo Brent se recupera tras registrar m\u00ednimos de 1999"}]},{"@type":"WebSite","@id":"https:\/\/www.sonoraenequipo.com.mx\/#website","url":"https:\/\/www.sonoraenequipo.com.mx\/","name":"Sonora en Equipo.","description":"Diario en l\u00ednea con Noticias desde Hermosillo, Sonora","publisher":{"@id":"https:\/\/www.sonoraenequipo.com.mx\/#organization"},"potentialAction":[{"@type":"SearchAction","target":{"@type":"EntryPoint","urlTemplate":"https:\/\/www.sonoraenequipo.com.mx\/?s={search_term_string}"},"query-input":{"@type":"PropertyValueSpecification","valueRequired":true,"valueName":"search_term_string"}}],"inLanguage":"es"},{"@type":"Organization","@id":"https:\/\/www.sonoraenequipo.com.mx\/#organization","name":"Sonoraenequipo.com.mx","url":"https:\/\/www.sonoraenequipo.com.mx\/","logo":{"@type":"ImageObject","inLanguage":"es","@id":"https:\/\/www.sonoraenequipo.com.mx\/#\/schema\/logo\/image\/","url":"https:\/\/www.sonoraenequipo.com.mx\/storage\/2019\/01\/sonoraenequipo_opt.png","contentUrl":"https:\/\/www.sonoraenequipo.com.mx\/storage\/2019\/01\/sonoraenequipo_opt.png","width":375,"height":125,"caption":"Sonoraenequipo.com.mx"},"image":{"@id":"https:\/\/www.sonoraenequipo.com.mx\/#\/schema\/logo\/image\/"},"sameAs":["https:\/\/www.facebook.com\/SonoraEE\/","https:\/\/x.com\/sonoraenequipo","https:\/\/www.youtube.com\/channel\/UC338nW-lPEYmJQs4ZABQ1SQ"]},{"@type":"Person","@id":"https:\/\/www.sonoraenequipo.com.mx\/#\/schema\/person\/50102df0fb23a8fa9e8effad8fa81386","name":"enequipo","image":{"@type":"ImageObject","inLanguage":"es","@id":"https:\/\/www.sonoraenequipo.com.mx\/#\/schema\/person\/image\/","url":"https:\/\/secure.gravatar.com\/avatar\/049821681b589dabc0bc20695993ccebb09f5b5d4d790cd9251b97faac7c652b?s=96&d=blank&r=g","contentUrl":"https:\/\/secure.gravatar.com\/avatar\/049821681b589dabc0bc20695993ccebb09f5b5d4d790cd9251b97faac7c652b?s=96&d=blank&r=g","caption":"enequipo"},"sameAs":["https:\/\/www.facebook.com\/SonoraEE"]}]}},"jetpack_featured_media_url":"https:\/\/www.sonoraenequipo.com.mx\/storage\/2020\/04\/barrildecrudo_opt.jpg","_links":{"self":[{"href":"https:\/\/www.sonoraenequipo.com.mx\/api\/wp\/v2\/posts\/83710","targetHints":{"allow":["GET"]}}],"collection":[{"href":"https:\/\/www.sonoraenequipo.com.mx\/api\/wp\/v2\/posts"}],"about":[{"href":"https:\/\/www.sonoraenequipo.com.mx\/api\/wp\/v2\/types\/post"}],"author":[{"embeddable":true,"href":"https:\/\/www.sonoraenequipo.com.mx\/api\/wp\/v2\/users\/1"}],"replies":[{"embeddable":true,"href":"https:\/\/www.sonoraenequipo.com.mx\/api\/wp\/v2\/comments?post=83710"}],"version-history":[{"count":0,"href":"https:\/\/www.sonoraenequipo.com.mx\/api\/wp\/v2\/posts\/83710\/revisions"}],"wp:featuredmedia":[{"embeddable":true,"href":"https:\/\/www.sonoraenequipo.com.mx\/api\/wp\/v2\/media\/83713"}],"wp:attachment":[{"href":"https:\/\/www.sonoraenequipo.com.mx\/api\/wp\/v2\/media?parent=83710"}],"wp:term":[{"taxonomy":"category","embeddable":true,"href":"https:\/\/www.sonoraenequipo.com.mx\/api\/wp\/v2\/categories?post=83710"},{"taxonomy":"post_tag","embeddable":true,"href":"https:\/\/www.sonoraenequipo.com.mx\/api\/wp\/v2\/tags?post=83710"}],"curies":[{"name":"wp","href":"https:\/\/api.w.org\/{rel}","templated":true}]}}