{"id":83728,"date":"2020-04-22T21:36:10","date_gmt":"2020-04-23T04:36:10","guid":{"rendered":"https:\/\/www.sonoraenequipo.com.mx\/?p=83728"},"modified":"2020-04-22T20:21:08","modified_gmt":"2020-04-23T03:21:08","slug":"reciben-sedesson-y-dif-sonora-donacion-de-alimentos-de-casa-ley","status":"publish","type":"post","link":"https:\/\/www.sonoraenequipo.com.mx\/reciben-sedesson-y-dif-sonora-donacion-de-alimentos-de-casa-ley\/","title":{"rendered":"Reciben Sedesson y DIF Sonora donaci\u00f3n de alimentos de Casa Ley"},"content":{"rendered":"<p>HERMOSILLO, SONORA. MX. \u2014 Un total de 23 toneladas de alimentos b\u00e1sicos y de limpieza, para seguir apoyando a las familias m\u00e1s vulnerables ante la contingencia por el Covid-19 don\u00f3 Casa Ley S.A de C.V a la Secretar\u00eda de Desarrollo Social y DIF Sonora, insumos que se suman al Programa Emergente de Seguridad Alimentaria implementado por la gobernadora Claudia Pavlovich Arellano.<\/p>\n<p>&nbsp;<\/p>\n<p> <\/p>\n<p>&nbsp;<\/p>\n<p>&nbsp;<\/p>\n<p>Manuel Puebla, secretario de Desarrollo Social, acompa\u00f1ado por Karina Z\u00e1rate F\u00e9lix, directora general de DIF Sonora, agradeci\u00f3 la donaci\u00f3n de Casa Ley y a su representante Juan Manuel Ley, pues con ello se podr\u00e1 brindar apoyo a m\u00e1s sonorenses que lo requieren.<\/p>\n<p>&nbsp;<\/p>\n<p>&nbsp;<\/p>\n<p><em>\u201cEs un acto que la gobernadora Pavlovich y el ingeniero Juan Manuel Ley acordaron e inmediatamente el ingeniero Ley, sacando la casta, se acerc\u00f3 a nosotros, a Desarrollo Social y DIF Sonora, para hacer esta entrega, muchas gracias por responder al llamado de auxilio de muchos sonorenses que ahorita est\u00e1n pasando una situaci\u00f3n bastante complicada con esto del Covid-19\u201d<\/em>, expres\u00f3.<\/p>\n<p>&nbsp;<\/p>\n<p>&nbsp;<\/p>\n<p><img loading=\"lazy\" decoding=\"async\" class=\"size-full  x-left\" src=\"https:\/\/www.sonoraenequipo.com.mx\/storage\/2020\/04\/sedeson-y-dif-2_opt1.jpg\" alt=\"\" width=\"600\" height=\"400\">El secretario de Desarrollo Social destac\u00f3 que hasta el momento se han entregado los paquetes de Seguridad Alimentaria en m\u00e1s de 75 zonas de atenci\u00f3n prioritaria en colonias e invasiones donde hay asentadas familias en vulnerabilidad.<\/p>\n<p>&nbsp;<\/p>\n<p>&nbsp;<\/p>\n<p>La meta es apoyar a 25 mil familias y al momento se ha entregado los paquetes Emergentes de Seguridad Alimentaria al 90 por ciento de estas, por lo que esta donaci\u00f3n ayudar\u00e1 a continuar con la entrega de este apoyo a familias que por alg\u00fan motivo no hayan podido recibirlo.<\/p>\n<p>&nbsp;<\/p>\n<p>&nbsp;<\/p>\n<p>Adem\u00e1s, dijo, que con este apoyo, se beneficiar\u00e1 a aproximadamente dos mil 500 familias m\u00e1s.<\/p>\n<p>&nbsp;<\/p>\n<p>&nbsp;<\/p>\n<p>Destac\u00f3 que al igual que Casa Ley, otras empresas se quieren sumar a la gobernadora Pavlovich en este Programa Emergente de Seguridad Alimentaria, lo que permitir\u00e1 incrementar el n\u00famero de familias a apoyar, en esta contingencia.<\/p>\n<p>&nbsp;<\/p>\n<p>&nbsp;<\/p>\n<p>Record\u00f3 que el paquete Emergente de Seguridad Alimentaria cuenta con productos que podr\u00edan durar hasta un mes en una familia de cuatro personas.<\/p>\n<p>&nbsp;<\/p>\n<p>&nbsp;<\/p>\n<p>Karina Z\u00e1rate F\u00e9lix subray\u00f3 que esta no es la primera ocasi\u00f3n que Casa Ley ha brindado su apoyo al Gobierno del Estado, ya que en varias ocasiones han donado alimentos para ayudar a qui\u00e9n m\u00e1s lo necesita, por lo que agradeci\u00f3 ese gesto de solidaridad con los sonorenses.<\/p>\n<p>&nbsp;<\/p>\n<p>&nbsp;<\/p>\n<p><em>\u201cQuiero que sepan que esta donaci\u00f3n que ustedes nos est\u00e1n haciendo llegar al Gobierno del Estado, va a ser enfocada a la gente que m\u00e1s lo necesita; a las personas que tienen mayor vulnerabilidad, adultos mayores, personas con discapacidad, mujeres embarazadas, ni\u00f1os y ni\u00f1as en carencias alimentarias\u201d<\/em>, coment\u00f3.<\/p>\n<p>&nbsp;<\/p>\n<p>&nbsp;<\/p>\n<p>Ricardo Valle, gerente de distrito de Hermosillo Express, coment\u00f3 que a Casa Ley le satisface formar parte de acciones que llegan a la gente de las regiones que m\u00e1s lo necesitan.<\/p>\n<p>&nbsp;<\/p>\n<p>&nbsp;<\/p>\n<p>Presentes: Oscar Rodr\u00edguez, gerente de distrito de Hermosillo de Casa Ley; y Alexandro Valenzuela, gerente de Tr\u00e1fico.<\/p>\n<p>&nbsp;<\/p>\n<p>(PUBLICADO EL 22\/04\/2020)<\/p>\n","protected":false},"excerpt":{"rendered":"<p>HERMOSILLO, SONORA. MX. \u2014 Un total de 23 toneladas de alimentos b\u00e1sicos y de limpieza,&#8230;<\/p>\n","protected":false},"author":1,"featured_media":83732,"comment_status":"open","ping_status":"open","sticky":false,"template":"","format":"standard","meta":{"_monsterinsights_skip_tracking":false,"_monsterinsights_sitenote_active":false,"_monsterinsights_sitenote_note":"","_monsterinsights_sitenote_category":0,"footnotes":""},"categories":[22],"tags":[],"class_list":["post"],"yoast_head":" \n<title>Sonora en Equipo. Reciben Sedesson y DIF Sonora donaci\u00f3n de alimentos de Casa Ley Sonora<\/title>\n<meta name=\"description\" content=\"HERMOSILLO, SONORA. MX. \u2014 Un total de 23 toneladas de alimentos b\u00e1sicos y de limpieza, para seguir apoyando a las familias m\u00e1s vulnerables ante la En Sonora en Equipo publicamos toda la informaci\u00f3n de Sonora, M\u00e9xico y el Mundo de manera oportuna y busca que la libertad de expresi\u00f3n sea real. Visita nuestro medio informativo publicado desde Hermosillo, Sonora. %\" \/>\n<meta name=\"robots\" content=\"index, follow, max-snippet:-1, max-image-preview:large, max-video-preview:-1\" \/>\n<link rel=\"canonical\" href=\"https:\/\/www.sonoraenequipo.com.mx\/reciben-sedesson-y-dif-sonora-donacion-de-alimentos-de-casa-ley\/\" \/>\n<meta property=\"og:locale\" content=\"es_ES\" \/>\n<meta property=\"og:type\" content=\"article\" \/>\n<meta property=\"og:title\" content=\"Sonora en Equipo. Reciben Sedesson y DIF Sonora donaci\u00f3n de alimentos de Casa Ley Sonora\" \/>\n<meta property=\"og:description\" content=\"HERMOSILLO, SONORA. MX. \u2014 Un total de 23 toneladas de alimentos b\u00e1sicos y de limpieza, para seguir apoyando a las familias m\u00e1s vulnerables ante la En Sonora en Equipo publicamos toda la informaci\u00f3n de Sonora, M\u00e9xico y el Mundo de manera oportuna y busca que la libertad de expresi\u00f3n sea real. Visita nuestro medio informativo publicado desde Hermosillo, Sonora. %\" \/>\n<meta property=\"og:url\" content=\"https:\/\/www.sonoraenequipo.com.mx\/reciben-sedesson-y-dif-sonora-donacion-de-alimentos-de-casa-ley\/\" \/>\n<meta property=\"og:site_name\" content=\"Sonora en Equipo.\" \/>\n<meta property=\"article:publisher\" content=\"https:\/\/www.facebook.com\/SonoraEE\/\" \/>\n<meta property=\"article:author\" content=\"https:\/\/www.facebook.com\/SonoraEE\" \/>\n<meta property=\"article:published_time\" content=\"2020-04-23T04:36:10+00:00\" \/>\n<meta property=\"og:image\" content=\"https:\/\/www.sonoraenequipo.com.mx\/storage\/2020\/04\/sedeson-y-dif-4_opt.jpg\" \/>\n\t<meta property=\"og:image:width\" content=\"600\" \/>\n\t<meta property=\"og:image:height\" content=\"400\" \/>\n\t<meta property=\"og:image:type\" content=\"image\/jpeg\" \/>\n<meta name=\"author\" content=\"enequipo\" \/>\n<meta name=\"twitter:card\" content=\"summary_large_image\" \/>\n<meta name=\"twitter:creator\" content=\"@sonoraenequipo\" \/>\n<meta name=\"twitter:site\" content=\"@sonoraenequipo\" \/>\n<meta name=\"twitter:label1\" content=\"Escrito por\" \/>\n\t<meta name=\"twitter:data1\" content=\"enequipo\" \/>\n\t<meta name=\"twitter:label2\" content=\"Tiempo de lectura\" \/>\n\t<meta name=\"twitter:data2\" content=\"3 minutos\" \/>\n<script type=\"application\/ld+json\" class=\"yoast-schema-graph\">{\"@context\":\"https:\/\/schema.org\",\"@graph\":[{\"@type\":\"Article\",\"@id\":\"https:\/\/www.sonoraenequipo.com.mx\/reciben-sedesson-y-dif-sonora-donacion-de-alimentos-de-casa-ley\/#article\",\"isPartOf\":{\"@id\":\"https:\/\/www.sonoraenequipo.com.mx\/reciben-sedesson-y-dif-sonora-donacion-de-alimentos-de-casa-ley\/\"},\"author\":{\"name\":\"enequipo\",\"@id\":\"https:\/\/www.sonoraenequipo.com.mx\/#\/schema\/person\/50102df0fb23a8fa9e8effad8fa81386\"},\"headline\":\"Reciben Sedesson y DIF Sonora donaci\u00f3n de alimentos de Casa Ley\",\"datePublished\":\"2020-04-23T04:36:10+00:00\",\"mainEntityOfPage\":{\"@id\":\"https:\/\/www.sonoraenequipo.com.mx\/reciben-sedesson-y-dif-sonora-donacion-de-alimentos-de-casa-ley\/\"},\"wordCount\":532,\"commentCount\":0,\"publisher\":{\"@id\":\"https:\/\/www.sonoraenequipo.com.mx\/#organization\"},\"image\":{\"@id\":\"https:\/\/www.sonoraenequipo.com.mx\/reciben-sedesson-y-dif-sonora-donacion-de-alimentos-de-casa-ley\/#primaryimage\"},\"thumbnailUrl\":\"https:\/\/www.sonoraenequipo.com.mx\/storage\/2020\/04\/sedeson-y-dif-4_opt.jpg\",\"articleSection\":[\"Sonora\"],\"inLanguage\":\"es\",\"potentialAction\":[{\"@type\":\"CommentAction\",\"name\":\"Comment\",\"target\":[\"https:\/\/www.sonoraenequipo.com.mx\/reciben-sedesson-y-dif-sonora-donacion-de-alimentos-de-casa-ley\/#respond\"]}]},{\"@type\":\"WebPage\",\"@id\":\"https:\/\/www.sonoraenequipo.com.mx\/reciben-sedesson-y-dif-sonora-donacion-de-alimentos-de-casa-ley\/\",\"url\":\"https:\/\/www.sonoraenequipo.com.mx\/reciben-sedesson-y-dif-sonora-donacion-de-alimentos-de-casa-ley\/\",\"name\":\"Sonora en Equipo. Reciben Sedesson y DIF Sonora donaci\u00f3n de alimentos de Casa Ley Sonora\",\"isPartOf\":{\"@id\":\"https:\/\/www.sonoraenequipo.com.mx\/#website\"},\"primaryImageOfPage\":{\"@id\":\"https:\/\/www.sonoraenequipo.com.mx\/reciben-sedesson-y-dif-sonora-donacion-de-alimentos-de-casa-ley\/#primaryimage\"},\"image\":{\"@id\":\"https:\/\/www.sonoraenequipo.com.mx\/reciben-sedesson-y-dif-sonora-donacion-de-alimentos-de-casa-ley\/#primaryimage\"},\"thumbnailUrl\":\"https:\/\/www.sonoraenequipo.com.mx\/storage\/2020\/04\/sedeson-y-dif-4_opt.jpg\",\"datePublished\":\"2020-04-23T04:36:10+00:00\",\"description\":\"HERMOSILLO, SONORA. MX. \u2014 Un total de 23 toneladas de alimentos b\u00e1sicos y de limpieza, para seguir apoyando a las familias m\u00e1s vulnerables ante la En Sonora en Equipo publicamos toda la informaci\u00f3n de Sonora, M\u00e9xico y el Mundo de manera oportuna y busca que la libertad de expresi\u00f3n sea real. Visita nuestro medio informativo publicado desde Hermosillo, Sonora. %\",\"breadcrumb\":{\"@id\":\"https:\/\/www.sonoraenequipo.com.mx\/reciben-sedesson-y-dif-sonora-donacion-de-alimentos-de-casa-ley\/#breadcrumb\"},\"inLanguage\":\"es\",\"potentialAction\":[{\"@type\":\"ReadAction\",\"target\":[\"https:\/\/www.sonoraenequipo.com.mx\/reciben-sedesson-y-dif-sonora-donacion-de-alimentos-de-casa-ley\/\"]}]},{\"@type\":\"ImageObject\",\"inLanguage\":\"es\",\"@id\":\"https:\/\/www.sonoraenequipo.com.mx\/reciben-sedesson-y-dif-sonora-donacion-de-alimentos-de-casa-ley\/#primaryimage\",\"url\":\"https:\/\/www.sonoraenequipo.com.mx\/storage\/2020\/04\/sedeson-y-dif-4_opt.jpg\",\"contentUrl\":\"https:\/\/www.sonoraenequipo.com.mx\/storage\/2020\/04\/sedeson-y-dif-4_opt.jpg\",\"width\":600,\"height\":400},{\"@type\":\"BreadcrumbList\",\"@id\":\"https:\/\/www.sonoraenequipo.com.mx\/reciben-sedesson-y-dif-sonora-donacion-de-alimentos-de-casa-ley\/#breadcrumb\",\"itemListElement\":[{\"@type\":\"ListItem\",\"position\":1,\"name\":\"Portada\",\"item\":\"https:\/\/www.sonoraenequipo.com.mx\/\"},{\"@type\":\"ListItem\",\"position\":2,\"name\":\"Reciben Sedesson y DIF Sonora donaci\u00f3n de alimentos de Casa Ley\"}]},{\"@type\":\"WebSite\",\"@id\":\"https:\/\/www.sonoraenequipo.com.mx\/#website\",\"url\":\"https:\/\/www.sonoraenequipo.com.mx\/\",\"name\":\"Sonora en Equipo.\",\"description\":\"Diario en l\u00ednea con Noticias desde Hermosillo, Sonora\",\"publisher\":{\"@id\":\"https:\/\/www.sonoraenequipo.com.mx\/#organization\"},\"potentialAction\":[{\"@type\":\"SearchAction\",\"target\":{\"@type\":\"EntryPoint\",\"urlTemplate\":\"https:\/\/www.sonoraenequipo.com.mx\/?s={search_term_string}\"},\"query-input\":{\"@type\":\"PropertyValueSpecification\",\"valueRequired\":true,\"valueName\":\"search_term_string\"}}],\"inLanguage\":\"es\"},{\"@type\":\"Organization\",\"@id\":\"https:\/\/www.sonoraenequipo.com.mx\/#organization\",\"name\":\"Sonoraenequipo.com.mx\",\"url\":\"https:\/\/www.sonoraenequipo.com.mx\/\",\"logo\":{\"@type\":\"ImageObject\",\"inLanguage\":\"es\",\"@id\":\"https:\/\/www.sonoraenequipo.com.mx\/#\/schema\/logo\/image\/\",\"url\":\"https:\/\/www.sonoraenequipo.com.mx\/storage\/2019\/01\/sonoraenequipo_opt.png\",\"contentUrl\":\"https:\/\/www.sonoraenequipo.com.mx\/storage\/2019\/01\/sonoraenequipo_opt.png\",\"width\":375,\"height\":125,\"caption\":\"Sonoraenequipo.com.mx\"},\"image\":{\"@id\":\"https:\/\/www.sonoraenequipo.com.mx\/#\/schema\/logo\/image\/\"},\"sameAs\":[\"https:\/\/www.facebook.com\/SonoraEE\/\",\"https:\/\/x.com\/sonoraenequipo\",\"https:\/\/www.youtube.com\/channel\/UC338nW-lPEYmJQs4ZABQ1SQ\"]},{\"@type\":\"Person\",\"@id\":\"https:\/\/www.sonoraenequipo.com.mx\/#\/schema\/person\/50102df0fb23a8fa9e8effad8fa81386\",\"name\":\"enequipo\",\"image\":{\"@type\":\"ImageObject\",\"inLanguage\":\"es\",\"@id\":\"https:\/\/www.sonoraenequipo.com.mx\/#\/schema\/person\/image\/\",\"url\":\"https:\/\/secure.gravatar.com\/avatar\/049821681b589dabc0bc20695993ccebb09f5b5d4d790cd9251b97faac7c652b?s=96&d=blank&r=g\",\"contentUrl\":\"https:\/\/secure.gravatar.com\/avatar\/049821681b589dabc0bc20695993ccebb09f5b5d4d790cd9251b97faac7c652b?s=96&d=blank&r=g\",\"caption\":\"enequipo\"},\"sameAs\":[\"https:\/\/www.facebook.com\/SonoraEE\"]}]}<\/script>\n ","yoast_head_json":{"title":"Sonora en Equipo. Reciben Sedesson y DIF Sonora donaci\u00f3n de alimentos de Casa Ley Sonora","description":"HERMOSILLO, SONORA. MX. \u2014 Un total de 23 toneladas de alimentos b\u00e1sicos y de limpieza, para seguir apoyando a las familias m\u00e1s vulnerables ante la En Sonora en Equipo publicamos toda la informaci\u00f3n de Sonora, M\u00e9xico y el Mundo de manera oportuna y busca que la libertad de expresi\u00f3n sea real. Visita nuestro medio informativo publicado desde Hermosillo, Sonora. %","robots":{"index":"index","follow":"follow","max-snippet":"max-snippet:-1","max-image-preview":"max-image-preview:large","max-video-preview":"max-video-preview:-1"},"canonical":"https:\/\/www.sonoraenequipo.com.mx\/reciben-sedesson-y-dif-sonora-donacion-de-alimentos-de-casa-ley\/","og_locale":"es_ES","og_type":"article","og_title":"Sonora en Equipo. Reciben Sedesson y DIF Sonora donaci\u00f3n de alimentos de Casa Ley Sonora","og_description":"HERMOSILLO, SONORA. MX. \u2014 Un total de 23 toneladas de alimentos b\u00e1sicos y de limpieza, para seguir apoyando a las familias m\u00e1s vulnerables ante la En Sonora en Equipo publicamos toda la informaci\u00f3n de Sonora, M\u00e9xico y el Mundo de manera oportuna y busca que la libertad de expresi\u00f3n sea real. Visita nuestro medio informativo publicado desde Hermosillo, Sonora. %","og_url":"https:\/\/www.sonoraenequipo.com.mx\/reciben-sedesson-y-dif-sonora-donacion-de-alimentos-de-casa-ley\/","og_site_name":"Sonora en Equipo.","article_publisher":"https:\/\/www.facebook.com\/SonoraEE\/","article_author":"https:\/\/www.facebook.com\/SonoraEE","article_published_time":"2020-04-23T04:36:10+00:00","og_image":[{"width":600,"height":400,"url":"https:\/\/www.sonoraenequipo.com.mx\/storage\/2020\/04\/sedeson-y-dif-4_opt.jpg","type":"image\/jpeg"}],"author":"enequipo","twitter_card":"summary_large_image","twitter_creator":"@sonoraenequipo","twitter_site":"@sonoraenequipo","twitter_misc":{"Escrito por":"enequipo","Tiempo de lectura":"3 minutos"},"schema":{"@context":"https:\/\/schema.org","@graph":[{"@type":"Article","@id":"https:\/\/www.sonoraenequipo.com.mx\/reciben-sedesson-y-dif-sonora-donacion-de-alimentos-de-casa-ley\/#article","isPartOf":{"@id":"https:\/\/www.sonoraenequipo.com.mx\/reciben-sedesson-y-dif-sonora-donacion-de-alimentos-de-casa-ley\/"},"author":{"name":"enequipo","@id":"https:\/\/www.sonoraenequipo.com.mx\/#\/schema\/person\/50102df0fb23a8fa9e8effad8fa81386"},"headline":"Reciben Sedesson y DIF Sonora donaci\u00f3n de alimentos de Casa Ley","datePublished":"2020-04-23T04:36:10+00:00","mainEntityOfPage":{"@id":"https:\/\/www.sonoraenequipo.com.mx\/reciben-sedesson-y-dif-sonora-donacion-de-alimentos-de-casa-ley\/"},"wordCount":532,"commentCount":0,"publisher":{"@id":"https:\/\/www.sonoraenequipo.com.mx\/#organization"},"image":{"@id":"https:\/\/www.sonoraenequipo.com.mx\/reciben-sedesson-y-dif-sonora-donacion-de-alimentos-de-casa-ley\/#primaryimage"},"thumbnailUrl":"https:\/\/www.sonoraenequipo.com.mx\/storage\/2020\/04\/sedeson-y-dif-4_opt.jpg","articleSection":["Sonora"],"inLanguage":"es","potentialAction":[{"@type":"CommentAction","name":"Comment","target":["https:\/\/www.sonoraenequipo.com.mx\/reciben-sedesson-y-dif-sonora-donacion-de-alimentos-de-casa-ley\/#respond"]}]},{"@type":"WebPage","@id":"https:\/\/www.sonoraenequipo.com.mx\/reciben-sedesson-y-dif-sonora-donacion-de-alimentos-de-casa-ley\/","url":"https:\/\/www.sonoraenequipo.com.mx\/reciben-sedesson-y-dif-sonora-donacion-de-alimentos-de-casa-ley\/","name":"Sonora en Equipo. Reciben Sedesson y DIF Sonora donaci\u00f3n de alimentos de Casa Ley Sonora","isPartOf":{"@id":"https:\/\/www.sonoraenequipo.com.mx\/#website"},"primaryImageOfPage":{"@id":"https:\/\/www.sonoraenequipo.com.mx\/reciben-sedesson-y-dif-sonora-donacion-de-alimentos-de-casa-ley\/#primaryimage"},"image":{"@id":"https:\/\/www.sonoraenequipo.com.mx\/reciben-sedesson-y-dif-sonora-donacion-de-alimentos-de-casa-ley\/#primaryimage"},"thumbnailUrl":"https:\/\/www.sonoraenequipo.com.mx\/storage\/2020\/04\/sedeson-y-dif-4_opt.jpg","datePublished":"2020-04-23T04:36:10+00:00","description":"HERMOSILLO, SONORA. MX. \u2014 Un total de 23 toneladas de alimentos b\u00e1sicos y de limpieza, para seguir apoyando a las familias m\u00e1s vulnerables ante la En Sonora en Equipo publicamos toda la informaci\u00f3n de Sonora, M\u00e9xico y el Mundo de manera oportuna y busca que la libertad de expresi\u00f3n sea real. Visita nuestro medio informativo publicado desde Hermosillo, Sonora. %","breadcrumb":{"@id":"https:\/\/www.sonoraenequipo.com.mx\/reciben-sedesson-y-dif-sonora-donacion-de-alimentos-de-casa-ley\/#breadcrumb"},"inLanguage":"es","potentialAction":[{"@type":"ReadAction","target":["https:\/\/www.sonoraenequipo.com.mx\/reciben-sedesson-y-dif-sonora-donacion-de-alimentos-de-casa-ley\/"]}]},{"@type":"ImageObject","inLanguage":"es","@id":"https:\/\/www.sonoraenequipo.com.mx\/reciben-sedesson-y-dif-sonora-donacion-de-alimentos-de-casa-ley\/#primaryimage","url":"https:\/\/www.sonoraenequipo.com.mx\/storage\/2020\/04\/sedeson-y-dif-4_opt.jpg","contentUrl":"https:\/\/www.sonoraenequipo.com.mx\/storage\/2020\/04\/sedeson-y-dif-4_opt.jpg","width":600,"height":400},{"@type":"BreadcrumbList","@id":"https:\/\/www.sonoraenequipo.com.mx\/reciben-sedesson-y-dif-sonora-donacion-de-alimentos-de-casa-ley\/#breadcrumb","itemListElement":[{"@type":"ListItem","position":1,"name":"Portada","item":"https:\/\/www.sonoraenequipo.com.mx\/"},{"@type":"ListItem","position":2,"name":"Reciben Sedesson y DIF Sonora donaci\u00f3n de alimentos de Casa Ley"}]},{"@type":"WebSite","@id":"https:\/\/www.sonoraenequipo.com.mx\/#website","url":"https:\/\/www.sonoraenequipo.com.mx\/","name":"Sonora en Equipo.","description":"Diario en l\u00ednea con Noticias desde Hermosillo, Sonora","publisher":{"@id":"https:\/\/www.sonoraenequipo.com.mx\/#organization"},"potentialAction":[{"@type":"SearchAction","target":{"@type":"EntryPoint","urlTemplate":"https:\/\/www.sonoraenequipo.com.mx\/?s={search_term_string}"},"query-input":{"@type":"PropertyValueSpecification","valueRequired":true,"valueName":"search_term_string"}}],"inLanguage":"es"},{"@type":"Organization","@id":"https:\/\/www.sonoraenequipo.com.mx\/#organization","name":"Sonoraenequipo.com.mx","url":"https:\/\/www.sonoraenequipo.com.mx\/","logo":{"@type":"ImageObject","inLanguage":"es","@id":"https:\/\/www.sonoraenequipo.com.mx\/#\/schema\/logo\/image\/","url":"https:\/\/www.sonoraenequipo.com.mx\/storage\/2019\/01\/sonoraenequipo_opt.png","contentUrl":"https:\/\/www.sonoraenequipo.com.mx\/storage\/2019\/01\/sonoraenequipo_opt.png","width":375,"height":125,"caption":"Sonoraenequipo.com.mx"},"image":{"@id":"https:\/\/www.sonoraenequipo.com.mx\/#\/schema\/logo\/image\/"},"sameAs":["https:\/\/www.facebook.com\/SonoraEE\/","https:\/\/x.com\/sonoraenequipo","https:\/\/www.youtube.com\/channel\/UC338nW-lPEYmJQs4ZABQ1SQ"]},{"@type":"Person","@id":"https:\/\/www.sonoraenequipo.com.mx\/#\/schema\/person\/50102df0fb23a8fa9e8effad8fa81386","name":"enequipo","image":{"@type":"ImageObject","inLanguage":"es","@id":"https:\/\/www.sonoraenequipo.com.mx\/#\/schema\/person\/image\/","url":"https:\/\/secure.gravatar.com\/avatar\/049821681b589dabc0bc20695993ccebb09f5b5d4d790cd9251b97faac7c652b?s=96&d=blank&r=g","contentUrl":"https:\/\/secure.gravatar.com\/avatar\/049821681b589dabc0bc20695993ccebb09f5b5d4d790cd9251b97faac7c652b?s=96&d=blank&r=g","caption":"enequipo"},"sameAs":["https:\/\/www.facebook.com\/SonoraEE"]}]}},"jetpack_featured_media_url":"https:\/\/www.sonoraenequipo.com.mx\/storage\/2020\/04\/sedeson-y-dif-4_opt.jpg","_links":{"self":[{"href":"https:\/\/www.sonoraenequipo.com.mx\/api\/wp\/v2\/posts\/83728","targetHints":{"allow":["GET"]}}],"collection":[{"href":"https:\/\/www.sonoraenequipo.com.mx\/api\/wp\/v2\/posts"}],"about":[{"href":"https:\/\/www.sonoraenequipo.com.mx\/api\/wp\/v2\/types\/post"}],"author":[{"embeddable":true,"href":"https:\/\/www.sonoraenequipo.com.mx\/api\/wp\/v2\/users\/1"}],"replies":[{"embeddable":true,"href":"https:\/\/www.sonoraenequipo.com.mx\/api\/wp\/v2\/comments?post=83728"}],"version-history":[{"count":0,"href":"https:\/\/www.sonoraenequipo.com.mx\/api\/wp\/v2\/posts\/83728\/revisions"}],"wp:featuredmedia":[{"embeddable":true,"href":"https:\/\/www.sonoraenequipo.com.mx\/api\/wp\/v2\/media\/83732"}],"wp:attachment":[{"href":"https:\/\/www.sonoraenequipo.com.mx\/api\/wp\/v2\/media?parent=83728"}],"wp:term":[{"taxonomy":"category","embeddable":true,"href":"https:\/\/www.sonoraenequipo.com.mx\/api\/wp\/v2\/categories?post=83728"},{"taxonomy":"post_tag","embeddable":true,"href":"https:\/\/www.sonoraenequipo.com.mx\/api\/wp\/v2\/tags?post=83728"}],"curies":[{"name":"wp","href":"https:\/\/api.w.org\/{rel}","templated":true}]}}