{"id":83736,"date":"2020-04-22T22:45:32","date_gmt":"2020-04-23T05:45:32","guid":{"rendered":"https:\/\/www.sonoraenequipo.com.mx\/?p=83736"},"modified":"2020-05-25T14:28:36","modified_gmt":"2020-05-25T21:28:36","slug":"acuerda-comision-de-salud-sesionar-cada-miercoles-y-citar-a-vocero-de-salud-sobre-covid-19","status":"publish","type":"post","link":"https:\/\/www.sonoraenequipo.com.mx\/acuerda-comision-de-salud-sesionar-cada-miercoles-y-citar-a-vocero-de-salud-sobre-covid-19\/","title":{"rendered":"Acuerda Comisi\u00f3n de Salud sesionar cada mi\u00e9rcoles y citar a vocero de Salud sobre COVID-19"},"content":{"rendered":"<p>HERMOSILLO, SONORA.MX. \u2014\u00a0 La Comisi\u00f3n de Salud del Congreso del Estado acord\u00f3 solicitar la comparecencia del vocero de la Secretar\u00eda de Salud P\u00fablica sobre la situaci\u00f3n del COVID-19 en Sonora, Gerardo \u00c1lvarez Hern\u00e1ndez, director general de Promoci\u00f3n a la Salud y Prevenci\u00f3n de Enfermedades.<\/p>\n<p> <\/p>\n<p>A propuesta del diputado Filem\u00f3n Ortega Quintos, presidente de la Comisi\u00f3n de Salud, los legisladores Diana Platt Salazar, Miroslava Luj\u00e1n L\u00f3pez y Carlos Navarrete Aguirre, se pronunciaron a favor del Acuerdo, adem\u00e1s de aprobar reunirse todos los mi\u00e9rcoles en sesi\u00f3n permanente.<\/p>\n<p><em>\u201cPara que explique (\u00c1lvarez Hern\u00e1ndez) las estrategias que se est\u00e1n implementando para la prevenci\u00f3n, control y atenci\u00f3n, as\u00ed como las que se piensan establecer con relaci\u00f3n a la pandemia del COVID-19, misma que al 19 de abril acumulaba 165 casos confirmados y 17 muertes en el Estado\u201d<\/em>, expres\u00f3 Ortega Quintos.<\/p>\n<p>El presidente de la dictaminadora argument\u00f3 que solicit\u00f3 realizar la reuni\u00f3n de hoy por la importancia que tiene que sus integrantes den sus puntos de vista y posicionamientos ante la ciudadan\u00eda, como integrantes del Poder Legislativo.<\/p>\n<p>Por considerar que se trata de una de las comisiones m\u00e1s importantes dentro del Congreso del Estado, el diputado Carlos Navarrete Aguirre propuso que sesione de manera permanente, ya que as\u00ed como trabaja el sector salud, los legisladores deben estar pendientes de la salud de todos los sonorenses.<\/p>\n<p>La propuesta fue aceptada por el resto de los diputados presentes en la reuni\u00f3n. La diputada Miroslava Luj\u00e1n L\u00f3pez dijo que, como parte de los tres poderes del Estado, es esencial que el Legislativo siga trabajando porque al paralizar sus labores incurren en una falta a su deber.<\/p>\n<p>A no olvidar que el tema principal que les debe interesar es la problem\u00e1tica que viven las familias, as\u00ed como los controles que las autoridades de salud implementan y de lo cual requieren informaci\u00f3n, llam\u00f3 la diputada Diana Platt Salazar, quien se pronunci\u00f3 porque el Secretario de Salud del Estado de Sonora comparezca ante la comisi\u00f3n.<\/p>\n<p>El diputado Filem\u00f3n Ortega Quintos coincidi\u00f3 que la actividad legislativa no puede desaparecer por la publicaci\u00f3n de un Decreto emitido por la titular del Poder Ejecutivo estatal, por lo que en su momento manifest\u00f3 a la Presidencia de la mesa directiva y a la Comisi\u00f3n de R\u00e9gimen Interno y Concertaci\u00f3n Pol\u00edtica, CRICP, su desacuerdo ante el cierre de actividades en el Congreso, inform\u00f3.<\/p>\n<p>A esta reuni\u00f3n asistieron Salvador Ponce Serrano, maestro y doctor en epidemiolog\u00eda; y H\u00e9ctor Duarte Tagles, maestro y doctor en salud ambiental.<\/p>\n<p>Ponce Serrano consider\u00f3 que la pandemia del COVID-19 ocasionar\u00e1 gran cantidad de adultos mayores graves e incluso con defunci\u00f3n en el Estado de Sonora, y para contrarrestar sus efectos ser\u00eda necesario contar con antivirales que permitan cortar la transmisi\u00f3n del virus.<\/p>\n<p><em><img loading=\"lazy\" decoding=\"async\" class=\"size-full  x-none\" src=\"https:\/\/www.sonoraenequipo.com.mx\/storage\/2020\/04\/com-social-62-legislatura-legislativo-sonorense-210420-2_49807313887_o_opt.jpg\" alt=\"\" width=\"600\" height=\"400\" \/>\u201cDesde 2009, cuando ocurri\u00f3 la crisis de salud por la influenza, deb\u00edamos haber estado pensando c\u00f3mo tener antivirales para algo como esto (COVID-19) y no lo hicimos. Es una ense\u00f1anza la b\u00fasqueda de antivirales para brotes epid\u00e9micos\u201d,<\/em> asever\u00f3.<\/p>\n<p>El especialista celebr\u00f3 que la Comisi\u00f3n de Salud presente propuestas a las autoridades que puedan servir para el an\u00e1lisis, en tanto H\u00e9ctor Duarte Tagles dijo que el hecho de que esta dictaminadora lleve a cabo reuniones de trabajo en seguimiento a la situaci\u00f3n del coronavirus en Sonora, le da m\u00e1s legitimidad al Poder Legislativo.<\/p>\n<p><em>\u201cComo es algo nuevo no tenemos un manual, un escrito y en esto estamos aprendiendo todos; esta situaci\u00f3n nos obliga a realmente buscar las fuentes fidedignas de informaci\u00f3n, a ser cr\u00edticos y a tratar de resolver el problema, y verificar que si una alternativa no est\u00e1 dando resultados, tener la oportunidad de rectificar para evitar que esto se descontrole\u201d,<\/em> extern\u00f3.<\/p>\n<p>Adem\u00e1s de los acuerdos para que la Comisi\u00f3n de Salud trabaje de manera permanente cada mi\u00e9rcoles a las 11:00 horas y se invite al vocero de la Secretar\u00eda de Salud del Estado de Sonora en lo relativo a la situaci\u00f3n del COVID-19, los diputados aprobaron elaborar una agenda para visitar los hospitales de la entidad, a fin de verificar si cuentan con el equipo necesario y conocer las necesidades de los ciudadanos.<\/p>\n<p>Otros acuerdos fueron: exhortar a la Gobernadora del Estado para que a la brevedad incremente el personal de salud en el municipio de Naco, Sonora, y solicitar un informe sobre la manera en la que se distribuir\u00e1n los 520 millones de pesos que el Congreso del Estado aprob\u00f3 reasignar recientemente para la atenci\u00f3n de salud.<\/p>\n<p>(PUBLICADO EL 22\/04\/2020)<\/p>\n","protected":false},"excerpt":{"rendered":"<p>HERMOSILLO, SONORA.MX. \u2014\u00a0 La Comisi\u00f3n de Salud del Congreso del Estado acord\u00f3 solicitar la comparecencia&#8230;<\/p>\n","protected":false},"author":1,"featured_media":83741,"comment_status":"open","ping_status":"open","sticky":false,"template":"","format":"standard","meta":{"_monsterinsights_skip_tracking":false,"_monsterinsights_sitenote_active":false,"_monsterinsights_sitenote_note":"","_monsterinsights_sitenote_category":0,"footnotes":""},"categories":[3281],"tags":[],"class_list":["post"],"yoast_head":" \n<title>Sonora en Equipo. Acuerda Comisi\u00f3n de Salud sesionar cada mi\u00e9rcoles y citar a vocero de Salud sobre COVID-19 Congreso<\/title>\n<meta name=\"description\" content=\"HERMOSILLO, SONORA.MX. \u2014\u00a0 La Comisi\u00f3n de Salud del Congreso del Estado acord\u00f3 solicitar la comparecencia del vocero de la Secretar\u00eda de Salud P\u00fablica En Sonora en Equipo publicamos toda la informaci\u00f3n de Sonora, M\u00e9xico y el Mundo de manera oportuna y busca que la libertad de expresi\u00f3n sea real. Visita nuestro medio informativo publicado desde Hermosillo, Sonora. %\" \/>\n<meta name=\"robots\" content=\"index, follow, max-snippet:-1, max-image-preview:large, max-video-preview:-1\" \/>\n<link rel=\"canonical\" href=\"https:\/\/www.sonoraenequipo.com.mx\/acuerda-comision-de-salud-sesionar-cada-miercoles-y-citar-a-vocero-de-salud-sobre-covid-19\/\" \/>\n<meta property=\"og:locale\" content=\"es_ES\" \/>\n<meta property=\"og:type\" content=\"article\" \/>\n<meta property=\"og:title\" content=\"Sonora en Equipo. Acuerda Comisi\u00f3n de Salud sesionar cada mi\u00e9rcoles y citar a vocero de Salud sobre COVID-19 Congreso\" \/>\n<meta property=\"og:description\" content=\"HERMOSILLO, SONORA.MX. \u2014\u00a0 La Comisi\u00f3n de Salud del Congreso del Estado acord\u00f3 solicitar la comparecencia del vocero de la Secretar\u00eda de Salud P\u00fablica En Sonora en Equipo publicamos toda la informaci\u00f3n de Sonora, M\u00e9xico y el Mundo de manera oportuna y busca que la libertad de expresi\u00f3n sea real. Visita nuestro medio informativo publicado desde Hermosillo, Sonora. %\" \/>\n<meta property=\"og:url\" content=\"https:\/\/www.sonoraenequipo.com.mx\/acuerda-comision-de-salud-sesionar-cada-miercoles-y-citar-a-vocero-de-salud-sobre-covid-19\/\" \/>\n<meta property=\"og:site_name\" content=\"Sonora en Equipo.\" \/>\n<meta property=\"article:publisher\" content=\"https:\/\/www.facebook.com\/SonoraEE\/\" \/>\n<meta property=\"article:author\" content=\"https:\/\/www.facebook.com\/SonoraEE\" \/>\n<meta property=\"article:published_time\" content=\"2020-04-23T05:45:32+00:00\" \/>\n<meta property=\"article:modified_time\" content=\"2020-05-25T21:28:36+00:00\" \/>\n<meta property=\"og:image\" content=\"https:\/\/www.sonoraenequipo.com.mx\/storage\/2020\/04\/com-social-62-legislatura-legislativo-sonorense-220420-8_49806448293_o_opt.jpg\" \/>\n\t<meta property=\"og:image:width\" content=\"600\" \/>\n\t<meta property=\"og:image:height\" content=\"400\" \/>\n\t<meta property=\"og:image:type\" content=\"image\/jpeg\" \/>\n<meta name=\"author\" content=\"enequipo\" \/>\n<meta name=\"twitter:card\" content=\"summary_large_image\" \/>\n<meta name=\"twitter:creator\" content=\"@sonoraenequipo\" \/>\n<meta name=\"twitter:site\" content=\"@sonoraenequipo\" \/>\n<meta name=\"twitter:label1\" content=\"Escrito por\" \/>\n\t<meta name=\"twitter:data1\" content=\"enequipo\" \/>\n\t<meta name=\"twitter:label2\" content=\"Tiempo de lectura\" \/>\n\t<meta name=\"twitter:data2\" content=\"4 minutos\" \/>\n<script type=\"application\/ld+json\" class=\"yoast-schema-graph\">{\"@context\":\"https:\/\/schema.org\",\"@graph\":[{\"@type\":\"Article\",\"@id\":\"https:\/\/www.sonoraenequipo.com.mx\/acuerda-comision-de-salud-sesionar-cada-miercoles-y-citar-a-vocero-de-salud-sobre-covid-19\/#article\",\"isPartOf\":{\"@id\":\"https:\/\/www.sonoraenequipo.com.mx\/acuerda-comision-de-salud-sesionar-cada-miercoles-y-citar-a-vocero-de-salud-sobre-covid-19\/\"},\"author\":{\"name\":\"enequipo\",\"@id\":\"https:\/\/www.sonoraenequipo.com.mx\/#\/schema\/person\/50102df0fb23a8fa9e8effad8fa81386\"},\"headline\":\"Acuerda Comisi\u00f3n de Salud sesionar cada mi\u00e9rcoles y citar a vocero de Salud sobre COVID-19\",\"datePublished\":\"2020-04-23T05:45:32+00:00\",\"dateModified\":\"2020-05-25T21:28:36+00:00\",\"mainEntityOfPage\":{\"@id\":\"https:\/\/www.sonoraenequipo.com.mx\/acuerda-comision-de-salud-sesionar-cada-miercoles-y-citar-a-vocero-de-salud-sobre-covid-19\/\"},\"wordCount\":801,\"commentCount\":0,\"publisher\":{\"@id\":\"https:\/\/www.sonoraenequipo.com.mx\/#organization\"},\"image\":{\"@id\":\"https:\/\/www.sonoraenequipo.com.mx\/acuerda-comision-de-salud-sesionar-cada-miercoles-y-citar-a-vocero-de-salud-sobre-covid-19\/#primaryimage\"},\"thumbnailUrl\":\"https:\/\/www.sonoraenequipo.com.mx\/storage\/2020\/04\/com-social-62-legislatura-legislativo-sonorense-220420-8_49806448293_o_opt.jpg\",\"articleSection\":[\"Congreso\"],\"inLanguage\":\"es\",\"potentialAction\":[{\"@type\":\"CommentAction\",\"name\":\"Comment\",\"target\":[\"https:\/\/www.sonoraenequipo.com.mx\/acuerda-comision-de-salud-sesionar-cada-miercoles-y-citar-a-vocero-de-salud-sobre-covid-19\/#respond\"]}]},{\"@type\":\"WebPage\",\"@id\":\"https:\/\/www.sonoraenequipo.com.mx\/acuerda-comision-de-salud-sesionar-cada-miercoles-y-citar-a-vocero-de-salud-sobre-covid-19\/\",\"url\":\"https:\/\/www.sonoraenequipo.com.mx\/acuerda-comision-de-salud-sesionar-cada-miercoles-y-citar-a-vocero-de-salud-sobre-covid-19\/\",\"name\":\"Sonora en Equipo. Acuerda Comisi\u00f3n de Salud sesionar cada mi\u00e9rcoles y citar a vocero de Salud sobre COVID-19 Congreso\",\"isPartOf\":{\"@id\":\"https:\/\/www.sonoraenequipo.com.mx\/#website\"},\"primaryImageOfPage\":{\"@id\":\"https:\/\/www.sonoraenequipo.com.mx\/acuerda-comision-de-salud-sesionar-cada-miercoles-y-citar-a-vocero-de-salud-sobre-covid-19\/#primaryimage\"},\"image\":{\"@id\":\"https:\/\/www.sonoraenequipo.com.mx\/acuerda-comision-de-salud-sesionar-cada-miercoles-y-citar-a-vocero-de-salud-sobre-covid-19\/#primaryimage\"},\"thumbnailUrl\":\"https:\/\/www.sonoraenequipo.com.mx\/storage\/2020\/04\/com-social-62-legislatura-legislativo-sonorense-220420-8_49806448293_o_opt.jpg\",\"datePublished\":\"2020-04-23T05:45:32+00:00\",\"dateModified\":\"2020-05-25T21:28:36+00:00\",\"description\":\"HERMOSILLO, SONORA.MX. \u2014\u00a0 La Comisi\u00f3n de Salud del Congreso del Estado acord\u00f3 solicitar la comparecencia del vocero de la Secretar\u00eda de Salud P\u00fablica En Sonora en Equipo publicamos toda la informaci\u00f3n de Sonora, M\u00e9xico y el Mundo de manera oportuna y busca que la libertad de expresi\u00f3n sea real. Visita nuestro medio informativo publicado desde Hermosillo, Sonora. %\",\"breadcrumb\":{\"@id\":\"https:\/\/www.sonoraenequipo.com.mx\/acuerda-comision-de-salud-sesionar-cada-miercoles-y-citar-a-vocero-de-salud-sobre-covid-19\/#breadcrumb\"},\"inLanguage\":\"es\",\"potentialAction\":[{\"@type\":\"ReadAction\",\"target\":[\"https:\/\/www.sonoraenequipo.com.mx\/acuerda-comision-de-salud-sesionar-cada-miercoles-y-citar-a-vocero-de-salud-sobre-covid-19\/\"]}]},{\"@type\":\"ImageObject\",\"inLanguage\":\"es\",\"@id\":\"https:\/\/www.sonoraenequipo.com.mx\/acuerda-comision-de-salud-sesionar-cada-miercoles-y-citar-a-vocero-de-salud-sobre-covid-19\/#primaryimage\",\"url\":\"https:\/\/www.sonoraenequipo.com.mx\/storage\/2020\/04\/com-social-62-legislatura-legislativo-sonorense-220420-8_49806448293_o_opt.jpg\",\"contentUrl\":\"https:\/\/www.sonoraenequipo.com.mx\/storage\/2020\/04\/com-social-62-legislatura-legislativo-sonorense-220420-8_49806448293_o_opt.jpg\",\"width\":600,\"height\":400},{\"@type\":\"BreadcrumbList\",\"@id\":\"https:\/\/www.sonoraenequipo.com.mx\/acuerda-comision-de-salud-sesionar-cada-miercoles-y-citar-a-vocero-de-salud-sobre-covid-19\/#breadcrumb\",\"itemListElement\":[{\"@type\":\"ListItem\",\"position\":1,\"name\":\"Portada\",\"item\":\"https:\/\/www.sonoraenequipo.com.mx\/\"},{\"@type\":\"ListItem\",\"position\":2,\"name\":\"Acuerda Comisi\u00f3n de Salud sesionar cada mi\u00e9rcoles y citar a vocero de Salud sobre COVID-19\"}]},{\"@type\":\"WebSite\",\"@id\":\"https:\/\/www.sonoraenequipo.com.mx\/#website\",\"url\":\"https:\/\/www.sonoraenequipo.com.mx\/\",\"name\":\"Sonora en Equipo.\",\"description\":\"Diario en l\u00ednea con Noticias desde Hermosillo, Sonora\",\"publisher\":{\"@id\":\"https:\/\/www.sonoraenequipo.com.mx\/#organization\"},\"potentialAction\":[{\"@type\":\"SearchAction\",\"target\":{\"@type\":\"EntryPoint\",\"urlTemplate\":\"https:\/\/www.sonoraenequipo.com.mx\/?s={search_term_string}\"},\"query-input\":{\"@type\":\"PropertyValueSpecification\",\"valueRequired\":true,\"valueName\":\"search_term_string\"}}],\"inLanguage\":\"es\"},{\"@type\":\"Organization\",\"@id\":\"https:\/\/www.sonoraenequipo.com.mx\/#organization\",\"name\":\"Sonoraenequipo.com.mx\",\"url\":\"https:\/\/www.sonoraenequipo.com.mx\/\",\"logo\":{\"@type\":\"ImageObject\",\"inLanguage\":\"es\",\"@id\":\"https:\/\/www.sonoraenequipo.com.mx\/#\/schema\/logo\/image\/\",\"url\":\"https:\/\/www.sonoraenequipo.com.mx\/storage\/2019\/01\/sonoraenequipo_opt.png\",\"contentUrl\":\"https:\/\/www.sonoraenequipo.com.mx\/storage\/2019\/01\/sonoraenequipo_opt.png\",\"width\":375,\"height\":125,\"caption\":\"Sonoraenequipo.com.mx\"},\"image\":{\"@id\":\"https:\/\/www.sonoraenequipo.com.mx\/#\/schema\/logo\/image\/\"},\"sameAs\":[\"https:\/\/www.facebook.com\/SonoraEE\/\",\"https:\/\/x.com\/sonoraenequipo\",\"https:\/\/www.youtube.com\/channel\/UC338nW-lPEYmJQs4ZABQ1SQ\"]},{\"@type\":\"Person\",\"@id\":\"https:\/\/www.sonoraenequipo.com.mx\/#\/schema\/person\/50102df0fb23a8fa9e8effad8fa81386\",\"name\":\"enequipo\",\"image\":{\"@type\":\"ImageObject\",\"inLanguage\":\"es\",\"@id\":\"https:\/\/www.sonoraenequipo.com.mx\/#\/schema\/person\/image\/\",\"url\":\"https:\/\/secure.gravatar.com\/avatar\/049821681b589dabc0bc20695993ccebb09f5b5d4d790cd9251b97faac7c652b?s=96&d=blank&r=g\",\"contentUrl\":\"https:\/\/secure.gravatar.com\/avatar\/049821681b589dabc0bc20695993ccebb09f5b5d4d790cd9251b97faac7c652b?s=96&d=blank&r=g\",\"caption\":\"enequipo\"},\"sameAs\":[\"https:\/\/www.facebook.com\/SonoraEE\"]}]}<\/script>\n ","yoast_head_json":{"title":"Sonora en Equipo. Acuerda Comisi\u00f3n de Salud sesionar cada mi\u00e9rcoles y citar a vocero de Salud sobre COVID-19 Congreso","description":"HERMOSILLO, SONORA.MX. \u2014\u00a0 La Comisi\u00f3n de Salud del Congreso del Estado acord\u00f3 solicitar la comparecencia del vocero de la Secretar\u00eda de Salud P\u00fablica En Sonora en Equipo publicamos toda la informaci\u00f3n de Sonora, M\u00e9xico y el Mundo de manera oportuna y busca que la libertad de expresi\u00f3n sea real. Visita nuestro medio informativo publicado desde Hermosillo, Sonora. %","robots":{"index":"index","follow":"follow","max-snippet":"max-snippet:-1","max-image-preview":"max-image-preview:large","max-video-preview":"max-video-preview:-1"},"canonical":"https:\/\/www.sonoraenequipo.com.mx\/acuerda-comision-de-salud-sesionar-cada-miercoles-y-citar-a-vocero-de-salud-sobre-covid-19\/","og_locale":"es_ES","og_type":"article","og_title":"Sonora en Equipo. Acuerda Comisi\u00f3n de Salud sesionar cada mi\u00e9rcoles y citar a vocero de Salud sobre COVID-19 Congreso","og_description":"HERMOSILLO, SONORA.MX. \u2014\u00a0 La Comisi\u00f3n de Salud del Congreso del Estado acord\u00f3 solicitar la comparecencia del vocero de la Secretar\u00eda de Salud P\u00fablica En Sonora en Equipo publicamos toda la informaci\u00f3n de Sonora, M\u00e9xico y el Mundo de manera oportuna y busca que la libertad de expresi\u00f3n sea real. Visita nuestro medio informativo publicado desde Hermosillo, Sonora. %","og_url":"https:\/\/www.sonoraenequipo.com.mx\/acuerda-comision-de-salud-sesionar-cada-miercoles-y-citar-a-vocero-de-salud-sobre-covid-19\/","og_site_name":"Sonora en Equipo.","article_publisher":"https:\/\/www.facebook.com\/SonoraEE\/","article_author":"https:\/\/www.facebook.com\/SonoraEE","article_published_time":"2020-04-23T05:45:32+00:00","article_modified_time":"2020-05-25T21:28:36+00:00","og_image":[{"width":600,"height":400,"url":"https:\/\/www.sonoraenequipo.com.mx\/storage\/2020\/04\/com-social-62-legislatura-legislativo-sonorense-220420-8_49806448293_o_opt.jpg","type":"image\/jpeg"}],"author":"enequipo","twitter_card":"summary_large_image","twitter_creator":"@sonoraenequipo","twitter_site":"@sonoraenequipo","twitter_misc":{"Escrito por":"enequipo","Tiempo de lectura":"4 minutos"},"schema":{"@context":"https:\/\/schema.org","@graph":[{"@type":"Article","@id":"https:\/\/www.sonoraenequipo.com.mx\/acuerda-comision-de-salud-sesionar-cada-miercoles-y-citar-a-vocero-de-salud-sobre-covid-19\/#article","isPartOf":{"@id":"https:\/\/www.sonoraenequipo.com.mx\/acuerda-comision-de-salud-sesionar-cada-miercoles-y-citar-a-vocero-de-salud-sobre-covid-19\/"},"author":{"name":"enequipo","@id":"https:\/\/www.sonoraenequipo.com.mx\/#\/schema\/person\/50102df0fb23a8fa9e8effad8fa81386"},"headline":"Acuerda Comisi\u00f3n de Salud sesionar cada mi\u00e9rcoles y citar a vocero de Salud sobre COVID-19","datePublished":"2020-04-23T05:45:32+00:00","dateModified":"2020-05-25T21:28:36+00:00","mainEntityOfPage":{"@id":"https:\/\/www.sonoraenequipo.com.mx\/acuerda-comision-de-salud-sesionar-cada-miercoles-y-citar-a-vocero-de-salud-sobre-covid-19\/"},"wordCount":801,"commentCount":0,"publisher":{"@id":"https:\/\/www.sonoraenequipo.com.mx\/#organization"},"image":{"@id":"https:\/\/www.sonoraenequipo.com.mx\/acuerda-comision-de-salud-sesionar-cada-miercoles-y-citar-a-vocero-de-salud-sobre-covid-19\/#primaryimage"},"thumbnailUrl":"https:\/\/www.sonoraenequipo.com.mx\/storage\/2020\/04\/com-social-62-legislatura-legislativo-sonorense-220420-8_49806448293_o_opt.jpg","articleSection":["Congreso"],"inLanguage":"es","potentialAction":[{"@type":"CommentAction","name":"Comment","target":["https:\/\/www.sonoraenequipo.com.mx\/acuerda-comision-de-salud-sesionar-cada-miercoles-y-citar-a-vocero-de-salud-sobre-covid-19\/#respond"]}]},{"@type":"WebPage","@id":"https:\/\/www.sonoraenequipo.com.mx\/acuerda-comision-de-salud-sesionar-cada-miercoles-y-citar-a-vocero-de-salud-sobre-covid-19\/","url":"https:\/\/www.sonoraenequipo.com.mx\/acuerda-comision-de-salud-sesionar-cada-miercoles-y-citar-a-vocero-de-salud-sobre-covid-19\/","name":"Sonora en Equipo. Acuerda Comisi\u00f3n de Salud sesionar cada mi\u00e9rcoles y citar a vocero de Salud sobre COVID-19 Congreso","isPartOf":{"@id":"https:\/\/www.sonoraenequipo.com.mx\/#website"},"primaryImageOfPage":{"@id":"https:\/\/www.sonoraenequipo.com.mx\/acuerda-comision-de-salud-sesionar-cada-miercoles-y-citar-a-vocero-de-salud-sobre-covid-19\/#primaryimage"},"image":{"@id":"https:\/\/www.sonoraenequipo.com.mx\/acuerda-comision-de-salud-sesionar-cada-miercoles-y-citar-a-vocero-de-salud-sobre-covid-19\/#primaryimage"},"thumbnailUrl":"https:\/\/www.sonoraenequipo.com.mx\/storage\/2020\/04\/com-social-62-legislatura-legislativo-sonorense-220420-8_49806448293_o_opt.jpg","datePublished":"2020-04-23T05:45:32+00:00","dateModified":"2020-05-25T21:28:36+00:00","description":"HERMOSILLO, SONORA.MX. \u2014\u00a0 La Comisi\u00f3n de Salud del Congreso del Estado acord\u00f3 solicitar la comparecencia del vocero de la Secretar\u00eda de Salud P\u00fablica En Sonora en Equipo publicamos toda la informaci\u00f3n de Sonora, M\u00e9xico y el Mundo de manera oportuna y busca que la libertad de expresi\u00f3n sea real. Visita nuestro medio informativo publicado desde Hermosillo, Sonora. %","breadcrumb":{"@id":"https:\/\/www.sonoraenequipo.com.mx\/acuerda-comision-de-salud-sesionar-cada-miercoles-y-citar-a-vocero-de-salud-sobre-covid-19\/#breadcrumb"},"inLanguage":"es","potentialAction":[{"@type":"ReadAction","target":["https:\/\/www.sonoraenequipo.com.mx\/acuerda-comision-de-salud-sesionar-cada-miercoles-y-citar-a-vocero-de-salud-sobre-covid-19\/"]}]},{"@type":"ImageObject","inLanguage":"es","@id":"https:\/\/www.sonoraenequipo.com.mx\/acuerda-comision-de-salud-sesionar-cada-miercoles-y-citar-a-vocero-de-salud-sobre-covid-19\/#primaryimage","url":"https:\/\/www.sonoraenequipo.com.mx\/storage\/2020\/04\/com-social-62-legislatura-legislativo-sonorense-220420-8_49806448293_o_opt.jpg","contentUrl":"https:\/\/www.sonoraenequipo.com.mx\/storage\/2020\/04\/com-social-62-legislatura-legislativo-sonorense-220420-8_49806448293_o_opt.jpg","width":600,"height":400},{"@type":"BreadcrumbList","@id":"https:\/\/www.sonoraenequipo.com.mx\/acuerda-comision-de-salud-sesionar-cada-miercoles-y-citar-a-vocero-de-salud-sobre-covid-19\/#breadcrumb","itemListElement":[{"@type":"ListItem","position":1,"name":"Portada","item":"https:\/\/www.sonoraenequipo.com.mx\/"},{"@type":"ListItem","position":2,"name":"Acuerda Comisi\u00f3n de Salud sesionar cada mi\u00e9rcoles y citar a vocero de Salud sobre COVID-19"}]},{"@type":"WebSite","@id":"https:\/\/www.sonoraenequipo.com.mx\/#website","url":"https:\/\/www.sonoraenequipo.com.mx\/","name":"Sonora en Equipo.","description":"Diario en l\u00ednea con Noticias desde Hermosillo, Sonora","publisher":{"@id":"https:\/\/www.sonoraenequipo.com.mx\/#organization"},"potentialAction":[{"@type":"SearchAction","target":{"@type":"EntryPoint","urlTemplate":"https:\/\/www.sonoraenequipo.com.mx\/?s={search_term_string}"},"query-input":{"@type":"PropertyValueSpecification","valueRequired":true,"valueName":"search_term_string"}}],"inLanguage":"es"},{"@type":"Organization","@id":"https:\/\/www.sonoraenequipo.com.mx\/#organization","name":"Sonoraenequipo.com.mx","url":"https:\/\/www.sonoraenequipo.com.mx\/","logo":{"@type":"ImageObject","inLanguage":"es","@id":"https:\/\/www.sonoraenequipo.com.mx\/#\/schema\/logo\/image\/","url":"https:\/\/www.sonoraenequipo.com.mx\/storage\/2019\/01\/sonoraenequipo_opt.png","contentUrl":"https:\/\/www.sonoraenequipo.com.mx\/storage\/2019\/01\/sonoraenequipo_opt.png","width":375,"height":125,"caption":"Sonoraenequipo.com.mx"},"image":{"@id":"https:\/\/www.sonoraenequipo.com.mx\/#\/schema\/logo\/image\/"},"sameAs":["https:\/\/www.facebook.com\/SonoraEE\/","https:\/\/x.com\/sonoraenequipo","https:\/\/www.youtube.com\/channel\/UC338nW-lPEYmJQs4ZABQ1SQ"]},{"@type":"Person","@id":"https:\/\/www.sonoraenequipo.com.mx\/#\/schema\/person\/50102df0fb23a8fa9e8effad8fa81386","name":"enequipo","image":{"@type":"ImageObject","inLanguage":"es","@id":"https:\/\/www.sonoraenequipo.com.mx\/#\/schema\/person\/image\/","url":"https:\/\/secure.gravatar.com\/avatar\/049821681b589dabc0bc20695993ccebb09f5b5d4d790cd9251b97faac7c652b?s=96&d=blank&r=g","contentUrl":"https:\/\/secure.gravatar.com\/avatar\/049821681b589dabc0bc20695993ccebb09f5b5d4d790cd9251b97faac7c652b?s=96&d=blank&r=g","caption":"enequipo"},"sameAs":["https:\/\/www.facebook.com\/SonoraEE"]}]}},"jetpack_featured_media_url":"https:\/\/www.sonoraenequipo.com.mx\/storage\/2020\/04\/com-social-62-legislatura-legislativo-sonorense-220420-8_49806448293_o_opt.jpg","_links":{"self":[{"href":"https:\/\/www.sonoraenequipo.com.mx\/api\/wp\/v2\/posts\/83736","targetHints":{"allow":["GET"]}}],"collection":[{"href":"https:\/\/www.sonoraenequipo.com.mx\/api\/wp\/v2\/posts"}],"about":[{"href":"https:\/\/www.sonoraenequipo.com.mx\/api\/wp\/v2\/types\/post"}],"author":[{"embeddable":true,"href":"https:\/\/www.sonoraenequipo.com.mx\/api\/wp\/v2\/users\/1"}],"replies":[{"embeddable":true,"href":"https:\/\/www.sonoraenequipo.com.mx\/api\/wp\/v2\/comments?post=83736"}],"version-history":[{"count":0,"href":"https:\/\/www.sonoraenequipo.com.mx\/api\/wp\/v2\/posts\/83736\/revisions"}],"wp:featuredmedia":[{"embeddable":true,"href":"https:\/\/www.sonoraenequipo.com.mx\/api\/wp\/v2\/media\/83741"}],"wp:attachment":[{"href":"https:\/\/www.sonoraenequipo.com.mx\/api\/wp\/v2\/media?parent=83736"}],"wp:term":[{"taxonomy":"category","embeddable":true,"href":"https:\/\/www.sonoraenequipo.com.mx\/api\/wp\/v2\/categories?post=83736"},{"taxonomy":"post_tag","embeddable":true,"href":"https:\/\/www.sonoraenequipo.com.mx\/api\/wp\/v2\/tags?post=83736"}],"curies":[{"name":"wp","href":"https:\/\/api.w.org\/{rel}","templated":true}]}}