{"id":83737,"date":"2020-04-22T20:36:51","date_gmt":"2020-04-23T03:36:51","guid":{"rendered":"https:\/\/www.sonoraenequipo.com.mx\/?p=83737"},"modified":"2020-04-22T20:36:51","modified_gmt":"2020-04-23T03:36:51","slug":"sanitizan-instalaciones-de-la-fgj-de-sonora","status":"publish","type":"post","link":"https:\/\/www.sonoraenequipo.com.mx\/sanitizan-instalaciones-de-la-fgj-de-sonora\/","title":{"rendered":"Sanitizan instalaciones de la FGJ de Sonora"},"content":{"rendered":"<p>&nbsp;<\/p>\n<p>HERMOSILLO, SONORA,MX.\u2500 Como parte del protocolo de operaci\u00f3n y atenci\u00f3n al p\u00fablico, en el marco de la emergencia sanitaria por Covid-19, la Fiscal\u00eda General de Justicia del Estado realiza diariamente procesos de sanitizaci\u00f3n de todos los inmuebles en el Estado. <\/p>\n<p>&nbsp;<\/p>\n<p>El proceso es realizado por los servidores p\u00fablicos de la instituci\u00f3n al inicio de sus actividades en la dependencia, de tal manera que, los usuarios de la misma pueden tener la garant\u00eda de que hacemos estas acciones\u00a0 para protegerlos\u00a0 de sustancias contaminantes.<\/p>\n<p>&nbsp;<\/p>\n<p>El sanitizante que se utiliza, no contiene cloro, es un l\u00edquido de sales cuaternarias de quinta generaci\u00f3n, que incluso puede ser utilizado en la ropa del propio personal para entrar y salir de su jornada laboral.<\/p>\n<p>&nbsp;<\/p>\n<p>Estas acciones han sido posibles mediante la suma de esfuerzos entre la Fiscal\u00eda y la Barra Sonorense de Abogados, en el compromiso de que tanto el personal de la instituci\u00f3n como los litigantes y usuarios cuenten con condiciones \u00f3ptimas de salud, y dicha organizaci\u00f3n profesional proporciona l\u00edquido sanitizante coaduyando en el esfuerzo de mantener limpias las \u00e1reas esenciales, que por sus labores deben continuar operando.<\/p>\n<p>&nbsp;<\/p>\n<p>Se reitera que esta Fiscal\u00eda de Justicia mantiene atenci\u00f3n al p\u00fablico para denuncias urgentes y de violencia familiar en 31 instancias que brindan cobertura en todo el Estado y que incluyen Centros de Atenci\u00f3n Temprana, Agencias del Ministerio P\u00fablico, Centro de Justicia para las Mujeres en Cajeme y Bases Operativas de AMIC.<\/p>\n<p>Fecha de publicaci\u00f3n 22\/abr\/2020<\/p>\n<p>&nbsp;<\/p>\n","protected":false},"excerpt":{"rendered":"<p>&nbsp; HERMOSILLO, SONORA,MX.\u2500 Como parte del protocolo de operaci\u00f3n y atenci\u00f3n al p\u00fablico, en el&#8230;<\/p>\n","protected":false},"author":1,"featured_media":83738,"comment_status":"open","ping_status":"open","sticky":false,"template":"","format":"standard","meta":{"_monsterinsights_skip_tracking":false,"_monsterinsights_sitenote_active":false,"_monsterinsights_sitenote_note":"","_monsterinsights_sitenote_category":0,"footnotes":""},"categories":[22],"tags":[4198],"class_list":["post"],"yoast_head":" \n<title>Sonora en Equipo. Sanitizan instalaciones de la FGJ de Sonora Sonora<\/title>\n<meta name=\"description\" content=\"&nbsp; HERMOSILLO, SONORA,MX.\u2500 Como parte del protocolo de operaci\u00f3n y atenci\u00f3n al p\u00fablico, en el marco de la emergencia sanitaria por Covid-19, la En Sonora en Equipo publicamos toda la informaci\u00f3n de Sonora, M\u00e9xico y el Mundo de manera oportuna y busca que la libertad de expresi\u00f3n sea real. Visita nuestro medio informativo publicado desde Hermosillo, Sonora. %\" \/>\n<meta name=\"robots\" content=\"index, follow, max-snippet:-1, max-image-preview:large, max-video-preview:-1\" \/>\n<link rel=\"canonical\" href=\"https:\/\/www.sonoraenequipo.com.mx\/sanitizan-instalaciones-de-la-fgj-de-sonora\/\" \/>\n<meta property=\"og:locale\" content=\"es_ES\" \/>\n<meta property=\"og:type\" content=\"article\" \/>\n<meta property=\"og:title\" content=\"Sonora en Equipo. Sanitizan instalaciones de la FGJ de Sonora Sonora\" \/>\n<meta property=\"og:description\" content=\"&nbsp; HERMOSILLO, SONORA,MX.\u2500 Como parte del protocolo de operaci\u00f3n y atenci\u00f3n al p\u00fablico, en el marco de la emergencia sanitaria por Covid-19, la En Sonora en Equipo publicamos toda la informaci\u00f3n de Sonora, M\u00e9xico y el Mundo de manera oportuna y busca que la libertad de expresi\u00f3n sea real. Visita nuestro medio informativo publicado desde Hermosillo, Sonora. %\" \/>\n<meta property=\"og:url\" content=\"https:\/\/www.sonoraenequipo.com.mx\/sanitizan-instalaciones-de-la-fgj-de-sonora\/\" \/>\n<meta property=\"og:site_name\" content=\"Sonora en Equipo.\" \/>\n<meta property=\"article:publisher\" content=\"https:\/\/www.facebook.com\/SonoraEE\/\" \/>\n<meta property=\"article:author\" content=\"https:\/\/www.facebook.com\/SonoraEE\" \/>\n<meta property=\"article:published_time\" content=\"2020-04-23T03:36:51+00:00\" \/>\n<meta property=\"og:image\" content=\"https:\/\/www.sonoraenequipo.com.mx\/storage\/2020\/04\/sanit-fgje.jpg\" \/>\n\t<meta property=\"og:image:width\" content=\"600\" \/>\n\t<meta property=\"og:image:height\" content=\"400\" \/>\n\t<meta property=\"og:image:type\" content=\"image\/jpeg\" \/>\n<meta name=\"author\" content=\"enequipo\" \/>\n<meta name=\"twitter:card\" content=\"summary_large_image\" \/>\n<meta name=\"twitter:creator\" content=\"@sonoraenequipo\" \/>\n<meta name=\"twitter:site\" content=\"@sonoraenequipo\" \/>\n<meta name=\"twitter:label1\" content=\"Escrito por\" \/>\n\t<meta name=\"twitter:data1\" content=\"enequipo\" \/>\n\t<meta name=\"twitter:label2\" content=\"Tiempo de lectura\" \/>\n\t<meta name=\"twitter:data2\" content=\"1 minuto\" \/>\n<script type=\"application\/ld+json\" class=\"yoast-schema-graph\">{\"@context\":\"https:\/\/schema.org\",\"@graph\":[{\"@type\":\"Article\",\"@id\":\"https:\/\/www.sonoraenequipo.com.mx\/sanitizan-instalaciones-de-la-fgj-de-sonora\/#article\",\"isPartOf\":{\"@id\":\"https:\/\/www.sonoraenequipo.com.mx\/sanitizan-instalaciones-de-la-fgj-de-sonora\/\"},\"author\":{\"name\":\"enequipo\",\"@id\":\"https:\/\/www.sonoraenequipo.com.mx\/#\/schema\/person\/50102df0fb23a8fa9e8effad8fa81386\"},\"headline\":\"Sanitizan instalaciones de la FGJ de Sonora\",\"datePublished\":\"2020-04-23T03:36:51+00:00\",\"mainEntityOfPage\":{\"@id\":\"https:\/\/www.sonoraenequipo.com.mx\/sanitizan-instalaciones-de-la-fgj-de-sonora\/\"},\"wordCount\":272,\"commentCount\":0,\"publisher\":{\"@id\":\"https:\/\/www.sonoraenequipo.com.mx\/#organization\"},\"image\":{\"@id\":\"https:\/\/www.sonoraenequipo.com.mx\/sanitizan-instalaciones-de-la-fgj-de-sonora\/#primaryimage\"},\"thumbnailUrl\":\"https:\/\/www.sonoraenequipo.com.mx\/storage\/2020\/04\/sanit-fgje.jpg\",\"keywords\":[\"Covid-19\"],\"articleSection\":[\"Sonora\"],\"inLanguage\":\"es\",\"potentialAction\":[{\"@type\":\"CommentAction\",\"name\":\"Comment\",\"target\":[\"https:\/\/www.sonoraenequipo.com.mx\/sanitizan-instalaciones-de-la-fgj-de-sonora\/#respond\"]}]},{\"@type\":\"WebPage\",\"@id\":\"https:\/\/www.sonoraenequipo.com.mx\/sanitizan-instalaciones-de-la-fgj-de-sonora\/\",\"url\":\"https:\/\/www.sonoraenequipo.com.mx\/sanitizan-instalaciones-de-la-fgj-de-sonora\/\",\"name\":\"Sonora en Equipo. Sanitizan instalaciones de la FGJ de Sonora Sonora\",\"isPartOf\":{\"@id\":\"https:\/\/www.sonoraenequipo.com.mx\/#website\"},\"primaryImageOfPage\":{\"@id\":\"https:\/\/www.sonoraenequipo.com.mx\/sanitizan-instalaciones-de-la-fgj-de-sonora\/#primaryimage\"},\"image\":{\"@id\":\"https:\/\/www.sonoraenequipo.com.mx\/sanitizan-instalaciones-de-la-fgj-de-sonora\/#primaryimage\"},\"thumbnailUrl\":\"https:\/\/www.sonoraenequipo.com.mx\/storage\/2020\/04\/sanit-fgje.jpg\",\"datePublished\":\"2020-04-23T03:36:51+00:00\",\"description\":\"&nbsp; HERMOSILLO, SONORA,MX.\u2500 Como parte del protocolo de operaci\u00f3n y atenci\u00f3n al p\u00fablico, en el marco de la emergencia sanitaria por Covid-19, la En Sonora en Equipo publicamos toda la informaci\u00f3n de Sonora, M\u00e9xico y el Mundo de manera oportuna y busca que la libertad de expresi\u00f3n sea real. Visita nuestro medio informativo publicado desde Hermosillo, Sonora. %\",\"breadcrumb\":{\"@id\":\"https:\/\/www.sonoraenequipo.com.mx\/sanitizan-instalaciones-de-la-fgj-de-sonora\/#breadcrumb\"},\"inLanguage\":\"es\",\"potentialAction\":[{\"@type\":\"ReadAction\",\"target\":[\"https:\/\/www.sonoraenequipo.com.mx\/sanitizan-instalaciones-de-la-fgj-de-sonora\/\"]}]},{\"@type\":\"ImageObject\",\"inLanguage\":\"es\",\"@id\":\"https:\/\/www.sonoraenequipo.com.mx\/sanitizan-instalaciones-de-la-fgj-de-sonora\/#primaryimage\",\"url\":\"https:\/\/www.sonoraenequipo.com.mx\/storage\/2020\/04\/sanit-fgje.jpg\",\"contentUrl\":\"https:\/\/www.sonoraenequipo.com.mx\/storage\/2020\/04\/sanit-fgje.jpg\",\"width\":600,\"height\":400},{\"@type\":\"BreadcrumbList\",\"@id\":\"https:\/\/www.sonoraenequipo.com.mx\/sanitizan-instalaciones-de-la-fgj-de-sonora\/#breadcrumb\",\"itemListElement\":[{\"@type\":\"ListItem\",\"position\":1,\"name\":\"Portada\",\"item\":\"https:\/\/www.sonoraenequipo.com.mx\/\"},{\"@type\":\"ListItem\",\"position\":2,\"name\":\"Sanitizan instalaciones de la FGJ de Sonora\"}]},{\"@type\":\"WebSite\",\"@id\":\"https:\/\/www.sonoraenequipo.com.mx\/#website\",\"url\":\"https:\/\/www.sonoraenequipo.com.mx\/\",\"name\":\"Sonora en Equipo.\",\"description\":\"Diario en l\u00ednea con Noticias desde Hermosillo, Sonora\",\"publisher\":{\"@id\":\"https:\/\/www.sonoraenequipo.com.mx\/#organization\"},\"potentialAction\":[{\"@type\":\"SearchAction\",\"target\":{\"@type\":\"EntryPoint\",\"urlTemplate\":\"https:\/\/www.sonoraenequipo.com.mx\/?s={search_term_string}\"},\"query-input\":{\"@type\":\"PropertyValueSpecification\",\"valueRequired\":true,\"valueName\":\"search_term_string\"}}],\"inLanguage\":\"es\"},{\"@type\":\"Organization\",\"@id\":\"https:\/\/www.sonoraenequipo.com.mx\/#organization\",\"name\":\"Sonoraenequipo.com.mx\",\"url\":\"https:\/\/www.sonoraenequipo.com.mx\/\",\"logo\":{\"@type\":\"ImageObject\",\"inLanguage\":\"es\",\"@id\":\"https:\/\/www.sonoraenequipo.com.mx\/#\/schema\/logo\/image\/\",\"url\":\"https:\/\/www.sonoraenequipo.com.mx\/storage\/2019\/01\/sonoraenequipo_opt.png\",\"contentUrl\":\"https:\/\/www.sonoraenequipo.com.mx\/storage\/2019\/01\/sonoraenequipo_opt.png\",\"width\":375,\"height\":125,\"caption\":\"Sonoraenequipo.com.mx\"},\"image\":{\"@id\":\"https:\/\/www.sonoraenequipo.com.mx\/#\/schema\/logo\/image\/\"},\"sameAs\":[\"https:\/\/www.facebook.com\/SonoraEE\/\",\"https:\/\/x.com\/sonoraenequipo\",\"https:\/\/www.youtube.com\/channel\/UC338nW-lPEYmJQs4ZABQ1SQ\"]},{\"@type\":\"Person\",\"@id\":\"https:\/\/www.sonoraenequipo.com.mx\/#\/schema\/person\/50102df0fb23a8fa9e8effad8fa81386\",\"name\":\"enequipo\",\"image\":{\"@type\":\"ImageObject\",\"inLanguage\":\"es\",\"@id\":\"https:\/\/www.sonoraenequipo.com.mx\/#\/schema\/person\/image\/\",\"url\":\"https:\/\/secure.gravatar.com\/avatar\/049821681b589dabc0bc20695993ccebb09f5b5d4d790cd9251b97faac7c652b?s=96&d=blank&r=g\",\"contentUrl\":\"https:\/\/secure.gravatar.com\/avatar\/049821681b589dabc0bc20695993ccebb09f5b5d4d790cd9251b97faac7c652b?s=96&d=blank&r=g\",\"caption\":\"enequipo\"},\"sameAs\":[\"https:\/\/www.facebook.com\/SonoraEE\"]}]}<\/script>\n ","yoast_head_json":{"title":"Sonora en Equipo. Sanitizan instalaciones de la FGJ de Sonora Sonora","description":"&nbsp; HERMOSILLO, SONORA,MX.\u2500 Como parte del protocolo de operaci\u00f3n y atenci\u00f3n al p\u00fablico, en el marco de la emergencia sanitaria por Covid-19, la En Sonora en Equipo publicamos toda la informaci\u00f3n de Sonora, M\u00e9xico y el Mundo de manera oportuna y busca que la libertad de expresi\u00f3n sea real. Visita nuestro medio informativo publicado desde Hermosillo, Sonora. %","robots":{"index":"index","follow":"follow","max-snippet":"max-snippet:-1","max-image-preview":"max-image-preview:large","max-video-preview":"max-video-preview:-1"},"canonical":"https:\/\/www.sonoraenequipo.com.mx\/sanitizan-instalaciones-de-la-fgj-de-sonora\/","og_locale":"es_ES","og_type":"article","og_title":"Sonora en Equipo. Sanitizan instalaciones de la FGJ de Sonora Sonora","og_description":"&nbsp; HERMOSILLO, SONORA,MX.\u2500 Como parte del protocolo de operaci\u00f3n y atenci\u00f3n al p\u00fablico, en el marco de la emergencia sanitaria por Covid-19, la En Sonora en Equipo publicamos toda la informaci\u00f3n de Sonora, M\u00e9xico y el Mundo de manera oportuna y busca que la libertad de expresi\u00f3n sea real. Visita nuestro medio informativo publicado desde Hermosillo, Sonora. %","og_url":"https:\/\/www.sonoraenequipo.com.mx\/sanitizan-instalaciones-de-la-fgj-de-sonora\/","og_site_name":"Sonora en Equipo.","article_publisher":"https:\/\/www.facebook.com\/SonoraEE\/","article_author":"https:\/\/www.facebook.com\/SonoraEE","article_published_time":"2020-04-23T03:36:51+00:00","og_image":[{"width":600,"height":400,"url":"https:\/\/www.sonoraenequipo.com.mx\/storage\/2020\/04\/sanit-fgje.jpg","type":"image\/jpeg"}],"author":"enequipo","twitter_card":"summary_large_image","twitter_creator":"@sonoraenequipo","twitter_site":"@sonoraenequipo","twitter_misc":{"Escrito por":"enequipo","Tiempo de lectura":"1 minuto"},"schema":{"@context":"https:\/\/schema.org","@graph":[{"@type":"Article","@id":"https:\/\/www.sonoraenequipo.com.mx\/sanitizan-instalaciones-de-la-fgj-de-sonora\/#article","isPartOf":{"@id":"https:\/\/www.sonoraenequipo.com.mx\/sanitizan-instalaciones-de-la-fgj-de-sonora\/"},"author":{"name":"enequipo","@id":"https:\/\/www.sonoraenequipo.com.mx\/#\/schema\/person\/50102df0fb23a8fa9e8effad8fa81386"},"headline":"Sanitizan instalaciones de la FGJ de Sonora","datePublished":"2020-04-23T03:36:51+00:00","mainEntityOfPage":{"@id":"https:\/\/www.sonoraenequipo.com.mx\/sanitizan-instalaciones-de-la-fgj-de-sonora\/"},"wordCount":272,"commentCount":0,"publisher":{"@id":"https:\/\/www.sonoraenequipo.com.mx\/#organization"},"image":{"@id":"https:\/\/www.sonoraenequipo.com.mx\/sanitizan-instalaciones-de-la-fgj-de-sonora\/#primaryimage"},"thumbnailUrl":"https:\/\/www.sonoraenequipo.com.mx\/storage\/2020\/04\/sanit-fgje.jpg","keywords":["Covid-19"],"articleSection":["Sonora"],"inLanguage":"es","potentialAction":[{"@type":"CommentAction","name":"Comment","target":["https:\/\/www.sonoraenequipo.com.mx\/sanitizan-instalaciones-de-la-fgj-de-sonora\/#respond"]}]},{"@type":"WebPage","@id":"https:\/\/www.sonoraenequipo.com.mx\/sanitizan-instalaciones-de-la-fgj-de-sonora\/","url":"https:\/\/www.sonoraenequipo.com.mx\/sanitizan-instalaciones-de-la-fgj-de-sonora\/","name":"Sonora en Equipo. Sanitizan instalaciones de la FGJ de Sonora Sonora","isPartOf":{"@id":"https:\/\/www.sonoraenequipo.com.mx\/#website"},"primaryImageOfPage":{"@id":"https:\/\/www.sonoraenequipo.com.mx\/sanitizan-instalaciones-de-la-fgj-de-sonora\/#primaryimage"},"image":{"@id":"https:\/\/www.sonoraenequipo.com.mx\/sanitizan-instalaciones-de-la-fgj-de-sonora\/#primaryimage"},"thumbnailUrl":"https:\/\/www.sonoraenequipo.com.mx\/storage\/2020\/04\/sanit-fgje.jpg","datePublished":"2020-04-23T03:36:51+00:00","description":"&nbsp; HERMOSILLO, SONORA,MX.\u2500 Como parte del protocolo de operaci\u00f3n y atenci\u00f3n al p\u00fablico, en el marco de la emergencia sanitaria por Covid-19, la En Sonora en Equipo publicamos toda la informaci\u00f3n de Sonora, M\u00e9xico y el Mundo de manera oportuna y busca que la libertad de expresi\u00f3n sea real. Visita nuestro medio informativo publicado desde Hermosillo, Sonora. %","breadcrumb":{"@id":"https:\/\/www.sonoraenequipo.com.mx\/sanitizan-instalaciones-de-la-fgj-de-sonora\/#breadcrumb"},"inLanguage":"es","potentialAction":[{"@type":"ReadAction","target":["https:\/\/www.sonoraenequipo.com.mx\/sanitizan-instalaciones-de-la-fgj-de-sonora\/"]}]},{"@type":"ImageObject","inLanguage":"es","@id":"https:\/\/www.sonoraenequipo.com.mx\/sanitizan-instalaciones-de-la-fgj-de-sonora\/#primaryimage","url":"https:\/\/www.sonoraenequipo.com.mx\/storage\/2020\/04\/sanit-fgje.jpg","contentUrl":"https:\/\/www.sonoraenequipo.com.mx\/storage\/2020\/04\/sanit-fgje.jpg","width":600,"height":400},{"@type":"BreadcrumbList","@id":"https:\/\/www.sonoraenequipo.com.mx\/sanitizan-instalaciones-de-la-fgj-de-sonora\/#breadcrumb","itemListElement":[{"@type":"ListItem","position":1,"name":"Portada","item":"https:\/\/www.sonoraenequipo.com.mx\/"},{"@type":"ListItem","position":2,"name":"Sanitizan instalaciones de la FGJ de Sonora"}]},{"@type":"WebSite","@id":"https:\/\/www.sonoraenequipo.com.mx\/#website","url":"https:\/\/www.sonoraenequipo.com.mx\/","name":"Sonora en Equipo.","description":"Diario en l\u00ednea con Noticias desde Hermosillo, Sonora","publisher":{"@id":"https:\/\/www.sonoraenequipo.com.mx\/#organization"},"potentialAction":[{"@type":"SearchAction","target":{"@type":"EntryPoint","urlTemplate":"https:\/\/www.sonoraenequipo.com.mx\/?s={search_term_string}"},"query-input":{"@type":"PropertyValueSpecification","valueRequired":true,"valueName":"search_term_string"}}],"inLanguage":"es"},{"@type":"Organization","@id":"https:\/\/www.sonoraenequipo.com.mx\/#organization","name":"Sonoraenequipo.com.mx","url":"https:\/\/www.sonoraenequipo.com.mx\/","logo":{"@type":"ImageObject","inLanguage":"es","@id":"https:\/\/www.sonoraenequipo.com.mx\/#\/schema\/logo\/image\/","url":"https:\/\/www.sonoraenequipo.com.mx\/storage\/2019\/01\/sonoraenequipo_opt.png","contentUrl":"https:\/\/www.sonoraenequipo.com.mx\/storage\/2019\/01\/sonoraenequipo_opt.png","width":375,"height":125,"caption":"Sonoraenequipo.com.mx"},"image":{"@id":"https:\/\/www.sonoraenequipo.com.mx\/#\/schema\/logo\/image\/"},"sameAs":["https:\/\/www.facebook.com\/SonoraEE\/","https:\/\/x.com\/sonoraenequipo","https:\/\/www.youtube.com\/channel\/UC338nW-lPEYmJQs4ZABQ1SQ"]},{"@type":"Person","@id":"https:\/\/www.sonoraenequipo.com.mx\/#\/schema\/person\/50102df0fb23a8fa9e8effad8fa81386","name":"enequipo","image":{"@type":"ImageObject","inLanguage":"es","@id":"https:\/\/www.sonoraenequipo.com.mx\/#\/schema\/person\/image\/","url":"https:\/\/secure.gravatar.com\/avatar\/049821681b589dabc0bc20695993ccebb09f5b5d4d790cd9251b97faac7c652b?s=96&d=blank&r=g","contentUrl":"https:\/\/secure.gravatar.com\/avatar\/049821681b589dabc0bc20695993ccebb09f5b5d4d790cd9251b97faac7c652b?s=96&d=blank&r=g","caption":"enequipo"},"sameAs":["https:\/\/www.facebook.com\/SonoraEE"]}]}},"jetpack_featured_media_url":"https:\/\/www.sonoraenequipo.com.mx\/storage\/2020\/04\/sanit-fgje.jpg","_links":{"self":[{"href":"https:\/\/www.sonoraenequipo.com.mx\/api\/wp\/v2\/posts\/83737","targetHints":{"allow":["GET"]}}],"collection":[{"href":"https:\/\/www.sonoraenequipo.com.mx\/api\/wp\/v2\/posts"}],"about":[{"href":"https:\/\/www.sonoraenequipo.com.mx\/api\/wp\/v2\/types\/post"}],"author":[{"embeddable":true,"href":"https:\/\/www.sonoraenequipo.com.mx\/api\/wp\/v2\/users\/1"}],"replies":[{"embeddable":true,"href":"https:\/\/www.sonoraenequipo.com.mx\/api\/wp\/v2\/comments?post=83737"}],"version-history":[{"count":0,"href":"https:\/\/www.sonoraenequipo.com.mx\/api\/wp\/v2\/posts\/83737\/revisions"}],"wp:featuredmedia":[{"embeddable":true,"href":"https:\/\/www.sonoraenequipo.com.mx\/api\/wp\/v2\/media\/83738"}],"wp:attachment":[{"href":"https:\/\/www.sonoraenequipo.com.mx\/api\/wp\/v2\/media?parent=83737"}],"wp:term":[{"taxonomy":"category","embeddable":true,"href":"https:\/\/www.sonoraenequipo.com.mx\/api\/wp\/v2\/categories?post=83737"},{"taxonomy":"post_tag","embeddable":true,"href":"https:\/\/www.sonoraenequipo.com.mx\/api\/wp\/v2\/tags?post=83737"}],"curies":[{"name":"wp","href":"https:\/\/api.w.org\/{rel}","templated":true}]}}