{"id":83746,"date":"2020-04-22T23:15:45","date_gmt":"2020-04-23T06:15:45","guid":{"rendered":"https:\/\/www.sonoraenequipo.com.mx\/?p=83746"},"modified":"2020-05-25T14:28:02","modified_gmt":"2020-05-25T21:28:02","slug":"refuerza-gobierno-municipal-de-nogales-acciones-contra-coronavirus","status":"publish","type":"post","link":"https:\/\/www.sonoraenequipo.com.mx\/refuerza-gobierno-municipal-de-nogales-acciones-contra-coronavirus\/","title":{"rendered":"Refuerza Gobierno Municipal de Nogales acciones contra \u00abCoronavirus\u00bb"},"content":{"rendered":"<p>NOGALES, SONORA. MX. \u2014 Como parte de los compromisos que se han hecho con las autoridades de salud estatal y federal en torno a los programas preventivos contra el \u201cCoronavirus\u201d (COVID-19), el Gobierno de la Ciudad aportar\u00e1 algunos filtros sanitarios para detectar a las personas que cruzan de Estados Unidos a M\u00e9xico con alg\u00fan s\u00edntoma de la enfermedad.<\/p>\n<p>&nbsp;<\/p>\n<p> <\/p>\n<p>&nbsp;<\/p>\n<p>&nbsp;<\/p>\n<p>El Alcalde Jes\u00fas Pujol Irastorza inform\u00f3 lo anterior y dijo que con la entrada en vigor de la tercera etapa de la contingencia, se proveer\u00e1 de estos m\u00f3dulos sanitarios a los especialistas de Salud Estatal que realizan las acciones preventivas en las garitas de cruce internacional hacia territorio mexicano.<\/p>\n<p>&nbsp;<\/p>\n<p>&nbsp;<\/p>\n<p>Aparte de los apoyos a los microempresarios y a las familias vulnerables que se est\u00e1n dando con recursos propios del Municipio, se ha decidido apoyar a las autoridades de sanidad del Gobierno del Estado para que fortalezcan las acciones preventivas contra el COVID-19 y que los casos de esta enfermedad no aumenten, agreg\u00f3.<\/p>\n<p>&nbsp;<\/p>\n<p>Inicialmente estos filtros sanitarios ser\u00e1n instalados en los pasos peatonales y despu\u00e9s en los carriles de circulaci\u00f3n vehicular para detectar a las personas que manifiesten alg\u00fan s\u00edntoma del \u201cCoronavirus\u201d y que se proceda en consecuencia de acuerdo a los protocolos de salud, mencion\u00f3.<\/p>\n<p>&nbsp;<\/p>\n<p>El Presidente Municipal consider\u00f3 innecesario el cierre total o parcial de la entrada hacia M\u00e9xico, ni tampoco existe una propuesta para tomar esta clase de medidas.<\/p>\n<p>&nbsp;<\/p>\n<p>&nbsp;<\/p>\n<p><em>\u201cNos interesa mucho equipar con todo lo necesario a la gente que est\u00e1 trabajando para que la enfermedad no se propague en la ciudad, pero adem\u00e1s hemos instalado retenes estrat\u00e9gicos en la poblaci\u00f3n a fin de informar a las personas acerca de las medidas restrictivas y sobre todo para invitarles que se queden en sus casas y que cumplan con las recomendaciones de las autoridades de salud\u201d<\/em>, expuso.<\/p>\n<p>&nbsp;<\/p>\n<p>Aprovech\u00f3 para exhortar a la poblaci\u00f3n a que mantenga la calma durante este periodo de contingencia sanitaria y a cumplir con todas las medidas preventivas que se han difundido oficialmente por las autoridades de salud en los diversos medios de comunicaci\u00f3n social.<\/p>\n<p>&nbsp;<\/p>\n<p>(PUBLICADO EL 22\/04\/2020)<\/p>\n","protected":false},"excerpt":{"rendered":"<p>NOGALES, SONORA. MX. \u2014 Como parte de los compromisos que se han hecho con las&#8230;<\/p>\n","protected":false},"author":1,"featured_media":83747,"comment_status":"open","ping_status":"open","sticky":false,"template":"","format":"standard","meta":{"_monsterinsights_skip_tracking":false,"_monsterinsights_sitenote_active":false,"_monsterinsights_sitenote_note":"","_monsterinsights_sitenote_category":0,"footnotes":""},"categories":[22],"tags":[],"class_list":["post"],"yoast_head":" \n<title>Sonora en Equipo. Refuerza Gobierno Municipal de Nogales acciones contra &quot;Coronavirus&quot;<\/title>\n<meta name=\"description\" content=\"NOGALES, SONORA. MX. \u2014 Como parte de los compromisos que se han hecho con las autoridades de salud estatal y federal en torno a los programas preventivos En Sonora en Equipo publicamos toda la informaci\u00f3n de Sonora, M\u00e9xico y el Mundo de manera oportuna y busca que la libertad de expresi\u00f3n sea real. Visita nuestro medio informativo publicado desde Hermosillo, Sonora. %\" \/>\n<meta name=\"robots\" content=\"index, follow, max-snippet:-1, max-image-preview:large, max-video-preview:-1\" \/>\n<link rel=\"canonical\" href=\"https:\/\/www.sonoraenequipo.com.mx\/refuerza-gobierno-municipal-de-nogales-acciones-contra-coronavirus\/\" \/>\n<meta property=\"og:locale\" content=\"es_ES\" \/>\n<meta property=\"og:type\" content=\"article\" \/>\n<meta property=\"og:title\" content=\"Sonora en Equipo. Refuerza Gobierno Municipal de Nogales acciones contra &quot;Coronavirus&quot;\" \/>\n<meta property=\"og:description\" content=\"NOGALES, SONORA. MX. \u2014 Como parte de los compromisos que se han hecho con las autoridades de salud estatal y federal en torno a los programas preventivos En Sonora en Equipo publicamos toda la informaci\u00f3n de Sonora, M\u00e9xico y el Mundo de manera oportuna y busca que la libertad de expresi\u00f3n sea real. Visita nuestro medio informativo publicado desde Hermosillo, Sonora. %\" \/>\n<meta property=\"og:url\" content=\"https:\/\/www.sonoraenequipo.com.mx\/refuerza-gobierno-municipal-de-nogales-acciones-contra-coronavirus\/\" \/>\n<meta property=\"og:site_name\" content=\"Sonora en Equipo.\" \/>\n<meta property=\"article:publisher\" content=\"https:\/\/www.facebook.com\/SonoraEE\/\" \/>\n<meta property=\"article:author\" content=\"https:\/\/www.facebook.com\/SonoraEE\" \/>\n<meta property=\"article:published_time\" content=\"2020-04-23T06:15:45+00:00\" \/>\n<meta property=\"article:modified_time\" content=\"2020-05-25T21:28:02+00:00\" \/>\n<meta property=\"og:image\" content=\"https:\/\/www.sonoraenequipo.com.mx\/storage\/2020\/04\/nogales_opt.jpg\" \/>\n\t<meta property=\"og:image:width\" content=\"500\" \/>\n\t<meta property=\"og:image:height\" content=\"451\" \/>\n\t<meta property=\"og:image:type\" content=\"image\/jpeg\" \/>\n<meta name=\"author\" content=\"enequipo\" \/>\n<meta name=\"twitter:card\" content=\"summary_large_image\" \/>\n<meta name=\"twitter:creator\" content=\"@sonoraenequipo\" \/>\n<meta name=\"twitter:site\" content=\"@sonoraenequipo\" \/>\n<meta name=\"twitter:label1\" content=\"Escrito por\" \/>\n\t<meta name=\"twitter:data1\" content=\"enequipo\" \/>\n\t<meta name=\"twitter:label2\" content=\"Tiempo de lectura\" \/>\n\t<meta name=\"twitter:data2\" content=\"2 minutos\" \/>\n<script type=\"application\/ld+json\" class=\"yoast-schema-graph\">{\"@context\":\"https:\/\/schema.org\",\"@graph\":[{\"@type\":\"Article\",\"@id\":\"https:\/\/www.sonoraenequipo.com.mx\/refuerza-gobierno-municipal-de-nogales-acciones-contra-coronavirus\/#article\",\"isPartOf\":{\"@id\":\"https:\/\/www.sonoraenequipo.com.mx\/refuerza-gobierno-municipal-de-nogales-acciones-contra-coronavirus\/\"},\"author\":{\"name\":\"enequipo\",\"@id\":\"https:\/\/www.sonoraenequipo.com.mx\/#\/schema\/person\/50102df0fb23a8fa9e8effad8fa81386\"},\"headline\":\"Refuerza Gobierno Municipal de Nogales acciones contra \u00abCoronavirus\u00bb\",\"datePublished\":\"2020-04-23T06:15:45+00:00\",\"dateModified\":\"2020-05-25T21:28:02+00:00\",\"mainEntityOfPage\":{\"@id\":\"https:\/\/www.sonoraenequipo.com.mx\/refuerza-gobierno-municipal-de-nogales-acciones-contra-coronavirus\/\"},\"wordCount\":376,\"commentCount\":0,\"publisher\":{\"@id\":\"https:\/\/www.sonoraenequipo.com.mx\/#organization\"},\"image\":{\"@id\":\"https:\/\/www.sonoraenequipo.com.mx\/refuerza-gobierno-municipal-de-nogales-acciones-contra-coronavirus\/#primaryimage\"},\"thumbnailUrl\":\"https:\/\/www.sonoraenequipo.com.mx\/storage\/2020\/04\/nogales_opt.jpg\",\"articleSection\":[\"Sonora\"],\"inLanguage\":\"es\",\"potentialAction\":[{\"@type\":\"CommentAction\",\"name\":\"Comment\",\"target\":[\"https:\/\/www.sonoraenequipo.com.mx\/refuerza-gobierno-municipal-de-nogales-acciones-contra-coronavirus\/#respond\"]}]},{\"@type\":\"WebPage\",\"@id\":\"https:\/\/www.sonoraenequipo.com.mx\/refuerza-gobierno-municipal-de-nogales-acciones-contra-coronavirus\/\",\"url\":\"https:\/\/www.sonoraenequipo.com.mx\/refuerza-gobierno-municipal-de-nogales-acciones-contra-coronavirus\/\",\"name\":\"Sonora en Equipo. Refuerza Gobierno Municipal de Nogales acciones contra \\\"Coronavirus\\\"\",\"isPartOf\":{\"@id\":\"https:\/\/www.sonoraenequipo.com.mx\/#website\"},\"primaryImageOfPage\":{\"@id\":\"https:\/\/www.sonoraenequipo.com.mx\/refuerza-gobierno-municipal-de-nogales-acciones-contra-coronavirus\/#primaryimage\"},\"image\":{\"@id\":\"https:\/\/www.sonoraenequipo.com.mx\/refuerza-gobierno-municipal-de-nogales-acciones-contra-coronavirus\/#primaryimage\"},\"thumbnailUrl\":\"https:\/\/www.sonoraenequipo.com.mx\/storage\/2020\/04\/nogales_opt.jpg\",\"datePublished\":\"2020-04-23T06:15:45+00:00\",\"dateModified\":\"2020-05-25T21:28:02+00:00\",\"description\":\"NOGALES, SONORA. MX. \u2014 Como parte de los compromisos que se han hecho con las autoridades de salud estatal y federal en torno a los programas preventivos En Sonora en Equipo publicamos toda la informaci\u00f3n de Sonora, M\u00e9xico y el Mundo de manera oportuna y busca que la libertad de expresi\u00f3n sea real. Visita nuestro medio informativo publicado desde Hermosillo, Sonora. %\",\"breadcrumb\":{\"@id\":\"https:\/\/www.sonoraenequipo.com.mx\/refuerza-gobierno-municipal-de-nogales-acciones-contra-coronavirus\/#breadcrumb\"},\"inLanguage\":\"es\",\"potentialAction\":[{\"@type\":\"ReadAction\",\"target\":[\"https:\/\/www.sonoraenequipo.com.mx\/refuerza-gobierno-municipal-de-nogales-acciones-contra-coronavirus\/\"]}]},{\"@type\":\"ImageObject\",\"inLanguage\":\"es\",\"@id\":\"https:\/\/www.sonoraenequipo.com.mx\/refuerza-gobierno-municipal-de-nogales-acciones-contra-coronavirus\/#primaryimage\",\"url\":\"https:\/\/www.sonoraenequipo.com.mx\/storage\/2020\/04\/nogales_opt.jpg\",\"contentUrl\":\"https:\/\/www.sonoraenequipo.com.mx\/storage\/2020\/04\/nogales_opt.jpg\",\"width\":500,\"height\":451},{\"@type\":\"BreadcrumbList\",\"@id\":\"https:\/\/www.sonoraenequipo.com.mx\/refuerza-gobierno-municipal-de-nogales-acciones-contra-coronavirus\/#breadcrumb\",\"itemListElement\":[{\"@type\":\"ListItem\",\"position\":1,\"name\":\"Portada\",\"item\":\"https:\/\/www.sonoraenequipo.com.mx\/\"},{\"@type\":\"ListItem\",\"position\":2,\"name\":\"Refuerza Gobierno Municipal de Nogales acciones contra \u00abCoronavirus\u00bb\"}]},{\"@type\":\"WebSite\",\"@id\":\"https:\/\/www.sonoraenequipo.com.mx\/#website\",\"url\":\"https:\/\/www.sonoraenequipo.com.mx\/\",\"name\":\"Sonora en Equipo.\",\"description\":\"Diario en l\u00ednea con Noticias desde Hermosillo, Sonora\",\"publisher\":{\"@id\":\"https:\/\/www.sonoraenequipo.com.mx\/#organization\"},\"potentialAction\":[{\"@type\":\"SearchAction\",\"target\":{\"@type\":\"EntryPoint\",\"urlTemplate\":\"https:\/\/www.sonoraenequipo.com.mx\/?s={search_term_string}\"},\"query-input\":{\"@type\":\"PropertyValueSpecification\",\"valueRequired\":true,\"valueName\":\"search_term_string\"}}],\"inLanguage\":\"es\"},{\"@type\":\"Organization\",\"@id\":\"https:\/\/www.sonoraenequipo.com.mx\/#organization\",\"name\":\"Sonoraenequipo.com.mx\",\"url\":\"https:\/\/www.sonoraenequipo.com.mx\/\",\"logo\":{\"@type\":\"ImageObject\",\"inLanguage\":\"es\",\"@id\":\"https:\/\/www.sonoraenequipo.com.mx\/#\/schema\/logo\/image\/\",\"url\":\"https:\/\/www.sonoraenequipo.com.mx\/storage\/2019\/01\/sonoraenequipo_opt.png\",\"contentUrl\":\"https:\/\/www.sonoraenequipo.com.mx\/storage\/2019\/01\/sonoraenequipo_opt.png\",\"width\":375,\"height\":125,\"caption\":\"Sonoraenequipo.com.mx\"},\"image\":{\"@id\":\"https:\/\/www.sonoraenequipo.com.mx\/#\/schema\/logo\/image\/\"},\"sameAs\":[\"https:\/\/www.facebook.com\/SonoraEE\/\",\"https:\/\/x.com\/sonoraenequipo\",\"https:\/\/www.youtube.com\/channel\/UC338nW-lPEYmJQs4ZABQ1SQ\"]},{\"@type\":\"Person\",\"@id\":\"https:\/\/www.sonoraenequipo.com.mx\/#\/schema\/person\/50102df0fb23a8fa9e8effad8fa81386\",\"name\":\"enequipo\",\"image\":{\"@type\":\"ImageObject\",\"inLanguage\":\"es\",\"@id\":\"https:\/\/www.sonoraenequipo.com.mx\/#\/schema\/person\/image\/\",\"url\":\"https:\/\/secure.gravatar.com\/avatar\/049821681b589dabc0bc20695993ccebb09f5b5d4d790cd9251b97faac7c652b?s=96&d=blank&r=g\",\"contentUrl\":\"https:\/\/secure.gravatar.com\/avatar\/049821681b589dabc0bc20695993ccebb09f5b5d4d790cd9251b97faac7c652b?s=96&d=blank&r=g\",\"caption\":\"enequipo\"},\"sameAs\":[\"https:\/\/www.facebook.com\/SonoraEE\"]}]}<\/script>\n ","yoast_head_json":{"title":"Sonora en Equipo. Refuerza Gobierno Municipal de Nogales acciones contra \"Coronavirus\"","description":"NOGALES, SONORA. MX. \u2014 Como parte de los compromisos que se han hecho con las autoridades de salud estatal y federal en torno a los programas preventivos En Sonora en Equipo publicamos toda la informaci\u00f3n de Sonora, M\u00e9xico y el Mundo de manera oportuna y busca que la libertad de expresi\u00f3n sea real. Visita nuestro medio informativo publicado desde Hermosillo, Sonora. %","robots":{"index":"index","follow":"follow","max-snippet":"max-snippet:-1","max-image-preview":"max-image-preview:large","max-video-preview":"max-video-preview:-1"},"canonical":"https:\/\/www.sonoraenequipo.com.mx\/refuerza-gobierno-municipal-de-nogales-acciones-contra-coronavirus\/","og_locale":"es_ES","og_type":"article","og_title":"Sonora en Equipo. Refuerza Gobierno Municipal de Nogales acciones contra \"Coronavirus\"","og_description":"NOGALES, SONORA. MX. \u2014 Como parte de los compromisos que se han hecho con las autoridades de salud estatal y federal en torno a los programas preventivos En Sonora en Equipo publicamos toda la informaci\u00f3n de Sonora, M\u00e9xico y el Mundo de manera oportuna y busca que la libertad de expresi\u00f3n sea real. Visita nuestro medio informativo publicado desde Hermosillo, Sonora. %","og_url":"https:\/\/www.sonoraenequipo.com.mx\/refuerza-gobierno-municipal-de-nogales-acciones-contra-coronavirus\/","og_site_name":"Sonora en Equipo.","article_publisher":"https:\/\/www.facebook.com\/SonoraEE\/","article_author":"https:\/\/www.facebook.com\/SonoraEE","article_published_time":"2020-04-23T06:15:45+00:00","article_modified_time":"2020-05-25T21:28:02+00:00","og_image":[{"width":500,"height":451,"url":"https:\/\/www.sonoraenequipo.com.mx\/storage\/2020\/04\/nogales_opt.jpg","type":"image\/jpeg"}],"author":"enequipo","twitter_card":"summary_large_image","twitter_creator":"@sonoraenequipo","twitter_site":"@sonoraenequipo","twitter_misc":{"Escrito por":"enequipo","Tiempo de lectura":"2 minutos"},"schema":{"@context":"https:\/\/schema.org","@graph":[{"@type":"Article","@id":"https:\/\/www.sonoraenequipo.com.mx\/refuerza-gobierno-municipal-de-nogales-acciones-contra-coronavirus\/#article","isPartOf":{"@id":"https:\/\/www.sonoraenequipo.com.mx\/refuerza-gobierno-municipal-de-nogales-acciones-contra-coronavirus\/"},"author":{"name":"enequipo","@id":"https:\/\/www.sonoraenequipo.com.mx\/#\/schema\/person\/50102df0fb23a8fa9e8effad8fa81386"},"headline":"Refuerza Gobierno Municipal de Nogales acciones contra \u00abCoronavirus\u00bb","datePublished":"2020-04-23T06:15:45+00:00","dateModified":"2020-05-25T21:28:02+00:00","mainEntityOfPage":{"@id":"https:\/\/www.sonoraenequipo.com.mx\/refuerza-gobierno-municipal-de-nogales-acciones-contra-coronavirus\/"},"wordCount":376,"commentCount":0,"publisher":{"@id":"https:\/\/www.sonoraenequipo.com.mx\/#organization"},"image":{"@id":"https:\/\/www.sonoraenequipo.com.mx\/refuerza-gobierno-municipal-de-nogales-acciones-contra-coronavirus\/#primaryimage"},"thumbnailUrl":"https:\/\/www.sonoraenequipo.com.mx\/storage\/2020\/04\/nogales_opt.jpg","articleSection":["Sonora"],"inLanguage":"es","potentialAction":[{"@type":"CommentAction","name":"Comment","target":["https:\/\/www.sonoraenequipo.com.mx\/refuerza-gobierno-municipal-de-nogales-acciones-contra-coronavirus\/#respond"]}]},{"@type":"WebPage","@id":"https:\/\/www.sonoraenequipo.com.mx\/refuerza-gobierno-municipal-de-nogales-acciones-contra-coronavirus\/","url":"https:\/\/www.sonoraenequipo.com.mx\/refuerza-gobierno-municipal-de-nogales-acciones-contra-coronavirus\/","name":"Sonora en Equipo. Refuerza Gobierno Municipal de Nogales acciones contra \"Coronavirus\"","isPartOf":{"@id":"https:\/\/www.sonoraenequipo.com.mx\/#website"},"primaryImageOfPage":{"@id":"https:\/\/www.sonoraenequipo.com.mx\/refuerza-gobierno-municipal-de-nogales-acciones-contra-coronavirus\/#primaryimage"},"image":{"@id":"https:\/\/www.sonoraenequipo.com.mx\/refuerza-gobierno-municipal-de-nogales-acciones-contra-coronavirus\/#primaryimage"},"thumbnailUrl":"https:\/\/www.sonoraenequipo.com.mx\/storage\/2020\/04\/nogales_opt.jpg","datePublished":"2020-04-23T06:15:45+00:00","dateModified":"2020-05-25T21:28:02+00:00","description":"NOGALES, SONORA. MX. \u2014 Como parte de los compromisos que se han hecho con las autoridades de salud estatal y federal en torno a los programas preventivos En Sonora en Equipo publicamos toda la informaci\u00f3n de Sonora, M\u00e9xico y el Mundo de manera oportuna y busca que la libertad de expresi\u00f3n sea real. Visita nuestro medio informativo publicado desde Hermosillo, Sonora. %","breadcrumb":{"@id":"https:\/\/www.sonoraenequipo.com.mx\/refuerza-gobierno-municipal-de-nogales-acciones-contra-coronavirus\/#breadcrumb"},"inLanguage":"es","potentialAction":[{"@type":"ReadAction","target":["https:\/\/www.sonoraenequipo.com.mx\/refuerza-gobierno-municipal-de-nogales-acciones-contra-coronavirus\/"]}]},{"@type":"ImageObject","inLanguage":"es","@id":"https:\/\/www.sonoraenequipo.com.mx\/refuerza-gobierno-municipal-de-nogales-acciones-contra-coronavirus\/#primaryimage","url":"https:\/\/www.sonoraenequipo.com.mx\/storage\/2020\/04\/nogales_opt.jpg","contentUrl":"https:\/\/www.sonoraenequipo.com.mx\/storage\/2020\/04\/nogales_opt.jpg","width":500,"height":451},{"@type":"BreadcrumbList","@id":"https:\/\/www.sonoraenequipo.com.mx\/refuerza-gobierno-municipal-de-nogales-acciones-contra-coronavirus\/#breadcrumb","itemListElement":[{"@type":"ListItem","position":1,"name":"Portada","item":"https:\/\/www.sonoraenequipo.com.mx\/"},{"@type":"ListItem","position":2,"name":"Refuerza Gobierno Municipal de Nogales acciones contra \u00abCoronavirus\u00bb"}]},{"@type":"WebSite","@id":"https:\/\/www.sonoraenequipo.com.mx\/#website","url":"https:\/\/www.sonoraenequipo.com.mx\/","name":"Sonora en Equipo.","description":"Diario en l\u00ednea con Noticias desde Hermosillo, Sonora","publisher":{"@id":"https:\/\/www.sonoraenequipo.com.mx\/#organization"},"potentialAction":[{"@type":"SearchAction","target":{"@type":"EntryPoint","urlTemplate":"https:\/\/www.sonoraenequipo.com.mx\/?s={search_term_string}"},"query-input":{"@type":"PropertyValueSpecification","valueRequired":true,"valueName":"search_term_string"}}],"inLanguage":"es"},{"@type":"Organization","@id":"https:\/\/www.sonoraenequipo.com.mx\/#organization","name":"Sonoraenequipo.com.mx","url":"https:\/\/www.sonoraenequipo.com.mx\/","logo":{"@type":"ImageObject","inLanguage":"es","@id":"https:\/\/www.sonoraenequipo.com.mx\/#\/schema\/logo\/image\/","url":"https:\/\/www.sonoraenequipo.com.mx\/storage\/2019\/01\/sonoraenequipo_opt.png","contentUrl":"https:\/\/www.sonoraenequipo.com.mx\/storage\/2019\/01\/sonoraenequipo_opt.png","width":375,"height":125,"caption":"Sonoraenequipo.com.mx"},"image":{"@id":"https:\/\/www.sonoraenequipo.com.mx\/#\/schema\/logo\/image\/"},"sameAs":["https:\/\/www.facebook.com\/SonoraEE\/","https:\/\/x.com\/sonoraenequipo","https:\/\/www.youtube.com\/channel\/UC338nW-lPEYmJQs4ZABQ1SQ"]},{"@type":"Person","@id":"https:\/\/www.sonoraenequipo.com.mx\/#\/schema\/person\/50102df0fb23a8fa9e8effad8fa81386","name":"enequipo","image":{"@type":"ImageObject","inLanguage":"es","@id":"https:\/\/www.sonoraenequipo.com.mx\/#\/schema\/person\/image\/","url":"https:\/\/secure.gravatar.com\/avatar\/049821681b589dabc0bc20695993ccebb09f5b5d4d790cd9251b97faac7c652b?s=96&d=blank&r=g","contentUrl":"https:\/\/secure.gravatar.com\/avatar\/049821681b589dabc0bc20695993ccebb09f5b5d4d790cd9251b97faac7c652b?s=96&d=blank&r=g","caption":"enequipo"},"sameAs":["https:\/\/www.facebook.com\/SonoraEE"]}]}},"jetpack_featured_media_url":"https:\/\/www.sonoraenequipo.com.mx\/storage\/2020\/04\/nogales_opt.jpg","_links":{"self":[{"href":"https:\/\/www.sonoraenequipo.com.mx\/api\/wp\/v2\/posts\/83746","targetHints":{"allow":["GET"]}}],"collection":[{"href":"https:\/\/www.sonoraenequipo.com.mx\/api\/wp\/v2\/posts"}],"about":[{"href":"https:\/\/www.sonoraenequipo.com.mx\/api\/wp\/v2\/types\/post"}],"author":[{"embeddable":true,"href":"https:\/\/www.sonoraenequipo.com.mx\/api\/wp\/v2\/users\/1"}],"replies":[{"embeddable":true,"href":"https:\/\/www.sonoraenequipo.com.mx\/api\/wp\/v2\/comments?post=83746"}],"version-history":[{"count":0,"href":"https:\/\/www.sonoraenequipo.com.mx\/api\/wp\/v2\/posts\/83746\/revisions"}],"wp:featuredmedia":[{"embeddable":true,"href":"https:\/\/www.sonoraenequipo.com.mx\/api\/wp\/v2\/media\/83747"}],"wp:attachment":[{"href":"https:\/\/www.sonoraenequipo.com.mx\/api\/wp\/v2\/media?parent=83746"}],"wp:term":[{"taxonomy":"category","embeddable":true,"href":"https:\/\/www.sonoraenequipo.com.mx\/api\/wp\/v2\/categories?post=83746"},{"taxonomy":"post_tag","embeddable":true,"href":"https:\/\/www.sonoraenequipo.com.mx\/api\/wp\/v2\/tags?post=83746"}],"curies":[{"name":"wp","href":"https:\/\/api.w.org\/{rel}","templated":true}]}}