{"id":83757,"date":"2020-04-23T12:25:22","date_gmt":"2020-04-23T19:25:22","guid":{"rendered":"https:\/\/www.sonoraenequipo.com.mx\/?p=83757"},"modified":"2020-04-23T13:20:28","modified_gmt":"2020-04-23T20:20:28","slug":"denuncian-la-muerte-extrana-de-ninos-y-ancianos-indigenas-wiwa","status":"publish","type":"post","link":"https:\/\/www.sonoraenequipo.com.mx\/denuncian-la-muerte-extrana-de-ninos-y-ancianos-indigenas-wiwa\/","title":{"rendered":"Denuncian la muerte extra\u00f1a de ni\u00f1os y ancianos ind\u00edgenas Wiwa"},"content":{"rendered":"<p>LA GUAJIRA, COLOMBIA. \u2014 En el marco del aislamiento obligatorio por el Coronavirus, en la comunidad ind\u00edgena Wiwa ubicados en la Sierra Nevada con jurisdicci\u00f3n de los departamentos del Magdalena, La Guajira y el Cesar, se han presentado varias muertes de ancianos y ni\u00f1os en extra\u00f1as condiciones.<\/p>\n<p> <\/p>\n<p>Esta situaci\u00f3n est\u00e1 siendo denunciada por los l\u00edderes ind\u00edgenas de esta poblaci\u00f3n, adem\u00e1s se\u00f1alaron que ellos se dedican al trabajo en el campo y han tenido problemas para sobrevivir en medio de esta emergencia sanitaria por el Covid-19, puesto que no pueden salir a vender sus productos y claman ayuda al Gobierno Nacional y Departamental.<\/p>\n<p><em>\u201cHan fallecido ni\u00f1os y ancianos en circunstancias desconocidas, debido a que no sabemos de qu\u00e9 enfermedad, por eso estamos pidiendo ayuda al Ministerio de Salud y la Superintendencia de Salud para que analicen a las EPS que deben prestar servicios en la Sierra Nevada\u201d,<\/em> sostuvo Luis Pinto, l\u00edder ind\u00edgena Wiwa en la Sierra Nevada.<\/p>\n<p>A\u00f1adi\u00f3 que <em>\u201ccarecemos de una atenci\u00f3n en salud, ni siquiera brigadas en la poblaci\u00f3n. No sabemos s\u00ed los ni\u00f1os se est\u00e1n muriendo de desnutrici\u00f3n u otra causa, no nos prestan atenci\u00f3n. Las IPS deben manejar una buena coordinaci\u00f3n con las organizaci\u00f3n ind\u00edgenas, esa es una de las razones para que nosotros c\u00f3mo l\u00edderes hagamos esa gesti\u00f3n\u201d.<\/em><\/p>\n<p>Por otro lado, Pinto le hizo un llamado a los entes de control, bien sea Procuradur\u00eda, Contralor\u00eda, Defensor\u00eda del Pueblo para que les exijan a las EPS e IPS que garanticen la atenci\u00f3n a los ind\u00edgenas en la Sierra Nevada, puesto que consideran que las entidades de salud digan que est\u00e1n prestando sus servicios, lo que es falso.<\/p>\n<p>El l\u00edder ind\u00edgena Wiwa, precis\u00f3 que<em> \u201cnosotros hicimos un pronunciamiento ante el Gobierno Nacional de parte del gobernador de la comunidad, por motivo de la falta de ayudas humanitarias con los ind\u00edgenas en medio de la emergencia por el Coronavirus\u201d.<\/em><\/p>\n<h3><a href=\"http:\/\/hrlibrary.umn.edu\/research\/colombia\/Anexo%209%20Situacion%20de%20los%20grupos%20etnicos%20en%20Colombia.pdf\"><strong>LA SITUACI\u00d3N DE LOS GRUPOS \u00c9TNICOS EN COLOMBIA<\/strong><\/a><\/h3>\n<p>(PUBLICADO EL 23\/04\/2020)<\/p>\n","protected":false},"excerpt":{"rendered":"<p>LA GUAJIRA, COLOMBIA. \u2014 En el marco del aislamiento obligatorio por el Coronavirus, en la&#8230;<\/p>\n","protected":false},"author":1,"featured_media":83760,"comment_status":"open","ping_status":"open","sticky":false,"template":"","format":"standard","meta":{"_monsterinsights_skip_tracking":false,"_monsterinsights_sitenote_active":false,"_monsterinsights_sitenote_note":"","_monsterinsights_sitenote_category":0,"footnotes":""},"categories":[3],"tags":[],"class_list":["post"],"yoast_head":" \n<title>Sonora en Equipo. Denuncian la muerte extra\u00f1a de ni\u00f1os y ancianos ind\u00edgenas Wiwa MUNDO<\/title>\n<meta name=\"description\" content=\"LA GUAJIRA, COLOMBIA. \u2014 En el marco del aislamiento obligatorio por el Coronavirus, en la comunidad ind\u00edgena Wiwa ubicados en la Sierra Nevada con En Sonora en Equipo publicamos toda la informaci\u00f3n de Sonora, M\u00e9xico y el Mundo de manera oportuna y busca que la libertad de expresi\u00f3n sea real. Visita nuestro medio informativo publicado desde Hermosillo, Sonora. %\" \/>\n<meta name=\"robots\" content=\"index, follow, max-snippet:-1, max-image-preview:large, max-video-preview:-1\" \/>\n<link rel=\"canonical\" href=\"https:\/\/www.sonoraenequipo.com.mx\/denuncian-la-muerte-extrana-de-ninos-y-ancianos-indigenas-wiwa\/\" \/>\n<meta property=\"og:locale\" content=\"es_ES\" \/>\n<meta property=\"og:type\" content=\"article\" \/>\n<meta property=\"og:title\" content=\"Sonora en Equipo. Denuncian la muerte extra\u00f1a de ni\u00f1os y ancianos ind\u00edgenas Wiwa MUNDO\" \/>\n<meta property=\"og:description\" content=\"LA GUAJIRA, COLOMBIA. \u2014 En el marco del aislamiento obligatorio por el Coronavirus, en la comunidad ind\u00edgena Wiwa ubicados en la Sierra Nevada con En Sonora en Equipo publicamos toda la informaci\u00f3n de Sonora, M\u00e9xico y el Mundo de manera oportuna y busca que la libertad de expresi\u00f3n sea real. Visita nuestro medio informativo publicado desde Hermosillo, Sonora. %\" \/>\n<meta property=\"og:url\" content=\"https:\/\/www.sonoraenequipo.com.mx\/denuncian-la-muerte-extrana-de-ninos-y-ancianos-indigenas-wiwa\/\" \/>\n<meta property=\"og:site_name\" content=\"Sonora en Equipo.\" \/>\n<meta property=\"article:publisher\" content=\"https:\/\/www.facebook.com\/SonoraEE\/\" \/>\n<meta property=\"article:author\" content=\"https:\/\/www.facebook.com\/SonoraEE\" \/>\n<meta property=\"article:published_time\" content=\"2020-04-23T19:25:22+00:00\" \/>\n<meta property=\"article:modified_time\" content=\"2020-04-23T20:20:28+00:00\" \/>\n<meta property=\"og:image\" content=\"https:\/\/www.sonoraenequipo.com.mx\/storage\/2020\/04\/Wiwas_estanmuriendoencolombia_opt.jpg\" \/>\n\t<meta property=\"og:image:width\" content=\"712\" \/>\n\t<meta property=\"og:image:height\" content=\"400\" \/>\n\t<meta property=\"og:image:type\" content=\"image\/jpeg\" \/>\n<meta name=\"author\" content=\"enequipo\" \/>\n<meta name=\"twitter:card\" content=\"summary_large_image\" \/>\n<meta name=\"twitter:creator\" content=\"@sonoraenequipo\" \/>\n<meta name=\"twitter:site\" content=\"@sonoraenequipo\" \/>\n<meta name=\"twitter:label1\" content=\"Escrito por\" \/>\n\t<meta name=\"twitter:data1\" content=\"enequipo\" \/>\n\t<meta name=\"twitter:label2\" content=\"Tiempo de lectura\" \/>\n\t<meta name=\"twitter:data2\" content=\"2 minutos\" \/>\n<script type=\"application\/ld+json\" class=\"yoast-schema-graph\">{\"@context\":\"https:\/\/schema.org\",\"@graph\":[{\"@type\":\"Article\",\"@id\":\"https:\/\/www.sonoraenequipo.com.mx\/denuncian-la-muerte-extrana-de-ninos-y-ancianos-indigenas-wiwa\/#article\",\"isPartOf\":{\"@id\":\"https:\/\/www.sonoraenequipo.com.mx\/denuncian-la-muerte-extrana-de-ninos-y-ancianos-indigenas-wiwa\/\"},\"author\":{\"name\":\"enequipo\",\"@id\":\"https:\/\/www.sonoraenequipo.com.mx\/#\/schema\/person\/50102df0fb23a8fa9e8effad8fa81386\"},\"headline\":\"Denuncian la muerte extra\u00f1a de ni\u00f1os y ancianos ind\u00edgenas Wiwa\",\"datePublished\":\"2020-04-23T19:25:22+00:00\",\"dateModified\":\"2020-04-23T20:20:28+00:00\",\"mainEntityOfPage\":{\"@id\":\"https:\/\/www.sonoraenequipo.com.mx\/denuncian-la-muerte-extrana-de-ninos-y-ancianos-indigenas-wiwa\/\"},\"wordCount\":368,\"commentCount\":0,\"publisher\":{\"@id\":\"https:\/\/www.sonoraenequipo.com.mx\/#organization\"},\"image\":{\"@id\":\"https:\/\/www.sonoraenequipo.com.mx\/denuncian-la-muerte-extrana-de-ninos-y-ancianos-indigenas-wiwa\/#primaryimage\"},\"thumbnailUrl\":\"https:\/\/www.sonoraenequipo.com.mx\/storage\/2020\/04\/Wiwas_estanmuriendoencolombia_opt.jpg\",\"articleSection\":[\"MUNDO\"],\"inLanguage\":\"es\",\"potentialAction\":[{\"@type\":\"CommentAction\",\"name\":\"Comment\",\"target\":[\"https:\/\/www.sonoraenequipo.com.mx\/denuncian-la-muerte-extrana-de-ninos-y-ancianos-indigenas-wiwa\/#respond\"]}]},{\"@type\":\"WebPage\",\"@id\":\"https:\/\/www.sonoraenequipo.com.mx\/denuncian-la-muerte-extrana-de-ninos-y-ancianos-indigenas-wiwa\/\",\"url\":\"https:\/\/www.sonoraenequipo.com.mx\/denuncian-la-muerte-extrana-de-ninos-y-ancianos-indigenas-wiwa\/\",\"name\":\"Sonora en Equipo. Denuncian la muerte extra\u00f1a de ni\u00f1os y ancianos ind\u00edgenas Wiwa MUNDO\",\"isPartOf\":{\"@id\":\"https:\/\/www.sonoraenequipo.com.mx\/#website\"},\"primaryImageOfPage\":{\"@id\":\"https:\/\/www.sonoraenequipo.com.mx\/denuncian-la-muerte-extrana-de-ninos-y-ancianos-indigenas-wiwa\/#primaryimage\"},\"image\":{\"@id\":\"https:\/\/www.sonoraenequipo.com.mx\/denuncian-la-muerte-extrana-de-ninos-y-ancianos-indigenas-wiwa\/#primaryimage\"},\"thumbnailUrl\":\"https:\/\/www.sonoraenequipo.com.mx\/storage\/2020\/04\/Wiwas_estanmuriendoencolombia_opt.jpg\",\"datePublished\":\"2020-04-23T19:25:22+00:00\",\"dateModified\":\"2020-04-23T20:20:28+00:00\",\"description\":\"LA GUAJIRA, COLOMBIA. \u2014 En el marco del aislamiento obligatorio por el Coronavirus, en la comunidad ind\u00edgena Wiwa ubicados en la Sierra Nevada con En Sonora en Equipo publicamos toda la informaci\u00f3n de Sonora, M\u00e9xico y el Mundo de manera oportuna y busca que la libertad de expresi\u00f3n sea real. Visita nuestro medio informativo publicado desde Hermosillo, Sonora. %\",\"breadcrumb\":{\"@id\":\"https:\/\/www.sonoraenequipo.com.mx\/denuncian-la-muerte-extrana-de-ninos-y-ancianos-indigenas-wiwa\/#breadcrumb\"},\"inLanguage\":\"es\",\"potentialAction\":[{\"@type\":\"ReadAction\",\"target\":[\"https:\/\/www.sonoraenequipo.com.mx\/denuncian-la-muerte-extrana-de-ninos-y-ancianos-indigenas-wiwa\/\"]}]},{\"@type\":\"ImageObject\",\"inLanguage\":\"es\",\"@id\":\"https:\/\/www.sonoraenequipo.com.mx\/denuncian-la-muerte-extrana-de-ninos-y-ancianos-indigenas-wiwa\/#primaryimage\",\"url\":\"https:\/\/www.sonoraenequipo.com.mx\/storage\/2020\/04\/Wiwas_estanmuriendoencolombia_opt.jpg\",\"contentUrl\":\"https:\/\/www.sonoraenequipo.com.mx\/storage\/2020\/04\/Wiwas_estanmuriendoencolombia_opt.jpg\",\"width\":712,\"height\":400},{\"@type\":\"BreadcrumbList\",\"@id\":\"https:\/\/www.sonoraenequipo.com.mx\/denuncian-la-muerte-extrana-de-ninos-y-ancianos-indigenas-wiwa\/#breadcrumb\",\"itemListElement\":[{\"@type\":\"ListItem\",\"position\":1,\"name\":\"Portada\",\"item\":\"https:\/\/www.sonoraenequipo.com.mx\/\"},{\"@type\":\"ListItem\",\"position\":2,\"name\":\"Denuncian la muerte extra\u00f1a de ni\u00f1os y ancianos ind\u00edgenas Wiwa\"}]},{\"@type\":\"WebSite\",\"@id\":\"https:\/\/www.sonoraenequipo.com.mx\/#website\",\"url\":\"https:\/\/www.sonoraenequipo.com.mx\/\",\"name\":\"Sonora en Equipo.\",\"description\":\"Diario en l\u00ednea con Noticias desde Hermosillo, Sonora\",\"publisher\":{\"@id\":\"https:\/\/www.sonoraenequipo.com.mx\/#organization\"},\"potentialAction\":[{\"@type\":\"SearchAction\",\"target\":{\"@type\":\"EntryPoint\",\"urlTemplate\":\"https:\/\/www.sonoraenequipo.com.mx\/?s={search_term_string}\"},\"query-input\":{\"@type\":\"PropertyValueSpecification\",\"valueRequired\":true,\"valueName\":\"search_term_string\"}}],\"inLanguage\":\"es\"},{\"@type\":\"Organization\",\"@id\":\"https:\/\/www.sonoraenequipo.com.mx\/#organization\",\"name\":\"Sonoraenequipo.com.mx\",\"url\":\"https:\/\/www.sonoraenequipo.com.mx\/\",\"logo\":{\"@type\":\"ImageObject\",\"inLanguage\":\"es\",\"@id\":\"https:\/\/www.sonoraenequipo.com.mx\/#\/schema\/logo\/image\/\",\"url\":\"https:\/\/www.sonoraenequipo.com.mx\/storage\/2019\/01\/sonoraenequipo_opt.png\",\"contentUrl\":\"https:\/\/www.sonoraenequipo.com.mx\/storage\/2019\/01\/sonoraenequipo_opt.png\",\"width\":375,\"height\":125,\"caption\":\"Sonoraenequipo.com.mx\"},\"image\":{\"@id\":\"https:\/\/www.sonoraenequipo.com.mx\/#\/schema\/logo\/image\/\"},\"sameAs\":[\"https:\/\/www.facebook.com\/SonoraEE\/\",\"https:\/\/x.com\/sonoraenequipo\",\"https:\/\/www.youtube.com\/channel\/UC338nW-lPEYmJQs4ZABQ1SQ\"]},{\"@type\":\"Person\",\"@id\":\"https:\/\/www.sonoraenequipo.com.mx\/#\/schema\/person\/50102df0fb23a8fa9e8effad8fa81386\",\"name\":\"enequipo\",\"image\":{\"@type\":\"ImageObject\",\"inLanguage\":\"es\",\"@id\":\"https:\/\/www.sonoraenequipo.com.mx\/#\/schema\/person\/image\/\",\"url\":\"https:\/\/secure.gravatar.com\/avatar\/049821681b589dabc0bc20695993ccebb09f5b5d4d790cd9251b97faac7c652b?s=96&d=blank&r=g\",\"contentUrl\":\"https:\/\/secure.gravatar.com\/avatar\/049821681b589dabc0bc20695993ccebb09f5b5d4d790cd9251b97faac7c652b?s=96&d=blank&r=g\",\"caption\":\"enequipo\"},\"sameAs\":[\"https:\/\/www.facebook.com\/SonoraEE\"]}]}<\/script>\n ","yoast_head_json":{"title":"Sonora en Equipo. Denuncian la muerte extra\u00f1a de ni\u00f1os y ancianos ind\u00edgenas Wiwa MUNDO","description":"LA GUAJIRA, COLOMBIA. \u2014 En el marco del aislamiento obligatorio por el Coronavirus, en la comunidad ind\u00edgena Wiwa ubicados en la Sierra Nevada con En Sonora en Equipo publicamos toda la informaci\u00f3n de Sonora, M\u00e9xico y el Mundo de manera oportuna y busca que la libertad de expresi\u00f3n sea real. Visita nuestro medio informativo publicado desde Hermosillo, Sonora. %","robots":{"index":"index","follow":"follow","max-snippet":"max-snippet:-1","max-image-preview":"max-image-preview:large","max-video-preview":"max-video-preview:-1"},"canonical":"https:\/\/www.sonoraenequipo.com.mx\/denuncian-la-muerte-extrana-de-ninos-y-ancianos-indigenas-wiwa\/","og_locale":"es_ES","og_type":"article","og_title":"Sonora en Equipo. Denuncian la muerte extra\u00f1a de ni\u00f1os y ancianos ind\u00edgenas Wiwa MUNDO","og_description":"LA GUAJIRA, COLOMBIA. \u2014 En el marco del aislamiento obligatorio por el Coronavirus, en la comunidad ind\u00edgena Wiwa ubicados en la Sierra Nevada con En Sonora en Equipo publicamos toda la informaci\u00f3n de Sonora, M\u00e9xico y el Mundo de manera oportuna y busca que la libertad de expresi\u00f3n sea real. Visita nuestro medio informativo publicado desde Hermosillo, Sonora. %","og_url":"https:\/\/www.sonoraenequipo.com.mx\/denuncian-la-muerte-extrana-de-ninos-y-ancianos-indigenas-wiwa\/","og_site_name":"Sonora en Equipo.","article_publisher":"https:\/\/www.facebook.com\/SonoraEE\/","article_author":"https:\/\/www.facebook.com\/SonoraEE","article_published_time":"2020-04-23T19:25:22+00:00","article_modified_time":"2020-04-23T20:20:28+00:00","og_image":[{"width":712,"height":400,"url":"https:\/\/www.sonoraenequipo.com.mx\/storage\/2020\/04\/Wiwas_estanmuriendoencolombia_opt.jpg","type":"image\/jpeg"}],"author":"enequipo","twitter_card":"summary_large_image","twitter_creator":"@sonoraenequipo","twitter_site":"@sonoraenequipo","twitter_misc":{"Escrito por":"enequipo","Tiempo de lectura":"2 minutos"},"schema":{"@context":"https:\/\/schema.org","@graph":[{"@type":"Article","@id":"https:\/\/www.sonoraenequipo.com.mx\/denuncian-la-muerte-extrana-de-ninos-y-ancianos-indigenas-wiwa\/#article","isPartOf":{"@id":"https:\/\/www.sonoraenequipo.com.mx\/denuncian-la-muerte-extrana-de-ninos-y-ancianos-indigenas-wiwa\/"},"author":{"name":"enequipo","@id":"https:\/\/www.sonoraenequipo.com.mx\/#\/schema\/person\/50102df0fb23a8fa9e8effad8fa81386"},"headline":"Denuncian la muerte extra\u00f1a de ni\u00f1os y ancianos ind\u00edgenas Wiwa","datePublished":"2020-04-23T19:25:22+00:00","dateModified":"2020-04-23T20:20:28+00:00","mainEntityOfPage":{"@id":"https:\/\/www.sonoraenequipo.com.mx\/denuncian-la-muerte-extrana-de-ninos-y-ancianos-indigenas-wiwa\/"},"wordCount":368,"commentCount":0,"publisher":{"@id":"https:\/\/www.sonoraenequipo.com.mx\/#organization"},"image":{"@id":"https:\/\/www.sonoraenequipo.com.mx\/denuncian-la-muerte-extrana-de-ninos-y-ancianos-indigenas-wiwa\/#primaryimage"},"thumbnailUrl":"https:\/\/www.sonoraenequipo.com.mx\/storage\/2020\/04\/Wiwas_estanmuriendoencolombia_opt.jpg","articleSection":["MUNDO"],"inLanguage":"es","potentialAction":[{"@type":"CommentAction","name":"Comment","target":["https:\/\/www.sonoraenequipo.com.mx\/denuncian-la-muerte-extrana-de-ninos-y-ancianos-indigenas-wiwa\/#respond"]}]},{"@type":"WebPage","@id":"https:\/\/www.sonoraenequipo.com.mx\/denuncian-la-muerte-extrana-de-ninos-y-ancianos-indigenas-wiwa\/","url":"https:\/\/www.sonoraenequipo.com.mx\/denuncian-la-muerte-extrana-de-ninos-y-ancianos-indigenas-wiwa\/","name":"Sonora en Equipo. Denuncian la muerte extra\u00f1a de ni\u00f1os y ancianos ind\u00edgenas Wiwa MUNDO","isPartOf":{"@id":"https:\/\/www.sonoraenequipo.com.mx\/#website"},"primaryImageOfPage":{"@id":"https:\/\/www.sonoraenequipo.com.mx\/denuncian-la-muerte-extrana-de-ninos-y-ancianos-indigenas-wiwa\/#primaryimage"},"image":{"@id":"https:\/\/www.sonoraenequipo.com.mx\/denuncian-la-muerte-extrana-de-ninos-y-ancianos-indigenas-wiwa\/#primaryimage"},"thumbnailUrl":"https:\/\/www.sonoraenequipo.com.mx\/storage\/2020\/04\/Wiwas_estanmuriendoencolombia_opt.jpg","datePublished":"2020-04-23T19:25:22+00:00","dateModified":"2020-04-23T20:20:28+00:00","description":"LA GUAJIRA, COLOMBIA. \u2014 En el marco del aislamiento obligatorio por el Coronavirus, en la comunidad ind\u00edgena Wiwa ubicados en la Sierra Nevada con En Sonora en Equipo publicamos toda la informaci\u00f3n de Sonora, M\u00e9xico y el Mundo de manera oportuna y busca que la libertad de expresi\u00f3n sea real. Visita nuestro medio informativo publicado desde Hermosillo, Sonora. %","breadcrumb":{"@id":"https:\/\/www.sonoraenequipo.com.mx\/denuncian-la-muerte-extrana-de-ninos-y-ancianos-indigenas-wiwa\/#breadcrumb"},"inLanguage":"es","potentialAction":[{"@type":"ReadAction","target":["https:\/\/www.sonoraenequipo.com.mx\/denuncian-la-muerte-extrana-de-ninos-y-ancianos-indigenas-wiwa\/"]}]},{"@type":"ImageObject","inLanguage":"es","@id":"https:\/\/www.sonoraenequipo.com.mx\/denuncian-la-muerte-extrana-de-ninos-y-ancianos-indigenas-wiwa\/#primaryimage","url":"https:\/\/www.sonoraenequipo.com.mx\/storage\/2020\/04\/Wiwas_estanmuriendoencolombia_opt.jpg","contentUrl":"https:\/\/www.sonoraenequipo.com.mx\/storage\/2020\/04\/Wiwas_estanmuriendoencolombia_opt.jpg","width":712,"height":400},{"@type":"BreadcrumbList","@id":"https:\/\/www.sonoraenequipo.com.mx\/denuncian-la-muerte-extrana-de-ninos-y-ancianos-indigenas-wiwa\/#breadcrumb","itemListElement":[{"@type":"ListItem","position":1,"name":"Portada","item":"https:\/\/www.sonoraenequipo.com.mx\/"},{"@type":"ListItem","position":2,"name":"Denuncian la muerte extra\u00f1a de ni\u00f1os y ancianos ind\u00edgenas Wiwa"}]},{"@type":"WebSite","@id":"https:\/\/www.sonoraenequipo.com.mx\/#website","url":"https:\/\/www.sonoraenequipo.com.mx\/","name":"Sonora en Equipo.","description":"Diario en l\u00ednea con Noticias desde Hermosillo, Sonora","publisher":{"@id":"https:\/\/www.sonoraenequipo.com.mx\/#organization"},"potentialAction":[{"@type":"SearchAction","target":{"@type":"EntryPoint","urlTemplate":"https:\/\/www.sonoraenequipo.com.mx\/?s={search_term_string}"},"query-input":{"@type":"PropertyValueSpecification","valueRequired":true,"valueName":"search_term_string"}}],"inLanguage":"es"},{"@type":"Organization","@id":"https:\/\/www.sonoraenequipo.com.mx\/#organization","name":"Sonoraenequipo.com.mx","url":"https:\/\/www.sonoraenequipo.com.mx\/","logo":{"@type":"ImageObject","inLanguage":"es","@id":"https:\/\/www.sonoraenequipo.com.mx\/#\/schema\/logo\/image\/","url":"https:\/\/www.sonoraenequipo.com.mx\/storage\/2019\/01\/sonoraenequipo_opt.png","contentUrl":"https:\/\/www.sonoraenequipo.com.mx\/storage\/2019\/01\/sonoraenequipo_opt.png","width":375,"height":125,"caption":"Sonoraenequipo.com.mx"},"image":{"@id":"https:\/\/www.sonoraenequipo.com.mx\/#\/schema\/logo\/image\/"},"sameAs":["https:\/\/www.facebook.com\/SonoraEE\/","https:\/\/x.com\/sonoraenequipo","https:\/\/www.youtube.com\/channel\/UC338nW-lPEYmJQs4ZABQ1SQ"]},{"@type":"Person","@id":"https:\/\/www.sonoraenequipo.com.mx\/#\/schema\/person\/50102df0fb23a8fa9e8effad8fa81386","name":"enequipo","image":{"@type":"ImageObject","inLanguage":"es","@id":"https:\/\/www.sonoraenequipo.com.mx\/#\/schema\/person\/image\/","url":"https:\/\/secure.gravatar.com\/avatar\/049821681b589dabc0bc20695993ccebb09f5b5d4d790cd9251b97faac7c652b?s=96&d=blank&r=g","contentUrl":"https:\/\/secure.gravatar.com\/avatar\/049821681b589dabc0bc20695993ccebb09f5b5d4d790cd9251b97faac7c652b?s=96&d=blank&r=g","caption":"enequipo"},"sameAs":["https:\/\/www.facebook.com\/SonoraEE"]}]}},"jetpack_featured_media_url":"https:\/\/www.sonoraenequipo.com.mx\/storage\/2020\/04\/Wiwas_estanmuriendoencolombia_opt.jpg","_links":{"self":[{"href":"https:\/\/www.sonoraenequipo.com.mx\/api\/wp\/v2\/posts\/83757","targetHints":{"allow":["GET"]}}],"collection":[{"href":"https:\/\/www.sonoraenequipo.com.mx\/api\/wp\/v2\/posts"}],"about":[{"href":"https:\/\/www.sonoraenequipo.com.mx\/api\/wp\/v2\/types\/post"}],"author":[{"embeddable":true,"href":"https:\/\/www.sonoraenequipo.com.mx\/api\/wp\/v2\/users\/1"}],"replies":[{"embeddable":true,"href":"https:\/\/www.sonoraenequipo.com.mx\/api\/wp\/v2\/comments?post=83757"}],"version-history":[{"count":0,"href":"https:\/\/www.sonoraenequipo.com.mx\/api\/wp\/v2\/posts\/83757\/revisions"}],"wp:featuredmedia":[{"embeddable":true,"href":"https:\/\/www.sonoraenequipo.com.mx\/api\/wp\/v2\/media\/83760"}],"wp:attachment":[{"href":"https:\/\/www.sonoraenequipo.com.mx\/api\/wp\/v2\/media?parent=83757"}],"wp:term":[{"taxonomy":"category","embeddable":true,"href":"https:\/\/www.sonoraenequipo.com.mx\/api\/wp\/v2\/categories?post=83757"},{"taxonomy":"post_tag","embeddable":true,"href":"https:\/\/www.sonoraenequipo.com.mx\/api\/wp\/v2\/tags?post=83757"}],"curies":[{"name":"wp","href":"https:\/\/api.w.org\/{rel}","templated":true}]}}