{"id":83758,"date":"2020-04-23T12:43:35","date_gmt":"2020-04-23T19:43:35","guid":{"rendered":"https:\/\/www.sonoraenequipo.com.mx\/?p=83758"},"modified":"2020-04-23T16:31:04","modified_gmt":"2020-04-23T23:31:04","slug":"ante-la-incompetencia-del-gobierno-debemos-estar-unidos-para-ofrecer-alternativas-a-la-crisis-marko-cortes","status":"publish","type":"post","link":"https:\/\/www.sonoraenequipo.com.mx\/ante-la-incompetencia-del-gobierno-debemos-estar-unidos-para-ofrecer-alternativas-a-la-crisis-marko-cortes\/","title":{"rendered":"Ante la incompetencia del gobierno, debemos estar unidos para ofrecer alternativas a la crisis: Marko Cort\u00e9s"},"content":{"rendered":"<h4><\/h4>\n<p>CIUDAD DE M\u00c9XICO. \u2500El Presidente de Acci\u00f3n Nacional, Marko Cort\u00e9s Mendoza, afirm\u00f3 que ante la crisis de sentido com\u00fan por parte de las autoridades federales, la pandemia le ha recordado al mundo y a los mexicanos que la vida y la salud son lo primero, y por tanto, la econom\u00eda debe estar al servicio de la vida. <\/p>\n<p>\u201cEsto requiere de solidaridad, de subsidiariedad para cuidar en este momento el ingreso familiar y el empleo en el sector productivo. En este momento es cuando nosotros debemos asumir nuestra historia y debemos decirle a los mexicanos qu\u00e9 es lo que nosotros creemos y debemos buscar ofrecerles alternativas reales, para poder salvar ese dolor\u201d, coment\u00f3.<\/p>\n<p>Al participar en el foro virtual \u201cDi\u00e1logo Nacional Por la Reconstrucci\u00f3n\u201d, organizado por Futuro 21, dijo que en este momento nos debe de unir el destino compartido que tenemos como pa\u00eds, porque somos v\u00edctimas de la misma crisis, de la incompetencia de este gobierno, para buscar soluciones que nos permitan salir adelante, porque lo que se ha hecho hasta el momento no ser\u00e1 suficiente y no servir\u00e1 para mucho.<\/p>\n<p>\u201cEs incre\u00edble que con una crisis de salud y econ\u00f3mica, como la que enfrentamos, con una crisis de los precios del petr\u00f3leo a nivel mundial, no le quede claro al gobierno federal que es tiempo de cancelar, por ejemplo, el proyecto de Dos Bocas y reorientar esos recursos para cuidar la vida, para reactivar la econom\u00eda, cuidar el ingreso y el empleo familiar\u201d, sostuvo.<\/p>\n<p>En ese sentido, acot\u00f3 Cort\u00e9s Mendoza, \u201ctambi\u00e9n nos debe de unir la certeza de que, pasando esta crisis sanitaria y econ\u00f3mica, deberemos trabajar juntos o por separado por una nueva mayor\u00eda en la C\u00e1mara de Diputados en el 2021 para que todos volvamos a ser escuchados y para que en la pluralidad podamos construir soluciones\u201d.<\/p>\n<p>El Presidente del PAN afirm\u00f3 que hoy \u201cla gente y en especial los m\u00e1s desprotegidos, esperan de nosotros solidaridad y respuestas, que llenemos el espacio vac\u00edo que ha dejado la autoridad federal, respuestas para el empresariado com\u00fan; ese que no tiene acceso con el Presidente como son los grandes capitales, pero que dependen de \u00e9l meseros, cocineros, familias enteras, personas que viven al d\u00eda\u201d.<\/p>\n<p>Por ello llam\u00f3 a la sociedad a sumar sin claudicar convicciones, a dejar de lado las diferencias ideol\u00f3gicas y pol\u00edticas para asumirnos todos como mexicanos y cuidar el \u00fanico pa\u00eds que tenemos.<\/p>\n<p>\u201cTodos debemos dec\u00edrselo al Presidente de la Rep\u00fablica L\u00f3pez Obrador: los partidos, los empresarios, los acad\u00e9micos, cient\u00edficos, sociedad civil, las iglesias, todos juntos, que no podemos hoy apostar a la divisi\u00f3n, que estamos enfrentando un momento muy delicado y que M\u00e9xico nos requiere a todos unidos, sin prejuicios ideol\u00f3gicos, reconociendo que las mejores soluciones nacen de la pluralidad, de la democracia y de la aceptaci\u00f3n de las diferencias\u201d, expuso.<\/p>\n<p>Si el Presidente L\u00f3pez Obrador no est\u00e1 de acuerdo con este llamado, concluy\u00f3, no ser\u00eda la primera vez que M\u00e9xico tenga que enfrentar por s\u00ed solo ante la ausencia de la autoridad, esta crisis en salud, econom\u00eda y seguridad.<\/p>\n<p>Participaron en el foro representantes de organizaciones empresariales, campesinas, comerciales y civiles, as\u00ed como gobernadores, dirigentes pol\u00edticos, legisladores, acad\u00e9micos, artistas, creadores, comunicadores, l\u00edderes sociales y urbanistas.<\/p>\n<p>Fecha de publicaci\u00f3n 23\/abr\/2020<\/p>\n","protected":false},"excerpt":{"rendered":"<p>CIUDAD DE M\u00c9XICO. \u2500El Presidente de Acci\u00f3n Nacional, Marko Cort\u00e9s Mendoza, afirm\u00f3 que ante la&#8230;<\/p>\n","protected":false},"author":1,"featured_media":83763,"comment_status":"open","ping_status":"open","sticky":false,"template":"","format":"standard","meta":{"_monsterinsights_skip_tracking":false,"_monsterinsights_sitenote_active":false,"_monsterinsights_sitenote_note":"","_monsterinsights_sitenote_category":0,"footnotes":""},"categories":[5],"tags":[3105],"class_list":["post"],"yoast_head":" \n<title>Sonora en Equipo. Ante la incompetencia del gobierno, debemos estar unidos para ofrecer alternativas a la crisis: Marko Cort\u00e9s Rep\u00fablica<\/title>\n<meta name=\"description\" content=\"CIUDAD DE M\u00c9XICO. \u2500El Presidente de Acci\u00f3n Nacional, Marko Cort\u00e9s Mendoza, afirm\u00f3 que ante la crisis de sentido com\u00fan por parte de las autoridades En Sonora en Equipo publicamos toda la informaci\u00f3n de Sonora, M\u00e9xico y el Mundo de manera oportuna y busca que la libertad de expresi\u00f3n sea real. Visita nuestro medio informativo publicado desde Hermosillo, Sonora. %\" \/>\n<meta name=\"robots\" content=\"index, follow, max-snippet:-1, max-image-preview:large, max-video-preview:-1\" \/>\n<link rel=\"canonical\" href=\"https:\/\/www.sonoraenequipo.com.mx\/ante-la-incompetencia-del-gobierno-debemos-estar-unidos-para-ofrecer-alternativas-a-la-crisis-marko-cortes\/\" \/>\n<meta property=\"og:locale\" content=\"es_ES\" \/>\n<meta property=\"og:type\" content=\"article\" \/>\n<meta property=\"og:title\" content=\"Sonora en Equipo. Ante la incompetencia del gobierno, debemos estar unidos para ofrecer alternativas a la crisis: Marko Cort\u00e9s Rep\u00fablica\" \/>\n<meta property=\"og:description\" content=\"CIUDAD DE M\u00c9XICO. \u2500El Presidente de Acci\u00f3n Nacional, Marko Cort\u00e9s Mendoza, afirm\u00f3 que ante la crisis de sentido com\u00fan por parte de las autoridades En Sonora en Equipo publicamos toda la informaci\u00f3n de Sonora, M\u00e9xico y el Mundo de manera oportuna y busca que la libertad de expresi\u00f3n sea real. Visita nuestro medio informativo publicado desde Hermosillo, Sonora. %\" \/>\n<meta property=\"og:url\" content=\"https:\/\/www.sonoraenequipo.com.mx\/ante-la-incompetencia-del-gobierno-debemos-estar-unidos-para-ofrecer-alternativas-a-la-crisis-marko-cortes\/\" \/>\n<meta property=\"og:site_name\" content=\"Sonora en Equipo.\" \/>\n<meta property=\"article:publisher\" content=\"https:\/\/www.facebook.com\/SonoraEE\/\" \/>\n<meta property=\"article:author\" content=\"https:\/\/www.facebook.com\/SonoraEE\" \/>\n<meta property=\"article:published_time\" content=\"2020-04-23T19:43:35+00:00\" \/>\n<meta property=\"article:modified_time\" content=\"2020-04-23T23:31:04+00:00\" \/>\n<meta property=\"og:image\" content=\"https:\/\/www.sonoraenequipo.com.mx\/storage\/2020\/04\/marko-cortes4.jpg\" \/>\n\t<meta property=\"og:image:width\" content=\"600\" \/>\n\t<meta property=\"og:image:height\" content=\"400\" \/>\n\t<meta property=\"og:image:type\" content=\"image\/jpeg\" \/>\n<meta name=\"author\" content=\"enequipo\" \/>\n<meta name=\"twitter:card\" content=\"summary_large_image\" \/>\n<meta name=\"twitter:creator\" content=\"@sonoraenequipo\" \/>\n<meta name=\"twitter:site\" content=\"@sonoraenequipo\" \/>\n<meta name=\"twitter:label1\" content=\"Escrito por\" \/>\n\t<meta name=\"twitter:data1\" content=\"enequipo\" \/>\n\t<meta name=\"twitter:label2\" content=\"Tiempo de lectura\" \/>\n\t<meta name=\"twitter:data2\" content=\"3 minutos\" \/>\n<script type=\"application\/ld+json\" class=\"yoast-schema-graph\">{\"@context\":\"https:\/\/schema.org\",\"@graph\":[{\"@type\":\"Article\",\"@id\":\"https:\/\/www.sonoraenequipo.com.mx\/ante-la-incompetencia-del-gobierno-debemos-estar-unidos-para-ofrecer-alternativas-a-la-crisis-marko-cortes\/#article\",\"isPartOf\":{\"@id\":\"https:\/\/www.sonoraenequipo.com.mx\/ante-la-incompetencia-del-gobierno-debemos-estar-unidos-para-ofrecer-alternativas-a-la-crisis-marko-cortes\/\"},\"author\":{\"name\":\"enequipo\",\"@id\":\"https:\/\/www.sonoraenequipo.com.mx\/#\/schema\/person\/50102df0fb23a8fa9e8effad8fa81386\"},\"headline\":\"Ante la incompetencia del gobierno, debemos estar unidos para ofrecer alternativas a la crisis: Marko Cort\u00e9s\",\"datePublished\":\"2020-04-23T19:43:35+00:00\",\"dateModified\":\"2020-04-23T23:31:04+00:00\",\"mainEntityOfPage\":{\"@id\":\"https:\/\/www.sonoraenequipo.com.mx\/ante-la-incompetencia-del-gobierno-debemos-estar-unidos-para-ofrecer-alternativas-a-la-crisis-marko-cortes\/\"},\"wordCount\":591,\"commentCount\":0,\"publisher\":{\"@id\":\"https:\/\/www.sonoraenequipo.com.mx\/#organization\"},\"image\":{\"@id\":\"https:\/\/www.sonoraenequipo.com.mx\/ante-la-incompetencia-del-gobierno-debemos-estar-unidos-para-ofrecer-alternativas-a-la-crisis-marko-cortes\/#primaryimage\"},\"thumbnailUrl\":\"https:\/\/www.sonoraenequipo.com.mx\/storage\/2020\/04\/marko-cortes4.jpg\",\"keywords\":[\"Marko Cort\u00e9s\"],\"articleSection\":[\"Rep\u00fablica\"],\"inLanguage\":\"es\",\"potentialAction\":[{\"@type\":\"CommentAction\",\"name\":\"Comment\",\"target\":[\"https:\/\/www.sonoraenequipo.com.mx\/ante-la-incompetencia-del-gobierno-debemos-estar-unidos-para-ofrecer-alternativas-a-la-crisis-marko-cortes\/#respond\"]}]},{\"@type\":\"WebPage\",\"@id\":\"https:\/\/www.sonoraenequipo.com.mx\/ante-la-incompetencia-del-gobierno-debemos-estar-unidos-para-ofrecer-alternativas-a-la-crisis-marko-cortes\/\",\"url\":\"https:\/\/www.sonoraenequipo.com.mx\/ante-la-incompetencia-del-gobierno-debemos-estar-unidos-para-ofrecer-alternativas-a-la-crisis-marko-cortes\/\",\"name\":\"Sonora en Equipo. Ante la incompetencia del gobierno, debemos estar unidos para ofrecer alternativas a la crisis: Marko Cort\u00e9s Rep\u00fablica\",\"isPartOf\":{\"@id\":\"https:\/\/www.sonoraenequipo.com.mx\/#website\"},\"primaryImageOfPage\":{\"@id\":\"https:\/\/www.sonoraenequipo.com.mx\/ante-la-incompetencia-del-gobierno-debemos-estar-unidos-para-ofrecer-alternativas-a-la-crisis-marko-cortes\/#primaryimage\"},\"image\":{\"@id\":\"https:\/\/www.sonoraenequipo.com.mx\/ante-la-incompetencia-del-gobierno-debemos-estar-unidos-para-ofrecer-alternativas-a-la-crisis-marko-cortes\/#primaryimage\"},\"thumbnailUrl\":\"https:\/\/www.sonoraenequipo.com.mx\/storage\/2020\/04\/marko-cortes4.jpg\",\"datePublished\":\"2020-04-23T19:43:35+00:00\",\"dateModified\":\"2020-04-23T23:31:04+00:00\",\"description\":\"CIUDAD DE M\u00c9XICO. \u2500El Presidente de Acci\u00f3n Nacional, Marko Cort\u00e9s Mendoza, afirm\u00f3 que ante la crisis de sentido com\u00fan por parte de las autoridades En Sonora en Equipo publicamos toda la informaci\u00f3n de Sonora, M\u00e9xico y el Mundo de manera oportuna y busca que la libertad de expresi\u00f3n sea real. Visita nuestro medio informativo publicado desde Hermosillo, Sonora. %\",\"breadcrumb\":{\"@id\":\"https:\/\/www.sonoraenequipo.com.mx\/ante-la-incompetencia-del-gobierno-debemos-estar-unidos-para-ofrecer-alternativas-a-la-crisis-marko-cortes\/#breadcrumb\"},\"inLanguage\":\"es\",\"potentialAction\":[{\"@type\":\"ReadAction\",\"target\":[\"https:\/\/www.sonoraenequipo.com.mx\/ante-la-incompetencia-del-gobierno-debemos-estar-unidos-para-ofrecer-alternativas-a-la-crisis-marko-cortes\/\"]}]},{\"@type\":\"ImageObject\",\"inLanguage\":\"es\",\"@id\":\"https:\/\/www.sonoraenequipo.com.mx\/ante-la-incompetencia-del-gobierno-debemos-estar-unidos-para-ofrecer-alternativas-a-la-crisis-marko-cortes\/#primaryimage\",\"url\":\"https:\/\/www.sonoraenequipo.com.mx\/storage\/2020\/04\/marko-cortes4.jpg\",\"contentUrl\":\"https:\/\/www.sonoraenequipo.com.mx\/storage\/2020\/04\/marko-cortes4.jpg\",\"width\":600,\"height\":400},{\"@type\":\"BreadcrumbList\",\"@id\":\"https:\/\/www.sonoraenequipo.com.mx\/ante-la-incompetencia-del-gobierno-debemos-estar-unidos-para-ofrecer-alternativas-a-la-crisis-marko-cortes\/#breadcrumb\",\"itemListElement\":[{\"@type\":\"ListItem\",\"position\":1,\"name\":\"Portada\",\"item\":\"https:\/\/www.sonoraenequipo.com.mx\/\"},{\"@type\":\"ListItem\",\"position\":2,\"name\":\"Ante la incompetencia del gobierno, debemos estar unidos para ofrecer alternativas a la crisis: Marko Cort\u00e9s\"}]},{\"@type\":\"WebSite\",\"@id\":\"https:\/\/www.sonoraenequipo.com.mx\/#website\",\"url\":\"https:\/\/www.sonoraenequipo.com.mx\/\",\"name\":\"Sonora en Equipo.\",\"description\":\"Diario en l\u00ednea con Noticias desde Hermosillo, Sonora\",\"publisher\":{\"@id\":\"https:\/\/www.sonoraenequipo.com.mx\/#organization\"},\"potentialAction\":[{\"@type\":\"SearchAction\",\"target\":{\"@type\":\"EntryPoint\",\"urlTemplate\":\"https:\/\/www.sonoraenequipo.com.mx\/?s={search_term_string}\"},\"query-input\":{\"@type\":\"PropertyValueSpecification\",\"valueRequired\":true,\"valueName\":\"search_term_string\"}}],\"inLanguage\":\"es\"},{\"@type\":\"Organization\",\"@id\":\"https:\/\/www.sonoraenequipo.com.mx\/#organization\",\"name\":\"Sonoraenequipo.com.mx\",\"url\":\"https:\/\/www.sonoraenequipo.com.mx\/\",\"logo\":{\"@type\":\"ImageObject\",\"inLanguage\":\"es\",\"@id\":\"https:\/\/www.sonoraenequipo.com.mx\/#\/schema\/logo\/image\/\",\"url\":\"https:\/\/www.sonoraenequipo.com.mx\/storage\/2019\/01\/sonoraenequipo_opt.png\",\"contentUrl\":\"https:\/\/www.sonoraenequipo.com.mx\/storage\/2019\/01\/sonoraenequipo_opt.png\",\"width\":375,\"height\":125,\"caption\":\"Sonoraenequipo.com.mx\"},\"image\":{\"@id\":\"https:\/\/www.sonoraenequipo.com.mx\/#\/schema\/logo\/image\/\"},\"sameAs\":[\"https:\/\/www.facebook.com\/SonoraEE\/\",\"https:\/\/x.com\/sonoraenequipo\",\"https:\/\/www.youtube.com\/channel\/UC338nW-lPEYmJQs4ZABQ1SQ\"]},{\"@type\":\"Person\",\"@id\":\"https:\/\/www.sonoraenequipo.com.mx\/#\/schema\/person\/50102df0fb23a8fa9e8effad8fa81386\",\"name\":\"enequipo\",\"image\":{\"@type\":\"ImageObject\",\"inLanguage\":\"es\",\"@id\":\"https:\/\/www.sonoraenequipo.com.mx\/#\/schema\/person\/image\/\",\"url\":\"https:\/\/secure.gravatar.com\/avatar\/049821681b589dabc0bc20695993ccebb09f5b5d4d790cd9251b97faac7c652b?s=96&d=blank&r=g\",\"contentUrl\":\"https:\/\/secure.gravatar.com\/avatar\/049821681b589dabc0bc20695993ccebb09f5b5d4d790cd9251b97faac7c652b?s=96&d=blank&r=g\",\"caption\":\"enequipo\"},\"sameAs\":[\"https:\/\/www.facebook.com\/SonoraEE\"]}]}<\/script>\n ","yoast_head_json":{"title":"Sonora en Equipo. Ante la incompetencia del gobierno, debemos estar unidos para ofrecer alternativas a la crisis: Marko Cort\u00e9s Rep\u00fablica","description":"CIUDAD DE M\u00c9XICO. \u2500El Presidente de Acci\u00f3n Nacional, Marko Cort\u00e9s Mendoza, afirm\u00f3 que ante la crisis de sentido com\u00fan por parte de las autoridades En Sonora en Equipo publicamos toda la informaci\u00f3n de Sonora, M\u00e9xico y el Mundo de manera oportuna y busca que la libertad de expresi\u00f3n sea real. Visita nuestro medio informativo publicado desde Hermosillo, Sonora. %","robots":{"index":"index","follow":"follow","max-snippet":"max-snippet:-1","max-image-preview":"max-image-preview:large","max-video-preview":"max-video-preview:-1"},"canonical":"https:\/\/www.sonoraenequipo.com.mx\/ante-la-incompetencia-del-gobierno-debemos-estar-unidos-para-ofrecer-alternativas-a-la-crisis-marko-cortes\/","og_locale":"es_ES","og_type":"article","og_title":"Sonora en Equipo. Ante la incompetencia del gobierno, debemos estar unidos para ofrecer alternativas a la crisis: Marko Cort\u00e9s Rep\u00fablica","og_description":"CIUDAD DE M\u00c9XICO. \u2500El Presidente de Acci\u00f3n Nacional, Marko Cort\u00e9s Mendoza, afirm\u00f3 que ante la crisis de sentido com\u00fan por parte de las autoridades En Sonora en Equipo publicamos toda la informaci\u00f3n de Sonora, M\u00e9xico y el Mundo de manera oportuna y busca que la libertad de expresi\u00f3n sea real. Visita nuestro medio informativo publicado desde Hermosillo, Sonora. %","og_url":"https:\/\/www.sonoraenequipo.com.mx\/ante-la-incompetencia-del-gobierno-debemos-estar-unidos-para-ofrecer-alternativas-a-la-crisis-marko-cortes\/","og_site_name":"Sonora en Equipo.","article_publisher":"https:\/\/www.facebook.com\/SonoraEE\/","article_author":"https:\/\/www.facebook.com\/SonoraEE","article_published_time":"2020-04-23T19:43:35+00:00","article_modified_time":"2020-04-23T23:31:04+00:00","og_image":[{"width":600,"height":400,"url":"https:\/\/www.sonoraenequipo.com.mx\/storage\/2020\/04\/marko-cortes4.jpg","type":"image\/jpeg"}],"author":"enequipo","twitter_card":"summary_large_image","twitter_creator":"@sonoraenequipo","twitter_site":"@sonoraenequipo","twitter_misc":{"Escrito por":"enequipo","Tiempo de lectura":"3 minutos"},"schema":{"@context":"https:\/\/schema.org","@graph":[{"@type":"Article","@id":"https:\/\/www.sonoraenequipo.com.mx\/ante-la-incompetencia-del-gobierno-debemos-estar-unidos-para-ofrecer-alternativas-a-la-crisis-marko-cortes\/#article","isPartOf":{"@id":"https:\/\/www.sonoraenequipo.com.mx\/ante-la-incompetencia-del-gobierno-debemos-estar-unidos-para-ofrecer-alternativas-a-la-crisis-marko-cortes\/"},"author":{"name":"enequipo","@id":"https:\/\/www.sonoraenequipo.com.mx\/#\/schema\/person\/50102df0fb23a8fa9e8effad8fa81386"},"headline":"Ante la incompetencia del gobierno, debemos estar unidos para ofrecer alternativas a la crisis: Marko Cort\u00e9s","datePublished":"2020-04-23T19:43:35+00:00","dateModified":"2020-04-23T23:31:04+00:00","mainEntityOfPage":{"@id":"https:\/\/www.sonoraenequipo.com.mx\/ante-la-incompetencia-del-gobierno-debemos-estar-unidos-para-ofrecer-alternativas-a-la-crisis-marko-cortes\/"},"wordCount":591,"commentCount":0,"publisher":{"@id":"https:\/\/www.sonoraenequipo.com.mx\/#organization"},"image":{"@id":"https:\/\/www.sonoraenequipo.com.mx\/ante-la-incompetencia-del-gobierno-debemos-estar-unidos-para-ofrecer-alternativas-a-la-crisis-marko-cortes\/#primaryimage"},"thumbnailUrl":"https:\/\/www.sonoraenequipo.com.mx\/storage\/2020\/04\/marko-cortes4.jpg","keywords":["Marko Cort\u00e9s"],"articleSection":["Rep\u00fablica"],"inLanguage":"es","potentialAction":[{"@type":"CommentAction","name":"Comment","target":["https:\/\/www.sonoraenequipo.com.mx\/ante-la-incompetencia-del-gobierno-debemos-estar-unidos-para-ofrecer-alternativas-a-la-crisis-marko-cortes\/#respond"]}]},{"@type":"WebPage","@id":"https:\/\/www.sonoraenequipo.com.mx\/ante-la-incompetencia-del-gobierno-debemos-estar-unidos-para-ofrecer-alternativas-a-la-crisis-marko-cortes\/","url":"https:\/\/www.sonoraenequipo.com.mx\/ante-la-incompetencia-del-gobierno-debemos-estar-unidos-para-ofrecer-alternativas-a-la-crisis-marko-cortes\/","name":"Sonora en Equipo. Ante la incompetencia del gobierno, debemos estar unidos para ofrecer alternativas a la crisis: Marko Cort\u00e9s Rep\u00fablica","isPartOf":{"@id":"https:\/\/www.sonoraenequipo.com.mx\/#website"},"primaryImageOfPage":{"@id":"https:\/\/www.sonoraenequipo.com.mx\/ante-la-incompetencia-del-gobierno-debemos-estar-unidos-para-ofrecer-alternativas-a-la-crisis-marko-cortes\/#primaryimage"},"image":{"@id":"https:\/\/www.sonoraenequipo.com.mx\/ante-la-incompetencia-del-gobierno-debemos-estar-unidos-para-ofrecer-alternativas-a-la-crisis-marko-cortes\/#primaryimage"},"thumbnailUrl":"https:\/\/www.sonoraenequipo.com.mx\/storage\/2020\/04\/marko-cortes4.jpg","datePublished":"2020-04-23T19:43:35+00:00","dateModified":"2020-04-23T23:31:04+00:00","description":"CIUDAD DE M\u00c9XICO. \u2500El Presidente de Acci\u00f3n Nacional, Marko Cort\u00e9s Mendoza, afirm\u00f3 que ante la crisis de sentido com\u00fan por parte de las autoridades En Sonora en Equipo publicamos toda la informaci\u00f3n de Sonora, M\u00e9xico y el Mundo de manera oportuna y busca que la libertad de expresi\u00f3n sea real. Visita nuestro medio informativo publicado desde Hermosillo, Sonora. %","breadcrumb":{"@id":"https:\/\/www.sonoraenequipo.com.mx\/ante-la-incompetencia-del-gobierno-debemos-estar-unidos-para-ofrecer-alternativas-a-la-crisis-marko-cortes\/#breadcrumb"},"inLanguage":"es","potentialAction":[{"@type":"ReadAction","target":["https:\/\/www.sonoraenequipo.com.mx\/ante-la-incompetencia-del-gobierno-debemos-estar-unidos-para-ofrecer-alternativas-a-la-crisis-marko-cortes\/"]}]},{"@type":"ImageObject","inLanguage":"es","@id":"https:\/\/www.sonoraenequipo.com.mx\/ante-la-incompetencia-del-gobierno-debemos-estar-unidos-para-ofrecer-alternativas-a-la-crisis-marko-cortes\/#primaryimage","url":"https:\/\/www.sonoraenequipo.com.mx\/storage\/2020\/04\/marko-cortes4.jpg","contentUrl":"https:\/\/www.sonoraenequipo.com.mx\/storage\/2020\/04\/marko-cortes4.jpg","width":600,"height":400},{"@type":"BreadcrumbList","@id":"https:\/\/www.sonoraenequipo.com.mx\/ante-la-incompetencia-del-gobierno-debemos-estar-unidos-para-ofrecer-alternativas-a-la-crisis-marko-cortes\/#breadcrumb","itemListElement":[{"@type":"ListItem","position":1,"name":"Portada","item":"https:\/\/www.sonoraenequipo.com.mx\/"},{"@type":"ListItem","position":2,"name":"Ante la incompetencia del gobierno, debemos estar unidos para ofrecer alternativas a la crisis: Marko Cort\u00e9s"}]},{"@type":"WebSite","@id":"https:\/\/www.sonoraenequipo.com.mx\/#website","url":"https:\/\/www.sonoraenequipo.com.mx\/","name":"Sonora en Equipo.","description":"Diario en l\u00ednea con Noticias desde Hermosillo, Sonora","publisher":{"@id":"https:\/\/www.sonoraenequipo.com.mx\/#organization"},"potentialAction":[{"@type":"SearchAction","target":{"@type":"EntryPoint","urlTemplate":"https:\/\/www.sonoraenequipo.com.mx\/?s={search_term_string}"},"query-input":{"@type":"PropertyValueSpecification","valueRequired":true,"valueName":"search_term_string"}}],"inLanguage":"es"},{"@type":"Organization","@id":"https:\/\/www.sonoraenequipo.com.mx\/#organization","name":"Sonoraenequipo.com.mx","url":"https:\/\/www.sonoraenequipo.com.mx\/","logo":{"@type":"ImageObject","inLanguage":"es","@id":"https:\/\/www.sonoraenequipo.com.mx\/#\/schema\/logo\/image\/","url":"https:\/\/www.sonoraenequipo.com.mx\/storage\/2019\/01\/sonoraenequipo_opt.png","contentUrl":"https:\/\/www.sonoraenequipo.com.mx\/storage\/2019\/01\/sonoraenequipo_opt.png","width":375,"height":125,"caption":"Sonoraenequipo.com.mx"},"image":{"@id":"https:\/\/www.sonoraenequipo.com.mx\/#\/schema\/logo\/image\/"},"sameAs":["https:\/\/www.facebook.com\/SonoraEE\/","https:\/\/x.com\/sonoraenequipo","https:\/\/www.youtube.com\/channel\/UC338nW-lPEYmJQs4ZABQ1SQ"]},{"@type":"Person","@id":"https:\/\/www.sonoraenequipo.com.mx\/#\/schema\/person\/50102df0fb23a8fa9e8effad8fa81386","name":"enequipo","image":{"@type":"ImageObject","inLanguage":"es","@id":"https:\/\/www.sonoraenequipo.com.mx\/#\/schema\/person\/image\/","url":"https:\/\/secure.gravatar.com\/avatar\/049821681b589dabc0bc20695993ccebb09f5b5d4d790cd9251b97faac7c652b?s=96&d=blank&r=g","contentUrl":"https:\/\/secure.gravatar.com\/avatar\/049821681b589dabc0bc20695993ccebb09f5b5d4d790cd9251b97faac7c652b?s=96&d=blank&r=g","caption":"enequipo"},"sameAs":["https:\/\/www.facebook.com\/SonoraEE"]}]}},"jetpack_featured_media_url":"https:\/\/www.sonoraenequipo.com.mx\/storage\/2020\/04\/marko-cortes4.jpg","_links":{"self":[{"href":"https:\/\/www.sonoraenequipo.com.mx\/api\/wp\/v2\/posts\/83758","targetHints":{"allow":["GET"]}}],"collection":[{"href":"https:\/\/www.sonoraenequipo.com.mx\/api\/wp\/v2\/posts"}],"about":[{"href":"https:\/\/www.sonoraenequipo.com.mx\/api\/wp\/v2\/types\/post"}],"author":[{"embeddable":true,"href":"https:\/\/www.sonoraenequipo.com.mx\/api\/wp\/v2\/users\/1"}],"replies":[{"embeddable":true,"href":"https:\/\/www.sonoraenequipo.com.mx\/api\/wp\/v2\/comments?post=83758"}],"version-history":[{"count":0,"href":"https:\/\/www.sonoraenequipo.com.mx\/api\/wp\/v2\/posts\/83758\/revisions"}],"wp:featuredmedia":[{"embeddable":true,"href":"https:\/\/www.sonoraenequipo.com.mx\/api\/wp\/v2\/media\/83763"}],"wp:attachment":[{"href":"https:\/\/www.sonoraenequipo.com.mx\/api\/wp\/v2\/media?parent=83758"}],"wp:term":[{"taxonomy":"category","embeddable":true,"href":"https:\/\/www.sonoraenequipo.com.mx\/api\/wp\/v2\/categories?post=83758"},{"taxonomy":"post_tag","embeddable":true,"href":"https:\/\/www.sonoraenequipo.com.mx\/api\/wp\/v2\/tags?post=83758"}],"curies":[{"name":"wp","href":"https:\/\/api.w.org\/{rel}","templated":true}]}}