{"id":83765,"date":"2020-04-23T13:23:45","date_gmt":"2020-04-23T20:23:45","guid":{"rendered":"https:\/\/www.sonoraenequipo.com.mx\/?p=83765"},"modified":"2020-04-23T13:23:45","modified_gmt":"2020-04-23T20:23:45","slug":"crece-el-festival-virtual-de-imca","status":"publish","type":"post","link":"https:\/\/www.sonoraenequipo.com.mx\/crece-el-festival-virtual-de-imca\/","title":{"rendered":"Crece el festival virtual de IMCA"},"content":{"rendered":"<p>HERMOSILLO, SONORA,MX.\u2500 Ante la aceptaci\u00f3n del p\u00fablico y el gran entusiasmo de artistas internacionales por participar, como los espa\u00f1oles Fredi Leis, David Otero y Andr\u00e9s Su\u00e1rez, el festival virtual #EnCasaNadaMePasa, organizado por el Instituto Municipal de Cultura y Arte de Hermosillo, ampli\u00f3 su programa a dos jornadas m\u00e1s de m\u00fasica de calidad a trav\u00e9s de la red social Instagram. <\/p>\n<p>&nbsp;<\/p>\n<p>M\u00fasicos y cantantes de Argentina, Cuba, Espa\u00f1a, Estados Unidos y M\u00e9xico participar\u00e1n los viernes 24 de abril y 1 de mayo en las nuevas emisiones en vivo de esta iniciativa online, promovida por el Ayuntamiento de Hermosillo que encabeza la alcaldesa Celida L\u00f3pez C\u00e1rdenas.<\/p>\n<p>&nbsp;<\/p>\n<p>La directora general del IMCA, Diana Reyes Gonz\u00e1lez, coment\u00f3 que este festival creci\u00f3 con nuevas emisiones dado el inter\u00e9s del p\u00fablico y de un grupo de talentosos artistas espa\u00f1oles, gremio que ha vivido un impacto mayor a nivel mundial por la contingencia del Covid 19.<\/p>\n<p>&nbsp;<\/p>\n<p>Cantantes de \u201cResistir\u00e9\u201d<\/p>\n<p>&nbsp;<\/p>\n<p>Inform\u00f3 que este 24 abril participar\u00e1n los espa\u00f1oles Fredi Leis, Bely Basarte y Paula Seserino; el cubano Alito Abad, el argentino Pablo Dacal, el mexicano Juan Pablo Villa y el talentoso dueto hermosillense Lucah, entre otros artistas.<\/p>\n<p>&nbsp;<\/p>\n<p>Para el viernes 1 de mayo, estar\u00e1n los espa\u00f1oles Isma Romero, Callahan, Andr\u00e9s Su\u00e1rez y David Otero. Estos \u00faltimos forman parte del elenco que grab\u00f3 la canci\u00f3n \u201cResistir\u00e9\u201d, convertida ya en un himno en Espa\u00f1a en el contexto del coronavirus, al ser uno de los pa\u00edses m\u00e1s afectados por esta pandemia.<\/p>\n<p>&nbsp;<\/p>\n<p>Por la diferencia de horarios entre Hermosillo y Espa\u00f1a, los pr\u00f3ximos viernes las transmisiones en vivo iniciar\u00e1n a las 12:00 de mediod\u00eda (tiempo de Hermosillo), a trav\u00e9s de las cuentas de Instagram de cada artista.<\/p>\n<p>&nbsp;<\/p>\n<p>M\u00e1s de 60 artistas<\/p>\n<p>&nbsp;<\/p>\n<p>Diana Reyes coment\u00f3 que se realizaron ya cuatro jornadas, con una respuesta muy satisfactoria por parte del p\u00fablico de Hermosillo, de M\u00e9xico y muchos pa\u00edses, porque #EnCasaNadaMePasaFestival permiti\u00f3 a artistas que est\u00e1n en cuarentena llevar horas de entretenimiento a gente que tambi\u00e9n est\u00e1 resguardada en casa para frenar el contagio del coronavirus<\/p>\n<p>&nbsp;<\/p>\n<p>El 27 de marzo pasado fue la primera transmisi\u00f3n, record\u00f3, con un programa compuesto por artistas hermosillenses, para luego reunir a cantantes de reconocimientos nacional e internacional, como la espa\u00f1ola Buika; los mexicanos Carlos Cuevas, Juan Solo y Roco Pachukote; el argentino Pablo Krantz y la banda de origen franc\u00e9s Pat\u00e9 de Fu\u00e1, entre muchos otros.<\/p>\n<p>&nbsp;<\/p>\n<p>La titular de IMCA destac\u00f3 que m\u00e1s de 60 m\u00fasicos y cantantes de siete diferentes pa\u00edses, atendieron la convocatoria del IMCA Hermosillo para ofrecer presentaciones en vivo desde sus hogares para el p\u00fablico de todo el mundo que se encuentra en sus casas durante esta contingencia.<\/p>\n<p>&nbsp;<\/p>\n<p>La cita para los viernes 24 de abril y 1 de mayo es a partir de las 12:00 de mediod\u00eda (tiempo de Hermosillo), a trav\u00e9s de Instagram en las p\u00e1ginas de cada artista; el programa completo se encuentra en las redes sociales de IMCA Hermosillo, bajo el hashtag #EnCasaNadaMePasaFestival.<\/p>\n<p>&nbsp;<\/p>\n<p>Instagram: @casanadamepasafestival<\/p>\n<p>Facebook: En Casa Nada Me Pasa Festival<\/p>\n<p>www.encasanadamepasa.imcahermosillo.com.mx<\/p>\n<p>Fecha de publicaci\u00f3n 21\/abr\/2020<\/p>\n","protected":false},"excerpt":{"rendered":"<p>HERMOSILLO, SONORA,MX.\u2500 Ante la aceptaci\u00f3n del p\u00fablico y el gran entusiasmo de artistas internacionales por&#8230;<\/p>\n","protected":false},"author":1,"featured_media":83770,"comment_status":"open","ping_status":"open","sticky":false,"template":"","format":"standard","meta":{"_monsterinsights_skip_tracking":false,"_monsterinsights_sitenote_active":false,"_monsterinsights_sitenote_note":"","_monsterinsights_sitenote_category":0,"footnotes":""},"categories":[4],"tags":[4334],"class_list":["post"],"yoast_head":" \n<title>Sonora en Equipo. Crece el festival virtual de IMCA Municipios<\/title>\n<meta name=\"description\" content=\"HERMOSILLO, SONORA,MX.\u2500 Ante la aceptaci\u00f3n del p\u00fablico y el gran entusiasmo de artistas internacionales por participar, como los espa\u00f1oles Fredi Leis, En Sonora en Equipo publicamos toda la informaci\u00f3n de Sonora, M\u00e9xico y el Mundo de manera oportuna y busca que la libertad de expresi\u00f3n sea real. Visita nuestro medio informativo publicado desde Hermosillo, Sonora. %\" \/>\n<meta name=\"robots\" content=\"index, follow, max-snippet:-1, max-image-preview:large, max-video-preview:-1\" \/>\n<link rel=\"canonical\" href=\"https:\/\/www.sonoraenequipo.com.mx\/crece-el-festival-virtual-de-imca\/\" \/>\n<meta property=\"og:locale\" content=\"es_ES\" \/>\n<meta property=\"og:type\" content=\"article\" \/>\n<meta property=\"og:title\" content=\"Sonora en Equipo. Crece el festival virtual de IMCA Municipios\" \/>\n<meta property=\"og:description\" content=\"HERMOSILLO, SONORA,MX.\u2500 Ante la aceptaci\u00f3n del p\u00fablico y el gran entusiasmo de artistas internacionales por participar, como los espa\u00f1oles Fredi Leis, En Sonora en Equipo publicamos toda la informaci\u00f3n de Sonora, M\u00e9xico y el Mundo de manera oportuna y busca que la libertad de expresi\u00f3n sea real. Visita nuestro medio informativo publicado desde Hermosillo, Sonora. %\" \/>\n<meta property=\"og:url\" content=\"https:\/\/www.sonoraenequipo.com.mx\/crece-el-festival-virtual-de-imca\/\" \/>\n<meta property=\"og:site_name\" content=\"Sonora en Equipo.\" \/>\n<meta property=\"article:publisher\" content=\"https:\/\/www.facebook.com\/SonoraEE\/\" \/>\n<meta property=\"article:author\" content=\"https:\/\/www.facebook.com\/SonoraEE\" \/>\n<meta property=\"article:published_time\" content=\"2020-04-23T20:23:45+00:00\" \/>\n<meta property=\"og:image\" content=\"https:\/\/www.sonoraenequipo.com.mx\/storage\/2020\/04\/ROKO2.jpg\" \/>\n\t<meta property=\"og:image:width\" content=\"600\" \/>\n\t<meta property=\"og:image:height\" content=\"400\" \/>\n\t<meta property=\"og:image:type\" content=\"image\/jpeg\" \/>\n<meta name=\"author\" content=\"enequipo\" \/>\n<meta name=\"twitter:card\" content=\"summary_large_image\" \/>\n<meta name=\"twitter:creator\" content=\"@sonoraenequipo\" \/>\n<meta name=\"twitter:site\" content=\"@sonoraenequipo\" \/>\n<meta name=\"twitter:label1\" content=\"Escrito por\" \/>\n\t<meta name=\"twitter:data1\" content=\"enequipo\" \/>\n\t<meta name=\"twitter:label2\" content=\"Tiempo de lectura\" \/>\n\t<meta name=\"twitter:data2\" content=\"3 minutos\" \/>\n<script type=\"application\/ld+json\" class=\"yoast-schema-graph\">{\"@context\":\"https:\/\/schema.org\",\"@graph\":[{\"@type\":\"Article\",\"@id\":\"https:\/\/www.sonoraenequipo.com.mx\/crece-el-festival-virtual-de-imca\/#article\",\"isPartOf\":{\"@id\":\"https:\/\/www.sonoraenequipo.com.mx\/crece-el-festival-virtual-de-imca\/\"},\"author\":{\"name\":\"enequipo\",\"@id\":\"https:\/\/www.sonoraenequipo.com.mx\/#\/schema\/person\/50102df0fb23a8fa9e8effad8fa81386\"},\"headline\":\"Crece el festival virtual de IMCA\",\"datePublished\":\"2020-04-23T20:23:45+00:00\",\"mainEntityOfPage\":{\"@id\":\"https:\/\/www.sonoraenequipo.com.mx\/crece-el-festival-virtual-de-imca\/\"},\"wordCount\":556,\"commentCount\":0,\"publisher\":{\"@id\":\"https:\/\/www.sonoraenequipo.com.mx\/#organization\"},\"image\":{\"@id\":\"https:\/\/www.sonoraenequipo.com.mx\/crece-el-festival-virtual-de-imca\/#primaryimage\"},\"thumbnailUrl\":\"https:\/\/www.sonoraenequipo.com.mx\/storage\/2020\/04\/ROKO2.jpg\",\"keywords\":[\"encasanadamepasa\"],\"articleSection\":[\"Municipios\"],\"inLanguage\":\"es\",\"potentialAction\":[{\"@type\":\"CommentAction\",\"name\":\"Comment\",\"target\":[\"https:\/\/www.sonoraenequipo.com.mx\/crece-el-festival-virtual-de-imca\/#respond\"]}]},{\"@type\":\"WebPage\",\"@id\":\"https:\/\/www.sonoraenequipo.com.mx\/crece-el-festival-virtual-de-imca\/\",\"url\":\"https:\/\/www.sonoraenequipo.com.mx\/crece-el-festival-virtual-de-imca\/\",\"name\":\"Sonora en Equipo. Crece el festival virtual de IMCA Municipios\",\"isPartOf\":{\"@id\":\"https:\/\/www.sonoraenequipo.com.mx\/#website\"},\"primaryImageOfPage\":{\"@id\":\"https:\/\/www.sonoraenequipo.com.mx\/crece-el-festival-virtual-de-imca\/#primaryimage\"},\"image\":{\"@id\":\"https:\/\/www.sonoraenequipo.com.mx\/crece-el-festival-virtual-de-imca\/#primaryimage\"},\"thumbnailUrl\":\"https:\/\/www.sonoraenequipo.com.mx\/storage\/2020\/04\/ROKO2.jpg\",\"datePublished\":\"2020-04-23T20:23:45+00:00\",\"description\":\"HERMOSILLO, SONORA,MX.\u2500 Ante la aceptaci\u00f3n del p\u00fablico y el gran entusiasmo de artistas internacionales por participar, como los espa\u00f1oles Fredi Leis, En Sonora en Equipo publicamos toda la informaci\u00f3n de Sonora, M\u00e9xico y el Mundo de manera oportuna y busca que la libertad de expresi\u00f3n sea real. Visita nuestro medio informativo publicado desde Hermosillo, Sonora. %\",\"breadcrumb\":{\"@id\":\"https:\/\/www.sonoraenequipo.com.mx\/crece-el-festival-virtual-de-imca\/#breadcrumb\"},\"inLanguage\":\"es\",\"potentialAction\":[{\"@type\":\"ReadAction\",\"target\":[\"https:\/\/www.sonoraenequipo.com.mx\/crece-el-festival-virtual-de-imca\/\"]}]},{\"@type\":\"ImageObject\",\"inLanguage\":\"es\",\"@id\":\"https:\/\/www.sonoraenequipo.com.mx\/crece-el-festival-virtual-de-imca\/#primaryimage\",\"url\":\"https:\/\/www.sonoraenequipo.com.mx\/storage\/2020\/04\/ROKO2.jpg\",\"contentUrl\":\"https:\/\/www.sonoraenequipo.com.mx\/storage\/2020\/04\/ROKO2.jpg\",\"width\":600,\"height\":400,\"caption\":\"Roko Pachuc\u00f3n vocalista de La Maldita Vecindad estar\u00e1 presente en el festival\"},{\"@type\":\"BreadcrumbList\",\"@id\":\"https:\/\/www.sonoraenequipo.com.mx\/crece-el-festival-virtual-de-imca\/#breadcrumb\",\"itemListElement\":[{\"@type\":\"ListItem\",\"position\":1,\"name\":\"Portada\",\"item\":\"https:\/\/www.sonoraenequipo.com.mx\/\"},{\"@type\":\"ListItem\",\"position\":2,\"name\":\"Crece el festival virtual de IMCA\"}]},{\"@type\":\"WebSite\",\"@id\":\"https:\/\/www.sonoraenequipo.com.mx\/#website\",\"url\":\"https:\/\/www.sonoraenequipo.com.mx\/\",\"name\":\"Sonora en Equipo.\",\"description\":\"Diario en l\u00ednea con Noticias desde Hermosillo, Sonora\",\"publisher\":{\"@id\":\"https:\/\/www.sonoraenequipo.com.mx\/#organization\"},\"potentialAction\":[{\"@type\":\"SearchAction\",\"target\":{\"@type\":\"EntryPoint\",\"urlTemplate\":\"https:\/\/www.sonoraenequipo.com.mx\/?s={search_term_string}\"},\"query-input\":{\"@type\":\"PropertyValueSpecification\",\"valueRequired\":true,\"valueName\":\"search_term_string\"}}],\"inLanguage\":\"es\"},{\"@type\":\"Organization\",\"@id\":\"https:\/\/www.sonoraenequipo.com.mx\/#organization\",\"name\":\"Sonoraenequipo.com.mx\",\"url\":\"https:\/\/www.sonoraenequipo.com.mx\/\",\"logo\":{\"@type\":\"ImageObject\",\"inLanguage\":\"es\",\"@id\":\"https:\/\/www.sonoraenequipo.com.mx\/#\/schema\/logo\/image\/\",\"url\":\"https:\/\/www.sonoraenequipo.com.mx\/storage\/2019\/01\/sonoraenequipo_opt.png\",\"contentUrl\":\"https:\/\/www.sonoraenequipo.com.mx\/storage\/2019\/01\/sonoraenequipo_opt.png\",\"width\":375,\"height\":125,\"caption\":\"Sonoraenequipo.com.mx\"},\"image\":{\"@id\":\"https:\/\/www.sonoraenequipo.com.mx\/#\/schema\/logo\/image\/\"},\"sameAs\":[\"https:\/\/www.facebook.com\/SonoraEE\/\",\"https:\/\/x.com\/sonoraenequipo\",\"https:\/\/www.youtube.com\/channel\/UC338nW-lPEYmJQs4ZABQ1SQ\"]},{\"@type\":\"Person\",\"@id\":\"https:\/\/www.sonoraenequipo.com.mx\/#\/schema\/person\/50102df0fb23a8fa9e8effad8fa81386\",\"name\":\"enequipo\",\"image\":{\"@type\":\"ImageObject\",\"inLanguage\":\"es\",\"@id\":\"https:\/\/www.sonoraenequipo.com.mx\/#\/schema\/person\/image\/\",\"url\":\"https:\/\/secure.gravatar.com\/avatar\/049821681b589dabc0bc20695993ccebb09f5b5d4d790cd9251b97faac7c652b?s=96&d=blank&r=g\",\"contentUrl\":\"https:\/\/secure.gravatar.com\/avatar\/049821681b589dabc0bc20695993ccebb09f5b5d4d790cd9251b97faac7c652b?s=96&d=blank&r=g\",\"caption\":\"enequipo\"},\"sameAs\":[\"https:\/\/www.facebook.com\/SonoraEE\"]}]}<\/script>\n ","yoast_head_json":{"title":"Sonora en Equipo. Crece el festival virtual de IMCA Municipios","description":"HERMOSILLO, SONORA,MX.\u2500 Ante la aceptaci\u00f3n del p\u00fablico y el gran entusiasmo de artistas internacionales por participar, como los espa\u00f1oles Fredi Leis, En Sonora en Equipo publicamos toda la informaci\u00f3n de Sonora, M\u00e9xico y el Mundo de manera oportuna y busca que la libertad de expresi\u00f3n sea real. Visita nuestro medio informativo publicado desde Hermosillo, Sonora. %","robots":{"index":"index","follow":"follow","max-snippet":"max-snippet:-1","max-image-preview":"max-image-preview:large","max-video-preview":"max-video-preview:-1"},"canonical":"https:\/\/www.sonoraenequipo.com.mx\/crece-el-festival-virtual-de-imca\/","og_locale":"es_ES","og_type":"article","og_title":"Sonora en Equipo. Crece el festival virtual de IMCA Municipios","og_description":"HERMOSILLO, SONORA,MX.\u2500 Ante la aceptaci\u00f3n del p\u00fablico y el gran entusiasmo de artistas internacionales por participar, como los espa\u00f1oles Fredi Leis, En Sonora en Equipo publicamos toda la informaci\u00f3n de Sonora, M\u00e9xico y el Mundo de manera oportuna y busca que la libertad de expresi\u00f3n sea real. Visita nuestro medio informativo publicado desde Hermosillo, Sonora. %","og_url":"https:\/\/www.sonoraenequipo.com.mx\/crece-el-festival-virtual-de-imca\/","og_site_name":"Sonora en Equipo.","article_publisher":"https:\/\/www.facebook.com\/SonoraEE\/","article_author":"https:\/\/www.facebook.com\/SonoraEE","article_published_time":"2020-04-23T20:23:45+00:00","og_image":[{"width":600,"height":400,"url":"https:\/\/www.sonoraenequipo.com.mx\/storage\/2020\/04\/ROKO2.jpg","type":"image\/jpeg"}],"author":"enequipo","twitter_card":"summary_large_image","twitter_creator":"@sonoraenequipo","twitter_site":"@sonoraenequipo","twitter_misc":{"Escrito por":"enequipo","Tiempo de lectura":"3 minutos"},"schema":{"@context":"https:\/\/schema.org","@graph":[{"@type":"Article","@id":"https:\/\/www.sonoraenequipo.com.mx\/crece-el-festival-virtual-de-imca\/#article","isPartOf":{"@id":"https:\/\/www.sonoraenequipo.com.mx\/crece-el-festival-virtual-de-imca\/"},"author":{"name":"enequipo","@id":"https:\/\/www.sonoraenequipo.com.mx\/#\/schema\/person\/50102df0fb23a8fa9e8effad8fa81386"},"headline":"Crece el festival virtual de IMCA","datePublished":"2020-04-23T20:23:45+00:00","mainEntityOfPage":{"@id":"https:\/\/www.sonoraenequipo.com.mx\/crece-el-festival-virtual-de-imca\/"},"wordCount":556,"commentCount":0,"publisher":{"@id":"https:\/\/www.sonoraenequipo.com.mx\/#organization"},"image":{"@id":"https:\/\/www.sonoraenequipo.com.mx\/crece-el-festival-virtual-de-imca\/#primaryimage"},"thumbnailUrl":"https:\/\/www.sonoraenequipo.com.mx\/storage\/2020\/04\/ROKO2.jpg","keywords":["encasanadamepasa"],"articleSection":["Municipios"],"inLanguage":"es","potentialAction":[{"@type":"CommentAction","name":"Comment","target":["https:\/\/www.sonoraenequipo.com.mx\/crece-el-festival-virtual-de-imca\/#respond"]}]},{"@type":"WebPage","@id":"https:\/\/www.sonoraenequipo.com.mx\/crece-el-festival-virtual-de-imca\/","url":"https:\/\/www.sonoraenequipo.com.mx\/crece-el-festival-virtual-de-imca\/","name":"Sonora en Equipo. Crece el festival virtual de IMCA Municipios","isPartOf":{"@id":"https:\/\/www.sonoraenequipo.com.mx\/#website"},"primaryImageOfPage":{"@id":"https:\/\/www.sonoraenequipo.com.mx\/crece-el-festival-virtual-de-imca\/#primaryimage"},"image":{"@id":"https:\/\/www.sonoraenequipo.com.mx\/crece-el-festival-virtual-de-imca\/#primaryimage"},"thumbnailUrl":"https:\/\/www.sonoraenequipo.com.mx\/storage\/2020\/04\/ROKO2.jpg","datePublished":"2020-04-23T20:23:45+00:00","description":"HERMOSILLO, SONORA,MX.\u2500 Ante la aceptaci\u00f3n del p\u00fablico y el gran entusiasmo de artistas internacionales por participar, como los espa\u00f1oles Fredi Leis, En Sonora en Equipo publicamos toda la informaci\u00f3n de Sonora, M\u00e9xico y el Mundo de manera oportuna y busca que la libertad de expresi\u00f3n sea real. Visita nuestro medio informativo publicado desde Hermosillo, Sonora. %","breadcrumb":{"@id":"https:\/\/www.sonoraenequipo.com.mx\/crece-el-festival-virtual-de-imca\/#breadcrumb"},"inLanguage":"es","potentialAction":[{"@type":"ReadAction","target":["https:\/\/www.sonoraenequipo.com.mx\/crece-el-festival-virtual-de-imca\/"]}]},{"@type":"ImageObject","inLanguage":"es","@id":"https:\/\/www.sonoraenequipo.com.mx\/crece-el-festival-virtual-de-imca\/#primaryimage","url":"https:\/\/www.sonoraenequipo.com.mx\/storage\/2020\/04\/ROKO2.jpg","contentUrl":"https:\/\/www.sonoraenequipo.com.mx\/storage\/2020\/04\/ROKO2.jpg","width":600,"height":400,"caption":"Roko Pachuc\u00f3n vocalista de La Maldita Vecindad estar\u00e1 presente en el festival"},{"@type":"BreadcrumbList","@id":"https:\/\/www.sonoraenequipo.com.mx\/crece-el-festival-virtual-de-imca\/#breadcrumb","itemListElement":[{"@type":"ListItem","position":1,"name":"Portada","item":"https:\/\/www.sonoraenequipo.com.mx\/"},{"@type":"ListItem","position":2,"name":"Crece el festival virtual de IMCA"}]},{"@type":"WebSite","@id":"https:\/\/www.sonoraenequipo.com.mx\/#website","url":"https:\/\/www.sonoraenequipo.com.mx\/","name":"Sonora en Equipo.","description":"Diario en l\u00ednea con Noticias desde Hermosillo, Sonora","publisher":{"@id":"https:\/\/www.sonoraenequipo.com.mx\/#organization"},"potentialAction":[{"@type":"SearchAction","target":{"@type":"EntryPoint","urlTemplate":"https:\/\/www.sonoraenequipo.com.mx\/?s={search_term_string}"},"query-input":{"@type":"PropertyValueSpecification","valueRequired":true,"valueName":"search_term_string"}}],"inLanguage":"es"},{"@type":"Organization","@id":"https:\/\/www.sonoraenequipo.com.mx\/#organization","name":"Sonoraenequipo.com.mx","url":"https:\/\/www.sonoraenequipo.com.mx\/","logo":{"@type":"ImageObject","inLanguage":"es","@id":"https:\/\/www.sonoraenequipo.com.mx\/#\/schema\/logo\/image\/","url":"https:\/\/www.sonoraenequipo.com.mx\/storage\/2019\/01\/sonoraenequipo_opt.png","contentUrl":"https:\/\/www.sonoraenequipo.com.mx\/storage\/2019\/01\/sonoraenequipo_opt.png","width":375,"height":125,"caption":"Sonoraenequipo.com.mx"},"image":{"@id":"https:\/\/www.sonoraenequipo.com.mx\/#\/schema\/logo\/image\/"},"sameAs":["https:\/\/www.facebook.com\/SonoraEE\/","https:\/\/x.com\/sonoraenequipo","https:\/\/www.youtube.com\/channel\/UC338nW-lPEYmJQs4ZABQ1SQ"]},{"@type":"Person","@id":"https:\/\/www.sonoraenequipo.com.mx\/#\/schema\/person\/50102df0fb23a8fa9e8effad8fa81386","name":"enequipo","image":{"@type":"ImageObject","inLanguage":"es","@id":"https:\/\/www.sonoraenequipo.com.mx\/#\/schema\/person\/image\/","url":"https:\/\/secure.gravatar.com\/avatar\/049821681b589dabc0bc20695993ccebb09f5b5d4d790cd9251b97faac7c652b?s=96&d=blank&r=g","contentUrl":"https:\/\/secure.gravatar.com\/avatar\/049821681b589dabc0bc20695993ccebb09f5b5d4d790cd9251b97faac7c652b?s=96&d=blank&r=g","caption":"enequipo"},"sameAs":["https:\/\/www.facebook.com\/SonoraEE"]}]}},"jetpack_featured_media_url":"https:\/\/www.sonoraenequipo.com.mx\/storage\/2020\/04\/ROKO2.jpg","_links":{"self":[{"href":"https:\/\/www.sonoraenequipo.com.mx\/api\/wp\/v2\/posts\/83765","targetHints":{"allow":["GET"]}}],"collection":[{"href":"https:\/\/www.sonoraenequipo.com.mx\/api\/wp\/v2\/posts"}],"about":[{"href":"https:\/\/www.sonoraenequipo.com.mx\/api\/wp\/v2\/types\/post"}],"author":[{"embeddable":true,"href":"https:\/\/www.sonoraenequipo.com.mx\/api\/wp\/v2\/users\/1"}],"replies":[{"embeddable":true,"href":"https:\/\/www.sonoraenequipo.com.mx\/api\/wp\/v2\/comments?post=83765"}],"version-history":[{"count":0,"href":"https:\/\/www.sonoraenequipo.com.mx\/api\/wp\/v2\/posts\/83765\/revisions"}],"wp:featuredmedia":[{"embeddable":true,"href":"https:\/\/www.sonoraenequipo.com.mx\/api\/wp\/v2\/media\/83770"}],"wp:attachment":[{"href":"https:\/\/www.sonoraenequipo.com.mx\/api\/wp\/v2\/media?parent=83765"}],"wp:term":[{"taxonomy":"category","embeddable":true,"href":"https:\/\/www.sonoraenequipo.com.mx\/api\/wp\/v2\/categories?post=83765"},{"taxonomy":"post_tag","embeddable":true,"href":"https:\/\/www.sonoraenequipo.com.mx\/api\/wp\/v2\/tags?post=83765"}],"curies":[{"name":"wp","href":"https:\/\/api.w.org\/{rel}","templated":true}]}}