{"id":83769,"date":"2020-04-23T10:21:12","date_gmt":"2020-04-23T17:21:12","guid":{"rendered":"https:\/\/www.sonoraenequipo.com.mx\/?p=83769"},"modified":"2020-04-23T13:54:32","modified_gmt":"2020-04-23T20:54:32","slug":"amlo-analiza-coordinar-apertura-de-industrias-con-los-estados-unidos","status":"publish","type":"post","link":"https:\/\/www.sonoraenequipo.com.mx\/amlo-analiza-coordinar-apertura-de-industrias-con-los-estados-unidos\/","title":{"rendered":"AMLO analiza coordinar apertura de industrias con los Estados Unidos"},"content":{"rendered":"<p>CIUDAD DE M\u00c9XICO. MX. \u2014 Luego de que Donald Trump relanzara su mensaje anti-inmigraci\u00f3n con la suspensi\u00f3n temporal de permisos de trabajo, el presidente L\u00f3pez Obrador asegur\u00f3 que este decreto no tendr\u00e1 ninguna afectaci\u00f3n econ\u00f3mica para M\u00e9xico, enfatizando la estrecha relaci\u00f3n de las industrias entre ambos pa\u00edses hasta el punto de que asegur\u00f3 que analiza reabrir las industrias en coordinaci\u00f3n con los EU.<\/p>\n<p> <\/p>\n<p>Esta ma\u00f1ana de jueves, el mandatario mexicano se\u00f1al\u00f3: <em>\u00abNo se paralizar\u00e1 la actividad econ\u00f3mica comercial y no va a haber limitaciones para los trabajadores agr\u00edcolas migrantes. Nos necesitamos mutuamente, ya no se podr\u00eda cerrar la frontera por completo por el nivel de integraci\u00f3n que hace indispensable que se mantenga la frontera abierta\u00bb.<\/em><\/p>\n<h3>Trump suspender\u00e1 green cards por 60 d\u00edas<\/h3>\n<p>El d\u00eda de ayer, cuando Trump anunci\u00f3 este decreto, tambi\u00e9n aclaro que su gobierno permitir\u00eda el acceso a trabajadores temporales, protegiendo as\u00ed a la agricultura, que depende de la migraci\u00f3n de M\u00e9xico y Centro Am\u00e9rica.<\/p>\n<p>En una v\u00eda paralela sobre la integraci\u00f3n comercial de ambos pa\u00edses, L\u00f3pez Obrador tambi\u00e9n se\u00f1al\u00f3 esta ma\u00f1ana que su gobierno ya se comprometi\u00f3 con los industriales nacionales a analizar propuesta de que la reapertura de las industrias sea hom\u00f3loga en ambos pa\u00edses, principalmente en la frontera. Un caso que se concentrar\u00e1 en la Secretar\u00eda de Econom\u00eda, de Graciela M\u00e1rquez.<\/p>\n<p><em>\u00abEsto todav\u00eda no se decide porque la epidemia de coronavirus en Estados Unidos, desgraciadamente, les est\u00e1 afectando mucho y nosotros tambi\u00e9n tenemos nuestra pol\u00edtica sanitaria, pero habr\u00e1 un momento en que llegaremos a un acuerdo. Hay cuestiones excepcionales\u00bb,<\/em> reconoci\u00f3 el presidente.<\/p>\n<p>Precis\u00f3 que solo la industria automotriz de M\u00e9xico ocupa un mill\u00f3n de trabajadores mexicanos, lo que les hace repensar esta demanda, junto al an\u00e1lisis de c\u00f3mo lanzar el T-MEC.<\/p>\n<p>El d\u00eda de ayer, LPO relat\u00f3 que industriales estadounidenses y mexicanos est\u00e1n incrementado sus exigencias al gobierno mexicano para que reabra plantas que entran dentro de sectores considerados como no esenciales para la econom\u00eda para la Secretar\u00eda de Salud, pero que, afirman, resultan clave para actividades industriales de toda la regi\u00f3n.<\/p>\n<h3>Lunes comienza entrega de cr\u00e9ditos<\/h3>\n<p>Por otro lado, esta ma\u00f1ana tambi\u00e9n se inform\u00f3 que a partir del pr\u00f3ximo lunes 27 de abril comenzar\u00e1 la dispersi\u00f3n de cr\u00e9ditos para peque\u00f1as y medianas empresas que durante los primeros tres meses del a\u00f1o no despidieron a sus trabajadores, a pesar de las presiones que ha significado la crisis del coronavirus.<\/p>\n<p>Como ya se hab\u00eda explicado, se entregar\u00e1n un mill\u00f3n de cr\u00e9ditos por 25 mil pesos a las peque\u00f1as empresas que est\u00e1n dados de alta en el Instituto Mexicano del Seguro Social (IMSS) y que se registraron en la p\u00e1gina correspondiente.<\/p>\n<p>Otro mill\u00f3n de pesos ser\u00e1 entregado por la Secretar\u00eda de Econom\u00eda, en este caso para quienes est\u00e9n inscritos en el censo de Bienestar. Ambas dependencias siguen la misma din\u00e1mica, y se les otorgar\u00e1 hasta un periodo de gracia de tres meses para empezar con el pago.<\/p>\n<p>El presidente dio a conocer que estos son los primeros dos millones de cr\u00e9ditos de los tres millones que la 4T piensa entregar. Adem\u00e1s, dijo que, as\u00ed como todas las tardes se da un informe de Salud sobre el Covid-19, ahora los equipos de M\u00e1rquez Col\u00edn y Zo\u00e9 Robledo van a informar sobre c\u00f3mo est\u00e1 avanzando esta entrega de cr\u00e9ditos y m\u00e1s tarde en cuanto al sector vivienda.<\/p>\n<p>(PUBLICADO EL 23\/04\/2020)<\/p>\n","protected":false},"excerpt":{"rendered":"<p>CIUDAD DE M\u00c9XICO. MX. \u2014 Luego de que Donald Trump relanzara su mensaje anti-inmigraci\u00f3n con&#8230;<\/p>\n","protected":false},"author":1,"featured_media":83773,"comment_status":"open","ping_status":"open","sticky":false,"template":"","format":"standard","meta":{"_monsterinsights_skip_tracking":false,"_monsterinsights_sitenote_active":false,"_monsterinsights_sitenote_note":"","_monsterinsights_sitenote_category":0,"footnotes":""},"categories":[5],"tags":[],"class_list":["post"],"yoast_head":" \n<title>Sonora en Equipo. AMLO analiza coordinar apertura de industrias con los Estados Unidos Rep\u00fablica<\/title>\n<meta name=\"description\" content=\"CIUDAD DE M\u00c9XICO. MX. \u2014 Luego de que Donald Trump relanzara su mensaje anti-inmigraci\u00f3n con la suspensi\u00f3n temporal de permisos de trabajo, el presidente En Sonora en Equipo publicamos toda la informaci\u00f3n de Sonora, M\u00e9xico y el Mundo de manera oportuna y busca que la libertad de expresi\u00f3n sea real. Visita nuestro medio informativo publicado desde Hermosillo, Sonora. %\" \/>\n<meta name=\"robots\" content=\"index, follow, max-snippet:-1, max-image-preview:large, max-video-preview:-1\" \/>\n<link rel=\"canonical\" href=\"https:\/\/www.sonoraenequipo.com.mx\/amlo-analiza-coordinar-apertura-de-industrias-con-los-estados-unidos\/\" \/>\n<meta property=\"og:locale\" content=\"es_ES\" \/>\n<meta property=\"og:type\" content=\"article\" \/>\n<meta property=\"og:title\" content=\"Sonora en Equipo. AMLO analiza coordinar apertura de industrias con los Estados Unidos Rep\u00fablica\" \/>\n<meta property=\"og:description\" content=\"CIUDAD DE M\u00c9XICO. MX. \u2014 Luego de que Donald Trump relanzara su mensaje anti-inmigraci\u00f3n con la suspensi\u00f3n temporal de permisos de trabajo, el presidente En Sonora en Equipo publicamos toda la informaci\u00f3n de Sonora, M\u00e9xico y el Mundo de manera oportuna y busca que la libertad de expresi\u00f3n sea real. Visita nuestro medio informativo publicado desde Hermosillo, Sonora. %\" \/>\n<meta property=\"og:url\" content=\"https:\/\/www.sonoraenequipo.com.mx\/amlo-analiza-coordinar-apertura-de-industrias-con-los-estados-unidos\/\" \/>\n<meta property=\"og:site_name\" content=\"Sonora en Equipo.\" \/>\n<meta property=\"article:publisher\" content=\"https:\/\/www.facebook.com\/SonoraEE\/\" \/>\n<meta property=\"article:author\" content=\"https:\/\/www.facebook.com\/SonoraEE\" \/>\n<meta property=\"article:published_time\" content=\"2020-04-23T17:21:12+00:00\" \/>\n<meta property=\"article:modified_time\" content=\"2020-04-23T20:54:32+00:00\" \/>\n<meta property=\"og:image\" content=\"https:\/\/www.sonoraenequipo.com.mx\/storage\/2020\/04\/amlo23_opt.jpg\" \/>\n\t<meta property=\"og:image:width\" content=\"888\" \/>\n\t<meta property=\"og:image:height\" content=\"500\" \/>\n\t<meta property=\"og:image:type\" content=\"image\/jpeg\" \/>\n<meta name=\"author\" content=\"enequipo\" \/>\n<meta name=\"twitter:card\" content=\"summary_large_image\" \/>\n<meta name=\"twitter:creator\" content=\"@sonoraenequipo\" \/>\n<meta name=\"twitter:site\" content=\"@sonoraenequipo\" \/>\n<meta name=\"twitter:label1\" content=\"Escrito por\" \/>\n\t<meta name=\"twitter:data1\" content=\"enequipo\" \/>\n\t<meta name=\"twitter:label2\" content=\"Tiempo de lectura\" \/>\n\t<meta name=\"twitter:data2\" content=\"3 minutos\" \/>\n<script type=\"application\/ld+json\" class=\"yoast-schema-graph\">{\"@context\":\"https:\/\/schema.org\",\"@graph\":[{\"@type\":\"Article\",\"@id\":\"https:\/\/www.sonoraenequipo.com.mx\/amlo-analiza-coordinar-apertura-de-industrias-con-los-estados-unidos\/#article\",\"isPartOf\":{\"@id\":\"https:\/\/www.sonoraenequipo.com.mx\/amlo-analiza-coordinar-apertura-de-industrias-con-los-estados-unidos\/\"},\"author\":{\"name\":\"enequipo\",\"@id\":\"https:\/\/www.sonoraenequipo.com.mx\/#\/schema\/person\/50102df0fb23a8fa9e8effad8fa81386\"},\"headline\":\"AMLO analiza coordinar apertura de industrias con los Estados Unidos\",\"datePublished\":\"2020-04-23T17:21:12+00:00\",\"dateModified\":\"2020-04-23T20:54:32+00:00\",\"mainEntityOfPage\":{\"@id\":\"https:\/\/www.sonoraenequipo.com.mx\/amlo-analiza-coordinar-apertura-de-industrias-con-los-estados-unidos\/\"},\"wordCount\":630,\"commentCount\":0,\"publisher\":{\"@id\":\"https:\/\/www.sonoraenequipo.com.mx\/#organization\"},\"image\":{\"@id\":\"https:\/\/www.sonoraenequipo.com.mx\/amlo-analiza-coordinar-apertura-de-industrias-con-los-estados-unidos\/#primaryimage\"},\"thumbnailUrl\":\"https:\/\/www.sonoraenequipo.com.mx\/storage\/2020\/04\/amlo23_opt.jpg\",\"articleSection\":[\"Rep\u00fablica\"],\"inLanguage\":\"es\",\"potentialAction\":[{\"@type\":\"CommentAction\",\"name\":\"Comment\",\"target\":[\"https:\/\/www.sonoraenequipo.com.mx\/amlo-analiza-coordinar-apertura-de-industrias-con-los-estados-unidos\/#respond\"]}]},{\"@type\":\"WebPage\",\"@id\":\"https:\/\/www.sonoraenequipo.com.mx\/amlo-analiza-coordinar-apertura-de-industrias-con-los-estados-unidos\/\",\"url\":\"https:\/\/www.sonoraenequipo.com.mx\/amlo-analiza-coordinar-apertura-de-industrias-con-los-estados-unidos\/\",\"name\":\"Sonora en Equipo. AMLO analiza coordinar apertura de industrias con los Estados Unidos Rep\u00fablica\",\"isPartOf\":{\"@id\":\"https:\/\/www.sonoraenequipo.com.mx\/#website\"},\"primaryImageOfPage\":{\"@id\":\"https:\/\/www.sonoraenequipo.com.mx\/amlo-analiza-coordinar-apertura-de-industrias-con-los-estados-unidos\/#primaryimage\"},\"image\":{\"@id\":\"https:\/\/www.sonoraenequipo.com.mx\/amlo-analiza-coordinar-apertura-de-industrias-con-los-estados-unidos\/#primaryimage\"},\"thumbnailUrl\":\"https:\/\/www.sonoraenequipo.com.mx\/storage\/2020\/04\/amlo23_opt.jpg\",\"datePublished\":\"2020-04-23T17:21:12+00:00\",\"dateModified\":\"2020-04-23T20:54:32+00:00\",\"description\":\"CIUDAD DE M\u00c9XICO. MX. \u2014 Luego de que Donald Trump relanzara su mensaje anti-inmigraci\u00f3n con la suspensi\u00f3n temporal de permisos de trabajo, el presidente En Sonora en Equipo publicamos toda la informaci\u00f3n de Sonora, M\u00e9xico y el Mundo de manera oportuna y busca que la libertad de expresi\u00f3n sea real. Visita nuestro medio informativo publicado desde Hermosillo, Sonora. %\",\"breadcrumb\":{\"@id\":\"https:\/\/www.sonoraenequipo.com.mx\/amlo-analiza-coordinar-apertura-de-industrias-con-los-estados-unidos\/#breadcrumb\"},\"inLanguage\":\"es\",\"potentialAction\":[{\"@type\":\"ReadAction\",\"target\":[\"https:\/\/www.sonoraenequipo.com.mx\/amlo-analiza-coordinar-apertura-de-industrias-con-los-estados-unidos\/\"]}]},{\"@type\":\"ImageObject\",\"inLanguage\":\"es\",\"@id\":\"https:\/\/www.sonoraenequipo.com.mx\/amlo-analiza-coordinar-apertura-de-industrias-con-los-estados-unidos\/#primaryimage\",\"url\":\"https:\/\/www.sonoraenequipo.com.mx\/storage\/2020\/04\/amlo23_opt.jpg\",\"contentUrl\":\"https:\/\/www.sonoraenequipo.com.mx\/storage\/2020\/04\/amlo23_opt.jpg\",\"width\":888,\"height\":500},{\"@type\":\"BreadcrumbList\",\"@id\":\"https:\/\/www.sonoraenequipo.com.mx\/amlo-analiza-coordinar-apertura-de-industrias-con-los-estados-unidos\/#breadcrumb\",\"itemListElement\":[{\"@type\":\"ListItem\",\"position\":1,\"name\":\"Portada\",\"item\":\"https:\/\/www.sonoraenequipo.com.mx\/\"},{\"@type\":\"ListItem\",\"position\":2,\"name\":\"AMLO analiza coordinar apertura de industrias con los Estados Unidos\"}]},{\"@type\":\"WebSite\",\"@id\":\"https:\/\/www.sonoraenequipo.com.mx\/#website\",\"url\":\"https:\/\/www.sonoraenequipo.com.mx\/\",\"name\":\"Sonora en Equipo.\",\"description\":\"Diario en l\u00ednea con Noticias desde Hermosillo, Sonora\",\"publisher\":{\"@id\":\"https:\/\/www.sonoraenequipo.com.mx\/#organization\"},\"potentialAction\":[{\"@type\":\"SearchAction\",\"target\":{\"@type\":\"EntryPoint\",\"urlTemplate\":\"https:\/\/www.sonoraenequipo.com.mx\/?s={search_term_string}\"},\"query-input\":{\"@type\":\"PropertyValueSpecification\",\"valueRequired\":true,\"valueName\":\"search_term_string\"}}],\"inLanguage\":\"es\"},{\"@type\":\"Organization\",\"@id\":\"https:\/\/www.sonoraenequipo.com.mx\/#organization\",\"name\":\"Sonoraenequipo.com.mx\",\"url\":\"https:\/\/www.sonoraenequipo.com.mx\/\",\"logo\":{\"@type\":\"ImageObject\",\"inLanguage\":\"es\",\"@id\":\"https:\/\/www.sonoraenequipo.com.mx\/#\/schema\/logo\/image\/\",\"url\":\"https:\/\/www.sonoraenequipo.com.mx\/storage\/2019\/01\/sonoraenequipo_opt.png\",\"contentUrl\":\"https:\/\/www.sonoraenequipo.com.mx\/storage\/2019\/01\/sonoraenequipo_opt.png\",\"width\":375,\"height\":125,\"caption\":\"Sonoraenequipo.com.mx\"},\"image\":{\"@id\":\"https:\/\/www.sonoraenequipo.com.mx\/#\/schema\/logo\/image\/\"},\"sameAs\":[\"https:\/\/www.facebook.com\/SonoraEE\/\",\"https:\/\/x.com\/sonoraenequipo\",\"https:\/\/www.youtube.com\/channel\/UC338nW-lPEYmJQs4ZABQ1SQ\"]},{\"@type\":\"Person\",\"@id\":\"https:\/\/www.sonoraenequipo.com.mx\/#\/schema\/person\/50102df0fb23a8fa9e8effad8fa81386\",\"name\":\"enequipo\",\"image\":{\"@type\":\"ImageObject\",\"inLanguage\":\"es\",\"@id\":\"https:\/\/www.sonoraenequipo.com.mx\/#\/schema\/person\/image\/\",\"url\":\"https:\/\/secure.gravatar.com\/avatar\/049821681b589dabc0bc20695993ccebb09f5b5d4d790cd9251b97faac7c652b?s=96&d=blank&r=g\",\"contentUrl\":\"https:\/\/secure.gravatar.com\/avatar\/049821681b589dabc0bc20695993ccebb09f5b5d4d790cd9251b97faac7c652b?s=96&d=blank&r=g\",\"caption\":\"enequipo\"},\"sameAs\":[\"https:\/\/www.facebook.com\/SonoraEE\"]}]}<\/script>\n ","yoast_head_json":{"title":"Sonora en Equipo. AMLO analiza coordinar apertura de industrias con los Estados Unidos Rep\u00fablica","description":"CIUDAD DE M\u00c9XICO. MX. \u2014 Luego de que Donald Trump relanzara su mensaje anti-inmigraci\u00f3n con la suspensi\u00f3n temporal de permisos de trabajo, el presidente En Sonora en Equipo publicamos toda la informaci\u00f3n de Sonora, M\u00e9xico y el Mundo de manera oportuna y busca que la libertad de expresi\u00f3n sea real. Visita nuestro medio informativo publicado desde Hermosillo, Sonora. %","robots":{"index":"index","follow":"follow","max-snippet":"max-snippet:-1","max-image-preview":"max-image-preview:large","max-video-preview":"max-video-preview:-1"},"canonical":"https:\/\/www.sonoraenequipo.com.mx\/amlo-analiza-coordinar-apertura-de-industrias-con-los-estados-unidos\/","og_locale":"es_ES","og_type":"article","og_title":"Sonora en Equipo. AMLO analiza coordinar apertura de industrias con los Estados Unidos Rep\u00fablica","og_description":"CIUDAD DE M\u00c9XICO. MX. \u2014 Luego de que Donald Trump relanzara su mensaje anti-inmigraci\u00f3n con la suspensi\u00f3n temporal de permisos de trabajo, el presidente En Sonora en Equipo publicamos toda la informaci\u00f3n de Sonora, M\u00e9xico y el Mundo de manera oportuna y busca que la libertad de expresi\u00f3n sea real. Visita nuestro medio informativo publicado desde Hermosillo, Sonora. %","og_url":"https:\/\/www.sonoraenequipo.com.mx\/amlo-analiza-coordinar-apertura-de-industrias-con-los-estados-unidos\/","og_site_name":"Sonora en Equipo.","article_publisher":"https:\/\/www.facebook.com\/SonoraEE\/","article_author":"https:\/\/www.facebook.com\/SonoraEE","article_published_time":"2020-04-23T17:21:12+00:00","article_modified_time":"2020-04-23T20:54:32+00:00","og_image":[{"width":888,"height":500,"url":"https:\/\/www.sonoraenequipo.com.mx\/storage\/2020\/04\/amlo23_opt.jpg","type":"image\/jpeg"}],"author":"enequipo","twitter_card":"summary_large_image","twitter_creator":"@sonoraenequipo","twitter_site":"@sonoraenequipo","twitter_misc":{"Escrito por":"enequipo","Tiempo de lectura":"3 minutos"},"schema":{"@context":"https:\/\/schema.org","@graph":[{"@type":"Article","@id":"https:\/\/www.sonoraenequipo.com.mx\/amlo-analiza-coordinar-apertura-de-industrias-con-los-estados-unidos\/#article","isPartOf":{"@id":"https:\/\/www.sonoraenequipo.com.mx\/amlo-analiza-coordinar-apertura-de-industrias-con-los-estados-unidos\/"},"author":{"name":"enequipo","@id":"https:\/\/www.sonoraenequipo.com.mx\/#\/schema\/person\/50102df0fb23a8fa9e8effad8fa81386"},"headline":"AMLO analiza coordinar apertura de industrias con los Estados Unidos","datePublished":"2020-04-23T17:21:12+00:00","dateModified":"2020-04-23T20:54:32+00:00","mainEntityOfPage":{"@id":"https:\/\/www.sonoraenequipo.com.mx\/amlo-analiza-coordinar-apertura-de-industrias-con-los-estados-unidos\/"},"wordCount":630,"commentCount":0,"publisher":{"@id":"https:\/\/www.sonoraenequipo.com.mx\/#organization"},"image":{"@id":"https:\/\/www.sonoraenequipo.com.mx\/amlo-analiza-coordinar-apertura-de-industrias-con-los-estados-unidos\/#primaryimage"},"thumbnailUrl":"https:\/\/www.sonoraenequipo.com.mx\/storage\/2020\/04\/amlo23_opt.jpg","articleSection":["Rep\u00fablica"],"inLanguage":"es","potentialAction":[{"@type":"CommentAction","name":"Comment","target":["https:\/\/www.sonoraenequipo.com.mx\/amlo-analiza-coordinar-apertura-de-industrias-con-los-estados-unidos\/#respond"]}]},{"@type":"WebPage","@id":"https:\/\/www.sonoraenequipo.com.mx\/amlo-analiza-coordinar-apertura-de-industrias-con-los-estados-unidos\/","url":"https:\/\/www.sonoraenequipo.com.mx\/amlo-analiza-coordinar-apertura-de-industrias-con-los-estados-unidos\/","name":"Sonora en Equipo. AMLO analiza coordinar apertura de industrias con los Estados Unidos Rep\u00fablica","isPartOf":{"@id":"https:\/\/www.sonoraenequipo.com.mx\/#website"},"primaryImageOfPage":{"@id":"https:\/\/www.sonoraenequipo.com.mx\/amlo-analiza-coordinar-apertura-de-industrias-con-los-estados-unidos\/#primaryimage"},"image":{"@id":"https:\/\/www.sonoraenequipo.com.mx\/amlo-analiza-coordinar-apertura-de-industrias-con-los-estados-unidos\/#primaryimage"},"thumbnailUrl":"https:\/\/www.sonoraenequipo.com.mx\/storage\/2020\/04\/amlo23_opt.jpg","datePublished":"2020-04-23T17:21:12+00:00","dateModified":"2020-04-23T20:54:32+00:00","description":"CIUDAD DE M\u00c9XICO. MX. \u2014 Luego de que Donald Trump relanzara su mensaje anti-inmigraci\u00f3n con la suspensi\u00f3n temporal de permisos de trabajo, el presidente En Sonora en Equipo publicamos toda la informaci\u00f3n de Sonora, M\u00e9xico y el Mundo de manera oportuna y busca que la libertad de expresi\u00f3n sea real. Visita nuestro medio informativo publicado desde Hermosillo, Sonora. %","breadcrumb":{"@id":"https:\/\/www.sonoraenequipo.com.mx\/amlo-analiza-coordinar-apertura-de-industrias-con-los-estados-unidos\/#breadcrumb"},"inLanguage":"es","potentialAction":[{"@type":"ReadAction","target":["https:\/\/www.sonoraenequipo.com.mx\/amlo-analiza-coordinar-apertura-de-industrias-con-los-estados-unidos\/"]}]},{"@type":"ImageObject","inLanguage":"es","@id":"https:\/\/www.sonoraenequipo.com.mx\/amlo-analiza-coordinar-apertura-de-industrias-con-los-estados-unidos\/#primaryimage","url":"https:\/\/www.sonoraenequipo.com.mx\/storage\/2020\/04\/amlo23_opt.jpg","contentUrl":"https:\/\/www.sonoraenequipo.com.mx\/storage\/2020\/04\/amlo23_opt.jpg","width":888,"height":500},{"@type":"BreadcrumbList","@id":"https:\/\/www.sonoraenequipo.com.mx\/amlo-analiza-coordinar-apertura-de-industrias-con-los-estados-unidos\/#breadcrumb","itemListElement":[{"@type":"ListItem","position":1,"name":"Portada","item":"https:\/\/www.sonoraenequipo.com.mx\/"},{"@type":"ListItem","position":2,"name":"AMLO analiza coordinar apertura de industrias con los Estados Unidos"}]},{"@type":"WebSite","@id":"https:\/\/www.sonoraenequipo.com.mx\/#website","url":"https:\/\/www.sonoraenequipo.com.mx\/","name":"Sonora en Equipo.","description":"Diario en l\u00ednea con Noticias desde Hermosillo, Sonora","publisher":{"@id":"https:\/\/www.sonoraenequipo.com.mx\/#organization"},"potentialAction":[{"@type":"SearchAction","target":{"@type":"EntryPoint","urlTemplate":"https:\/\/www.sonoraenequipo.com.mx\/?s={search_term_string}"},"query-input":{"@type":"PropertyValueSpecification","valueRequired":true,"valueName":"search_term_string"}}],"inLanguage":"es"},{"@type":"Organization","@id":"https:\/\/www.sonoraenequipo.com.mx\/#organization","name":"Sonoraenequipo.com.mx","url":"https:\/\/www.sonoraenequipo.com.mx\/","logo":{"@type":"ImageObject","inLanguage":"es","@id":"https:\/\/www.sonoraenequipo.com.mx\/#\/schema\/logo\/image\/","url":"https:\/\/www.sonoraenequipo.com.mx\/storage\/2019\/01\/sonoraenequipo_opt.png","contentUrl":"https:\/\/www.sonoraenequipo.com.mx\/storage\/2019\/01\/sonoraenequipo_opt.png","width":375,"height":125,"caption":"Sonoraenequipo.com.mx"},"image":{"@id":"https:\/\/www.sonoraenequipo.com.mx\/#\/schema\/logo\/image\/"},"sameAs":["https:\/\/www.facebook.com\/SonoraEE\/","https:\/\/x.com\/sonoraenequipo","https:\/\/www.youtube.com\/channel\/UC338nW-lPEYmJQs4ZABQ1SQ"]},{"@type":"Person","@id":"https:\/\/www.sonoraenequipo.com.mx\/#\/schema\/person\/50102df0fb23a8fa9e8effad8fa81386","name":"enequipo","image":{"@type":"ImageObject","inLanguage":"es","@id":"https:\/\/www.sonoraenequipo.com.mx\/#\/schema\/person\/image\/","url":"https:\/\/secure.gravatar.com\/avatar\/049821681b589dabc0bc20695993ccebb09f5b5d4d790cd9251b97faac7c652b?s=96&d=blank&r=g","contentUrl":"https:\/\/secure.gravatar.com\/avatar\/049821681b589dabc0bc20695993ccebb09f5b5d4d790cd9251b97faac7c652b?s=96&d=blank&r=g","caption":"enequipo"},"sameAs":["https:\/\/www.facebook.com\/SonoraEE"]}]}},"jetpack_featured_media_url":"https:\/\/www.sonoraenequipo.com.mx\/storage\/2020\/04\/amlo23_opt.jpg","_links":{"self":[{"href":"https:\/\/www.sonoraenequipo.com.mx\/api\/wp\/v2\/posts\/83769","targetHints":{"allow":["GET"]}}],"collection":[{"href":"https:\/\/www.sonoraenequipo.com.mx\/api\/wp\/v2\/posts"}],"about":[{"href":"https:\/\/www.sonoraenequipo.com.mx\/api\/wp\/v2\/types\/post"}],"author":[{"embeddable":true,"href":"https:\/\/www.sonoraenequipo.com.mx\/api\/wp\/v2\/users\/1"}],"replies":[{"embeddable":true,"href":"https:\/\/www.sonoraenequipo.com.mx\/api\/wp\/v2\/comments?post=83769"}],"version-history":[{"count":0,"href":"https:\/\/www.sonoraenequipo.com.mx\/api\/wp\/v2\/posts\/83769\/revisions"}],"wp:featuredmedia":[{"embeddable":true,"href":"https:\/\/www.sonoraenequipo.com.mx\/api\/wp\/v2\/media\/83773"}],"wp:attachment":[{"href":"https:\/\/www.sonoraenequipo.com.mx\/api\/wp\/v2\/media?parent=83769"}],"wp:term":[{"taxonomy":"category","embeddable":true,"href":"https:\/\/www.sonoraenequipo.com.mx\/api\/wp\/v2\/categories?post=83769"},{"taxonomy":"post_tag","embeddable":true,"href":"https:\/\/www.sonoraenequipo.com.mx\/api\/wp\/v2\/tags?post=83769"}],"curies":[{"name":"wp","href":"https:\/\/api.w.org\/{rel}","templated":true}]}}