{"id":83784,"date":"2020-04-23T17:02:57","date_gmt":"2020-04-24T00:02:57","guid":{"rendered":"https:\/\/www.sonoraenequipo.com.mx\/?p=83784"},"modified":"2020-04-23T17:02:57","modified_gmt":"2020-04-24T00:02:57","slug":"de-los-181-casos-de-covid-19-en-sonora-36-corresponden-a-brotes-intrafamiliares-salud","status":"publish","type":"post","link":"https:\/\/www.sonoraenequipo.com.mx\/de-los-181-casos-de-covid-19-en-sonora-36-corresponden-a-brotes-intrafamiliares-salud\/","title":{"rendered":"De los 181 casos de Covid-19 en Sonora, 36% corresponden a brotes intrafamiliares: Salud"},"content":{"rendered":"<p>&nbsp;<\/p>\n<h4>&gt;&gt; Hay 60 trabajadores del sector Salud en Sonora infectado con coronavirus<\/h4>\n<p>HERMOSILLO, SONORA,MX.\u2500 De los 181 casos positivos de Coronavirus (Covid-19) que se han confirmado en Sonora, un total de 66 , un 36 % han sido derivados de brotes intrafamiliares, de ah\u00ed la importancia de acatar estrictamente las medidas de aislamiento social de la estrategia integral #Qu\u00e9dateEnCasaObligatorio promovidas por la gobernadora Claudia Pavlovich Arellano, resalt\u00f3 Gerardo \u00c1lvarez Hern\u00e1ndez., Vocero de la Secretar\u00eda de Salud<\/p>\n<p>&nbsp;<\/p>\n<p>Hasta la noche del 22 de abril, en Sonora se han confirmado un total de 181 casos positivos de Covid-19 y se han registrado 22 defunciones, record\u00f3 Gerardo \u00c1lvarez Hern\u00e1ndez, y a\u00f1adi\u00f3 que de los 181 casos de Covid-19c 89 corresponden a San Luis R\u00edo Colorado, 29 a Hermosillo, 15 a Huatabampo, 12 a Cajeme, siete a Caborca, seis a Nogales, cinco a Navojoa; Guaymas, Magdalena y S\u00e1ric registran cuatro casos cada uno; Opodepe, dos casos; Etchojoa, Agua Prieta, Puerto Pe\u00f1asco y General Plutarco El\u00edas Calles, un caso cada uno.<\/p>\n<p>En otro dato respecto al personal de salud afectado el funcionario dijo son 60 trabajadores , detall\u00f3 que de esos 25 son m\u00e9dicos y 24 enfermeras, y 10 de otro tipo de personal como camilleros, auxiliares m\u00e9dicos y un dentista, la mayor\u00eda de casos se registran en\u00a0 San Luis R\u00edo Colorado con 46, Cajeme 3, Caborca 2,Etchojoa1,Hermosillo3,Nogales 1,Navojoa 1,Huatabampo 3<\/p>\n<p>El d\u00eda de ayer se registraron cinco decesos para sumar 22 estos, de los cinco casos estos\u00a0 fueron\u00a0 2 en San Luis\u00a0 y uno cada uno en Caborca, Opodepe, Guaymas, este \u00faltimo fue Post Mortem un paciente que no ten\u00eda antecedente de viaje ni enfermedad cr\u00f3nica<\/p>\n<p>Fecha de publicaci\u00f3n 21\/abr\/2020<\/p>\n<p>&nbsp;<\/p>\n","protected":false},"excerpt":{"rendered":"<p>&nbsp; &gt;&gt; Hay 60 trabajadores del sector Salud en Sonora infectado con coronavirus HERMOSILLO, SONORA,MX.\u2500&#8230;<\/p>\n","protected":false},"author":1,"featured_media":83685,"comment_status":"open","ping_status":"open","sticky":false,"template":"","format":"standard","meta":{"_monsterinsights_skip_tracking":false,"_monsterinsights_sitenote_active":false,"_monsterinsights_sitenote_note":"","_monsterinsights_sitenote_category":0,"footnotes":""},"categories":[22],"tags":[],"class_list":["post"],"yoast_head":" \n<title>Sonora en Equipo. De los 181 casos de Covid-19 en Sonora, 36% corresponden a brotes intrafamiliares: Salud Sonora<\/title>\n<meta name=\"description\" content=\"&nbsp; &gt;&gt; Hay 60 trabajadores del sector Salud en Sonora infectado con coronavirus HERMOSILLO, SONORA,MX.\u2500 De los 181 casos positivos de Coronavirus En Sonora en Equipo publicamos toda la informaci\u00f3n de Sonora, M\u00e9xico y el Mundo de manera oportuna y busca que la libertad de expresi\u00f3n sea real. Visita nuestro medio informativo publicado desde Hermosillo, Sonora. %\" \/>\n<meta name=\"robots\" content=\"index, follow, max-snippet:-1, max-image-preview:large, max-video-preview:-1\" \/>\n<link rel=\"canonical\" href=\"https:\/\/www.sonoraenequipo.com.mx\/de-los-181-casos-de-covid-19-en-sonora-36-corresponden-a-brotes-intrafamiliares-salud\/\" \/>\n<meta property=\"og:locale\" content=\"es_ES\" \/>\n<meta property=\"og:type\" content=\"article\" \/>\n<meta property=\"og:title\" content=\"Sonora en Equipo. De los 181 casos de Covid-19 en Sonora, 36% corresponden a brotes intrafamiliares: Salud Sonora\" \/>\n<meta property=\"og:description\" content=\"&nbsp; &gt;&gt; Hay 60 trabajadores del sector Salud en Sonora infectado con coronavirus HERMOSILLO, SONORA,MX.\u2500 De los 181 casos positivos de Coronavirus En Sonora en Equipo publicamos toda la informaci\u00f3n de Sonora, M\u00e9xico y el Mundo de manera oportuna y busca que la libertad de expresi\u00f3n sea real. Visita nuestro medio informativo publicado desde Hermosillo, Sonora. %\" \/>\n<meta property=\"og:url\" content=\"https:\/\/www.sonoraenequipo.com.mx\/de-los-181-casos-de-covid-19-en-sonora-36-corresponden-a-brotes-intrafamiliares-salud\/\" \/>\n<meta property=\"og:site_name\" content=\"Sonora en Equipo.\" \/>\n<meta property=\"article:publisher\" content=\"https:\/\/www.facebook.com\/SonoraEE\/\" \/>\n<meta property=\"article:author\" content=\"https:\/\/www.facebook.com\/SonoraEE\" \/>\n<meta property=\"article:published_time\" content=\"2020-04-24T00:02:57+00:00\" \/>\n<meta property=\"og:image\" content=\"https:\/\/www.sonoraenequipo.com.mx\/storage\/2020\/04\/Gerardo-\u00c1lvarez-H_opt.jpg\" \/>\n\t<meta property=\"og:image:width\" content=\"783\" \/>\n\t<meta property=\"og:image:height\" content=\"450\" \/>\n\t<meta property=\"og:image:type\" content=\"image\/jpeg\" \/>\n<meta name=\"author\" content=\"enequipo\" \/>\n<meta name=\"twitter:card\" content=\"summary_large_image\" \/>\n<meta name=\"twitter:creator\" content=\"@sonoraenequipo\" \/>\n<meta name=\"twitter:site\" content=\"@sonoraenequipo\" \/>\n<meta name=\"twitter:label1\" content=\"Escrito por\" \/>\n\t<meta name=\"twitter:data1\" content=\"enequipo\" \/>\n\t<meta name=\"twitter:label2\" content=\"Tiempo de lectura\" \/>\n\t<meta name=\"twitter:data2\" content=\"1 minuto\" \/>\n<script type=\"application\/ld+json\" class=\"yoast-schema-graph\">{\"@context\":\"https:\/\/schema.org\",\"@graph\":[{\"@type\":\"Article\",\"@id\":\"https:\/\/www.sonoraenequipo.com.mx\/de-los-181-casos-de-covid-19-en-sonora-36-corresponden-a-brotes-intrafamiliares-salud\/#article\",\"isPartOf\":{\"@id\":\"https:\/\/www.sonoraenequipo.com.mx\/de-los-181-casos-de-covid-19-en-sonora-36-corresponden-a-brotes-intrafamiliares-salud\/\"},\"author\":{\"name\":\"enequipo\",\"@id\":\"https:\/\/www.sonoraenequipo.com.mx\/#\/schema\/person\/50102df0fb23a8fa9e8effad8fa81386\"},\"headline\":\"De los 181 casos de Covid-19 en Sonora, 36% corresponden a brotes intrafamiliares: Salud\",\"datePublished\":\"2020-04-24T00:02:57+00:00\",\"mainEntityOfPage\":{\"@id\":\"https:\/\/www.sonoraenequipo.com.mx\/de-los-181-casos-de-covid-19-en-sonora-36-corresponden-a-brotes-intrafamiliares-salud\/\"},\"wordCount\":289,\"commentCount\":0,\"publisher\":{\"@id\":\"https:\/\/www.sonoraenequipo.com.mx\/#organization\"},\"image\":{\"@id\":\"https:\/\/www.sonoraenequipo.com.mx\/de-los-181-casos-de-covid-19-en-sonora-36-corresponden-a-brotes-intrafamiliares-salud\/#primaryimage\"},\"thumbnailUrl\":\"https:\/\/www.sonoraenequipo.com.mx\/storage\/2020\/04\/Gerardo-\u00c1lvarez-H_opt.jpg\",\"articleSection\":[\"Sonora\"],\"inLanguage\":\"es\",\"potentialAction\":[{\"@type\":\"CommentAction\",\"name\":\"Comment\",\"target\":[\"https:\/\/www.sonoraenequipo.com.mx\/de-los-181-casos-de-covid-19-en-sonora-36-corresponden-a-brotes-intrafamiliares-salud\/#respond\"]}]},{\"@type\":\"WebPage\",\"@id\":\"https:\/\/www.sonoraenequipo.com.mx\/de-los-181-casos-de-covid-19-en-sonora-36-corresponden-a-brotes-intrafamiliares-salud\/\",\"url\":\"https:\/\/www.sonoraenequipo.com.mx\/de-los-181-casos-de-covid-19-en-sonora-36-corresponden-a-brotes-intrafamiliares-salud\/\",\"name\":\"Sonora en Equipo. De los 181 casos de Covid-19 en Sonora, 36% corresponden a brotes intrafamiliares: Salud Sonora\",\"isPartOf\":{\"@id\":\"https:\/\/www.sonoraenequipo.com.mx\/#website\"},\"primaryImageOfPage\":{\"@id\":\"https:\/\/www.sonoraenequipo.com.mx\/de-los-181-casos-de-covid-19-en-sonora-36-corresponden-a-brotes-intrafamiliares-salud\/#primaryimage\"},\"image\":{\"@id\":\"https:\/\/www.sonoraenequipo.com.mx\/de-los-181-casos-de-covid-19-en-sonora-36-corresponden-a-brotes-intrafamiliares-salud\/#primaryimage\"},\"thumbnailUrl\":\"https:\/\/www.sonoraenequipo.com.mx\/storage\/2020\/04\/Gerardo-\u00c1lvarez-H_opt.jpg\",\"datePublished\":\"2020-04-24T00:02:57+00:00\",\"description\":\"&nbsp; &gt;&gt; Hay 60 trabajadores del sector Salud en Sonora infectado con coronavirus HERMOSILLO, SONORA,MX.\u2500 De los 181 casos positivos de Coronavirus En Sonora en Equipo publicamos toda la informaci\u00f3n de Sonora, M\u00e9xico y el Mundo de manera oportuna y busca que la libertad de expresi\u00f3n sea real. Visita nuestro medio informativo publicado desde Hermosillo, Sonora. %\",\"breadcrumb\":{\"@id\":\"https:\/\/www.sonoraenequipo.com.mx\/de-los-181-casos-de-covid-19-en-sonora-36-corresponden-a-brotes-intrafamiliares-salud\/#breadcrumb\"},\"inLanguage\":\"es\",\"potentialAction\":[{\"@type\":\"ReadAction\",\"target\":[\"https:\/\/www.sonoraenequipo.com.mx\/de-los-181-casos-de-covid-19-en-sonora-36-corresponden-a-brotes-intrafamiliares-salud\/\"]}]},{\"@type\":\"ImageObject\",\"inLanguage\":\"es\",\"@id\":\"https:\/\/www.sonoraenequipo.com.mx\/de-los-181-casos-de-covid-19-en-sonora-36-corresponden-a-brotes-intrafamiliares-salud\/#primaryimage\",\"url\":\"https:\/\/www.sonoraenequipo.com.mx\/storage\/2020\/04\/Gerardo-\u00c1lvarez-H_opt.jpg\",\"contentUrl\":\"https:\/\/www.sonoraenequipo.com.mx\/storage\/2020\/04\/Gerardo-\u00c1lvarez-H_opt.jpg\",\"width\":783,\"height\":450},{\"@type\":\"BreadcrumbList\",\"@id\":\"https:\/\/www.sonoraenequipo.com.mx\/de-los-181-casos-de-covid-19-en-sonora-36-corresponden-a-brotes-intrafamiliares-salud\/#breadcrumb\",\"itemListElement\":[{\"@type\":\"ListItem\",\"position\":1,\"name\":\"Portada\",\"item\":\"https:\/\/www.sonoraenequipo.com.mx\/\"},{\"@type\":\"ListItem\",\"position\":2,\"name\":\"De los 181 casos de Covid-19 en Sonora, 36% corresponden a brotes intrafamiliares: Salud\"}]},{\"@type\":\"WebSite\",\"@id\":\"https:\/\/www.sonoraenequipo.com.mx\/#website\",\"url\":\"https:\/\/www.sonoraenequipo.com.mx\/\",\"name\":\"Sonora en Equipo.\",\"description\":\"Diario en l\u00ednea con Noticias desde Hermosillo, Sonora\",\"publisher\":{\"@id\":\"https:\/\/www.sonoraenequipo.com.mx\/#organization\"},\"potentialAction\":[{\"@type\":\"SearchAction\",\"target\":{\"@type\":\"EntryPoint\",\"urlTemplate\":\"https:\/\/www.sonoraenequipo.com.mx\/?s={search_term_string}\"},\"query-input\":{\"@type\":\"PropertyValueSpecification\",\"valueRequired\":true,\"valueName\":\"search_term_string\"}}],\"inLanguage\":\"es\"},{\"@type\":\"Organization\",\"@id\":\"https:\/\/www.sonoraenequipo.com.mx\/#organization\",\"name\":\"Sonoraenequipo.com.mx\",\"url\":\"https:\/\/www.sonoraenequipo.com.mx\/\",\"logo\":{\"@type\":\"ImageObject\",\"inLanguage\":\"es\",\"@id\":\"https:\/\/www.sonoraenequipo.com.mx\/#\/schema\/logo\/image\/\",\"url\":\"https:\/\/www.sonoraenequipo.com.mx\/storage\/2019\/01\/sonoraenequipo_opt.png\",\"contentUrl\":\"https:\/\/www.sonoraenequipo.com.mx\/storage\/2019\/01\/sonoraenequipo_opt.png\",\"width\":375,\"height\":125,\"caption\":\"Sonoraenequipo.com.mx\"},\"image\":{\"@id\":\"https:\/\/www.sonoraenequipo.com.mx\/#\/schema\/logo\/image\/\"},\"sameAs\":[\"https:\/\/www.facebook.com\/SonoraEE\/\",\"https:\/\/x.com\/sonoraenequipo\",\"https:\/\/www.youtube.com\/channel\/UC338nW-lPEYmJQs4ZABQ1SQ\"]},{\"@type\":\"Person\",\"@id\":\"https:\/\/www.sonoraenequipo.com.mx\/#\/schema\/person\/50102df0fb23a8fa9e8effad8fa81386\",\"name\":\"enequipo\",\"image\":{\"@type\":\"ImageObject\",\"inLanguage\":\"es\",\"@id\":\"https:\/\/www.sonoraenequipo.com.mx\/#\/schema\/person\/image\/\",\"url\":\"https:\/\/secure.gravatar.com\/avatar\/049821681b589dabc0bc20695993ccebb09f5b5d4d790cd9251b97faac7c652b?s=96&d=blank&r=g\",\"contentUrl\":\"https:\/\/secure.gravatar.com\/avatar\/049821681b589dabc0bc20695993ccebb09f5b5d4d790cd9251b97faac7c652b?s=96&d=blank&r=g\",\"caption\":\"enequipo\"},\"sameAs\":[\"https:\/\/www.facebook.com\/SonoraEE\"]}]}<\/script>\n ","yoast_head_json":{"title":"Sonora en Equipo. De los 181 casos de Covid-19 en Sonora, 36% corresponden a brotes intrafamiliares: Salud Sonora","description":"&nbsp; &gt;&gt; Hay 60 trabajadores del sector Salud en Sonora infectado con coronavirus HERMOSILLO, SONORA,MX.\u2500 De los 181 casos positivos de Coronavirus En Sonora en Equipo publicamos toda la informaci\u00f3n de Sonora, M\u00e9xico y el Mundo de manera oportuna y busca que la libertad de expresi\u00f3n sea real. Visita nuestro medio informativo publicado desde Hermosillo, Sonora. %","robots":{"index":"index","follow":"follow","max-snippet":"max-snippet:-1","max-image-preview":"max-image-preview:large","max-video-preview":"max-video-preview:-1"},"canonical":"https:\/\/www.sonoraenequipo.com.mx\/de-los-181-casos-de-covid-19-en-sonora-36-corresponden-a-brotes-intrafamiliares-salud\/","og_locale":"es_ES","og_type":"article","og_title":"Sonora en Equipo. De los 181 casos de Covid-19 en Sonora, 36% corresponden a brotes intrafamiliares: Salud Sonora","og_description":"&nbsp; &gt;&gt; Hay 60 trabajadores del sector Salud en Sonora infectado con coronavirus HERMOSILLO, SONORA,MX.\u2500 De los 181 casos positivos de Coronavirus En Sonora en Equipo publicamos toda la informaci\u00f3n de Sonora, M\u00e9xico y el Mundo de manera oportuna y busca que la libertad de expresi\u00f3n sea real. Visita nuestro medio informativo publicado desde Hermosillo, Sonora. %","og_url":"https:\/\/www.sonoraenequipo.com.mx\/de-los-181-casos-de-covid-19-en-sonora-36-corresponden-a-brotes-intrafamiliares-salud\/","og_site_name":"Sonora en Equipo.","article_publisher":"https:\/\/www.facebook.com\/SonoraEE\/","article_author":"https:\/\/www.facebook.com\/SonoraEE","article_published_time":"2020-04-24T00:02:57+00:00","og_image":[{"width":783,"height":450,"url":"https:\/\/www.sonoraenequipo.com.mx\/storage\/2020\/04\/Gerardo-\u00c1lvarez-H_opt.jpg","type":"image\/jpeg"}],"author":"enequipo","twitter_card":"summary_large_image","twitter_creator":"@sonoraenequipo","twitter_site":"@sonoraenequipo","twitter_misc":{"Escrito por":"enequipo","Tiempo de lectura":"1 minuto"},"schema":{"@context":"https:\/\/schema.org","@graph":[{"@type":"Article","@id":"https:\/\/www.sonoraenequipo.com.mx\/de-los-181-casos-de-covid-19-en-sonora-36-corresponden-a-brotes-intrafamiliares-salud\/#article","isPartOf":{"@id":"https:\/\/www.sonoraenequipo.com.mx\/de-los-181-casos-de-covid-19-en-sonora-36-corresponden-a-brotes-intrafamiliares-salud\/"},"author":{"name":"enequipo","@id":"https:\/\/www.sonoraenequipo.com.mx\/#\/schema\/person\/50102df0fb23a8fa9e8effad8fa81386"},"headline":"De los 181 casos de Covid-19 en Sonora, 36% corresponden a brotes intrafamiliares: Salud","datePublished":"2020-04-24T00:02:57+00:00","mainEntityOfPage":{"@id":"https:\/\/www.sonoraenequipo.com.mx\/de-los-181-casos-de-covid-19-en-sonora-36-corresponden-a-brotes-intrafamiliares-salud\/"},"wordCount":289,"commentCount":0,"publisher":{"@id":"https:\/\/www.sonoraenequipo.com.mx\/#organization"},"image":{"@id":"https:\/\/www.sonoraenequipo.com.mx\/de-los-181-casos-de-covid-19-en-sonora-36-corresponden-a-brotes-intrafamiliares-salud\/#primaryimage"},"thumbnailUrl":"https:\/\/www.sonoraenequipo.com.mx\/storage\/2020\/04\/Gerardo-\u00c1lvarez-H_opt.jpg","articleSection":["Sonora"],"inLanguage":"es","potentialAction":[{"@type":"CommentAction","name":"Comment","target":["https:\/\/www.sonoraenequipo.com.mx\/de-los-181-casos-de-covid-19-en-sonora-36-corresponden-a-brotes-intrafamiliares-salud\/#respond"]}]},{"@type":"WebPage","@id":"https:\/\/www.sonoraenequipo.com.mx\/de-los-181-casos-de-covid-19-en-sonora-36-corresponden-a-brotes-intrafamiliares-salud\/","url":"https:\/\/www.sonoraenequipo.com.mx\/de-los-181-casos-de-covid-19-en-sonora-36-corresponden-a-brotes-intrafamiliares-salud\/","name":"Sonora en Equipo. De los 181 casos de Covid-19 en Sonora, 36% corresponden a brotes intrafamiliares: Salud Sonora","isPartOf":{"@id":"https:\/\/www.sonoraenequipo.com.mx\/#website"},"primaryImageOfPage":{"@id":"https:\/\/www.sonoraenequipo.com.mx\/de-los-181-casos-de-covid-19-en-sonora-36-corresponden-a-brotes-intrafamiliares-salud\/#primaryimage"},"image":{"@id":"https:\/\/www.sonoraenequipo.com.mx\/de-los-181-casos-de-covid-19-en-sonora-36-corresponden-a-brotes-intrafamiliares-salud\/#primaryimage"},"thumbnailUrl":"https:\/\/www.sonoraenequipo.com.mx\/storage\/2020\/04\/Gerardo-\u00c1lvarez-H_opt.jpg","datePublished":"2020-04-24T00:02:57+00:00","description":"&nbsp; &gt;&gt; Hay 60 trabajadores del sector Salud en Sonora infectado con coronavirus HERMOSILLO, SONORA,MX.\u2500 De los 181 casos positivos de Coronavirus En Sonora en Equipo publicamos toda la informaci\u00f3n de Sonora, M\u00e9xico y el Mundo de manera oportuna y busca que la libertad de expresi\u00f3n sea real. Visita nuestro medio informativo publicado desde Hermosillo, Sonora. %","breadcrumb":{"@id":"https:\/\/www.sonoraenequipo.com.mx\/de-los-181-casos-de-covid-19-en-sonora-36-corresponden-a-brotes-intrafamiliares-salud\/#breadcrumb"},"inLanguage":"es","potentialAction":[{"@type":"ReadAction","target":["https:\/\/www.sonoraenequipo.com.mx\/de-los-181-casos-de-covid-19-en-sonora-36-corresponden-a-brotes-intrafamiliares-salud\/"]}]},{"@type":"ImageObject","inLanguage":"es","@id":"https:\/\/www.sonoraenequipo.com.mx\/de-los-181-casos-de-covid-19-en-sonora-36-corresponden-a-brotes-intrafamiliares-salud\/#primaryimage","url":"https:\/\/www.sonoraenequipo.com.mx\/storage\/2020\/04\/Gerardo-\u00c1lvarez-H_opt.jpg","contentUrl":"https:\/\/www.sonoraenequipo.com.mx\/storage\/2020\/04\/Gerardo-\u00c1lvarez-H_opt.jpg","width":783,"height":450},{"@type":"BreadcrumbList","@id":"https:\/\/www.sonoraenequipo.com.mx\/de-los-181-casos-de-covid-19-en-sonora-36-corresponden-a-brotes-intrafamiliares-salud\/#breadcrumb","itemListElement":[{"@type":"ListItem","position":1,"name":"Portada","item":"https:\/\/www.sonoraenequipo.com.mx\/"},{"@type":"ListItem","position":2,"name":"De los 181 casos de Covid-19 en Sonora, 36% corresponden a brotes intrafamiliares: Salud"}]},{"@type":"WebSite","@id":"https:\/\/www.sonoraenequipo.com.mx\/#website","url":"https:\/\/www.sonoraenequipo.com.mx\/","name":"Sonora en Equipo.","description":"Diario en l\u00ednea con Noticias desde Hermosillo, Sonora","publisher":{"@id":"https:\/\/www.sonoraenequipo.com.mx\/#organization"},"potentialAction":[{"@type":"SearchAction","target":{"@type":"EntryPoint","urlTemplate":"https:\/\/www.sonoraenequipo.com.mx\/?s={search_term_string}"},"query-input":{"@type":"PropertyValueSpecification","valueRequired":true,"valueName":"search_term_string"}}],"inLanguage":"es"},{"@type":"Organization","@id":"https:\/\/www.sonoraenequipo.com.mx\/#organization","name":"Sonoraenequipo.com.mx","url":"https:\/\/www.sonoraenequipo.com.mx\/","logo":{"@type":"ImageObject","inLanguage":"es","@id":"https:\/\/www.sonoraenequipo.com.mx\/#\/schema\/logo\/image\/","url":"https:\/\/www.sonoraenequipo.com.mx\/storage\/2019\/01\/sonoraenequipo_opt.png","contentUrl":"https:\/\/www.sonoraenequipo.com.mx\/storage\/2019\/01\/sonoraenequipo_opt.png","width":375,"height":125,"caption":"Sonoraenequipo.com.mx"},"image":{"@id":"https:\/\/www.sonoraenequipo.com.mx\/#\/schema\/logo\/image\/"},"sameAs":["https:\/\/www.facebook.com\/SonoraEE\/","https:\/\/x.com\/sonoraenequipo","https:\/\/www.youtube.com\/channel\/UC338nW-lPEYmJQs4ZABQ1SQ"]},{"@type":"Person","@id":"https:\/\/www.sonoraenequipo.com.mx\/#\/schema\/person\/50102df0fb23a8fa9e8effad8fa81386","name":"enequipo","image":{"@type":"ImageObject","inLanguage":"es","@id":"https:\/\/www.sonoraenequipo.com.mx\/#\/schema\/person\/image\/","url":"https:\/\/secure.gravatar.com\/avatar\/049821681b589dabc0bc20695993ccebb09f5b5d4d790cd9251b97faac7c652b?s=96&d=blank&r=g","contentUrl":"https:\/\/secure.gravatar.com\/avatar\/049821681b589dabc0bc20695993ccebb09f5b5d4d790cd9251b97faac7c652b?s=96&d=blank&r=g","caption":"enequipo"},"sameAs":["https:\/\/www.facebook.com\/SonoraEE"]}]}},"jetpack_featured_media_url":"https:\/\/www.sonoraenequipo.com.mx\/storage\/2020\/04\/Gerardo-\u00c1lvarez-H_opt.jpg","_links":{"self":[{"href":"https:\/\/www.sonoraenequipo.com.mx\/api\/wp\/v2\/posts\/83784","targetHints":{"allow":["GET"]}}],"collection":[{"href":"https:\/\/www.sonoraenequipo.com.mx\/api\/wp\/v2\/posts"}],"about":[{"href":"https:\/\/www.sonoraenequipo.com.mx\/api\/wp\/v2\/types\/post"}],"author":[{"embeddable":true,"href":"https:\/\/www.sonoraenequipo.com.mx\/api\/wp\/v2\/users\/1"}],"replies":[{"embeddable":true,"href":"https:\/\/www.sonoraenequipo.com.mx\/api\/wp\/v2\/comments?post=83784"}],"version-history":[{"count":0,"href":"https:\/\/www.sonoraenequipo.com.mx\/api\/wp\/v2\/posts\/83784\/revisions"}],"wp:featuredmedia":[{"embeddable":true,"href":"https:\/\/www.sonoraenequipo.com.mx\/api\/wp\/v2\/media\/83685"}],"wp:attachment":[{"href":"https:\/\/www.sonoraenequipo.com.mx\/api\/wp\/v2\/media?parent=83784"}],"wp:term":[{"taxonomy":"category","embeddable":true,"href":"https:\/\/www.sonoraenequipo.com.mx\/api\/wp\/v2\/categories?post=83784"},{"taxonomy":"post_tag","embeddable":true,"href":"https:\/\/www.sonoraenequipo.com.mx\/api\/wp\/v2\/tags?post=83784"}],"curies":[{"name":"wp","href":"https:\/\/api.w.org\/{rel}","templated":true}]}}