{"id":83786,"date":"2020-04-23T17:12:59","date_gmt":"2020-04-24T00:12:59","guid":{"rendered":"https:\/\/www.sonoraenequipo.com.mx\/?p=83786"},"modified":"2020-04-23T17:12:59","modified_gmt":"2020-04-24T00:12:59","slug":"concanaco-servytur-respalda-medidas-tomadas-por-banxico","status":"publish","type":"post","link":"https:\/\/www.sonoraenequipo.com.mx\/concanaco-servytur-respalda-medidas-tomadas-por-banxico\/","title":{"rendered":"Concanaco Servytur\u00a0 respalda medidas tomadas por Banxico"},"content":{"rendered":"<p>CIUDAD DE M\u00c9XICO.\u2500Las medidas anunciadas por el Banco de M\u00e9xico (Banxico) ayudar\u00e1n a que el mercado interno tenga mayor liquidez y menores tasas a trav\u00e9s del sistema financiero del pa\u00eds, dentro de la actual situaci\u00f3n de crisis que se vive en los sectores productivos por la contingencia sanitaria del Covid-19.<\/p>\n<p>&nbsp;<\/p>\n<p>El presidente de la Confederaci\u00f3n de C\u00e1maras Nacionales de Comercio, Servicios y Turismo (Concanaco Servytur), Jos\u00e9 Manuel L\u00f3pez Campos, indic\u00f3 que las medidas de apoyo por 750 mil millones de pesos que dio a conocer Banxico permitir\u00e1n que los bancos tengan la capacidad de otorgar financiamientos con menores intereses, a las que podr\u00edan acceder las micro, peque\u00f1as y medianas empresas, as\u00ed como a particulares que est\u00e1n afectados en sus ingresos por el paro de la actividad econ\u00f3mica global.<\/p>\n<p>&nbsp;<\/p>\n<p>Se\u00f1al\u00f3 que el sector empresarial reconoce la importancia que tiene la implementaci\u00f3n de esas acciones, pues m\u00e1s del 80 por ciento de las Pymes atraviesan una situaci\u00f3n econ\u00f3mica dif\u00edcil por haber tenido que reducir sus actividades o cerrar temporalmente sus negocios, y sostener a su planta laboral para no crear un impacto negativo mayor en la econom\u00eda nacional.<\/p>\n<p>&nbsp;<\/p>\n<p>El dirigente empresarial sostuvo que en esta situaci\u00f3n de inactividad a consecuencia del Covid 19, las Pymes, que representan el 98 por ciento de las unidades econ\u00f3micas en M\u00e9xico, son el sector m\u00e1s afectado del pa\u00eds.<\/p>\n<p>&nbsp;<\/p>\n<p>Apunt\u00f3 que las micro, peque\u00f1as y medianas empresas que representan el 68.4 por ciento del empleo, en su mayor\u00eda no tienen acceso a financiamiento, y est\u00e1n en riesgo de cierre definitivos despu\u00e9s de la contingencia sanitaria debido a los compromisos que tienen que cubrir, como pago de n\u00f3mina, rentas, impuestos y proveedores, entre otros.<\/p>\n<p>&nbsp;<\/p>\n<p>Por ello, consider\u00f3 que se requiere de un plan emergente nacional para contrarrestar los efectos negativos en la econom\u00eda, en el cual el gobierno federal se sume con apoyos que ayuden a las empresas en el tema fiscal, pues muchas tendr\u00e1n complicaciones mayores para pagar impuestos y prestaciones de su planta laboral.<\/p>\n<p>&nbsp;<\/p>\n<p>El gobierno federal, refiri\u00f3, ya otorg\u00f3 de plazo hasta el 30 junio para la declaraci\u00f3n anual para las personas f\u00edsica, y esa medida deber\u00eda dirigirse de igual forma a las empresas, que requieren facilidades en materia tributaria para no seguir incrementando la crisis econ\u00f3mica, considerando que al no tener ingresos por productividad no podr\u00e1n cumplir con alguna de sus obligaciones tributarias.<\/p>\n<p>&nbsp;<\/p>\n<p>\u201cCon la disposici\u00f3n de Banxico se abre una posibilidad de amortiguar la crisis en las empresas, mediante cr\u00e9ditos a trav\u00e9s de la banca comercial, pero tambi\u00e9n es claro que muchas tendr\u00e1n cautela de buscar un financiamiento considerando que hay incertidumbre en cuanto tiempo pasar\u00e1 para reactivarse la productividad en el pa\u00eds\u201d, asent\u00f3.<\/p>\n<p>Fecha de publicaci\u00f3n 23\/abr\/2020<\/p>\n<p>&nbsp;<\/p>\n","protected":false},"excerpt":{"rendered":"<p>CIUDAD DE M\u00c9XICO.\u2500Las medidas anunciadas por el Banco de M\u00e9xico (Banxico) ayudar\u00e1n a que el&#8230;<\/p>\n","protected":false},"author":1,"featured_media":83788,"comment_status":"open","ping_status":"open","sticky":false,"template":"","format":"standard","meta":{"_monsterinsights_skip_tracking":false,"_monsterinsights_sitenote_active":false,"_monsterinsights_sitenote_note":"","_monsterinsights_sitenote_category":0,"footnotes":""},"categories":[5],"tags":[],"class_list":["post"],"yoast_head":" \n<title>Sonora en Equipo. Concanaco Servytur\u00a0 respalda medidas tomadas por Banxico Rep\u00fablica<\/title>\n<meta name=\"description\" content=\"CIUDAD DE M\u00c9XICO.\u2500Las medidas anunciadas por el Banco de M\u00e9xico (Banxico) ayudar\u00e1n a que el mercado interno tenga mayor liquidez y menores tasas a trav\u00e9s En Sonora en Equipo publicamos toda la informaci\u00f3n de Sonora, M\u00e9xico y el Mundo de manera oportuna y busca que la libertad de expresi\u00f3n sea real. Visita nuestro medio informativo publicado desde Hermosillo, Sonora. %\" \/>\n<meta name=\"robots\" content=\"index, follow, max-snippet:-1, max-image-preview:large, max-video-preview:-1\" \/>\n<link rel=\"canonical\" href=\"https:\/\/www.sonoraenequipo.com.mx\/concanaco-servytur-respalda-medidas-tomadas-por-banxico\/\" \/>\n<meta property=\"og:locale\" content=\"es_ES\" \/>\n<meta property=\"og:type\" content=\"article\" \/>\n<meta property=\"og:title\" content=\"Sonora en Equipo. Concanaco Servytur\u00a0 respalda medidas tomadas por Banxico Rep\u00fablica\" \/>\n<meta property=\"og:description\" content=\"CIUDAD DE M\u00c9XICO.\u2500Las medidas anunciadas por el Banco de M\u00e9xico (Banxico) ayudar\u00e1n a que el mercado interno tenga mayor liquidez y menores tasas a trav\u00e9s En Sonora en Equipo publicamos toda la informaci\u00f3n de Sonora, M\u00e9xico y el Mundo de manera oportuna y busca que la libertad de expresi\u00f3n sea real. Visita nuestro medio informativo publicado desde Hermosillo, Sonora. %\" \/>\n<meta property=\"og:url\" content=\"https:\/\/www.sonoraenequipo.com.mx\/concanaco-servytur-respalda-medidas-tomadas-por-banxico\/\" \/>\n<meta property=\"og:site_name\" content=\"Sonora en Equipo.\" \/>\n<meta property=\"article:publisher\" content=\"https:\/\/www.facebook.com\/SonoraEE\/\" \/>\n<meta property=\"article:author\" content=\"https:\/\/www.facebook.com\/SonoraEE\" \/>\n<meta property=\"article:published_time\" content=\"2020-04-24T00:12:59+00:00\" \/>\n<meta property=\"og:image\" content=\"https:\/\/www.sonoraenequipo.com.mx\/storage\/2020\/04\/CANACO-PTE.jpg\" \/>\n\t<meta property=\"og:image:width\" content=\"600\" \/>\n\t<meta property=\"og:image:height\" content=\"400\" \/>\n\t<meta property=\"og:image:type\" content=\"image\/jpeg\" \/>\n<meta name=\"author\" content=\"enequipo\" \/>\n<meta name=\"twitter:card\" content=\"summary_large_image\" \/>\n<meta name=\"twitter:creator\" content=\"@sonoraenequipo\" \/>\n<meta name=\"twitter:site\" content=\"@sonoraenequipo\" \/>\n<meta name=\"twitter:label1\" content=\"Escrito por\" \/>\n\t<meta name=\"twitter:data1\" content=\"enequipo\" \/>\n\t<meta name=\"twitter:label2\" content=\"Tiempo de lectura\" \/>\n\t<meta name=\"twitter:data2\" content=\"2 minutos\" \/>\n<script type=\"application\/ld+json\" class=\"yoast-schema-graph\">{\"@context\":\"https:\/\/schema.org\",\"@graph\":[{\"@type\":\"Article\",\"@id\":\"https:\/\/www.sonoraenequipo.com.mx\/concanaco-servytur-respalda-medidas-tomadas-por-banxico\/#article\",\"isPartOf\":{\"@id\":\"https:\/\/www.sonoraenequipo.com.mx\/concanaco-servytur-respalda-medidas-tomadas-por-banxico\/\"},\"author\":{\"name\":\"enequipo\",\"@id\":\"https:\/\/www.sonoraenequipo.com.mx\/#\/schema\/person\/50102df0fb23a8fa9e8effad8fa81386\"},\"headline\":\"Concanaco Servytur\u00a0 respalda medidas tomadas por Banxico\",\"datePublished\":\"2020-04-24T00:12:59+00:00\",\"mainEntityOfPage\":{\"@id\":\"https:\/\/www.sonoraenequipo.com.mx\/concanaco-servytur-respalda-medidas-tomadas-por-banxico\/\"},\"wordCount\":500,\"commentCount\":0,\"publisher\":{\"@id\":\"https:\/\/www.sonoraenequipo.com.mx\/#organization\"},\"image\":{\"@id\":\"https:\/\/www.sonoraenequipo.com.mx\/concanaco-servytur-respalda-medidas-tomadas-por-banxico\/#primaryimage\"},\"thumbnailUrl\":\"https:\/\/www.sonoraenequipo.com.mx\/storage\/2020\/04\/CANACO-PTE.jpg\",\"articleSection\":[\"Rep\u00fablica\"],\"inLanguage\":\"es\",\"potentialAction\":[{\"@type\":\"CommentAction\",\"name\":\"Comment\",\"target\":[\"https:\/\/www.sonoraenequipo.com.mx\/concanaco-servytur-respalda-medidas-tomadas-por-banxico\/#respond\"]}]},{\"@type\":\"WebPage\",\"@id\":\"https:\/\/www.sonoraenequipo.com.mx\/concanaco-servytur-respalda-medidas-tomadas-por-banxico\/\",\"url\":\"https:\/\/www.sonoraenequipo.com.mx\/concanaco-servytur-respalda-medidas-tomadas-por-banxico\/\",\"name\":\"Sonora en Equipo. Concanaco Servytur\u00a0 respalda medidas tomadas por Banxico Rep\u00fablica\",\"isPartOf\":{\"@id\":\"https:\/\/www.sonoraenequipo.com.mx\/#website\"},\"primaryImageOfPage\":{\"@id\":\"https:\/\/www.sonoraenequipo.com.mx\/concanaco-servytur-respalda-medidas-tomadas-por-banxico\/#primaryimage\"},\"image\":{\"@id\":\"https:\/\/www.sonoraenequipo.com.mx\/concanaco-servytur-respalda-medidas-tomadas-por-banxico\/#primaryimage\"},\"thumbnailUrl\":\"https:\/\/www.sonoraenequipo.com.mx\/storage\/2020\/04\/CANACO-PTE.jpg\",\"datePublished\":\"2020-04-24T00:12:59+00:00\",\"description\":\"CIUDAD DE M\u00c9XICO.\u2500Las medidas anunciadas por el Banco de M\u00e9xico (Banxico) ayudar\u00e1n a que el mercado interno tenga mayor liquidez y menores tasas a trav\u00e9s En Sonora en Equipo publicamos toda la informaci\u00f3n de Sonora, M\u00e9xico y el Mundo de manera oportuna y busca que la libertad de expresi\u00f3n sea real. Visita nuestro medio informativo publicado desde Hermosillo, Sonora. %\",\"breadcrumb\":{\"@id\":\"https:\/\/www.sonoraenequipo.com.mx\/concanaco-servytur-respalda-medidas-tomadas-por-banxico\/#breadcrumb\"},\"inLanguage\":\"es\",\"potentialAction\":[{\"@type\":\"ReadAction\",\"target\":[\"https:\/\/www.sonoraenequipo.com.mx\/concanaco-servytur-respalda-medidas-tomadas-por-banxico\/\"]}]},{\"@type\":\"ImageObject\",\"inLanguage\":\"es\",\"@id\":\"https:\/\/www.sonoraenequipo.com.mx\/concanaco-servytur-respalda-medidas-tomadas-por-banxico\/#primaryimage\",\"url\":\"https:\/\/www.sonoraenequipo.com.mx\/storage\/2020\/04\/CANACO-PTE.jpg\",\"contentUrl\":\"https:\/\/www.sonoraenequipo.com.mx\/storage\/2020\/04\/CANACO-PTE.jpg\",\"width\":600,\"height\":400},{\"@type\":\"BreadcrumbList\",\"@id\":\"https:\/\/www.sonoraenequipo.com.mx\/concanaco-servytur-respalda-medidas-tomadas-por-banxico\/#breadcrumb\",\"itemListElement\":[{\"@type\":\"ListItem\",\"position\":1,\"name\":\"Portada\",\"item\":\"https:\/\/www.sonoraenequipo.com.mx\/\"},{\"@type\":\"ListItem\",\"position\":2,\"name\":\"Concanaco Servytur\u00a0 respalda medidas tomadas por Banxico\"}]},{\"@type\":\"WebSite\",\"@id\":\"https:\/\/www.sonoraenequipo.com.mx\/#website\",\"url\":\"https:\/\/www.sonoraenequipo.com.mx\/\",\"name\":\"Sonora en Equipo.\",\"description\":\"Diario en l\u00ednea con Noticias desde Hermosillo, Sonora\",\"publisher\":{\"@id\":\"https:\/\/www.sonoraenequipo.com.mx\/#organization\"},\"potentialAction\":[{\"@type\":\"SearchAction\",\"target\":{\"@type\":\"EntryPoint\",\"urlTemplate\":\"https:\/\/www.sonoraenequipo.com.mx\/?s={search_term_string}\"},\"query-input\":{\"@type\":\"PropertyValueSpecification\",\"valueRequired\":true,\"valueName\":\"search_term_string\"}}],\"inLanguage\":\"es\"},{\"@type\":\"Organization\",\"@id\":\"https:\/\/www.sonoraenequipo.com.mx\/#organization\",\"name\":\"Sonoraenequipo.com.mx\",\"url\":\"https:\/\/www.sonoraenequipo.com.mx\/\",\"logo\":{\"@type\":\"ImageObject\",\"inLanguage\":\"es\",\"@id\":\"https:\/\/www.sonoraenequipo.com.mx\/#\/schema\/logo\/image\/\",\"url\":\"https:\/\/www.sonoraenequipo.com.mx\/storage\/2019\/01\/sonoraenequipo_opt.png\",\"contentUrl\":\"https:\/\/www.sonoraenequipo.com.mx\/storage\/2019\/01\/sonoraenequipo_opt.png\",\"width\":375,\"height\":125,\"caption\":\"Sonoraenequipo.com.mx\"},\"image\":{\"@id\":\"https:\/\/www.sonoraenequipo.com.mx\/#\/schema\/logo\/image\/\"},\"sameAs\":[\"https:\/\/www.facebook.com\/SonoraEE\/\",\"https:\/\/x.com\/sonoraenequipo\",\"https:\/\/www.youtube.com\/channel\/UC338nW-lPEYmJQs4ZABQ1SQ\"]},{\"@type\":\"Person\",\"@id\":\"https:\/\/www.sonoraenequipo.com.mx\/#\/schema\/person\/50102df0fb23a8fa9e8effad8fa81386\",\"name\":\"enequipo\",\"image\":{\"@type\":\"ImageObject\",\"inLanguage\":\"es\",\"@id\":\"https:\/\/www.sonoraenequipo.com.mx\/#\/schema\/person\/image\/\",\"url\":\"https:\/\/secure.gravatar.com\/avatar\/049821681b589dabc0bc20695993ccebb09f5b5d4d790cd9251b97faac7c652b?s=96&d=blank&r=g\",\"contentUrl\":\"https:\/\/secure.gravatar.com\/avatar\/049821681b589dabc0bc20695993ccebb09f5b5d4d790cd9251b97faac7c652b?s=96&d=blank&r=g\",\"caption\":\"enequipo\"},\"sameAs\":[\"https:\/\/www.facebook.com\/SonoraEE\"]}]}<\/script>\n ","yoast_head_json":{"title":"Sonora en Equipo. Concanaco Servytur\u00a0 respalda medidas tomadas por Banxico Rep\u00fablica","description":"CIUDAD DE M\u00c9XICO.\u2500Las medidas anunciadas por el Banco de M\u00e9xico (Banxico) ayudar\u00e1n a que el mercado interno tenga mayor liquidez y menores tasas a trav\u00e9s En Sonora en Equipo publicamos toda la informaci\u00f3n de Sonora, M\u00e9xico y el Mundo de manera oportuna y busca que la libertad de expresi\u00f3n sea real. Visita nuestro medio informativo publicado desde Hermosillo, Sonora. %","robots":{"index":"index","follow":"follow","max-snippet":"max-snippet:-1","max-image-preview":"max-image-preview:large","max-video-preview":"max-video-preview:-1"},"canonical":"https:\/\/www.sonoraenequipo.com.mx\/concanaco-servytur-respalda-medidas-tomadas-por-banxico\/","og_locale":"es_ES","og_type":"article","og_title":"Sonora en Equipo. Concanaco Servytur\u00a0 respalda medidas tomadas por Banxico Rep\u00fablica","og_description":"CIUDAD DE M\u00c9XICO.\u2500Las medidas anunciadas por el Banco de M\u00e9xico (Banxico) ayudar\u00e1n a que el mercado interno tenga mayor liquidez y menores tasas a trav\u00e9s En Sonora en Equipo publicamos toda la informaci\u00f3n de Sonora, M\u00e9xico y el Mundo de manera oportuna y busca que la libertad de expresi\u00f3n sea real. Visita nuestro medio informativo publicado desde Hermosillo, Sonora. %","og_url":"https:\/\/www.sonoraenequipo.com.mx\/concanaco-servytur-respalda-medidas-tomadas-por-banxico\/","og_site_name":"Sonora en Equipo.","article_publisher":"https:\/\/www.facebook.com\/SonoraEE\/","article_author":"https:\/\/www.facebook.com\/SonoraEE","article_published_time":"2020-04-24T00:12:59+00:00","og_image":[{"width":600,"height":400,"url":"https:\/\/www.sonoraenequipo.com.mx\/storage\/2020\/04\/CANACO-PTE.jpg","type":"image\/jpeg"}],"author":"enequipo","twitter_card":"summary_large_image","twitter_creator":"@sonoraenequipo","twitter_site":"@sonoraenequipo","twitter_misc":{"Escrito por":"enequipo","Tiempo de lectura":"2 minutos"},"schema":{"@context":"https:\/\/schema.org","@graph":[{"@type":"Article","@id":"https:\/\/www.sonoraenequipo.com.mx\/concanaco-servytur-respalda-medidas-tomadas-por-banxico\/#article","isPartOf":{"@id":"https:\/\/www.sonoraenequipo.com.mx\/concanaco-servytur-respalda-medidas-tomadas-por-banxico\/"},"author":{"name":"enequipo","@id":"https:\/\/www.sonoraenequipo.com.mx\/#\/schema\/person\/50102df0fb23a8fa9e8effad8fa81386"},"headline":"Concanaco Servytur\u00a0 respalda medidas tomadas por Banxico","datePublished":"2020-04-24T00:12:59+00:00","mainEntityOfPage":{"@id":"https:\/\/www.sonoraenequipo.com.mx\/concanaco-servytur-respalda-medidas-tomadas-por-banxico\/"},"wordCount":500,"commentCount":0,"publisher":{"@id":"https:\/\/www.sonoraenequipo.com.mx\/#organization"},"image":{"@id":"https:\/\/www.sonoraenequipo.com.mx\/concanaco-servytur-respalda-medidas-tomadas-por-banxico\/#primaryimage"},"thumbnailUrl":"https:\/\/www.sonoraenequipo.com.mx\/storage\/2020\/04\/CANACO-PTE.jpg","articleSection":["Rep\u00fablica"],"inLanguage":"es","potentialAction":[{"@type":"CommentAction","name":"Comment","target":["https:\/\/www.sonoraenequipo.com.mx\/concanaco-servytur-respalda-medidas-tomadas-por-banxico\/#respond"]}]},{"@type":"WebPage","@id":"https:\/\/www.sonoraenequipo.com.mx\/concanaco-servytur-respalda-medidas-tomadas-por-banxico\/","url":"https:\/\/www.sonoraenequipo.com.mx\/concanaco-servytur-respalda-medidas-tomadas-por-banxico\/","name":"Sonora en Equipo. Concanaco Servytur\u00a0 respalda medidas tomadas por Banxico Rep\u00fablica","isPartOf":{"@id":"https:\/\/www.sonoraenequipo.com.mx\/#website"},"primaryImageOfPage":{"@id":"https:\/\/www.sonoraenequipo.com.mx\/concanaco-servytur-respalda-medidas-tomadas-por-banxico\/#primaryimage"},"image":{"@id":"https:\/\/www.sonoraenequipo.com.mx\/concanaco-servytur-respalda-medidas-tomadas-por-banxico\/#primaryimage"},"thumbnailUrl":"https:\/\/www.sonoraenequipo.com.mx\/storage\/2020\/04\/CANACO-PTE.jpg","datePublished":"2020-04-24T00:12:59+00:00","description":"CIUDAD DE M\u00c9XICO.\u2500Las medidas anunciadas por el Banco de M\u00e9xico (Banxico) ayudar\u00e1n a que el mercado interno tenga mayor liquidez y menores tasas a trav\u00e9s En Sonora en Equipo publicamos toda la informaci\u00f3n de Sonora, M\u00e9xico y el Mundo de manera oportuna y busca que la libertad de expresi\u00f3n sea real. Visita nuestro medio informativo publicado desde Hermosillo, Sonora. %","breadcrumb":{"@id":"https:\/\/www.sonoraenequipo.com.mx\/concanaco-servytur-respalda-medidas-tomadas-por-banxico\/#breadcrumb"},"inLanguage":"es","potentialAction":[{"@type":"ReadAction","target":["https:\/\/www.sonoraenequipo.com.mx\/concanaco-servytur-respalda-medidas-tomadas-por-banxico\/"]}]},{"@type":"ImageObject","inLanguage":"es","@id":"https:\/\/www.sonoraenequipo.com.mx\/concanaco-servytur-respalda-medidas-tomadas-por-banxico\/#primaryimage","url":"https:\/\/www.sonoraenequipo.com.mx\/storage\/2020\/04\/CANACO-PTE.jpg","contentUrl":"https:\/\/www.sonoraenequipo.com.mx\/storage\/2020\/04\/CANACO-PTE.jpg","width":600,"height":400},{"@type":"BreadcrumbList","@id":"https:\/\/www.sonoraenequipo.com.mx\/concanaco-servytur-respalda-medidas-tomadas-por-banxico\/#breadcrumb","itemListElement":[{"@type":"ListItem","position":1,"name":"Portada","item":"https:\/\/www.sonoraenequipo.com.mx\/"},{"@type":"ListItem","position":2,"name":"Concanaco Servytur\u00a0 respalda medidas tomadas por Banxico"}]},{"@type":"WebSite","@id":"https:\/\/www.sonoraenequipo.com.mx\/#website","url":"https:\/\/www.sonoraenequipo.com.mx\/","name":"Sonora en Equipo.","description":"Diario en l\u00ednea con Noticias desde Hermosillo, Sonora","publisher":{"@id":"https:\/\/www.sonoraenequipo.com.mx\/#organization"},"potentialAction":[{"@type":"SearchAction","target":{"@type":"EntryPoint","urlTemplate":"https:\/\/www.sonoraenequipo.com.mx\/?s={search_term_string}"},"query-input":{"@type":"PropertyValueSpecification","valueRequired":true,"valueName":"search_term_string"}}],"inLanguage":"es"},{"@type":"Organization","@id":"https:\/\/www.sonoraenequipo.com.mx\/#organization","name":"Sonoraenequipo.com.mx","url":"https:\/\/www.sonoraenequipo.com.mx\/","logo":{"@type":"ImageObject","inLanguage":"es","@id":"https:\/\/www.sonoraenequipo.com.mx\/#\/schema\/logo\/image\/","url":"https:\/\/www.sonoraenequipo.com.mx\/storage\/2019\/01\/sonoraenequipo_opt.png","contentUrl":"https:\/\/www.sonoraenequipo.com.mx\/storage\/2019\/01\/sonoraenequipo_opt.png","width":375,"height":125,"caption":"Sonoraenequipo.com.mx"},"image":{"@id":"https:\/\/www.sonoraenequipo.com.mx\/#\/schema\/logo\/image\/"},"sameAs":["https:\/\/www.facebook.com\/SonoraEE\/","https:\/\/x.com\/sonoraenequipo","https:\/\/www.youtube.com\/channel\/UC338nW-lPEYmJQs4ZABQ1SQ"]},{"@type":"Person","@id":"https:\/\/www.sonoraenequipo.com.mx\/#\/schema\/person\/50102df0fb23a8fa9e8effad8fa81386","name":"enequipo","image":{"@type":"ImageObject","inLanguage":"es","@id":"https:\/\/www.sonoraenequipo.com.mx\/#\/schema\/person\/image\/","url":"https:\/\/secure.gravatar.com\/avatar\/049821681b589dabc0bc20695993ccebb09f5b5d4d790cd9251b97faac7c652b?s=96&d=blank&r=g","contentUrl":"https:\/\/secure.gravatar.com\/avatar\/049821681b589dabc0bc20695993ccebb09f5b5d4d790cd9251b97faac7c652b?s=96&d=blank&r=g","caption":"enequipo"},"sameAs":["https:\/\/www.facebook.com\/SonoraEE"]}]}},"jetpack_featured_media_url":"https:\/\/www.sonoraenequipo.com.mx\/storage\/2020\/04\/CANACO-PTE.jpg","_links":{"self":[{"href":"https:\/\/www.sonoraenequipo.com.mx\/api\/wp\/v2\/posts\/83786","targetHints":{"allow":["GET"]}}],"collection":[{"href":"https:\/\/www.sonoraenequipo.com.mx\/api\/wp\/v2\/posts"}],"about":[{"href":"https:\/\/www.sonoraenequipo.com.mx\/api\/wp\/v2\/types\/post"}],"author":[{"embeddable":true,"href":"https:\/\/www.sonoraenequipo.com.mx\/api\/wp\/v2\/users\/1"}],"replies":[{"embeddable":true,"href":"https:\/\/www.sonoraenequipo.com.mx\/api\/wp\/v2\/comments?post=83786"}],"version-history":[{"count":0,"href":"https:\/\/www.sonoraenequipo.com.mx\/api\/wp\/v2\/posts\/83786\/revisions"}],"wp:featuredmedia":[{"embeddable":true,"href":"https:\/\/www.sonoraenequipo.com.mx\/api\/wp\/v2\/media\/83788"}],"wp:attachment":[{"href":"https:\/\/www.sonoraenequipo.com.mx\/api\/wp\/v2\/media?parent=83786"}],"wp:term":[{"taxonomy":"category","embeddable":true,"href":"https:\/\/www.sonoraenequipo.com.mx\/api\/wp\/v2\/categories?post=83786"},{"taxonomy":"post_tag","embeddable":true,"href":"https:\/\/www.sonoraenequipo.com.mx\/api\/wp\/v2\/tags?post=83786"}],"curies":[{"name":"wp","href":"https:\/\/api.w.org\/{rel}","templated":true}]}}