{"id":83805,"date":"2020-04-23T19:51:18","date_gmt":"2020-04-24T02:51:18","guid":{"rendered":"https:\/\/www.sonoraenequipo.com.mx\/?p=83805"},"modified":"2020-04-23T19:51:18","modified_gmt":"2020-04-24T02:51:18","slug":"gobernadora-pavlovich-sigue-curva-de-contagios-por-covid-19-no-es-momento-de-bajar-la-guardia","status":"publish","type":"post","link":"https:\/\/www.sonoraenequipo.com.mx\/gobernadora-pavlovich-sigue-curva-de-contagios-por-covid-19-no-es-momento-de-bajar-la-guardia\/","title":{"rendered":"Gobernadora Pavlovich: Sigue curva de contagios por Covid 19, no es momento de bajar la guardia."},"content":{"rendered":"<p>HERMOSILLO, SONORA,MX.\u2500 En Sonora es urgente fortalecer la estrategia Qu\u00e9date en Casa, no se puede bajar la guardia, ya que se acercan los d\u00edas en los que se espera se incrementen los n\u00fameros de pacientes con Covid-19, destac\u00f3 la gobernadora Claudia Pavlovich Arellano. <\/p>\n<p>&nbsp;<\/p>\n<p>Al encabezar la reuni\u00f3n de evaluaci\u00f3n del Plan General\u00a0 de Contingencia Covid-19, la mandataria estatal llam\u00f3 a los integrantes de su gabinete a reforzar las acciones que se han tomado para disminuir la movilidad de sonorenses en las calles, a fin de lograr que la propagaci\u00f3n del virus sea menor.<\/p>\n<p>&nbsp;<\/p>\n<p>Enrique Clausen Iberri, secretario de Salud, inform\u00f3 que al ser San Luis R\u00edo Colorado el municipio con mayor n\u00famero de contagios y decesos a causa del Covid-19, desde el lunes se envi\u00f3 personal m\u00e9dico a esa comunidad para atender la contingencia sanitaria, adem\u00e1s de que se espera en los pr\u00f3ximos d\u00edas se incorporen trabajadores del sector salud, tras haberse recuperado de la enfermedad.<\/p>\n<p>&nbsp;<\/p>\n<p>\u201cNos llevamos 82 personas, 12 de Mexicali y de San Luis, y 70 de Hermosillo, est\u00e1 muy estable, nosotros le solicitamos a la Guardia Nacional que nos apoyaran en tener abierta una sola puerta, ha estado pesado porque las enfermeras est\u00e1n limpiando, en las siguientes 24 horas ya queda estable el hospital\u201d, se\u00f1al\u00f3.<\/p>\n<p>&nbsp;<\/p>\n<p>Miguel Pompa, secretario de Gobierno, expuso que desde el 17 de marzo los ayuntamientos, en pleno uso de sus atribuciones, han tomado medidas para blindar a sus municipios y resguardar a sus ciudadanos, a trav\u00e9s de filtros de revisi\u00f3n en entradas y salidas de sus localidades, sanitizando espacios p\u00fablicos y ayudando a personas en situaci\u00f3n vulnerable.<\/p>\n<p>&nbsp;<\/p>\n<p>El secretario de Seguridad P\u00fablica, David Anaya Cooley, explic\u00f3 que aunque la movilidad se ha reducido de forma considerable, a\u00fan no llega a la meta de 85% y se ha percibido que en algunos municipios se han flexibilizado las medidas para disminuir la movilidad, por lo que asegur\u00f3 se reforzar\u00e1n este tipo de acciones para invitar a la ciudadan\u00eda a permanecer en casa.<\/p>\n<p>&nbsp;<\/p>\n<p>Presentes: Natalia Rivera Grijalva, jefa de la oficina del Ejecutivo Estatal; Jorge Vidal Ahumada, secretario de Econom\u00eda; Horacio Valenzuela Ibarra, secretario del Trabajo; Gerardo \u00c1lvarez Hern\u00e1ndez,\u00a0 director general de Promoci\u00f3n a la Salud y Prevenci\u00f3n de Enfermedades; Alejandro Garc\u00eda Rosas, director general de Recaudaci\u00f3n; Carlos Morales Buelna, director general del Transporte; y Daniel Galindo Ruiz, tesorero del Estado.<\/p>\n<p>&nbsp;<\/p>\n<p>Fecha de publicaci\u00f3n 23\/abr\/2020<\/p>\n","protected":false},"excerpt":{"rendered":"<p>HERMOSILLO, SONORA,MX.\u2500 En Sonora es urgente fortalecer la estrategia Qu\u00e9date en Casa, no se puede&#8230;<\/p>\n","protected":false},"author":1,"featured_media":83806,"comment_status":"open","ping_status":"open","sticky":false,"template":"","format":"standard","meta":{"_monsterinsights_skip_tracking":false,"_monsterinsights_sitenote_active":false,"_monsterinsights_sitenote_note":"","_monsterinsights_sitenote_category":0,"footnotes":""},"categories":[22],"tags":[776],"class_list":["post"],"yoast_head":" \n<title>Sonora en Equipo. Gobernadora Pavlovich: Sigue curva de contagios por Covid 19, no es momento de bajar la guardia. Sonora<\/title>\n<meta name=\"description\" content=\"HERMOSILLO, SONORA,MX.\u2500 En Sonora es urgente fortalecer la estrategia Qu\u00e9date en Casa, no se puede bajar la guardia, ya que se acercan los d\u00edas en los que En Sonora en Equipo publicamos toda la informaci\u00f3n de Sonora, M\u00e9xico y el Mundo de manera oportuna y busca que la libertad de expresi\u00f3n sea real. Visita nuestro medio informativo publicado desde Hermosillo, Sonora. %\" \/>\n<meta name=\"robots\" content=\"index, follow, max-snippet:-1, max-image-preview:large, max-video-preview:-1\" \/>\n<link rel=\"canonical\" href=\"https:\/\/www.sonoraenequipo.com.mx\/gobernadora-pavlovich-sigue-curva-de-contagios-por-covid-19-no-es-momento-de-bajar-la-guardia\/\" \/>\n<meta property=\"og:locale\" content=\"es_ES\" \/>\n<meta property=\"og:type\" content=\"article\" \/>\n<meta property=\"og:title\" content=\"Sonora en Equipo. Gobernadora Pavlovich: Sigue curva de contagios por Covid 19, no es momento de bajar la guardia. Sonora\" \/>\n<meta property=\"og:description\" content=\"HERMOSILLO, SONORA,MX.\u2500 En Sonora es urgente fortalecer la estrategia Qu\u00e9date en Casa, no se puede bajar la guardia, ya que se acercan los d\u00edas en los que En Sonora en Equipo publicamos toda la informaci\u00f3n de Sonora, M\u00e9xico y el Mundo de manera oportuna y busca que la libertad de expresi\u00f3n sea real. Visita nuestro medio informativo publicado desde Hermosillo, Sonora. %\" \/>\n<meta property=\"og:url\" content=\"https:\/\/www.sonoraenequipo.com.mx\/gobernadora-pavlovich-sigue-curva-de-contagios-por-covid-19-no-es-momento-de-bajar-la-guardia\/\" \/>\n<meta property=\"og:site_name\" content=\"Sonora en Equipo.\" \/>\n<meta property=\"article:publisher\" content=\"https:\/\/www.facebook.com\/SonoraEE\/\" \/>\n<meta property=\"article:author\" content=\"https:\/\/www.facebook.com\/SonoraEE\" \/>\n<meta property=\"article:published_time\" content=\"2020-04-24T02:51:18+00:00\" \/>\n<meta property=\"og:image\" content=\"https:\/\/www.sonoraenequipo.com.mx\/storage\/2020\/04\/cpa230420.jpg\" \/>\n\t<meta property=\"og:image:width\" content=\"600\" \/>\n\t<meta property=\"og:image:height\" content=\"400\" \/>\n\t<meta property=\"og:image:type\" content=\"image\/jpeg\" \/>\n<meta name=\"author\" content=\"enequipo\" \/>\n<meta name=\"twitter:card\" content=\"summary_large_image\" \/>\n<meta name=\"twitter:creator\" content=\"@sonoraenequipo\" \/>\n<meta name=\"twitter:site\" content=\"@sonoraenequipo\" \/>\n<meta name=\"twitter:label1\" content=\"Escrito por\" \/>\n\t<meta name=\"twitter:data1\" content=\"enequipo\" \/>\n\t<meta name=\"twitter:label2\" content=\"Tiempo de lectura\" \/>\n\t<meta name=\"twitter:data2\" content=\"2 minutos\" \/>\n<script type=\"application\/ld+json\" class=\"yoast-schema-graph\">{\"@context\":\"https:\/\/schema.org\",\"@graph\":[{\"@type\":\"Article\",\"@id\":\"https:\/\/www.sonoraenequipo.com.mx\/gobernadora-pavlovich-sigue-curva-de-contagios-por-covid-19-no-es-momento-de-bajar-la-guardia\/#article\",\"isPartOf\":{\"@id\":\"https:\/\/www.sonoraenequipo.com.mx\/gobernadora-pavlovich-sigue-curva-de-contagios-por-covid-19-no-es-momento-de-bajar-la-guardia\/\"},\"author\":{\"name\":\"enequipo\",\"@id\":\"https:\/\/www.sonoraenequipo.com.mx\/#\/schema\/person\/50102df0fb23a8fa9e8effad8fa81386\"},\"headline\":\"Gobernadora Pavlovich: Sigue curva de contagios por Covid 19, no es momento de bajar la guardia.\",\"datePublished\":\"2020-04-24T02:51:18+00:00\",\"mainEntityOfPage\":{\"@id\":\"https:\/\/www.sonoraenequipo.com.mx\/gobernadora-pavlovich-sigue-curva-de-contagios-por-covid-19-no-es-momento-de-bajar-la-guardia\/\"},\"wordCount\":436,\"commentCount\":0,\"publisher\":{\"@id\":\"https:\/\/www.sonoraenequipo.com.mx\/#organization\"},\"image\":{\"@id\":\"https:\/\/www.sonoraenequipo.com.mx\/gobernadora-pavlovich-sigue-curva-de-contagios-por-covid-19-no-es-momento-de-bajar-la-guardia\/#primaryimage\"},\"thumbnailUrl\":\"https:\/\/www.sonoraenequipo.com.mx\/storage\/2020\/04\/cpa230420.jpg\",\"keywords\":[\"Claudia Pavlovich Arellano\"],\"articleSection\":[\"Sonora\"],\"inLanguage\":\"es\",\"potentialAction\":[{\"@type\":\"CommentAction\",\"name\":\"Comment\",\"target\":[\"https:\/\/www.sonoraenequipo.com.mx\/gobernadora-pavlovich-sigue-curva-de-contagios-por-covid-19-no-es-momento-de-bajar-la-guardia\/#respond\"]}]},{\"@type\":\"WebPage\",\"@id\":\"https:\/\/www.sonoraenequipo.com.mx\/gobernadora-pavlovich-sigue-curva-de-contagios-por-covid-19-no-es-momento-de-bajar-la-guardia\/\",\"url\":\"https:\/\/www.sonoraenequipo.com.mx\/gobernadora-pavlovich-sigue-curva-de-contagios-por-covid-19-no-es-momento-de-bajar-la-guardia\/\",\"name\":\"Sonora en Equipo. Gobernadora Pavlovich: Sigue curva de contagios por Covid 19, no es momento de bajar la guardia. Sonora\",\"isPartOf\":{\"@id\":\"https:\/\/www.sonoraenequipo.com.mx\/#website\"},\"primaryImageOfPage\":{\"@id\":\"https:\/\/www.sonoraenequipo.com.mx\/gobernadora-pavlovich-sigue-curva-de-contagios-por-covid-19-no-es-momento-de-bajar-la-guardia\/#primaryimage\"},\"image\":{\"@id\":\"https:\/\/www.sonoraenequipo.com.mx\/gobernadora-pavlovich-sigue-curva-de-contagios-por-covid-19-no-es-momento-de-bajar-la-guardia\/#primaryimage\"},\"thumbnailUrl\":\"https:\/\/www.sonoraenequipo.com.mx\/storage\/2020\/04\/cpa230420.jpg\",\"datePublished\":\"2020-04-24T02:51:18+00:00\",\"description\":\"HERMOSILLO, SONORA,MX.\u2500 En Sonora es urgente fortalecer la estrategia Qu\u00e9date en Casa, no se puede bajar la guardia, ya que se acercan los d\u00edas en los que En Sonora en Equipo publicamos toda la informaci\u00f3n de Sonora, M\u00e9xico y el Mundo de manera oportuna y busca que la libertad de expresi\u00f3n sea real. Visita nuestro medio informativo publicado desde Hermosillo, Sonora. %\",\"breadcrumb\":{\"@id\":\"https:\/\/www.sonoraenequipo.com.mx\/gobernadora-pavlovich-sigue-curva-de-contagios-por-covid-19-no-es-momento-de-bajar-la-guardia\/#breadcrumb\"},\"inLanguage\":\"es\",\"potentialAction\":[{\"@type\":\"ReadAction\",\"target\":[\"https:\/\/www.sonoraenequipo.com.mx\/gobernadora-pavlovich-sigue-curva-de-contagios-por-covid-19-no-es-momento-de-bajar-la-guardia\/\"]}]},{\"@type\":\"ImageObject\",\"inLanguage\":\"es\",\"@id\":\"https:\/\/www.sonoraenequipo.com.mx\/gobernadora-pavlovich-sigue-curva-de-contagios-por-covid-19-no-es-momento-de-bajar-la-guardia\/#primaryimage\",\"url\":\"https:\/\/www.sonoraenequipo.com.mx\/storage\/2020\/04\/cpa230420.jpg\",\"contentUrl\":\"https:\/\/www.sonoraenequipo.com.mx\/storage\/2020\/04\/cpa230420.jpg\",\"width\":600,\"height\":400},{\"@type\":\"BreadcrumbList\",\"@id\":\"https:\/\/www.sonoraenequipo.com.mx\/gobernadora-pavlovich-sigue-curva-de-contagios-por-covid-19-no-es-momento-de-bajar-la-guardia\/#breadcrumb\",\"itemListElement\":[{\"@type\":\"ListItem\",\"position\":1,\"name\":\"Portada\",\"item\":\"https:\/\/www.sonoraenequipo.com.mx\/\"},{\"@type\":\"ListItem\",\"position\":2,\"name\":\"Gobernadora Pavlovich: Sigue curva de contagios por Covid 19, no es momento de bajar la guardia.\"}]},{\"@type\":\"WebSite\",\"@id\":\"https:\/\/www.sonoraenequipo.com.mx\/#website\",\"url\":\"https:\/\/www.sonoraenequipo.com.mx\/\",\"name\":\"Sonora en Equipo.\",\"description\":\"Diario en l\u00ednea con Noticias desde Hermosillo, Sonora\",\"publisher\":{\"@id\":\"https:\/\/www.sonoraenequipo.com.mx\/#organization\"},\"potentialAction\":[{\"@type\":\"SearchAction\",\"target\":{\"@type\":\"EntryPoint\",\"urlTemplate\":\"https:\/\/www.sonoraenequipo.com.mx\/?s={search_term_string}\"},\"query-input\":{\"@type\":\"PropertyValueSpecification\",\"valueRequired\":true,\"valueName\":\"search_term_string\"}}],\"inLanguage\":\"es\"},{\"@type\":\"Organization\",\"@id\":\"https:\/\/www.sonoraenequipo.com.mx\/#organization\",\"name\":\"Sonoraenequipo.com.mx\",\"url\":\"https:\/\/www.sonoraenequipo.com.mx\/\",\"logo\":{\"@type\":\"ImageObject\",\"inLanguage\":\"es\",\"@id\":\"https:\/\/www.sonoraenequipo.com.mx\/#\/schema\/logo\/image\/\",\"url\":\"https:\/\/www.sonoraenequipo.com.mx\/storage\/2019\/01\/sonoraenequipo_opt.png\",\"contentUrl\":\"https:\/\/www.sonoraenequipo.com.mx\/storage\/2019\/01\/sonoraenequipo_opt.png\",\"width\":375,\"height\":125,\"caption\":\"Sonoraenequipo.com.mx\"},\"image\":{\"@id\":\"https:\/\/www.sonoraenequipo.com.mx\/#\/schema\/logo\/image\/\"},\"sameAs\":[\"https:\/\/www.facebook.com\/SonoraEE\/\",\"https:\/\/x.com\/sonoraenequipo\",\"https:\/\/www.youtube.com\/channel\/UC338nW-lPEYmJQs4ZABQ1SQ\"]},{\"@type\":\"Person\",\"@id\":\"https:\/\/www.sonoraenequipo.com.mx\/#\/schema\/person\/50102df0fb23a8fa9e8effad8fa81386\",\"name\":\"enequipo\",\"image\":{\"@type\":\"ImageObject\",\"inLanguage\":\"es\",\"@id\":\"https:\/\/www.sonoraenequipo.com.mx\/#\/schema\/person\/image\/\",\"url\":\"https:\/\/secure.gravatar.com\/avatar\/049821681b589dabc0bc20695993ccebb09f5b5d4d790cd9251b97faac7c652b?s=96&d=blank&r=g\",\"contentUrl\":\"https:\/\/secure.gravatar.com\/avatar\/049821681b589dabc0bc20695993ccebb09f5b5d4d790cd9251b97faac7c652b?s=96&d=blank&r=g\",\"caption\":\"enequipo\"},\"sameAs\":[\"https:\/\/www.facebook.com\/SonoraEE\"]}]}<\/script>\n ","yoast_head_json":{"title":"Sonora en Equipo. Gobernadora Pavlovich: Sigue curva de contagios por Covid 19, no es momento de bajar la guardia. Sonora","description":"HERMOSILLO, SONORA,MX.\u2500 En Sonora es urgente fortalecer la estrategia Qu\u00e9date en Casa, no se puede bajar la guardia, ya que se acercan los d\u00edas en los que En Sonora en Equipo publicamos toda la informaci\u00f3n de Sonora, M\u00e9xico y el Mundo de manera oportuna y busca que la libertad de expresi\u00f3n sea real. Visita nuestro medio informativo publicado desde Hermosillo, Sonora. %","robots":{"index":"index","follow":"follow","max-snippet":"max-snippet:-1","max-image-preview":"max-image-preview:large","max-video-preview":"max-video-preview:-1"},"canonical":"https:\/\/www.sonoraenequipo.com.mx\/gobernadora-pavlovich-sigue-curva-de-contagios-por-covid-19-no-es-momento-de-bajar-la-guardia\/","og_locale":"es_ES","og_type":"article","og_title":"Sonora en Equipo. Gobernadora Pavlovich: Sigue curva de contagios por Covid 19, no es momento de bajar la guardia. Sonora","og_description":"HERMOSILLO, SONORA,MX.\u2500 En Sonora es urgente fortalecer la estrategia Qu\u00e9date en Casa, no se puede bajar la guardia, ya que se acercan los d\u00edas en los que En Sonora en Equipo publicamos toda la informaci\u00f3n de Sonora, M\u00e9xico y el Mundo de manera oportuna y busca que la libertad de expresi\u00f3n sea real. Visita nuestro medio informativo publicado desde Hermosillo, Sonora. %","og_url":"https:\/\/www.sonoraenequipo.com.mx\/gobernadora-pavlovich-sigue-curva-de-contagios-por-covid-19-no-es-momento-de-bajar-la-guardia\/","og_site_name":"Sonora en Equipo.","article_publisher":"https:\/\/www.facebook.com\/SonoraEE\/","article_author":"https:\/\/www.facebook.com\/SonoraEE","article_published_time":"2020-04-24T02:51:18+00:00","og_image":[{"width":600,"height":400,"url":"https:\/\/www.sonoraenequipo.com.mx\/storage\/2020\/04\/cpa230420.jpg","type":"image\/jpeg"}],"author":"enequipo","twitter_card":"summary_large_image","twitter_creator":"@sonoraenequipo","twitter_site":"@sonoraenequipo","twitter_misc":{"Escrito por":"enequipo","Tiempo de lectura":"2 minutos"},"schema":{"@context":"https:\/\/schema.org","@graph":[{"@type":"Article","@id":"https:\/\/www.sonoraenequipo.com.mx\/gobernadora-pavlovich-sigue-curva-de-contagios-por-covid-19-no-es-momento-de-bajar-la-guardia\/#article","isPartOf":{"@id":"https:\/\/www.sonoraenequipo.com.mx\/gobernadora-pavlovich-sigue-curva-de-contagios-por-covid-19-no-es-momento-de-bajar-la-guardia\/"},"author":{"name":"enequipo","@id":"https:\/\/www.sonoraenequipo.com.mx\/#\/schema\/person\/50102df0fb23a8fa9e8effad8fa81386"},"headline":"Gobernadora Pavlovich: Sigue curva de contagios por Covid 19, no es momento de bajar la guardia.","datePublished":"2020-04-24T02:51:18+00:00","mainEntityOfPage":{"@id":"https:\/\/www.sonoraenequipo.com.mx\/gobernadora-pavlovich-sigue-curva-de-contagios-por-covid-19-no-es-momento-de-bajar-la-guardia\/"},"wordCount":436,"commentCount":0,"publisher":{"@id":"https:\/\/www.sonoraenequipo.com.mx\/#organization"},"image":{"@id":"https:\/\/www.sonoraenequipo.com.mx\/gobernadora-pavlovich-sigue-curva-de-contagios-por-covid-19-no-es-momento-de-bajar-la-guardia\/#primaryimage"},"thumbnailUrl":"https:\/\/www.sonoraenequipo.com.mx\/storage\/2020\/04\/cpa230420.jpg","keywords":["Claudia Pavlovich Arellano"],"articleSection":["Sonora"],"inLanguage":"es","potentialAction":[{"@type":"CommentAction","name":"Comment","target":["https:\/\/www.sonoraenequipo.com.mx\/gobernadora-pavlovich-sigue-curva-de-contagios-por-covid-19-no-es-momento-de-bajar-la-guardia\/#respond"]}]},{"@type":"WebPage","@id":"https:\/\/www.sonoraenequipo.com.mx\/gobernadora-pavlovich-sigue-curva-de-contagios-por-covid-19-no-es-momento-de-bajar-la-guardia\/","url":"https:\/\/www.sonoraenequipo.com.mx\/gobernadora-pavlovich-sigue-curva-de-contagios-por-covid-19-no-es-momento-de-bajar-la-guardia\/","name":"Sonora en Equipo. Gobernadora Pavlovich: Sigue curva de contagios por Covid 19, no es momento de bajar la guardia. Sonora","isPartOf":{"@id":"https:\/\/www.sonoraenequipo.com.mx\/#website"},"primaryImageOfPage":{"@id":"https:\/\/www.sonoraenequipo.com.mx\/gobernadora-pavlovich-sigue-curva-de-contagios-por-covid-19-no-es-momento-de-bajar-la-guardia\/#primaryimage"},"image":{"@id":"https:\/\/www.sonoraenequipo.com.mx\/gobernadora-pavlovich-sigue-curva-de-contagios-por-covid-19-no-es-momento-de-bajar-la-guardia\/#primaryimage"},"thumbnailUrl":"https:\/\/www.sonoraenequipo.com.mx\/storage\/2020\/04\/cpa230420.jpg","datePublished":"2020-04-24T02:51:18+00:00","description":"HERMOSILLO, SONORA,MX.\u2500 En Sonora es urgente fortalecer la estrategia Qu\u00e9date en Casa, no se puede bajar la guardia, ya que se acercan los d\u00edas en los que En Sonora en Equipo publicamos toda la informaci\u00f3n de Sonora, M\u00e9xico y el Mundo de manera oportuna y busca que la libertad de expresi\u00f3n sea real. Visita nuestro medio informativo publicado desde Hermosillo, Sonora. %","breadcrumb":{"@id":"https:\/\/www.sonoraenequipo.com.mx\/gobernadora-pavlovich-sigue-curva-de-contagios-por-covid-19-no-es-momento-de-bajar-la-guardia\/#breadcrumb"},"inLanguage":"es","potentialAction":[{"@type":"ReadAction","target":["https:\/\/www.sonoraenequipo.com.mx\/gobernadora-pavlovich-sigue-curva-de-contagios-por-covid-19-no-es-momento-de-bajar-la-guardia\/"]}]},{"@type":"ImageObject","inLanguage":"es","@id":"https:\/\/www.sonoraenequipo.com.mx\/gobernadora-pavlovich-sigue-curva-de-contagios-por-covid-19-no-es-momento-de-bajar-la-guardia\/#primaryimage","url":"https:\/\/www.sonoraenequipo.com.mx\/storage\/2020\/04\/cpa230420.jpg","contentUrl":"https:\/\/www.sonoraenequipo.com.mx\/storage\/2020\/04\/cpa230420.jpg","width":600,"height":400},{"@type":"BreadcrumbList","@id":"https:\/\/www.sonoraenequipo.com.mx\/gobernadora-pavlovich-sigue-curva-de-contagios-por-covid-19-no-es-momento-de-bajar-la-guardia\/#breadcrumb","itemListElement":[{"@type":"ListItem","position":1,"name":"Portada","item":"https:\/\/www.sonoraenequipo.com.mx\/"},{"@type":"ListItem","position":2,"name":"Gobernadora Pavlovich: Sigue curva de contagios por Covid 19, no es momento de bajar la guardia."}]},{"@type":"WebSite","@id":"https:\/\/www.sonoraenequipo.com.mx\/#website","url":"https:\/\/www.sonoraenequipo.com.mx\/","name":"Sonora en Equipo.","description":"Diario en l\u00ednea con Noticias desde Hermosillo, Sonora","publisher":{"@id":"https:\/\/www.sonoraenequipo.com.mx\/#organization"},"potentialAction":[{"@type":"SearchAction","target":{"@type":"EntryPoint","urlTemplate":"https:\/\/www.sonoraenequipo.com.mx\/?s={search_term_string}"},"query-input":{"@type":"PropertyValueSpecification","valueRequired":true,"valueName":"search_term_string"}}],"inLanguage":"es"},{"@type":"Organization","@id":"https:\/\/www.sonoraenequipo.com.mx\/#organization","name":"Sonoraenequipo.com.mx","url":"https:\/\/www.sonoraenequipo.com.mx\/","logo":{"@type":"ImageObject","inLanguage":"es","@id":"https:\/\/www.sonoraenequipo.com.mx\/#\/schema\/logo\/image\/","url":"https:\/\/www.sonoraenequipo.com.mx\/storage\/2019\/01\/sonoraenequipo_opt.png","contentUrl":"https:\/\/www.sonoraenequipo.com.mx\/storage\/2019\/01\/sonoraenequipo_opt.png","width":375,"height":125,"caption":"Sonoraenequipo.com.mx"},"image":{"@id":"https:\/\/www.sonoraenequipo.com.mx\/#\/schema\/logo\/image\/"},"sameAs":["https:\/\/www.facebook.com\/SonoraEE\/","https:\/\/x.com\/sonoraenequipo","https:\/\/www.youtube.com\/channel\/UC338nW-lPEYmJQs4ZABQ1SQ"]},{"@type":"Person","@id":"https:\/\/www.sonoraenequipo.com.mx\/#\/schema\/person\/50102df0fb23a8fa9e8effad8fa81386","name":"enequipo","image":{"@type":"ImageObject","inLanguage":"es","@id":"https:\/\/www.sonoraenequipo.com.mx\/#\/schema\/person\/image\/","url":"https:\/\/secure.gravatar.com\/avatar\/049821681b589dabc0bc20695993ccebb09f5b5d4d790cd9251b97faac7c652b?s=96&d=blank&r=g","contentUrl":"https:\/\/secure.gravatar.com\/avatar\/049821681b589dabc0bc20695993ccebb09f5b5d4d790cd9251b97faac7c652b?s=96&d=blank&r=g","caption":"enequipo"},"sameAs":["https:\/\/www.facebook.com\/SonoraEE"]}]}},"jetpack_featured_media_url":"https:\/\/www.sonoraenequipo.com.mx\/storage\/2020\/04\/cpa230420.jpg","_links":{"self":[{"href":"https:\/\/www.sonoraenequipo.com.mx\/api\/wp\/v2\/posts\/83805","targetHints":{"allow":["GET"]}}],"collection":[{"href":"https:\/\/www.sonoraenequipo.com.mx\/api\/wp\/v2\/posts"}],"about":[{"href":"https:\/\/www.sonoraenequipo.com.mx\/api\/wp\/v2\/types\/post"}],"author":[{"embeddable":true,"href":"https:\/\/www.sonoraenequipo.com.mx\/api\/wp\/v2\/users\/1"}],"replies":[{"embeddable":true,"href":"https:\/\/www.sonoraenequipo.com.mx\/api\/wp\/v2\/comments?post=83805"}],"version-history":[{"count":0,"href":"https:\/\/www.sonoraenequipo.com.mx\/api\/wp\/v2\/posts\/83805\/revisions"}],"wp:featuredmedia":[{"embeddable":true,"href":"https:\/\/www.sonoraenequipo.com.mx\/api\/wp\/v2\/media\/83806"}],"wp:attachment":[{"href":"https:\/\/www.sonoraenequipo.com.mx\/api\/wp\/v2\/media?parent=83805"}],"wp:term":[{"taxonomy":"category","embeddable":true,"href":"https:\/\/www.sonoraenequipo.com.mx\/api\/wp\/v2\/categories?post=83805"},{"taxonomy":"post_tag","embeddable":true,"href":"https:\/\/www.sonoraenequipo.com.mx\/api\/wp\/v2\/tags?post=83805"}],"curies":[{"name":"wp","href":"https:\/\/api.w.org\/{rel}","templated":true}]}}