{"id":83808,"date":"2020-04-23T22:05:32","date_gmt":"2020-04-24T05:05:32","guid":{"rendered":"https:\/\/www.sonoraenequipo.com.mx\/?p=83808"},"modified":"2020-04-23T22:09:44","modified_gmt":"2020-04-24T05:09:44","slug":"salud-sonora-confirma-18-nuevos-casos-de-covid-19-van-199","status":"publish","type":"post","link":"https:\/\/www.sonoraenequipo.com.mx\/salud-sonora-confirma-18-nuevos-casos-de-covid-19-van-199\/","title":{"rendered":"Salud Sonora confirma 18 nuevos casos de covid-19 van 199"},"content":{"rendered":"<p>&nbsp;<\/p>\n<h4>&gt;&gt;&nbsp; Entre el 10 y 20 de mayo se espera el pico m\u00e1s alto de la enfermedad en la entidad<\/h4>\n<p>&nbsp;<\/p>\n<p>HERMOSILLO, SONORA,MX.\u2500 El secretario de salud de&nbsp; Sonora, Enrique Clausen Iberri inform\u00f3 esta noche que se confirmaron 18 nuevos casos de coronavirus para sumar 199 desde el 16 de marzo qu se registro el primero.estos nuevos casos se registraron en los municipios de Hermosillo con 8 San Luis R\u00edo Colorado con 7 y uno cada uno Cajeme, Navojoa y Nogales. <\/p>\n<p>Los casos se distribuyen de la siguiente forma:<\/p>\n<p><img loading=\"lazy\" decoding=\"async\" class=\"size-medium  x-center\" src=\"https:\/\/www.sonoraenequipo.com.mx\/storage\/2020\/04\/tabla-covid230420-430x452.jpg\" alt=\"\" width=\"430\" height=\"452\"><\/p>\n<p>Clausen Iberri llam\u00f3 a no bajar la guardia y mantenerse en casa es una medida temporal&nbsp; pues entre el 10 y 20 de mayo se espera que en la entidad la curva de la&nbsp; enfermedad llegue a su pico m\u00e1s alto.<\/p>\n<p>Fecha de publicaci\u00f3n 23\/abr\/2020<\/p>\n","protected":false},"excerpt":{"rendered":"<p>&nbsp; &gt;&gt;&nbsp; Entre el 10 y 20 de mayo se espera el pico m\u00e1s alto&#8230;<\/p>\n","protected":false},"author":6,"featured_media":82423,"comment_status":"open","ping_status":"open","sticky":false,"template":"","format":"standard","meta":{"_monsterinsights_skip_tracking":false,"_monsterinsights_sitenote_active":false,"_monsterinsights_sitenote_note":"","_monsterinsights_sitenote_category":0,"footnotes":""},"categories":[22],"tags":[4305],"class_list":["post"],"yoast_head":" \n<title>Sonora en Equipo. Salud Sonora confirma 18 nuevos casos de covid-19 van 199 Sonora<\/title>\n<meta name=\"description\" content=\"&nbsp; &gt;&gt;&nbsp; Entre el 10 y 20 de mayo se espera el pico m\u00e1s alto de la enfermedad en la entidad &nbsp; HERMOSILLO, SONORA,MX.\u2500 El secretario de En Sonora en Equipo publicamos toda la informaci\u00f3n de Sonora, M\u00e9xico y el Mundo de manera oportuna y busca que la libertad de expresi\u00f3n sea real. Visita nuestro medio informativo publicado desde Hermosillo, Sonora. %\" \/>\n<meta name=\"robots\" content=\"index, follow, max-snippet:-1, max-image-preview:large, max-video-preview:-1\" \/>\n<link rel=\"canonical\" href=\"https:\/\/www.sonoraenequipo.com.mx\/salud-sonora-confirma-18-nuevos-casos-de-covid-19-van-199\/\" \/>\n<meta property=\"og:locale\" content=\"es_ES\" \/>\n<meta property=\"og:type\" content=\"article\" \/>\n<meta property=\"og:title\" content=\"Sonora en Equipo. Salud Sonora confirma 18 nuevos casos de covid-19 van 199 Sonora\" \/>\n<meta property=\"og:description\" content=\"&nbsp; &gt;&gt;&nbsp; Entre el 10 y 20 de mayo se espera el pico m\u00e1s alto de la enfermedad en la entidad &nbsp; HERMOSILLO, SONORA,MX.\u2500 El secretario de En Sonora en Equipo publicamos toda la informaci\u00f3n de Sonora, M\u00e9xico y el Mundo de manera oportuna y busca que la libertad de expresi\u00f3n sea real. Visita nuestro medio informativo publicado desde Hermosillo, Sonora. %\" \/>\n<meta property=\"og:url\" content=\"https:\/\/www.sonoraenequipo.com.mx\/salud-sonora-confirma-18-nuevos-casos-de-covid-19-van-199\/\" \/>\n<meta property=\"og:site_name\" content=\"Sonora en Equipo.\" \/>\n<meta property=\"article:publisher\" content=\"https:\/\/www.facebook.com\/SonoraEE\/\" \/>\n<meta property=\"article:published_time\" content=\"2020-04-24T05:05:32+00:00\" \/>\n<meta property=\"article:modified_time\" content=\"2020-04-24T05:09:44+00:00\" \/>\n<meta property=\"og:image\" content=\"https:\/\/www.sonoraenequipo.com.mx\/storage\/2020\/04\/claussen_coronavirus_opt.jpg\" \/>\n\t<meta property=\"og:image:width\" content=\"733\" \/>\n\t<meta property=\"og:image:height\" content=\"400\" \/>\n\t<meta property=\"og:image:type\" content=\"image\/jpeg\" \/>\n<meta name=\"author\" content=\"Nacho Bandin\" \/>\n<meta name=\"twitter:card\" content=\"summary_large_image\" \/>\n<meta name=\"twitter:creator\" content=\"@sonoraenequipo\" \/>\n<meta name=\"twitter:site\" content=\"@sonoraenequipo\" \/>\n<meta name=\"twitter:label1\" content=\"Escrito por\" \/>\n\t<meta name=\"twitter:data1\" content=\"Nacho Bandin\" \/>\n\t<meta name=\"twitter:label2\" content=\"Tiempo de lectura\" \/>\n\t<meta name=\"twitter:data2\" content=\"1 minuto\" \/>\n<script type=\"application\/ld+json\" class=\"yoast-schema-graph\">{\"@context\":\"https:\/\/schema.org\",\"@graph\":[{\"@type\":\"Article\",\"@id\":\"https:\/\/www.sonoraenequipo.com.mx\/salud-sonora-confirma-18-nuevos-casos-de-covid-19-van-199\/#article\",\"isPartOf\":{\"@id\":\"https:\/\/www.sonoraenequipo.com.mx\/salud-sonora-confirma-18-nuevos-casos-de-covid-19-van-199\/\"},\"author\":{\"name\":\"Nacho Bandin\",\"@id\":\"https:\/\/www.sonoraenequipo.com.mx\/#\/schema\/person\/fbd9952aca28efec00f1fb7fa9428cad\"},\"headline\":\"Salud Sonora confirma 18 nuevos casos de covid-19 van 199\",\"datePublished\":\"2020-04-24T05:05:32+00:00\",\"dateModified\":\"2020-04-24T05:09:44+00:00\",\"mainEntityOfPage\":{\"@id\":\"https:\/\/www.sonoraenequipo.com.mx\/salud-sonora-confirma-18-nuevos-casos-de-covid-19-van-199\/\"},\"wordCount\":145,\"commentCount\":0,\"publisher\":{\"@id\":\"https:\/\/www.sonoraenequipo.com.mx\/#organization\"},\"image\":{\"@id\":\"https:\/\/www.sonoraenequipo.com.mx\/salud-sonora-confirma-18-nuevos-casos-de-covid-19-van-199\/#primaryimage\"},\"thumbnailUrl\":\"https:\/\/www.sonoraenequipo.com.mx\/storage\/2020\/04\/claussen_coronavirus_opt.jpg\",\"keywords\":[\"Enrique Clausen Iberri\"],\"articleSection\":[\"Sonora\"],\"inLanguage\":\"es\",\"potentialAction\":[{\"@type\":\"CommentAction\",\"name\":\"Comment\",\"target\":[\"https:\/\/www.sonoraenequipo.com.mx\/salud-sonora-confirma-18-nuevos-casos-de-covid-19-van-199\/#respond\"]}]},{\"@type\":\"WebPage\",\"@id\":\"https:\/\/www.sonoraenequipo.com.mx\/salud-sonora-confirma-18-nuevos-casos-de-covid-19-van-199\/\",\"url\":\"https:\/\/www.sonoraenequipo.com.mx\/salud-sonora-confirma-18-nuevos-casos-de-covid-19-van-199\/\",\"name\":\"Sonora en Equipo. Salud Sonora confirma 18 nuevos casos de covid-19 van 199 Sonora\",\"isPartOf\":{\"@id\":\"https:\/\/www.sonoraenequipo.com.mx\/#website\"},\"primaryImageOfPage\":{\"@id\":\"https:\/\/www.sonoraenequipo.com.mx\/salud-sonora-confirma-18-nuevos-casos-de-covid-19-van-199\/#primaryimage\"},\"image\":{\"@id\":\"https:\/\/www.sonoraenequipo.com.mx\/salud-sonora-confirma-18-nuevos-casos-de-covid-19-van-199\/#primaryimage\"},\"thumbnailUrl\":\"https:\/\/www.sonoraenequipo.com.mx\/storage\/2020\/04\/claussen_coronavirus_opt.jpg\",\"datePublished\":\"2020-04-24T05:05:32+00:00\",\"dateModified\":\"2020-04-24T05:09:44+00:00\",\"description\":\"&nbsp; &gt;&gt;&nbsp; Entre el 10 y 20 de mayo se espera el pico m\u00e1s alto de la enfermedad en la entidad &nbsp; HERMOSILLO, SONORA,MX.\u2500 El secretario de En Sonora en Equipo publicamos toda la informaci\u00f3n de Sonora, M\u00e9xico y el Mundo de manera oportuna y busca que la libertad de expresi\u00f3n sea real. Visita nuestro medio informativo publicado desde Hermosillo, Sonora. %\",\"breadcrumb\":{\"@id\":\"https:\/\/www.sonoraenequipo.com.mx\/salud-sonora-confirma-18-nuevos-casos-de-covid-19-van-199\/#breadcrumb\"},\"inLanguage\":\"es\",\"potentialAction\":[{\"@type\":\"ReadAction\",\"target\":[\"https:\/\/www.sonoraenequipo.com.mx\/salud-sonora-confirma-18-nuevos-casos-de-covid-19-van-199\/\"]}]},{\"@type\":\"ImageObject\",\"inLanguage\":\"es\",\"@id\":\"https:\/\/www.sonoraenequipo.com.mx\/salud-sonora-confirma-18-nuevos-casos-de-covid-19-van-199\/#primaryimage\",\"url\":\"https:\/\/www.sonoraenequipo.com.mx\/storage\/2020\/04\/claussen_coronavirus_opt.jpg\",\"contentUrl\":\"https:\/\/www.sonoraenequipo.com.mx\/storage\/2020\/04\/claussen_coronavirus_opt.jpg\",\"width\":733,\"height\":400},{\"@type\":\"BreadcrumbList\",\"@id\":\"https:\/\/www.sonoraenequipo.com.mx\/salud-sonora-confirma-18-nuevos-casos-de-covid-19-van-199\/#breadcrumb\",\"itemListElement\":[{\"@type\":\"ListItem\",\"position\":1,\"name\":\"Portada\",\"item\":\"https:\/\/www.sonoraenequipo.com.mx\/\"},{\"@type\":\"ListItem\",\"position\":2,\"name\":\"Salud Sonora confirma 18 nuevos casos de covid-19 van 199\"}]},{\"@type\":\"WebSite\",\"@id\":\"https:\/\/www.sonoraenequipo.com.mx\/#website\",\"url\":\"https:\/\/www.sonoraenequipo.com.mx\/\",\"name\":\"Sonora en Equipo.\",\"description\":\"Diario en l\u00ednea con Noticias desde Hermosillo, Sonora\",\"publisher\":{\"@id\":\"https:\/\/www.sonoraenequipo.com.mx\/#organization\"},\"potentialAction\":[{\"@type\":\"SearchAction\",\"target\":{\"@type\":\"EntryPoint\",\"urlTemplate\":\"https:\/\/www.sonoraenequipo.com.mx\/?s={search_term_string}\"},\"query-input\":{\"@type\":\"PropertyValueSpecification\",\"valueRequired\":true,\"valueName\":\"search_term_string\"}}],\"inLanguage\":\"es\"},{\"@type\":\"Organization\",\"@id\":\"https:\/\/www.sonoraenequipo.com.mx\/#organization\",\"name\":\"Sonoraenequipo.com.mx\",\"url\":\"https:\/\/www.sonoraenequipo.com.mx\/\",\"logo\":{\"@type\":\"ImageObject\",\"inLanguage\":\"es\",\"@id\":\"https:\/\/www.sonoraenequipo.com.mx\/#\/schema\/logo\/image\/\",\"url\":\"https:\/\/www.sonoraenequipo.com.mx\/storage\/2019\/01\/sonoraenequipo_opt.png\",\"contentUrl\":\"https:\/\/www.sonoraenequipo.com.mx\/storage\/2019\/01\/sonoraenequipo_opt.png\",\"width\":375,\"height\":125,\"caption\":\"Sonoraenequipo.com.mx\"},\"image\":{\"@id\":\"https:\/\/www.sonoraenequipo.com.mx\/#\/schema\/logo\/image\/\"},\"sameAs\":[\"https:\/\/www.facebook.com\/SonoraEE\/\",\"https:\/\/x.com\/sonoraenequipo\",\"https:\/\/www.youtube.com\/channel\/UC338nW-lPEYmJQs4ZABQ1SQ\"]},{\"@type\":\"Person\",\"@id\":\"https:\/\/www.sonoraenequipo.com.mx\/#\/schema\/person\/fbd9952aca28efec00f1fb7fa9428cad\",\"name\":\"Nacho Bandin\",\"image\":{\"@type\":\"ImageObject\",\"inLanguage\":\"es\",\"@id\":\"https:\/\/www.sonoraenequipo.com.mx\/#\/schema\/person\/image\/\",\"url\":\"https:\/\/secure.gravatar.com\/avatar\/aa8b9910cb9aca6bb907bea274a87d80d1290d00069310f251740e3ee0bf15f1?s=96&d=blank&r=g\",\"contentUrl\":\"https:\/\/secure.gravatar.com\/avatar\/aa8b9910cb9aca6bb907bea274a87d80d1290d00069310f251740e3ee0bf15f1?s=96&d=blank&r=g\",\"caption\":\"Nacho Bandin\"},\"sameAs\":[\"http:\/\/sonoraenequipo.com.mx\"]}]}<\/script>\n ","yoast_head_json":{"title":"Sonora en Equipo. Salud Sonora confirma 18 nuevos casos de covid-19 van 199 Sonora","description":"&nbsp; &gt;&gt;&nbsp; Entre el 10 y 20 de mayo se espera el pico m\u00e1s alto de la enfermedad en la entidad &nbsp; HERMOSILLO, SONORA,MX.\u2500 El secretario de En Sonora en Equipo publicamos toda la informaci\u00f3n de Sonora, M\u00e9xico y el Mundo de manera oportuna y busca que la libertad de expresi\u00f3n sea real. Visita nuestro medio informativo publicado desde Hermosillo, Sonora. %","robots":{"index":"index","follow":"follow","max-snippet":"max-snippet:-1","max-image-preview":"max-image-preview:large","max-video-preview":"max-video-preview:-1"},"canonical":"https:\/\/www.sonoraenequipo.com.mx\/salud-sonora-confirma-18-nuevos-casos-de-covid-19-van-199\/","og_locale":"es_ES","og_type":"article","og_title":"Sonora en Equipo. Salud Sonora confirma 18 nuevos casos de covid-19 van 199 Sonora","og_description":"&nbsp; &gt;&gt;&nbsp; Entre el 10 y 20 de mayo se espera el pico m\u00e1s alto de la enfermedad en la entidad &nbsp; HERMOSILLO, SONORA,MX.\u2500 El secretario de En Sonora en Equipo publicamos toda la informaci\u00f3n de Sonora, M\u00e9xico y el Mundo de manera oportuna y busca que la libertad de expresi\u00f3n sea real. Visita nuestro medio informativo publicado desde Hermosillo, Sonora. %","og_url":"https:\/\/www.sonoraenequipo.com.mx\/salud-sonora-confirma-18-nuevos-casos-de-covid-19-van-199\/","og_site_name":"Sonora en Equipo.","article_publisher":"https:\/\/www.facebook.com\/SonoraEE\/","article_published_time":"2020-04-24T05:05:32+00:00","article_modified_time":"2020-04-24T05:09:44+00:00","og_image":[{"width":733,"height":400,"url":"https:\/\/www.sonoraenequipo.com.mx\/storage\/2020\/04\/claussen_coronavirus_opt.jpg","type":"image\/jpeg"}],"author":"Nacho Bandin","twitter_card":"summary_large_image","twitter_creator":"@sonoraenequipo","twitter_site":"@sonoraenequipo","twitter_misc":{"Escrito por":"Nacho Bandin","Tiempo de lectura":"1 minuto"},"schema":{"@context":"https:\/\/schema.org","@graph":[{"@type":"Article","@id":"https:\/\/www.sonoraenequipo.com.mx\/salud-sonora-confirma-18-nuevos-casos-de-covid-19-van-199\/#article","isPartOf":{"@id":"https:\/\/www.sonoraenequipo.com.mx\/salud-sonora-confirma-18-nuevos-casos-de-covid-19-van-199\/"},"author":{"name":"Nacho Bandin","@id":"https:\/\/www.sonoraenequipo.com.mx\/#\/schema\/person\/fbd9952aca28efec00f1fb7fa9428cad"},"headline":"Salud Sonora confirma 18 nuevos casos de covid-19 van 199","datePublished":"2020-04-24T05:05:32+00:00","dateModified":"2020-04-24T05:09:44+00:00","mainEntityOfPage":{"@id":"https:\/\/www.sonoraenequipo.com.mx\/salud-sonora-confirma-18-nuevos-casos-de-covid-19-van-199\/"},"wordCount":145,"commentCount":0,"publisher":{"@id":"https:\/\/www.sonoraenequipo.com.mx\/#organization"},"image":{"@id":"https:\/\/www.sonoraenequipo.com.mx\/salud-sonora-confirma-18-nuevos-casos-de-covid-19-van-199\/#primaryimage"},"thumbnailUrl":"https:\/\/www.sonoraenequipo.com.mx\/storage\/2020\/04\/claussen_coronavirus_opt.jpg","keywords":["Enrique Clausen Iberri"],"articleSection":["Sonora"],"inLanguage":"es","potentialAction":[{"@type":"CommentAction","name":"Comment","target":["https:\/\/www.sonoraenequipo.com.mx\/salud-sonora-confirma-18-nuevos-casos-de-covid-19-van-199\/#respond"]}]},{"@type":"WebPage","@id":"https:\/\/www.sonoraenequipo.com.mx\/salud-sonora-confirma-18-nuevos-casos-de-covid-19-van-199\/","url":"https:\/\/www.sonoraenequipo.com.mx\/salud-sonora-confirma-18-nuevos-casos-de-covid-19-van-199\/","name":"Sonora en Equipo. Salud Sonora confirma 18 nuevos casos de covid-19 van 199 Sonora","isPartOf":{"@id":"https:\/\/www.sonoraenequipo.com.mx\/#website"},"primaryImageOfPage":{"@id":"https:\/\/www.sonoraenequipo.com.mx\/salud-sonora-confirma-18-nuevos-casos-de-covid-19-van-199\/#primaryimage"},"image":{"@id":"https:\/\/www.sonoraenequipo.com.mx\/salud-sonora-confirma-18-nuevos-casos-de-covid-19-van-199\/#primaryimage"},"thumbnailUrl":"https:\/\/www.sonoraenequipo.com.mx\/storage\/2020\/04\/claussen_coronavirus_opt.jpg","datePublished":"2020-04-24T05:05:32+00:00","dateModified":"2020-04-24T05:09:44+00:00","description":"&nbsp; &gt;&gt;&nbsp; Entre el 10 y 20 de mayo se espera el pico m\u00e1s alto de la enfermedad en la entidad &nbsp; HERMOSILLO, SONORA,MX.\u2500 El secretario de En Sonora en Equipo publicamos toda la informaci\u00f3n de Sonora, M\u00e9xico y el Mundo de manera oportuna y busca que la libertad de expresi\u00f3n sea real. Visita nuestro medio informativo publicado desde Hermosillo, Sonora. %","breadcrumb":{"@id":"https:\/\/www.sonoraenequipo.com.mx\/salud-sonora-confirma-18-nuevos-casos-de-covid-19-van-199\/#breadcrumb"},"inLanguage":"es","potentialAction":[{"@type":"ReadAction","target":["https:\/\/www.sonoraenequipo.com.mx\/salud-sonora-confirma-18-nuevos-casos-de-covid-19-van-199\/"]}]},{"@type":"ImageObject","inLanguage":"es","@id":"https:\/\/www.sonoraenequipo.com.mx\/salud-sonora-confirma-18-nuevos-casos-de-covid-19-van-199\/#primaryimage","url":"https:\/\/www.sonoraenequipo.com.mx\/storage\/2020\/04\/claussen_coronavirus_opt.jpg","contentUrl":"https:\/\/www.sonoraenequipo.com.mx\/storage\/2020\/04\/claussen_coronavirus_opt.jpg","width":733,"height":400},{"@type":"BreadcrumbList","@id":"https:\/\/www.sonoraenequipo.com.mx\/salud-sonora-confirma-18-nuevos-casos-de-covid-19-van-199\/#breadcrumb","itemListElement":[{"@type":"ListItem","position":1,"name":"Portada","item":"https:\/\/www.sonoraenequipo.com.mx\/"},{"@type":"ListItem","position":2,"name":"Salud Sonora confirma 18 nuevos casos de covid-19 van 199"}]},{"@type":"WebSite","@id":"https:\/\/www.sonoraenequipo.com.mx\/#website","url":"https:\/\/www.sonoraenequipo.com.mx\/","name":"Sonora en Equipo.","description":"Diario en l\u00ednea con Noticias desde Hermosillo, Sonora","publisher":{"@id":"https:\/\/www.sonoraenequipo.com.mx\/#organization"},"potentialAction":[{"@type":"SearchAction","target":{"@type":"EntryPoint","urlTemplate":"https:\/\/www.sonoraenequipo.com.mx\/?s={search_term_string}"},"query-input":{"@type":"PropertyValueSpecification","valueRequired":true,"valueName":"search_term_string"}}],"inLanguage":"es"},{"@type":"Organization","@id":"https:\/\/www.sonoraenequipo.com.mx\/#organization","name":"Sonoraenequipo.com.mx","url":"https:\/\/www.sonoraenequipo.com.mx\/","logo":{"@type":"ImageObject","inLanguage":"es","@id":"https:\/\/www.sonoraenequipo.com.mx\/#\/schema\/logo\/image\/","url":"https:\/\/www.sonoraenequipo.com.mx\/storage\/2019\/01\/sonoraenequipo_opt.png","contentUrl":"https:\/\/www.sonoraenequipo.com.mx\/storage\/2019\/01\/sonoraenequipo_opt.png","width":375,"height":125,"caption":"Sonoraenequipo.com.mx"},"image":{"@id":"https:\/\/www.sonoraenequipo.com.mx\/#\/schema\/logo\/image\/"},"sameAs":["https:\/\/www.facebook.com\/SonoraEE\/","https:\/\/x.com\/sonoraenequipo","https:\/\/www.youtube.com\/channel\/UC338nW-lPEYmJQs4ZABQ1SQ"]},{"@type":"Person","@id":"https:\/\/www.sonoraenequipo.com.mx\/#\/schema\/person\/fbd9952aca28efec00f1fb7fa9428cad","name":"Nacho Bandin","image":{"@type":"ImageObject","inLanguage":"es","@id":"https:\/\/www.sonoraenequipo.com.mx\/#\/schema\/person\/image\/","url":"https:\/\/secure.gravatar.com\/avatar\/aa8b9910cb9aca6bb907bea274a87d80d1290d00069310f251740e3ee0bf15f1?s=96&d=blank&r=g","contentUrl":"https:\/\/secure.gravatar.com\/avatar\/aa8b9910cb9aca6bb907bea274a87d80d1290d00069310f251740e3ee0bf15f1?s=96&d=blank&r=g","caption":"Nacho Bandin"},"sameAs":["http:\/\/sonoraenequipo.com.mx"]}]}},"jetpack_featured_media_url":"https:\/\/www.sonoraenequipo.com.mx\/storage\/2020\/04\/claussen_coronavirus_opt.jpg","_links":{"self":[{"href":"https:\/\/www.sonoraenequipo.com.mx\/api\/wp\/v2\/posts\/83808","targetHints":{"allow":["GET"]}}],"collection":[{"href":"https:\/\/www.sonoraenequipo.com.mx\/api\/wp\/v2\/posts"}],"about":[{"href":"https:\/\/www.sonoraenequipo.com.mx\/api\/wp\/v2\/types\/post"}],"author":[{"embeddable":true,"href":"https:\/\/www.sonoraenequipo.com.mx\/api\/wp\/v2\/users\/6"}],"replies":[{"embeddable":true,"href":"https:\/\/www.sonoraenequipo.com.mx\/api\/wp\/v2\/comments?post=83808"}],"version-history":[{"count":0,"href":"https:\/\/www.sonoraenequipo.com.mx\/api\/wp\/v2\/posts\/83808\/revisions"}],"wp:featuredmedia":[{"embeddable":true,"href":"https:\/\/www.sonoraenequipo.com.mx\/api\/wp\/v2\/media\/82423"}],"wp:attachment":[{"href":"https:\/\/www.sonoraenequipo.com.mx\/api\/wp\/v2\/media?parent=83808"}],"wp:term":[{"taxonomy":"category","embeddable":true,"href":"https:\/\/www.sonoraenequipo.com.mx\/api\/wp\/v2\/categories?post=83808"},{"taxonomy":"post_tag","embeddable":true,"href":"https:\/\/www.sonoraenequipo.com.mx\/api\/wp\/v2\/tags?post=83808"}],"curies":[{"name":"wp","href":"https:\/\/api.w.org\/{rel}","templated":true}]}}