{"id":84723,"date":"2020-05-04T23:55:15","date_gmt":"2020-05-05T06:55:15","guid":{"rendered":"https:\/\/www.sonoraenequipo.com.mx\/?p=84723"},"modified":"2020-06-19T21:05:49","modified_gmt":"2020-06-20T04:05:49","slug":"cambia-el-color-de-la-piel-con-el-covid-19","status":"publish","type":"post","link":"https:\/\/www.sonoraenequipo.com.mx\/cambia-el-color-de-la-piel-con-el-covid-19\/","title":{"rendered":"\u00bfCambia el color de la piel con el COVID-19?"},"content":{"rendered":"<p>GRAN BRETA\u00d1A, REINO UNIDO. \u2014 La revista British Journal of Dermatology public\u00f3 un estudio de las manifestaciones del COVID-19 en la piel, realizado por un grupo de dermat\u00f3logos espa\u00f1oles quienes durante las \u00faltimas tres semanas analizaron 375 casos positivos del coronavirus.<\/p>\n<p>&nbsp;<\/p>\n<p> <\/p>\n<p>&nbsp;<\/p>\n<p>&nbsp;<\/p>\n<p>Se trata del primer estudio que ofrece una clasificaci\u00f3n de las manifestaciones cut\u00e1neas vinculadas a la infecci\u00f3n y su gravedad.<\/p>\n<p>&nbsp;<\/p>\n<p>&nbsp;<\/p>\n<p>De acuerdo con los resultados del estudio \u2018COVID Piel\u2018, las manifestaciones cut\u00e1neas se pueden clasificar en cinco patrones asociados a un pron\u00f3stico de contagio por coronavirus:<\/p>\n<p>&nbsp;<\/p>\n<p>&nbsp;<\/p>\n<p><strong>1. Las erupciones m\u00e1culo-p\u00e1pulosas (principalmente en cara, cuello y torso)<\/strong> se encontraron en el 47 por ciento de los 375 casos analizados.<\/p>\n<p>&nbsp;<\/p>\n<p>&nbsp;<\/p>\n<p>En ocasiones muestras patrones espec\u00edficos, c\u00f3mo la distribuci\u00f3n peri-folicular, o similar a pitiriasis rosada o eritema multiforme. Duran 8 o 9 d\u00edas de media. Tambi\u00e9n se han visto en pacientes m\u00e1s graves.<\/p>\n<p>&nbsp;<\/p>\n<p>&nbsp;<\/p>\n<p><strong>2. Las erupciones similares a saba\u00f1ones<\/strong> <strong>(perniosis)<\/strong> en zonas acrales (plantas de los pies y, en menor grado, a las palmas de las manos, los dedos, los genitales y la boca), se encontr\u00f3 en el 19 por ciento.<\/p>\n<p>&nbsp;<\/p>\n<p>&nbsp;<\/p>\n<p>Aparecen como \u00e1reas de eritema o viol\u00e1ceas, ves\u00edculas y p\u00fastulas. Son frecuentemente asim\u00e9tricas.<\/p>\n<p>&nbsp;<\/p>\n<p>&nbsp;<\/p>\n<p>Este tipo de lesiones se detect\u00f3 en pacientes m\u00e1s j\u00f3venes, en las etapas tard\u00edas del proceso COVID-19, con una duraci\u00f3n de 12.7 d\u00edas y estaban asociados a un pron\u00f3stico menos grave.<\/p>\n<p>&nbsp;<\/p>\n<p>&nbsp;<\/p>\n<p><strong>3. En tanto, las lesiones urticariformes (urticaria)<\/strong> tambi\u00e9n se hicieron presentes en el 19 por ciento.<\/p>\n<p>&nbsp;<\/p>\n<p>&nbsp;<\/p>\n<p>Se han visto principalmente en el torso o dispersas por el cuerpo, en alg\u00fan caso en las palmas de las manos.<\/p>\n<p>&nbsp;<\/p>\n<p>&nbsp;<\/p>\n<p>Su duraci\u00f3n media es de 6.8 d\u00edas y suelen producir intenso picor.<\/p>\n<p>&nbsp;<\/p>\n<p>&nbsp;<\/p>\n<p>Este tipo de manifestaci\u00f3n se han observado en pacientes m\u00e1s graves y con m\u00e1s frecuencia han aparecido al mismo tiempo que otros s\u00edntomas vinculados al coronavirus.<\/p>\n<p>&nbsp;<\/p>\n<p>&nbsp;<\/p>\n<p><strong>4. Las erupciones vesiculosas (en las ves\u00edculas)<\/strong> se encontraron en el 9 por ciento. Se han visto principalmente en el torso del cuerpo.<\/p>\n<p>&nbsp;<\/p>\n<p>&nbsp;<\/p>\n<p>Consisten en peque\u00f1as ves\u00edculas monom\u00f3rficas (lesiones muy similares entre ellas) a diferencia de las que aparecen en la varicela que son polim\u00f3rficas. En ocasiones asentadas en las extremidades y pueden tener contenido hemorr\u00e1gico, agrandarse o diseminarse.<\/p>\n<p>&nbsp;<\/p>\n<p>&nbsp;<\/p>\n<p>El estudio ha mostrado que este tipo de manifestaci\u00f3n se asocia a una gravedad intermedia y es m\u00e1s frecuente en pacientes de edad media. Suelen durar unos diez d\u00edas y aparecer junto con los s\u00edntomas generales, en ocasiones antes que ellos.<\/p>\n<p>&nbsp;<\/p>\n<p>&nbsp;<\/p>\n<p><strong>5. Lesiones livedo-reticularis o necrosis<\/strong>, presentes tan solo en el 6 por ciento de los casos. Se trata de unas marcas en la piel que parecen una red.<\/p>\n<p>&nbsp;<\/p>\n<p>&nbsp;<\/p>\n<p>Han aparecido en los pacientes de m\u00e1s edad y m\u00e1s graves (en este grupo se registr\u00f3 un 10 por ciento de mortalidad).<\/p>\n<p>&nbsp;<\/p>\n<p>&nbsp;<\/p>\n<p>Cristina Galv\u00e1n Casas, del Servicio de Dermatolog\u00eda del Hospital Universitario de M\u00f3stoles en Madrid, Alba Catal\u00e0 Gonzalo, del Servicio de Dermatolog\u00eda y Venereolog\u00eda del Hospital Plat\u00f3 de Barcelona y Gregorio Carretero Hern\u00e1ndez, del Servicio de Dermatolog\u00eda del Hospital Universitario Gran Canaria Doctor Negr\u00edn de Las Palmas de Gran Canaria, lideraron el estudio en el que particip\u00f3 casi un centenar de dermat\u00f3logos espa\u00f1oles.<\/p>\n<p>&nbsp;<\/p>\n<p>&nbsp;<\/p>\n<p>El trabajo recibi\u00f3 el apoyo de la Academia Espa\u00f1ola de Dermatolog\u00eda y Venereolog\u00eda.<\/p>\n<p>&nbsp;<\/p>\n<p><iframe loading=\"lazy\" title=\"Fase 3 de COVID-19: \u00bfQu\u00e9 implica?\" width=\"640\" height=\"360\" src=\"https:\/\/www.youtube.com\/embed\/XlEqHc1tLlk?feature=oembed\" frameborder=\"0\" allow=\"accelerometer; autoplay; clipboard-write; encrypted-media; gyroscope; picture-in-picture; web-share\" referrerpolicy=\"strict-origin-when-cross-origin\" allowfullscreen><\/iframe><\/p>\n<p>&nbsp;<\/p>\n<p>(PUBLICADO EL 04\/05\/2020)<\/p>\n","protected":false},"excerpt":{"rendered":"<p>GRAN BRETA\u00d1A, REINO UNIDO. \u2014 La revista British Journal of Dermatology public\u00f3 un estudio de&#8230;<\/p>\n","protected":false},"author":1,"featured_media":84724,"comment_status":"open","ping_status":"open","sticky":false,"template":"","format":"standard","meta":{"_monsterinsights_skip_tracking":false,"_monsterinsights_sitenote_active":false,"_monsterinsights_sitenote_note":"","_monsterinsights_sitenote_category":0,"footnotes":""},"categories":[2922],"tags":[],"class_list":["post"],"yoast_head":" \n<title>Sonora en Equipo. \u00bfCambia el color de la piel con el COVID-19?<\/title>\n<meta name=\"description\" content=\"GRAN BRETA\u00d1A, REINO UNIDO. \u2014 La revista British Journal of Dermatology public\u00f3 un estudio de las manifestaciones del COVID-19 en la piel, realizado por un En Sonora en Equipo publicamos toda la informaci\u00f3n de Sonora, M\u00e9xico y el Mundo de manera oportuna y busca que la libertad de expresi\u00f3n sea real. Visita nuestro medio informativo publicado desde Hermosillo, Sonora. %\" \/>\n<meta name=\"robots\" content=\"index, follow, max-snippet:-1, max-image-preview:large, max-video-preview:-1\" \/>\n<link rel=\"canonical\" href=\"https:\/\/www.sonoraenequipo.com.mx\/cambia-el-color-de-la-piel-con-el-covid-19\/\" \/>\n<meta property=\"og:locale\" content=\"es_ES\" \/>\n<meta property=\"og:type\" content=\"article\" \/>\n<meta property=\"og:title\" content=\"Sonora en Equipo. \u00bfCambia el color de la piel con el COVID-19?\" \/>\n<meta property=\"og:description\" content=\"GRAN BRETA\u00d1A, REINO UNIDO. \u2014 La revista British Journal of Dermatology public\u00f3 un estudio de las manifestaciones del COVID-19 en la piel, realizado por un En Sonora en Equipo publicamos toda la informaci\u00f3n de Sonora, M\u00e9xico y el Mundo de manera oportuna y busca que la libertad de expresi\u00f3n sea real. Visita nuestro medio informativo publicado desde Hermosillo, Sonora. %\" \/>\n<meta property=\"og:url\" content=\"https:\/\/www.sonoraenequipo.com.mx\/cambia-el-color-de-la-piel-con-el-covid-19\/\" \/>\n<meta property=\"og:site_name\" content=\"Sonora en Equipo.\" \/>\n<meta property=\"article:publisher\" content=\"https:\/\/www.facebook.com\/SonoraEE\/\" \/>\n<meta property=\"article:author\" content=\"https:\/\/www.facebook.com\/SonoraEE\" \/>\n<meta property=\"article:published_time\" content=\"2020-05-05T06:55:15+00:00\" \/>\n<meta property=\"article:modified_time\" content=\"2020-06-20T04:05:49+00:00\" \/>\n<meta property=\"og:image\" content=\"https:\/\/www.sonoraenequipo.com.mx\/storage\/2020\/05\/coronavirus-cambiodepiel.jpg\" \/>\n\t<meta property=\"og:image:width\" content=\"900\" \/>\n\t<meta property=\"og:image:height\" content=\"400\" \/>\n\t<meta property=\"og:image:type\" content=\"image\/jpeg\" \/>\n<meta name=\"author\" content=\"enequipo\" \/>\n<meta name=\"twitter:card\" content=\"summary_large_image\" \/>\n<meta name=\"twitter:creator\" content=\"@sonoraenequipo\" \/>\n<meta name=\"twitter:site\" content=\"@sonoraenequipo\" \/>\n<meta name=\"twitter:label1\" content=\"Escrito por\" \/>\n\t<meta name=\"twitter:data1\" content=\"enequipo\" \/>\n\t<meta name=\"twitter:label2\" content=\"Tiempo de lectura\" \/>\n\t<meta name=\"twitter:data2\" content=\"3 minutos\" \/>\n<script type=\"application\/ld+json\" class=\"yoast-schema-graph\">{\"@context\":\"https:\/\/schema.org\",\"@graph\":[{\"@type\":\"Article\",\"@id\":\"https:\/\/www.sonoraenequipo.com.mx\/cambia-el-color-de-la-piel-con-el-covid-19\/#article\",\"isPartOf\":{\"@id\":\"https:\/\/www.sonoraenequipo.com.mx\/cambia-el-color-de-la-piel-con-el-covid-19\/\"},\"author\":{\"name\":\"enequipo\",\"@id\":\"https:\/\/www.sonoraenequipo.com.mx\/#\/schema\/person\/50102df0fb23a8fa9e8effad8fa81386\"},\"headline\":\"\u00bfCambia el color de la piel con el COVID-19?\",\"datePublished\":\"2020-05-05T06:55:15+00:00\",\"dateModified\":\"2020-06-20T04:05:49+00:00\",\"mainEntityOfPage\":{\"@id\":\"https:\/\/www.sonoraenequipo.com.mx\/cambia-el-color-de-la-piel-con-el-covid-19\/\"},\"wordCount\":627,\"commentCount\":0,\"publisher\":{\"@id\":\"https:\/\/www.sonoraenequipo.com.mx\/#organization\"},\"image\":{\"@id\":\"https:\/\/www.sonoraenequipo.com.mx\/cambia-el-color-de-la-piel-con-el-covid-19\/#primaryimage\"},\"thumbnailUrl\":\"https:\/\/www.sonoraenequipo.com.mx\/storage\/2020\/05\/coronavirus-cambiodepiel.jpg\",\"articleSection\":[\"Pandemia\"],\"inLanguage\":\"es\",\"potentialAction\":[{\"@type\":\"CommentAction\",\"name\":\"Comment\",\"target\":[\"https:\/\/www.sonoraenequipo.com.mx\/cambia-el-color-de-la-piel-con-el-covid-19\/#respond\"]}]},{\"@type\":\"WebPage\",\"@id\":\"https:\/\/www.sonoraenequipo.com.mx\/cambia-el-color-de-la-piel-con-el-covid-19\/\",\"url\":\"https:\/\/www.sonoraenequipo.com.mx\/cambia-el-color-de-la-piel-con-el-covid-19\/\",\"name\":\"Sonora en Equipo. \u00bfCambia el color de la piel con el COVID-19?\",\"isPartOf\":{\"@id\":\"https:\/\/www.sonoraenequipo.com.mx\/#website\"},\"primaryImageOfPage\":{\"@id\":\"https:\/\/www.sonoraenequipo.com.mx\/cambia-el-color-de-la-piel-con-el-covid-19\/#primaryimage\"},\"image\":{\"@id\":\"https:\/\/www.sonoraenequipo.com.mx\/cambia-el-color-de-la-piel-con-el-covid-19\/#primaryimage\"},\"thumbnailUrl\":\"https:\/\/www.sonoraenequipo.com.mx\/storage\/2020\/05\/coronavirus-cambiodepiel.jpg\",\"datePublished\":\"2020-05-05T06:55:15+00:00\",\"dateModified\":\"2020-06-20T04:05:49+00:00\",\"description\":\"GRAN BRETA\u00d1A, REINO UNIDO. \u2014 La revista British Journal of Dermatology public\u00f3 un estudio de las manifestaciones del COVID-19 en la piel, realizado por un En Sonora en Equipo publicamos toda la informaci\u00f3n de Sonora, M\u00e9xico y el Mundo de manera oportuna y busca que la libertad de expresi\u00f3n sea real. Visita nuestro medio informativo publicado desde Hermosillo, Sonora. %\",\"breadcrumb\":{\"@id\":\"https:\/\/www.sonoraenequipo.com.mx\/cambia-el-color-de-la-piel-con-el-covid-19\/#breadcrumb\"},\"inLanguage\":\"es\",\"potentialAction\":[{\"@type\":\"ReadAction\",\"target\":[\"https:\/\/www.sonoraenequipo.com.mx\/cambia-el-color-de-la-piel-con-el-covid-19\/\"]}]},{\"@type\":\"ImageObject\",\"inLanguage\":\"es\",\"@id\":\"https:\/\/www.sonoraenequipo.com.mx\/cambia-el-color-de-la-piel-con-el-covid-19\/#primaryimage\",\"url\":\"https:\/\/www.sonoraenequipo.com.mx\/storage\/2020\/05\/coronavirus-cambiodepiel.jpg\",\"contentUrl\":\"https:\/\/www.sonoraenequipo.com.mx\/storage\/2020\/05\/coronavirus-cambiodepiel.jpg\",\"width\":900,\"height\":400},{\"@type\":\"BreadcrumbList\",\"@id\":\"https:\/\/www.sonoraenequipo.com.mx\/cambia-el-color-de-la-piel-con-el-covid-19\/#breadcrumb\",\"itemListElement\":[{\"@type\":\"ListItem\",\"position\":1,\"name\":\"Portada\",\"item\":\"https:\/\/www.sonoraenequipo.com.mx\/\"},{\"@type\":\"ListItem\",\"position\":2,\"name\":\"\u00bfCambia el color de la piel con el COVID-19?\"}]},{\"@type\":\"WebSite\",\"@id\":\"https:\/\/www.sonoraenequipo.com.mx\/#website\",\"url\":\"https:\/\/www.sonoraenequipo.com.mx\/\",\"name\":\"Sonora en Equipo.\",\"description\":\"Diario en l\u00ednea con Noticias desde Hermosillo, Sonora\",\"publisher\":{\"@id\":\"https:\/\/www.sonoraenequipo.com.mx\/#organization\"},\"potentialAction\":[{\"@type\":\"SearchAction\",\"target\":{\"@type\":\"EntryPoint\",\"urlTemplate\":\"https:\/\/www.sonoraenequipo.com.mx\/?s={search_term_string}\"},\"query-input\":{\"@type\":\"PropertyValueSpecification\",\"valueRequired\":true,\"valueName\":\"search_term_string\"}}],\"inLanguage\":\"es\"},{\"@type\":\"Organization\",\"@id\":\"https:\/\/www.sonoraenequipo.com.mx\/#organization\",\"name\":\"Sonoraenequipo.com.mx\",\"url\":\"https:\/\/www.sonoraenequipo.com.mx\/\",\"logo\":{\"@type\":\"ImageObject\",\"inLanguage\":\"es\",\"@id\":\"https:\/\/www.sonoraenequipo.com.mx\/#\/schema\/logo\/image\/\",\"url\":\"https:\/\/www.sonoraenequipo.com.mx\/storage\/2019\/01\/sonoraenequipo_opt.png\",\"contentUrl\":\"https:\/\/www.sonoraenequipo.com.mx\/storage\/2019\/01\/sonoraenequipo_opt.png\",\"width\":375,\"height\":125,\"caption\":\"Sonoraenequipo.com.mx\"},\"image\":{\"@id\":\"https:\/\/www.sonoraenequipo.com.mx\/#\/schema\/logo\/image\/\"},\"sameAs\":[\"https:\/\/www.facebook.com\/SonoraEE\/\",\"https:\/\/x.com\/sonoraenequipo\",\"https:\/\/www.youtube.com\/channel\/UC338nW-lPEYmJQs4ZABQ1SQ\"]},{\"@type\":\"Person\",\"@id\":\"https:\/\/www.sonoraenequipo.com.mx\/#\/schema\/person\/50102df0fb23a8fa9e8effad8fa81386\",\"name\":\"enequipo\",\"image\":{\"@type\":\"ImageObject\",\"inLanguage\":\"es\",\"@id\":\"https:\/\/www.sonoraenequipo.com.mx\/#\/schema\/person\/image\/\",\"url\":\"https:\/\/secure.gravatar.com\/avatar\/049821681b589dabc0bc20695993ccebb09f5b5d4d790cd9251b97faac7c652b?s=96&d=blank&r=g\",\"contentUrl\":\"https:\/\/secure.gravatar.com\/avatar\/049821681b589dabc0bc20695993ccebb09f5b5d4d790cd9251b97faac7c652b?s=96&d=blank&r=g\",\"caption\":\"enequipo\"},\"sameAs\":[\"https:\/\/www.facebook.com\/SonoraEE\"]}]}<\/script>\n ","yoast_head_json":{"title":"Sonora en Equipo. \u00bfCambia el color de la piel con el COVID-19?","description":"GRAN BRETA\u00d1A, REINO UNIDO. \u2014 La revista British Journal of Dermatology public\u00f3 un estudio de las manifestaciones del COVID-19 en la piel, realizado por un En Sonora en Equipo publicamos toda la informaci\u00f3n de Sonora, M\u00e9xico y el Mundo de manera oportuna y busca que la libertad de expresi\u00f3n sea real. Visita nuestro medio informativo publicado desde Hermosillo, Sonora. %","robots":{"index":"index","follow":"follow","max-snippet":"max-snippet:-1","max-image-preview":"max-image-preview:large","max-video-preview":"max-video-preview:-1"},"canonical":"https:\/\/www.sonoraenequipo.com.mx\/cambia-el-color-de-la-piel-con-el-covid-19\/","og_locale":"es_ES","og_type":"article","og_title":"Sonora en Equipo. \u00bfCambia el color de la piel con el COVID-19?","og_description":"GRAN BRETA\u00d1A, REINO UNIDO. \u2014 La revista British Journal of Dermatology public\u00f3 un estudio de las manifestaciones del COVID-19 en la piel, realizado por un En Sonora en Equipo publicamos toda la informaci\u00f3n de Sonora, M\u00e9xico y el Mundo de manera oportuna y busca que la libertad de expresi\u00f3n sea real. Visita nuestro medio informativo publicado desde Hermosillo, Sonora. %","og_url":"https:\/\/www.sonoraenequipo.com.mx\/cambia-el-color-de-la-piel-con-el-covid-19\/","og_site_name":"Sonora en Equipo.","article_publisher":"https:\/\/www.facebook.com\/SonoraEE\/","article_author":"https:\/\/www.facebook.com\/SonoraEE","article_published_time":"2020-05-05T06:55:15+00:00","article_modified_time":"2020-06-20T04:05:49+00:00","og_image":[{"width":900,"height":400,"url":"https:\/\/www.sonoraenequipo.com.mx\/storage\/2020\/05\/coronavirus-cambiodepiel.jpg","type":"image\/jpeg"}],"author":"enequipo","twitter_card":"summary_large_image","twitter_creator":"@sonoraenequipo","twitter_site":"@sonoraenequipo","twitter_misc":{"Escrito por":"enequipo","Tiempo de lectura":"3 minutos"},"schema":{"@context":"https:\/\/schema.org","@graph":[{"@type":"Article","@id":"https:\/\/www.sonoraenequipo.com.mx\/cambia-el-color-de-la-piel-con-el-covid-19\/#article","isPartOf":{"@id":"https:\/\/www.sonoraenequipo.com.mx\/cambia-el-color-de-la-piel-con-el-covid-19\/"},"author":{"name":"enequipo","@id":"https:\/\/www.sonoraenequipo.com.mx\/#\/schema\/person\/50102df0fb23a8fa9e8effad8fa81386"},"headline":"\u00bfCambia el color de la piel con el COVID-19?","datePublished":"2020-05-05T06:55:15+00:00","dateModified":"2020-06-20T04:05:49+00:00","mainEntityOfPage":{"@id":"https:\/\/www.sonoraenequipo.com.mx\/cambia-el-color-de-la-piel-con-el-covid-19\/"},"wordCount":627,"commentCount":0,"publisher":{"@id":"https:\/\/www.sonoraenequipo.com.mx\/#organization"},"image":{"@id":"https:\/\/www.sonoraenequipo.com.mx\/cambia-el-color-de-la-piel-con-el-covid-19\/#primaryimage"},"thumbnailUrl":"https:\/\/www.sonoraenequipo.com.mx\/storage\/2020\/05\/coronavirus-cambiodepiel.jpg","articleSection":["Pandemia"],"inLanguage":"es","potentialAction":[{"@type":"CommentAction","name":"Comment","target":["https:\/\/www.sonoraenequipo.com.mx\/cambia-el-color-de-la-piel-con-el-covid-19\/#respond"]}]},{"@type":"WebPage","@id":"https:\/\/www.sonoraenequipo.com.mx\/cambia-el-color-de-la-piel-con-el-covid-19\/","url":"https:\/\/www.sonoraenequipo.com.mx\/cambia-el-color-de-la-piel-con-el-covid-19\/","name":"Sonora en Equipo. \u00bfCambia el color de la piel con el COVID-19?","isPartOf":{"@id":"https:\/\/www.sonoraenequipo.com.mx\/#website"},"primaryImageOfPage":{"@id":"https:\/\/www.sonoraenequipo.com.mx\/cambia-el-color-de-la-piel-con-el-covid-19\/#primaryimage"},"image":{"@id":"https:\/\/www.sonoraenequipo.com.mx\/cambia-el-color-de-la-piel-con-el-covid-19\/#primaryimage"},"thumbnailUrl":"https:\/\/www.sonoraenequipo.com.mx\/storage\/2020\/05\/coronavirus-cambiodepiel.jpg","datePublished":"2020-05-05T06:55:15+00:00","dateModified":"2020-06-20T04:05:49+00:00","description":"GRAN BRETA\u00d1A, REINO UNIDO. \u2014 La revista British Journal of Dermatology public\u00f3 un estudio de las manifestaciones del COVID-19 en la piel, realizado por un En Sonora en Equipo publicamos toda la informaci\u00f3n de Sonora, M\u00e9xico y el Mundo de manera oportuna y busca que la libertad de expresi\u00f3n sea real. Visita nuestro medio informativo publicado desde Hermosillo, Sonora. %","breadcrumb":{"@id":"https:\/\/www.sonoraenequipo.com.mx\/cambia-el-color-de-la-piel-con-el-covid-19\/#breadcrumb"},"inLanguage":"es","potentialAction":[{"@type":"ReadAction","target":["https:\/\/www.sonoraenequipo.com.mx\/cambia-el-color-de-la-piel-con-el-covid-19\/"]}]},{"@type":"ImageObject","inLanguage":"es","@id":"https:\/\/www.sonoraenequipo.com.mx\/cambia-el-color-de-la-piel-con-el-covid-19\/#primaryimage","url":"https:\/\/www.sonoraenequipo.com.mx\/storage\/2020\/05\/coronavirus-cambiodepiel.jpg","contentUrl":"https:\/\/www.sonoraenequipo.com.mx\/storage\/2020\/05\/coronavirus-cambiodepiel.jpg","width":900,"height":400},{"@type":"BreadcrumbList","@id":"https:\/\/www.sonoraenequipo.com.mx\/cambia-el-color-de-la-piel-con-el-covid-19\/#breadcrumb","itemListElement":[{"@type":"ListItem","position":1,"name":"Portada","item":"https:\/\/www.sonoraenequipo.com.mx\/"},{"@type":"ListItem","position":2,"name":"\u00bfCambia el color de la piel con el COVID-19?"}]},{"@type":"WebSite","@id":"https:\/\/www.sonoraenequipo.com.mx\/#website","url":"https:\/\/www.sonoraenequipo.com.mx\/","name":"Sonora en Equipo.","description":"Diario en l\u00ednea con Noticias desde Hermosillo, Sonora","publisher":{"@id":"https:\/\/www.sonoraenequipo.com.mx\/#organization"},"potentialAction":[{"@type":"SearchAction","target":{"@type":"EntryPoint","urlTemplate":"https:\/\/www.sonoraenequipo.com.mx\/?s={search_term_string}"},"query-input":{"@type":"PropertyValueSpecification","valueRequired":true,"valueName":"search_term_string"}}],"inLanguage":"es"},{"@type":"Organization","@id":"https:\/\/www.sonoraenequipo.com.mx\/#organization","name":"Sonoraenequipo.com.mx","url":"https:\/\/www.sonoraenequipo.com.mx\/","logo":{"@type":"ImageObject","inLanguage":"es","@id":"https:\/\/www.sonoraenequipo.com.mx\/#\/schema\/logo\/image\/","url":"https:\/\/www.sonoraenequipo.com.mx\/storage\/2019\/01\/sonoraenequipo_opt.png","contentUrl":"https:\/\/www.sonoraenequipo.com.mx\/storage\/2019\/01\/sonoraenequipo_opt.png","width":375,"height":125,"caption":"Sonoraenequipo.com.mx"},"image":{"@id":"https:\/\/www.sonoraenequipo.com.mx\/#\/schema\/logo\/image\/"},"sameAs":["https:\/\/www.facebook.com\/SonoraEE\/","https:\/\/x.com\/sonoraenequipo","https:\/\/www.youtube.com\/channel\/UC338nW-lPEYmJQs4ZABQ1SQ"]},{"@type":"Person","@id":"https:\/\/www.sonoraenequipo.com.mx\/#\/schema\/person\/50102df0fb23a8fa9e8effad8fa81386","name":"enequipo","image":{"@type":"ImageObject","inLanguage":"es","@id":"https:\/\/www.sonoraenequipo.com.mx\/#\/schema\/person\/image\/","url":"https:\/\/secure.gravatar.com\/avatar\/049821681b589dabc0bc20695993ccebb09f5b5d4d790cd9251b97faac7c652b?s=96&d=blank&r=g","contentUrl":"https:\/\/secure.gravatar.com\/avatar\/049821681b589dabc0bc20695993ccebb09f5b5d4d790cd9251b97faac7c652b?s=96&d=blank&r=g","caption":"enequipo"},"sameAs":["https:\/\/www.facebook.com\/SonoraEE"]}]}},"jetpack_featured_media_url":"https:\/\/www.sonoraenequipo.com.mx\/storage\/2020\/05\/coronavirus-cambiodepiel.jpg","_links":{"self":[{"href":"https:\/\/www.sonoraenequipo.com.mx\/api\/wp\/v2\/posts\/84723","targetHints":{"allow":["GET"]}}],"collection":[{"href":"https:\/\/www.sonoraenequipo.com.mx\/api\/wp\/v2\/posts"}],"about":[{"href":"https:\/\/www.sonoraenequipo.com.mx\/api\/wp\/v2\/types\/post"}],"author":[{"embeddable":true,"href":"https:\/\/www.sonoraenequipo.com.mx\/api\/wp\/v2\/users\/1"}],"replies":[{"embeddable":true,"href":"https:\/\/www.sonoraenequipo.com.mx\/api\/wp\/v2\/comments?post=84723"}],"version-history":[{"count":0,"href":"https:\/\/www.sonoraenequipo.com.mx\/api\/wp\/v2\/posts\/84723\/revisions"}],"wp:featuredmedia":[{"embeddable":true,"href":"https:\/\/www.sonoraenequipo.com.mx\/api\/wp\/v2\/media\/84724"}],"wp:attachment":[{"href":"https:\/\/www.sonoraenequipo.com.mx\/api\/wp\/v2\/media?parent=84723"}],"wp:term":[{"taxonomy":"category","embeddable":true,"href":"https:\/\/www.sonoraenequipo.com.mx\/api\/wp\/v2\/categories?post=84723"},{"taxonomy":"post_tag","embeddable":true,"href":"https:\/\/www.sonoraenequipo.com.mx\/api\/wp\/v2\/tags?post=84723"}],"curies":[{"name":"wp","href":"https:\/\/api.w.org\/{rel}","templated":true}]}}