{"id":85261,"date":"2020-05-11T13:03:27","date_gmt":"2020-05-11T20:03:27","guid":{"rendered":"https:\/\/www.sonoraenequipo.com.mx\/?p=85261"},"modified":"2020-05-11T13:03:27","modified_gmt":"2020-05-11T20:03:27","slug":"ley-bonilla-fue-un-fraude-a-la-ley-y-a-la-voluntad-popular-magistrados-scjn","status":"publish","type":"post","link":"https:\/\/www.sonoraenequipo.com.mx\/ley-bonilla-fue-un-fraude-a-la-ley-y-a-la-voluntad-popular-magistrados-scjn\/","title":{"rendered":"Ley Bonilla fue un fraude a la ley y a la voluntad popular: magistrados SCJN"},"content":{"rendered":"<p>CIUDAD DE M\u00c9XICO. Por unanimidad, la Suprema Corte de Justicia de la Naci\u00f3n (SCJN), declar\u00f3hoy \u00a0inconstitucional la llamada \u00abLey Bonilla\u00bb, que habr\u00eda permitido que el actual gobernador de Baja California, Jaime Bonilla Valdez, ejerciera el poder por cinco a\u00f1os, y no s\u00f3lo por los dos para los que fue electo. <\/p>\n<p>&nbsp;<\/p>\n<p>La mayor\u00eda de los ministros se refirieron a la \u00abLey Bonilla\u00bb como un fraude a la Constituci\u00f3n, a la ley y a la voluntad popular.<\/p>\n<p>&nbsp;<\/p>\n<p>El ministro ponente, Fernando Franco, argument\u00f3 que los ciudadanos al momento de votar deben tener la certeza de para qu\u00e9 cargo y por cu\u00e1nto tiempo eligen a sus representantes, y esto no ocurri\u00f3 en el caso.<\/p>\n<p>&nbsp;<\/p>\n<p>Por ello, apunt\u00f3 el ministro Juan Luis Gonz\u00e1lez Alc\u00e1ntara Carranc\u00e1, se violent\u00f3 el principio de certeza jur\u00eddica al alargar el periodo de gobierno una vez que ya hab\u00eda sido electo el gobernador.<\/p>\n<p>&nbsp;<\/p>\n<p>A su vez, el ministro Alfredo Guti\u00e9rrez Ortiz Mena advirti\u00f3 que la Ley Bonilla era pr\u00e1cticamente una reelecci\u00f3n, lo que se\u00f1al\u00f3 \u201ctiene una potente carga hist\u00f3rica\u201d y \u201cataca el coraz\u00f3n del sistema democr\u00e1tico.\u201d<\/p>\n<p>&nbsp;<\/p>\n<p>Contrario a la costumbre, el presidente de la SCJN, Arturo Zald\u00edvar, hizo uso de la palabra a la mitad, y no al final del debate, para fijar su postura, donde afirm\u00f3 que la Ley Bonilla fue una maquinaci\u00f3n por la cual se pretendi\u00f3 violar la voluntad popular.<\/p>\n<p>&nbsp;<\/p>\n<p>La ministra Norma Luc\u00eda Pi\u00f1a se sum\u00f3 a la mayor\u00eda advirtiendo que estas reformas a la constituci\u00f3n de Baja California son \u201cun atentado contra la democracia y contra nuestra constituci\u00f3n.\u201d<\/p>\n<p>&nbsp;<\/p>\n<p>As\u00ed, sin ning\u00fan voto en contra y en poco m\u00e1s de dos horas, la SCJN invalid\u00f3 la Ley Bonilla y orden\u00f3, como efectos de su sentencia, que se vuelva a aplicar el texto anterior de la constituci\u00f3n del estado, donde se establece que el gobierno de Bonilla Valdez terminar\u00e1 el 31 de octubre de 2021.<\/p>\n<p>Fecha de Publicaci\u00f3n 11\/may\/2020\/con informaci\u00f3n de LaJornada<\/p>\n<p>&nbsp;<\/p>\n","protected":false},"excerpt":{"rendered":"<p>CIUDAD DE M\u00c9XICO. Por unanimidad, la Suprema Corte de Justicia de la Naci\u00f3n (SCJN), declar\u00f3hoy&#8230;<\/p>\n","protected":false},"author":1,"featured_media":60714,"comment_status":"open","ping_status":"open","sticky":false,"template":"","format":"standard","meta":{"_monsterinsights_skip_tracking":false,"_monsterinsights_sitenote_active":false,"_monsterinsights_sitenote_note":"","_monsterinsights_sitenote_category":0,"footnotes":""},"categories":[5],"tags":[4419],"class_list":["post"],"yoast_head":" \n<title>Sonora en Equipo. Ley Bonilla fue un fraude a la ley y a la voluntad popular: magistrados SCJN Rep\u00fablica<\/title>\n<meta name=\"description\" content=\"CIUDAD DE M\u00c9XICO. Por unanimidad, la Suprema Corte de Justicia de la Naci\u00f3n (SCJN), declar\u00f3hoy \u00a0inconstitucional la llamada &quot;Ley Bonilla&quot;, que habr\u00eda En Sonora en Equipo publicamos toda la informaci\u00f3n de Sonora, M\u00e9xico y el Mundo de manera oportuna y busca que la libertad de expresi\u00f3n sea real. Visita nuestro medio informativo publicado desde Hermosillo, Sonora. %\" \/>\n<meta name=\"robots\" content=\"index, follow, max-snippet:-1, max-image-preview:large, max-video-preview:-1\" \/>\n<link rel=\"canonical\" href=\"https:\/\/www.sonoraenequipo.com.mx\/ley-bonilla-fue-un-fraude-a-la-ley-y-a-la-voluntad-popular-magistrados-scjn\/\" \/>\n<meta property=\"og:locale\" content=\"es_ES\" \/>\n<meta property=\"og:type\" content=\"article\" \/>\n<meta property=\"og:title\" content=\"Sonora en Equipo. Ley Bonilla fue un fraude a la ley y a la voluntad popular: magistrados SCJN Rep\u00fablica\" \/>\n<meta property=\"og:description\" content=\"CIUDAD DE M\u00c9XICO. Por unanimidad, la Suprema Corte de Justicia de la Naci\u00f3n (SCJN), declar\u00f3hoy \u00a0inconstitucional la llamada &quot;Ley Bonilla&quot;, que habr\u00eda En Sonora en Equipo publicamos toda la informaci\u00f3n de Sonora, M\u00e9xico y el Mundo de manera oportuna y busca que la libertad de expresi\u00f3n sea real. Visita nuestro medio informativo publicado desde Hermosillo, Sonora. %\" \/>\n<meta property=\"og:url\" content=\"https:\/\/www.sonoraenequipo.com.mx\/ley-bonilla-fue-un-fraude-a-la-ley-y-a-la-voluntad-popular-magistrados-scjn\/\" \/>\n<meta property=\"og:site_name\" content=\"Sonora en Equipo.\" \/>\n<meta property=\"article:publisher\" content=\"https:\/\/www.facebook.com\/SonoraEE\/\" \/>\n<meta property=\"article:author\" content=\"https:\/\/www.facebook.com\/SonoraEE\" \/>\n<meta property=\"article:published_time\" content=\"2020-05-11T20:03:27+00:00\" \/>\n<meta property=\"og:image\" content=\"https:\/\/www.sonoraenequipo.com.mx\/storage\/2019\/05\/martillo-juez.jpg\" \/>\n\t<meta property=\"og:image:width\" content=\"500\" \/>\n\t<meta property=\"og:image:height\" content=\"333\" \/>\n\t<meta property=\"og:image:type\" content=\"image\/jpeg\" \/>\n<meta name=\"author\" content=\"enequipo\" \/>\n<meta name=\"twitter:card\" content=\"summary_large_image\" \/>\n<meta name=\"twitter:creator\" content=\"@sonoraenequipo\" \/>\n<meta name=\"twitter:site\" content=\"@sonoraenequipo\" \/>\n<meta name=\"twitter:label1\" content=\"Escrito por\" \/>\n\t<meta name=\"twitter:data1\" content=\"enequipo\" \/>\n\t<meta name=\"twitter:label2\" content=\"Tiempo de lectura\" \/>\n\t<meta name=\"twitter:data2\" content=\"2 minutos\" \/>\n<script type=\"application\/ld+json\" class=\"yoast-schema-graph\">{\"@context\":\"https:\/\/schema.org\",\"@graph\":[{\"@type\":\"Article\",\"@id\":\"https:\/\/www.sonoraenequipo.com.mx\/ley-bonilla-fue-un-fraude-a-la-ley-y-a-la-voluntad-popular-magistrados-scjn\/#article\",\"isPartOf\":{\"@id\":\"https:\/\/www.sonoraenequipo.com.mx\/ley-bonilla-fue-un-fraude-a-la-ley-y-a-la-voluntad-popular-magistrados-scjn\/\"},\"author\":{\"name\":\"enequipo\",\"@id\":\"https:\/\/www.sonoraenequipo.com.mx\/#\/schema\/person\/50102df0fb23a8fa9e8effad8fa81386\"},\"headline\":\"Ley Bonilla fue un fraude a la ley y a la voluntad popular: magistrados SCJN\",\"datePublished\":\"2020-05-11T20:03:27+00:00\",\"mainEntityOfPage\":{\"@id\":\"https:\/\/www.sonoraenequipo.com.mx\/ley-bonilla-fue-un-fraude-a-la-ley-y-a-la-voluntad-popular-magistrados-scjn\/\"},\"wordCount\":369,\"commentCount\":0,\"publisher\":{\"@id\":\"https:\/\/www.sonoraenequipo.com.mx\/#organization\"},\"image\":{\"@id\":\"https:\/\/www.sonoraenequipo.com.mx\/ley-bonilla-fue-un-fraude-a-la-ley-y-a-la-voluntad-popular-magistrados-scjn\/#primaryimage\"},\"thumbnailUrl\":\"https:\/\/www.sonoraenequipo.com.mx\/storage\/2019\/05\/martillo-juez.jpg\",\"keywords\":[\"Jaime Bonilla Valdez\"],\"articleSection\":[\"Rep\u00fablica\"],\"inLanguage\":\"es\",\"potentialAction\":[{\"@type\":\"CommentAction\",\"name\":\"Comment\",\"target\":[\"https:\/\/www.sonoraenequipo.com.mx\/ley-bonilla-fue-un-fraude-a-la-ley-y-a-la-voluntad-popular-magistrados-scjn\/#respond\"]}]},{\"@type\":\"WebPage\",\"@id\":\"https:\/\/www.sonoraenequipo.com.mx\/ley-bonilla-fue-un-fraude-a-la-ley-y-a-la-voluntad-popular-magistrados-scjn\/\",\"url\":\"https:\/\/www.sonoraenequipo.com.mx\/ley-bonilla-fue-un-fraude-a-la-ley-y-a-la-voluntad-popular-magistrados-scjn\/\",\"name\":\"Sonora en Equipo. Ley Bonilla fue un fraude a la ley y a la voluntad popular: magistrados SCJN Rep\u00fablica\",\"isPartOf\":{\"@id\":\"https:\/\/www.sonoraenequipo.com.mx\/#website\"},\"primaryImageOfPage\":{\"@id\":\"https:\/\/www.sonoraenequipo.com.mx\/ley-bonilla-fue-un-fraude-a-la-ley-y-a-la-voluntad-popular-magistrados-scjn\/#primaryimage\"},\"image\":{\"@id\":\"https:\/\/www.sonoraenequipo.com.mx\/ley-bonilla-fue-un-fraude-a-la-ley-y-a-la-voluntad-popular-magistrados-scjn\/#primaryimage\"},\"thumbnailUrl\":\"https:\/\/www.sonoraenequipo.com.mx\/storage\/2019\/05\/martillo-juez.jpg\",\"datePublished\":\"2020-05-11T20:03:27+00:00\",\"description\":\"CIUDAD DE M\u00c9XICO. Por unanimidad, la Suprema Corte de Justicia de la Naci\u00f3n (SCJN), declar\u00f3hoy \u00a0inconstitucional la llamada \\\"Ley Bonilla\\\", que habr\u00eda En Sonora en Equipo publicamos toda la informaci\u00f3n de Sonora, M\u00e9xico y el Mundo de manera oportuna y busca que la libertad de expresi\u00f3n sea real. Visita nuestro medio informativo publicado desde Hermosillo, Sonora. %\",\"breadcrumb\":{\"@id\":\"https:\/\/www.sonoraenequipo.com.mx\/ley-bonilla-fue-un-fraude-a-la-ley-y-a-la-voluntad-popular-magistrados-scjn\/#breadcrumb\"},\"inLanguage\":\"es\",\"potentialAction\":[{\"@type\":\"ReadAction\",\"target\":[\"https:\/\/www.sonoraenequipo.com.mx\/ley-bonilla-fue-un-fraude-a-la-ley-y-a-la-voluntad-popular-magistrados-scjn\/\"]}]},{\"@type\":\"ImageObject\",\"inLanguage\":\"es\",\"@id\":\"https:\/\/www.sonoraenequipo.com.mx\/ley-bonilla-fue-un-fraude-a-la-ley-y-a-la-voluntad-popular-magistrados-scjn\/#primaryimage\",\"url\":\"https:\/\/www.sonoraenequipo.com.mx\/storage\/2019\/05\/martillo-juez.jpg\",\"contentUrl\":\"https:\/\/www.sonoraenequipo.com.mx\/storage\/2019\/05\/martillo-juez.jpg\",\"width\":500,\"height\":333},{\"@type\":\"BreadcrumbList\",\"@id\":\"https:\/\/www.sonoraenequipo.com.mx\/ley-bonilla-fue-un-fraude-a-la-ley-y-a-la-voluntad-popular-magistrados-scjn\/#breadcrumb\",\"itemListElement\":[{\"@type\":\"ListItem\",\"position\":1,\"name\":\"Portada\",\"item\":\"https:\/\/www.sonoraenequipo.com.mx\/\"},{\"@type\":\"ListItem\",\"position\":2,\"name\":\"Ley Bonilla fue un fraude a la ley y a la voluntad popular: magistrados SCJN\"}]},{\"@type\":\"WebSite\",\"@id\":\"https:\/\/www.sonoraenequipo.com.mx\/#website\",\"url\":\"https:\/\/www.sonoraenequipo.com.mx\/\",\"name\":\"Sonora en Equipo.\",\"description\":\"Diario en l\u00ednea con Noticias desde Hermosillo, Sonora\",\"publisher\":{\"@id\":\"https:\/\/www.sonoraenequipo.com.mx\/#organization\"},\"potentialAction\":[{\"@type\":\"SearchAction\",\"target\":{\"@type\":\"EntryPoint\",\"urlTemplate\":\"https:\/\/www.sonoraenequipo.com.mx\/?s={search_term_string}\"},\"query-input\":{\"@type\":\"PropertyValueSpecification\",\"valueRequired\":true,\"valueName\":\"search_term_string\"}}],\"inLanguage\":\"es\"},{\"@type\":\"Organization\",\"@id\":\"https:\/\/www.sonoraenequipo.com.mx\/#organization\",\"name\":\"Sonoraenequipo.com.mx\",\"url\":\"https:\/\/www.sonoraenequipo.com.mx\/\",\"logo\":{\"@type\":\"ImageObject\",\"inLanguage\":\"es\",\"@id\":\"https:\/\/www.sonoraenequipo.com.mx\/#\/schema\/logo\/image\/\",\"url\":\"https:\/\/www.sonoraenequipo.com.mx\/storage\/2019\/01\/sonoraenequipo_opt.png\",\"contentUrl\":\"https:\/\/www.sonoraenequipo.com.mx\/storage\/2019\/01\/sonoraenequipo_opt.png\",\"width\":375,\"height\":125,\"caption\":\"Sonoraenequipo.com.mx\"},\"image\":{\"@id\":\"https:\/\/www.sonoraenequipo.com.mx\/#\/schema\/logo\/image\/\"},\"sameAs\":[\"https:\/\/www.facebook.com\/SonoraEE\/\",\"https:\/\/x.com\/sonoraenequipo\",\"https:\/\/www.youtube.com\/channel\/UC338nW-lPEYmJQs4ZABQ1SQ\"]},{\"@type\":\"Person\",\"@id\":\"https:\/\/www.sonoraenequipo.com.mx\/#\/schema\/person\/50102df0fb23a8fa9e8effad8fa81386\",\"name\":\"enequipo\",\"image\":{\"@type\":\"ImageObject\",\"inLanguage\":\"es\",\"@id\":\"https:\/\/www.sonoraenequipo.com.mx\/#\/schema\/person\/image\/\",\"url\":\"https:\/\/secure.gravatar.com\/avatar\/049821681b589dabc0bc20695993ccebb09f5b5d4d790cd9251b97faac7c652b?s=96&d=blank&r=g\",\"contentUrl\":\"https:\/\/secure.gravatar.com\/avatar\/049821681b589dabc0bc20695993ccebb09f5b5d4d790cd9251b97faac7c652b?s=96&d=blank&r=g\",\"caption\":\"enequipo\"},\"sameAs\":[\"https:\/\/www.facebook.com\/SonoraEE\"]}]}<\/script>\n ","yoast_head_json":{"title":"Sonora en Equipo. Ley Bonilla fue un fraude a la ley y a la voluntad popular: magistrados SCJN Rep\u00fablica","description":"CIUDAD DE M\u00c9XICO. Por unanimidad, la Suprema Corte de Justicia de la Naci\u00f3n (SCJN), declar\u00f3hoy \u00a0inconstitucional la llamada \"Ley Bonilla\", que habr\u00eda En Sonora en Equipo publicamos toda la informaci\u00f3n de Sonora, M\u00e9xico y el Mundo de manera oportuna y busca que la libertad de expresi\u00f3n sea real. Visita nuestro medio informativo publicado desde Hermosillo, Sonora. %","robots":{"index":"index","follow":"follow","max-snippet":"max-snippet:-1","max-image-preview":"max-image-preview:large","max-video-preview":"max-video-preview:-1"},"canonical":"https:\/\/www.sonoraenequipo.com.mx\/ley-bonilla-fue-un-fraude-a-la-ley-y-a-la-voluntad-popular-magistrados-scjn\/","og_locale":"es_ES","og_type":"article","og_title":"Sonora en Equipo. Ley Bonilla fue un fraude a la ley y a la voluntad popular: magistrados SCJN Rep\u00fablica","og_description":"CIUDAD DE M\u00c9XICO. Por unanimidad, la Suprema Corte de Justicia de la Naci\u00f3n (SCJN), declar\u00f3hoy \u00a0inconstitucional la llamada \"Ley Bonilla\", que habr\u00eda En Sonora en Equipo publicamos toda la informaci\u00f3n de Sonora, M\u00e9xico y el Mundo de manera oportuna y busca que la libertad de expresi\u00f3n sea real. Visita nuestro medio informativo publicado desde Hermosillo, Sonora. %","og_url":"https:\/\/www.sonoraenequipo.com.mx\/ley-bonilla-fue-un-fraude-a-la-ley-y-a-la-voluntad-popular-magistrados-scjn\/","og_site_name":"Sonora en Equipo.","article_publisher":"https:\/\/www.facebook.com\/SonoraEE\/","article_author":"https:\/\/www.facebook.com\/SonoraEE","article_published_time":"2020-05-11T20:03:27+00:00","og_image":[{"width":500,"height":333,"url":"https:\/\/www.sonoraenequipo.com.mx\/storage\/2019\/05\/martillo-juez.jpg","type":"image\/jpeg"}],"author":"enequipo","twitter_card":"summary_large_image","twitter_creator":"@sonoraenequipo","twitter_site":"@sonoraenequipo","twitter_misc":{"Escrito por":"enequipo","Tiempo de lectura":"2 minutos"},"schema":{"@context":"https:\/\/schema.org","@graph":[{"@type":"Article","@id":"https:\/\/www.sonoraenequipo.com.mx\/ley-bonilla-fue-un-fraude-a-la-ley-y-a-la-voluntad-popular-magistrados-scjn\/#article","isPartOf":{"@id":"https:\/\/www.sonoraenequipo.com.mx\/ley-bonilla-fue-un-fraude-a-la-ley-y-a-la-voluntad-popular-magistrados-scjn\/"},"author":{"name":"enequipo","@id":"https:\/\/www.sonoraenequipo.com.mx\/#\/schema\/person\/50102df0fb23a8fa9e8effad8fa81386"},"headline":"Ley Bonilla fue un fraude a la ley y a la voluntad popular: magistrados SCJN","datePublished":"2020-05-11T20:03:27+00:00","mainEntityOfPage":{"@id":"https:\/\/www.sonoraenequipo.com.mx\/ley-bonilla-fue-un-fraude-a-la-ley-y-a-la-voluntad-popular-magistrados-scjn\/"},"wordCount":369,"commentCount":0,"publisher":{"@id":"https:\/\/www.sonoraenequipo.com.mx\/#organization"},"image":{"@id":"https:\/\/www.sonoraenequipo.com.mx\/ley-bonilla-fue-un-fraude-a-la-ley-y-a-la-voluntad-popular-magistrados-scjn\/#primaryimage"},"thumbnailUrl":"https:\/\/www.sonoraenequipo.com.mx\/storage\/2019\/05\/martillo-juez.jpg","keywords":["Jaime Bonilla Valdez"],"articleSection":["Rep\u00fablica"],"inLanguage":"es","potentialAction":[{"@type":"CommentAction","name":"Comment","target":["https:\/\/www.sonoraenequipo.com.mx\/ley-bonilla-fue-un-fraude-a-la-ley-y-a-la-voluntad-popular-magistrados-scjn\/#respond"]}]},{"@type":"WebPage","@id":"https:\/\/www.sonoraenequipo.com.mx\/ley-bonilla-fue-un-fraude-a-la-ley-y-a-la-voluntad-popular-magistrados-scjn\/","url":"https:\/\/www.sonoraenequipo.com.mx\/ley-bonilla-fue-un-fraude-a-la-ley-y-a-la-voluntad-popular-magistrados-scjn\/","name":"Sonora en Equipo. Ley Bonilla fue un fraude a la ley y a la voluntad popular: magistrados SCJN Rep\u00fablica","isPartOf":{"@id":"https:\/\/www.sonoraenequipo.com.mx\/#website"},"primaryImageOfPage":{"@id":"https:\/\/www.sonoraenequipo.com.mx\/ley-bonilla-fue-un-fraude-a-la-ley-y-a-la-voluntad-popular-magistrados-scjn\/#primaryimage"},"image":{"@id":"https:\/\/www.sonoraenequipo.com.mx\/ley-bonilla-fue-un-fraude-a-la-ley-y-a-la-voluntad-popular-magistrados-scjn\/#primaryimage"},"thumbnailUrl":"https:\/\/www.sonoraenequipo.com.mx\/storage\/2019\/05\/martillo-juez.jpg","datePublished":"2020-05-11T20:03:27+00:00","description":"CIUDAD DE M\u00c9XICO. Por unanimidad, la Suprema Corte de Justicia de la Naci\u00f3n (SCJN), declar\u00f3hoy \u00a0inconstitucional la llamada \"Ley Bonilla\", que habr\u00eda En Sonora en Equipo publicamos toda la informaci\u00f3n de Sonora, M\u00e9xico y el Mundo de manera oportuna y busca que la libertad de expresi\u00f3n sea real. Visita nuestro medio informativo publicado desde Hermosillo, Sonora. %","breadcrumb":{"@id":"https:\/\/www.sonoraenequipo.com.mx\/ley-bonilla-fue-un-fraude-a-la-ley-y-a-la-voluntad-popular-magistrados-scjn\/#breadcrumb"},"inLanguage":"es","potentialAction":[{"@type":"ReadAction","target":["https:\/\/www.sonoraenequipo.com.mx\/ley-bonilla-fue-un-fraude-a-la-ley-y-a-la-voluntad-popular-magistrados-scjn\/"]}]},{"@type":"ImageObject","inLanguage":"es","@id":"https:\/\/www.sonoraenequipo.com.mx\/ley-bonilla-fue-un-fraude-a-la-ley-y-a-la-voluntad-popular-magistrados-scjn\/#primaryimage","url":"https:\/\/www.sonoraenequipo.com.mx\/storage\/2019\/05\/martillo-juez.jpg","contentUrl":"https:\/\/www.sonoraenequipo.com.mx\/storage\/2019\/05\/martillo-juez.jpg","width":500,"height":333},{"@type":"BreadcrumbList","@id":"https:\/\/www.sonoraenequipo.com.mx\/ley-bonilla-fue-un-fraude-a-la-ley-y-a-la-voluntad-popular-magistrados-scjn\/#breadcrumb","itemListElement":[{"@type":"ListItem","position":1,"name":"Portada","item":"https:\/\/www.sonoraenequipo.com.mx\/"},{"@type":"ListItem","position":2,"name":"Ley Bonilla fue un fraude a la ley y a la voluntad popular: magistrados SCJN"}]},{"@type":"WebSite","@id":"https:\/\/www.sonoraenequipo.com.mx\/#website","url":"https:\/\/www.sonoraenequipo.com.mx\/","name":"Sonora en Equipo.","description":"Diario en l\u00ednea con Noticias desde Hermosillo, Sonora","publisher":{"@id":"https:\/\/www.sonoraenequipo.com.mx\/#organization"},"potentialAction":[{"@type":"SearchAction","target":{"@type":"EntryPoint","urlTemplate":"https:\/\/www.sonoraenequipo.com.mx\/?s={search_term_string}"},"query-input":{"@type":"PropertyValueSpecification","valueRequired":true,"valueName":"search_term_string"}}],"inLanguage":"es"},{"@type":"Organization","@id":"https:\/\/www.sonoraenequipo.com.mx\/#organization","name":"Sonoraenequipo.com.mx","url":"https:\/\/www.sonoraenequipo.com.mx\/","logo":{"@type":"ImageObject","inLanguage":"es","@id":"https:\/\/www.sonoraenequipo.com.mx\/#\/schema\/logo\/image\/","url":"https:\/\/www.sonoraenequipo.com.mx\/storage\/2019\/01\/sonoraenequipo_opt.png","contentUrl":"https:\/\/www.sonoraenequipo.com.mx\/storage\/2019\/01\/sonoraenequipo_opt.png","width":375,"height":125,"caption":"Sonoraenequipo.com.mx"},"image":{"@id":"https:\/\/www.sonoraenequipo.com.mx\/#\/schema\/logo\/image\/"},"sameAs":["https:\/\/www.facebook.com\/SonoraEE\/","https:\/\/x.com\/sonoraenequipo","https:\/\/www.youtube.com\/channel\/UC338nW-lPEYmJQs4ZABQ1SQ"]},{"@type":"Person","@id":"https:\/\/www.sonoraenequipo.com.mx\/#\/schema\/person\/50102df0fb23a8fa9e8effad8fa81386","name":"enequipo","image":{"@type":"ImageObject","inLanguage":"es","@id":"https:\/\/www.sonoraenequipo.com.mx\/#\/schema\/person\/image\/","url":"https:\/\/secure.gravatar.com\/avatar\/049821681b589dabc0bc20695993ccebb09f5b5d4d790cd9251b97faac7c652b?s=96&d=blank&r=g","contentUrl":"https:\/\/secure.gravatar.com\/avatar\/049821681b589dabc0bc20695993ccebb09f5b5d4d790cd9251b97faac7c652b?s=96&d=blank&r=g","caption":"enequipo"},"sameAs":["https:\/\/www.facebook.com\/SonoraEE"]}]}},"jetpack_featured_media_url":"https:\/\/www.sonoraenequipo.com.mx\/storage\/2019\/05\/martillo-juez.jpg","_links":{"self":[{"href":"https:\/\/www.sonoraenequipo.com.mx\/api\/wp\/v2\/posts\/85261","targetHints":{"allow":["GET"]}}],"collection":[{"href":"https:\/\/www.sonoraenequipo.com.mx\/api\/wp\/v2\/posts"}],"about":[{"href":"https:\/\/www.sonoraenequipo.com.mx\/api\/wp\/v2\/types\/post"}],"author":[{"embeddable":true,"href":"https:\/\/www.sonoraenequipo.com.mx\/api\/wp\/v2\/users\/1"}],"replies":[{"embeddable":true,"href":"https:\/\/www.sonoraenequipo.com.mx\/api\/wp\/v2\/comments?post=85261"}],"version-history":[{"count":0,"href":"https:\/\/www.sonoraenequipo.com.mx\/api\/wp\/v2\/posts\/85261\/revisions"}],"wp:featuredmedia":[{"embeddable":true,"href":"https:\/\/www.sonoraenequipo.com.mx\/api\/wp\/v2\/media\/60714"}],"wp:attachment":[{"href":"https:\/\/www.sonoraenequipo.com.mx\/api\/wp\/v2\/media?parent=85261"}],"wp:term":[{"taxonomy":"category","embeddable":true,"href":"https:\/\/www.sonoraenequipo.com.mx\/api\/wp\/v2\/categories?post=85261"},{"taxonomy":"post_tag","embeddable":true,"href":"https:\/\/www.sonoraenequipo.com.mx\/api\/wp\/v2\/tags?post=85261"}],"curies":[{"name":"wp","href":"https:\/\/api.w.org\/{rel}","templated":true}]}}