{"id":85286,"date":"2020-05-11T12:40:59","date_gmt":"2020-05-11T19:40:59","guid":{"rendered":"https:\/\/www.sonoraenequipo.com.mx\/?p=85286"},"modified":"2020-05-25T13:51:59","modified_gmt":"2020-05-25T20:51:59","slug":"aumentan-casos-positivos-de-covid-19-en-ninas-y-ninos","status":"publish","type":"post","link":"https:\/\/www.sonoraenequipo.com.mx\/aumentan-casos-positivos-de-covid-19-en-ninas-y-ninos\/","title":{"rendered":"Aumentan casos positivos de Covid-19 en ni\u00f1as y ni\u00f1os"},"content":{"rendered":"<p>HERMOSILLO, SONORA. MX. \u2014\u00a0 Aunque los casos pedi\u00e1tricos de Covid-19 en el estado representan solo el 1.2% del total de contagios registrados, estos han crecido r\u00e1pidamente en los \u00faltimos d\u00edas, por lo que es importante seguir resguardando a las ni\u00f1as y ni\u00f1os en sus hogares, destac\u00f3 Gerardo \u00c1lvarez Hern\u00e1ndez, director general de Promoci\u00f3n a la Salud y Prevenci\u00f3n de Enfermedades.<\/p>\n<p>&nbsp;<\/p>\n<p>&nbsp;<\/p>\n<p> <\/p>\n<p>&nbsp;<\/p>\n<p>&nbsp;<\/p>\n<p>Explic\u00f3 que durante el primer mes de la epidemia no se tuvieron casos, mientras que a partir del 19 de abril y hasta el 2 de mayo se registr\u00f3 un solo caso, pero desde esa fecha se han agregado seis infantes, menores de 15 a\u00f1os de edad, al registro de pacientes Covid.<\/p>\n<p>&nbsp;<\/p>\n<p>&nbsp;<\/p>\n<p>\u00c1lvarez Hern\u00e1ndez expuso que aun cuando se trata de casos moderados o leves y de r\u00e1pida recuperaci\u00f3n, estos se convierten en potenciales transmisores a otros miembros de sus familias.<\/p>\n<p>&nbsp;<\/p>\n<p>&nbsp;<\/p>\n<p><em>\u201cEllos se convierten en sujetos que contagian a sus familiares, y por supuesto no es un tema menor que olvidemos o que pensemos que los ni\u00f1os no van estar en riesgo, ellos est\u00e1n igual que nosotros en riego, y ellos se convierten tambi\u00e9n involuntariamente en fuentes de contagio, as\u00ed como ha crecido en la carga de la poblaci\u00f3n tambi\u00e9n ha crecido en los ni\u00f1os, entonces en los \u00faltimos 10 d\u00edas hemos tenido ya seis casos pedi\u00e1tricos, y esto es un dato importante\u201d,<\/em> indic\u00f3.<\/p>\n<p>&nbsp;<\/p>\n<p>&nbsp;<\/p>\n<p>Con las 49 defunciones registradas en Sonora, la letalidad alcanza un 8.3%, esto es por debajo de la media nacional que es de 9.9%, por lo que Sonora se ubica en la vig\u00e9sima primera posici\u00f3n nacional en este rubro.<\/p>\n<p>&nbsp;<\/p>\n<p>&nbsp;<\/p>\n<p>En Sonora han fallecido 18 personas que ten\u00edan menos de 60 a\u00f1os, por lo que la letalidad dentro de este grupo es de 3.6%, mientras que en pacientes mayores de esta edad se han registrado 31 decesos, que representan una letalidad del 31%, lo que exige un mayor cuidado con ellos, especialmente si tienen comorbilidades.<\/p>\n<p>&nbsp;<\/p>\n<p>&nbsp;<\/p>\n<p>El director general de Promoci\u00f3n a la Salud y Prevenci\u00f3n de Enfermedades llam\u00f3 a la poblaci\u00f3n a no relajar las medidas de prevenci\u00f3n y de distanciamiento social, ya que Sonora atraviesa por la etapa de mayor riesgo de contagios, y solo si la poblaci\u00f3n acata las recomendaciones y permanece en sus casas, se podr\u00e1 dar un regreso gradual a las actividades no esenciales.<\/p>\n<p>&nbsp;<\/p>\n<p>&nbsp;<\/p>\n<p><em>\u201cNo hay nada qu\u00e9 ocultar, es un escenario de riesgo, y es como se se\u00f1al\u00f3 en la rueda de prensa del s\u00e1bado: es la Etapa Cr\u00edtica de Protecci\u00f3n M\u00e1xima, si lo hacemos bien, si 75% de nosotros se mantiene resguardado en casa es probable que se pueda hacer la reapertura gradual de actividades no esenciales, pero es fundamental que entendamos este mensaje, es una invitaci\u00f3n, ya no s\u00e9 c\u00f3mo decirlo, es un exhorto para que la comunidad nos ayude, es evidente que cada vez es m\u00e1s dif\u00edcil para todos, pero tambi\u00e9n ha aumentado la actividad no esencial, restaurantes, veh\u00edculos en calle, y eso evidentemente facilita la transmisi\u00f3n y riesgo de contagios, entonces jalemos parejo, es un \u00faltimo esfuerzo para que despu\u00e9s podamos gradual y progresivamente salir\u201d,<\/em> se\u00f1al\u00f3.<\/p>\n<p>&nbsp;<\/p>\n<p>(PUBLICADO EL 11\/05\/2020)<\/p>\n","protected":false},"excerpt":{"rendered":"<p>HERMOSILLO, SONORA. MX. \u2014\u00a0 Aunque los casos pedi\u00e1tricos de Covid-19 en el estado representan solo&#8230;<\/p>\n","protected":false},"author":1,"featured_media":85287,"comment_status":"open","ping_status":"open","sticky":false,"template":"","format":"standard","meta":{"_monsterinsights_skip_tracking":false,"_monsterinsights_sitenote_active":false,"_monsterinsights_sitenote_note":"","_monsterinsights_sitenote_category":0,"footnotes":""},"categories":[22],"tags":[],"class_list":["post"],"yoast_head":" \n<title>Sonora en Equipo. Aumentan casos positivos de Covid-19 en ni\u00f1as y ni\u00f1os Sonora<\/title>\n<meta name=\"description\" content=\"HERMOSILLO, SONORA. MX. \u2014\u00a0 Aunque los casos pedi\u00e1tricos de Covid-19 en el estado representan solo el 1.2% del total de contagios registrados, estos han En Sonora en Equipo publicamos toda la informaci\u00f3n de Sonora, M\u00e9xico y el Mundo de manera oportuna y busca que la libertad de expresi\u00f3n sea real. Visita nuestro medio informativo publicado desde Hermosillo, Sonora. %\" \/>\n<meta name=\"robots\" content=\"index, follow, max-snippet:-1, max-image-preview:large, max-video-preview:-1\" \/>\n<link rel=\"canonical\" href=\"https:\/\/www.sonoraenequipo.com.mx\/aumentan-casos-positivos-de-covid-19-en-ninas-y-ninos\/\" \/>\n<meta property=\"og:locale\" content=\"es_ES\" \/>\n<meta property=\"og:type\" content=\"article\" \/>\n<meta property=\"og:title\" content=\"Sonora en Equipo. Aumentan casos positivos de Covid-19 en ni\u00f1as y ni\u00f1os Sonora\" \/>\n<meta property=\"og:description\" content=\"HERMOSILLO, SONORA. MX. \u2014\u00a0 Aunque los casos pedi\u00e1tricos de Covid-19 en el estado representan solo el 1.2% del total de contagios registrados, estos han En Sonora en Equipo publicamos toda la informaci\u00f3n de Sonora, M\u00e9xico y el Mundo de manera oportuna y busca que la libertad de expresi\u00f3n sea real. Visita nuestro medio informativo publicado desde Hermosillo, Sonora. %\" \/>\n<meta property=\"og:url\" content=\"https:\/\/www.sonoraenequipo.com.mx\/aumentan-casos-positivos-de-covid-19-en-ninas-y-ninos\/\" \/>\n<meta property=\"og:site_name\" content=\"Sonora en Equipo.\" \/>\n<meta property=\"article:publisher\" content=\"https:\/\/www.facebook.com\/SonoraEE\/\" \/>\n<meta property=\"article:author\" content=\"https:\/\/www.facebook.com\/SonoraEE\" \/>\n<meta property=\"article:published_time\" content=\"2020-05-11T19:40:59+00:00\" \/>\n<meta property=\"article:modified_time\" content=\"2020-05-25T20:51:59+00:00\" \/>\n<meta property=\"og:image\" content=\"https:\/\/www.sonoraenequipo.com.mx\/storage\/2020\/05\/a-cuidar-a-los-ni\u00f1os_opt.jpg\" \/>\n\t<meta property=\"og:image:width\" content=\"704\" \/>\n\t<meta property=\"og:image:height\" content=\"428\" \/>\n\t<meta property=\"og:image:type\" content=\"image\/jpeg\" \/>\n<meta name=\"author\" content=\"enequipo\" \/>\n<meta name=\"twitter:card\" content=\"summary_large_image\" \/>\n<meta name=\"twitter:creator\" content=\"@sonoraenequipo\" \/>\n<meta name=\"twitter:site\" content=\"@sonoraenequipo\" \/>\n<meta name=\"twitter:label1\" content=\"Escrito por\" \/>\n\t<meta name=\"twitter:data1\" content=\"enequipo\" \/>\n\t<meta name=\"twitter:label2\" content=\"Tiempo de lectura\" \/>\n\t<meta name=\"twitter:data2\" content=\"3 minutos\" \/>\n<script type=\"application\/ld+json\" class=\"yoast-schema-graph\">{\"@context\":\"https:\/\/schema.org\",\"@graph\":[{\"@type\":\"Article\",\"@id\":\"https:\/\/www.sonoraenequipo.com.mx\/aumentan-casos-positivos-de-covid-19-en-ninas-y-ninos\/#article\",\"isPartOf\":{\"@id\":\"https:\/\/www.sonoraenequipo.com.mx\/aumentan-casos-positivos-de-covid-19-en-ninas-y-ninos\/\"},\"author\":{\"name\":\"enequipo\",\"@id\":\"https:\/\/www.sonoraenequipo.com.mx\/#\/schema\/person\/50102df0fb23a8fa9e8effad8fa81386\"},\"headline\":\"Aumentan casos positivos de Covid-19 en ni\u00f1as y ni\u00f1os\",\"datePublished\":\"2020-05-11T19:40:59+00:00\",\"dateModified\":\"2020-05-25T20:51:59+00:00\",\"mainEntityOfPage\":{\"@id\":\"https:\/\/www.sonoraenequipo.com.mx\/aumentan-casos-positivos-de-covid-19-en-ninas-y-ninos\/\"},\"wordCount\":566,\"commentCount\":0,\"publisher\":{\"@id\":\"https:\/\/www.sonoraenequipo.com.mx\/#organization\"},\"image\":{\"@id\":\"https:\/\/www.sonoraenequipo.com.mx\/aumentan-casos-positivos-de-covid-19-en-ninas-y-ninos\/#primaryimage\"},\"thumbnailUrl\":\"https:\/\/www.sonoraenequipo.com.mx\/storage\/2020\/05\/a-cuidar-a-los-ni\u00f1os_opt.jpg\",\"articleSection\":[\"Sonora\"],\"inLanguage\":\"es\",\"potentialAction\":[{\"@type\":\"CommentAction\",\"name\":\"Comment\",\"target\":[\"https:\/\/www.sonoraenequipo.com.mx\/aumentan-casos-positivos-de-covid-19-en-ninas-y-ninos\/#respond\"]}]},{\"@type\":\"WebPage\",\"@id\":\"https:\/\/www.sonoraenequipo.com.mx\/aumentan-casos-positivos-de-covid-19-en-ninas-y-ninos\/\",\"url\":\"https:\/\/www.sonoraenequipo.com.mx\/aumentan-casos-positivos-de-covid-19-en-ninas-y-ninos\/\",\"name\":\"Sonora en Equipo. Aumentan casos positivos de Covid-19 en ni\u00f1as y ni\u00f1os Sonora\",\"isPartOf\":{\"@id\":\"https:\/\/www.sonoraenequipo.com.mx\/#website\"},\"primaryImageOfPage\":{\"@id\":\"https:\/\/www.sonoraenequipo.com.mx\/aumentan-casos-positivos-de-covid-19-en-ninas-y-ninos\/#primaryimage\"},\"image\":{\"@id\":\"https:\/\/www.sonoraenequipo.com.mx\/aumentan-casos-positivos-de-covid-19-en-ninas-y-ninos\/#primaryimage\"},\"thumbnailUrl\":\"https:\/\/www.sonoraenequipo.com.mx\/storage\/2020\/05\/a-cuidar-a-los-ni\u00f1os_opt.jpg\",\"datePublished\":\"2020-05-11T19:40:59+00:00\",\"dateModified\":\"2020-05-25T20:51:59+00:00\",\"description\":\"HERMOSILLO, SONORA. MX. \u2014\u00a0 Aunque los casos pedi\u00e1tricos de Covid-19 en el estado representan solo el 1.2% del total de contagios registrados, estos han En Sonora en Equipo publicamos toda la informaci\u00f3n de Sonora, M\u00e9xico y el Mundo de manera oportuna y busca que la libertad de expresi\u00f3n sea real. Visita nuestro medio informativo publicado desde Hermosillo, Sonora. %\",\"breadcrumb\":{\"@id\":\"https:\/\/www.sonoraenequipo.com.mx\/aumentan-casos-positivos-de-covid-19-en-ninas-y-ninos\/#breadcrumb\"},\"inLanguage\":\"es\",\"potentialAction\":[{\"@type\":\"ReadAction\",\"target\":[\"https:\/\/www.sonoraenequipo.com.mx\/aumentan-casos-positivos-de-covid-19-en-ninas-y-ninos\/\"]}]},{\"@type\":\"ImageObject\",\"inLanguage\":\"es\",\"@id\":\"https:\/\/www.sonoraenequipo.com.mx\/aumentan-casos-positivos-de-covid-19-en-ninas-y-ninos\/#primaryimage\",\"url\":\"https:\/\/www.sonoraenequipo.com.mx\/storage\/2020\/05\/a-cuidar-a-los-ni\u00f1os_opt.jpg\",\"contentUrl\":\"https:\/\/www.sonoraenequipo.com.mx\/storage\/2020\/05\/a-cuidar-a-los-ni\u00f1os_opt.jpg\",\"width\":704,\"height\":428},{\"@type\":\"BreadcrumbList\",\"@id\":\"https:\/\/www.sonoraenequipo.com.mx\/aumentan-casos-positivos-de-covid-19-en-ninas-y-ninos\/#breadcrumb\",\"itemListElement\":[{\"@type\":\"ListItem\",\"position\":1,\"name\":\"Portada\",\"item\":\"https:\/\/www.sonoraenequipo.com.mx\/\"},{\"@type\":\"ListItem\",\"position\":2,\"name\":\"Aumentan casos positivos de Covid-19 en ni\u00f1as y ni\u00f1os\"}]},{\"@type\":\"WebSite\",\"@id\":\"https:\/\/www.sonoraenequipo.com.mx\/#website\",\"url\":\"https:\/\/www.sonoraenequipo.com.mx\/\",\"name\":\"Sonora en Equipo.\",\"description\":\"Diario en l\u00ednea con Noticias desde Hermosillo, Sonora\",\"publisher\":{\"@id\":\"https:\/\/www.sonoraenequipo.com.mx\/#organization\"},\"potentialAction\":[{\"@type\":\"SearchAction\",\"target\":{\"@type\":\"EntryPoint\",\"urlTemplate\":\"https:\/\/www.sonoraenequipo.com.mx\/?s={search_term_string}\"},\"query-input\":{\"@type\":\"PropertyValueSpecification\",\"valueRequired\":true,\"valueName\":\"search_term_string\"}}],\"inLanguage\":\"es\"},{\"@type\":\"Organization\",\"@id\":\"https:\/\/www.sonoraenequipo.com.mx\/#organization\",\"name\":\"Sonoraenequipo.com.mx\",\"url\":\"https:\/\/www.sonoraenequipo.com.mx\/\",\"logo\":{\"@type\":\"ImageObject\",\"inLanguage\":\"es\",\"@id\":\"https:\/\/www.sonoraenequipo.com.mx\/#\/schema\/logo\/image\/\",\"url\":\"https:\/\/www.sonoraenequipo.com.mx\/storage\/2019\/01\/sonoraenequipo_opt.png\",\"contentUrl\":\"https:\/\/www.sonoraenequipo.com.mx\/storage\/2019\/01\/sonoraenequipo_opt.png\",\"width\":375,\"height\":125,\"caption\":\"Sonoraenequipo.com.mx\"},\"image\":{\"@id\":\"https:\/\/www.sonoraenequipo.com.mx\/#\/schema\/logo\/image\/\"},\"sameAs\":[\"https:\/\/www.facebook.com\/SonoraEE\/\",\"https:\/\/x.com\/sonoraenequipo\",\"https:\/\/www.youtube.com\/channel\/UC338nW-lPEYmJQs4ZABQ1SQ\"]},{\"@type\":\"Person\",\"@id\":\"https:\/\/www.sonoraenequipo.com.mx\/#\/schema\/person\/50102df0fb23a8fa9e8effad8fa81386\",\"name\":\"enequipo\",\"image\":{\"@type\":\"ImageObject\",\"inLanguage\":\"es\",\"@id\":\"https:\/\/www.sonoraenequipo.com.mx\/#\/schema\/person\/image\/\",\"url\":\"https:\/\/secure.gravatar.com\/avatar\/049821681b589dabc0bc20695993ccebb09f5b5d4d790cd9251b97faac7c652b?s=96&d=blank&r=g\",\"contentUrl\":\"https:\/\/secure.gravatar.com\/avatar\/049821681b589dabc0bc20695993ccebb09f5b5d4d790cd9251b97faac7c652b?s=96&d=blank&r=g\",\"caption\":\"enequipo\"},\"sameAs\":[\"https:\/\/www.facebook.com\/SonoraEE\"]}]}<\/script>\n ","yoast_head_json":{"title":"Sonora en Equipo. Aumentan casos positivos de Covid-19 en ni\u00f1as y ni\u00f1os Sonora","description":"HERMOSILLO, SONORA. MX. \u2014\u00a0 Aunque los casos pedi\u00e1tricos de Covid-19 en el estado representan solo el 1.2% del total de contagios registrados, estos han En Sonora en Equipo publicamos toda la informaci\u00f3n de Sonora, M\u00e9xico y el Mundo de manera oportuna y busca que la libertad de expresi\u00f3n sea real. Visita nuestro medio informativo publicado desde Hermosillo, Sonora. %","robots":{"index":"index","follow":"follow","max-snippet":"max-snippet:-1","max-image-preview":"max-image-preview:large","max-video-preview":"max-video-preview:-1"},"canonical":"https:\/\/www.sonoraenequipo.com.mx\/aumentan-casos-positivos-de-covid-19-en-ninas-y-ninos\/","og_locale":"es_ES","og_type":"article","og_title":"Sonora en Equipo. Aumentan casos positivos de Covid-19 en ni\u00f1as y ni\u00f1os Sonora","og_description":"HERMOSILLO, SONORA. MX. \u2014\u00a0 Aunque los casos pedi\u00e1tricos de Covid-19 en el estado representan solo el 1.2% del total de contagios registrados, estos han En Sonora en Equipo publicamos toda la informaci\u00f3n de Sonora, M\u00e9xico y el Mundo de manera oportuna y busca que la libertad de expresi\u00f3n sea real. Visita nuestro medio informativo publicado desde Hermosillo, Sonora. %","og_url":"https:\/\/www.sonoraenequipo.com.mx\/aumentan-casos-positivos-de-covid-19-en-ninas-y-ninos\/","og_site_name":"Sonora en Equipo.","article_publisher":"https:\/\/www.facebook.com\/SonoraEE\/","article_author":"https:\/\/www.facebook.com\/SonoraEE","article_published_time":"2020-05-11T19:40:59+00:00","article_modified_time":"2020-05-25T20:51:59+00:00","og_image":[{"width":704,"height":428,"url":"https:\/\/www.sonoraenequipo.com.mx\/storage\/2020\/05\/a-cuidar-a-los-ni\u00f1os_opt.jpg","type":"image\/jpeg"}],"author":"enequipo","twitter_card":"summary_large_image","twitter_creator":"@sonoraenequipo","twitter_site":"@sonoraenequipo","twitter_misc":{"Escrito por":"enequipo","Tiempo de lectura":"3 minutos"},"schema":{"@context":"https:\/\/schema.org","@graph":[{"@type":"Article","@id":"https:\/\/www.sonoraenequipo.com.mx\/aumentan-casos-positivos-de-covid-19-en-ninas-y-ninos\/#article","isPartOf":{"@id":"https:\/\/www.sonoraenequipo.com.mx\/aumentan-casos-positivos-de-covid-19-en-ninas-y-ninos\/"},"author":{"name":"enequipo","@id":"https:\/\/www.sonoraenequipo.com.mx\/#\/schema\/person\/50102df0fb23a8fa9e8effad8fa81386"},"headline":"Aumentan casos positivos de Covid-19 en ni\u00f1as y ni\u00f1os","datePublished":"2020-05-11T19:40:59+00:00","dateModified":"2020-05-25T20:51:59+00:00","mainEntityOfPage":{"@id":"https:\/\/www.sonoraenequipo.com.mx\/aumentan-casos-positivos-de-covid-19-en-ninas-y-ninos\/"},"wordCount":566,"commentCount":0,"publisher":{"@id":"https:\/\/www.sonoraenequipo.com.mx\/#organization"},"image":{"@id":"https:\/\/www.sonoraenequipo.com.mx\/aumentan-casos-positivos-de-covid-19-en-ninas-y-ninos\/#primaryimage"},"thumbnailUrl":"https:\/\/www.sonoraenequipo.com.mx\/storage\/2020\/05\/a-cuidar-a-los-ni\u00f1os_opt.jpg","articleSection":["Sonora"],"inLanguage":"es","potentialAction":[{"@type":"CommentAction","name":"Comment","target":["https:\/\/www.sonoraenequipo.com.mx\/aumentan-casos-positivos-de-covid-19-en-ninas-y-ninos\/#respond"]}]},{"@type":"WebPage","@id":"https:\/\/www.sonoraenequipo.com.mx\/aumentan-casos-positivos-de-covid-19-en-ninas-y-ninos\/","url":"https:\/\/www.sonoraenequipo.com.mx\/aumentan-casos-positivos-de-covid-19-en-ninas-y-ninos\/","name":"Sonora en Equipo. Aumentan casos positivos de Covid-19 en ni\u00f1as y ni\u00f1os Sonora","isPartOf":{"@id":"https:\/\/www.sonoraenequipo.com.mx\/#website"},"primaryImageOfPage":{"@id":"https:\/\/www.sonoraenequipo.com.mx\/aumentan-casos-positivos-de-covid-19-en-ninas-y-ninos\/#primaryimage"},"image":{"@id":"https:\/\/www.sonoraenequipo.com.mx\/aumentan-casos-positivos-de-covid-19-en-ninas-y-ninos\/#primaryimage"},"thumbnailUrl":"https:\/\/www.sonoraenequipo.com.mx\/storage\/2020\/05\/a-cuidar-a-los-ni\u00f1os_opt.jpg","datePublished":"2020-05-11T19:40:59+00:00","dateModified":"2020-05-25T20:51:59+00:00","description":"HERMOSILLO, SONORA. MX. \u2014\u00a0 Aunque los casos pedi\u00e1tricos de Covid-19 en el estado representan solo el 1.2% del total de contagios registrados, estos han En Sonora en Equipo publicamos toda la informaci\u00f3n de Sonora, M\u00e9xico y el Mundo de manera oportuna y busca que la libertad de expresi\u00f3n sea real. Visita nuestro medio informativo publicado desde Hermosillo, Sonora. %","breadcrumb":{"@id":"https:\/\/www.sonoraenequipo.com.mx\/aumentan-casos-positivos-de-covid-19-en-ninas-y-ninos\/#breadcrumb"},"inLanguage":"es","potentialAction":[{"@type":"ReadAction","target":["https:\/\/www.sonoraenequipo.com.mx\/aumentan-casos-positivos-de-covid-19-en-ninas-y-ninos\/"]}]},{"@type":"ImageObject","inLanguage":"es","@id":"https:\/\/www.sonoraenequipo.com.mx\/aumentan-casos-positivos-de-covid-19-en-ninas-y-ninos\/#primaryimage","url":"https:\/\/www.sonoraenequipo.com.mx\/storage\/2020\/05\/a-cuidar-a-los-ni\u00f1os_opt.jpg","contentUrl":"https:\/\/www.sonoraenequipo.com.mx\/storage\/2020\/05\/a-cuidar-a-los-ni\u00f1os_opt.jpg","width":704,"height":428},{"@type":"BreadcrumbList","@id":"https:\/\/www.sonoraenequipo.com.mx\/aumentan-casos-positivos-de-covid-19-en-ninas-y-ninos\/#breadcrumb","itemListElement":[{"@type":"ListItem","position":1,"name":"Portada","item":"https:\/\/www.sonoraenequipo.com.mx\/"},{"@type":"ListItem","position":2,"name":"Aumentan casos positivos de Covid-19 en ni\u00f1as y ni\u00f1os"}]},{"@type":"WebSite","@id":"https:\/\/www.sonoraenequipo.com.mx\/#website","url":"https:\/\/www.sonoraenequipo.com.mx\/","name":"Sonora en Equipo.","description":"Diario en l\u00ednea con Noticias desde Hermosillo, Sonora","publisher":{"@id":"https:\/\/www.sonoraenequipo.com.mx\/#organization"},"potentialAction":[{"@type":"SearchAction","target":{"@type":"EntryPoint","urlTemplate":"https:\/\/www.sonoraenequipo.com.mx\/?s={search_term_string}"},"query-input":{"@type":"PropertyValueSpecification","valueRequired":true,"valueName":"search_term_string"}}],"inLanguage":"es"},{"@type":"Organization","@id":"https:\/\/www.sonoraenequipo.com.mx\/#organization","name":"Sonoraenequipo.com.mx","url":"https:\/\/www.sonoraenequipo.com.mx\/","logo":{"@type":"ImageObject","inLanguage":"es","@id":"https:\/\/www.sonoraenequipo.com.mx\/#\/schema\/logo\/image\/","url":"https:\/\/www.sonoraenequipo.com.mx\/storage\/2019\/01\/sonoraenequipo_opt.png","contentUrl":"https:\/\/www.sonoraenequipo.com.mx\/storage\/2019\/01\/sonoraenequipo_opt.png","width":375,"height":125,"caption":"Sonoraenequipo.com.mx"},"image":{"@id":"https:\/\/www.sonoraenequipo.com.mx\/#\/schema\/logo\/image\/"},"sameAs":["https:\/\/www.facebook.com\/SonoraEE\/","https:\/\/x.com\/sonoraenequipo","https:\/\/www.youtube.com\/channel\/UC338nW-lPEYmJQs4ZABQ1SQ"]},{"@type":"Person","@id":"https:\/\/www.sonoraenequipo.com.mx\/#\/schema\/person\/50102df0fb23a8fa9e8effad8fa81386","name":"enequipo","image":{"@type":"ImageObject","inLanguage":"es","@id":"https:\/\/www.sonoraenequipo.com.mx\/#\/schema\/person\/image\/","url":"https:\/\/secure.gravatar.com\/avatar\/049821681b589dabc0bc20695993ccebb09f5b5d4d790cd9251b97faac7c652b?s=96&d=blank&r=g","contentUrl":"https:\/\/secure.gravatar.com\/avatar\/049821681b589dabc0bc20695993ccebb09f5b5d4d790cd9251b97faac7c652b?s=96&d=blank&r=g","caption":"enequipo"},"sameAs":["https:\/\/www.facebook.com\/SonoraEE"]}]}},"jetpack_featured_media_url":"https:\/\/www.sonoraenequipo.com.mx\/storage\/2020\/05\/a-cuidar-a-los-ni\u00f1os_opt.jpg","_links":{"self":[{"href":"https:\/\/www.sonoraenequipo.com.mx\/api\/wp\/v2\/posts\/85286","targetHints":{"allow":["GET"]}}],"collection":[{"href":"https:\/\/www.sonoraenequipo.com.mx\/api\/wp\/v2\/posts"}],"about":[{"href":"https:\/\/www.sonoraenequipo.com.mx\/api\/wp\/v2\/types\/post"}],"author":[{"embeddable":true,"href":"https:\/\/www.sonoraenequipo.com.mx\/api\/wp\/v2\/users\/1"}],"replies":[{"embeddable":true,"href":"https:\/\/www.sonoraenequipo.com.mx\/api\/wp\/v2\/comments?post=85286"}],"version-history":[{"count":0,"href":"https:\/\/www.sonoraenequipo.com.mx\/api\/wp\/v2\/posts\/85286\/revisions"}],"wp:featuredmedia":[{"embeddable":true,"href":"https:\/\/www.sonoraenequipo.com.mx\/api\/wp\/v2\/media\/85287"}],"wp:attachment":[{"href":"https:\/\/www.sonoraenequipo.com.mx\/api\/wp\/v2\/media?parent=85286"}],"wp:term":[{"taxonomy":"category","embeddable":true,"href":"https:\/\/www.sonoraenequipo.com.mx\/api\/wp\/v2\/categories?post=85286"},{"taxonomy":"post_tag","embeddable":true,"href":"https:\/\/www.sonoraenequipo.com.mx\/api\/wp\/v2\/tags?post=85286"}],"curies":[{"name":"wp","href":"https:\/\/api.w.org\/{rel}","templated":true}]}}