{"id":85722,"date":"2020-05-21T20:07:40","date_gmt":"2020-05-22T03:07:40","guid":{"rendered":"https:\/\/www.sonoraenequipo.com.mx\/?p=85722"},"modified":"2020-05-21T20:07:40","modified_gmt":"2020-05-22T03:07:40","slug":"capacitacion-y-preparacion-son-claves-para-reactivar-economia-en-sonora-luis-nunez","status":"publish","type":"post","link":"https:\/\/www.sonoraenequipo.com.mx\/capacitacion-y-preparacion-son-claves-para-reactivar-economia-en-sonora-luis-nunez\/","title":{"rendered":"Capacitaci\u00f3n y preparaci\u00f3n son claves para reactivar econom\u00eda en Sonora: Luis N\u00fa\u00f1ez"},"content":{"rendered":"<h4>&gt;&gt;Importante contener propagaci\u00f3n de coronavirus<\/h4>\n<p>&nbsp;<\/p>\n<p>&nbsp;<\/p>\n<p>HERMOSILLO, SONORA,MX.\u2500 La capacitaci\u00f3n y la preparaci\u00f3n de las empresas para combatir los contagios por coronavirus son clave para estar en condiciones de reactivar de forma gradual la econom\u00eda sonorense, mencion\u00f3 el vocero para el Plan de Reactivaci\u00f3n Econ\u00f3mica en Sonora, Luis N\u00fa\u00f1ez Noriega. <\/p>\n<p>&nbsp;<\/p>\n<p>Durante la transmisi\u00f3n virtual que sostuvo con la poblaci\u00f3n sonorense, mediante el ejercicio de Despacho Abierto el funcionario explic\u00f3 la importancia de que las empresas de actividades esenciales refuercen sus acciones de cuidados y capaciten a sus trabajadores para evitar el contagio y la propagaci\u00f3n de Covid-19.<\/p>\n<p>&nbsp;<\/p>\n<p>\u00abEs momento ahora y de aqu\u00ed hasta el \u00faltimo d\u00eda de mayo para prepararnos y seguir los lineamientos de las autoridades sanitarias para que nuestro regreso sea cuidadoso, sea exitoso, gradual y lograr el objetivo de poder incorporar estos tres sectores: construcci\u00f3n, miner\u00eda y autopartes, de la mejor manera a la econom\u00eda\u00bb, explic\u00f3.<\/p>\n<p>&nbsp;<\/p>\n<p>N\u00fa\u00f1ez Noriega reiter\u00f3 la importancia de reactivar la econom\u00eda de forma escalonada, gradual y con los cuidados pertinentes, ya que al tener una reapertura exitosa siguiendo los planes y lineamientos que se han otorgado por parte de las autoridades sanitarias y del gobierno federal, los diversos sectores econ\u00f3micos podr\u00e1n ir abriendo sus puertas.<\/p>\n<p>&nbsp;<\/p>\n<p>Record\u00f3 que las autoridades federales son quienes determinar\u00e1n y aprobar\u00e1n qu\u00e9 empresas y de qu\u00e9 sectores podr\u00e1n reactivarse nuevamente, pero todo depende del control de la enfermedad y de las acciones de prevenci\u00f3n que se est\u00e9n desarrollando en cada uno de los estados, todo esto mediante \u00absem\u00e1foros\u00bb de evaluaci\u00f3n que estar\u00e1n dando a conocer cada semana.<\/p>\n<p>&nbsp;<\/p>\n<p>\u00abTenemos que ser muy cuidadosos de nuestra apertura para lograr incidir de manera positiva en esos indicadores y que el sem\u00e1foro en las evaluaciones nos favorezcan, de esa manera podremos tener la certeza de que si el sem\u00e1foro nos favorece, de poder pasar de una luz roja, a una luz naranja y posteriormente amarilla, vamos a poder abrir nuevos sectores a la econom\u00eda\u00bb, explic\u00f3.<\/p>\n<p>&nbsp;<\/p>\n<p>El funcionario estatal llam\u00f3 a la poblaci\u00f3n y a las empresas en general a no confiarse, a continuar con las acciones de prevenci\u00f3n de contagios y estar atento a las indicaciones que se emitan por parte de todas las autoridades, solamente as\u00ed se podr\u00e1 contener el \u00edndice de contagios y se podr\u00e1n reactivar los empleos en la entidad y en M\u00e9xico.<\/p>\n<p>&nbsp;<\/p>\n<p>\u00abBajo estas recomendaciones es la propuesta que tenemos para un regreso cuidadoso y que seguramente va a ser exitoso, una vez que tengamos resultados positivos en este esquema de sem\u00e1foros, seguramente vamos a avanzar muy r\u00e1pidamente a una apertura total de la econom\u00eda\u00bb, apunt\u00f3.<\/p>\n<p>Fecha de Publicaci\u00f3n 21\/may\/2020<\/p>\n","protected":false},"excerpt":{"rendered":"<p>&gt;&gt;Importante contener propagaci\u00f3n de coronavirus &nbsp; &nbsp; HERMOSILLO, SONORA,MX.\u2500 La capacitaci\u00f3n y la preparaci\u00f3n de&#8230;<\/p>\n","protected":false},"author":1,"featured_media":85723,"comment_status":"open","ping_status":"open","sticky":false,"template":"","format":"standard","meta":{"_monsterinsights_skip_tracking":false,"_monsterinsights_sitenote_active":false,"_monsterinsights_sitenote_note":"","_monsterinsights_sitenote_category":0,"footnotes":""},"categories":[22],"tags":[4439],"class_list":["post"],"yoast_head":" \n<title>Sonora en Equipo. Capacitaci\u00f3n y preparaci\u00f3n son claves para reactivar econom\u00eda en Sonora: Luis N\u00fa\u00f1ez Sonora<\/title>\n<meta name=\"description\" content=\"&gt;&gt;Importante contener propagaci\u00f3n de coronavirus &nbsp; &nbsp; HERMOSILLO, SONORA,MX.\u2500 La capacitaci\u00f3n y la preparaci\u00f3n de las empresas para En Sonora en Equipo publicamos toda la informaci\u00f3n de Sonora, M\u00e9xico y el Mundo de manera oportuna y busca que la libertad de expresi\u00f3n sea real. Visita nuestro medio informativo publicado desde Hermosillo, Sonora. %\" \/>\n<meta name=\"robots\" content=\"index, follow, max-snippet:-1, max-image-preview:large, max-video-preview:-1\" \/>\n<link rel=\"canonical\" href=\"https:\/\/www.sonoraenequipo.com.mx\/capacitacion-y-preparacion-son-claves-para-reactivar-economia-en-sonora-luis-nunez\/\" \/>\n<meta property=\"og:locale\" content=\"es_ES\" \/>\n<meta property=\"og:type\" content=\"article\" \/>\n<meta property=\"og:title\" content=\"Sonora en Equipo. Capacitaci\u00f3n y preparaci\u00f3n son claves para reactivar econom\u00eda en Sonora: Luis N\u00fa\u00f1ez Sonora\" \/>\n<meta property=\"og:description\" content=\"&gt;&gt;Importante contener propagaci\u00f3n de coronavirus &nbsp; &nbsp; HERMOSILLO, SONORA,MX.\u2500 La capacitaci\u00f3n y la preparaci\u00f3n de las empresas para En Sonora en Equipo publicamos toda la informaci\u00f3n de Sonora, M\u00e9xico y el Mundo de manera oportuna y busca que la libertad de expresi\u00f3n sea real. Visita nuestro medio informativo publicado desde Hermosillo, Sonora. %\" \/>\n<meta property=\"og:url\" content=\"https:\/\/www.sonoraenequipo.com.mx\/capacitacion-y-preparacion-son-claves-para-reactivar-economia-en-sonora-luis-nunez\/\" \/>\n<meta property=\"og:site_name\" content=\"Sonora en Equipo.\" \/>\n<meta property=\"article:publisher\" content=\"https:\/\/www.facebook.com\/SonoraEE\/\" \/>\n<meta property=\"article:author\" content=\"https:\/\/www.facebook.com\/SonoraEE\" \/>\n<meta property=\"article:published_time\" content=\"2020-05-22T03:07:40+00:00\" \/>\n<meta property=\"og:image\" content=\"https:\/\/www.sonoraenequipo.com.mx\/storage\/2020\/05\/luis-nu\u00f1ez.jpg\" \/>\n\t<meta property=\"og:image:width\" content=\"600\" \/>\n\t<meta property=\"og:image:height\" content=\"400\" \/>\n\t<meta property=\"og:image:type\" content=\"image\/jpeg\" \/>\n<meta name=\"author\" content=\"enequipo\" \/>\n<meta name=\"twitter:card\" content=\"summary_large_image\" \/>\n<meta name=\"twitter:creator\" content=\"@sonoraenequipo\" \/>\n<meta name=\"twitter:site\" content=\"@sonoraenequipo\" \/>\n<meta name=\"twitter:label1\" content=\"Escrito por\" \/>\n\t<meta name=\"twitter:data1\" content=\"enequipo\" \/>\n\t<meta name=\"twitter:label2\" content=\"Tiempo de lectura\" \/>\n\t<meta name=\"twitter:data2\" content=\"2 minutos\" \/>\n<script type=\"application\/ld+json\" class=\"yoast-schema-graph\">{\"@context\":\"https:\/\/schema.org\",\"@graph\":[{\"@type\":\"Article\",\"@id\":\"https:\/\/www.sonoraenequipo.com.mx\/capacitacion-y-preparacion-son-claves-para-reactivar-economia-en-sonora-luis-nunez\/#article\",\"isPartOf\":{\"@id\":\"https:\/\/www.sonoraenequipo.com.mx\/capacitacion-y-preparacion-son-claves-para-reactivar-economia-en-sonora-luis-nunez\/\"},\"author\":{\"name\":\"enequipo\",\"@id\":\"https:\/\/www.sonoraenequipo.com.mx\/#\/schema\/person\/50102df0fb23a8fa9e8effad8fa81386\"},\"headline\":\"Capacitaci\u00f3n y preparaci\u00f3n son claves para reactivar econom\u00eda en Sonora: Luis N\u00fa\u00f1ez\",\"datePublished\":\"2020-05-22T03:07:40+00:00\",\"mainEntityOfPage\":{\"@id\":\"https:\/\/www.sonoraenequipo.com.mx\/capacitacion-y-preparacion-son-claves-para-reactivar-economia-en-sonora-luis-nunez\/\"},\"wordCount\":496,\"commentCount\":0,\"publisher\":{\"@id\":\"https:\/\/www.sonoraenequipo.com.mx\/#organization\"},\"image\":{\"@id\":\"https:\/\/www.sonoraenequipo.com.mx\/capacitacion-y-preparacion-son-claves-para-reactivar-economia-en-sonora-luis-nunez\/#primaryimage\"},\"thumbnailUrl\":\"https:\/\/www.sonoraenequipo.com.mx\/storage\/2020\/05\/luis-nu\u00f1ez.jpg\",\"keywords\":[\"Luis N\u00fa\u00f1ez Noriega\"],\"articleSection\":[\"Sonora\"],\"inLanguage\":\"es\",\"potentialAction\":[{\"@type\":\"CommentAction\",\"name\":\"Comment\",\"target\":[\"https:\/\/www.sonoraenequipo.com.mx\/capacitacion-y-preparacion-son-claves-para-reactivar-economia-en-sonora-luis-nunez\/#respond\"]}]},{\"@type\":\"WebPage\",\"@id\":\"https:\/\/www.sonoraenequipo.com.mx\/capacitacion-y-preparacion-son-claves-para-reactivar-economia-en-sonora-luis-nunez\/\",\"url\":\"https:\/\/www.sonoraenequipo.com.mx\/capacitacion-y-preparacion-son-claves-para-reactivar-economia-en-sonora-luis-nunez\/\",\"name\":\"Sonora en Equipo. Capacitaci\u00f3n y preparaci\u00f3n son claves para reactivar econom\u00eda en Sonora: Luis N\u00fa\u00f1ez Sonora\",\"isPartOf\":{\"@id\":\"https:\/\/www.sonoraenequipo.com.mx\/#website\"},\"primaryImageOfPage\":{\"@id\":\"https:\/\/www.sonoraenequipo.com.mx\/capacitacion-y-preparacion-son-claves-para-reactivar-economia-en-sonora-luis-nunez\/#primaryimage\"},\"image\":{\"@id\":\"https:\/\/www.sonoraenequipo.com.mx\/capacitacion-y-preparacion-son-claves-para-reactivar-economia-en-sonora-luis-nunez\/#primaryimage\"},\"thumbnailUrl\":\"https:\/\/www.sonoraenequipo.com.mx\/storage\/2020\/05\/luis-nu\u00f1ez.jpg\",\"datePublished\":\"2020-05-22T03:07:40+00:00\",\"description\":\"&gt;&gt;Importante contener propagaci\u00f3n de coronavirus &nbsp; &nbsp; HERMOSILLO, SONORA,MX.\u2500 La capacitaci\u00f3n y la preparaci\u00f3n de las empresas para En Sonora en Equipo publicamos toda la informaci\u00f3n de Sonora, M\u00e9xico y el Mundo de manera oportuna y busca que la libertad de expresi\u00f3n sea real. Visita nuestro medio informativo publicado desde Hermosillo, Sonora. %\",\"breadcrumb\":{\"@id\":\"https:\/\/www.sonoraenequipo.com.mx\/capacitacion-y-preparacion-son-claves-para-reactivar-economia-en-sonora-luis-nunez\/#breadcrumb\"},\"inLanguage\":\"es\",\"potentialAction\":[{\"@type\":\"ReadAction\",\"target\":[\"https:\/\/www.sonoraenequipo.com.mx\/capacitacion-y-preparacion-son-claves-para-reactivar-economia-en-sonora-luis-nunez\/\"]}]},{\"@type\":\"ImageObject\",\"inLanguage\":\"es\",\"@id\":\"https:\/\/www.sonoraenequipo.com.mx\/capacitacion-y-preparacion-son-claves-para-reactivar-economia-en-sonora-luis-nunez\/#primaryimage\",\"url\":\"https:\/\/www.sonoraenequipo.com.mx\/storage\/2020\/05\/luis-nu\u00f1ez.jpg\",\"contentUrl\":\"https:\/\/www.sonoraenequipo.com.mx\/storage\/2020\/05\/luis-nu\u00f1ez.jpg\",\"width\":600,\"height\":400},{\"@type\":\"BreadcrumbList\",\"@id\":\"https:\/\/www.sonoraenequipo.com.mx\/capacitacion-y-preparacion-son-claves-para-reactivar-economia-en-sonora-luis-nunez\/#breadcrumb\",\"itemListElement\":[{\"@type\":\"ListItem\",\"position\":1,\"name\":\"Portada\",\"item\":\"https:\/\/www.sonoraenequipo.com.mx\/\"},{\"@type\":\"ListItem\",\"position\":2,\"name\":\"Capacitaci\u00f3n y preparaci\u00f3n son claves para reactivar econom\u00eda en Sonora: Luis N\u00fa\u00f1ez\"}]},{\"@type\":\"WebSite\",\"@id\":\"https:\/\/www.sonoraenequipo.com.mx\/#website\",\"url\":\"https:\/\/www.sonoraenequipo.com.mx\/\",\"name\":\"Sonora en Equipo.\",\"description\":\"Diario en l\u00ednea con Noticias desde Hermosillo, Sonora\",\"publisher\":{\"@id\":\"https:\/\/www.sonoraenequipo.com.mx\/#organization\"},\"potentialAction\":[{\"@type\":\"SearchAction\",\"target\":{\"@type\":\"EntryPoint\",\"urlTemplate\":\"https:\/\/www.sonoraenequipo.com.mx\/?s={search_term_string}\"},\"query-input\":{\"@type\":\"PropertyValueSpecification\",\"valueRequired\":true,\"valueName\":\"search_term_string\"}}],\"inLanguage\":\"es\"},{\"@type\":\"Organization\",\"@id\":\"https:\/\/www.sonoraenequipo.com.mx\/#organization\",\"name\":\"Sonoraenequipo.com.mx\",\"url\":\"https:\/\/www.sonoraenequipo.com.mx\/\",\"logo\":{\"@type\":\"ImageObject\",\"inLanguage\":\"es\",\"@id\":\"https:\/\/www.sonoraenequipo.com.mx\/#\/schema\/logo\/image\/\",\"url\":\"https:\/\/www.sonoraenequipo.com.mx\/storage\/2019\/01\/sonoraenequipo_opt.png\",\"contentUrl\":\"https:\/\/www.sonoraenequipo.com.mx\/storage\/2019\/01\/sonoraenequipo_opt.png\",\"width\":375,\"height\":125,\"caption\":\"Sonoraenequipo.com.mx\"},\"image\":{\"@id\":\"https:\/\/www.sonoraenequipo.com.mx\/#\/schema\/logo\/image\/\"},\"sameAs\":[\"https:\/\/www.facebook.com\/SonoraEE\/\",\"https:\/\/x.com\/sonoraenequipo\",\"https:\/\/www.youtube.com\/channel\/UC338nW-lPEYmJQs4ZABQ1SQ\"]},{\"@type\":\"Person\",\"@id\":\"https:\/\/www.sonoraenequipo.com.mx\/#\/schema\/person\/50102df0fb23a8fa9e8effad8fa81386\",\"name\":\"enequipo\",\"image\":{\"@type\":\"ImageObject\",\"inLanguage\":\"es\",\"@id\":\"https:\/\/www.sonoraenequipo.com.mx\/#\/schema\/person\/image\/\",\"url\":\"https:\/\/secure.gravatar.com\/avatar\/049821681b589dabc0bc20695993ccebb09f5b5d4d790cd9251b97faac7c652b?s=96&d=blank&r=g\",\"contentUrl\":\"https:\/\/secure.gravatar.com\/avatar\/049821681b589dabc0bc20695993ccebb09f5b5d4d790cd9251b97faac7c652b?s=96&d=blank&r=g\",\"caption\":\"enequipo\"},\"sameAs\":[\"https:\/\/www.facebook.com\/SonoraEE\"]}]}<\/script>\n ","yoast_head_json":{"title":"Sonora en Equipo. Capacitaci\u00f3n y preparaci\u00f3n son claves para reactivar econom\u00eda en Sonora: Luis N\u00fa\u00f1ez Sonora","description":"&gt;&gt;Importante contener propagaci\u00f3n de coronavirus &nbsp; &nbsp; HERMOSILLO, SONORA,MX.\u2500 La capacitaci\u00f3n y la preparaci\u00f3n de las empresas para En Sonora en Equipo publicamos toda la informaci\u00f3n de Sonora, M\u00e9xico y el Mundo de manera oportuna y busca que la libertad de expresi\u00f3n sea real. Visita nuestro medio informativo publicado desde Hermosillo, Sonora. %","robots":{"index":"index","follow":"follow","max-snippet":"max-snippet:-1","max-image-preview":"max-image-preview:large","max-video-preview":"max-video-preview:-1"},"canonical":"https:\/\/www.sonoraenequipo.com.mx\/capacitacion-y-preparacion-son-claves-para-reactivar-economia-en-sonora-luis-nunez\/","og_locale":"es_ES","og_type":"article","og_title":"Sonora en Equipo. Capacitaci\u00f3n y preparaci\u00f3n son claves para reactivar econom\u00eda en Sonora: Luis N\u00fa\u00f1ez Sonora","og_description":"&gt;&gt;Importante contener propagaci\u00f3n de coronavirus &nbsp; &nbsp; HERMOSILLO, SONORA,MX.\u2500 La capacitaci\u00f3n y la preparaci\u00f3n de las empresas para En Sonora en Equipo publicamos toda la informaci\u00f3n de Sonora, M\u00e9xico y el Mundo de manera oportuna y busca que la libertad de expresi\u00f3n sea real. Visita nuestro medio informativo publicado desde Hermosillo, Sonora. %","og_url":"https:\/\/www.sonoraenequipo.com.mx\/capacitacion-y-preparacion-son-claves-para-reactivar-economia-en-sonora-luis-nunez\/","og_site_name":"Sonora en Equipo.","article_publisher":"https:\/\/www.facebook.com\/SonoraEE\/","article_author":"https:\/\/www.facebook.com\/SonoraEE","article_published_time":"2020-05-22T03:07:40+00:00","og_image":[{"width":600,"height":400,"url":"https:\/\/www.sonoraenequipo.com.mx\/storage\/2020\/05\/luis-nu\u00f1ez.jpg","type":"image\/jpeg"}],"author":"enequipo","twitter_card":"summary_large_image","twitter_creator":"@sonoraenequipo","twitter_site":"@sonoraenequipo","twitter_misc":{"Escrito por":"enequipo","Tiempo de lectura":"2 minutos"},"schema":{"@context":"https:\/\/schema.org","@graph":[{"@type":"Article","@id":"https:\/\/www.sonoraenequipo.com.mx\/capacitacion-y-preparacion-son-claves-para-reactivar-economia-en-sonora-luis-nunez\/#article","isPartOf":{"@id":"https:\/\/www.sonoraenequipo.com.mx\/capacitacion-y-preparacion-son-claves-para-reactivar-economia-en-sonora-luis-nunez\/"},"author":{"name":"enequipo","@id":"https:\/\/www.sonoraenequipo.com.mx\/#\/schema\/person\/50102df0fb23a8fa9e8effad8fa81386"},"headline":"Capacitaci\u00f3n y preparaci\u00f3n son claves para reactivar econom\u00eda en Sonora: Luis N\u00fa\u00f1ez","datePublished":"2020-05-22T03:07:40+00:00","mainEntityOfPage":{"@id":"https:\/\/www.sonoraenequipo.com.mx\/capacitacion-y-preparacion-son-claves-para-reactivar-economia-en-sonora-luis-nunez\/"},"wordCount":496,"commentCount":0,"publisher":{"@id":"https:\/\/www.sonoraenequipo.com.mx\/#organization"},"image":{"@id":"https:\/\/www.sonoraenequipo.com.mx\/capacitacion-y-preparacion-son-claves-para-reactivar-economia-en-sonora-luis-nunez\/#primaryimage"},"thumbnailUrl":"https:\/\/www.sonoraenequipo.com.mx\/storage\/2020\/05\/luis-nu\u00f1ez.jpg","keywords":["Luis N\u00fa\u00f1ez Noriega"],"articleSection":["Sonora"],"inLanguage":"es","potentialAction":[{"@type":"CommentAction","name":"Comment","target":["https:\/\/www.sonoraenequipo.com.mx\/capacitacion-y-preparacion-son-claves-para-reactivar-economia-en-sonora-luis-nunez\/#respond"]}]},{"@type":"WebPage","@id":"https:\/\/www.sonoraenequipo.com.mx\/capacitacion-y-preparacion-son-claves-para-reactivar-economia-en-sonora-luis-nunez\/","url":"https:\/\/www.sonoraenequipo.com.mx\/capacitacion-y-preparacion-son-claves-para-reactivar-economia-en-sonora-luis-nunez\/","name":"Sonora en Equipo. Capacitaci\u00f3n y preparaci\u00f3n son claves para reactivar econom\u00eda en Sonora: Luis N\u00fa\u00f1ez Sonora","isPartOf":{"@id":"https:\/\/www.sonoraenequipo.com.mx\/#website"},"primaryImageOfPage":{"@id":"https:\/\/www.sonoraenequipo.com.mx\/capacitacion-y-preparacion-son-claves-para-reactivar-economia-en-sonora-luis-nunez\/#primaryimage"},"image":{"@id":"https:\/\/www.sonoraenequipo.com.mx\/capacitacion-y-preparacion-son-claves-para-reactivar-economia-en-sonora-luis-nunez\/#primaryimage"},"thumbnailUrl":"https:\/\/www.sonoraenequipo.com.mx\/storage\/2020\/05\/luis-nu\u00f1ez.jpg","datePublished":"2020-05-22T03:07:40+00:00","description":"&gt;&gt;Importante contener propagaci\u00f3n de coronavirus &nbsp; &nbsp; HERMOSILLO, SONORA,MX.\u2500 La capacitaci\u00f3n y la preparaci\u00f3n de las empresas para En Sonora en Equipo publicamos toda la informaci\u00f3n de Sonora, M\u00e9xico y el Mundo de manera oportuna y busca que la libertad de expresi\u00f3n sea real. Visita nuestro medio informativo publicado desde Hermosillo, Sonora. %","breadcrumb":{"@id":"https:\/\/www.sonoraenequipo.com.mx\/capacitacion-y-preparacion-son-claves-para-reactivar-economia-en-sonora-luis-nunez\/#breadcrumb"},"inLanguage":"es","potentialAction":[{"@type":"ReadAction","target":["https:\/\/www.sonoraenequipo.com.mx\/capacitacion-y-preparacion-son-claves-para-reactivar-economia-en-sonora-luis-nunez\/"]}]},{"@type":"ImageObject","inLanguage":"es","@id":"https:\/\/www.sonoraenequipo.com.mx\/capacitacion-y-preparacion-son-claves-para-reactivar-economia-en-sonora-luis-nunez\/#primaryimage","url":"https:\/\/www.sonoraenequipo.com.mx\/storage\/2020\/05\/luis-nu\u00f1ez.jpg","contentUrl":"https:\/\/www.sonoraenequipo.com.mx\/storage\/2020\/05\/luis-nu\u00f1ez.jpg","width":600,"height":400},{"@type":"BreadcrumbList","@id":"https:\/\/www.sonoraenequipo.com.mx\/capacitacion-y-preparacion-son-claves-para-reactivar-economia-en-sonora-luis-nunez\/#breadcrumb","itemListElement":[{"@type":"ListItem","position":1,"name":"Portada","item":"https:\/\/www.sonoraenequipo.com.mx\/"},{"@type":"ListItem","position":2,"name":"Capacitaci\u00f3n y preparaci\u00f3n son claves para reactivar econom\u00eda en Sonora: Luis N\u00fa\u00f1ez"}]},{"@type":"WebSite","@id":"https:\/\/www.sonoraenequipo.com.mx\/#website","url":"https:\/\/www.sonoraenequipo.com.mx\/","name":"Sonora en Equipo.","description":"Diario en l\u00ednea con Noticias desde Hermosillo, Sonora","publisher":{"@id":"https:\/\/www.sonoraenequipo.com.mx\/#organization"},"potentialAction":[{"@type":"SearchAction","target":{"@type":"EntryPoint","urlTemplate":"https:\/\/www.sonoraenequipo.com.mx\/?s={search_term_string}"},"query-input":{"@type":"PropertyValueSpecification","valueRequired":true,"valueName":"search_term_string"}}],"inLanguage":"es"},{"@type":"Organization","@id":"https:\/\/www.sonoraenequipo.com.mx\/#organization","name":"Sonoraenequipo.com.mx","url":"https:\/\/www.sonoraenequipo.com.mx\/","logo":{"@type":"ImageObject","inLanguage":"es","@id":"https:\/\/www.sonoraenequipo.com.mx\/#\/schema\/logo\/image\/","url":"https:\/\/www.sonoraenequipo.com.mx\/storage\/2019\/01\/sonoraenequipo_opt.png","contentUrl":"https:\/\/www.sonoraenequipo.com.mx\/storage\/2019\/01\/sonoraenequipo_opt.png","width":375,"height":125,"caption":"Sonoraenequipo.com.mx"},"image":{"@id":"https:\/\/www.sonoraenequipo.com.mx\/#\/schema\/logo\/image\/"},"sameAs":["https:\/\/www.facebook.com\/SonoraEE\/","https:\/\/x.com\/sonoraenequipo","https:\/\/www.youtube.com\/channel\/UC338nW-lPEYmJQs4ZABQ1SQ"]},{"@type":"Person","@id":"https:\/\/www.sonoraenequipo.com.mx\/#\/schema\/person\/50102df0fb23a8fa9e8effad8fa81386","name":"enequipo","image":{"@type":"ImageObject","inLanguage":"es","@id":"https:\/\/www.sonoraenequipo.com.mx\/#\/schema\/person\/image\/","url":"https:\/\/secure.gravatar.com\/avatar\/049821681b589dabc0bc20695993ccebb09f5b5d4d790cd9251b97faac7c652b?s=96&d=blank&r=g","contentUrl":"https:\/\/secure.gravatar.com\/avatar\/049821681b589dabc0bc20695993ccebb09f5b5d4d790cd9251b97faac7c652b?s=96&d=blank&r=g","caption":"enequipo"},"sameAs":["https:\/\/www.facebook.com\/SonoraEE"]}]}},"jetpack_featured_media_url":"https:\/\/www.sonoraenequipo.com.mx\/storage\/2020\/05\/luis-nu\u00f1ez.jpg","_links":{"self":[{"href":"https:\/\/www.sonoraenequipo.com.mx\/api\/wp\/v2\/posts\/85722","targetHints":{"allow":["GET"]}}],"collection":[{"href":"https:\/\/www.sonoraenequipo.com.mx\/api\/wp\/v2\/posts"}],"about":[{"href":"https:\/\/www.sonoraenequipo.com.mx\/api\/wp\/v2\/types\/post"}],"author":[{"embeddable":true,"href":"https:\/\/www.sonoraenequipo.com.mx\/api\/wp\/v2\/users\/1"}],"replies":[{"embeddable":true,"href":"https:\/\/www.sonoraenequipo.com.mx\/api\/wp\/v2\/comments?post=85722"}],"version-history":[{"count":0,"href":"https:\/\/www.sonoraenequipo.com.mx\/api\/wp\/v2\/posts\/85722\/revisions"}],"wp:featuredmedia":[{"embeddable":true,"href":"https:\/\/www.sonoraenequipo.com.mx\/api\/wp\/v2\/media\/85723"}],"wp:attachment":[{"href":"https:\/\/www.sonoraenequipo.com.mx\/api\/wp\/v2\/media?parent=85722"}],"wp:term":[{"taxonomy":"category","embeddable":true,"href":"https:\/\/www.sonoraenequipo.com.mx\/api\/wp\/v2\/categories?post=85722"},{"taxonomy":"post_tag","embeddable":true,"href":"https:\/\/www.sonoraenequipo.com.mx\/api\/wp\/v2\/tags?post=85722"}],"curies":[{"name":"wp","href":"https:\/\/api.w.org\/{rel}","templated":true}]}}