{"id":85725,"date":"2020-05-21T22:23:13","date_gmt":"2020-05-22T05:23:13","guid":{"rendered":"https:\/\/www.sonoraenequipo.com.mx\/?p=85725"},"modified":"2020-05-21T22:29:00","modified_gmt":"2020-05-22T05:29:00","slug":"no-da-descanso-covid-a-sonora-6-decesos-y-85-nuevos-casos","status":"publish","type":"post","link":"https:\/\/www.sonoraenequipo.com.mx\/no-da-descanso-covid-a-sonora-6-decesos-y-85-nuevos-casos\/","title":{"rendered":"No da descanso covid a Sonora 6 decesos y 85 nuevos casos"},"content":{"rendered":"<p>HERMOSILLO, SONORA,MX.\u2500 de entre toda la estad\u00edstica negativa que se est\u00e1 presentando en la entidad por la pandemia del coronavirus este d\u00eda se dio de alta a la primera paciente de covid-19 del hospital general de Ciudad Obreg\u00f3n en el municipio de Cajeme, la mujer una madre trabajadora abandon\u00f3 el nosocomio en medio de aplausos del personal m\u00e9dico.  <\/p>\n<p>En contraste en la actualizaci\u00f3n de datos proporcionada por el secretario de salud Enrique Clausen Iberri v\u00eda facebook live a la fecha se registraron 6 decesos para sumar 95 as\u00ed como 85 nuevos casos para acumular 1274 desde el inicio de la pandemia el 16 de marzo siendo el d\u00eda con mayor registro de nuevos contagios desde entonces los decesos se presentaron en una mujer\u00a0 de 77 a\u00f1os de Cajeme y cinco hombres de 77, 42,51, 63, 78, 69a\u00f1os de Cajeme tres, Nogales uno y \u00a0Hermosillo dos, respecto a los\u00a0 nuevos casos\u00a0 estos se dieron en 38 mujeres 47 hombres de entre 7 y 75 a\u00f1os<\/p>\n<p>Residentes de los municipios de\u00a0 Hermosillo 29, Navojoa 17, Cajeme 16, Nogales 8, Caborca y Huatabampo 4 cada uno, Etchojoa 2, Nogales, Benito Ju\u00e1rez, San Luis, Agua Prieta y Guaymas, uno cada uno. \u00a0Esta jornada se confirmaron dos nuevos casos pedi\u00e1tricos para sumar 20 se trata de dos menores de 7 y 12 a\u00f1os de Hermosillo, tienen cuadro leve y se recuperan en su casa.<\/p>\n<p>Adem\u00e1s se confirm\u00f3 a 21 trabajadores de la salud contagiados,<\/p>\n<p>Hermosillo 10,Cajeme 5, Nogales 3, Navojoa 2, Huatabampo 1.<\/p>\n<p>De igual forma dos polic\u00edas municipales uno de Caborca y uno de Huatabampo resultaron contagiados, con estos suman 43 polic\u00edas de diversas corporaciones polic\u00edacas as\u00ed como tres decesos y se investiga si hay m\u00e1s contagios<\/p>\n<p>Clausen resalt\u00f3 que\u00a0 este d\u00eda\u00a0 la organizaci\u00f3n mundial de la salud dio a conocer que fue el de m\u00e1s contagios de coronavirus a nivel mundial con m\u00e1s de 106 mil en un solo d\u00eda, y dej\u00f3 claro que en Sonora aunque muchos ya quieren regresar a las actividades normales eso no es posible a\u00fan por lo que debemos mantenernos en casa.<\/p>\n<p>Fecha de Publicaci\u00f3n 21\/may\/2020<\/p>\n","protected":false},"excerpt":{"rendered":"<p>HERMOSILLO, SONORA,MX.\u2500 de entre toda la estad\u00edstica negativa que se est\u00e1 presentando en la entidad&#8230;<\/p>\n","protected":false},"author":6,"featured_media":85743,"comment_status":"open","ping_status":"open","sticky":false,"template":"","format":"standard","meta":{"_monsterinsights_skip_tracking":false,"_monsterinsights_sitenote_active":false,"_monsterinsights_sitenote_note":"","_monsterinsights_sitenote_category":0,"footnotes":""},"categories":[22],"tags":[4029],"class_list":["post"],"yoast_head":" \n<title>Sonora en Equipo. No da descanso covid a Sonora 6 decesos y 85 nuevos casos Sonora<\/title>\n<meta name=\"description\" content=\"HERMOSILLO, SONORA,MX.\u2500 de entre toda la estad\u00edstica negativa que se est\u00e1 presentando en la entidad por la pandemia del coronavirus este d\u00eda se dio de En Sonora en Equipo publicamos toda la informaci\u00f3n de Sonora, M\u00e9xico y el Mundo de manera oportuna y busca que la libertad de expresi\u00f3n sea real. Visita nuestro medio informativo publicado desde Hermosillo, Sonora. %\" \/>\n<meta name=\"robots\" content=\"index, follow, max-snippet:-1, max-image-preview:large, max-video-preview:-1\" \/>\n<link rel=\"canonical\" href=\"https:\/\/www.sonoraenequipo.com.mx\/no-da-descanso-covid-a-sonora-6-decesos-y-85-nuevos-casos\/\" \/>\n<meta property=\"og:locale\" content=\"es_ES\" \/>\n<meta property=\"og:type\" content=\"article\" \/>\n<meta property=\"og:title\" content=\"Sonora en Equipo. No da descanso covid a Sonora 6 decesos y 85 nuevos casos Sonora\" \/>\n<meta property=\"og:description\" content=\"HERMOSILLO, SONORA,MX.\u2500 de entre toda la estad\u00edstica negativa que se est\u00e1 presentando en la entidad por la pandemia del coronavirus este d\u00eda se dio de En Sonora en Equipo publicamos toda la informaci\u00f3n de Sonora, M\u00e9xico y el Mundo de manera oportuna y busca que la libertad de expresi\u00f3n sea real. Visita nuestro medio informativo publicado desde Hermosillo, Sonora. %\" \/>\n<meta property=\"og:url\" content=\"https:\/\/www.sonoraenequipo.com.mx\/no-da-descanso-covid-a-sonora-6-decesos-y-85-nuevos-casos\/\" \/>\n<meta property=\"og:site_name\" content=\"Sonora en Equipo.\" \/>\n<meta property=\"article:publisher\" content=\"https:\/\/www.facebook.com\/SonoraEE\/\" \/>\n<meta property=\"article:published_time\" content=\"2020-05-22T05:23:13+00:00\" \/>\n<meta property=\"article:modified_time\" content=\"2020-05-22T05:29:00+00:00\" \/>\n<meta property=\"og:image\" content=\"https:\/\/www.sonoraenequipo.com.mx\/storage\/2020\/05\/se\u00f1ora-alta.jpg\" \/>\n\t<meta property=\"og:image:width\" content=\"600\" \/>\n\t<meta property=\"og:image:height\" content=\"400\" \/>\n\t<meta property=\"og:image:type\" content=\"image\/jpeg\" \/>\n<meta name=\"author\" content=\"Nacho Bandin\" \/>\n<meta name=\"twitter:card\" content=\"summary_large_image\" \/>\n<meta name=\"twitter:creator\" content=\"@sonoraenequipo\" \/>\n<meta name=\"twitter:site\" content=\"@sonoraenequipo\" \/>\n<meta name=\"twitter:label1\" content=\"Escrito por\" \/>\n\t<meta name=\"twitter:data1\" content=\"Nacho Bandin\" \/>\n\t<meta name=\"twitter:label2\" content=\"Tiempo de lectura\" \/>\n\t<meta name=\"twitter:data2\" content=\"2 minutos\" \/>\n<script type=\"application\/ld+json\" class=\"yoast-schema-graph\">{\"@context\":\"https:\/\/schema.org\",\"@graph\":[{\"@type\":\"Article\",\"@id\":\"https:\/\/www.sonoraenequipo.com.mx\/no-da-descanso-covid-a-sonora-6-decesos-y-85-nuevos-casos\/#article\",\"isPartOf\":{\"@id\":\"https:\/\/www.sonoraenequipo.com.mx\/no-da-descanso-covid-a-sonora-6-decesos-y-85-nuevos-casos\/\"},\"author\":{\"name\":\"Nacho Bandin\",\"@id\":\"https:\/\/www.sonoraenequipo.com.mx\/#\/schema\/person\/fbd9952aca28efec00f1fb7fa9428cad\"},\"headline\":\"No da descanso covid a Sonora 6 decesos y 85 nuevos casos\",\"datePublished\":\"2020-05-22T05:23:13+00:00\",\"dateModified\":\"2020-05-22T05:29:00+00:00\",\"mainEntityOfPage\":{\"@id\":\"https:\/\/www.sonoraenequipo.com.mx\/no-da-descanso-covid-a-sonora-6-decesos-y-85-nuevos-casos\/\"},\"wordCount\":354,\"commentCount\":0,\"publisher\":{\"@id\":\"https:\/\/www.sonoraenequipo.com.mx\/#organization\"},\"image\":{\"@id\":\"https:\/\/www.sonoraenequipo.com.mx\/no-da-descanso-covid-a-sonora-6-decesos-y-85-nuevos-casos\/#primaryimage\"},\"thumbnailUrl\":\"https:\/\/www.sonoraenequipo.com.mx\/storage\/2020\/05\/se\u00f1ora-alta.jpg\",\"keywords\":[\"Coronavirus\"],\"articleSection\":[\"Sonora\"],\"inLanguage\":\"es\",\"potentialAction\":[{\"@type\":\"CommentAction\",\"name\":\"Comment\",\"target\":[\"https:\/\/www.sonoraenequipo.com.mx\/no-da-descanso-covid-a-sonora-6-decesos-y-85-nuevos-casos\/#respond\"]}]},{\"@type\":\"WebPage\",\"@id\":\"https:\/\/www.sonoraenequipo.com.mx\/no-da-descanso-covid-a-sonora-6-decesos-y-85-nuevos-casos\/\",\"url\":\"https:\/\/www.sonoraenequipo.com.mx\/no-da-descanso-covid-a-sonora-6-decesos-y-85-nuevos-casos\/\",\"name\":\"Sonora en Equipo. No da descanso covid a Sonora 6 decesos y 85 nuevos casos Sonora\",\"isPartOf\":{\"@id\":\"https:\/\/www.sonoraenequipo.com.mx\/#website\"},\"primaryImageOfPage\":{\"@id\":\"https:\/\/www.sonoraenequipo.com.mx\/no-da-descanso-covid-a-sonora-6-decesos-y-85-nuevos-casos\/#primaryimage\"},\"image\":{\"@id\":\"https:\/\/www.sonoraenequipo.com.mx\/no-da-descanso-covid-a-sonora-6-decesos-y-85-nuevos-casos\/#primaryimage\"},\"thumbnailUrl\":\"https:\/\/www.sonoraenequipo.com.mx\/storage\/2020\/05\/se\u00f1ora-alta.jpg\",\"datePublished\":\"2020-05-22T05:23:13+00:00\",\"dateModified\":\"2020-05-22T05:29:00+00:00\",\"description\":\"HERMOSILLO, SONORA,MX.\u2500 de entre toda la estad\u00edstica negativa que se est\u00e1 presentando en la entidad por la pandemia del coronavirus este d\u00eda se dio de En Sonora en Equipo publicamos toda la informaci\u00f3n de Sonora, M\u00e9xico y el Mundo de manera oportuna y busca que la libertad de expresi\u00f3n sea real. Visita nuestro medio informativo publicado desde Hermosillo, Sonora. %\",\"breadcrumb\":{\"@id\":\"https:\/\/www.sonoraenequipo.com.mx\/no-da-descanso-covid-a-sonora-6-decesos-y-85-nuevos-casos\/#breadcrumb\"},\"inLanguage\":\"es\",\"potentialAction\":[{\"@type\":\"ReadAction\",\"target\":[\"https:\/\/www.sonoraenequipo.com.mx\/no-da-descanso-covid-a-sonora-6-decesos-y-85-nuevos-casos\/\"]}]},{\"@type\":\"ImageObject\",\"inLanguage\":\"es\",\"@id\":\"https:\/\/www.sonoraenequipo.com.mx\/no-da-descanso-covid-a-sonora-6-decesos-y-85-nuevos-casos\/#primaryimage\",\"url\":\"https:\/\/www.sonoraenequipo.com.mx\/storage\/2020\/05\/se\u00f1ora-alta.jpg\",\"contentUrl\":\"https:\/\/www.sonoraenequipo.com.mx\/storage\/2020\/05\/se\u00f1ora-alta.jpg\",\"width\":600,\"height\":400},{\"@type\":\"BreadcrumbList\",\"@id\":\"https:\/\/www.sonoraenequipo.com.mx\/no-da-descanso-covid-a-sonora-6-decesos-y-85-nuevos-casos\/#breadcrumb\",\"itemListElement\":[{\"@type\":\"ListItem\",\"position\":1,\"name\":\"Portada\",\"item\":\"https:\/\/www.sonoraenequipo.com.mx\/\"},{\"@type\":\"ListItem\",\"position\":2,\"name\":\"No da descanso covid a Sonora 6 decesos y 85 nuevos casos\"}]},{\"@type\":\"WebSite\",\"@id\":\"https:\/\/www.sonoraenequipo.com.mx\/#website\",\"url\":\"https:\/\/www.sonoraenequipo.com.mx\/\",\"name\":\"Sonora en Equipo.\",\"description\":\"Diario en l\u00ednea con Noticias desde Hermosillo, Sonora\",\"publisher\":{\"@id\":\"https:\/\/www.sonoraenequipo.com.mx\/#organization\"},\"potentialAction\":[{\"@type\":\"SearchAction\",\"target\":{\"@type\":\"EntryPoint\",\"urlTemplate\":\"https:\/\/www.sonoraenequipo.com.mx\/?s={search_term_string}\"},\"query-input\":{\"@type\":\"PropertyValueSpecification\",\"valueRequired\":true,\"valueName\":\"search_term_string\"}}],\"inLanguage\":\"es\"},{\"@type\":\"Organization\",\"@id\":\"https:\/\/www.sonoraenequipo.com.mx\/#organization\",\"name\":\"Sonoraenequipo.com.mx\",\"url\":\"https:\/\/www.sonoraenequipo.com.mx\/\",\"logo\":{\"@type\":\"ImageObject\",\"inLanguage\":\"es\",\"@id\":\"https:\/\/www.sonoraenequipo.com.mx\/#\/schema\/logo\/image\/\",\"url\":\"https:\/\/www.sonoraenequipo.com.mx\/storage\/2019\/01\/sonoraenequipo_opt.png\",\"contentUrl\":\"https:\/\/www.sonoraenequipo.com.mx\/storage\/2019\/01\/sonoraenequipo_opt.png\",\"width\":375,\"height\":125,\"caption\":\"Sonoraenequipo.com.mx\"},\"image\":{\"@id\":\"https:\/\/www.sonoraenequipo.com.mx\/#\/schema\/logo\/image\/\"},\"sameAs\":[\"https:\/\/www.facebook.com\/SonoraEE\/\",\"https:\/\/x.com\/sonoraenequipo\",\"https:\/\/www.youtube.com\/channel\/UC338nW-lPEYmJQs4ZABQ1SQ\"]},{\"@type\":\"Person\",\"@id\":\"https:\/\/www.sonoraenequipo.com.mx\/#\/schema\/person\/fbd9952aca28efec00f1fb7fa9428cad\",\"name\":\"Nacho Bandin\",\"image\":{\"@type\":\"ImageObject\",\"inLanguage\":\"es\",\"@id\":\"https:\/\/www.sonoraenequipo.com.mx\/#\/schema\/person\/image\/\",\"url\":\"https:\/\/secure.gravatar.com\/avatar\/aa8b9910cb9aca6bb907bea274a87d80d1290d00069310f251740e3ee0bf15f1?s=96&d=blank&r=g\",\"contentUrl\":\"https:\/\/secure.gravatar.com\/avatar\/aa8b9910cb9aca6bb907bea274a87d80d1290d00069310f251740e3ee0bf15f1?s=96&d=blank&r=g\",\"caption\":\"Nacho Bandin\"},\"sameAs\":[\"http:\/\/sonoraenequipo.com.mx\"]}]}<\/script>\n ","yoast_head_json":{"title":"Sonora en Equipo. No da descanso covid a Sonora 6 decesos y 85 nuevos casos Sonora","description":"HERMOSILLO, SONORA,MX.\u2500 de entre toda la estad\u00edstica negativa que se est\u00e1 presentando en la entidad por la pandemia del coronavirus este d\u00eda se dio de En Sonora en Equipo publicamos toda la informaci\u00f3n de Sonora, M\u00e9xico y el Mundo de manera oportuna y busca que la libertad de expresi\u00f3n sea real. Visita nuestro medio informativo publicado desde Hermosillo, Sonora. %","robots":{"index":"index","follow":"follow","max-snippet":"max-snippet:-1","max-image-preview":"max-image-preview:large","max-video-preview":"max-video-preview:-1"},"canonical":"https:\/\/www.sonoraenequipo.com.mx\/no-da-descanso-covid-a-sonora-6-decesos-y-85-nuevos-casos\/","og_locale":"es_ES","og_type":"article","og_title":"Sonora en Equipo. No da descanso covid a Sonora 6 decesos y 85 nuevos casos Sonora","og_description":"HERMOSILLO, SONORA,MX.\u2500 de entre toda la estad\u00edstica negativa que se est\u00e1 presentando en la entidad por la pandemia del coronavirus este d\u00eda se dio de En Sonora en Equipo publicamos toda la informaci\u00f3n de Sonora, M\u00e9xico y el Mundo de manera oportuna y busca que la libertad de expresi\u00f3n sea real. Visita nuestro medio informativo publicado desde Hermosillo, Sonora. %","og_url":"https:\/\/www.sonoraenequipo.com.mx\/no-da-descanso-covid-a-sonora-6-decesos-y-85-nuevos-casos\/","og_site_name":"Sonora en Equipo.","article_publisher":"https:\/\/www.facebook.com\/SonoraEE\/","article_published_time":"2020-05-22T05:23:13+00:00","article_modified_time":"2020-05-22T05:29:00+00:00","og_image":[{"width":600,"height":400,"url":"https:\/\/www.sonoraenequipo.com.mx\/storage\/2020\/05\/se\u00f1ora-alta.jpg","type":"image\/jpeg"}],"author":"Nacho Bandin","twitter_card":"summary_large_image","twitter_creator":"@sonoraenequipo","twitter_site":"@sonoraenequipo","twitter_misc":{"Escrito por":"Nacho Bandin","Tiempo de lectura":"2 minutos"},"schema":{"@context":"https:\/\/schema.org","@graph":[{"@type":"Article","@id":"https:\/\/www.sonoraenequipo.com.mx\/no-da-descanso-covid-a-sonora-6-decesos-y-85-nuevos-casos\/#article","isPartOf":{"@id":"https:\/\/www.sonoraenequipo.com.mx\/no-da-descanso-covid-a-sonora-6-decesos-y-85-nuevos-casos\/"},"author":{"name":"Nacho Bandin","@id":"https:\/\/www.sonoraenequipo.com.mx\/#\/schema\/person\/fbd9952aca28efec00f1fb7fa9428cad"},"headline":"No da descanso covid a Sonora 6 decesos y 85 nuevos casos","datePublished":"2020-05-22T05:23:13+00:00","dateModified":"2020-05-22T05:29:00+00:00","mainEntityOfPage":{"@id":"https:\/\/www.sonoraenequipo.com.mx\/no-da-descanso-covid-a-sonora-6-decesos-y-85-nuevos-casos\/"},"wordCount":354,"commentCount":0,"publisher":{"@id":"https:\/\/www.sonoraenequipo.com.mx\/#organization"},"image":{"@id":"https:\/\/www.sonoraenequipo.com.mx\/no-da-descanso-covid-a-sonora-6-decesos-y-85-nuevos-casos\/#primaryimage"},"thumbnailUrl":"https:\/\/www.sonoraenequipo.com.mx\/storage\/2020\/05\/se\u00f1ora-alta.jpg","keywords":["Coronavirus"],"articleSection":["Sonora"],"inLanguage":"es","potentialAction":[{"@type":"CommentAction","name":"Comment","target":["https:\/\/www.sonoraenequipo.com.mx\/no-da-descanso-covid-a-sonora-6-decesos-y-85-nuevos-casos\/#respond"]}]},{"@type":"WebPage","@id":"https:\/\/www.sonoraenequipo.com.mx\/no-da-descanso-covid-a-sonora-6-decesos-y-85-nuevos-casos\/","url":"https:\/\/www.sonoraenequipo.com.mx\/no-da-descanso-covid-a-sonora-6-decesos-y-85-nuevos-casos\/","name":"Sonora en Equipo. No da descanso covid a Sonora 6 decesos y 85 nuevos casos Sonora","isPartOf":{"@id":"https:\/\/www.sonoraenequipo.com.mx\/#website"},"primaryImageOfPage":{"@id":"https:\/\/www.sonoraenequipo.com.mx\/no-da-descanso-covid-a-sonora-6-decesos-y-85-nuevos-casos\/#primaryimage"},"image":{"@id":"https:\/\/www.sonoraenequipo.com.mx\/no-da-descanso-covid-a-sonora-6-decesos-y-85-nuevos-casos\/#primaryimage"},"thumbnailUrl":"https:\/\/www.sonoraenequipo.com.mx\/storage\/2020\/05\/se\u00f1ora-alta.jpg","datePublished":"2020-05-22T05:23:13+00:00","dateModified":"2020-05-22T05:29:00+00:00","description":"HERMOSILLO, SONORA,MX.\u2500 de entre toda la estad\u00edstica negativa que se est\u00e1 presentando en la entidad por la pandemia del coronavirus este d\u00eda se dio de En Sonora en Equipo publicamos toda la informaci\u00f3n de Sonora, M\u00e9xico y el Mundo de manera oportuna y busca que la libertad de expresi\u00f3n sea real. Visita nuestro medio informativo publicado desde Hermosillo, Sonora. %","breadcrumb":{"@id":"https:\/\/www.sonoraenequipo.com.mx\/no-da-descanso-covid-a-sonora-6-decesos-y-85-nuevos-casos\/#breadcrumb"},"inLanguage":"es","potentialAction":[{"@type":"ReadAction","target":["https:\/\/www.sonoraenequipo.com.mx\/no-da-descanso-covid-a-sonora-6-decesos-y-85-nuevos-casos\/"]}]},{"@type":"ImageObject","inLanguage":"es","@id":"https:\/\/www.sonoraenequipo.com.mx\/no-da-descanso-covid-a-sonora-6-decesos-y-85-nuevos-casos\/#primaryimage","url":"https:\/\/www.sonoraenequipo.com.mx\/storage\/2020\/05\/se\u00f1ora-alta.jpg","contentUrl":"https:\/\/www.sonoraenequipo.com.mx\/storage\/2020\/05\/se\u00f1ora-alta.jpg","width":600,"height":400},{"@type":"BreadcrumbList","@id":"https:\/\/www.sonoraenequipo.com.mx\/no-da-descanso-covid-a-sonora-6-decesos-y-85-nuevos-casos\/#breadcrumb","itemListElement":[{"@type":"ListItem","position":1,"name":"Portada","item":"https:\/\/www.sonoraenequipo.com.mx\/"},{"@type":"ListItem","position":2,"name":"No da descanso covid a Sonora 6 decesos y 85 nuevos casos"}]},{"@type":"WebSite","@id":"https:\/\/www.sonoraenequipo.com.mx\/#website","url":"https:\/\/www.sonoraenequipo.com.mx\/","name":"Sonora en Equipo.","description":"Diario en l\u00ednea con Noticias desde Hermosillo, Sonora","publisher":{"@id":"https:\/\/www.sonoraenequipo.com.mx\/#organization"},"potentialAction":[{"@type":"SearchAction","target":{"@type":"EntryPoint","urlTemplate":"https:\/\/www.sonoraenequipo.com.mx\/?s={search_term_string}"},"query-input":{"@type":"PropertyValueSpecification","valueRequired":true,"valueName":"search_term_string"}}],"inLanguage":"es"},{"@type":"Organization","@id":"https:\/\/www.sonoraenequipo.com.mx\/#organization","name":"Sonoraenequipo.com.mx","url":"https:\/\/www.sonoraenequipo.com.mx\/","logo":{"@type":"ImageObject","inLanguage":"es","@id":"https:\/\/www.sonoraenequipo.com.mx\/#\/schema\/logo\/image\/","url":"https:\/\/www.sonoraenequipo.com.mx\/storage\/2019\/01\/sonoraenequipo_opt.png","contentUrl":"https:\/\/www.sonoraenequipo.com.mx\/storage\/2019\/01\/sonoraenequipo_opt.png","width":375,"height":125,"caption":"Sonoraenequipo.com.mx"},"image":{"@id":"https:\/\/www.sonoraenequipo.com.mx\/#\/schema\/logo\/image\/"},"sameAs":["https:\/\/www.facebook.com\/SonoraEE\/","https:\/\/x.com\/sonoraenequipo","https:\/\/www.youtube.com\/channel\/UC338nW-lPEYmJQs4ZABQ1SQ"]},{"@type":"Person","@id":"https:\/\/www.sonoraenequipo.com.mx\/#\/schema\/person\/fbd9952aca28efec00f1fb7fa9428cad","name":"Nacho Bandin","image":{"@type":"ImageObject","inLanguage":"es","@id":"https:\/\/www.sonoraenequipo.com.mx\/#\/schema\/person\/image\/","url":"https:\/\/secure.gravatar.com\/avatar\/aa8b9910cb9aca6bb907bea274a87d80d1290d00069310f251740e3ee0bf15f1?s=96&d=blank&r=g","contentUrl":"https:\/\/secure.gravatar.com\/avatar\/aa8b9910cb9aca6bb907bea274a87d80d1290d00069310f251740e3ee0bf15f1?s=96&d=blank&r=g","caption":"Nacho Bandin"},"sameAs":["http:\/\/sonoraenequipo.com.mx"]}]}},"jetpack_featured_media_url":"https:\/\/www.sonoraenequipo.com.mx\/storage\/2020\/05\/se\u00f1ora-alta.jpg","_links":{"self":[{"href":"https:\/\/www.sonoraenequipo.com.mx\/api\/wp\/v2\/posts\/85725","targetHints":{"allow":["GET"]}}],"collection":[{"href":"https:\/\/www.sonoraenequipo.com.mx\/api\/wp\/v2\/posts"}],"about":[{"href":"https:\/\/www.sonoraenequipo.com.mx\/api\/wp\/v2\/types\/post"}],"author":[{"embeddable":true,"href":"https:\/\/www.sonoraenequipo.com.mx\/api\/wp\/v2\/users\/6"}],"replies":[{"embeddable":true,"href":"https:\/\/www.sonoraenequipo.com.mx\/api\/wp\/v2\/comments?post=85725"}],"version-history":[{"count":0,"href":"https:\/\/www.sonoraenequipo.com.mx\/api\/wp\/v2\/posts\/85725\/revisions"}],"wp:featuredmedia":[{"embeddable":true,"href":"https:\/\/www.sonoraenequipo.com.mx\/api\/wp\/v2\/media\/85743"}],"wp:attachment":[{"href":"https:\/\/www.sonoraenequipo.com.mx\/api\/wp\/v2\/media?parent=85725"}],"wp:term":[{"taxonomy":"category","embeddable":true,"href":"https:\/\/www.sonoraenequipo.com.mx\/api\/wp\/v2\/categories?post=85725"},{"taxonomy":"post_tag","embeddable":true,"href":"https:\/\/www.sonoraenequipo.com.mx\/api\/wp\/v2\/tags?post=85725"}],"curies":[{"name":"wp","href":"https:\/\/api.w.org\/{rel}","templated":true}]}}