{"id":85747,"date":"2020-05-22T07:00:00","date_gmt":"2020-05-22T14:00:00","guid":{"rendered":"https:\/\/www.sonoraenequipo.com.mx\/?p=85747"},"modified":"2020-05-22T09:44:44","modified_gmt":"2020-05-22T16:44:44","slug":"poder-judicial-de-sonora-lamenta-deceso-por-covid-de-abogado-litigante","status":"publish","type":"post","link":"https:\/\/www.sonoraenequipo.com.mx\/poder-judicial-de-sonora-lamenta-deceso-por-covid-de-abogado-litigante\/","title":{"rendered":"Poder Judicial de Sonora\u00a0 lamenta deceso por covid de abogado litigante"},"content":{"rendered":"<p><em><strong>Posicionamiento del Presidente del SupremoTJ de Sonora, Francisco Guti\u00e9rrez Rodr\u00edguez.<\/strong><\/em><\/p>\n<p>HERMOSILLO, SONORA,MX.\u2500 Lamentamos el fallecimiento de un \u00a0conocido abogado litigante, por Covid-19, hoy en Hermosillo. Expresamos nuestras condolencias a su familia y amigos.<\/p>\n<p>Por otra parte, vistas las circunstancias, someteremos a cuarentena al personal nuestro que haya atendido al abogado hoy occiso. Los guardias de seguridad privada, ser\u00e1n cuarentenados tambi\u00e9n.<\/p>\n<p>Adem\u00e1s, estamos sanitizando los espacios. Afortunadamente ya hab\u00edamos colocado acr\u00edlicos para que la salivaci\u00f3n de una persona no alcance a otra.<\/p>\n<p>A\u00fan as\u00ed, hay gente que insiste en que reanudemos labores normales. Unas personas lo hacen por entendible desesperaci\u00f3n, y otras por mezquinos intereses pol\u00edticos.<\/p>\n<p>No cederemos a las presiones. Reanudaremos labores normales cuando el Consejo Estatal de Salud nos d\u00e9 luz verde.<\/p>\n<p>Nuestra imagen es lo de menos cuando se trata de la salud y la vida de las 2 mil personas que integramos el Poder Judicial del Estado y, por supuesto, de los miles de usuarios de los servicios que brindamos, a quienes debemos garant\u00eda de seguridad en nuestras instalaciones.<\/p>\n<p>Fecha de Publicaci\u00f3n 21\/may\/2020<\/p>\n<p>La justicia carece de sentido si quien la busca ya no est\u00e1 viva para recibirla.<\/p>\n","protected":false},"excerpt":{"rendered":"<p>Posicionamiento del Presidente del SupremoTJ de Sonora, Francisco Guti\u00e9rrez Rodr\u00edguez. HERMOSILLO, SONORA,MX.\u2500 Lamentamos el fallecimiento&#8230;<\/p>\n","protected":false},"author":1,"featured_media":85748,"comment_status":"open","ping_status":"open","sticky":false,"template":"","format":"standard","meta":{"_monsterinsights_skip_tracking":false,"_monsterinsights_sitenote_active":false,"_monsterinsights_sitenote_note":"","_monsterinsights_sitenote_category":0,"footnotes":""},"categories":[22],"tags":[],"class_list":["post"],"yoast_head":" \n<title>Sonora en Equipo. Poder Judicial de Sonora\u00a0 lamenta deceso por covid de abogado litigante Sonora<\/title>\n<meta name=\"description\" content=\"Posicionamiento del Presidente del SupremoTJ de Sonora, Francisco Guti\u00e9rrez Rodr\u00edguez. HERMOSILLO, SONORA,MX.\u2500 Lamentamos el fallecimiento de un \u00a0conocido En Sonora en Equipo publicamos toda la informaci\u00f3n de Sonora, M\u00e9xico y el Mundo de manera oportuna y busca que la libertad de expresi\u00f3n sea real. Visita nuestro medio informativo publicado desde Hermosillo, Sonora. %\" \/>\n<meta name=\"robots\" content=\"index, follow, max-snippet:-1, max-image-preview:large, max-video-preview:-1\" \/>\n<link rel=\"canonical\" href=\"https:\/\/www.sonoraenequipo.com.mx\/poder-judicial-de-sonora-lamenta-deceso-por-covid-de-abogado-litigante\/\" \/>\n<meta property=\"og:locale\" content=\"es_ES\" \/>\n<meta property=\"og:type\" content=\"article\" \/>\n<meta property=\"og:title\" content=\"Sonora en Equipo. Poder Judicial de Sonora\u00a0 lamenta deceso por covid de abogado litigante Sonora\" \/>\n<meta property=\"og:description\" content=\"Posicionamiento del Presidente del SupremoTJ de Sonora, Francisco Guti\u00e9rrez Rodr\u00edguez. HERMOSILLO, SONORA,MX.\u2500 Lamentamos el fallecimiento de un \u00a0conocido En Sonora en Equipo publicamos toda la informaci\u00f3n de Sonora, M\u00e9xico y el Mundo de manera oportuna y busca que la libertad de expresi\u00f3n sea real. Visita nuestro medio informativo publicado desde Hermosillo, Sonora. %\" \/>\n<meta property=\"og:url\" content=\"https:\/\/www.sonoraenequipo.com.mx\/poder-judicial-de-sonora-lamenta-deceso-por-covid-de-abogado-litigante\/\" \/>\n<meta property=\"og:site_name\" content=\"Sonora en Equipo.\" \/>\n<meta property=\"article:publisher\" content=\"https:\/\/www.facebook.com\/SonoraEE\/\" \/>\n<meta property=\"article:author\" content=\"https:\/\/www.facebook.com\/SonoraEE\" \/>\n<meta property=\"article:published_time\" content=\"2020-05-22T14:00:00+00:00\" \/>\n<meta property=\"article:modified_time\" content=\"2020-05-22T16:44:44+00:00\" \/>\n<meta property=\"og:image\" content=\"https:\/\/www.sonoraenequipo.com.mx\/storage\/2020\/05\/supremo-tribunal-de-justicia_opt.jpg\" \/>\n\t<meta property=\"og:image:width\" content=\"760\" \/>\n\t<meta property=\"og:image:height\" content=\"400\" \/>\n\t<meta property=\"og:image:type\" content=\"image\/jpeg\" \/>\n<meta name=\"author\" content=\"enequipo\" \/>\n<meta name=\"twitter:card\" content=\"summary_large_image\" \/>\n<meta name=\"twitter:creator\" content=\"@sonoraenequipo\" \/>\n<meta name=\"twitter:site\" content=\"@sonoraenequipo\" \/>\n<meta name=\"twitter:label1\" content=\"Escrito por\" \/>\n\t<meta name=\"twitter:data1\" content=\"enequipo\" \/>\n\t<meta name=\"twitter:label2\" content=\"Tiempo de lectura\" \/>\n\t<meta name=\"twitter:data2\" content=\"1 minuto\" \/>\n<script type=\"application\/ld+json\" class=\"yoast-schema-graph\">{\"@context\":\"https:\/\/schema.org\",\"@graph\":[{\"@type\":\"Article\",\"@id\":\"https:\/\/www.sonoraenequipo.com.mx\/poder-judicial-de-sonora-lamenta-deceso-por-covid-de-abogado-litigante\/#article\",\"isPartOf\":{\"@id\":\"https:\/\/www.sonoraenequipo.com.mx\/poder-judicial-de-sonora-lamenta-deceso-por-covid-de-abogado-litigante\/\"},\"author\":{\"name\":\"enequipo\",\"@id\":\"https:\/\/www.sonoraenequipo.com.mx\/#\/schema\/person\/50102df0fb23a8fa9e8effad8fa81386\"},\"headline\":\"Poder Judicial de Sonora\u00a0 lamenta deceso por covid de abogado litigante\",\"datePublished\":\"2020-05-22T14:00:00+00:00\",\"dateModified\":\"2020-05-22T16:44:44+00:00\",\"mainEntityOfPage\":{\"@id\":\"https:\/\/www.sonoraenequipo.com.mx\/poder-judicial-de-sonora-lamenta-deceso-por-covid-de-abogado-litigante\/\"},\"wordCount\":215,\"commentCount\":0,\"publisher\":{\"@id\":\"https:\/\/www.sonoraenequipo.com.mx\/#organization\"},\"image\":{\"@id\":\"https:\/\/www.sonoraenequipo.com.mx\/poder-judicial-de-sonora-lamenta-deceso-por-covid-de-abogado-litigante\/#primaryimage\"},\"thumbnailUrl\":\"https:\/\/www.sonoraenequipo.com.mx\/storage\/2020\/05\/supremo-tribunal-de-justicia_opt.jpg\",\"articleSection\":[\"Sonora\"],\"inLanguage\":\"es\",\"potentialAction\":[{\"@type\":\"CommentAction\",\"name\":\"Comment\",\"target\":[\"https:\/\/www.sonoraenequipo.com.mx\/poder-judicial-de-sonora-lamenta-deceso-por-covid-de-abogado-litigante\/#respond\"]}]},{\"@type\":\"WebPage\",\"@id\":\"https:\/\/www.sonoraenequipo.com.mx\/poder-judicial-de-sonora-lamenta-deceso-por-covid-de-abogado-litigante\/\",\"url\":\"https:\/\/www.sonoraenequipo.com.mx\/poder-judicial-de-sonora-lamenta-deceso-por-covid-de-abogado-litigante\/\",\"name\":\"Sonora en Equipo. Poder Judicial de Sonora\u00a0 lamenta deceso por covid de abogado litigante Sonora\",\"isPartOf\":{\"@id\":\"https:\/\/www.sonoraenequipo.com.mx\/#website\"},\"primaryImageOfPage\":{\"@id\":\"https:\/\/www.sonoraenequipo.com.mx\/poder-judicial-de-sonora-lamenta-deceso-por-covid-de-abogado-litigante\/#primaryimage\"},\"image\":{\"@id\":\"https:\/\/www.sonoraenequipo.com.mx\/poder-judicial-de-sonora-lamenta-deceso-por-covid-de-abogado-litigante\/#primaryimage\"},\"thumbnailUrl\":\"https:\/\/www.sonoraenequipo.com.mx\/storage\/2020\/05\/supremo-tribunal-de-justicia_opt.jpg\",\"datePublished\":\"2020-05-22T14:00:00+00:00\",\"dateModified\":\"2020-05-22T16:44:44+00:00\",\"description\":\"Posicionamiento del Presidente del SupremoTJ de Sonora, Francisco Guti\u00e9rrez Rodr\u00edguez. HERMOSILLO, SONORA,MX.\u2500 Lamentamos el fallecimiento de un \u00a0conocido En Sonora en Equipo publicamos toda la informaci\u00f3n de Sonora, M\u00e9xico y el Mundo de manera oportuna y busca que la libertad de expresi\u00f3n sea real. Visita nuestro medio informativo publicado desde Hermosillo, Sonora. %\",\"breadcrumb\":{\"@id\":\"https:\/\/www.sonoraenequipo.com.mx\/poder-judicial-de-sonora-lamenta-deceso-por-covid-de-abogado-litigante\/#breadcrumb\"},\"inLanguage\":\"es\",\"potentialAction\":[{\"@type\":\"ReadAction\",\"target\":[\"https:\/\/www.sonoraenequipo.com.mx\/poder-judicial-de-sonora-lamenta-deceso-por-covid-de-abogado-litigante\/\"]}]},{\"@type\":\"ImageObject\",\"inLanguage\":\"es\",\"@id\":\"https:\/\/www.sonoraenequipo.com.mx\/poder-judicial-de-sonora-lamenta-deceso-por-covid-de-abogado-litigante\/#primaryimage\",\"url\":\"https:\/\/www.sonoraenequipo.com.mx\/storage\/2020\/05\/supremo-tribunal-de-justicia_opt.jpg\",\"contentUrl\":\"https:\/\/www.sonoraenequipo.com.mx\/storage\/2020\/05\/supremo-tribunal-de-justicia_opt.jpg\",\"width\":760,\"height\":400},{\"@type\":\"BreadcrumbList\",\"@id\":\"https:\/\/www.sonoraenequipo.com.mx\/poder-judicial-de-sonora-lamenta-deceso-por-covid-de-abogado-litigante\/#breadcrumb\",\"itemListElement\":[{\"@type\":\"ListItem\",\"position\":1,\"name\":\"Portada\",\"item\":\"https:\/\/www.sonoraenequipo.com.mx\/\"},{\"@type\":\"ListItem\",\"position\":2,\"name\":\"Poder Judicial de Sonora\u00a0 lamenta deceso por covid de abogado litigante\"}]},{\"@type\":\"WebSite\",\"@id\":\"https:\/\/www.sonoraenequipo.com.mx\/#website\",\"url\":\"https:\/\/www.sonoraenequipo.com.mx\/\",\"name\":\"Sonora en Equipo.\",\"description\":\"Diario en l\u00ednea con Noticias desde Hermosillo, Sonora\",\"publisher\":{\"@id\":\"https:\/\/www.sonoraenequipo.com.mx\/#organization\"},\"potentialAction\":[{\"@type\":\"SearchAction\",\"target\":{\"@type\":\"EntryPoint\",\"urlTemplate\":\"https:\/\/www.sonoraenequipo.com.mx\/?s={search_term_string}\"},\"query-input\":{\"@type\":\"PropertyValueSpecification\",\"valueRequired\":true,\"valueName\":\"search_term_string\"}}],\"inLanguage\":\"es\"},{\"@type\":\"Organization\",\"@id\":\"https:\/\/www.sonoraenequipo.com.mx\/#organization\",\"name\":\"Sonoraenequipo.com.mx\",\"url\":\"https:\/\/www.sonoraenequipo.com.mx\/\",\"logo\":{\"@type\":\"ImageObject\",\"inLanguage\":\"es\",\"@id\":\"https:\/\/www.sonoraenequipo.com.mx\/#\/schema\/logo\/image\/\",\"url\":\"https:\/\/www.sonoraenequipo.com.mx\/storage\/2019\/01\/sonoraenequipo_opt.png\",\"contentUrl\":\"https:\/\/www.sonoraenequipo.com.mx\/storage\/2019\/01\/sonoraenequipo_opt.png\",\"width\":375,\"height\":125,\"caption\":\"Sonoraenequipo.com.mx\"},\"image\":{\"@id\":\"https:\/\/www.sonoraenequipo.com.mx\/#\/schema\/logo\/image\/\"},\"sameAs\":[\"https:\/\/www.facebook.com\/SonoraEE\/\",\"https:\/\/x.com\/sonoraenequipo\",\"https:\/\/www.youtube.com\/channel\/UC338nW-lPEYmJQs4ZABQ1SQ\"]},{\"@type\":\"Person\",\"@id\":\"https:\/\/www.sonoraenequipo.com.mx\/#\/schema\/person\/50102df0fb23a8fa9e8effad8fa81386\",\"name\":\"enequipo\",\"image\":{\"@type\":\"ImageObject\",\"inLanguage\":\"es\",\"@id\":\"https:\/\/www.sonoraenequipo.com.mx\/#\/schema\/person\/image\/\",\"url\":\"https:\/\/secure.gravatar.com\/avatar\/049821681b589dabc0bc20695993ccebb09f5b5d4d790cd9251b97faac7c652b?s=96&d=blank&r=g\",\"contentUrl\":\"https:\/\/secure.gravatar.com\/avatar\/049821681b589dabc0bc20695993ccebb09f5b5d4d790cd9251b97faac7c652b?s=96&d=blank&r=g\",\"caption\":\"enequipo\"},\"sameAs\":[\"https:\/\/www.facebook.com\/SonoraEE\"]}]}<\/script>\n ","yoast_head_json":{"title":"Sonora en Equipo. Poder Judicial de Sonora\u00a0 lamenta deceso por covid de abogado litigante Sonora","description":"Posicionamiento del Presidente del SupremoTJ de Sonora, Francisco Guti\u00e9rrez Rodr\u00edguez. HERMOSILLO, SONORA,MX.\u2500 Lamentamos el fallecimiento de un \u00a0conocido En Sonora en Equipo publicamos toda la informaci\u00f3n de Sonora, M\u00e9xico y el Mundo de manera oportuna y busca que la libertad de expresi\u00f3n sea real. Visita nuestro medio informativo publicado desde Hermosillo, Sonora. %","robots":{"index":"index","follow":"follow","max-snippet":"max-snippet:-1","max-image-preview":"max-image-preview:large","max-video-preview":"max-video-preview:-1"},"canonical":"https:\/\/www.sonoraenequipo.com.mx\/poder-judicial-de-sonora-lamenta-deceso-por-covid-de-abogado-litigante\/","og_locale":"es_ES","og_type":"article","og_title":"Sonora en Equipo. Poder Judicial de Sonora\u00a0 lamenta deceso por covid de abogado litigante Sonora","og_description":"Posicionamiento del Presidente del SupremoTJ de Sonora, Francisco Guti\u00e9rrez Rodr\u00edguez. HERMOSILLO, SONORA,MX.\u2500 Lamentamos el fallecimiento de un \u00a0conocido En Sonora en Equipo publicamos toda la informaci\u00f3n de Sonora, M\u00e9xico y el Mundo de manera oportuna y busca que la libertad de expresi\u00f3n sea real. Visita nuestro medio informativo publicado desde Hermosillo, Sonora. %","og_url":"https:\/\/www.sonoraenequipo.com.mx\/poder-judicial-de-sonora-lamenta-deceso-por-covid-de-abogado-litigante\/","og_site_name":"Sonora en Equipo.","article_publisher":"https:\/\/www.facebook.com\/SonoraEE\/","article_author":"https:\/\/www.facebook.com\/SonoraEE","article_published_time":"2020-05-22T14:00:00+00:00","article_modified_time":"2020-05-22T16:44:44+00:00","og_image":[{"width":760,"height":400,"url":"https:\/\/www.sonoraenequipo.com.mx\/storage\/2020\/05\/supremo-tribunal-de-justicia_opt.jpg","type":"image\/jpeg"}],"author":"enequipo","twitter_card":"summary_large_image","twitter_creator":"@sonoraenequipo","twitter_site":"@sonoraenequipo","twitter_misc":{"Escrito por":"enequipo","Tiempo de lectura":"1 minuto"},"schema":{"@context":"https:\/\/schema.org","@graph":[{"@type":"Article","@id":"https:\/\/www.sonoraenequipo.com.mx\/poder-judicial-de-sonora-lamenta-deceso-por-covid-de-abogado-litigante\/#article","isPartOf":{"@id":"https:\/\/www.sonoraenequipo.com.mx\/poder-judicial-de-sonora-lamenta-deceso-por-covid-de-abogado-litigante\/"},"author":{"name":"enequipo","@id":"https:\/\/www.sonoraenequipo.com.mx\/#\/schema\/person\/50102df0fb23a8fa9e8effad8fa81386"},"headline":"Poder Judicial de Sonora\u00a0 lamenta deceso por covid de abogado litigante","datePublished":"2020-05-22T14:00:00+00:00","dateModified":"2020-05-22T16:44:44+00:00","mainEntityOfPage":{"@id":"https:\/\/www.sonoraenequipo.com.mx\/poder-judicial-de-sonora-lamenta-deceso-por-covid-de-abogado-litigante\/"},"wordCount":215,"commentCount":0,"publisher":{"@id":"https:\/\/www.sonoraenequipo.com.mx\/#organization"},"image":{"@id":"https:\/\/www.sonoraenequipo.com.mx\/poder-judicial-de-sonora-lamenta-deceso-por-covid-de-abogado-litigante\/#primaryimage"},"thumbnailUrl":"https:\/\/www.sonoraenequipo.com.mx\/storage\/2020\/05\/supremo-tribunal-de-justicia_opt.jpg","articleSection":["Sonora"],"inLanguage":"es","potentialAction":[{"@type":"CommentAction","name":"Comment","target":["https:\/\/www.sonoraenequipo.com.mx\/poder-judicial-de-sonora-lamenta-deceso-por-covid-de-abogado-litigante\/#respond"]}]},{"@type":"WebPage","@id":"https:\/\/www.sonoraenequipo.com.mx\/poder-judicial-de-sonora-lamenta-deceso-por-covid-de-abogado-litigante\/","url":"https:\/\/www.sonoraenequipo.com.mx\/poder-judicial-de-sonora-lamenta-deceso-por-covid-de-abogado-litigante\/","name":"Sonora en Equipo. Poder Judicial de Sonora\u00a0 lamenta deceso por covid de abogado litigante Sonora","isPartOf":{"@id":"https:\/\/www.sonoraenequipo.com.mx\/#website"},"primaryImageOfPage":{"@id":"https:\/\/www.sonoraenequipo.com.mx\/poder-judicial-de-sonora-lamenta-deceso-por-covid-de-abogado-litigante\/#primaryimage"},"image":{"@id":"https:\/\/www.sonoraenequipo.com.mx\/poder-judicial-de-sonora-lamenta-deceso-por-covid-de-abogado-litigante\/#primaryimage"},"thumbnailUrl":"https:\/\/www.sonoraenequipo.com.mx\/storage\/2020\/05\/supremo-tribunal-de-justicia_opt.jpg","datePublished":"2020-05-22T14:00:00+00:00","dateModified":"2020-05-22T16:44:44+00:00","description":"Posicionamiento del Presidente del SupremoTJ de Sonora, Francisco Guti\u00e9rrez Rodr\u00edguez. HERMOSILLO, SONORA,MX.\u2500 Lamentamos el fallecimiento de un \u00a0conocido En Sonora en Equipo publicamos toda la informaci\u00f3n de Sonora, M\u00e9xico y el Mundo de manera oportuna y busca que la libertad de expresi\u00f3n sea real. Visita nuestro medio informativo publicado desde Hermosillo, Sonora. %","breadcrumb":{"@id":"https:\/\/www.sonoraenequipo.com.mx\/poder-judicial-de-sonora-lamenta-deceso-por-covid-de-abogado-litigante\/#breadcrumb"},"inLanguage":"es","potentialAction":[{"@type":"ReadAction","target":["https:\/\/www.sonoraenequipo.com.mx\/poder-judicial-de-sonora-lamenta-deceso-por-covid-de-abogado-litigante\/"]}]},{"@type":"ImageObject","inLanguage":"es","@id":"https:\/\/www.sonoraenequipo.com.mx\/poder-judicial-de-sonora-lamenta-deceso-por-covid-de-abogado-litigante\/#primaryimage","url":"https:\/\/www.sonoraenequipo.com.mx\/storage\/2020\/05\/supremo-tribunal-de-justicia_opt.jpg","contentUrl":"https:\/\/www.sonoraenequipo.com.mx\/storage\/2020\/05\/supremo-tribunal-de-justicia_opt.jpg","width":760,"height":400},{"@type":"BreadcrumbList","@id":"https:\/\/www.sonoraenequipo.com.mx\/poder-judicial-de-sonora-lamenta-deceso-por-covid-de-abogado-litigante\/#breadcrumb","itemListElement":[{"@type":"ListItem","position":1,"name":"Portada","item":"https:\/\/www.sonoraenequipo.com.mx\/"},{"@type":"ListItem","position":2,"name":"Poder Judicial de Sonora\u00a0 lamenta deceso por covid de abogado litigante"}]},{"@type":"WebSite","@id":"https:\/\/www.sonoraenequipo.com.mx\/#website","url":"https:\/\/www.sonoraenequipo.com.mx\/","name":"Sonora en Equipo.","description":"Diario en l\u00ednea con Noticias desde Hermosillo, Sonora","publisher":{"@id":"https:\/\/www.sonoraenequipo.com.mx\/#organization"},"potentialAction":[{"@type":"SearchAction","target":{"@type":"EntryPoint","urlTemplate":"https:\/\/www.sonoraenequipo.com.mx\/?s={search_term_string}"},"query-input":{"@type":"PropertyValueSpecification","valueRequired":true,"valueName":"search_term_string"}}],"inLanguage":"es"},{"@type":"Organization","@id":"https:\/\/www.sonoraenequipo.com.mx\/#organization","name":"Sonoraenequipo.com.mx","url":"https:\/\/www.sonoraenequipo.com.mx\/","logo":{"@type":"ImageObject","inLanguage":"es","@id":"https:\/\/www.sonoraenequipo.com.mx\/#\/schema\/logo\/image\/","url":"https:\/\/www.sonoraenequipo.com.mx\/storage\/2019\/01\/sonoraenequipo_opt.png","contentUrl":"https:\/\/www.sonoraenequipo.com.mx\/storage\/2019\/01\/sonoraenequipo_opt.png","width":375,"height":125,"caption":"Sonoraenequipo.com.mx"},"image":{"@id":"https:\/\/www.sonoraenequipo.com.mx\/#\/schema\/logo\/image\/"},"sameAs":["https:\/\/www.facebook.com\/SonoraEE\/","https:\/\/x.com\/sonoraenequipo","https:\/\/www.youtube.com\/channel\/UC338nW-lPEYmJQs4ZABQ1SQ"]},{"@type":"Person","@id":"https:\/\/www.sonoraenequipo.com.mx\/#\/schema\/person\/50102df0fb23a8fa9e8effad8fa81386","name":"enequipo","image":{"@type":"ImageObject","inLanguage":"es","@id":"https:\/\/www.sonoraenequipo.com.mx\/#\/schema\/person\/image\/","url":"https:\/\/secure.gravatar.com\/avatar\/049821681b589dabc0bc20695993ccebb09f5b5d4d790cd9251b97faac7c652b?s=96&d=blank&r=g","contentUrl":"https:\/\/secure.gravatar.com\/avatar\/049821681b589dabc0bc20695993ccebb09f5b5d4d790cd9251b97faac7c652b?s=96&d=blank&r=g","caption":"enequipo"},"sameAs":["https:\/\/www.facebook.com\/SonoraEE"]}]}},"jetpack_featured_media_url":"https:\/\/www.sonoraenequipo.com.mx\/storage\/2020\/05\/supremo-tribunal-de-justicia_opt.jpg","_links":{"self":[{"href":"https:\/\/www.sonoraenequipo.com.mx\/api\/wp\/v2\/posts\/85747","targetHints":{"allow":["GET"]}}],"collection":[{"href":"https:\/\/www.sonoraenequipo.com.mx\/api\/wp\/v2\/posts"}],"about":[{"href":"https:\/\/www.sonoraenequipo.com.mx\/api\/wp\/v2\/types\/post"}],"author":[{"embeddable":true,"href":"https:\/\/www.sonoraenequipo.com.mx\/api\/wp\/v2\/users\/1"}],"replies":[{"embeddable":true,"href":"https:\/\/www.sonoraenequipo.com.mx\/api\/wp\/v2\/comments?post=85747"}],"version-history":[{"count":0,"href":"https:\/\/www.sonoraenequipo.com.mx\/api\/wp\/v2\/posts\/85747\/revisions"}],"wp:featuredmedia":[{"embeddable":true,"href":"https:\/\/www.sonoraenequipo.com.mx\/api\/wp\/v2\/media\/85748"}],"wp:attachment":[{"href":"https:\/\/www.sonoraenequipo.com.mx\/api\/wp\/v2\/media?parent=85747"}],"wp:term":[{"taxonomy":"category","embeddable":true,"href":"https:\/\/www.sonoraenequipo.com.mx\/api\/wp\/v2\/categories?post=85747"},{"taxonomy":"post_tag","embeddable":true,"href":"https:\/\/www.sonoraenequipo.com.mx\/api\/wp\/v2\/tags?post=85747"}],"curies":[{"name":"wp","href":"https:\/\/api.w.org\/{rel}","templated":true}]}}