{"id":85763,"date":"2020-05-22T13:45:56","date_gmt":"2020-05-22T20:45:56","guid":{"rendered":"https:\/\/www.sonoraenequipo.com.mx\/?p=85763"},"modified":"2020-05-22T12:59:16","modified_gmt":"2020-05-22T19:59:16","slug":"netflix-lanzara-miniserie-del-caso-paulette","status":"publish","type":"post","link":"https:\/\/www.sonoraenequipo.com.mx\/netflix-lanzara-miniserie-del-caso-paulette\/","title":{"rendered":"Netflix lanzar\u00e1 miniserie del caso &#8216;Paulette&#8217;"},"content":{"rendered":"<p>CIUDAD DE M\u00c9XICO. MX. \u2014 Netflix estrenar\u00e1 una nueva basada en el controversial caso de la ni\u00f1a Paulette, uno de los casos m\u00e1s sonados en todo M\u00e9xico, hace ya 10 a\u00f1os.<\/p>\n<p>&nbsp;<\/p>\n<p> <\/p>\n<p>&nbsp;<\/p>\n<p>&nbsp;<\/p>\n<p>Este hecho conmocion\u00f3 a todo M\u00e9xico, ya que la ni\u00f1a (Paulette) desapareci\u00f3 de su propio cuarto y varios despu\u00e9s apareci\u00f3 en el mismo, en donde la encontr\u00f3 una de las nanas.<\/p>\n<p>&nbsp;<\/p>\n<p>La producci\u00f3n tendr\u00e1 por nombre <strong>Historia de un Crimen: La B\u00fasqueda<\/strong> y ser\u00e1 estrenada el pr\u00f3ximo 12 de junio.<\/p>\n<p>&nbsp;<\/p>\n<p>Y aunque no hay muchos detalles y el tr\u00e1iler de la miniserie a\u00fan es una intriga, se sabe que Regina Bland\u00f3n y Dario Yazbek act\u00faan en ella.<\/p>\n<p>&nbsp;<\/p>\n<p><em>\u201cUna ni\u00f1a desaparece de su casa en un desarrollo urbano acaudalado de CDMX, pero su b\u00fasqueda se ve complicada por intereses personales. Basa en una historia real\u201d<\/em>, se lee en la descripci\u00f3n de la plataforma.<\/p>\n<p>&nbsp;<\/p>\n<h3>HISTORIA<\/h3>\n<p>&nbsp;<\/p>\n<p>La ni\u00f1a de cuatro a\u00f1os presuntamente desapareci\u00f3 el 22 de marzo de 2010 de su casa ubicada en Huixquilucan, Estado de M\u00e9xico, por lo que su familia inicio una intensa campa\u00f1a medi\u00e1tica para dar con su paradero.<\/p>\n<p>&nbsp;<\/p>\n<p>Luego de varios d\u00edas de b\u00fasqueda, el cuerpo de Paulette fue localizado a un costado de la cama de su propia habitaci\u00f3n. La menor estaba envuelta en una sabana entre el colch\u00f3n y una de las paredes.<\/p>\n<p>&nbsp;<\/p>\n<p>La pol\u00e9mica se dispar\u00f3 pues las autoridades ya hab\u00edan revisado la habitaci\u00f3n, incluso con perros entrenados. Adem\u00e1s, que la familia de la ni\u00f1a hab\u00eda dado entrevistas en aquel lugar sin que nadie se percatara que el cuerpo de la ni\u00f1a estaba all\u00ed.<\/p>\n<p>&nbsp;<\/p>\n<p>Varios funcionarios fueron removidos por las irregularidades en el caso. Sin embargo, la Fiscal\u00eda General de Justicia del Estado de M\u00e9xico concluy\u00f3 que la menor muri\u00f3 a causa de un accidente.<\/p>\n<p>&nbsp;<\/p>\n<p>Seg\u00fan la versi\u00f3n oficial, Paulette, quien viv\u00eda con una deficiencia motriz y trastorno del lenguaje, habr\u00eda ca\u00eddo de cabeza a un costado de la cama, donde muri\u00f3 por asfixia.<\/p>\n<p>&nbsp;<\/p>\n<p>(PUBLICADO EL 22\/05\/2020)<\/p>\n","protected":false},"excerpt":{"rendered":"<p>CIUDAD DE M\u00c9XICO. MX. \u2014 Netflix estrenar\u00e1 una nueva basada en el controversial caso de&#8230;<\/p>\n","protected":false},"author":1,"featured_media":85764,"comment_status":"open","ping_status":"open","sticky":false,"template":"","format":"standard","meta":{"_monsterinsights_skip_tracking":false,"_monsterinsights_sitenote_active":false,"_monsterinsights_sitenote_note":"","_monsterinsights_sitenote_category":0,"footnotes":""},"categories":[2987],"tags":[],"class_list":["post"],"yoast_head":" \n<title>Sonora en Equipo. Netflix lanzar\u00e1 miniserie del caso &#039;Paulette&#039; Showbiz<\/title>\n<meta name=\"description\" content=\"CIUDAD DE M\u00c9XICO. MX. \u2014 Netflix estrenar\u00e1 una nueva basada en el controversial caso de la ni\u00f1a Paulette, uno de los casos m\u00e1s sonados en todo M\u00e9xico, hace En Sonora en Equipo publicamos toda la informaci\u00f3n de Sonora, M\u00e9xico y el Mundo de manera oportuna y busca que la libertad de expresi\u00f3n sea real. Visita nuestro medio informativo publicado desde Hermosillo, Sonora. %\" \/>\n<meta name=\"robots\" content=\"index, follow, max-snippet:-1, max-image-preview:large, max-video-preview:-1\" \/>\n<link rel=\"canonical\" href=\"https:\/\/www.sonoraenequipo.com.mx\/netflix-lanzara-miniserie-del-caso-paulette\/\" \/>\n<meta property=\"og:locale\" content=\"es_ES\" \/>\n<meta property=\"og:type\" content=\"article\" \/>\n<meta property=\"og:title\" content=\"Sonora en Equipo. Netflix lanzar\u00e1 miniserie del caso &#039;Paulette&#039; Showbiz\" \/>\n<meta property=\"og:description\" content=\"CIUDAD DE M\u00c9XICO. MX. \u2014 Netflix estrenar\u00e1 una nueva basada en el controversial caso de la ni\u00f1a Paulette, uno de los casos m\u00e1s sonados en todo M\u00e9xico, hace En Sonora en Equipo publicamos toda la informaci\u00f3n de Sonora, M\u00e9xico y el Mundo de manera oportuna y busca que la libertad de expresi\u00f3n sea real. Visita nuestro medio informativo publicado desde Hermosillo, Sonora. %\" \/>\n<meta property=\"og:url\" content=\"https:\/\/www.sonoraenequipo.com.mx\/netflix-lanzara-miniserie-del-caso-paulette\/\" \/>\n<meta property=\"og:site_name\" content=\"Sonora en Equipo.\" \/>\n<meta property=\"article:publisher\" content=\"https:\/\/www.facebook.com\/SonoraEE\/\" \/>\n<meta property=\"article:author\" content=\"https:\/\/www.facebook.com\/SonoraEE\" \/>\n<meta property=\"article:published_time\" content=\"2020-05-22T20:45:56+00:00\" \/>\n<meta property=\"og:image\" content=\"https:\/\/www.sonoraenequipo.com.mx\/storage\/2020\/05\/historia-de-un-crimen_opt.jpg\" \/>\n\t<meta property=\"og:image:width\" content=\"759\" \/>\n\t<meta property=\"og:image:height\" content=\"400\" \/>\n\t<meta property=\"og:image:type\" content=\"image\/jpeg\" \/>\n<meta name=\"author\" content=\"enequipo\" \/>\n<meta name=\"twitter:card\" content=\"summary_large_image\" \/>\n<meta name=\"twitter:creator\" content=\"@sonoraenequipo\" \/>\n<meta name=\"twitter:site\" content=\"@sonoraenequipo\" \/>\n<meta name=\"twitter:label1\" content=\"Escrito por\" \/>\n\t<meta name=\"twitter:data1\" content=\"enequipo\" \/>\n\t<meta name=\"twitter:label2\" content=\"Tiempo de lectura\" \/>\n\t<meta name=\"twitter:data2\" content=\"2 minutos\" \/>\n<script type=\"application\/ld+json\" class=\"yoast-schema-graph\">{\"@context\":\"https:\/\/schema.org\",\"@graph\":[{\"@type\":\"Article\",\"@id\":\"https:\/\/www.sonoraenequipo.com.mx\/netflix-lanzara-miniserie-del-caso-paulette\/#article\",\"isPartOf\":{\"@id\":\"https:\/\/www.sonoraenequipo.com.mx\/netflix-lanzara-miniserie-del-caso-paulette\/\"},\"author\":{\"name\":\"enequipo\",\"@id\":\"https:\/\/www.sonoraenequipo.com.mx\/#\/schema\/person\/50102df0fb23a8fa9e8effad8fa81386\"},\"headline\":\"Netflix lanzar\u00e1 miniserie del caso &#8216;Paulette&#8217;\",\"datePublished\":\"2020-05-22T20:45:56+00:00\",\"mainEntityOfPage\":{\"@id\":\"https:\/\/www.sonoraenequipo.com.mx\/netflix-lanzara-miniserie-del-caso-paulette\/\"},\"wordCount\":377,\"commentCount\":0,\"publisher\":{\"@id\":\"https:\/\/www.sonoraenequipo.com.mx\/#organization\"},\"image\":{\"@id\":\"https:\/\/www.sonoraenequipo.com.mx\/netflix-lanzara-miniserie-del-caso-paulette\/#primaryimage\"},\"thumbnailUrl\":\"https:\/\/www.sonoraenequipo.com.mx\/storage\/2020\/05\/historia-de-un-crimen_opt.jpg\",\"articleSection\":[\"Showbiz\"],\"inLanguage\":\"es\",\"potentialAction\":[{\"@type\":\"CommentAction\",\"name\":\"Comment\",\"target\":[\"https:\/\/www.sonoraenequipo.com.mx\/netflix-lanzara-miniserie-del-caso-paulette\/#respond\"]}]},{\"@type\":\"WebPage\",\"@id\":\"https:\/\/www.sonoraenequipo.com.mx\/netflix-lanzara-miniserie-del-caso-paulette\/\",\"url\":\"https:\/\/www.sonoraenequipo.com.mx\/netflix-lanzara-miniserie-del-caso-paulette\/\",\"name\":\"Sonora en Equipo. Netflix lanzar\u00e1 miniserie del caso 'Paulette' Showbiz\",\"isPartOf\":{\"@id\":\"https:\/\/www.sonoraenequipo.com.mx\/#website\"},\"primaryImageOfPage\":{\"@id\":\"https:\/\/www.sonoraenequipo.com.mx\/netflix-lanzara-miniserie-del-caso-paulette\/#primaryimage\"},\"image\":{\"@id\":\"https:\/\/www.sonoraenequipo.com.mx\/netflix-lanzara-miniserie-del-caso-paulette\/#primaryimage\"},\"thumbnailUrl\":\"https:\/\/www.sonoraenequipo.com.mx\/storage\/2020\/05\/historia-de-un-crimen_opt.jpg\",\"datePublished\":\"2020-05-22T20:45:56+00:00\",\"description\":\"CIUDAD DE M\u00c9XICO. MX. \u2014 Netflix estrenar\u00e1 una nueva basada en el controversial caso de la ni\u00f1a Paulette, uno de los casos m\u00e1s sonados en todo M\u00e9xico, hace En Sonora en Equipo publicamos toda la informaci\u00f3n de Sonora, M\u00e9xico y el Mundo de manera oportuna y busca que la libertad de expresi\u00f3n sea real. Visita nuestro medio informativo publicado desde Hermosillo, Sonora. %\",\"breadcrumb\":{\"@id\":\"https:\/\/www.sonoraenequipo.com.mx\/netflix-lanzara-miniserie-del-caso-paulette\/#breadcrumb\"},\"inLanguage\":\"es\",\"potentialAction\":[{\"@type\":\"ReadAction\",\"target\":[\"https:\/\/www.sonoraenequipo.com.mx\/netflix-lanzara-miniserie-del-caso-paulette\/\"]}]},{\"@type\":\"ImageObject\",\"inLanguage\":\"es\",\"@id\":\"https:\/\/www.sonoraenequipo.com.mx\/netflix-lanzara-miniserie-del-caso-paulette\/#primaryimage\",\"url\":\"https:\/\/www.sonoraenequipo.com.mx\/storage\/2020\/05\/historia-de-un-crimen_opt.jpg\",\"contentUrl\":\"https:\/\/www.sonoraenequipo.com.mx\/storage\/2020\/05\/historia-de-un-crimen_opt.jpg\",\"width\":759,\"height\":400},{\"@type\":\"BreadcrumbList\",\"@id\":\"https:\/\/www.sonoraenequipo.com.mx\/netflix-lanzara-miniserie-del-caso-paulette\/#breadcrumb\",\"itemListElement\":[{\"@type\":\"ListItem\",\"position\":1,\"name\":\"Portada\",\"item\":\"https:\/\/www.sonoraenequipo.com.mx\/\"},{\"@type\":\"ListItem\",\"position\":2,\"name\":\"Netflix lanzar\u00e1 miniserie del caso &#8216;Paulette&#8217;\"}]},{\"@type\":\"WebSite\",\"@id\":\"https:\/\/www.sonoraenequipo.com.mx\/#website\",\"url\":\"https:\/\/www.sonoraenequipo.com.mx\/\",\"name\":\"Sonora en Equipo.\",\"description\":\"Diario en l\u00ednea con Noticias desde Hermosillo, Sonora\",\"publisher\":{\"@id\":\"https:\/\/www.sonoraenequipo.com.mx\/#organization\"},\"potentialAction\":[{\"@type\":\"SearchAction\",\"target\":{\"@type\":\"EntryPoint\",\"urlTemplate\":\"https:\/\/www.sonoraenequipo.com.mx\/?s={search_term_string}\"},\"query-input\":{\"@type\":\"PropertyValueSpecification\",\"valueRequired\":true,\"valueName\":\"search_term_string\"}}],\"inLanguage\":\"es\"},{\"@type\":\"Organization\",\"@id\":\"https:\/\/www.sonoraenequipo.com.mx\/#organization\",\"name\":\"Sonoraenequipo.com.mx\",\"url\":\"https:\/\/www.sonoraenequipo.com.mx\/\",\"logo\":{\"@type\":\"ImageObject\",\"inLanguage\":\"es\",\"@id\":\"https:\/\/www.sonoraenequipo.com.mx\/#\/schema\/logo\/image\/\",\"url\":\"https:\/\/www.sonoraenequipo.com.mx\/storage\/2019\/01\/sonoraenequipo_opt.png\",\"contentUrl\":\"https:\/\/www.sonoraenequipo.com.mx\/storage\/2019\/01\/sonoraenequipo_opt.png\",\"width\":375,\"height\":125,\"caption\":\"Sonoraenequipo.com.mx\"},\"image\":{\"@id\":\"https:\/\/www.sonoraenequipo.com.mx\/#\/schema\/logo\/image\/\"},\"sameAs\":[\"https:\/\/www.facebook.com\/SonoraEE\/\",\"https:\/\/x.com\/sonoraenequipo\",\"https:\/\/www.youtube.com\/channel\/UC338nW-lPEYmJQs4ZABQ1SQ\"]},{\"@type\":\"Person\",\"@id\":\"https:\/\/www.sonoraenequipo.com.mx\/#\/schema\/person\/50102df0fb23a8fa9e8effad8fa81386\",\"name\":\"enequipo\",\"image\":{\"@type\":\"ImageObject\",\"inLanguage\":\"es\",\"@id\":\"https:\/\/www.sonoraenequipo.com.mx\/#\/schema\/person\/image\/\",\"url\":\"https:\/\/secure.gravatar.com\/avatar\/049821681b589dabc0bc20695993ccebb09f5b5d4d790cd9251b97faac7c652b?s=96&d=blank&r=g\",\"contentUrl\":\"https:\/\/secure.gravatar.com\/avatar\/049821681b589dabc0bc20695993ccebb09f5b5d4d790cd9251b97faac7c652b?s=96&d=blank&r=g\",\"caption\":\"enequipo\"},\"sameAs\":[\"https:\/\/www.facebook.com\/SonoraEE\"]}]}<\/script>\n ","yoast_head_json":{"title":"Sonora en Equipo. Netflix lanzar\u00e1 miniserie del caso 'Paulette' Showbiz","description":"CIUDAD DE M\u00c9XICO. MX. \u2014 Netflix estrenar\u00e1 una nueva basada en el controversial caso de la ni\u00f1a Paulette, uno de los casos m\u00e1s sonados en todo M\u00e9xico, hace En Sonora en Equipo publicamos toda la informaci\u00f3n de Sonora, M\u00e9xico y el Mundo de manera oportuna y busca que la libertad de expresi\u00f3n sea real. Visita nuestro medio informativo publicado desde Hermosillo, Sonora. %","robots":{"index":"index","follow":"follow","max-snippet":"max-snippet:-1","max-image-preview":"max-image-preview:large","max-video-preview":"max-video-preview:-1"},"canonical":"https:\/\/www.sonoraenequipo.com.mx\/netflix-lanzara-miniserie-del-caso-paulette\/","og_locale":"es_ES","og_type":"article","og_title":"Sonora en Equipo. Netflix lanzar\u00e1 miniserie del caso 'Paulette' Showbiz","og_description":"CIUDAD DE M\u00c9XICO. MX. \u2014 Netflix estrenar\u00e1 una nueva basada en el controversial caso de la ni\u00f1a Paulette, uno de los casos m\u00e1s sonados en todo M\u00e9xico, hace En Sonora en Equipo publicamos toda la informaci\u00f3n de Sonora, M\u00e9xico y el Mundo de manera oportuna y busca que la libertad de expresi\u00f3n sea real. Visita nuestro medio informativo publicado desde Hermosillo, Sonora. %","og_url":"https:\/\/www.sonoraenequipo.com.mx\/netflix-lanzara-miniserie-del-caso-paulette\/","og_site_name":"Sonora en Equipo.","article_publisher":"https:\/\/www.facebook.com\/SonoraEE\/","article_author":"https:\/\/www.facebook.com\/SonoraEE","article_published_time":"2020-05-22T20:45:56+00:00","og_image":[{"width":759,"height":400,"url":"https:\/\/www.sonoraenequipo.com.mx\/storage\/2020\/05\/historia-de-un-crimen_opt.jpg","type":"image\/jpeg"}],"author":"enequipo","twitter_card":"summary_large_image","twitter_creator":"@sonoraenequipo","twitter_site":"@sonoraenequipo","twitter_misc":{"Escrito por":"enequipo","Tiempo de lectura":"2 minutos"},"schema":{"@context":"https:\/\/schema.org","@graph":[{"@type":"Article","@id":"https:\/\/www.sonoraenequipo.com.mx\/netflix-lanzara-miniserie-del-caso-paulette\/#article","isPartOf":{"@id":"https:\/\/www.sonoraenequipo.com.mx\/netflix-lanzara-miniserie-del-caso-paulette\/"},"author":{"name":"enequipo","@id":"https:\/\/www.sonoraenequipo.com.mx\/#\/schema\/person\/50102df0fb23a8fa9e8effad8fa81386"},"headline":"Netflix lanzar\u00e1 miniserie del caso &#8216;Paulette&#8217;","datePublished":"2020-05-22T20:45:56+00:00","mainEntityOfPage":{"@id":"https:\/\/www.sonoraenequipo.com.mx\/netflix-lanzara-miniserie-del-caso-paulette\/"},"wordCount":377,"commentCount":0,"publisher":{"@id":"https:\/\/www.sonoraenequipo.com.mx\/#organization"},"image":{"@id":"https:\/\/www.sonoraenequipo.com.mx\/netflix-lanzara-miniserie-del-caso-paulette\/#primaryimage"},"thumbnailUrl":"https:\/\/www.sonoraenequipo.com.mx\/storage\/2020\/05\/historia-de-un-crimen_opt.jpg","articleSection":["Showbiz"],"inLanguage":"es","potentialAction":[{"@type":"CommentAction","name":"Comment","target":["https:\/\/www.sonoraenequipo.com.mx\/netflix-lanzara-miniserie-del-caso-paulette\/#respond"]}]},{"@type":"WebPage","@id":"https:\/\/www.sonoraenequipo.com.mx\/netflix-lanzara-miniserie-del-caso-paulette\/","url":"https:\/\/www.sonoraenequipo.com.mx\/netflix-lanzara-miniserie-del-caso-paulette\/","name":"Sonora en Equipo. Netflix lanzar\u00e1 miniserie del caso 'Paulette' Showbiz","isPartOf":{"@id":"https:\/\/www.sonoraenequipo.com.mx\/#website"},"primaryImageOfPage":{"@id":"https:\/\/www.sonoraenequipo.com.mx\/netflix-lanzara-miniserie-del-caso-paulette\/#primaryimage"},"image":{"@id":"https:\/\/www.sonoraenequipo.com.mx\/netflix-lanzara-miniserie-del-caso-paulette\/#primaryimage"},"thumbnailUrl":"https:\/\/www.sonoraenequipo.com.mx\/storage\/2020\/05\/historia-de-un-crimen_opt.jpg","datePublished":"2020-05-22T20:45:56+00:00","description":"CIUDAD DE M\u00c9XICO. MX. \u2014 Netflix estrenar\u00e1 una nueva basada en el controversial caso de la ni\u00f1a Paulette, uno de los casos m\u00e1s sonados en todo M\u00e9xico, hace En Sonora en Equipo publicamos toda la informaci\u00f3n de Sonora, M\u00e9xico y el Mundo de manera oportuna y busca que la libertad de expresi\u00f3n sea real. Visita nuestro medio informativo publicado desde Hermosillo, Sonora. %","breadcrumb":{"@id":"https:\/\/www.sonoraenequipo.com.mx\/netflix-lanzara-miniserie-del-caso-paulette\/#breadcrumb"},"inLanguage":"es","potentialAction":[{"@type":"ReadAction","target":["https:\/\/www.sonoraenequipo.com.mx\/netflix-lanzara-miniserie-del-caso-paulette\/"]}]},{"@type":"ImageObject","inLanguage":"es","@id":"https:\/\/www.sonoraenequipo.com.mx\/netflix-lanzara-miniserie-del-caso-paulette\/#primaryimage","url":"https:\/\/www.sonoraenequipo.com.mx\/storage\/2020\/05\/historia-de-un-crimen_opt.jpg","contentUrl":"https:\/\/www.sonoraenequipo.com.mx\/storage\/2020\/05\/historia-de-un-crimen_opt.jpg","width":759,"height":400},{"@type":"BreadcrumbList","@id":"https:\/\/www.sonoraenequipo.com.mx\/netflix-lanzara-miniserie-del-caso-paulette\/#breadcrumb","itemListElement":[{"@type":"ListItem","position":1,"name":"Portada","item":"https:\/\/www.sonoraenequipo.com.mx\/"},{"@type":"ListItem","position":2,"name":"Netflix lanzar\u00e1 miniserie del caso &#8216;Paulette&#8217;"}]},{"@type":"WebSite","@id":"https:\/\/www.sonoraenequipo.com.mx\/#website","url":"https:\/\/www.sonoraenequipo.com.mx\/","name":"Sonora en Equipo.","description":"Diario en l\u00ednea con Noticias desde Hermosillo, Sonora","publisher":{"@id":"https:\/\/www.sonoraenequipo.com.mx\/#organization"},"potentialAction":[{"@type":"SearchAction","target":{"@type":"EntryPoint","urlTemplate":"https:\/\/www.sonoraenequipo.com.mx\/?s={search_term_string}"},"query-input":{"@type":"PropertyValueSpecification","valueRequired":true,"valueName":"search_term_string"}}],"inLanguage":"es"},{"@type":"Organization","@id":"https:\/\/www.sonoraenequipo.com.mx\/#organization","name":"Sonoraenequipo.com.mx","url":"https:\/\/www.sonoraenequipo.com.mx\/","logo":{"@type":"ImageObject","inLanguage":"es","@id":"https:\/\/www.sonoraenequipo.com.mx\/#\/schema\/logo\/image\/","url":"https:\/\/www.sonoraenequipo.com.mx\/storage\/2019\/01\/sonoraenequipo_opt.png","contentUrl":"https:\/\/www.sonoraenequipo.com.mx\/storage\/2019\/01\/sonoraenequipo_opt.png","width":375,"height":125,"caption":"Sonoraenequipo.com.mx"},"image":{"@id":"https:\/\/www.sonoraenequipo.com.mx\/#\/schema\/logo\/image\/"},"sameAs":["https:\/\/www.facebook.com\/SonoraEE\/","https:\/\/x.com\/sonoraenequipo","https:\/\/www.youtube.com\/channel\/UC338nW-lPEYmJQs4ZABQ1SQ"]},{"@type":"Person","@id":"https:\/\/www.sonoraenequipo.com.mx\/#\/schema\/person\/50102df0fb23a8fa9e8effad8fa81386","name":"enequipo","image":{"@type":"ImageObject","inLanguage":"es","@id":"https:\/\/www.sonoraenequipo.com.mx\/#\/schema\/person\/image\/","url":"https:\/\/secure.gravatar.com\/avatar\/049821681b589dabc0bc20695993ccebb09f5b5d4d790cd9251b97faac7c652b?s=96&d=blank&r=g","contentUrl":"https:\/\/secure.gravatar.com\/avatar\/049821681b589dabc0bc20695993ccebb09f5b5d4d790cd9251b97faac7c652b?s=96&d=blank&r=g","caption":"enequipo"},"sameAs":["https:\/\/www.facebook.com\/SonoraEE"]}]}},"jetpack_featured_media_url":"https:\/\/www.sonoraenequipo.com.mx\/storage\/2020\/05\/historia-de-un-crimen_opt.jpg","_links":{"self":[{"href":"https:\/\/www.sonoraenequipo.com.mx\/api\/wp\/v2\/posts\/85763","targetHints":{"allow":["GET"]}}],"collection":[{"href":"https:\/\/www.sonoraenequipo.com.mx\/api\/wp\/v2\/posts"}],"about":[{"href":"https:\/\/www.sonoraenequipo.com.mx\/api\/wp\/v2\/types\/post"}],"author":[{"embeddable":true,"href":"https:\/\/www.sonoraenequipo.com.mx\/api\/wp\/v2\/users\/1"}],"replies":[{"embeddable":true,"href":"https:\/\/www.sonoraenequipo.com.mx\/api\/wp\/v2\/comments?post=85763"}],"version-history":[{"count":0,"href":"https:\/\/www.sonoraenequipo.com.mx\/api\/wp\/v2\/posts\/85763\/revisions"}],"wp:featuredmedia":[{"embeddable":true,"href":"https:\/\/www.sonoraenequipo.com.mx\/api\/wp\/v2\/media\/85764"}],"wp:attachment":[{"href":"https:\/\/www.sonoraenequipo.com.mx\/api\/wp\/v2\/media?parent=85763"}],"wp:term":[{"taxonomy":"category","embeddable":true,"href":"https:\/\/www.sonoraenequipo.com.mx\/api\/wp\/v2\/categories?post=85763"},{"taxonomy":"post_tag","embeddable":true,"href":"https:\/\/www.sonoraenequipo.com.mx\/api\/wp\/v2\/tags?post=85763"}],"curies":[{"name":"wp","href":"https:\/\/api.w.org\/{rel}","templated":true}]}}