{"id":85767,"date":"2020-05-22T13:28:26","date_gmt":"2020-05-22T20:28:26","guid":{"rendered":"https:\/\/www.sonoraenequipo.com.mx\/?p=85767"},"modified":"2020-05-25T13:48:23","modified_gmt":"2020-05-25T20:48:23","slug":"podria-haber-fallecido-de-covid-dil-ecuatoriana-que-recomendaba-ignorar-la-enfermedad","status":"publish","type":"post","link":"https:\/\/www.sonoraenequipo.com.mx\/podria-haber-fallecido-de-covid-dil-ecuatoriana-que-recomendaba-ignorar-la-enfermedad\/","title":{"rendered":"Podr\u00eda haber fallecido de \u00a0covid \u00a0edil ecuatoriana que recomendaba ignorar la enfermedad"},"content":{"rendered":"<p>MANTA, ECUADOR.\u2500 Hay consternaci\u00f3n en el Concejo Municipal de Manta por el fallecimiento de la concejala Violeta \u00c1vila, la noche del 19 de mayo del 2020. La edil era tratada desde el pasado 6 de mayo en el Hospital General del Instituto Ecuatoriano de Seguridad (IESS), tras presentar complicaciones por un cuadro respiratorio. Las autoridades del hospital del IESS no han confirmado si el caso est\u00e1 relacionado con covid-19, que en ese cant\u00f3n ha contagiado a 338 personas hasta este mi\u00e9rcoles 20 de mayo del 2020. El alcalde de Manta, Agust\u00edn Intriago, expres\u00f3 sus condolencias ayer, martes 19, en sus redes sociales. \u00abEstoy consternado&#8230; Gracias por su aporte al desarrollo de nuestra Manta\u00bb.<\/p>\n<p>consternaci\u00f3n en el Concejo Municipal de Manta por el fallecimiento de la concejala Violeta \u00c1vila, la noche del 19 de mayo del 2020. La edil era tratada desde el pasado 6 de mayo en el Hospital General del Instituto Ecuatoriano de Seguridad (IESS), tras presentar complicaciones por un cuadro respiratorio. Las autoridades del hospital del IESS no han confirmado si el caso est\u00e1 relacionado con covid-19, que en ese cant\u00f3n ha contagiado a 338 personas hasta este mi\u00e9rcoles 20 de mayo del 2020. El alcalde de Manta, Agust\u00edn Intriago, expres\u00f3 sus condolencias ayer, martes 19, en sus redes sociales. \u00abEstoy consternado&#8230; Gracias por su aporte al desarrollo de nuestra Manta\u00bb.<\/p>\n<p>\u00c1vila fue docente de la Escuela de Ciencias M\u00e9dicas, de la Universidad Laica Eloy Alfaro por 31 a\u00f1os; pediatra y en el 2019 fue electa concejala de Manta. En un v\u00eddeo biogr\u00e1fico, que se public\u00f3 luego de ganar las elecciones, \u00c1vila relat\u00f3 que su padre Sim\u00f3n \u00c1vila tambi\u00e9n fue concejal y que dej\u00f3 un legado educativo en Manta por ayudar en la creaci\u00f3n de los planteles 5 de Junio y Paquisha.<\/p>\n<p>https:\/\/twitter.com\/i\/status\/1254269071727775749<\/p>\n<p>Hace dos meses, \u00c1vila se involucr\u00f3 en una pol\u00e9mica cuando v\u00eda un videou recomend\u00f3 que no era necesario utilizar mascarillas para protegerse del covid-19 y aconsejaba solo consumir naranjas, limones y otras frutas c\u00edtricas. Pues el virus no era mortal<\/p>\n<p>Fecha de Publicaci\u00f3n 22\/may\/2020<\/p>\n<p>Este contenido ha sido publicado originalmente por Diario EL COMERCIO en la siguiente direcci\u00f3n: https:<\/p>\n<p>\/\/www.elcomercio.com\/actualidad\/fallecimiento-concejala-violeta-avila-manta.html<\/p>\n","protected":false},"excerpt":{"rendered":"<p>MANTA, ECUADOR.\u2500 Hay consternaci\u00f3n en el Concejo Municipal de Manta por el fallecimiento de la&#8230;<\/p>\n","protected":false},"author":1,"featured_media":85769,"comment_status":"open","ping_status":"open","sticky":false,"template":"","format":"standard","meta":{"_monsterinsights_skip_tracking":false,"_monsterinsights_sitenote_active":false,"_monsterinsights_sitenote_note":"","_monsterinsights_sitenote_category":0,"footnotes":""},"categories":[3],"tags":[],"class_list":["post"],"yoast_head":" \n<title>Sonora en Equipo. Podr\u00eda haber fallecido de \u00a0covid \u00a0edil ecuatoriana que recomendaba ignorar la enfermedad<\/title>\n<meta name=\"description\" content=\"MANTA, ECUADOR.\u2500 Hay consternaci\u00f3n en el Concejo Municipal de Manta por el fallecimiento de la concejala Violeta \u00c1vila, la noche del 19 de mayo del 2020. En Sonora en Equipo publicamos toda la informaci\u00f3n de Sonora, M\u00e9xico y el Mundo de manera oportuna y busca que la libertad de expresi\u00f3n sea real. Visita nuestro medio informativo publicado desde Hermosillo, Sonora. %\" \/>\n<meta name=\"robots\" content=\"index, follow, max-snippet:-1, max-image-preview:large, max-video-preview:-1\" \/>\n<link rel=\"canonical\" href=\"https:\/\/www.sonoraenequipo.com.mx\/podria-haber-fallecido-de-covid-dil-ecuatoriana-que-recomendaba-ignorar-la-enfermedad\/\" \/>\n<meta property=\"og:locale\" content=\"es_ES\" \/>\n<meta property=\"og:type\" content=\"article\" \/>\n<meta property=\"og:title\" content=\"Sonora en Equipo. Podr\u00eda haber fallecido de \u00a0covid \u00a0edil ecuatoriana que recomendaba ignorar la enfermedad\" \/>\n<meta property=\"og:description\" content=\"MANTA, ECUADOR.\u2500 Hay consternaci\u00f3n en el Concejo Municipal de Manta por el fallecimiento de la concejala Violeta \u00c1vila, la noche del 19 de mayo del 2020. En Sonora en Equipo publicamos toda la informaci\u00f3n de Sonora, M\u00e9xico y el Mundo de manera oportuna y busca que la libertad de expresi\u00f3n sea real. Visita nuestro medio informativo publicado desde Hermosillo, Sonora. %\" \/>\n<meta property=\"og:url\" content=\"https:\/\/www.sonoraenequipo.com.mx\/podria-haber-fallecido-de-covid-dil-ecuatoriana-que-recomendaba-ignorar-la-enfermedad\/\" \/>\n<meta property=\"og:site_name\" content=\"Sonora en Equipo.\" \/>\n<meta property=\"article:publisher\" content=\"https:\/\/www.facebook.com\/SonoraEE\/\" \/>\n<meta property=\"article:author\" content=\"https:\/\/www.facebook.com\/SonoraEE\" \/>\n<meta property=\"article:published_time\" content=\"2020-05-22T20:28:26+00:00\" \/>\n<meta property=\"article:modified_time\" content=\"2020-05-25T20:48:23+00:00\" \/>\n<meta property=\"og:image\" content=\"https:\/\/www.sonoraenequipo.com.mx\/storage\/2020\/05\/violeta.jpg\" \/>\n\t<meta property=\"og:image:width\" content=\"600\" \/>\n\t<meta property=\"og:image:height\" content=\"400\" \/>\n\t<meta property=\"og:image:type\" content=\"image\/jpeg\" \/>\n<meta name=\"author\" content=\"enequipo\" \/>\n<meta name=\"twitter:card\" content=\"summary_large_image\" \/>\n<meta name=\"twitter:creator\" content=\"@sonoraenequipo\" \/>\n<meta name=\"twitter:site\" content=\"@sonoraenequipo\" \/>\n<meta name=\"twitter:label1\" content=\"Escrito por\" \/>\n\t<meta name=\"twitter:data1\" content=\"enequipo\" \/>\n\t<meta name=\"twitter:label2\" content=\"Tiempo de lectura\" \/>\n\t<meta name=\"twitter:data2\" content=\"2 minutos\" \/>\n<script type=\"application\/ld+json\" class=\"yoast-schema-graph\">{\"@context\":\"https:\/\/schema.org\",\"@graph\":[{\"@type\":\"Article\",\"@id\":\"https:\/\/www.sonoraenequipo.com.mx\/podria-haber-fallecido-de-covid-dil-ecuatoriana-que-recomendaba-ignorar-la-enfermedad\/#article\",\"isPartOf\":{\"@id\":\"https:\/\/www.sonoraenequipo.com.mx\/podria-haber-fallecido-de-covid-dil-ecuatoriana-que-recomendaba-ignorar-la-enfermedad\/\"},\"author\":{\"name\":\"enequipo\",\"@id\":\"https:\/\/www.sonoraenequipo.com.mx\/#\/schema\/person\/50102df0fb23a8fa9e8effad8fa81386\"},\"headline\":\"Podr\u00eda haber fallecido de \u00a0covid \u00a0edil ecuatoriana que recomendaba ignorar la enfermedad\",\"datePublished\":\"2020-05-22T20:28:26+00:00\",\"dateModified\":\"2020-05-25T20:48:23+00:00\",\"mainEntityOfPage\":{\"@id\":\"https:\/\/www.sonoraenequipo.com.mx\/podria-haber-fallecido-de-covid-dil-ecuatoriana-que-recomendaba-ignorar-la-enfermedad\/\"},\"wordCount\":380,\"commentCount\":0,\"publisher\":{\"@id\":\"https:\/\/www.sonoraenequipo.com.mx\/#organization\"},\"image\":{\"@id\":\"https:\/\/www.sonoraenequipo.com.mx\/podria-haber-fallecido-de-covid-dil-ecuatoriana-que-recomendaba-ignorar-la-enfermedad\/#primaryimage\"},\"thumbnailUrl\":\"https:\/\/www.sonoraenequipo.com.mx\/storage\/2020\/05\/violeta.jpg\",\"articleSection\":[\"MUNDO\"],\"inLanguage\":\"es\",\"potentialAction\":[{\"@type\":\"CommentAction\",\"name\":\"Comment\",\"target\":[\"https:\/\/www.sonoraenequipo.com.mx\/podria-haber-fallecido-de-covid-dil-ecuatoriana-que-recomendaba-ignorar-la-enfermedad\/#respond\"]}]},{\"@type\":\"WebPage\",\"@id\":\"https:\/\/www.sonoraenequipo.com.mx\/podria-haber-fallecido-de-covid-dil-ecuatoriana-que-recomendaba-ignorar-la-enfermedad\/\",\"url\":\"https:\/\/www.sonoraenequipo.com.mx\/podria-haber-fallecido-de-covid-dil-ecuatoriana-que-recomendaba-ignorar-la-enfermedad\/\",\"name\":\"Sonora en Equipo. Podr\u00eda haber fallecido de \u00a0covid \u00a0edil ecuatoriana que recomendaba ignorar la enfermedad\",\"isPartOf\":{\"@id\":\"https:\/\/www.sonoraenequipo.com.mx\/#website\"},\"primaryImageOfPage\":{\"@id\":\"https:\/\/www.sonoraenequipo.com.mx\/podria-haber-fallecido-de-covid-dil-ecuatoriana-que-recomendaba-ignorar-la-enfermedad\/#primaryimage\"},\"image\":{\"@id\":\"https:\/\/www.sonoraenequipo.com.mx\/podria-haber-fallecido-de-covid-dil-ecuatoriana-que-recomendaba-ignorar-la-enfermedad\/#primaryimage\"},\"thumbnailUrl\":\"https:\/\/www.sonoraenequipo.com.mx\/storage\/2020\/05\/violeta.jpg\",\"datePublished\":\"2020-05-22T20:28:26+00:00\",\"dateModified\":\"2020-05-25T20:48:23+00:00\",\"description\":\"MANTA, ECUADOR.\u2500 Hay consternaci\u00f3n en el Concejo Municipal de Manta por el fallecimiento de la concejala Violeta \u00c1vila, la noche del 19 de mayo del 2020. En Sonora en Equipo publicamos toda la informaci\u00f3n de Sonora, M\u00e9xico y el Mundo de manera oportuna y busca que la libertad de expresi\u00f3n sea real. Visita nuestro medio informativo publicado desde Hermosillo, Sonora. %\",\"breadcrumb\":{\"@id\":\"https:\/\/www.sonoraenequipo.com.mx\/podria-haber-fallecido-de-covid-dil-ecuatoriana-que-recomendaba-ignorar-la-enfermedad\/#breadcrumb\"},\"inLanguage\":\"es\",\"potentialAction\":[{\"@type\":\"ReadAction\",\"target\":[\"https:\/\/www.sonoraenequipo.com.mx\/podria-haber-fallecido-de-covid-dil-ecuatoriana-que-recomendaba-ignorar-la-enfermedad\/\"]}]},{\"@type\":\"ImageObject\",\"inLanguage\":\"es\",\"@id\":\"https:\/\/www.sonoraenequipo.com.mx\/podria-haber-fallecido-de-covid-dil-ecuatoriana-que-recomendaba-ignorar-la-enfermedad\/#primaryimage\",\"url\":\"https:\/\/www.sonoraenequipo.com.mx\/storage\/2020\/05\/violeta.jpg\",\"contentUrl\":\"https:\/\/www.sonoraenequipo.com.mx\/storage\/2020\/05\/violeta.jpg\",\"width\":600,\"height\":400},{\"@type\":\"BreadcrumbList\",\"@id\":\"https:\/\/www.sonoraenequipo.com.mx\/podria-haber-fallecido-de-covid-dil-ecuatoriana-que-recomendaba-ignorar-la-enfermedad\/#breadcrumb\",\"itemListElement\":[{\"@type\":\"ListItem\",\"position\":1,\"name\":\"Portada\",\"item\":\"https:\/\/www.sonoraenequipo.com.mx\/\"},{\"@type\":\"ListItem\",\"position\":2,\"name\":\"Podr\u00eda haber fallecido de \u00a0covid \u00a0edil ecuatoriana que recomendaba ignorar la enfermedad\"}]},{\"@type\":\"WebSite\",\"@id\":\"https:\/\/www.sonoraenequipo.com.mx\/#website\",\"url\":\"https:\/\/www.sonoraenequipo.com.mx\/\",\"name\":\"Sonora en Equipo.\",\"description\":\"Diario en l\u00ednea con Noticias desde Hermosillo, Sonora\",\"publisher\":{\"@id\":\"https:\/\/www.sonoraenequipo.com.mx\/#organization\"},\"potentialAction\":[{\"@type\":\"SearchAction\",\"target\":{\"@type\":\"EntryPoint\",\"urlTemplate\":\"https:\/\/www.sonoraenequipo.com.mx\/?s={search_term_string}\"},\"query-input\":{\"@type\":\"PropertyValueSpecification\",\"valueRequired\":true,\"valueName\":\"search_term_string\"}}],\"inLanguage\":\"es\"},{\"@type\":\"Organization\",\"@id\":\"https:\/\/www.sonoraenequipo.com.mx\/#organization\",\"name\":\"Sonoraenequipo.com.mx\",\"url\":\"https:\/\/www.sonoraenequipo.com.mx\/\",\"logo\":{\"@type\":\"ImageObject\",\"inLanguage\":\"es\",\"@id\":\"https:\/\/www.sonoraenequipo.com.mx\/#\/schema\/logo\/image\/\",\"url\":\"https:\/\/www.sonoraenequipo.com.mx\/storage\/2019\/01\/sonoraenequipo_opt.png\",\"contentUrl\":\"https:\/\/www.sonoraenequipo.com.mx\/storage\/2019\/01\/sonoraenequipo_opt.png\",\"width\":375,\"height\":125,\"caption\":\"Sonoraenequipo.com.mx\"},\"image\":{\"@id\":\"https:\/\/www.sonoraenequipo.com.mx\/#\/schema\/logo\/image\/\"},\"sameAs\":[\"https:\/\/www.facebook.com\/SonoraEE\/\",\"https:\/\/x.com\/sonoraenequipo\",\"https:\/\/www.youtube.com\/channel\/UC338nW-lPEYmJQs4ZABQ1SQ\"]},{\"@type\":\"Person\",\"@id\":\"https:\/\/www.sonoraenequipo.com.mx\/#\/schema\/person\/50102df0fb23a8fa9e8effad8fa81386\",\"name\":\"enequipo\",\"image\":{\"@type\":\"ImageObject\",\"inLanguage\":\"es\",\"@id\":\"https:\/\/www.sonoraenequipo.com.mx\/#\/schema\/person\/image\/\",\"url\":\"https:\/\/secure.gravatar.com\/avatar\/049821681b589dabc0bc20695993ccebb09f5b5d4d790cd9251b97faac7c652b?s=96&d=blank&r=g\",\"contentUrl\":\"https:\/\/secure.gravatar.com\/avatar\/049821681b589dabc0bc20695993ccebb09f5b5d4d790cd9251b97faac7c652b?s=96&d=blank&r=g\",\"caption\":\"enequipo\"},\"sameAs\":[\"https:\/\/www.facebook.com\/SonoraEE\"]}]}<\/script>\n ","yoast_head_json":{"title":"Sonora en Equipo. Podr\u00eda haber fallecido de \u00a0covid \u00a0edil ecuatoriana que recomendaba ignorar la enfermedad","description":"MANTA, ECUADOR.\u2500 Hay consternaci\u00f3n en el Concejo Municipal de Manta por el fallecimiento de la concejala Violeta \u00c1vila, la noche del 19 de mayo del 2020. En Sonora en Equipo publicamos toda la informaci\u00f3n de Sonora, M\u00e9xico y el Mundo de manera oportuna y busca que la libertad de expresi\u00f3n sea real. Visita nuestro medio informativo publicado desde Hermosillo, Sonora. %","robots":{"index":"index","follow":"follow","max-snippet":"max-snippet:-1","max-image-preview":"max-image-preview:large","max-video-preview":"max-video-preview:-1"},"canonical":"https:\/\/www.sonoraenequipo.com.mx\/podria-haber-fallecido-de-covid-dil-ecuatoriana-que-recomendaba-ignorar-la-enfermedad\/","og_locale":"es_ES","og_type":"article","og_title":"Sonora en Equipo. Podr\u00eda haber fallecido de \u00a0covid \u00a0edil ecuatoriana que recomendaba ignorar la enfermedad","og_description":"MANTA, ECUADOR.\u2500 Hay consternaci\u00f3n en el Concejo Municipal de Manta por el fallecimiento de la concejala Violeta \u00c1vila, la noche del 19 de mayo del 2020. En Sonora en Equipo publicamos toda la informaci\u00f3n de Sonora, M\u00e9xico y el Mundo de manera oportuna y busca que la libertad de expresi\u00f3n sea real. Visita nuestro medio informativo publicado desde Hermosillo, Sonora. %","og_url":"https:\/\/www.sonoraenequipo.com.mx\/podria-haber-fallecido-de-covid-dil-ecuatoriana-que-recomendaba-ignorar-la-enfermedad\/","og_site_name":"Sonora en Equipo.","article_publisher":"https:\/\/www.facebook.com\/SonoraEE\/","article_author":"https:\/\/www.facebook.com\/SonoraEE","article_published_time":"2020-05-22T20:28:26+00:00","article_modified_time":"2020-05-25T20:48:23+00:00","og_image":[{"width":600,"height":400,"url":"https:\/\/www.sonoraenequipo.com.mx\/storage\/2020\/05\/violeta.jpg","type":"image\/jpeg"}],"author":"enequipo","twitter_card":"summary_large_image","twitter_creator":"@sonoraenequipo","twitter_site":"@sonoraenequipo","twitter_misc":{"Escrito por":"enequipo","Tiempo de lectura":"2 minutos"},"schema":{"@context":"https:\/\/schema.org","@graph":[{"@type":"Article","@id":"https:\/\/www.sonoraenequipo.com.mx\/podria-haber-fallecido-de-covid-dil-ecuatoriana-que-recomendaba-ignorar-la-enfermedad\/#article","isPartOf":{"@id":"https:\/\/www.sonoraenequipo.com.mx\/podria-haber-fallecido-de-covid-dil-ecuatoriana-que-recomendaba-ignorar-la-enfermedad\/"},"author":{"name":"enequipo","@id":"https:\/\/www.sonoraenequipo.com.mx\/#\/schema\/person\/50102df0fb23a8fa9e8effad8fa81386"},"headline":"Podr\u00eda haber fallecido de \u00a0covid \u00a0edil ecuatoriana que recomendaba ignorar la enfermedad","datePublished":"2020-05-22T20:28:26+00:00","dateModified":"2020-05-25T20:48:23+00:00","mainEntityOfPage":{"@id":"https:\/\/www.sonoraenequipo.com.mx\/podria-haber-fallecido-de-covid-dil-ecuatoriana-que-recomendaba-ignorar-la-enfermedad\/"},"wordCount":380,"commentCount":0,"publisher":{"@id":"https:\/\/www.sonoraenequipo.com.mx\/#organization"},"image":{"@id":"https:\/\/www.sonoraenequipo.com.mx\/podria-haber-fallecido-de-covid-dil-ecuatoriana-que-recomendaba-ignorar-la-enfermedad\/#primaryimage"},"thumbnailUrl":"https:\/\/www.sonoraenequipo.com.mx\/storage\/2020\/05\/violeta.jpg","articleSection":["MUNDO"],"inLanguage":"es","potentialAction":[{"@type":"CommentAction","name":"Comment","target":["https:\/\/www.sonoraenequipo.com.mx\/podria-haber-fallecido-de-covid-dil-ecuatoriana-que-recomendaba-ignorar-la-enfermedad\/#respond"]}]},{"@type":"WebPage","@id":"https:\/\/www.sonoraenequipo.com.mx\/podria-haber-fallecido-de-covid-dil-ecuatoriana-que-recomendaba-ignorar-la-enfermedad\/","url":"https:\/\/www.sonoraenequipo.com.mx\/podria-haber-fallecido-de-covid-dil-ecuatoriana-que-recomendaba-ignorar-la-enfermedad\/","name":"Sonora en Equipo. Podr\u00eda haber fallecido de \u00a0covid \u00a0edil ecuatoriana que recomendaba ignorar la enfermedad","isPartOf":{"@id":"https:\/\/www.sonoraenequipo.com.mx\/#website"},"primaryImageOfPage":{"@id":"https:\/\/www.sonoraenequipo.com.mx\/podria-haber-fallecido-de-covid-dil-ecuatoriana-que-recomendaba-ignorar-la-enfermedad\/#primaryimage"},"image":{"@id":"https:\/\/www.sonoraenequipo.com.mx\/podria-haber-fallecido-de-covid-dil-ecuatoriana-que-recomendaba-ignorar-la-enfermedad\/#primaryimage"},"thumbnailUrl":"https:\/\/www.sonoraenequipo.com.mx\/storage\/2020\/05\/violeta.jpg","datePublished":"2020-05-22T20:28:26+00:00","dateModified":"2020-05-25T20:48:23+00:00","description":"MANTA, ECUADOR.\u2500 Hay consternaci\u00f3n en el Concejo Municipal de Manta por el fallecimiento de la concejala Violeta \u00c1vila, la noche del 19 de mayo del 2020. En Sonora en Equipo publicamos toda la informaci\u00f3n de Sonora, M\u00e9xico y el Mundo de manera oportuna y busca que la libertad de expresi\u00f3n sea real. Visita nuestro medio informativo publicado desde Hermosillo, Sonora. %","breadcrumb":{"@id":"https:\/\/www.sonoraenequipo.com.mx\/podria-haber-fallecido-de-covid-dil-ecuatoriana-que-recomendaba-ignorar-la-enfermedad\/#breadcrumb"},"inLanguage":"es","potentialAction":[{"@type":"ReadAction","target":["https:\/\/www.sonoraenequipo.com.mx\/podria-haber-fallecido-de-covid-dil-ecuatoriana-que-recomendaba-ignorar-la-enfermedad\/"]}]},{"@type":"ImageObject","inLanguage":"es","@id":"https:\/\/www.sonoraenequipo.com.mx\/podria-haber-fallecido-de-covid-dil-ecuatoriana-que-recomendaba-ignorar-la-enfermedad\/#primaryimage","url":"https:\/\/www.sonoraenequipo.com.mx\/storage\/2020\/05\/violeta.jpg","contentUrl":"https:\/\/www.sonoraenequipo.com.mx\/storage\/2020\/05\/violeta.jpg","width":600,"height":400},{"@type":"BreadcrumbList","@id":"https:\/\/www.sonoraenequipo.com.mx\/podria-haber-fallecido-de-covid-dil-ecuatoriana-que-recomendaba-ignorar-la-enfermedad\/#breadcrumb","itemListElement":[{"@type":"ListItem","position":1,"name":"Portada","item":"https:\/\/www.sonoraenequipo.com.mx\/"},{"@type":"ListItem","position":2,"name":"Podr\u00eda haber fallecido de \u00a0covid \u00a0edil ecuatoriana que recomendaba ignorar la enfermedad"}]},{"@type":"WebSite","@id":"https:\/\/www.sonoraenequipo.com.mx\/#website","url":"https:\/\/www.sonoraenequipo.com.mx\/","name":"Sonora en Equipo.","description":"Diario en l\u00ednea con Noticias desde Hermosillo, Sonora","publisher":{"@id":"https:\/\/www.sonoraenequipo.com.mx\/#organization"},"potentialAction":[{"@type":"SearchAction","target":{"@type":"EntryPoint","urlTemplate":"https:\/\/www.sonoraenequipo.com.mx\/?s={search_term_string}"},"query-input":{"@type":"PropertyValueSpecification","valueRequired":true,"valueName":"search_term_string"}}],"inLanguage":"es"},{"@type":"Organization","@id":"https:\/\/www.sonoraenequipo.com.mx\/#organization","name":"Sonoraenequipo.com.mx","url":"https:\/\/www.sonoraenequipo.com.mx\/","logo":{"@type":"ImageObject","inLanguage":"es","@id":"https:\/\/www.sonoraenequipo.com.mx\/#\/schema\/logo\/image\/","url":"https:\/\/www.sonoraenequipo.com.mx\/storage\/2019\/01\/sonoraenequipo_opt.png","contentUrl":"https:\/\/www.sonoraenequipo.com.mx\/storage\/2019\/01\/sonoraenequipo_opt.png","width":375,"height":125,"caption":"Sonoraenequipo.com.mx"},"image":{"@id":"https:\/\/www.sonoraenequipo.com.mx\/#\/schema\/logo\/image\/"},"sameAs":["https:\/\/www.facebook.com\/SonoraEE\/","https:\/\/x.com\/sonoraenequipo","https:\/\/www.youtube.com\/channel\/UC338nW-lPEYmJQs4ZABQ1SQ"]},{"@type":"Person","@id":"https:\/\/www.sonoraenequipo.com.mx\/#\/schema\/person\/50102df0fb23a8fa9e8effad8fa81386","name":"enequipo","image":{"@type":"ImageObject","inLanguage":"es","@id":"https:\/\/www.sonoraenequipo.com.mx\/#\/schema\/person\/image\/","url":"https:\/\/secure.gravatar.com\/avatar\/049821681b589dabc0bc20695993ccebb09f5b5d4d790cd9251b97faac7c652b?s=96&d=blank&r=g","contentUrl":"https:\/\/secure.gravatar.com\/avatar\/049821681b589dabc0bc20695993ccebb09f5b5d4d790cd9251b97faac7c652b?s=96&d=blank&r=g","caption":"enequipo"},"sameAs":["https:\/\/www.facebook.com\/SonoraEE"]}]}},"jetpack_featured_media_url":"https:\/\/www.sonoraenequipo.com.mx\/storage\/2020\/05\/violeta.jpg","_links":{"self":[{"href":"https:\/\/www.sonoraenequipo.com.mx\/api\/wp\/v2\/posts\/85767","targetHints":{"allow":["GET"]}}],"collection":[{"href":"https:\/\/www.sonoraenequipo.com.mx\/api\/wp\/v2\/posts"}],"about":[{"href":"https:\/\/www.sonoraenequipo.com.mx\/api\/wp\/v2\/types\/post"}],"author":[{"embeddable":true,"href":"https:\/\/www.sonoraenequipo.com.mx\/api\/wp\/v2\/users\/1"}],"replies":[{"embeddable":true,"href":"https:\/\/www.sonoraenequipo.com.mx\/api\/wp\/v2\/comments?post=85767"}],"version-history":[{"count":0,"href":"https:\/\/www.sonoraenequipo.com.mx\/api\/wp\/v2\/posts\/85767\/revisions"}],"wp:featuredmedia":[{"embeddable":true,"href":"https:\/\/www.sonoraenequipo.com.mx\/api\/wp\/v2\/media\/85769"}],"wp:attachment":[{"href":"https:\/\/www.sonoraenequipo.com.mx\/api\/wp\/v2\/media?parent=85767"}],"wp:term":[{"taxonomy":"category","embeddable":true,"href":"https:\/\/www.sonoraenequipo.com.mx\/api\/wp\/v2\/categories?post=85767"},{"taxonomy":"post_tag","embeddable":true,"href":"https:\/\/www.sonoraenequipo.com.mx\/api\/wp\/v2\/tags?post=85767"}],"curies":[{"name":"wp","href":"https:\/\/api.w.org\/{rel}","templated":true}]}}