{"id":85792,"date":"2020-05-22T16:40:41","date_gmt":"2020-05-22T23:40:41","guid":{"rendered":"https:\/\/www.sonoraenequipo.com.mx\/?p=85792"},"modified":"2020-05-22T16:40:41","modified_gmt":"2020-05-22T23:40:41","slug":"en-sonora-hay-134-personas-hospitalizadas-con-covid-100-de-ellas-graves","status":"publish","type":"post","link":"https:\/\/www.sonoraenequipo.com.mx\/en-sonora-hay-134-personas-hospitalizadas-con-covid-100-de-ellas-graves\/","title":{"rendered":"En Sonora hay 134 personas hospitalizadas con covid,\u00a0 100 de ellas graves"},"content":{"rendered":"<p>HERMOSILLO, SONORA,MX.\u2500 El gran incremento de casos positivos por Covid-19 en la entidad es alarmante, y lo que m\u00e1s preocupa es el volumen de pacientes hospitalizados, que hasta el momento llega a 134 personas hospitalizadas, 100 de ellos en estado grave, expres\u00f3 Gerardo \u00c1lvarez Hern\u00e1ndez. <\/p>\n<p>&nbsp;<\/p>\n<p>Acompa\u00f1ado de Olivia Gut\u00fa Ocampo, investigadora del departamento de Matem\u00e1ticas de la Universidad de Sonora, el director general de Promoci\u00f3n a la Salud y Prevenci\u00f3n de Enfermedades de la Secretar\u00eda de Salud, Gerardo \u00c1lvarez, inform\u00f3 que de las 100 personas graves, 23 se encuentran con ventilaci\u00f3n mec\u00e1nica invasiva.<\/p>\n<p>&nbsp;<\/p>\n<p>Agreg\u00f3 que por tercer d\u00eda consecutivo, se present\u00f3 un gran n\u00famero de casos positivos de contagio y de defunciones, lo que confirma que la propagaci\u00f3n de este virus se encuentra creciendo en gran volumen derivado de que las personas han relajado las medidas preventivas en el resguardo domiciliario y la sana distancia.<\/p>\n<p>&nbsp;<\/p>\n<p>\u0093Por tercer d\u00eda consecutivo, se confirma un volumen creciente de pacientes que enferman por Covid, ayer se confirmaron 85, incluyendo seis muertes, dos de ellas en pacientes que no hab\u00edamos identificado; con estas seis defunciones en Sonora se acumulan casi 100, llevamos 95 y la letalidad es de 7.4 que es inferior a la que tiene el pa\u00eds que es de 10.8, el estado se ubica en el 25 lugar\u0094, coment\u00f3.<\/p>\n<p>&nbsp;<\/p>\n<p>El director general de Promoci\u00f3n a la Salud y Prevenci\u00f3n de Enfermedades record\u00f3 que Hermosillo registra el mayor n\u00famero de casos con 423 que representa el 34 por ciento de casos en la entidad; San Luis R\u00edo Colorado tiene 269 y el 22 por ciento de los casos; Cajeme 160; Nogales 159; Navojoa 64; Caborca 40; que son los municipios con mayor n\u00famero de casos y de mortalidad.<\/p>\n<p>&nbsp;<\/p>\n<p>Olivia Gut\u00fa Ocampo, investigadora del departamento de Matem\u00e1ticas de la Universidad de Sonora, destac\u00f3 que la academia sonorense seguir\u00e1 trabajando en coordinaci\u00f3n con el Gobierno del Estado para mantener informados a los sonorenses.<\/p>\n<p>&nbsp;<\/p>\n<p>Explic\u00f3 que por parte de la Divisi\u00f3n de Ciencias de Datos del departamento de Matem\u00e1ticas de la Universidad de Sonora, han realizado varios tableros y mapas inform\u00e1ticos a trav\u00e9s de base de datos e informaci\u00f3n que la Secretar\u00eda de Salud entrega diariamente.<\/p>\n<p>&nbsp;<\/p>\n<p>Este tipo de informaci\u00f3n va cambiando conforme a los n\u00fameros de casos va aumentando, por lo que dijo diariamente se mantienen en contacto para mantener una informaci\u00f3n detallada del Covid-19 en la entidad.<\/p>\n<p>&nbsp;<\/p>\n<p>Fecha de Publicaci\u00f3n 22\/may\/2020<\/p>\n","protected":false},"excerpt":{"rendered":"<p>HERMOSILLO, SONORA,MX.\u2500 El gran incremento de casos positivos por Covid-19 en la entidad es alarmante,&#8230;<\/p>\n","protected":false},"author":1,"featured_media":85793,"comment_status":"open","ping_status":"open","sticky":false,"template":"","format":"standard","meta":{"_monsterinsights_skip_tracking":false,"_monsterinsights_sitenote_active":false,"_monsterinsights_sitenote_note":"","_monsterinsights_sitenote_category":0,"footnotes":""},"categories":[22],"tags":[4198,4441],"class_list":["post"],"yoast_head":" \n<title>Sonora en Equipo. En Sonora hay 134 personas hospitalizadas con covid,\u00a0 100 de ellas graves Sonora<\/title>\n<meta name=\"description\" content=\"HERMOSILLO, SONORA,MX.\u2500 El gran incremento de casos positivos por Covid-19 en la entidad es alarmante, y lo que m\u00e1s preocupa es el volumen de pacientes En Sonora en Equipo publicamos toda la informaci\u00f3n de Sonora, M\u00e9xico y el Mundo de manera oportuna y busca que la libertad de expresi\u00f3n sea real. Visita nuestro medio informativo publicado desde Hermosillo, Sonora. %\" \/>\n<meta name=\"robots\" content=\"index, follow, max-snippet:-1, max-image-preview:large, max-video-preview:-1\" \/>\n<link rel=\"canonical\" href=\"https:\/\/www.sonoraenequipo.com.mx\/en-sonora-hay-134-personas-hospitalizadas-con-covid-100-de-ellas-graves\/\" \/>\n<meta property=\"og:locale\" content=\"es_ES\" \/>\n<meta property=\"og:type\" content=\"article\" \/>\n<meta property=\"og:title\" content=\"Sonora en Equipo. En Sonora hay 134 personas hospitalizadas con covid,\u00a0 100 de ellas graves Sonora\" \/>\n<meta property=\"og:description\" content=\"HERMOSILLO, SONORA,MX.\u2500 El gran incremento de casos positivos por Covid-19 en la entidad es alarmante, y lo que m\u00e1s preocupa es el volumen de pacientes En Sonora en Equipo publicamos toda la informaci\u00f3n de Sonora, M\u00e9xico y el Mundo de manera oportuna y busca que la libertad de expresi\u00f3n sea real. Visita nuestro medio informativo publicado desde Hermosillo, Sonora. %\" \/>\n<meta property=\"og:url\" content=\"https:\/\/www.sonoraenequipo.com.mx\/en-sonora-hay-134-personas-hospitalizadas-con-covid-100-de-ellas-graves\/\" \/>\n<meta property=\"og:site_name\" content=\"Sonora en Equipo.\" \/>\n<meta property=\"article:publisher\" content=\"https:\/\/www.facebook.com\/SonoraEE\/\" \/>\n<meta property=\"article:author\" content=\"https:\/\/www.facebook.com\/SonoraEE\" \/>\n<meta property=\"article:published_time\" content=\"2020-05-22T23:40:41+00:00\" \/>\n<meta property=\"og:image\" content=\"https:\/\/www.sonoraenequipo.com.mx\/storage\/2020\/05\/hospitalizados.jpg\" \/>\n\t<meta property=\"og:image:width\" content=\"600\" \/>\n\t<meta property=\"og:image:height\" content=\"400\" \/>\n\t<meta property=\"og:image:type\" content=\"image\/jpeg\" \/>\n<meta name=\"author\" content=\"enequipo\" \/>\n<meta name=\"twitter:card\" content=\"summary_large_image\" \/>\n<meta name=\"twitter:creator\" content=\"@sonoraenequipo\" \/>\n<meta name=\"twitter:site\" content=\"@sonoraenequipo\" \/>\n<meta name=\"twitter:label1\" content=\"Escrito por\" \/>\n\t<meta name=\"twitter:data1\" content=\"enequipo\" \/>\n\t<meta name=\"twitter:label2\" content=\"Tiempo de lectura\" \/>\n\t<meta name=\"twitter:data2\" content=\"2 minutos\" \/>\n<script type=\"application\/ld+json\" class=\"yoast-schema-graph\">{\"@context\":\"https:\/\/schema.org\",\"@graph\":[{\"@type\":\"Article\",\"@id\":\"https:\/\/www.sonoraenequipo.com.mx\/en-sonora-hay-134-personas-hospitalizadas-con-covid-100-de-ellas-graves\/#article\",\"isPartOf\":{\"@id\":\"https:\/\/www.sonoraenequipo.com.mx\/en-sonora-hay-134-personas-hospitalizadas-con-covid-100-de-ellas-graves\/\"},\"author\":{\"name\":\"enequipo\",\"@id\":\"https:\/\/www.sonoraenequipo.com.mx\/#\/schema\/person\/50102df0fb23a8fa9e8effad8fa81386\"},\"headline\":\"En Sonora hay 134 personas hospitalizadas con covid,\u00a0 100 de ellas graves\",\"datePublished\":\"2020-05-22T23:40:41+00:00\",\"mainEntityOfPage\":{\"@id\":\"https:\/\/www.sonoraenequipo.com.mx\/en-sonora-hay-134-personas-hospitalizadas-con-covid-100-de-ellas-graves\/\"},\"wordCount\":429,\"commentCount\":0,\"publisher\":{\"@id\":\"https:\/\/www.sonoraenequipo.com.mx\/#organization\"},\"image\":{\"@id\":\"https:\/\/www.sonoraenequipo.com.mx\/en-sonora-hay-134-personas-hospitalizadas-con-covid-100-de-ellas-graves\/#primaryimage\"},\"thumbnailUrl\":\"https:\/\/www.sonoraenequipo.com.mx\/storage\/2020\/05\/hospitalizados.jpg\",\"keywords\":[\"Covid-19\",\"Gerardo \u00c1lvarez Hern\u00e1ndez\"],\"articleSection\":[\"Sonora\"],\"inLanguage\":\"es\",\"potentialAction\":[{\"@type\":\"CommentAction\",\"name\":\"Comment\",\"target\":[\"https:\/\/www.sonoraenequipo.com.mx\/en-sonora-hay-134-personas-hospitalizadas-con-covid-100-de-ellas-graves\/#respond\"]}]},{\"@type\":\"WebPage\",\"@id\":\"https:\/\/www.sonoraenequipo.com.mx\/en-sonora-hay-134-personas-hospitalizadas-con-covid-100-de-ellas-graves\/\",\"url\":\"https:\/\/www.sonoraenequipo.com.mx\/en-sonora-hay-134-personas-hospitalizadas-con-covid-100-de-ellas-graves\/\",\"name\":\"Sonora en Equipo. En Sonora hay 134 personas hospitalizadas con covid,\u00a0 100 de ellas graves Sonora\",\"isPartOf\":{\"@id\":\"https:\/\/www.sonoraenequipo.com.mx\/#website\"},\"primaryImageOfPage\":{\"@id\":\"https:\/\/www.sonoraenequipo.com.mx\/en-sonora-hay-134-personas-hospitalizadas-con-covid-100-de-ellas-graves\/#primaryimage\"},\"image\":{\"@id\":\"https:\/\/www.sonoraenequipo.com.mx\/en-sonora-hay-134-personas-hospitalizadas-con-covid-100-de-ellas-graves\/#primaryimage\"},\"thumbnailUrl\":\"https:\/\/www.sonoraenequipo.com.mx\/storage\/2020\/05\/hospitalizados.jpg\",\"datePublished\":\"2020-05-22T23:40:41+00:00\",\"description\":\"HERMOSILLO, SONORA,MX.\u2500 El gran incremento de casos positivos por Covid-19 en la entidad es alarmante, y lo que m\u00e1s preocupa es el volumen de pacientes En Sonora en Equipo publicamos toda la informaci\u00f3n de Sonora, M\u00e9xico y el Mundo de manera oportuna y busca que la libertad de expresi\u00f3n sea real. Visita nuestro medio informativo publicado desde Hermosillo, Sonora. %\",\"breadcrumb\":{\"@id\":\"https:\/\/www.sonoraenequipo.com.mx\/en-sonora-hay-134-personas-hospitalizadas-con-covid-100-de-ellas-graves\/#breadcrumb\"},\"inLanguage\":\"es\",\"potentialAction\":[{\"@type\":\"ReadAction\",\"target\":[\"https:\/\/www.sonoraenequipo.com.mx\/en-sonora-hay-134-personas-hospitalizadas-con-covid-100-de-ellas-graves\/\"]}]},{\"@type\":\"ImageObject\",\"inLanguage\":\"es\",\"@id\":\"https:\/\/www.sonoraenequipo.com.mx\/en-sonora-hay-134-personas-hospitalizadas-con-covid-100-de-ellas-graves\/#primaryimage\",\"url\":\"https:\/\/www.sonoraenequipo.com.mx\/storage\/2020\/05\/hospitalizados.jpg\",\"contentUrl\":\"https:\/\/www.sonoraenequipo.com.mx\/storage\/2020\/05\/hospitalizados.jpg\",\"width\":600,\"height\":400},{\"@type\":\"BreadcrumbList\",\"@id\":\"https:\/\/www.sonoraenequipo.com.mx\/en-sonora-hay-134-personas-hospitalizadas-con-covid-100-de-ellas-graves\/#breadcrumb\",\"itemListElement\":[{\"@type\":\"ListItem\",\"position\":1,\"name\":\"Portada\",\"item\":\"https:\/\/www.sonoraenequipo.com.mx\/\"},{\"@type\":\"ListItem\",\"position\":2,\"name\":\"En Sonora hay 134 personas hospitalizadas con covid,\u00a0 100 de ellas graves\"}]},{\"@type\":\"WebSite\",\"@id\":\"https:\/\/www.sonoraenequipo.com.mx\/#website\",\"url\":\"https:\/\/www.sonoraenequipo.com.mx\/\",\"name\":\"Sonora en Equipo.\",\"description\":\"Diario en l\u00ednea con Noticias desde Hermosillo, Sonora\",\"publisher\":{\"@id\":\"https:\/\/www.sonoraenequipo.com.mx\/#organization\"},\"potentialAction\":[{\"@type\":\"SearchAction\",\"target\":{\"@type\":\"EntryPoint\",\"urlTemplate\":\"https:\/\/www.sonoraenequipo.com.mx\/?s={search_term_string}\"},\"query-input\":{\"@type\":\"PropertyValueSpecification\",\"valueRequired\":true,\"valueName\":\"search_term_string\"}}],\"inLanguage\":\"es\"},{\"@type\":\"Organization\",\"@id\":\"https:\/\/www.sonoraenequipo.com.mx\/#organization\",\"name\":\"Sonoraenequipo.com.mx\",\"url\":\"https:\/\/www.sonoraenequipo.com.mx\/\",\"logo\":{\"@type\":\"ImageObject\",\"inLanguage\":\"es\",\"@id\":\"https:\/\/www.sonoraenequipo.com.mx\/#\/schema\/logo\/image\/\",\"url\":\"https:\/\/www.sonoraenequipo.com.mx\/storage\/2019\/01\/sonoraenequipo_opt.png\",\"contentUrl\":\"https:\/\/www.sonoraenequipo.com.mx\/storage\/2019\/01\/sonoraenequipo_opt.png\",\"width\":375,\"height\":125,\"caption\":\"Sonoraenequipo.com.mx\"},\"image\":{\"@id\":\"https:\/\/www.sonoraenequipo.com.mx\/#\/schema\/logo\/image\/\"},\"sameAs\":[\"https:\/\/www.facebook.com\/SonoraEE\/\",\"https:\/\/x.com\/sonoraenequipo\",\"https:\/\/www.youtube.com\/channel\/UC338nW-lPEYmJQs4ZABQ1SQ\"]},{\"@type\":\"Person\",\"@id\":\"https:\/\/www.sonoraenequipo.com.mx\/#\/schema\/person\/50102df0fb23a8fa9e8effad8fa81386\",\"name\":\"enequipo\",\"image\":{\"@type\":\"ImageObject\",\"inLanguage\":\"es\",\"@id\":\"https:\/\/www.sonoraenequipo.com.mx\/#\/schema\/person\/image\/\",\"url\":\"https:\/\/secure.gravatar.com\/avatar\/049821681b589dabc0bc20695993ccebb09f5b5d4d790cd9251b97faac7c652b?s=96&d=blank&r=g\",\"contentUrl\":\"https:\/\/secure.gravatar.com\/avatar\/049821681b589dabc0bc20695993ccebb09f5b5d4d790cd9251b97faac7c652b?s=96&d=blank&r=g\",\"caption\":\"enequipo\"},\"sameAs\":[\"https:\/\/www.facebook.com\/SonoraEE\"]}]}<\/script>\n ","yoast_head_json":{"title":"Sonora en Equipo. En Sonora hay 134 personas hospitalizadas con covid,\u00a0 100 de ellas graves Sonora","description":"HERMOSILLO, SONORA,MX.\u2500 El gran incremento de casos positivos por Covid-19 en la entidad es alarmante, y lo que m\u00e1s preocupa es el volumen de pacientes En Sonora en Equipo publicamos toda la informaci\u00f3n de Sonora, M\u00e9xico y el Mundo de manera oportuna y busca que la libertad de expresi\u00f3n sea real. Visita nuestro medio informativo publicado desde Hermosillo, Sonora. %","robots":{"index":"index","follow":"follow","max-snippet":"max-snippet:-1","max-image-preview":"max-image-preview:large","max-video-preview":"max-video-preview:-1"},"canonical":"https:\/\/www.sonoraenequipo.com.mx\/en-sonora-hay-134-personas-hospitalizadas-con-covid-100-de-ellas-graves\/","og_locale":"es_ES","og_type":"article","og_title":"Sonora en Equipo. En Sonora hay 134 personas hospitalizadas con covid,\u00a0 100 de ellas graves Sonora","og_description":"HERMOSILLO, SONORA,MX.\u2500 El gran incremento de casos positivos por Covid-19 en la entidad es alarmante, y lo que m\u00e1s preocupa es el volumen de pacientes En Sonora en Equipo publicamos toda la informaci\u00f3n de Sonora, M\u00e9xico y el Mundo de manera oportuna y busca que la libertad de expresi\u00f3n sea real. Visita nuestro medio informativo publicado desde Hermosillo, Sonora. %","og_url":"https:\/\/www.sonoraenequipo.com.mx\/en-sonora-hay-134-personas-hospitalizadas-con-covid-100-de-ellas-graves\/","og_site_name":"Sonora en Equipo.","article_publisher":"https:\/\/www.facebook.com\/SonoraEE\/","article_author":"https:\/\/www.facebook.com\/SonoraEE","article_published_time":"2020-05-22T23:40:41+00:00","og_image":[{"width":600,"height":400,"url":"https:\/\/www.sonoraenequipo.com.mx\/storage\/2020\/05\/hospitalizados.jpg","type":"image\/jpeg"}],"author":"enequipo","twitter_card":"summary_large_image","twitter_creator":"@sonoraenequipo","twitter_site":"@sonoraenequipo","twitter_misc":{"Escrito por":"enequipo","Tiempo de lectura":"2 minutos"},"schema":{"@context":"https:\/\/schema.org","@graph":[{"@type":"Article","@id":"https:\/\/www.sonoraenequipo.com.mx\/en-sonora-hay-134-personas-hospitalizadas-con-covid-100-de-ellas-graves\/#article","isPartOf":{"@id":"https:\/\/www.sonoraenequipo.com.mx\/en-sonora-hay-134-personas-hospitalizadas-con-covid-100-de-ellas-graves\/"},"author":{"name":"enequipo","@id":"https:\/\/www.sonoraenequipo.com.mx\/#\/schema\/person\/50102df0fb23a8fa9e8effad8fa81386"},"headline":"En Sonora hay 134 personas hospitalizadas con covid,\u00a0 100 de ellas graves","datePublished":"2020-05-22T23:40:41+00:00","mainEntityOfPage":{"@id":"https:\/\/www.sonoraenequipo.com.mx\/en-sonora-hay-134-personas-hospitalizadas-con-covid-100-de-ellas-graves\/"},"wordCount":429,"commentCount":0,"publisher":{"@id":"https:\/\/www.sonoraenequipo.com.mx\/#organization"},"image":{"@id":"https:\/\/www.sonoraenequipo.com.mx\/en-sonora-hay-134-personas-hospitalizadas-con-covid-100-de-ellas-graves\/#primaryimage"},"thumbnailUrl":"https:\/\/www.sonoraenequipo.com.mx\/storage\/2020\/05\/hospitalizados.jpg","keywords":["Covid-19","Gerardo \u00c1lvarez Hern\u00e1ndez"],"articleSection":["Sonora"],"inLanguage":"es","potentialAction":[{"@type":"CommentAction","name":"Comment","target":["https:\/\/www.sonoraenequipo.com.mx\/en-sonora-hay-134-personas-hospitalizadas-con-covid-100-de-ellas-graves\/#respond"]}]},{"@type":"WebPage","@id":"https:\/\/www.sonoraenequipo.com.mx\/en-sonora-hay-134-personas-hospitalizadas-con-covid-100-de-ellas-graves\/","url":"https:\/\/www.sonoraenequipo.com.mx\/en-sonora-hay-134-personas-hospitalizadas-con-covid-100-de-ellas-graves\/","name":"Sonora en Equipo. En Sonora hay 134 personas hospitalizadas con covid,\u00a0 100 de ellas graves Sonora","isPartOf":{"@id":"https:\/\/www.sonoraenequipo.com.mx\/#website"},"primaryImageOfPage":{"@id":"https:\/\/www.sonoraenequipo.com.mx\/en-sonora-hay-134-personas-hospitalizadas-con-covid-100-de-ellas-graves\/#primaryimage"},"image":{"@id":"https:\/\/www.sonoraenequipo.com.mx\/en-sonora-hay-134-personas-hospitalizadas-con-covid-100-de-ellas-graves\/#primaryimage"},"thumbnailUrl":"https:\/\/www.sonoraenequipo.com.mx\/storage\/2020\/05\/hospitalizados.jpg","datePublished":"2020-05-22T23:40:41+00:00","description":"HERMOSILLO, SONORA,MX.\u2500 El gran incremento de casos positivos por Covid-19 en la entidad es alarmante, y lo que m\u00e1s preocupa es el volumen de pacientes En Sonora en Equipo publicamos toda la informaci\u00f3n de Sonora, M\u00e9xico y el Mundo de manera oportuna y busca que la libertad de expresi\u00f3n sea real. Visita nuestro medio informativo publicado desde Hermosillo, Sonora. %","breadcrumb":{"@id":"https:\/\/www.sonoraenequipo.com.mx\/en-sonora-hay-134-personas-hospitalizadas-con-covid-100-de-ellas-graves\/#breadcrumb"},"inLanguage":"es","potentialAction":[{"@type":"ReadAction","target":["https:\/\/www.sonoraenequipo.com.mx\/en-sonora-hay-134-personas-hospitalizadas-con-covid-100-de-ellas-graves\/"]}]},{"@type":"ImageObject","inLanguage":"es","@id":"https:\/\/www.sonoraenequipo.com.mx\/en-sonora-hay-134-personas-hospitalizadas-con-covid-100-de-ellas-graves\/#primaryimage","url":"https:\/\/www.sonoraenequipo.com.mx\/storage\/2020\/05\/hospitalizados.jpg","contentUrl":"https:\/\/www.sonoraenequipo.com.mx\/storage\/2020\/05\/hospitalizados.jpg","width":600,"height":400},{"@type":"BreadcrumbList","@id":"https:\/\/www.sonoraenequipo.com.mx\/en-sonora-hay-134-personas-hospitalizadas-con-covid-100-de-ellas-graves\/#breadcrumb","itemListElement":[{"@type":"ListItem","position":1,"name":"Portada","item":"https:\/\/www.sonoraenequipo.com.mx\/"},{"@type":"ListItem","position":2,"name":"En Sonora hay 134 personas hospitalizadas con covid,\u00a0 100 de ellas graves"}]},{"@type":"WebSite","@id":"https:\/\/www.sonoraenequipo.com.mx\/#website","url":"https:\/\/www.sonoraenequipo.com.mx\/","name":"Sonora en Equipo.","description":"Diario en l\u00ednea con Noticias desde Hermosillo, Sonora","publisher":{"@id":"https:\/\/www.sonoraenequipo.com.mx\/#organization"},"potentialAction":[{"@type":"SearchAction","target":{"@type":"EntryPoint","urlTemplate":"https:\/\/www.sonoraenequipo.com.mx\/?s={search_term_string}"},"query-input":{"@type":"PropertyValueSpecification","valueRequired":true,"valueName":"search_term_string"}}],"inLanguage":"es"},{"@type":"Organization","@id":"https:\/\/www.sonoraenequipo.com.mx\/#organization","name":"Sonoraenequipo.com.mx","url":"https:\/\/www.sonoraenequipo.com.mx\/","logo":{"@type":"ImageObject","inLanguage":"es","@id":"https:\/\/www.sonoraenequipo.com.mx\/#\/schema\/logo\/image\/","url":"https:\/\/www.sonoraenequipo.com.mx\/storage\/2019\/01\/sonoraenequipo_opt.png","contentUrl":"https:\/\/www.sonoraenequipo.com.mx\/storage\/2019\/01\/sonoraenequipo_opt.png","width":375,"height":125,"caption":"Sonoraenequipo.com.mx"},"image":{"@id":"https:\/\/www.sonoraenequipo.com.mx\/#\/schema\/logo\/image\/"},"sameAs":["https:\/\/www.facebook.com\/SonoraEE\/","https:\/\/x.com\/sonoraenequipo","https:\/\/www.youtube.com\/channel\/UC338nW-lPEYmJQs4ZABQ1SQ"]},{"@type":"Person","@id":"https:\/\/www.sonoraenequipo.com.mx\/#\/schema\/person\/50102df0fb23a8fa9e8effad8fa81386","name":"enequipo","image":{"@type":"ImageObject","inLanguage":"es","@id":"https:\/\/www.sonoraenequipo.com.mx\/#\/schema\/person\/image\/","url":"https:\/\/secure.gravatar.com\/avatar\/049821681b589dabc0bc20695993ccebb09f5b5d4d790cd9251b97faac7c652b?s=96&d=blank&r=g","contentUrl":"https:\/\/secure.gravatar.com\/avatar\/049821681b589dabc0bc20695993ccebb09f5b5d4d790cd9251b97faac7c652b?s=96&d=blank&r=g","caption":"enequipo"},"sameAs":["https:\/\/www.facebook.com\/SonoraEE"]}]}},"jetpack_featured_media_url":"https:\/\/www.sonoraenequipo.com.mx\/storage\/2020\/05\/hospitalizados.jpg","_links":{"self":[{"href":"https:\/\/www.sonoraenequipo.com.mx\/api\/wp\/v2\/posts\/85792","targetHints":{"allow":["GET"]}}],"collection":[{"href":"https:\/\/www.sonoraenequipo.com.mx\/api\/wp\/v2\/posts"}],"about":[{"href":"https:\/\/www.sonoraenequipo.com.mx\/api\/wp\/v2\/types\/post"}],"author":[{"embeddable":true,"href":"https:\/\/www.sonoraenequipo.com.mx\/api\/wp\/v2\/users\/1"}],"replies":[{"embeddable":true,"href":"https:\/\/www.sonoraenequipo.com.mx\/api\/wp\/v2\/comments?post=85792"}],"version-history":[{"count":0,"href":"https:\/\/www.sonoraenequipo.com.mx\/api\/wp\/v2\/posts\/85792\/revisions"}],"wp:featuredmedia":[{"embeddable":true,"href":"https:\/\/www.sonoraenequipo.com.mx\/api\/wp\/v2\/media\/85793"}],"wp:attachment":[{"href":"https:\/\/www.sonoraenequipo.com.mx\/api\/wp\/v2\/media?parent=85792"}],"wp:term":[{"taxonomy":"category","embeddable":true,"href":"https:\/\/www.sonoraenequipo.com.mx\/api\/wp\/v2\/categories?post=85792"},{"taxonomy":"post_tag","embeddable":true,"href":"https:\/\/www.sonoraenequipo.com.mx\/api\/wp\/v2\/tags?post=85792"}],"curies":[{"name":"wp","href":"https:\/\/api.w.org\/{rel}","templated":true}]}}