{"id":85800,"date":"2020-05-22T09:15:23","date_gmt":"2020-05-22T16:15:23","guid":{"rendered":"https:\/\/www.sonoraenequipo.com.mx\/?p=85800"},"modified":"2020-05-22T18:04:11","modified_gmt":"2020-05-23T01:04:11","slug":"iniciativa-sobre-desaparecer-fideicomisos-es-congelada-por-morena-el-grupo-parlamentario-tomo-dicha-decision","status":"publish","type":"post","link":"https:\/\/www.sonoraenequipo.com.mx\/iniciativa-sobre-desaparecer-fideicomisos-es-congelada-por-morena-el-grupo-parlamentario-tomo-dicha-decision\/","title":{"rendered":"Iniciativa sobre desaparecer fideicomisos es congelada por Morena El grupo parlamentario tom\u00f3 dicha decisi\u00f3n"},"content":{"rendered":"<p>CIUDAD DE M\u00c9XICO. MX. \u2014 El grupo parlamentario de Morena en la C\u00e1mara de Diputados determin\u00f3 congelar la iniciativa que present\u00f3 el pasado mi\u00e9rcoles en la Comisi\u00f3n Permanente para desaparecer 44 fideicomisos.<\/p>\n<p>&nbsp;<\/p>\n<p>&nbsp;<\/p>\n<p> <\/p>\n<p>&nbsp;<\/p>\n<p>En conferencia de prensa, Mario Delgado, l\u00edder de la bancada de Morena, anunci\u00f3 que esta iniciativa se va a la congeladora y abrir\u00e1n un espacio de di\u00e1logo con la Secretar\u00edas de la Funci\u00f3n P\u00fablica, Hacienda, as\u00ed como con la Consejer\u00eda Jur\u00eddica de la Presidencia y con todos los sectores involucrados.<\/p>\n<p>&nbsp;<\/p>\n<p>En un anuncio, Mario Delgado dijo que no tienen prisa y no van a legislar de manera irresponsable y adelant\u00f3 que ser\u00e1n sensibles con todos los temas.<\/p>\n<p>&nbsp;<\/p>\n<p>Esta decisi\u00f3n de congelar la iniciativa, dijo Mario Delgado es para que no se genere nerviosismo en los sectores involucrados como la comunidad cient\u00edfica, deportistas, artistas, periodistas, para que &#8216;no se sientan temor o se sientan amenazados sobre estos apoyos&#8217;.<\/p>\n<p>&nbsp;<\/p>\n<p>(PUBLICADO EL 22\/05\/2020<\/p>\n","protected":false},"excerpt":{"rendered":"<p>CIUDAD DE M\u00c9XICO. MX. \u2014 El grupo parlamentario de Morena en la C\u00e1mara de Diputados&#8230;<\/p>\n","protected":false},"author":1,"featured_media":85787,"comment_status":"open","ping_status":"open","sticky":false,"template":"","format":"standard","meta":{"_monsterinsights_skip_tracking":false,"_monsterinsights_sitenote_active":false,"_monsterinsights_sitenote_note":"","_monsterinsights_sitenote_category":0,"footnotes":""},"categories":[5],"tags":[],"class_list":["post"],"yoast_head":" \n<title>Sonora en Equipo. Iniciativa sobre desaparecer fideicomisos es congelada por Morena El grupo parlamentario tom\u00f3 dicha decisi\u00f3n Rep\u00fablica<\/title>\n<meta name=\"description\" content=\"CIUDAD DE M\u00c9XICO. MX. \u2014 El grupo parlamentario de Morena en la C\u00e1mara de Diputados determin\u00f3 congelar la iniciativa que present\u00f3 el pasado mi\u00e9rcoles en la En Sonora en Equipo publicamos toda la informaci\u00f3n de Sonora, M\u00e9xico y el Mundo de manera oportuna y busca que la libertad de expresi\u00f3n sea real. Visita nuestro medio informativo publicado desde Hermosillo, Sonora. %\" \/>\n<meta name=\"robots\" content=\"index, follow, max-snippet:-1, max-image-preview:large, max-video-preview:-1\" \/>\n<link rel=\"canonical\" href=\"https:\/\/www.sonoraenequipo.com.mx\/iniciativa-sobre-desaparecer-fideicomisos-es-congelada-por-morena-el-grupo-parlamentario-tomo-dicha-decision\/\" \/>\n<meta property=\"og:locale\" content=\"es_ES\" \/>\n<meta property=\"og:type\" content=\"article\" \/>\n<meta property=\"og:title\" content=\"Sonora en Equipo. Iniciativa sobre desaparecer fideicomisos es congelada por Morena El grupo parlamentario tom\u00f3 dicha decisi\u00f3n Rep\u00fablica\" \/>\n<meta property=\"og:description\" content=\"CIUDAD DE M\u00c9XICO. MX. \u2014 El grupo parlamentario de Morena en la C\u00e1mara de Diputados determin\u00f3 congelar la iniciativa que present\u00f3 el pasado mi\u00e9rcoles en la En Sonora en Equipo publicamos toda la informaci\u00f3n de Sonora, M\u00e9xico y el Mundo de manera oportuna y busca que la libertad de expresi\u00f3n sea real. Visita nuestro medio informativo publicado desde Hermosillo, Sonora. %\" \/>\n<meta property=\"og:url\" content=\"https:\/\/www.sonoraenequipo.com.mx\/iniciativa-sobre-desaparecer-fideicomisos-es-congelada-por-morena-el-grupo-parlamentario-tomo-dicha-decision\/\" \/>\n<meta property=\"og:site_name\" content=\"Sonora en Equipo.\" \/>\n<meta property=\"article:publisher\" content=\"https:\/\/www.facebook.com\/SonoraEE\/\" \/>\n<meta property=\"article:author\" content=\"https:\/\/www.facebook.com\/SonoraEE\" \/>\n<meta property=\"article:published_time\" content=\"2020-05-22T16:15:23+00:00\" \/>\n<meta property=\"article:modified_time\" content=\"2020-05-23T01:04:11+00:00\" \/>\n<meta property=\"og:image\" content=\"https:\/\/www.sonoraenequipo.com.mx\/storage\/2020\/05\/camara_diputados_opt.jpg\" \/>\n\t<meta property=\"og:image:width\" content=\"750\" \/>\n\t<meta property=\"og:image:height\" content=\"500\" \/>\n\t<meta property=\"og:image:type\" content=\"image\/jpeg\" \/>\n<meta name=\"author\" content=\"enequipo\" \/>\n<meta name=\"twitter:card\" content=\"summary_large_image\" \/>\n<meta name=\"twitter:creator\" content=\"@sonoraenequipo\" \/>\n<meta name=\"twitter:site\" content=\"@sonoraenequipo\" \/>\n<meta name=\"twitter:label1\" content=\"Escrito por\" \/>\n\t<meta name=\"twitter:data1\" content=\"enequipo\" \/>\n\t<meta name=\"twitter:label2\" content=\"Tiempo de lectura\" \/>\n\t<meta name=\"twitter:data2\" content=\"1 minuto\" \/>\n<script type=\"application\/ld+json\" class=\"yoast-schema-graph\">{\"@context\":\"https:\/\/schema.org\",\"@graph\":[{\"@type\":\"Article\",\"@id\":\"https:\/\/www.sonoraenequipo.com.mx\/iniciativa-sobre-desaparecer-fideicomisos-es-congelada-por-morena-el-grupo-parlamentario-tomo-dicha-decision\/#article\",\"isPartOf\":{\"@id\":\"https:\/\/www.sonoraenequipo.com.mx\/iniciativa-sobre-desaparecer-fideicomisos-es-congelada-por-morena-el-grupo-parlamentario-tomo-dicha-decision\/\"},\"author\":{\"name\":\"enequipo\",\"@id\":\"https:\/\/www.sonoraenequipo.com.mx\/#\/schema\/person\/50102df0fb23a8fa9e8effad8fa81386\"},\"headline\":\"Iniciativa sobre desaparecer fideicomisos es congelada por Morena El grupo parlamentario tom\u00f3 dicha decisi\u00f3n\",\"datePublished\":\"2020-05-22T16:15:23+00:00\",\"dateModified\":\"2020-05-23T01:04:11+00:00\",\"mainEntityOfPage\":{\"@id\":\"https:\/\/www.sonoraenequipo.com.mx\/iniciativa-sobre-desaparecer-fideicomisos-es-congelada-por-morena-el-grupo-parlamentario-tomo-dicha-decision\/\"},\"wordCount\":185,\"commentCount\":0,\"publisher\":{\"@id\":\"https:\/\/www.sonoraenequipo.com.mx\/#organization\"},\"image\":{\"@id\":\"https:\/\/www.sonoraenequipo.com.mx\/iniciativa-sobre-desaparecer-fideicomisos-es-congelada-por-morena-el-grupo-parlamentario-tomo-dicha-decision\/#primaryimage\"},\"thumbnailUrl\":\"https:\/\/www.sonoraenequipo.com.mx\/storage\/2020\/05\/camara_diputados_opt.jpg\",\"articleSection\":[\"Rep\u00fablica\"],\"inLanguage\":\"es\",\"potentialAction\":[{\"@type\":\"CommentAction\",\"name\":\"Comment\",\"target\":[\"https:\/\/www.sonoraenequipo.com.mx\/iniciativa-sobre-desaparecer-fideicomisos-es-congelada-por-morena-el-grupo-parlamentario-tomo-dicha-decision\/#respond\"]}]},{\"@type\":\"WebPage\",\"@id\":\"https:\/\/www.sonoraenequipo.com.mx\/iniciativa-sobre-desaparecer-fideicomisos-es-congelada-por-morena-el-grupo-parlamentario-tomo-dicha-decision\/\",\"url\":\"https:\/\/www.sonoraenequipo.com.mx\/iniciativa-sobre-desaparecer-fideicomisos-es-congelada-por-morena-el-grupo-parlamentario-tomo-dicha-decision\/\",\"name\":\"Sonora en Equipo. Iniciativa sobre desaparecer fideicomisos es congelada por Morena El grupo parlamentario tom\u00f3 dicha decisi\u00f3n Rep\u00fablica\",\"isPartOf\":{\"@id\":\"https:\/\/www.sonoraenequipo.com.mx\/#website\"},\"primaryImageOfPage\":{\"@id\":\"https:\/\/www.sonoraenequipo.com.mx\/iniciativa-sobre-desaparecer-fideicomisos-es-congelada-por-morena-el-grupo-parlamentario-tomo-dicha-decision\/#primaryimage\"},\"image\":{\"@id\":\"https:\/\/www.sonoraenequipo.com.mx\/iniciativa-sobre-desaparecer-fideicomisos-es-congelada-por-morena-el-grupo-parlamentario-tomo-dicha-decision\/#primaryimage\"},\"thumbnailUrl\":\"https:\/\/www.sonoraenequipo.com.mx\/storage\/2020\/05\/camara_diputados_opt.jpg\",\"datePublished\":\"2020-05-22T16:15:23+00:00\",\"dateModified\":\"2020-05-23T01:04:11+00:00\",\"description\":\"CIUDAD DE M\u00c9XICO. MX. \u2014 El grupo parlamentario de Morena en la C\u00e1mara de Diputados determin\u00f3 congelar la iniciativa que present\u00f3 el pasado mi\u00e9rcoles en la En Sonora en Equipo publicamos toda la informaci\u00f3n de Sonora, M\u00e9xico y el Mundo de manera oportuna y busca que la libertad de expresi\u00f3n sea real. Visita nuestro medio informativo publicado desde Hermosillo, Sonora. %\",\"breadcrumb\":{\"@id\":\"https:\/\/www.sonoraenequipo.com.mx\/iniciativa-sobre-desaparecer-fideicomisos-es-congelada-por-morena-el-grupo-parlamentario-tomo-dicha-decision\/#breadcrumb\"},\"inLanguage\":\"es\",\"potentialAction\":[{\"@type\":\"ReadAction\",\"target\":[\"https:\/\/www.sonoraenequipo.com.mx\/iniciativa-sobre-desaparecer-fideicomisos-es-congelada-por-morena-el-grupo-parlamentario-tomo-dicha-decision\/\"]}]},{\"@type\":\"ImageObject\",\"inLanguage\":\"es\",\"@id\":\"https:\/\/www.sonoraenequipo.com.mx\/iniciativa-sobre-desaparecer-fideicomisos-es-congelada-por-morena-el-grupo-parlamentario-tomo-dicha-decision\/#primaryimage\",\"url\":\"https:\/\/www.sonoraenequipo.com.mx\/storage\/2020\/05\/camara_diputados_opt.jpg\",\"contentUrl\":\"https:\/\/www.sonoraenequipo.com.mx\/storage\/2020\/05\/camara_diputados_opt.jpg\",\"width\":750,\"height\":500},{\"@type\":\"BreadcrumbList\",\"@id\":\"https:\/\/www.sonoraenequipo.com.mx\/iniciativa-sobre-desaparecer-fideicomisos-es-congelada-por-morena-el-grupo-parlamentario-tomo-dicha-decision\/#breadcrumb\",\"itemListElement\":[{\"@type\":\"ListItem\",\"position\":1,\"name\":\"Portada\",\"item\":\"https:\/\/www.sonoraenequipo.com.mx\/\"},{\"@type\":\"ListItem\",\"position\":2,\"name\":\"Iniciativa sobre desaparecer fideicomisos es congelada por Morena El grupo parlamentario tom\u00f3 dicha decisi\u00f3n\"}]},{\"@type\":\"WebSite\",\"@id\":\"https:\/\/www.sonoraenequipo.com.mx\/#website\",\"url\":\"https:\/\/www.sonoraenequipo.com.mx\/\",\"name\":\"Sonora en Equipo.\",\"description\":\"Diario en l\u00ednea con Noticias desde Hermosillo, Sonora\",\"publisher\":{\"@id\":\"https:\/\/www.sonoraenequipo.com.mx\/#organization\"},\"potentialAction\":[{\"@type\":\"SearchAction\",\"target\":{\"@type\":\"EntryPoint\",\"urlTemplate\":\"https:\/\/www.sonoraenequipo.com.mx\/?s={search_term_string}\"},\"query-input\":{\"@type\":\"PropertyValueSpecification\",\"valueRequired\":true,\"valueName\":\"search_term_string\"}}],\"inLanguage\":\"es\"},{\"@type\":\"Organization\",\"@id\":\"https:\/\/www.sonoraenequipo.com.mx\/#organization\",\"name\":\"Sonoraenequipo.com.mx\",\"url\":\"https:\/\/www.sonoraenequipo.com.mx\/\",\"logo\":{\"@type\":\"ImageObject\",\"inLanguage\":\"es\",\"@id\":\"https:\/\/www.sonoraenequipo.com.mx\/#\/schema\/logo\/image\/\",\"url\":\"https:\/\/www.sonoraenequipo.com.mx\/storage\/2019\/01\/sonoraenequipo_opt.png\",\"contentUrl\":\"https:\/\/www.sonoraenequipo.com.mx\/storage\/2019\/01\/sonoraenequipo_opt.png\",\"width\":375,\"height\":125,\"caption\":\"Sonoraenequipo.com.mx\"},\"image\":{\"@id\":\"https:\/\/www.sonoraenequipo.com.mx\/#\/schema\/logo\/image\/\"},\"sameAs\":[\"https:\/\/www.facebook.com\/SonoraEE\/\",\"https:\/\/x.com\/sonoraenequipo\",\"https:\/\/www.youtube.com\/channel\/UC338nW-lPEYmJQs4ZABQ1SQ\"]},{\"@type\":\"Person\",\"@id\":\"https:\/\/www.sonoraenequipo.com.mx\/#\/schema\/person\/50102df0fb23a8fa9e8effad8fa81386\",\"name\":\"enequipo\",\"image\":{\"@type\":\"ImageObject\",\"inLanguage\":\"es\",\"@id\":\"https:\/\/www.sonoraenequipo.com.mx\/#\/schema\/person\/image\/\",\"url\":\"https:\/\/secure.gravatar.com\/avatar\/049821681b589dabc0bc20695993ccebb09f5b5d4d790cd9251b97faac7c652b?s=96&d=blank&r=g\",\"contentUrl\":\"https:\/\/secure.gravatar.com\/avatar\/049821681b589dabc0bc20695993ccebb09f5b5d4d790cd9251b97faac7c652b?s=96&d=blank&r=g\",\"caption\":\"enequipo\"},\"sameAs\":[\"https:\/\/www.facebook.com\/SonoraEE\"]}]}<\/script>\n ","yoast_head_json":{"title":"Sonora en Equipo. Iniciativa sobre desaparecer fideicomisos es congelada por Morena El grupo parlamentario tom\u00f3 dicha decisi\u00f3n Rep\u00fablica","description":"CIUDAD DE M\u00c9XICO. MX. \u2014 El grupo parlamentario de Morena en la C\u00e1mara de Diputados determin\u00f3 congelar la iniciativa que present\u00f3 el pasado mi\u00e9rcoles en la En Sonora en Equipo publicamos toda la informaci\u00f3n de Sonora, M\u00e9xico y el Mundo de manera oportuna y busca que la libertad de expresi\u00f3n sea real. Visita nuestro medio informativo publicado desde Hermosillo, Sonora. %","robots":{"index":"index","follow":"follow","max-snippet":"max-snippet:-1","max-image-preview":"max-image-preview:large","max-video-preview":"max-video-preview:-1"},"canonical":"https:\/\/www.sonoraenequipo.com.mx\/iniciativa-sobre-desaparecer-fideicomisos-es-congelada-por-morena-el-grupo-parlamentario-tomo-dicha-decision\/","og_locale":"es_ES","og_type":"article","og_title":"Sonora en Equipo. Iniciativa sobre desaparecer fideicomisos es congelada por Morena El grupo parlamentario tom\u00f3 dicha decisi\u00f3n Rep\u00fablica","og_description":"CIUDAD DE M\u00c9XICO. MX. \u2014 El grupo parlamentario de Morena en la C\u00e1mara de Diputados determin\u00f3 congelar la iniciativa que present\u00f3 el pasado mi\u00e9rcoles en la En Sonora en Equipo publicamos toda la informaci\u00f3n de Sonora, M\u00e9xico y el Mundo de manera oportuna y busca que la libertad de expresi\u00f3n sea real. Visita nuestro medio informativo publicado desde Hermosillo, Sonora. %","og_url":"https:\/\/www.sonoraenequipo.com.mx\/iniciativa-sobre-desaparecer-fideicomisos-es-congelada-por-morena-el-grupo-parlamentario-tomo-dicha-decision\/","og_site_name":"Sonora en Equipo.","article_publisher":"https:\/\/www.facebook.com\/SonoraEE\/","article_author":"https:\/\/www.facebook.com\/SonoraEE","article_published_time":"2020-05-22T16:15:23+00:00","article_modified_time":"2020-05-23T01:04:11+00:00","og_image":[{"width":750,"height":500,"url":"https:\/\/www.sonoraenequipo.com.mx\/storage\/2020\/05\/camara_diputados_opt.jpg","type":"image\/jpeg"}],"author":"enequipo","twitter_card":"summary_large_image","twitter_creator":"@sonoraenequipo","twitter_site":"@sonoraenequipo","twitter_misc":{"Escrito por":"enequipo","Tiempo de lectura":"1 minuto"},"schema":{"@context":"https:\/\/schema.org","@graph":[{"@type":"Article","@id":"https:\/\/www.sonoraenequipo.com.mx\/iniciativa-sobre-desaparecer-fideicomisos-es-congelada-por-morena-el-grupo-parlamentario-tomo-dicha-decision\/#article","isPartOf":{"@id":"https:\/\/www.sonoraenequipo.com.mx\/iniciativa-sobre-desaparecer-fideicomisos-es-congelada-por-morena-el-grupo-parlamentario-tomo-dicha-decision\/"},"author":{"name":"enequipo","@id":"https:\/\/www.sonoraenequipo.com.mx\/#\/schema\/person\/50102df0fb23a8fa9e8effad8fa81386"},"headline":"Iniciativa sobre desaparecer fideicomisos es congelada por Morena El grupo parlamentario tom\u00f3 dicha decisi\u00f3n","datePublished":"2020-05-22T16:15:23+00:00","dateModified":"2020-05-23T01:04:11+00:00","mainEntityOfPage":{"@id":"https:\/\/www.sonoraenequipo.com.mx\/iniciativa-sobre-desaparecer-fideicomisos-es-congelada-por-morena-el-grupo-parlamentario-tomo-dicha-decision\/"},"wordCount":185,"commentCount":0,"publisher":{"@id":"https:\/\/www.sonoraenequipo.com.mx\/#organization"},"image":{"@id":"https:\/\/www.sonoraenequipo.com.mx\/iniciativa-sobre-desaparecer-fideicomisos-es-congelada-por-morena-el-grupo-parlamentario-tomo-dicha-decision\/#primaryimage"},"thumbnailUrl":"https:\/\/www.sonoraenequipo.com.mx\/storage\/2020\/05\/camara_diputados_opt.jpg","articleSection":["Rep\u00fablica"],"inLanguage":"es","potentialAction":[{"@type":"CommentAction","name":"Comment","target":["https:\/\/www.sonoraenequipo.com.mx\/iniciativa-sobre-desaparecer-fideicomisos-es-congelada-por-morena-el-grupo-parlamentario-tomo-dicha-decision\/#respond"]}]},{"@type":"WebPage","@id":"https:\/\/www.sonoraenequipo.com.mx\/iniciativa-sobre-desaparecer-fideicomisos-es-congelada-por-morena-el-grupo-parlamentario-tomo-dicha-decision\/","url":"https:\/\/www.sonoraenequipo.com.mx\/iniciativa-sobre-desaparecer-fideicomisos-es-congelada-por-morena-el-grupo-parlamentario-tomo-dicha-decision\/","name":"Sonora en Equipo. Iniciativa sobre desaparecer fideicomisos es congelada por Morena El grupo parlamentario tom\u00f3 dicha decisi\u00f3n Rep\u00fablica","isPartOf":{"@id":"https:\/\/www.sonoraenequipo.com.mx\/#website"},"primaryImageOfPage":{"@id":"https:\/\/www.sonoraenequipo.com.mx\/iniciativa-sobre-desaparecer-fideicomisos-es-congelada-por-morena-el-grupo-parlamentario-tomo-dicha-decision\/#primaryimage"},"image":{"@id":"https:\/\/www.sonoraenequipo.com.mx\/iniciativa-sobre-desaparecer-fideicomisos-es-congelada-por-morena-el-grupo-parlamentario-tomo-dicha-decision\/#primaryimage"},"thumbnailUrl":"https:\/\/www.sonoraenequipo.com.mx\/storage\/2020\/05\/camara_diputados_opt.jpg","datePublished":"2020-05-22T16:15:23+00:00","dateModified":"2020-05-23T01:04:11+00:00","description":"CIUDAD DE M\u00c9XICO. MX. \u2014 El grupo parlamentario de Morena en la C\u00e1mara de Diputados determin\u00f3 congelar la iniciativa que present\u00f3 el pasado mi\u00e9rcoles en la En Sonora en Equipo publicamos toda la informaci\u00f3n de Sonora, M\u00e9xico y el Mundo de manera oportuna y busca que la libertad de expresi\u00f3n sea real. Visita nuestro medio informativo publicado desde Hermosillo, Sonora. %","breadcrumb":{"@id":"https:\/\/www.sonoraenequipo.com.mx\/iniciativa-sobre-desaparecer-fideicomisos-es-congelada-por-morena-el-grupo-parlamentario-tomo-dicha-decision\/#breadcrumb"},"inLanguage":"es","potentialAction":[{"@type":"ReadAction","target":["https:\/\/www.sonoraenequipo.com.mx\/iniciativa-sobre-desaparecer-fideicomisos-es-congelada-por-morena-el-grupo-parlamentario-tomo-dicha-decision\/"]}]},{"@type":"ImageObject","inLanguage":"es","@id":"https:\/\/www.sonoraenequipo.com.mx\/iniciativa-sobre-desaparecer-fideicomisos-es-congelada-por-morena-el-grupo-parlamentario-tomo-dicha-decision\/#primaryimage","url":"https:\/\/www.sonoraenequipo.com.mx\/storage\/2020\/05\/camara_diputados_opt.jpg","contentUrl":"https:\/\/www.sonoraenequipo.com.mx\/storage\/2020\/05\/camara_diputados_opt.jpg","width":750,"height":500},{"@type":"BreadcrumbList","@id":"https:\/\/www.sonoraenequipo.com.mx\/iniciativa-sobre-desaparecer-fideicomisos-es-congelada-por-morena-el-grupo-parlamentario-tomo-dicha-decision\/#breadcrumb","itemListElement":[{"@type":"ListItem","position":1,"name":"Portada","item":"https:\/\/www.sonoraenequipo.com.mx\/"},{"@type":"ListItem","position":2,"name":"Iniciativa sobre desaparecer fideicomisos es congelada por Morena El grupo parlamentario tom\u00f3 dicha decisi\u00f3n"}]},{"@type":"WebSite","@id":"https:\/\/www.sonoraenequipo.com.mx\/#website","url":"https:\/\/www.sonoraenequipo.com.mx\/","name":"Sonora en Equipo.","description":"Diario en l\u00ednea con Noticias desde Hermosillo, Sonora","publisher":{"@id":"https:\/\/www.sonoraenequipo.com.mx\/#organization"},"potentialAction":[{"@type":"SearchAction","target":{"@type":"EntryPoint","urlTemplate":"https:\/\/www.sonoraenequipo.com.mx\/?s={search_term_string}"},"query-input":{"@type":"PropertyValueSpecification","valueRequired":true,"valueName":"search_term_string"}}],"inLanguage":"es"},{"@type":"Organization","@id":"https:\/\/www.sonoraenequipo.com.mx\/#organization","name":"Sonoraenequipo.com.mx","url":"https:\/\/www.sonoraenequipo.com.mx\/","logo":{"@type":"ImageObject","inLanguage":"es","@id":"https:\/\/www.sonoraenequipo.com.mx\/#\/schema\/logo\/image\/","url":"https:\/\/www.sonoraenequipo.com.mx\/storage\/2019\/01\/sonoraenequipo_opt.png","contentUrl":"https:\/\/www.sonoraenequipo.com.mx\/storage\/2019\/01\/sonoraenequipo_opt.png","width":375,"height":125,"caption":"Sonoraenequipo.com.mx"},"image":{"@id":"https:\/\/www.sonoraenequipo.com.mx\/#\/schema\/logo\/image\/"},"sameAs":["https:\/\/www.facebook.com\/SonoraEE\/","https:\/\/x.com\/sonoraenequipo","https:\/\/www.youtube.com\/channel\/UC338nW-lPEYmJQs4ZABQ1SQ"]},{"@type":"Person","@id":"https:\/\/www.sonoraenequipo.com.mx\/#\/schema\/person\/50102df0fb23a8fa9e8effad8fa81386","name":"enequipo","image":{"@type":"ImageObject","inLanguage":"es","@id":"https:\/\/www.sonoraenequipo.com.mx\/#\/schema\/person\/image\/","url":"https:\/\/secure.gravatar.com\/avatar\/049821681b589dabc0bc20695993ccebb09f5b5d4d790cd9251b97faac7c652b?s=96&d=blank&r=g","contentUrl":"https:\/\/secure.gravatar.com\/avatar\/049821681b589dabc0bc20695993ccebb09f5b5d4d790cd9251b97faac7c652b?s=96&d=blank&r=g","caption":"enequipo"},"sameAs":["https:\/\/www.facebook.com\/SonoraEE"]}]}},"jetpack_featured_media_url":"https:\/\/www.sonoraenequipo.com.mx\/storage\/2020\/05\/camara_diputados_opt.jpg","_links":{"self":[{"href":"https:\/\/www.sonoraenequipo.com.mx\/api\/wp\/v2\/posts\/85800","targetHints":{"allow":["GET"]}}],"collection":[{"href":"https:\/\/www.sonoraenequipo.com.mx\/api\/wp\/v2\/posts"}],"about":[{"href":"https:\/\/www.sonoraenequipo.com.mx\/api\/wp\/v2\/types\/post"}],"author":[{"embeddable":true,"href":"https:\/\/www.sonoraenequipo.com.mx\/api\/wp\/v2\/users\/1"}],"replies":[{"embeddable":true,"href":"https:\/\/www.sonoraenequipo.com.mx\/api\/wp\/v2\/comments?post=85800"}],"version-history":[{"count":0,"href":"https:\/\/www.sonoraenequipo.com.mx\/api\/wp\/v2\/posts\/85800\/revisions"}],"wp:featuredmedia":[{"embeddable":true,"href":"https:\/\/www.sonoraenequipo.com.mx\/api\/wp\/v2\/media\/85787"}],"wp:attachment":[{"href":"https:\/\/www.sonoraenequipo.com.mx\/api\/wp\/v2\/media?parent=85800"}],"wp:term":[{"taxonomy":"category","embeddable":true,"href":"https:\/\/www.sonoraenequipo.com.mx\/api\/wp\/v2\/categories?post=85800"},{"taxonomy":"post_tag","embeddable":true,"href":"https:\/\/www.sonoraenequipo.com.mx\/api\/wp\/v2\/tags?post=85800"}],"curies":[{"name":"wp","href":"https:\/\/api.w.org\/{rel}","templated":true}]}}