{"id":85804,"date":"2020-05-22T18:30:09","date_gmt":"2020-05-23T01:30:09","guid":{"rendered":"https:\/\/www.sonoraenequipo.com.mx\/?p=85804"},"modified":"2020-05-22T18:30:09","modified_gmt":"2020-05-23T01:30:09","slug":"celida-lopez-cumple-compromiso-con-inicio-de-pavimentacion-de-calle-en-la-col-progresista","status":"publish","type":"post","link":"https:\/\/www.sonoraenequipo.com.mx\/celida-lopez-cumple-compromiso-con-inicio-de-pavimentacion-de-calle-en-la-col-progresista\/","title":{"rendered":"C\u00e9lida L\u00f3pez \u00a0cumple compromiso con inicio de pavimentaci\u00f3n de calle en la col. Progresista"},"content":{"rendered":"<p>&nbsp;<\/p>\n<p>&gt;&gt;Vecinos ten\u00edan 38 a\u00f1os con esa demanda<\/p>\n<p>&nbsp;<\/p>\n<p>HERMOSILLO, SONORA,MX.\u2500 La alcaldesa C\u00e9lida L\u00f3pez C\u00e1rdenas supervis\u00f3 el inicio de la obra de pavimentaci\u00f3n de la calle Juan de Grijalva en la colonia Progresista, la cual era esperada por los vecinos desde hace m\u00e1s de 38 a\u00f1os. <\/p>\n<p>Esto es parte de un compromiso que la presidenta municipal hizo con los vecinos en una vista a la colonia, pues hace mucho tiempo esperaban la urbanizaci\u00f3n de dicha calle, desde la calle Crist\u00f3bal Col\u00f3n al bulevar Solidaridad, en donde se invertir\u00e1n m\u00e1s de 938 mil pesos.<\/p>\n<p>Jos\u00e9 Carrillo Atondo, coordinador de Infraestructura, Desarrollo Urbano y Ecolog\u00eda (CIDUE), explic\u00f3 que se realizan trabajos completos de urbanizaci\u00f3n, como la introducci\u00f3n de tomas domiciliarias de agua potable, descargas de drenaje, y se construir\u00e1n guarniciones, banquetas y el pavimento.<\/p>\n<p>\u201cEn el \u00e1rea viven alrededor de 40 familias, pero como es una calle de paso ser\u00e1 un sector mucho m\u00e1s amplio el que se beneficie con esta obra completa\u201d, mencion\u00f3 Carrillo Atondo.<\/p>\n<p>&nbsp;<\/p>\n<p>Por su parte, el ciudadano Sebasti\u00e1n Jos\u00e9 Ortega F\u00e9lix manifest\u00f3 que fue en enero cuando tuvieron una reuni\u00f3n con la mun\u00edcipe, que fue cuando se comprometi\u00f3 a realizar la pavimentaci\u00f3n de la calle, porque era el \u00fanico tramo en el que no se contaba con ello.<\/p>\n<p>Fecha de Publicaci\u00f3n 22\/may\/2020<\/p>\n","protected":false},"excerpt":{"rendered":"<p>&nbsp; &gt;&gt;Vecinos ten\u00edan 38 a\u00f1os con esa demanda &nbsp; HERMOSILLO, SONORA,MX.\u2500 La alcaldesa C\u00e9lida L\u00f3pez&#8230;<\/p>\n","protected":false},"author":1,"featured_media":85807,"comment_status":"open","ping_status":"open","sticky":false,"template":"","format":"standard","meta":{"_monsterinsights_skip_tracking":false,"_monsterinsights_sitenote_active":false,"_monsterinsights_sitenote_note":"","_monsterinsights_sitenote_category":0,"footnotes":""},"categories":[4],"tags":[2842],"class_list":["post"],"yoast_head":" \n<title>Sonora en Equipo. C\u00e9lida L\u00f3pez \u00a0cumple compromiso con inicio de pavimentaci\u00f3n de calle en la col. Progresista Municipios<\/title>\n<meta name=\"description\" content=\"&nbsp; &gt;&gt;Vecinos ten\u00edan 38 a\u00f1os con esa demanda &nbsp; HERMOSILLO, SONORA,MX.\u2500 La alcaldesa C\u00e9lida L\u00f3pez C\u00e1rdenas supervis\u00f3 el inicio de la obra de En Sonora en Equipo publicamos toda la informaci\u00f3n de Sonora, M\u00e9xico y el Mundo de manera oportuna y busca que la libertad de expresi\u00f3n sea real. Visita nuestro medio informativo publicado desde Hermosillo, Sonora. %\" \/>\n<meta name=\"robots\" content=\"index, follow, max-snippet:-1, max-image-preview:large, max-video-preview:-1\" \/>\n<link rel=\"canonical\" href=\"https:\/\/www.sonoraenequipo.com.mx\/celida-lopez-cumple-compromiso-con-inicio-de-pavimentacion-de-calle-en-la-col-progresista\/\" \/>\n<meta property=\"og:locale\" content=\"es_ES\" \/>\n<meta property=\"og:type\" content=\"article\" \/>\n<meta property=\"og:title\" content=\"Sonora en Equipo. C\u00e9lida L\u00f3pez \u00a0cumple compromiso con inicio de pavimentaci\u00f3n de calle en la col. Progresista Municipios\" \/>\n<meta property=\"og:description\" content=\"&nbsp; &gt;&gt;Vecinos ten\u00edan 38 a\u00f1os con esa demanda &nbsp; HERMOSILLO, SONORA,MX.\u2500 La alcaldesa C\u00e9lida L\u00f3pez C\u00e1rdenas supervis\u00f3 el inicio de la obra de En Sonora en Equipo publicamos toda la informaci\u00f3n de Sonora, M\u00e9xico y el Mundo de manera oportuna y busca que la libertad de expresi\u00f3n sea real. Visita nuestro medio informativo publicado desde Hermosillo, Sonora. %\" \/>\n<meta property=\"og:url\" content=\"https:\/\/www.sonoraenequipo.com.mx\/celida-lopez-cumple-compromiso-con-inicio-de-pavimentacion-de-calle-en-la-col-progresista\/\" \/>\n<meta property=\"og:site_name\" content=\"Sonora en Equipo.\" \/>\n<meta property=\"article:publisher\" content=\"https:\/\/www.facebook.com\/SonoraEE\/\" \/>\n<meta property=\"article:author\" content=\"https:\/\/www.facebook.com\/SonoraEE\" \/>\n<meta property=\"article:published_time\" content=\"2020-05-23T01:30:09+00:00\" \/>\n<meta property=\"og:image\" content=\"https:\/\/www.sonoraenequipo.com.mx\/storage\/2020\/05\/pav-progresista.jpg\" \/>\n\t<meta property=\"og:image:width\" content=\"600\" \/>\n\t<meta property=\"og:image:height\" content=\"400\" \/>\n\t<meta property=\"og:image:type\" content=\"image\/jpeg\" \/>\n<meta name=\"author\" content=\"enequipo\" \/>\n<meta name=\"twitter:card\" content=\"summary_large_image\" \/>\n<meta name=\"twitter:creator\" content=\"@sonoraenequipo\" \/>\n<meta name=\"twitter:site\" content=\"@sonoraenequipo\" \/>\n<meta name=\"twitter:label1\" content=\"Escrito por\" \/>\n\t<meta name=\"twitter:data1\" content=\"enequipo\" \/>\n\t<meta name=\"twitter:label2\" content=\"Tiempo de lectura\" \/>\n\t<meta name=\"twitter:data2\" content=\"1 minuto\" \/>\n<script type=\"application\/ld+json\" class=\"yoast-schema-graph\">{\"@context\":\"https:\/\/schema.org\",\"@graph\":[{\"@type\":\"Article\",\"@id\":\"https:\/\/www.sonoraenequipo.com.mx\/celida-lopez-cumple-compromiso-con-inicio-de-pavimentacion-de-calle-en-la-col-progresista\/#article\",\"isPartOf\":{\"@id\":\"https:\/\/www.sonoraenequipo.com.mx\/celida-lopez-cumple-compromiso-con-inicio-de-pavimentacion-de-calle-en-la-col-progresista\/\"},\"author\":{\"name\":\"enequipo\",\"@id\":\"https:\/\/www.sonoraenequipo.com.mx\/#\/schema\/person\/50102df0fb23a8fa9e8effad8fa81386\"},\"headline\":\"C\u00e9lida L\u00f3pez \u00a0cumple compromiso con inicio de pavimentaci\u00f3n de calle en la col. Progresista\",\"datePublished\":\"2020-05-23T01:30:09+00:00\",\"mainEntityOfPage\":{\"@id\":\"https:\/\/www.sonoraenequipo.com.mx\/celida-lopez-cumple-compromiso-con-inicio-de-pavimentacion-de-calle-en-la-col-progresista\/\"},\"wordCount\":256,\"commentCount\":0,\"publisher\":{\"@id\":\"https:\/\/www.sonoraenequipo.com.mx\/#organization\"},\"image\":{\"@id\":\"https:\/\/www.sonoraenequipo.com.mx\/celida-lopez-cumple-compromiso-con-inicio-de-pavimentacion-de-calle-en-la-col-progresista\/#primaryimage\"},\"thumbnailUrl\":\"https:\/\/www.sonoraenequipo.com.mx\/storage\/2020\/05\/pav-progresista.jpg\",\"keywords\":[\"CELIDA LOPEZ\"],\"articleSection\":[\"Municipios\"],\"inLanguage\":\"es\",\"potentialAction\":[{\"@type\":\"CommentAction\",\"name\":\"Comment\",\"target\":[\"https:\/\/www.sonoraenequipo.com.mx\/celida-lopez-cumple-compromiso-con-inicio-de-pavimentacion-de-calle-en-la-col-progresista\/#respond\"]}]},{\"@type\":\"WebPage\",\"@id\":\"https:\/\/www.sonoraenequipo.com.mx\/celida-lopez-cumple-compromiso-con-inicio-de-pavimentacion-de-calle-en-la-col-progresista\/\",\"url\":\"https:\/\/www.sonoraenequipo.com.mx\/celida-lopez-cumple-compromiso-con-inicio-de-pavimentacion-de-calle-en-la-col-progresista\/\",\"name\":\"Sonora en Equipo. C\u00e9lida L\u00f3pez \u00a0cumple compromiso con inicio de pavimentaci\u00f3n de calle en la col. Progresista Municipios\",\"isPartOf\":{\"@id\":\"https:\/\/www.sonoraenequipo.com.mx\/#website\"},\"primaryImageOfPage\":{\"@id\":\"https:\/\/www.sonoraenequipo.com.mx\/celida-lopez-cumple-compromiso-con-inicio-de-pavimentacion-de-calle-en-la-col-progresista\/#primaryimage\"},\"image\":{\"@id\":\"https:\/\/www.sonoraenequipo.com.mx\/celida-lopez-cumple-compromiso-con-inicio-de-pavimentacion-de-calle-en-la-col-progresista\/#primaryimage\"},\"thumbnailUrl\":\"https:\/\/www.sonoraenequipo.com.mx\/storage\/2020\/05\/pav-progresista.jpg\",\"datePublished\":\"2020-05-23T01:30:09+00:00\",\"description\":\"&nbsp; &gt;&gt;Vecinos ten\u00edan 38 a\u00f1os con esa demanda &nbsp; HERMOSILLO, SONORA,MX.\u2500 La alcaldesa C\u00e9lida L\u00f3pez C\u00e1rdenas supervis\u00f3 el inicio de la obra de En Sonora en Equipo publicamos toda la informaci\u00f3n de Sonora, M\u00e9xico y el Mundo de manera oportuna y busca que la libertad de expresi\u00f3n sea real. Visita nuestro medio informativo publicado desde Hermosillo, Sonora. %\",\"breadcrumb\":{\"@id\":\"https:\/\/www.sonoraenequipo.com.mx\/celida-lopez-cumple-compromiso-con-inicio-de-pavimentacion-de-calle-en-la-col-progresista\/#breadcrumb\"},\"inLanguage\":\"es\",\"potentialAction\":[{\"@type\":\"ReadAction\",\"target\":[\"https:\/\/www.sonoraenequipo.com.mx\/celida-lopez-cumple-compromiso-con-inicio-de-pavimentacion-de-calle-en-la-col-progresista\/\"]}]},{\"@type\":\"ImageObject\",\"inLanguage\":\"es\",\"@id\":\"https:\/\/www.sonoraenequipo.com.mx\/celida-lopez-cumple-compromiso-con-inicio-de-pavimentacion-de-calle-en-la-col-progresista\/#primaryimage\",\"url\":\"https:\/\/www.sonoraenequipo.com.mx\/storage\/2020\/05\/pav-progresista.jpg\",\"contentUrl\":\"https:\/\/www.sonoraenequipo.com.mx\/storage\/2020\/05\/pav-progresista.jpg\",\"width\":600,\"height\":400},{\"@type\":\"BreadcrumbList\",\"@id\":\"https:\/\/www.sonoraenequipo.com.mx\/celida-lopez-cumple-compromiso-con-inicio-de-pavimentacion-de-calle-en-la-col-progresista\/#breadcrumb\",\"itemListElement\":[{\"@type\":\"ListItem\",\"position\":1,\"name\":\"Portada\",\"item\":\"https:\/\/www.sonoraenequipo.com.mx\/\"},{\"@type\":\"ListItem\",\"position\":2,\"name\":\"C\u00e9lida L\u00f3pez \u00a0cumple compromiso con inicio de pavimentaci\u00f3n de calle en la col. Progresista\"}]},{\"@type\":\"WebSite\",\"@id\":\"https:\/\/www.sonoraenequipo.com.mx\/#website\",\"url\":\"https:\/\/www.sonoraenequipo.com.mx\/\",\"name\":\"Sonora en Equipo.\",\"description\":\"Diario en l\u00ednea con Noticias desde Hermosillo, Sonora\",\"publisher\":{\"@id\":\"https:\/\/www.sonoraenequipo.com.mx\/#organization\"},\"potentialAction\":[{\"@type\":\"SearchAction\",\"target\":{\"@type\":\"EntryPoint\",\"urlTemplate\":\"https:\/\/www.sonoraenequipo.com.mx\/?s={search_term_string}\"},\"query-input\":{\"@type\":\"PropertyValueSpecification\",\"valueRequired\":true,\"valueName\":\"search_term_string\"}}],\"inLanguage\":\"es\"},{\"@type\":\"Organization\",\"@id\":\"https:\/\/www.sonoraenequipo.com.mx\/#organization\",\"name\":\"Sonoraenequipo.com.mx\",\"url\":\"https:\/\/www.sonoraenequipo.com.mx\/\",\"logo\":{\"@type\":\"ImageObject\",\"inLanguage\":\"es\",\"@id\":\"https:\/\/www.sonoraenequipo.com.mx\/#\/schema\/logo\/image\/\",\"url\":\"https:\/\/www.sonoraenequipo.com.mx\/storage\/2019\/01\/sonoraenequipo_opt.png\",\"contentUrl\":\"https:\/\/www.sonoraenequipo.com.mx\/storage\/2019\/01\/sonoraenequipo_opt.png\",\"width\":375,\"height\":125,\"caption\":\"Sonoraenequipo.com.mx\"},\"image\":{\"@id\":\"https:\/\/www.sonoraenequipo.com.mx\/#\/schema\/logo\/image\/\"},\"sameAs\":[\"https:\/\/www.facebook.com\/SonoraEE\/\",\"https:\/\/x.com\/sonoraenequipo\",\"https:\/\/www.youtube.com\/channel\/UC338nW-lPEYmJQs4ZABQ1SQ\"]},{\"@type\":\"Person\",\"@id\":\"https:\/\/www.sonoraenequipo.com.mx\/#\/schema\/person\/50102df0fb23a8fa9e8effad8fa81386\",\"name\":\"enequipo\",\"image\":{\"@type\":\"ImageObject\",\"inLanguage\":\"es\",\"@id\":\"https:\/\/www.sonoraenequipo.com.mx\/#\/schema\/person\/image\/\",\"url\":\"https:\/\/secure.gravatar.com\/avatar\/049821681b589dabc0bc20695993ccebb09f5b5d4d790cd9251b97faac7c652b?s=96&d=blank&r=g\",\"contentUrl\":\"https:\/\/secure.gravatar.com\/avatar\/049821681b589dabc0bc20695993ccebb09f5b5d4d790cd9251b97faac7c652b?s=96&d=blank&r=g\",\"caption\":\"enequipo\"},\"sameAs\":[\"https:\/\/www.facebook.com\/SonoraEE\"]}]}<\/script>\n ","yoast_head_json":{"title":"Sonora en Equipo. C\u00e9lida L\u00f3pez \u00a0cumple compromiso con inicio de pavimentaci\u00f3n de calle en la col. Progresista Municipios","description":"&nbsp; &gt;&gt;Vecinos ten\u00edan 38 a\u00f1os con esa demanda &nbsp; HERMOSILLO, SONORA,MX.\u2500 La alcaldesa C\u00e9lida L\u00f3pez C\u00e1rdenas supervis\u00f3 el inicio de la obra de En Sonora en Equipo publicamos toda la informaci\u00f3n de Sonora, M\u00e9xico y el Mundo de manera oportuna y busca que la libertad de expresi\u00f3n sea real. Visita nuestro medio informativo publicado desde Hermosillo, Sonora. %","robots":{"index":"index","follow":"follow","max-snippet":"max-snippet:-1","max-image-preview":"max-image-preview:large","max-video-preview":"max-video-preview:-1"},"canonical":"https:\/\/www.sonoraenequipo.com.mx\/celida-lopez-cumple-compromiso-con-inicio-de-pavimentacion-de-calle-en-la-col-progresista\/","og_locale":"es_ES","og_type":"article","og_title":"Sonora en Equipo. C\u00e9lida L\u00f3pez \u00a0cumple compromiso con inicio de pavimentaci\u00f3n de calle en la col. Progresista Municipios","og_description":"&nbsp; &gt;&gt;Vecinos ten\u00edan 38 a\u00f1os con esa demanda &nbsp; HERMOSILLO, SONORA,MX.\u2500 La alcaldesa C\u00e9lida L\u00f3pez C\u00e1rdenas supervis\u00f3 el inicio de la obra de En Sonora en Equipo publicamos toda la informaci\u00f3n de Sonora, M\u00e9xico y el Mundo de manera oportuna y busca que la libertad de expresi\u00f3n sea real. Visita nuestro medio informativo publicado desde Hermosillo, Sonora. %","og_url":"https:\/\/www.sonoraenequipo.com.mx\/celida-lopez-cumple-compromiso-con-inicio-de-pavimentacion-de-calle-en-la-col-progresista\/","og_site_name":"Sonora en Equipo.","article_publisher":"https:\/\/www.facebook.com\/SonoraEE\/","article_author":"https:\/\/www.facebook.com\/SonoraEE","article_published_time":"2020-05-23T01:30:09+00:00","og_image":[{"width":600,"height":400,"url":"https:\/\/www.sonoraenequipo.com.mx\/storage\/2020\/05\/pav-progresista.jpg","type":"image\/jpeg"}],"author":"enequipo","twitter_card":"summary_large_image","twitter_creator":"@sonoraenequipo","twitter_site":"@sonoraenequipo","twitter_misc":{"Escrito por":"enequipo","Tiempo de lectura":"1 minuto"},"schema":{"@context":"https:\/\/schema.org","@graph":[{"@type":"Article","@id":"https:\/\/www.sonoraenequipo.com.mx\/celida-lopez-cumple-compromiso-con-inicio-de-pavimentacion-de-calle-en-la-col-progresista\/#article","isPartOf":{"@id":"https:\/\/www.sonoraenequipo.com.mx\/celida-lopez-cumple-compromiso-con-inicio-de-pavimentacion-de-calle-en-la-col-progresista\/"},"author":{"name":"enequipo","@id":"https:\/\/www.sonoraenequipo.com.mx\/#\/schema\/person\/50102df0fb23a8fa9e8effad8fa81386"},"headline":"C\u00e9lida L\u00f3pez \u00a0cumple compromiso con inicio de pavimentaci\u00f3n de calle en la col. Progresista","datePublished":"2020-05-23T01:30:09+00:00","mainEntityOfPage":{"@id":"https:\/\/www.sonoraenequipo.com.mx\/celida-lopez-cumple-compromiso-con-inicio-de-pavimentacion-de-calle-en-la-col-progresista\/"},"wordCount":256,"commentCount":0,"publisher":{"@id":"https:\/\/www.sonoraenequipo.com.mx\/#organization"},"image":{"@id":"https:\/\/www.sonoraenequipo.com.mx\/celida-lopez-cumple-compromiso-con-inicio-de-pavimentacion-de-calle-en-la-col-progresista\/#primaryimage"},"thumbnailUrl":"https:\/\/www.sonoraenequipo.com.mx\/storage\/2020\/05\/pav-progresista.jpg","keywords":["CELIDA LOPEZ"],"articleSection":["Municipios"],"inLanguage":"es","potentialAction":[{"@type":"CommentAction","name":"Comment","target":["https:\/\/www.sonoraenequipo.com.mx\/celida-lopez-cumple-compromiso-con-inicio-de-pavimentacion-de-calle-en-la-col-progresista\/#respond"]}]},{"@type":"WebPage","@id":"https:\/\/www.sonoraenequipo.com.mx\/celida-lopez-cumple-compromiso-con-inicio-de-pavimentacion-de-calle-en-la-col-progresista\/","url":"https:\/\/www.sonoraenequipo.com.mx\/celida-lopez-cumple-compromiso-con-inicio-de-pavimentacion-de-calle-en-la-col-progresista\/","name":"Sonora en Equipo. C\u00e9lida L\u00f3pez \u00a0cumple compromiso con inicio de pavimentaci\u00f3n de calle en la col. Progresista Municipios","isPartOf":{"@id":"https:\/\/www.sonoraenequipo.com.mx\/#website"},"primaryImageOfPage":{"@id":"https:\/\/www.sonoraenequipo.com.mx\/celida-lopez-cumple-compromiso-con-inicio-de-pavimentacion-de-calle-en-la-col-progresista\/#primaryimage"},"image":{"@id":"https:\/\/www.sonoraenequipo.com.mx\/celida-lopez-cumple-compromiso-con-inicio-de-pavimentacion-de-calle-en-la-col-progresista\/#primaryimage"},"thumbnailUrl":"https:\/\/www.sonoraenequipo.com.mx\/storage\/2020\/05\/pav-progresista.jpg","datePublished":"2020-05-23T01:30:09+00:00","description":"&nbsp; &gt;&gt;Vecinos ten\u00edan 38 a\u00f1os con esa demanda &nbsp; HERMOSILLO, SONORA,MX.\u2500 La alcaldesa C\u00e9lida L\u00f3pez C\u00e1rdenas supervis\u00f3 el inicio de la obra de En Sonora en Equipo publicamos toda la informaci\u00f3n de Sonora, M\u00e9xico y el Mundo de manera oportuna y busca que la libertad de expresi\u00f3n sea real. Visita nuestro medio informativo publicado desde Hermosillo, Sonora. %","breadcrumb":{"@id":"https:\/\/www.sonoraenequipo.com.mx\/celida-lopez-cumple-compromiso-con-inicio-de-pavimentacion-de-calle-en-la-col-progresista\/#breadcrumb"},"inLanguage":"es","potentialAction":[{"@type":"ReadAction","target":["https:\/\/www.sonoraenequipo.com.mx\/celida-lopez-cumple-compromiso-con-inicio-de-pavimentacion-de-calle-en-la-col-progresista\/"]}]},{"@type":"ImageObject","inLanguage":"es","@id":"https:\/\/www.sonoraenequipo.com.mx\/celida-lopez-cumple-compromiso-con-inicio-de-pavimentacion-de-calle-en-la-col-progresista\/#primaryimage","url":"https:\/\/www.sonoraenequipo.com.mx\/storage\/2020\/05\/pav-progresista.jpg","contentUrl":"https:\/\/www.sonoraenequipo.com.mx\/storage\/2020\/05\/pav-progresista.jpg","width":600,"height":400},{"@type":"BreadcrumbList","@id":"https:\/\/www.sonoraenequipo.com.mx\/celida-lopez-cumple-compromiso-con-inicio-de-pavimentacion-de-calle-en-la-col-progresista\/#breadcrumb","itemListElement":[{"@type":"ListItem","position":1,"name":"Portada","item":"https:\/\/www.sonoraenequipo.com.mx\/"},{"@type":"ListItem","position":2,"name":"C\u00e9lida L\u00f3pez \u00a0cumple compromiso con inicio de pavimentaci\u00f3n de calle en la col. Progresista"}]},{"@type":"WebSite","@id":"https:\/\/www.sonoraenequipo.com.mx\/#website","url":"https:\/\/www.sonoraenequipo.com.mx\/","name":"Sonora en Equipo.","description":"Diario en l\u00ednea con Noticias desde Hermosillo, Sonora","publisher":{"@id":"https:\/\/www.sonoraenequipo.com.mx\/#organization"},"potentialAction":[{"@type":"SearchAction","target":{"@type":"EntryPoint","urlTemplate":"https:\/\/www.sonoraenequipo.com.mx\/?s={search_term_string}"},"query-input":{"@type":"PropertyValueSpecification","valueRequired":true,"valueName":"search_term_string"}}],"inLanguage":"es"},{"@type":"Organization","@id":"https:\/\/www.sonoraenequipo.com.mx\/#organization","name":"Sonoraenequipo.com.mx","url":"https:\/\/www.sonoraenequipo.com.mx\/","logo":{"@type":"ImageObject","inLanguage":"es","@id":"https:\/\/www.sonoraenequipo.com.mx\/#\/schema\/logo\/image\/","url":"https:\/\/www.sonoraenequipo.com.mx\/storage\/2019\/01\/sonoraenequipo_opt.png","contentUrl":"https:\/\/www.sonoraenequipo.com.mx\/storage\/2019\/01\/sonoraenequipo_opt.png","width":375,"height":125,"caption":"Sonoraenequipo.com.mx"},"image":{"@id":"https:\/\/www.sonoraenequipo.com.mx\/#\/schema\/logo\/image\/"},"sameAs":["https:\/\/www.facebook.com\/SonoraEE\/","https:\/\/x.com\/sonoraenequipo","https:\/\/www.youtube.com\/channel\/UC338nW-lPEYmJQs4ZABQ1SQ"]},{"@type":"Person","@id":"https:\/\/www.sonoraenequipo.com.mx\/#\/schema\/person\/50102df0fb23a8fa9e8effad8fa81386","name":"enequipo","image":{"@type":"ImageObject","inLanguage":"es","@id":"https:\/\/www.sonoraenequipo.com.mx\/#\/schema\/person\/image\/","url":"https:\/\/secure.gravatar.com\/avatar\/049821681b589dabc0bc20695993ccebb09f5b5d4d790cd9251b97faac7c652b?s=96&d=blank&r=g","contentUrl":"https:\/\/secure.gravatar.com\/avatar\/049821681b589dabc0bc20695993ccebb09f5b5d4d790cd9251b97faac7c652b?s=96&d=blank&r=g","caption":"enequipo"},"sameAs":["https:\/\/www.facebook.com\/SonoraEE"]}]}},"jetpack_featured_media_url":"https:\/\/www.sonoraenequipo.com.mx\/storage\/2020\/05\/pav-progresista.jpg","_links":{"self":[{"href":"https:\/\/www.sonoraenequipo.com.mx\/api\/wp\/v2\/posts\/85804","targetHints":{"allow":["GET"]}}],"collection":[{"href":"https:\/\/www.sonoraenequipo.com.mx\/api\/wp\/v2\/posts"}],"about":[{"href":"https:\/\/www.sonoraenequipo.com.mx\/api\/wp\/v2\/types\/post"}],"author":[{"embeddable":true,"href":"https:\/\/www.sonoraenequipo.com.mx\/api\/wp\/v2\/users\/1"}],"replies":[{"embeddable":true,"href":"https:\/\/www.sonoraenequipo.com.mx\/api\/wp\/v2\/comments?post=85804"}],"version-history":[{"count":0,"href":"https:\/\/www.sonoraenequipo.com.mx\/api\/wp\/v2\/posts\/85804\/revisions"}],"wp:featuredmedia":[{"embeddable":true,"href":"https:\/\/www.sonoraenequipo.com.mx\/api\/wp\/v2\/media\/85807"}],"wp:attachment":[{"href":"https:\/\/www.sonoraenequipo.com.mx\/api\/wp\/v2\/media?parent=85804"}],"wp:term":[{"taxonomy":"category","embeddable":true,"href":"https:\/\/www.sonoraenequipo.com.mx\/api\/wp\/v2\/categories?post=85804"},{"taxonomy":"post_tag","embeddable":true,"href":"https:\/\/www.sonoraenequipo.com.mx\/api\/wp\/v2\/tags?post=85804"}],"curies":[{"name":"wp","href":"https:\/\/api.w.org\/{rel}","templated":true}]}}