{"id":85810,"date":"2020-05-22T19:28:35","date_gmt":"2020-05-23T02:28:35","guid":{"rendered":"https:\/\/www.sonoraenequipo.com.mx\/?p=85810"},"modified":"2020-05-22T19:28:35","modified_gmt":"2020-05-23T02:28:35","slug":"en-mexico-mas-de-6-mil-muertes-por-covid-19-estamos-ya-a-15-escalones-para-ser-el-numero-1","status":"publish","type":"post","link":"https:\/\/www.sonoraenequipo.com.mx\/en-mexico-mas-de-6-mil-muertes-por-covid-19-estamos-ya-a-15-escalones-para-ser-el-numero-1\/","title":{"rendered":"En M\u00e9xico m\u00e1s de 6 mil muertes por Covid-19. Estamos ya a 15 escalones para ser el n\u00famero 1"},"content":{"rendered":"<p>CIUDAD DE M\u00c9XICO. MX. \u2014 M\u00e9xico suma en el corte de este viernes 22 de mayo un total de 6 mil 989 muertes registradas por Covid-19, con 62 mil 527 casos de contagios confirmados de coronavirus, seg\u00fan informan autoridades de la Secretar\u00eda de Salud.<\/p>\n<p>&nbsp;<\/p>\n<p>&nbsp;<\/p>\n<p> <\/p>\n<p>&nbsp;<\/p>\n<p>Jos\u00e9 Luis Alom\u00eda, director general de Epidemiolog\u00eda detall\u00f3 que hay un total de 13, 347 confirmados activos al momento. Adem\u00e1s, hay 33 mil 801 casos sospechosos, aunque con 113 mil 742 casos negativos acumulados en el pa\u00eds.<\/p>\n<p>&nbsp;<\/p>\n<blockquote class=\"twitter-tweet\" data-width=\"550\" data-dnt=\"true\">\n<p lang=\"es\" dir=\"ltr\">Comunicado T\u00e9cnico Diario: Nuevo Coronavirus en el Mundo <a href=\"https:\/\/twitter.com\/hashtag\/COVID19?src=hash&amp;ref_src=twsrc%5Etfw\">#COVID19<\/a> | 22 de mayo de 2020<\/p>\n<p>\u27a1\ufe0f <a href=\"https:\/\/t.co\/W85WsQoePX\">https:\/\/t.co\/W85WsQoePX<\/a> <a href=\"https:\/\/t.co\/r44npYpvKj\">pic.twitter.com\/r44npYpvKj<\/a><\/p>\n<p>&mdash; SALUD M\u00e9xico (@SSalud_mx) <a href=\"https:\/\/twitter.com\/SSalud_mx\/status\/1264006297231523840?ref_src=twsrc%5Etfw\">May 23, 2020<\/a><\/p><\/blockquote>\n<p><script async src=\"https:\/\/platform.twitter.com\/widgets.js\" charset=\"utf-8\"><\/script><\/p>\n<p>&nbsp;<\/p>\n<p>&nbsp;<\/p>\n<p>(PUBLICADO EL 22\/05\/2020)<\/p>\n","protected":false},"excerpt":{"rendered":"<p>CIUDAD DE M\u00c9XICO. MX. \u2014 M\u00e9xico suma en el corte de este viernes 22 de&#8230;<\/p>\n","protected":false},"author":1,"featured_media":85815,"comment_status":"open","ping_status":"open","sticky":false,"template":"","format":"standard","meta":{"_monsterinsights_skip_tracking":false,"_monsterinsights_sitenote_active":false,"_monsterinsights_sitenote_note":"","_monsterinsights_sitenote_category":0,"footnotes":""},"categories":[2922],"tags":[],"class_list":["post"],"yoast_head":" \n<title>Sonora en Equipo. En M\u00e9xico m\u00e1s de 6 mil muertes por Covid-19. Estamos ya a 15 escalones para ser el n\u00famero 1 Pandemia<\/title>\n<meta name=\"description\" content=\"CIUDAD DE M\u00c9XICO. MX. \u2014 M\u00e9xico suma en el corte de este viernes 22 de mayo un total de 6 mil 989 muertes registradas por Covid-19, con 62 mil 527 casos de En Sonora en Equipo publicamos toda la informaci\u00f3n de Sonora, M\u00e9xico y el Mundo de manera oportuna y busca que la libertad de expresi\u00f3n sea real. Visita nuestro medio informativo publicado desde Hermosillo, Sonora. %\" \/>\n<meta name=\"robots\" content=\"index, follow, max-snippet:-1, max-image-preview:large, max-video-preview:-1\" \/>\n<link rel=\"canonical\" href=\"https:\/\/www.sonoraenequipo.com.mx\/en-mexico-mas-de-6-mil-muertes-por-covid-19-estamos-ya-a-15-escalones-para-ser-el-numero-1\/\" \/>\n<meta property=\"og:locale\" content=\"es_ES\" \/>\n<meta property=\"og:type\" content=\"article\" \/>\n<meta property=\"og:title\" content=\"Sonora en Equipo. En M\u00e9xico m\u00e1s de 6 mil muertes por Covid-19. Estamos ya a 15 escalones para ser el n\u00famero 1 Pandemia\" \/>\n<meta property=\"og:description\" content=\"CIUDAD DE M\u00c9XICO. MX. \u2014 M\u00e9xico suma en el corte de este viernes 22 de mayo un total de 6 mil 989 muertes registradas por Covid-19, con 62 mil 527 casos de En Sonora en Equipo publicamos toda la informaci\u00f3n de Sonora, M\u00e9xico y el Mundo de manera oportuna y busca que la libertad de expresi\u00f3n sea real. Visita nuestro medio informativo publicado desde Hermosillo, Sonora. %\" \/>\n<meta property=\"og:url\" content=\"https:\/\/www.sonoraenequipo.com.mx\/en-mexico-mas-de-6-mil-muertes-por-covid-19-estamos-ya-a-15-escalones-para-ser-el-numero-1\/\" \/>\n<meta property=\"og:site_name\" content=\"Sonora en Equipo.\" \/>\n<meta property=\"article:publisher\" content=\"https:\/\/www.facebook.com\/SonoraEE\/\" \/>\n<meta property=\"article:author\" content=\"https:\/\/www.facebook.com\/SonoraEE\" \/>\n<meta property=\"article:published_time\" content=\"2020-05-23T02:28:35+00:00\" \/>\n<meta property=\"og:image\" content=\"https:\/\/www.sonoraenequipo.com.mx\/storage\/2020\/05\/62-527-al-2205_opt.jpg\" \/>\n\t<meta property=\"og:image:width\" content=\"711\" \/>\n\t<meta property=\"og:image:height\" content=\"400\" \/>\n\t<meta property=\"og:image:type\" content=\"image\/jpeg\" \/>\n<meta name=\"author\" content=\"enequipo\" \/>\n<meta name=\"twitter:card\" content=\"summary_large_image\" \/>\n<meta name=\"twitter:creator\" content=\"@sonoraenequipo\" \/>\n<meta name=\"twitter:site\" content=\"@sonoraenequipo\" \/>\n<meta name=\"twitter:label1\" content=\"Escrito por\" \/>\n\t<meta name=\"twitter:data1\" content=\"enequipo\" \/>\n<script type=\"application\/ld+json\" class=\"yoast-schema-graph\">{\"@context\":\"https:\/\/schema.org\",\"@graph\":[{\"@type\":\"Article\",\"@id\":\"https:\/\/www.sonoraenequipo.com.mx\/en-mexico-mas-de-6-mil-muertes-por-covid-19-estamos-ya-a-15-escalones-para-ser-el-numero-1\/#article\",\"isPartOf\":{\"@id\":\"https:\/\/www.sonoraenequipo.com.mx\/en-mexico-mas-de-6-mil-muertes-por-covid-19-estamos-ya-a-15-escalones-para-ser-el-numero-1\/\"},\"author\":{\"name\":\"enequipo\",\"@id\":\"https:\/\/www.sonoraenequipo.com.mx\/#\/schema\/person\/50102df0fb23a8fa9e8effad8fa81386\"},\"headline\":\"En M\u00e9xico m\u00e1s de 6 mil muertes por Covid-19. Estamos ya a 15 escalones para ser el n\u00famero 1\",\"datePublished\":\"2020-05-23T02:28:35+00:00\",\"mainEntityOfPage\":{\"@id\":\"https:\/\/www.sonoraenequipo.com.mx\/en-mexico-mas-de-6-mil-muertes-por-covid-19-estamos-ya-a-15-escalones-para-ser-el-numero-1\/\"},\"wordCount\":109,\"commentCount\":0,\"publisher\":{\"@id\":\"https:\/\/www.sonoraenequipo.com.mx\/#organization\"},\"image\":{\"@id\":\"https:\/\/www.sonoraenequipo.com.mx\/en-mexico-mas-de-6-mil-muertes-por-covid-19-estamos-ya-a-15-escalones-para-ser-el-numero-1\/#primaryimage\"},\"thumbnailUrl\":\"https:\/\/www.sonoraenequipo.com.mx\/storage\/2020\/05\/62-527-al-2205_opt.jpg\",\"articleSection\":[\"Pandemia\"],\"inLanguage\":\"es\",\"potentialAction\":[{\"@type\":\"CommentAction\",\"name\":\"Comment\",\"target\":[\"https:\/\/www.sonoraenequipo.com.mx\/en-mexico-mas-de-6-mil-muertes-por-covid-19-estamos-ya-a-15-escalones-para-ser-el-numero-1\/#respond\"]}]},{\"@type\":\"WebPage\",\"@id\":\"https:\/\/www.sonoraenequipo.com.mx\/en-mexico-mas-de-6-mil-muertes-por-covid-19-estamos-ya-a-15-escalones-para-ser-el-numero-1\/\",\"url\":\"https:\/\/www.sonoraenequipo.com.mx\/en-mexico-mas-de-6-mil-muertes-por-covid-19-estamos-ya-a-15-escalones-para-ser-el-numero-1\/\",\"name\":\"Sonora en Equipo. En M\u00e9xico m\u00e1s de 6 mil muertes por Covid-19. Estamos ya a 15 escalones para ser el n\u00famero 1 Pandemia\",\"isPartOf\":{\"@id\":\"https:\/\/www.sonoraenequipo.com.mx\/#website\"},\"primaryImageOfPage\":{\"@id\":\"https:\/\/www.sonoraenequipo.com.mx\/en-mexico-mas-de-6-mil-muertes-por-covid-19-estamos-ya-a-15-escalones-para-ser-el-numero-1\/#primaryimage\"},\"image\":{\"@id\":\"https:\/\/www.sonoraenequipo.com.mx\/en-mexico-mas-de-6-mil-muertes-por-covid-19-estamos-ya-a-15-escalones-para-ser-el-numero-1\/#primaryimage\"},\"thumbnailUrl\":\"https:\/\/www.sonoraenequipo.com.mx\/storage\/2020\/05\/62-527-al-2205_opt.jpg\",\"datePublished\":\"2020-05-23T02:28:35+00:00\",\"description\":\"CIUDAD DE M\u00c9XICO. MX. \u2014 M\u00e9xico suma en el corte de este viernes 22 de mayo un total de 6 mil 989 muertes registradas por Covid-19, con 62 mil 527 casos de En Sonora en Equipo publicamos toda la informaci\u00f3n de Sonora, M\u00e9xico y el Mundo de manera oportuna y busca que la libertad de expresi\u00f3n sea real. Visita nuestro medio informativo publicado desde Hermosillo, Sonora. %\",\"breadcrumb\":{\"@id\":\"https:\/\/www.sonoraenequipo.com.mx\/en-mexico-mas-de-6-mil-muertes-por-covid-19-estamos-ya-a-15-escalones-para-ser-el-numero-1\/#breadcrumb\"},\"inLanguage\":\"es\",\"potentialAction\":[{\"@type\":\"ReadAction\",\"target\":[\"https:\/\/www.sonoraenequipo.com.mx\/en-mexico-mas-de-6-mil-muertes-por-covid-19-estamos-ya-a-15-escalones-para-ser-el-numero-1\/\"]}]},{\"@type\":\"ImageObject\",\"inLanguage\":\"es\",\"@id\":\"https:\/\/www.sonoraenequipo.com.mx\/en-mexico-mas-de-6-mil-muertes-por-covid-19-estamos-ya-a-15-escalones-para-ser-el-numero-1\/#primaryimage\",\"url\":\"https:\/\/www.sonoraenequipo.com.mx\/storage\/2020\/05\/62-527-al-2205_opt.jpg\",\"contentUrl\":\"https:\/\/www.sonoraenequipo.com.mx\/storage\/2020\/05\/62-527-al-2205_opt.jpg\",\"width\":711,\"height\":400},{\"@type\":\"BreadcrumbList\",\"@id\":\"https:\/\/www.sonoraenequipo.com.mx\/en-mexico-mas-de-6-mil-muertes-por-covid-19-estamos-ya-a-15-escalones-para-ser-el-numero-1\/#breadcrumb\",\"itemListElement\":[{\"@type\":\"ListItem\",\"position\":1,\"name\":\"Portada\",\"item\":\"https:\/\/www.sonoraenequipo.com.mx\/\"},{\"@type\":\"ListItem\",\"position\":2,\"name\":\"En M\u00e9xico m\u00e1s de 6 mil muertes por Covid-19. Estamos ya a 15 escalones para ser el n\u00famero 1\"}]},{\"@type\":\"WebSite\",\"@id\":\"https:\/\/www.sonoraenequipo.com.mx\/#website\",\"url\":\"https:\/\/www.sonoraenequipo.com.mx\/\",\"name\":\"Sonora en Equipo.\",\"description\":\"Diario en l\u00ednea con Noticias desde Hermosillo, Sonora\",\"publisher\":{\"@id\":\"https:\/\/www.sonoraenequipo.com.mx\/#organization\"},\"potentialAction\":[{\"@type\":\"SearchAction\",\"target\":{\"@type\":\"EntryPoint\",\"urlTemplate\":\"https:\/\/www.sonoraenequipo.com.mx\/?s={search_term_string}\"},\"query-input\":{\"@type\":\"PropertyValueSpecification\",\"valueRequired\":true,\"valueName\":\"search_term_string\"}}],\"inLanguage\":\"es\"},{\"@type\":\"Organization\",\"@id\":\"https:\/\/www.sonoraenequipo.com.mx\/#organization\",\"name\":\"Sonoraenequipo.com.mx\",\"url\":\"https:\/\/www.sonoraenequipo.com.mx\/\",\"logo\":{\"@type\":\"ImageObject\",\"inLanguage\":\"es\",\"@id\":\"https:\/\/www.sonoraenequipo.com.mx\/#\/schema\/logo\/image\/\",\"url\":\"https:\/\/www.sonoraenequipo.com.mx\/storage\/2019\/01\/sonoraenequipo_opt.png\",\"contentUrl\":\"https:\/\/www.sonoraenequipo.com.mx\/storage\/2019\/01\/sonoraenequipo_opt.png\",\"width\":375,\"height\":125,\"caption\":\"Sonoraenequipo.com.mx\"},\"image\":{\"@id\":\"https:\/\/www.sonoraenequipo.com.mx\/#\/schema\/logo\/image\/\"},\"sameAs\":[\"https:\/\/www.facebook.com\/SonoraEE\/\",\"https:\/\/x.com\/sonoraenequipo\",\"https:\/\/www.youtube.com\/channel\/UC338nW-lPEYmJQs4ZABQ1SQ\"]},{\"@type\":\"Person\",\"@id\":\"https:\/\/www.sonoraenequipo.com.mx\/#\/schema\/person\/50102df0fb23a8fa9e8effad8fa81386\",\"name\":\"enequipo\",\"image\":{\"@type\":\"ImageObject\",\"inLanguage\":\"es\",\"@id\":\"https:\/\/www.sonoraenequipo.com.mx\/#\/schema\/person\/image\/\",\"url\":\"https:\/\/secure.gravatar.com\/avatar\/049821681b589dabc0bc20695993ccebb09f5b5d4d790cd9251b97faac7c652b?s=96&d=blank&r=g\",\"contentUrl\":\"https:\/\/secure.gravatar.com\/avatar\/049821681b589dabc0bc20695993ccebb09f5b5d4d790cd9251b97faac7c652b?s=96&d=blank&r=g\",\"caption\":\"enequipo\"},\"sameAs\":[\"https:\/\/www.facebook.com\/SonoraEE\"]}]}<\/script>\n ","yoast_head_json":{"title":"Sonora en Equipo. En M\u00e9xico m\u00e1s de 6 mil muertes por Covid-19. Estamos ya a 15 escalones para ser el n\u00famero 1 Pandemia","description":"CIUDAD DE M\u00c9XICO. MX. \u2014 M\u00e9xico suma en el corte de este viernes 22 de mayo un total de 6 mil 989 muertes registradas por Covid-19, con 62 mil 527 casos de En Sonora en Equipo publicamos toda la informaci\u00f3n de Sonora, M\u00e9xico y el Mundo de manera oportuna y busca que la libertad de expresi\u00f3n sea real. Visita nuestro medio informativo publicado desde Hermosillo, Sonora. %","robots":{"index":"index","follow":"follow","max-snippet":"max-snippet:-1","max-image-preview":"max-image-preview:large","max-video-preview":"max-video-preview:-1"},"canonical":"https:\/\/www.sonoraenequipo.com.mx\/en-mexico-mas-de-6-mil-muertes-por-covid-19-estamos-ya-a-15-escalones-para-ser-el-numero-1\/","og_locale":"es_ES","og_type":"article","og_title":"Sonora en Equipo. En M\u00e9xico m\u00e1s de 6 mil muertes por Covid-19. Estamos ya a 15 escalones para ser el n\u00famero 1 Pandemia","og_description":"CIUDAD DE M\u00c9XICO. MX. \u2014 M\u00e9xico suma en el corte de este viernes 22 de mayo un total de 6 mil 989 muertes registradas por Covid-19, con 62 mil 527 casos de En Sonora en Equipo publicamos toda la informaci\u00f3n de Sonora, M\u00e9xico y el Mundo de manera oportuna y busca que la libertad de expresi\u00f3n sea real. Visita nuestro medio informativo publicado desde Hermosillo, Sonora. %","og_url":"https:\/\/www.sonoraenequipo.com.mx\/en-mexico-mas-de-6-mil-muertes-por-covid-19-estamos-ya-a-15-escalones-para-ser-el-numero-1\/","og_site_name":"Sonora en Equipo.","article_publisher":"https:\/\/www.facebook.com\/SonoraEE\/","article_author":"https:\/\/www.facebook.com\/SonoraEE","article_published_time":"2020-05-23T02:28:35+00:00","og_image":[{"width":711,"height":400,"url":"https:\/\/www.sonoraenequipo.com.mx\/storage\/2020\/05\/62-527-al-2205_opt.jpg","type":"image\/jpeg"}],"author":"enequipo","twitter_card":"summary_large_image","twitter_creator":"@sonoraenequipo","twitter_site":"@sonoraenequipo","twitter_misc":{"Escrito por":"enequipo"},"schema":{"@context":"https:\/\/schema.org","@graph":[{"@type":"Article","@id":"https:\/\/www.sonoraenequipo.com.mx\/en-mexico-mas-de-6-mil-muertes-por-covid-19-estamos-ya-a-15-escalones-para-ser-el-numero-1\/#article","isPartOf":{"@id":"https:\/\/www.sonoraenequipo.com.mx\/en-mexico-mas-de-6-mil-muertes-por-covid-19-estamos-ya-a-15-escalones-para-ser-el-numero-1\/"},"author":{"name":"enequipo","@id":"https:\/\/www.sonoraenequipo.com.mx\/#\/schema\/person\/50102df0fb23a8fa9e8effad8fa81386"},"headline":"En M\u00e9xico m\u00e1s de 6 mil muertes por Covid-19. Estamos ya a 15 escalones para ser el n\u00famero 1","datePublished":"2020-05-23T02:28:35+00:00","mainEntityOfPage":{"@id":"https:\/\/www.sonoraenequipo.com.mx\/en-mexico-mas-de-6-mil-muertes-por-covid-19-estamos-ya-a-15-escalones-para-ser-el-numero-1\/"},"wordCount":109,"commentCount":0,"publisher":{"@id":"https:\/\/www.sonoraenequipo.com.mx\/#organization"},"image":{"@id":"https:\/\/www.sonoraenequipo.com.mx\/en-mexico-mas-de-6-mil-muertes-por-covid-19-estamos-ya-a-15-escalones-para-ser-el-numero-1\/#primaryimage"},"thumbnailUrl":"https:\/\/www.sonoraenequipo.com.mx\/storage\/2020\/05\/62-527-al-2205_opt.jpg","articleSection":["Pandemia"],"inLanguage":"es","potentialAction":[{"@type":"CommentAction","name":"Comment","target":["https:\/\/www.sonoraenequipo.com.mx\/en-mexico-mas-de-6-mil-muertes-por-covid-19-estamos-ya-a-15-escalones-para-ser-el-numero-1\/#respond"]}]},{"@type":"WebPage","@id":"https:\/\/www.sonoraenequipo.com.mx\/en-mexico-mas-de-6-mil-muertes-por-covid-19-estamos-ya-a-15-escalones-para-ser-el-numero-1\/","url":"https:\/\/www.sonoraenequipo.com.mx\/en-mexico-mas-de-6-mil-muertes-por-covid-19-estamos-ya-a-15-escalones-para-ser-el-numero-1\/","name":"Sonora en Equipo. En M\u00e9xico m\u00e1s de 6 mil muertes por Covid-19. Estamos ya a 15 escalones para ser el n\u00famero 1 Pandemia","isPartOf":{"@id":"https:\/\/www.sonoraenequipo.com.mx\/#website"},"primaryImageOfPage":{"@id":"https:\/\/www.sonoraenequipo.com.mx\/en-mexico-mas-de-6-mil-muertes-por-covid-19-estamos-ya-a-15-escalones-para-ser-el-numero-1\/#primaryimage"},"image":{"@id":"https:\/\/www.sonoraenequipo.com.mx\/en-mexico-mas-de-6-mil-muertes-por-covid-19-estamos-ya-a-15-escalones-para-ser-el-numero-1\/#primaryimage"},"thumbnailUrl":"https:\/\/www.sonoraenequipo.com.mx\/storage\/2020\/05\/62-527-al-2205_opt.jpg","datePublished":"2020-05-23T02:28:35+00:00","description":"CIUDAD DE M\u00c9XICO. MX. \u2014 M\u00e9xico suma en el corte de este viernes 22 de mayo un total de 6 mil 989 muertes registradas por Covid-19, con 62 mil 527 casos de En Sonora en Equipo publicamos toda la informaci\u00f3n de Sonora, M\u00e9xico y el Mundo de manera oportuna y busca que la libertad de expresi\u00f3n sea real. Visita nuestro medio informativo publicado desde Hermosillo, Sonora. %","breadcrumb":{"@id":"https:\/\/www.sonoraenequipo.com.mx\/en-mexico-mas-de-6-mil-muertes-por-covid-19-estamos-ya-a-15-escalones-para-ser-el-numero-1\/#breadcrumb"},"inLanguage":"es","potentialAction":[{"@type":"ReadAction","target":["https:\/\/www.sonoraenequipo.com.mx\/en-mexico-mas-de-6-mil-muertes-por-covid-19-estamos-ya-a-15-escalones-para-ser-el-numero-1\/"]}]},{"@type":"ImageObject","inLanguage":"es","@id":"https:\/\/www.sonoraenequipo.com.mx\/en-mexico-mas-de-6-mil-muertes-por-covid-19-estamos-ya-a-15-escalones-para-ser-el-numero-1\/#primaryimage","url":"https:\/\/www.sonoraenequipo.com.mx\/storage\/2020\/05\/62-527-al-2205_opt.jpg","contentUrl":"https:\/\/www.sonoraenequipo.com.mx\/storage\/2020\/05\/62-527-al-2205_opt.jpg","width":711,"height":400},{"@type":"BreadcrumbList","@id":"https:\/\/www.sonoraenequipo.com.mx\/en-mexico-mas-de-6-mil-muertes-por-covid-19-estamos-ya-a-15-escalones-para-ser-el-numero-1\/#breadcrumb","itemListElement":[{"@type":"ListItem","position":1,"name":"Portada","item":"https:\/\/www.sonoraenequipo.com.mx\/"},{"@type":"ListItem","position":2,"name":"En M\u00e9xico m\u00e1s de 6 mil muertes por Covid-19. Estamos ya a 15 escalones para ser el n\u00famero 1"}]},{"@type":"WebSite","@id":"https:\/\/www.sonoraenequipo.com.mx\/#website","url":"https:\/\/www.sonoraenequipo.com.mx\/","name":"Sonora en Equipo.","description":"Diario en l\u00ednea con Noticias desde Hermosillo, Sonora","publisher":{"@id":"https:\/\/www.sonoraenequipo.com.mx\/#organization"},"potentialAction":[{"@type":"SearchAction","target":{"@type":"EntryPoint","urlTemplate":"https:\/\/www.sonoraenequipo.com.mx\/?s={search_term_string}"},"query-input":{"@type":"PropertyValueSpecification","valueRequired":true,"valueName":"search_term_string"}}],"inLanguage":"es"},{"@type":"Organization","@id":"https:\/\/www.sonoraenequipo.com.mx\/#organization","name":"Sonoraenequipo.com.mx","url":"https:\/\/www.sonoraenequipo.com.mx\/","logo":{"@type":"ImageObject","inLanguage":"es","@id":"https:\/\/www.sonoraenequipo.com.mx\/#\/schema\/logo\/image\/","url":"https:\/\/www.sonoraenequipo.com.mx\/storage\/2019\/01\/sonoraenequipo_opt.png","contentUrl":"https:\/\/www.sonoraenequipo.com.mx\/storage\/2019\/01\/sonoraenequipo_opt.png","width":375,"height":125,"caption":"Sonoraenequipo.com.mx"},"image":{"@id":"https:\/\/www.sonoraenequipo.com.mx\/#\/schema\/logo\/image\/"},"sameAs":["https:\/\/www.facebook.com\/SonoraEE\/","https:\/\/x.com\/sonoraenequipo","https:\/\/www.youtube.com\/channel\/UC338nW-lPEYmJQs4ZABQ1SQ"]},{"@type":"Person","@id":"https:\/\/www.sonoraenequipo.com.mx\/#\/schema\/person\/50102df0fb23a8fa9e8effad8fa81386","name":"enequipo","image":{"@type":"ImageObject","inLanguage":"es","@id":"https:\/\/www.sonoraenequipo.com.mx\/#\/schema\/person\/image\/","url":"https:\/\/secure.gravatar.com\/avatar\/049821681b589dabc0bc20695993ccebb09f5b5d4d790cd9251b97faac7c652b?s=96&d=blank&r=g","contentUrl":"https:\/\/secure.gravatar.com\/avatar\/049821681b589dabc0bc20695993ccebb09f5b5d4d790cd9251b97faac7c652b?s=96&d=blank&r=g","caption":"enequipo"},"sameAs":["https:\/\/www.facebook.com\/SonoraEE"]}]}},"jetpack_featured_media_url":"https:\/\/www.sonoraenequipo.com.mx\/storage\/2020\/05\/62-527-al-2205_opt.jpg","_links":{"self":[{"href":"https:\/\/www.sonoraenequipo.com.mx\/api\/wp\/v2\/posts\/85810","targetHints":{"allow":["GET"]}}],"collection":[{"href":"https:\/\/www.sonoraenequipo.com.mx\/api\/wp\/v2\/posts"}],"about":[{"href":"https:\/\/www.sonoraenequipo.com.mx\/api\/wp\/v2\/types\/post"}],"author":[{"embeddable":true,"href":"https:\/\/www.sonoraenequipo.com.mx\/api\/wp\/v2\/users\/1"}],"replies":[{"embeddable":true,"href":"https:\/\/www.sonoraenequipo.com.mx\/api\/wp\/v2\/comments?post=85810"}],"version-history":[{"count":0,"href":"https:\/\/www.sonoraenequipo.com.mx\/api\/wp\/v2\/posts\/85810\/revisions"}],"wp:featuredmedia":[{"embeddable":true,"href":"https:\/\/www.sonoraenequipo.com.mx\/api\/wp\/v2\/media\/85815"}],"wp:attachment":[{"href":"https:\/\/www.sonoraenequipo.com.mx\/api\/wp\/v2\/media?parent=85810"}],"wp:term":[{"taxonomy":"category","embeddable":true,"href":"https:\/\/www.sonoraenequipo.com.mx\/api\/wp\/v2\/categories?post=85810"},{"taxonomy":"post_tag","embeddable":true,"href":"https:\/\/www.sonoraenequipo.com.mx\/api\/wp\/v2\/tags?post=85810"}],"curies":[{"name":"wp","href":"https:\/\/api.w.org\/{rel}","templated":true}]}}