{"id":85811,"date":"2020-05-22T19:07:42","date_gmt":"2020-05-23T02:07:42","guid":{"rendered":"https:\/\/www.sonoraenequipo.com.mx\/?p=85811"},"modified":"2020-05-22T19:07:42","modified_gmt":"2020-05-23T02:07:42","slug":"congreso-de-sonora-tiene-comision-especial-covid-19","status":"publish","type":"post","link":"https:\/\/www.sonoraenequipo.com.mx\/congreso-de-sonora-tiene-comision-especial-covid-19\/","title":{"rendered":"Congreso de Sonora tiene \u00a0Comisi\u00f3n Especial COVID-19"},"content":{"rendered":"<p>HERMOSILLO, SONORA,MX.\u2500 La Comisi\u00f3n Especial COVID-19 qued\u00f3 formalmente instalada este d\u00eda y sus integrantes aprobaron el plan estrat\u00e9gico de acciones a seguir a corto plazo, en el que se incluyen citar a comparecer a diversos funcionarios del gobierno estatal. <\/p>\n<p>El diputado L\u00e1zaro Espinoza Mend\u00edvil, presidente de la comisi\u00f3n, explic\u00f3 que el prop\u00f3sito de la misma es reducir los efectos negativos que la pandemia ha provocado en la poblaci\u00f3n del Estado de Sonora, sobre todo, de los m\u00e1s pobres y desprotegidos.<\/p>\n<p>\u201cTenemos el objetivo de proteger el empleo, los salarios y los ingresos de las familias; sentar las bases para una recuperaci\u00f3n, sin que haya secuelas de gravedad y, en la medida en que colaboremos efectivamente, lograremos que las consecuencias econ\u00f3micas negativas de esta crisis sanitaria, que a todos nos est\u00e1 afectando, se reduzcan\u201d, asever\u00f3.<\/p>\n<p>&nbsp;<\/p>\n<p>El plan estrat\u00e9gico que plante\u00f3 a los diputados que integran la Comisi\u00f3n Especial COVID-19 busca atender la crisis, procurar la reactivaci\u00f3n inmediata de la econom\u00eda y mantener la paz social, sostuvo Espinoza Mend\u00edvil.<\/p>\n<p>Agreg\u00f3 que contiene tres puntos con sus metas y estrategias. El primer punto se refiere a la salud de la poblaci\u00f3n y como objetivo anot\u00f3 promover la salud y la estabilidad social durante la emergencia sanitaria; la meta ser\u00e1 contar con los servicios de salud de calidad y con los insumos necesarios para responder a la pandemia; y la estrategia est\u00e1 encaminada a cuantificar las carencias de los hospitales destinados para la atenci\u00f3n de pacientes con COVID-19.<\/p>\n<p>&nbsp;<\/p>\n<p>&nbsp;<\/p>\n<p>&nbsp;<\/p>\n<p>Otra de las metas se refiere a procurar garantizar el bienestar del personal m\u00e9dico con la estrategia de procurar la provisi\u00f3n de los insumos necesarios para evitar contagios y garantizar su integridad f\u00edsica, mientras que otra meta se enfocar\u00e1 en la coordinaci\u00f3n entre los tres \u00f3rdenes de gobierno, y como estrategia: compartir informaci\u00f3n e indicadores entre los niveles de gobierno y el sector salud, que permitan conocer la situaci\u00f3n en cualquier parte del Estado, en tiempo real.<\/p>\n<p>El presidente de la comisi\u00f3n especial expuso que el segundo punto se refiere al bienestar social, con el objetivo de proteger a la poblaci\u00f3n m\u00e1s vulnerable para sobrellevar la crisis sanitaria y econ\u00f3mica; la meta ser\u00e1 garantizar los servicios de salud, alimentaci\u00f3n y seguridad, con una estrategia que buscar\u00e1 se destinen recursos a los programas de protecci\u00f3n a la poblaci\u00f3n vulnerable: ni\u00f1os, adultos y mayores; personas con discapacidad y en estado de pobreza.<\/p>\n<p>En este punto la estrategia ser\u00e1 promover la participaci\u00f3n de los tres \u00f3rdenes de gobierno y diputados en programas de apoyo alimentario, con la meta de garantizar la seguridad f\u00edsica de las mujeres y su participaci\u00f3n en la reactivaci\u00f3n econ\u00f3mica, para lo cual la estrategia est\u00e1 encaminada a fortalecer los mecanismos de protecci\u00f3n hacia las mujeres y fortalecer su participaci\u00f3n en programas de apoyo social y reactivaci\u00f3n econ\u00f3mica.<\/p>\n<p>El tercer punto se refiere a la estabilidad econ\u00f3mica y como objetivo est\u00e1 minimizar el impacto de la crisis econ\u00f3mica tomando medidas que apoyen la sostenibilidad de las empresas y garanticen la continuidad de las cadenas de valores, y como meta: proteger a los sectores m\u00e1s vulnerables de las \u00e1reas de comercio, servicios y turismo, mientras que la estrategia ser\u00e1 promover ante la Secretar\u00eda de Econom\u00eda la aplicaci\u00f3n de programas para atender la falta de liquidez de las empresas m\u00e1s afectadas, indic\u00f3 Espinoza Mend\u00edvil.<\/p>\n<p>&nbsp;<\/p>\n<p>A la reuni\u00f3n de instalaci\u00f3n asistieron los diputados Mar\u00eda Dolores Del R\u00edo S\u00e1nchez, Mar\u00eda Magdalena Uribe Pe\u00f1a, Mar\u00eda Alicia Gayt\u00e1n S\u00e1nchez, Diana Platt Salazar, Alejandra L\u00f3pez Noriega, Francisco Javier Duarte Flores y Carlos Navarrete Aguirre, quienes hicieron diversas aportaciones para enriquecer el plan estrat\u00e9gico, sobre todo para la atenci\u00f3n de la poblaci\u00f3n m\u00e1s vulnerable y quienes se dedican al comercio informal.<\/p>\n<p>Los legisladores coincidieron en la importancia de que acudan a comparecer los secretarios de Econom\u00eda, Hacienda, Trabajo, Agricultura y Desarrollo Social, por lo cual el punto fue aprobado y la Presidencia girar\u00e1 las invitaciones respectivas.<\/p>\n<p>&nbsp;<\/p>\n<p>&nbsp;<\/p>\n<p>&nbsp;<\/p>\n<p>La Comisi\u00f3n Especial COVID-19 acord\u00f3 reunirse los d\u00edas jueves y con oportunidad se notificar\u00e1 la hora.<\/p>\n<p>Fecha de Publicaci\u00f3n 22\/may\/2020<\/p>\n","protected":false},"excerpt":{"rendered":"<p>HERMOSILLO, SONORA,MX.\u2500 La Comisi\u00f3n Especial COVID-19 qued\u00f3 formalmente instalada este d\u00eda y sus integrantes aprobaron&#8230;<\/p>\n","protected":false},"author":1,"featured_media":85812,"comment_status":"open","ping_status":"open","sticky":false,"template":"","format":"standard","meta":{"_monsterinsights_skip_tracking":false,"_monsterinsights_sitenote_active":false,"_monsterinsights_sitenote_note":"","_monsterinsights_sitenote_category":0,"footnotes":""},"categories":[3281],"tags":[4198],"class_list":["post"],"yoast_head":" \n<title>Sonora en Equipo. Congreso de Sonora tiene \u00a0Comisi\u00f3n Especial COVID-19 Congreso<\/title>\n<meta name=\"description\" content=\"HERMOSILLO, SONORA,MX.\u2500 La Comisi\u00f3n Especial COVID-19 qued\u00f3 formalmente instalada este d\u00eda y sus integrantes aprobaron el plan estrat\u00e9gico de acciones a En Sonora en Equipo publicamos toda la informaci\u00f3n de Sonora, M\u00e9xico y el Mundo de manera oportuna y busca que la libertad de expresi\u00f3n sea real. Visita nuestro medio informativo publicado desde Hermosillo, Sonora. %\" \/>\n<meta name=\"robots\" content=\"index, follow, max-snippet:-1, max-image-preview:large, max-video-preview:-1\" \/>\n<link rel=\"canonical\" href=\"https:\/\/www.sonoraenequipo.com.mx\/congreso-de-sonora-tiene-comision-especial-covid-19\/\" \/>\n<meta property=\"og:locale\" content=\"es_ES\" \/>\n<meta property=\"og:type\" content=\"article\" \/>\n<meta property=\"og:title\" content=\"Sonora en Equipo. Congreso de Sonora tiene \u00a0Comisi\u00f3n Especial COVID-19 Congreso\" \/>\n<meta property=\"og:description\" content=\"HERMOSILLO, SONORA,MX.\u2500 La Comisi\u00f3n Especial COVID-19 qued\u00f3 formalmente instalada este d\u00eda y sus integrantes aprobaron el plan estrat\u00e9gico de acciones a En Sonora en Equipo publicamos toda la informaci\u00f3n de Sonora, M\u00e9xico y el Mundo de manera oportuna y busca que la libertad de expresi\u00f3n sea real. Visita nuestro medio informativo publicado desde Hermosillo, Sonora. %\" \/>\n<meta property=\"og:url\" content=\"https:\/\/www.sonoraenequipo.com.mx\/congreso-de-sonora-tiene-comision-especial-covid-19\/\" \/>\n<meta property=\"og:site_name\" content=\"Sonora en Equipo.\" \/>\n<meta property=\"article:publisher\" content=\"https:\/\/www.facebook.com\/SonoraEE\/\" \/>\n<meta property=\"article:author\" content=\"https:\/\/www.facebook.com\/SonoraEE\" \/>\n<meta property=\"article:published_time\" content=\"2020-05-23T02:07:42+00:00\" \/>\n<meta property=\"og:image\" content=\"https:\/\/www.sonoraenequipo.com.mx\/storage\/2020\/05\/com-covid.jpg\" \/>\n\t<meta property=\"og:image:width\" content=\"600\" \/>\n\t<meta property=\"og:image:height\" content=\"400\" \/>\n\t<meta property=\"og:image:type\" content=\"image\/jpeg\" \/>\n<meta name=\"author\" content=\"enequipo\" \/>\n<meta name=\"twitter:card\" content=\"summary_large_image\" \/>\n<meta name=\"twitter:creator\" content=\"@sonoraenequipo\" \/>\n<meta name=\"twitter:site\" content=\"@sonoraenequipo\" \/>\n<meta name=\"twitter:label1\" content=\"Escrito por\" \/>\n\t<meta name=\"twitter:data1\" content=\"enequipo\" \/>\n\t<meta name=\"twitter:label2\" content=\"Tiempo de lectura\" \/>\n\t<meta name=\"twitter:data2\" content=\"4 minutos\" \/>\n<script type=\"application\/ld+json\" class=\"yoast-schema-graph\">{\"@context\":\"https:\/\/schema.org\",\"@graph\":[{\"@type\":\"Article\",\"@id\":\"https:\/\/www.sonoraenequipo.com.mx\/congreso-de-sonora-tiene-comision-especial-covid-19\/#article\",\"isPartOf\":{\"@id\":\"https:\/\/www.sonoraenequipo.com.mx\/congreso-de-sonora-tiene-comision-especial-covid-19\/\"},\"author\":{\"name\":\"enequipo\",\"@id\":\"https:\/\/www.sonoraenequipo.com.mx\/#\/schema\/person\/50102df0fb23a8fa9e8effad8fa81386\"},\"headline\":\"Congreso de Sonora tiene \u00a0Comisi\u00f3n Especial COVID-19\",\"datePublished\":\"2020-05-23T02:07:42+00:00\",\"mainEntityOfPage\":{\"@id\":\"https:\/\/www.sonoraenequipo.com.mx\/congreso-de-sonora-tiene-comision-especial-covid-19\/\"},\"wordCount\":747,\"commentCount\":0,\"publisher\":{\"@id\":\"https:\/\/www.sonoraenequipo.com.mx\/#organization\"},\"image\":{\"@id\":\"https:\/\/www.sonoraenequipo.com.mx\/congreso-de-sonora-tiene-comision-especial-covid-19\/#primaryimage\"},\"thumbnailUrl\":\"https:\/\/www.sonoraenequipo.com.mx\/storage\/2020\/05\/com-covid.jpg\",\"keywords\":[\"Covid-19\"],\"articleSection\":[\"Congreso\"],\"inLanguage\":\"es\",\"potentialAction\":[{\"@type\":\"CommentAction\",\"name\":\"Comment\",\"target\":[\"https:\/\/www.sonoraenequipo.com.mx\/congreso-de-sonora-tiene-comision-especial-covid-19\/#respond\"]}]},{\"@type\":\"WebPage\",\"@id\":\"https:\/\/www.sonoraenequipo.com.mx\/congreso-de-sonora-tiene-comision-especial-covid-19\/\",\"url\":\"https:\/\/www.sonoraenequipo.com.mx\/congreso-de-sonora-tiene-comision-especial-covid-19\/\",\"name\":\"Sonora en Equipo. Congreso de Sonora tiene \u00a0Comisi\u00f3n Especial COVID-19 Congreso\",\"isPartOf\":{\"@id\":\"https:\/\/www.sonoraenequipo.com.mx\/#website\"},\"primaryImageOfPage\":{\"@id\":\"https:\/\/www.sonoraenequipo.com.mx\/congreso-de-sonora-tiene-comision-especial-covid-19\/#primaryimage\"},\"image\":{\"@id\":\"https:\/\/www.sonoraenequipo.com.mx\/congreso-de-sonora-tiene-comision-especial-covid-19\/#primaryimage\"},\"thumbnailUrl\":\"https:\/\/www.sonoraenequipo.com.mx\/storage\/2020\/05\/com-covid.jpg\",\"datePublished\":\"2020-05-23T02:07:42+00:00\",\"description\":\"HERMOSILLO, SONORA,MX.\u2500 La Comisi\u00f3n Especial COVID-19 qued\u00f3 formalmente instalada este d\u00eda y sus integrantes aprobaron el plan estrat\u00e9gico de acciones a En Sonora en Equipo publicamos toda la informaci\u00f3n de Sonora, M\u00e9xico y el Mundo de manera oportuna y busca que la libertad de expresi\u00f3n sea real. Visita nuestro medio informativo publicado desde Hermosillo, Sonora. %\",\"breadcrumb\":{\"@id\":\"https:\/\/www.sonoraenequipo.com.mx\/congreso-de-sonora-tiene-comision-especial-covid-19\/#breadcrumb\"},\"inLanguage\":\"es\",\"potentialAction\":[{\"@type\":\"ReadAction\",\"target\":[\"https:\/\/www.sonoraenequipo.com.mx\/congreso-de-sonora-tiene-comision-especial-covid-19\/\"]}]},{\"@type\":\"ImageObject\",\"inLanguage\":\"es\",\"@id\":\"https:\/\/www.sonoraenequipo.com.mx\/congreso-de-sonora-tiene-comision-especial-covid-19\/#primaryimage\",\"url\":\"https:\/\/www.sonoraenequipo.com.mx\/storage\/2020\/05\/com-covid.jpg\",\"contentUrl\":\"https:\/\/www.sonoraenequipo.com.mx\/storage\/2020\/05\/com-covid.jpg\",\"width\":600,\"height\":400},{\"@type\":\"BreadcrumbList\",\"@id\":\"https:\/\/www.sonoraenequipo.com.mx\/congreso-de-sonora-tiene-comision-especial-covid-19\/#breadcrumb\",\"itemListElement\":[{\"@type\":\"ListItem\",\"position\":1,\"name\":\"Portada\",\"item\":\"https:\/\/www.sonoraenequipo.com.mx\/\"},{\"@type\":\"ListItem\",\"position\":2,\"name\":\"Congreso de Sonora tiene \u00a0Comisi\u00f3n Especial COVID-19\"}]},{\"@type\":\"WebSite\",\"@id\":\"https:\/\/www.sonoraenequipo.com.mx\/#website\",\"url\":\"https:\/\/www.sonoraenequipo.com.mx\/\",\"name\":\"Sonora en Equipo.\",\"description\":\"Diario en l\u00ednea con Noticias desde Hermosillo, Sonora\",\"publisher\":{\"@id\":\"https:\/\/www.sonoraenequipo.com.mx\/#organization\"},\"potentialAction\":[{\"@type\":\"SearchAction\",\"target\":{\"@type\":\"EntryPoint\",\"urlTemplate\":\"https:\/\/www.sonoraenequipo.com.mx\/?s={search_term_string}\"},\"query-input\":{\"@type\":\"PropertyValueSpecification\",\"valueRequired\":true,\"valueName\":\"search_term_string\"}}],\"inLanguage\":\"es\"},{\"@type\":\"Organization\",\"@id\":\"https:\/\/www.sonoraenequipo.com.mx\/#organization\",\"name\":\"Sonoraenequipo.com.mx\",\"url\":\"https:\/\/www.sonoraenequipo.com.mx\/\",\"logo\":{\"@type\":\"ImageObject\",\"inLanguage\":\"es\",\"@id\":\"https:\/\/www.sonoraenequipo.com.mx\/#\/schema\/logo\/image\/\",\"url\":\"https:\/\/www.sonoraenequipo.com.mx\/storage\/2019\/01\/sonoraenequipo_opt.png\",\"contentUrl\":\"https:\/\/www.sonoraenequipo.com.mx\/storage\/2019\/01\/sonoraenequipo_opt.png\",\"width\":375,\"height\":125,\"caption\":\"Sonoraenequipo.com.mx\"},\"image\":{\"@id\":\"https:\/\/www.sonoraenequipo.com.mx\/#\/schema\/logo\/image\/\"},\"sameAs\":[\"https:\/\/www.facebook.com\/SonoraEE\/\",\"https:\/\/x.com\/sonoraenequipo\",\"https:\/\/www.youtube.com\/channel\/UC338nW-lPEYmJQs4ZABQ1SQ\"]},{\"@type\":\"Person\",\"@id\":\"https:\/\/www.sonoraenequipo.com.mx\/#\/schema\/person\/50102df0fb23a8fa9e8effad8fa81386\",\"name\":\"enequipo\",\"image\":{\"@type\":\"ImageObject\",\"inLanguage\":\"es\",\"@id\":\"https:\/\/www.sonoraenequipo.com.mx\/#\/schema\/person\/image\/\",\"url\":\"https:\/\/secure.gravatar.com\/avatar\/049821681b589dabc0bc20695993ccebb09f5b5d4d790cd9251b97faac7c652b?s=96&d=blank&r=g\",\"contentUrl\":\"https:\/\/secure.gravatar.com\/avatar\/049821681b589dabc0bc20695993ccebb09f5b5d4d790cd9251b97faac7c652b?s=96&d=blank&r=g\",\"caption\":\"enequipo\"},\"sameAs\":[\"https:\/\/www.facebook.com\/SonoraEE\"]}]}<\/script>\n ","yoast_head_json":{"title":"Sonora en Equipo. Congreso de Sonora tiene \u00a0Comisi\u00f3n Especial COVID-19 Congreso","description":"HERMOSILLO, SONORA,MX.\u2500 La Comisi\u00f3n Especial COVID-19 qued\u00f3 formalmente instalada este d\u00eda y sus integrantes aprobaron el plan estrat\u00e9gico de acciones a En Sonora en Equipo publicamos toda la informaci\u00f3n de Sonora, M\u00e9xico y el Mundo de manera oportuna y busca que la libertad de expresi\u00f3n sea real. Visita nuestro medio informativo publicado desde Hermosillo, Sonora. %","robots":{"index":"index","follow":"follow","max-snippet":"max-snippet:-1","max-image-preview":"max-image-preview:large","max-video-preview":"max-video-preview:-1"},"canonical":"https:\/\/www.sonoraenequipo.com.mx\/congreso-de-sonora-tiene-comision-especial-covid-19\/","og_locale":"es_ES","og_type":"article","og_title":"Sonora en Equipo. Congreso de Sonora tiene \u00a0Comisi\u00f3n Especial COVID-19 Congreso","og_description":"HERMOSILLO, SONORA,MX.\u2500 La Comisi\u00f3n Especial COVID-19 qued\u00f3 formalmente instalada este d\u00eda y sus integrantes aprobaron el plan estrat\u00e9gico de acciones a En Sonora en Equipo publicamos toda la informaci\u00f3n de Sonora, M\u00e9xico y el Mundo de manera oportuna y busca que la libertad de expresi\u00f3n sea real. Visita nuestro medio informativo publicado desde Hermosillo, Sonora. %","og_url":"https:\/\/www.sonoraenequipo.com.mx\/congreso-de-sonora-tiene-comision-especial-covid-19\/","og_site_name":"Sonora en Equipo.","article_publisher":"https:\/\/www.facebook.com\/SonoraEE\/","article_author":"https:\/\/www.facebook.com\/SonoraEE","article_published_time":"2020-05-23T02:07:42+00:00","og_image":[{"width":600,"height":400,"url":"https:\/\/www.sonoraenequipo.com.mx\/storage\/2020\/05\/com-covid.jpg","type":"image\/jpeg"}],"author":"enequipo","twitter_card":"summary_large_image","twitter_creator":"@sonoraenequipo","twitter_site":"@sonoraenequipo","twitter_misc":{"Escrito por":"enequipo","Tiempo de lectura":"4 minutos"},"schema":{"@context":"https:\/\/schema.org","@graph":[{"@type":"Article","@id":"https:\/\/www.sonoraenequipo.com.mx\/congreso-de-sonora-tiene-comision-especial-covid-19\/#article","isPartOf":{"@id":"https:\/\/www.sonoraenequipo.com.mx\/congreso-de-sonora-tiene-comision-especial-covid-19\/"},"author":{"name":"enequipo","@id":"https:\/\/www.sonoraenequipo.com.mx\/#\/schema\/person\/50102df0fb23a8fa9e8effad8fa81386"},"headline":"Congreso de Sonora tiene \u00a0Comisi\u00f3n Especial COVID-19","datePublished":"2020-05-23T02:07:42+00:00","mainEntityOfPage":{"@id":"https:\/\/www.sonoraenequipo.com.mx\/congreso-de-sonora-tiene-comision-especial-covid-19\/"},"wordCount":747,"commentCount":0,"publisher":{"@id":"https:\/\/www.sonoraenequipo.com.mx\/#organization"},"image":{"@id":"https:\/\/www.sonoraenequipo.com.mx\/congreso-de-sonora-tiene-comision-especial-covid-19\/#primaryimage"},"thumbnailUrl":"https:\/\/www.sonoraenequipo.com.mx\/storage\/2020\/05\/com-covid.jpg","keywords":["Covid-19"],"articleSection":["Congreso"],"inLanguage":"es","potentialAction":[{"@type":"CommentAction","name":"Comment","target":["https:\/\/www.sonoraenequipo.com.mx\/congreso-de-sonora-tiene-comision-especial-covid-19\/#respond"]}]},{"@type":"WebPage","@id":"https:\/\/www.sonoraenequipo.com.mx\/congreso-de-sonora-tiene-comision-especial-covid-19\/","url":"https:\/\/www.sonoraenequipo.com.mx\/congreso-de-sonora-tiene-comision-especial-covid-19\/","name":"Sonora en Equipo. Congreso de Sonora tiene \u00a0Comisi\u00f3n Especial COVID-19 Congreso","isPartOf":{"@id":"https:\/\/www.sonoraenequipo.com.mx\/#website"},"primaryImageOfPage":{"@id":"https:\/\/www.sonoraenequipo.com.mx\/congreso-de-sonora-tiene-comision-especial-covid-19\/#primaryimage"},"image":{"@id":"https:\/\/www.sonoraenequipo.com.mx\/congreso-de-sonora-tiene-comision-especial-covid-19\/#primaryimage"},"thumbnailUrl":"https:\/\/www.sonoraenequipo.com.mx\/storage\/2020\/05\/com-covid.jpg","datePublished":"2020-05-23T02:07:42+00:00","description":"HERMOSILLO, SONORA,MX.\u2500 La Comisi\u00f3n Especial COVID-19 qued\u00f3 formalmente instalada este d\u00eda y sus integrantes aprobaron el plan estrat\u00e9gico de acciones a En Sonora en Equipo publicamos toda la informaci\u00f3n de Sonora, M\u00e9xico y el Mundo de manera oportuna y busca que la libertad de expresi\u00f3n sea real. Visita nuestro medio informativo publicado desde Hermosillo, Sonora. %","breadcrumb":{"@id":"https:\/\/www.sonoraenequipo.com.mx\/congreso-de-sonora-tiene-comision-especial-covid-19\/#breadcrumb"},"inLanguage":"es","potentialAction":[{"@type":"ReadAction","target":["https:\/\/www.sonoraenequipo.com.mx\/congreso-de-sonora-tiene-comision-especial-covid-19\/"]}]},{"@type":"ImageObject","inLanguage":"es","@id":"https:\/\/www.sonoraenequipo.com.mx\/congreso-de-sonora-tiene-comision-especial-covid-19\/#primaryimage","url":"https:\/\/www.sonoraenequipo.com.mx\/storage\/2020\/05\/com-covid.jpg","contentUrl":"https:\/\/www.sonoraenequipo.com.mx\/storage\/2020\/05\/com-covid.jpg","width":600,"height":400},{"@type":"BreadcrumbList","@id":"https:\/\/www.sonoraenequipo.com.mx\/congreso-de-sonora-tiene-comision-especial-covid-19\/#breadcrumb","itemListElement":[{"@type":"ListItem","position":1,"name":"Portada","item":"https:\/\/www.sonoraenequipo.com.mx\/"},{"@type":"ListItem","position":2,"name":"Congreso de Sonora tiene \u00a0Comisi\u00f3n Especial COVID-19"}]},{"@type":"WebSite","@id":"https:\/\/www.sonoraenequipo.com.mx\/#website","url":"https:\/\/www.sonoraenequipo.com.mx\/","name":"Sonora en Equipo.","description":"Diario en l\u00ednea con Noticias desde Hermosillo, Sonora","publisher":{"@id":"https:\/\/www.sonoraenequipo.com.mx\/#organization"},"potentialAction":[{"@type":"SearchAction","target":{"@type":"EntryPoint","urlTemplate":"https:\/\/www.sonoraenequipo.com.mx\/?s={search_term_string}"},"query-input":{"@type":"PropertyValueSpecification","valueRequired":true,"valueName":"search_term_string"}}],"inLanguage":"es"},{"@type":"Organization","@id":"https:\/\/www.sonoraenequipo.com.mx\/#organization","name":"Sonoraenequipo.com.mx","url":"https:\/\/www.sonoraenequipo.com.mx\/","logo":{"@type":"ImageObject","inLanguage":"es","@id":"https:\/\/www.sonoraenequipo.com.mx\/#\/schema\/logo\/image\/","url":"https:\/\/www.sonoraenequipo.com.mx\/storage\/2019\/01\/sonoraenequipo_opt.png","contentUrl":"https:\/\/www.sonoraenequipo.com.mx\/storage\/2019\/01\/sonoraenequipo_opt.png","width":375,"height":125,"caption":"Sonoraenequipo.com.mx"},"image":{"@id":"https:\/\/www.sonoraenequipo.com.mx\/#\/schema\/logo\/image\/"},"sameAs":["https:\/\/www.facebook.com\/SonoraEE\/","https:\/\/x.com\/sonoraenequipo","https:\/\/www.youtube.com\/channel\/UC338nW-lPEYmJQs4ZABQ1SQ"]},{"@type":"Person","@id":"https:\/\/www.sonoraenequipo.com.mx\/#\/schema\/person\/50102df0fb23a8fa9e8effad8fa81386","name":"enequipo","image":{"@type":"ImageObject","inLanguage":"es","@id":"https:\/\/www.sonoraenequipo.com.mx\/#\/schema\/person\/image\/","url":"https:\/\/secure.gravatar.com\/avatar\/049821681b589dabc0bc20695993ccebb09f5b5d4d790cd9251b97faac7c652b?s=96&d=blank&r=g","contentUrl":"https:\/\/secure.gravatar.com\/avatar\/049821681b589dabc0bc20695993ccebb09f5b5d4d790cd9251b97faac7c652b?s=96&d=blank&r=g","caption":"enequipo"},"sameAs":["https:\/\/www.facebook.com\/SonoraEE"]}]}},"jetpack_featured_media_url":"https:\/\/www.sonoraenequipo.com.mx\/storage\/2020\/05\/com-covid.jpg","_links":{"self":[{"href":"https:\/\/www.sonoraenequipo.com.mx\/api\/wp\/v2\/posts\/85811","targetHints":{"allow":["GET"]}}],"collection":[{"href":"https:\/\/www.sonoraenequipo.com.mx\/api\/wp\/v2\/posts"}],"about":[{"href":"https:\/\/www.sonoraenequipo.com.mx\/api\/wp\/v2\/types\/post"}],"author":[{"embeddable":true,"href":"https:\/\/www.sonoraenequipo.com.mx\/api\/wp\/v2\/users\/1"}],"replies":[{"embeddable":true,"href":"https:\/\/www.sonoraenequipo.com.mx\/api\/wp\/v2\/comments?post=85811"}],"version-history":[{"count":0,"href":"https:\/\/www.sonoraenequipo.com.mx\/api\/wp\/v2\/posts\/85811\/revisions"}],"wp:featuredmedia":[{"embeddable":true,"href":"https:\/\/www.sonoraenequipo.com.mx\/api\/wp\/v2\/media\/85812"}],"wp:attachment":[{"href":"https:\/\/www.sonoraenequipo.com.mx\/api\/wp\/v2\/media?parent=85811"}],"wp:term":[{"taxonomy":"category","embeddable":true,"href":"https:\/\/www.sonoraenequipo.com.mx\/api\/wp\/v2\/categories?post=85811"},{"taxonomy":"post_tag","embeddable":true,"href":"https:\/\/www.sonoraenequipo.com.mx\/api\/wp\/v2\/tags?post=85811"}],"curies":[{"name":"wp","href":"https:\/\/api.w.org\/{rel}","templated":true}]}}