{"id":85818,"date":"2020-05-22T20:25:04","date_gmt":"2020-05-23T03:25:04","guid":{"rendered":"https:\/\/www.sonoraenequipo.com.mx\/?p=85818"},"modified":"2020-05-22T19:53:09","modified_gmt":"2020-05-23T02:53:09","slug":"muertos-y-heridos-provoca-trifulca-en-penal-de-puente-grande","status":"publish","type":"post","link":"https:\/\/www.sonoraenequipo.com.mx\/muertos-y-heridos-provoca-trifulca-en-penal-de-puente-grande\/","title":{"rendered":"Trifulca en penal de Puente Grande provoca 7 muertes y 5 heridos+"},"content":{"rendered":"<p>GUADALAJARA, JALISCO. MX. \u2014 La fiscal\u00eda de Jalisco inform\u00f3 que el enfrentamiento que se report\u00f3 este viernes en el penal de Puente Grande dej\u00f3 al menos siete muertos y cinco personas detenidas.<\/p>\n<p> <\/p>\n<p>En conferencia de prensa, diversas autoridades locales informaron que se reportaron hasta siete disparos con armas de fuego a las 13:00 horas dentro del penal de sentenciados de Puente Grande.<\/p>\n<p><em>\u00abNunca hubo un intento de mot\u00edn, ni una ri\u00f1a\u00bb<\/em>, dijeron. Tres de los muertos fueron a causa de arma de fuego y cuatro por golpes, inform\u00f3 tambi\u00e9n la fiscal\u00eda.<\/p>\n<p>Luego de ser reportada una fuerte movilizaci\u00f3n fuera del centro de reclusi\u00f3n, autoridades locales ofrecieron una conferencia donde dieron detalles de lo sucedido.<\/p>\n<p>A pregunta de la prensa informaron que los hechos ocurrieron luego de un partido de beisbol, pero descartaron que los integrantes de la ri\u00f1a hayan participado en la actividad deportiva Si bien aceptaron que a\u00fan no hay una hip\u00f3tesis concreta, s\u00ed relataron que un grupo agredi\u00f3 a otro con armas de fuego y que los segundos respondieron a golpes.<\/p>\n<p>(PUBLICADO EL 22\/05\/2020)<\/p>\n","protected":false},"excerpt":{"rendered":"<p>GUADALAJARA, JALISCO. MX. \u2014 La fiscal\u00eda de Jalisco inform\u00f3 que el enfrentamiento que se report\u00f3&#8230;<\/p>\n","protected":false},"author":1,"featured_media":85819,"comment_status":"open","ping_status":"open","sticky":false,"template":"","format":"standard","meta":{"_monsterinsights_skip_tracking":false,"_monsterinsights_sitenote_active":false,"_monsterinsights_sitenote_note":"","_monsterinsights_sitenote_category":0,"footnotes":""},"categories":[5],"tags":[],"class_list":["post"],"yoast_head":" \n<title>Sonora en Equipo. Trifulca en penal de Puente Grande provoca 7 muertes y 5 heridos+ Rep\u00fablica<\/title>\n<meta name=\"description\" content=\"GUADALAJARA, JALISCO. MX. \u2014 La fiscal\u00eda de Jalisco inform\u00f3 que el enfrentamiento que se report\u00f3 este viernes en el penal de Puente Grande dej\u00f3 al menos En Sonora en Equipo publicamos toda la informaci\u00f3n de Sonora, M\u00e9xico y el Mundo de manera oportuna y busca que la libertad de expresi\u00f3n sea real. Visita nuestro medio informativo publicado desde Hermosillo, Sonora. %\" \/>\n<meta name=\"robots\" content=\"index, follow, max-snippet:-1, max-image-preview:large, max-video-preview:-1\" \/>\n<link rel=\"canonical\" href=\"https:\/\/www.sonoraenequipo.com.mx\/muertos-y-heridos-provoca-trifulca-en-penal-de-puente-grande\/\" \/>\n<meta property=\"og:locale\" content=\"es_ES\" \/>\n<meta property=\"og:type\" content=\"article\" \/>\n<meta property=\"og:title\" content=\"Sonora en Equipo. Trifulca en penal de Puente Grande provoca 7 muertes y 5 heridos+ Rep\u00fablica\" \/>\n<meta property=\"og:description\" content=\"GUADALAJARA, JALISCO. MX. \u2014 La fiscal\u00eda de Jalisco inform\u00f3 que el enfrentamiento que se report\u00f3 este viernes en el penal de Puente Grande dej\u00f3 al menos En Sonora en Equipo publicamos toda la informaci\u00f3n de Sonora, M\u00e9xico y el Mundo de manera oportuna y busca que la libertad de expresi\u00f3n sea real. Visita nuestro medio informativo publicado desde Hermosillo, Sonora. %\" \/>\n<meta property=\"og:url\" content=\"https:\/\/www.sonoraenequipo.com.mx\/muertos-y-heridos-provoca-trifulca-en-penal-de-puente-grande\/\" \/>\n<meta property=\"og:site_name\" content=\"Sonora en Equipo.\" \/>\n<meta property=\"article:publisher\" content=\"https:\/\/www.facebook.com\/SonoraEE\/\" \/>\n<meta property=\"article:author\" content=\"https:\/\/www.facebook.com\/SonoraEE\" \/>\n<meta property=\"article:published_time\" content=\"2020-05-23T03:25:04+00:00\" \/>\n<meta property=\"og:image\" content=\"https:\/\/www.sonoraenequipo.com.mx\/storage\/2020\/05\/puente-grande_opt1.jpg\" \/>\n\t<meta property=\"og:image:width\" content=\"711\" \/>\n\t<meta property=\"og:image:height\" content=\"400\" \/>\n\t<meta property=\"og:image:type\" content=\"image\/jpeg\" \/>\n<meta name=\"author\" content=\"enequipo\" \/>\n<meta name=\"twitter:card\" content=\"summary_large_image\" \/>\n<meta name=\"twitter:creator\" content=\"@sonoraenequipo\" \/>\n<meta name=\"twitter:site\" content=\"@sonoraenequipo\" \/>\n<meta name=\"twitter:label1\" content=\"Escrito por\" \/>\n\t<meta name=\"twitter:data1\" content=\"enequipo\" \/>\n\t<meta name=\"twitter:label2\" content=\"Tiempo de lectura\" \/>\n\t<meta name=\"twitter:data2\" content=\"1 minuto\" \/>\n<script type=\"application\/ld+json\" class=\"yoast-schema-graph\">{\"@context\":\"https:\/\/schema.org\",\"@graph\":[{\"@type\":\"Article\",\"@id\":\"https:\/\/www.sonoraenequipo.com.mx\/muertos-y-heridos-provoca-trifulca-en-penal-de-puente-grande\/#article\",\"isPartOf\":{\"@id\":\"https:\/\/www.sonoraenequipo.com.mx\/muertos-y-heridos-provoca-trifulca-en-penal-de-puente-grande\/\"},\"author\":{\"name\":\"enequipo\",\"@id\":\"https:\/\/www.sonoraenequipo.com.mx\/#\/schema\/person\/50102df0fb23a8fa9e8effad8fa81386\"},\"headline\":\"Trifulca en penal de Puente Grande provoca 7 muertes y 5 heridos+\",\"datePublished\":\"2020-05-23T03:25:04+00:00\",\"mainEntityOfPage\":{\"@id\":\"https:\/\/www.sonoraenequipo.com.mx\/muertos-y-heridos-provoca-trifulca-en-penal-de-puente-grande\/\"},\"wordCount\":193,\"commentCount\":0,\"publisher\":{\"@id\":\"https:\/\/www.sonoraenequipo.com.mx\/#organization\"},\"image\":{\"@id\":\"https:\/\/www.sonoraenequipo.com.mx\/muertos-y-heridos-provoca-trifulca-en-penal-de-puente-grande\/#primaryimage\"},\"thumbnailUrl\":\"https:\/\/www.sonoraenequipo.com.mx\/storage\/2020\/05\/puente-grande_opt1.jpg\",\"articleSection\":[\"Rep\u00fablica\"],\"inLanguage\":\"es\",\"potentialAction\":[{\"@type\":\"CommentAction\",\"name\":\"Comment\",\"target\":[\"https:\/\/www.sonoraenequipo.com.mx\/muertos-y-heridos-provoca-trifulca-en-penal-de-puente-grande\/#respond\"]}]},{\"@type\":\"WebPage\",\"@id\":\"https:\/\/www.sonoraenequipo.com.mx\/muertos-y-heridos-provoca-trifulca-en-penal-de-puente-grande\/\",\"url\":\"https:\/\/www.sonoraenequipo.com.mx\/muertos-y-heridos-provoca-trifulca-en-penal-de-puente-grande\/\",\"name\":\"Sonora en Equipo. Trifulca en penal de Puente Grande provoca 7 muertes y 5 heridos+ Rep\u00fablica\",\"isPartOf\":{\"@id\":\"https:\/\/www.sonoraenequipo.com.mx\/#website\"},\"primaryImageOfPage\":{\"@id\":\"https:\/\/www.sonoraenequipo.com.mx\/muertos-y-heridos-provoca-trifulca-en-penal-de-puente-grande\/#primaryimage\"},\"image\":{\"@id\":\"https:\/\/www.sonoraenequipo.com.mx\/muertos-y-heridos-provoca-trifulca-en-penal-de-puente-grande\/#primaryimage\"},\"thumbnailUrl\":\"https:\/\/www.sonoraenequipo.com.mx\/storage\/2020\/05\/puente-grande_opt1.jpg\",\"datePublished\":\"2020-05-23T03:25:04+00:00\",\"description\":\"GUADALAJARA, JALISCO. MX. \u2014 La fiscal\u00eda de Jalisco inform\u00f3 que el enfrentamiento que se report\u00f3 este viernes en el penal de Puente Grande dej\u00f3 al menos En Sonora en Equipo publicamos toda la informaci\u00f3n de Sonora, M\u00e9xico y el Mundo de manera oportuna y busca que la libertad de expresi\u00f3n sea real. Visita nuestro medio informativo publicado desde Hermosillo, Sonora. %\",\"breadcrumb\":{\"@id\":\"https:\/\/www.sonoraenequipo.com.mx\/muertos-y-heridos-provoca-trifulca-en-penal-de-puente-grande\/#breadcrumb\"},\"inLanguage\":\"es\",\"potentialAction\":[{\"@type\":\"ReadAction\",\"target\":[\"https:\/\/www.sonoraenequipo.com.mx\/muertos-y-heridos-provoca-trifulca-en-penal-de-puente-grande\/\"]}]},{\"@type\":\"ImageObject\",\"inLanguage\":\"es\",\"@id\":\"https:\/\/www.sonoraenequipo.com.mx\/muertos-y-heridos-provoca-trifulca-en-penal-de-puente-grande\/#primaryimage\",\"url\":\"https:\/\/www.sonoraenequipo.com.mx\/storage\/2020\/05\/puente-grande_opt1.jpg\",\"contentUrl\":\"https:\/\/www.sonoraenequipo.com.mx\/storage\/2020\/05\/puente-grande_opt1.jpg\",\"width\":711,\"height\":400},{\"@type\":\"BreadcrumbList\",\"@id\":\"https:\/\/www.sonoraenequipo.com.mx\/muertos-y-heridos-provoca-trifulca-en-penal-de-puente-grande\/#breadcrumb\",\"itemListElement\":[{\"@type\":\"ListItem\",\"position\":1,\"name\":\"Portada\",\"item\":\"https:\/\/www.sonoraenequipo.com.mx\/\"},{\"@type\":\"ListItem\",\"position\":2,\"name\":\"Trifulca en penal de Puente Grande provoca 7 muertes y 5 heridos+\"}]},{\"@type\":\"WebSite\",\"@id\":\"https:\/\/www.sonoraenequipo.com.mx\/#website\",\"url\":\"https:\/\/www.sonoraenequipo.com.mx\/\",\"name\":\"Sonora en Equipo.\",\"description\":\"Diario en l\u00ednea con Noticias desde Hermosillo, Sonora\",\"publisher\":{\"@id\":\"https:\/\/www.sonoraenequipo.com.mx\/#organization\"},\"potentialAction\":[{\"@type\":\"SearchAction\",\"target\":{\"@type\":\"EntryPoint\",\"urlTemplate\":\"https:\/\/www.sonoraenequipo.com.mx\/?s={search_term_string}\"},\"query-input\":{\"@type\":\"PropertyValueSpecification\",\"valueRequired\":true,\"valueName\":\"search_term_string\"}}],\"inLanguage\":\"es\"},{\"@type\":\"Organization\",\"@id\":\"https:\/\/www.sonoraenequipo.com.mx\/#organization\",\"name\":\"Sonoraenequipo.com.mx\",\"url\":\"https:\/\/www.sonoraenequipo.com.mx\/\",\"logo\":{\"@type\":\"ImageObject\",\"inLanguage\":\"es\",\"@id\":\"https:\/\/www.sonoraenequipo.com.mx\/#\/schema\/logo\/image\/\",\"url\":\"https:\/\/www.sonoraenequipo.com.mx\/storage\/2019\/01\/sonoraenequipo_opt.png\",\"contentUrl\":\"https:\/\/www.sonoraenequipo.com.mx\/storage\/2019\/01\/sonoraenequipo_opt.png\",\"width\":375,\"height\":125,\"caption\":\"Sonoraenequipo.com.mx\"},\"image\":{\"@id\":\"https:\/\/www.sonoraenequipo.com.mx\/#\/schema\/logo\/image\/\"},\"sameAs\":[\"https:\/\/www.facebook.com\/SonoraEE\/\",\"https:\/\/x.com\/sonoraenequipo\",\"https:\/\/www.youtube.com\/channel\/UC338nW-lPEYmJQs4ZABQ1SQ\"]},{\"@type\":\"Person\",\"@id\":\"https:\/\/www.sonoraenequipo.com.mx\/#\/schema\/person\/50102df0fb23a8fa9e8effad8fa81386\",\"name\":\"enequipo\",\"image\":{\"@type\":\"ImageObject\",\"inLanguage\":\"es\",\"@id\":\"https:\/\/www.sonoraenequipo.com.mx\/#\/schema\/person\/image\/\",\"url\":\"https:\/\/secure.gravatar.com\/avatar\/049821681b589dabc0bc20695993ccebb09f5b5d4d790cd9251b97faac7c652b?s=96&d=blank&r=g\",\"contentUrl\":\"https:\/\/secure.gravatar.com\/avatar\/049821681b589dabc0bc20695993ccebb09f5b5d4d790cd9251b97faac7c652b?s=96&d=blank&r=g\",\"caption\":\"enequipo\"},\"sameAs\":[\"https:\/\/www.facebook.com\/SonoraEE\"]}]}<\/script>\n ","yoast_head_json":{"title":"Sonora en Equipo. Trifulca en penal de Puente Grande provoca 7 muertes y 5 heridos+ Rep\u00fablica","description":"GUADALAJARA, JALISCO. MX. \u2014 La fiscal\u00eda de Jalisco inform\u00f3 que el enfrentamiento que se report\u00f3 este viernes en el penal de Puente Grande dej\u00f3 al menos En Sonora en Equipo publicamos toda la informaci\u00f3n de Sonora, M\u00e9xico y el Mundo de manera oportuna y busca que la libertad de expresi\u00f3n sea real. Visita nuestro medio informativo publicado desde Hermosillo, Sonora. %","robots":{"index":"index","follow":"follow","max-snippet":"max-snippet:-1","max-image-preview":"max-image-preview:large","max-video-preview":"max-video-preview:-1"},"canonical":"https:\/\/www.sonoraenequipo.com.mx\/muertos-y-heridos-provoca-trifulca-en-penal-de-puente-grande\/","og_locale":"es_ES","og_type":"article","og_title":"Sonora en Equipo. Trifulca en penal de Puente Grande provoca 7 muertes y 5 heridos+ Rep\u00fablica","og_description":"GUADALAJARA, JALISCO. MX. \u2014 La fiscal\u00eda de Jalisco inform\u00f3 que el enfrentamiento que se report\u00f3 este viernes en el penal de Puente Grande dej\u00f3 al menos En Sonora en Equipo publicamos toda la informaci\u00f3n de Sonora, M\u00e9xico y el Mundo de manera oportuna y busca que la libertad de expresi\u00f3n sea real. Visita nuestro medio informativo publicado desde Hermosillo, Sonora. %","og_url":"https:\/\/www.sonoraenequipo.com.mx\/muertos-y-heridos-provoca-trifulca-en-penal-de-puente-grande\/","og_site_name":"Sonora en Equipo.","article_publisher":"https:\/\/www.facebook.com\/SonoraEE\/","article_author":"https:\/\/www.facebook.com\/SonoraEE","article_published_time":"2020-05-23T03:25:04+00:00","og_image":[{"width":711,"height":400,"url":"https:\/\/www.sonoraenequipo.com.mx\/storage\/2020\/05\/puente-grande_opt1.jpg","type":"image\/jpeg"}],"author":"enequipo","twitter_card":"summary_large_image","twitter_creator":"@sonoraenequipo","twitter_site":"@sonoraenequipo","twitter_misc":{"Escrito por":"enequipo","Tiempo de lectura":"1 minuto"},"schema":{"@context":"https:\/\/schema.org","@graph":[{"@type":"Article","@id":"https:\/\/www.sonoraenequipo.com.mx\/muertos-y-heridos-provoca-trifulca-en-penal-de-puente-grande\/#article","isPartOf":{"@id":"https:\/\/www.sonoraenequipo.com.mx\/muertos-y-heridos-provoca-trifulca-en-penal-de-puente-grande\/"},"author":{"name":"enequipo","@id":"https:\/\/www.sonoraenequipo.com.mx\/#\/schema\/person\/50102df0fb23a8fa9e8effad8fa81386"},"headline":"Trifulca en penal de Puente Grande provoca 7 muertes y 5 heridos+","datePublished":"2020-05-23T03:25:04+00:00","mainEntityOfPage":{"@id":"https:\/\/www.sonoraenequipo.com.mx\/muertos-y-heridos-provoca-trifulca-en-penal-de-puente-grande\/"},"wordCount":193,"commentCount":0,"publisher":{"@id":"https:\/\/www.sonoraenequipo.com.mx\/#organization"},"image":{"@id":"https:\/\/www.sonoraenequipo.com.mx\/muertos-y-heridos-provoca-trifulca-en-penal-de-puente-grande\/#primaryimage"},"thumbnailUrl":"https:\/\/www.sonoraenequipo.com.mx\/storage\/2020\/05\/puente-grande_opt1.jpg","articleSection":["Rep\u00fablica"],"inLanguage":"es","potentialAction":[{"@type":"CommentAction","name":"Comment","target":["https:\/\/www.sonoraenequipo.com.mx\/muertos-y-heridos-provoca-trifulca-en-penal-de-puente-grande\/#respond"]}]},{"@type":"WebPage","@id":"https:\/\/www.sonoraenequipo.com.mx\/muertos-y-heridos-provoca-trifulca-en-penal-de-puente-grande\/","url":"https:\/\/www.sonoraenequipo.com.mx\/muertos-y-heridos-provoca-trifulca-en-penal-de-puente-grande\/","name":"Sonora en Equipo. Trifulca en penal de Puente Grande provoca 7 muertes y 5 heridos+ Rep\u00fablica","isPartOf":{"@id":"https:\/\/www.sonoraenequipo.com.mx\/#website"},"primaryImageOfPage":{"@id":"https:\/\/www.sonoraenequipo.com.mx\/muertos-y-heridos-provoca-trifulca-en-penal-de-puente-grande\/#primaryimage"},"image":{"@id":"https:\/\/www.sonoraenequipo.com.mx\/muertos-y-heridos-provoca-trifulca-en-penal-de-puente-grande\/#primaryimage"},"thumbnailUrl":"https:\/\/www.sonoraenequipo.com.mx\/storage\/2020\/05\/puente-grande_opt1.jpg","datePublished":"2020-05-23T03:25:04+00:00","description":"GUADALAJARA, JALISCO. MX. \u2014 La fiscal\u00eda de Jalisco inform\u00f3 que el enfrentamiento que se report\u00f3 este viernes en el penal de Puente Grande dej\u00f3 al menos En Sonora en Equipo publicamos toda la informaci\u00f3n de Sonora, M\u00e9xico y el Mundo de manera oportuna y busca que la libertad de expresi\u00f3n sea real. Visita nuestro medio informativo publicado desde Hermosillo, Sonora. %","breadcrumb":{"@id":"https:\/\/www.sonoraenequipo.com.mx\/muertos-y-heridos-provoca-trifulca-en-penal-de-puente-grande\/#breadcrumb"},"inLanguage":"es","potentialAction":[{"@type":"ReadAction","target":["https:\/\/www.sonoraenequipo.com.mx\/muertos-y-heridos-provoca-trifulca-en-penal-de-puente-grande\/"]}]},{"@type":"ImageObject","inLanguage":"es","@id":"https:\/\/www.sonoraenequipo.com.mx\/muertos-y-heridos-provoca-trifulca-en-penal-de-puente-grande\/#primaryimage","url":"https:\/\/www.sonoraenequipo.com.mx\/storage\/2020\/05\/puente-grande_opt1.jpg","contentUrl":"https:\/\/www.sonoraenequipo.com.mx\/storage\/2020\/05\/puente-grande_opt1.jpg","width":711,"height":400},{"@type":"BreadcrumbList","@id":"https:\/\/www.sonoraenequipo.com.mx\/muertos-y-heridos-provoca-trifulca-en-penal-de-puente-grande\/#breadcrumb","itemListElement":[{"@type":"ListItem","position":1,"name":"Portada","item":"https:\/\/www.sonoraenequipo.com.mx\/"},{"@type":"ListItem","position":2,"name":"Trifulca en penal de Puente Grande provoca 7 muertes y 5 heridos+"}]},{"@type":"WebSite","@id":"https:\/\/www.sonoraenequipo.com.mx\/#website","url":"https:\/\/www.sonoraenequipo.com.mx\/","name":"Sonora en Equipo.","description":"Diario en l\u00ednea con Noticias desde Hermosillo, Sonora","publisher":{"@id":"https:\/\/www.sonoraenequipo.com.mx\/#organization"},"potentialAction":[{"@type":"SearchAction","target":{"@type":"EntryPoint","urlTemplate":"https:\/\/www.sonoraenequipo.com.mx\/?s={search_term_string}"},"query-input":{"@type":"PropertyValueSpecification","valueRequired":true,"valueName":"search_term_string"}}],"inLanguage":"es"},{"@type":"Organization","@id":"https:\/\/www.sonoraenequipo.com.mx\/#organization","name":"Sonoraenequipo.com.mx","url":"https:\/\/www.sonoraenequipo.com.mx\/","logo":{"@type":"ImageObject","inLanguage":"es","@id":"https:\/\/www.sonoraenequipo.com.mx\/#\/schema\/logo\/image\/","url":"https:\/\/www.sonoraenequipo.com.mx\/storage\/2019\/01\/sonoraenequipo_opt.png","contentUrl":"https:\/\/www.sonoraenequipo.com.mx\/storage\/2019\/01\/sonoraenequipo_opt.png","width":375,"height":125,"caption":"Sonoraenequipo.com.mx"},"image":{"@id":"https:\/\/www.sonoraenequipo.com.mx\/#\/schema\/logo\/image\/"},"sameAs":["https:\/\/www.facebook.com\/SonoraEE\/","https:\/\/x.com\/sonoraenequipo","https:\/\/www.youtube.com\/channel\/UC338nW-lPEYmJQs4ZABQ1SQ"]},{"@type":"Person","@id":"https:\/\/www.sonoraenequipo.com.mx\/#\/schema\/person\/50102df0fb23a8fa9e8effad8fa81386","name":"enequipo","image":{"@type":"ImageObject","inLanguage":"es","@id":"https:\/\/www.sonoraenequipo.com.mx\/#\/schema\/person\/image\/","url":"https:\/\/secure.gravatar.com\/avatar\/049821681b589dabc0bc20695993ccebb09f5b5d4d790cd9251b97faac7c652b?s=96&d=blank&r=g","contentUrl":"https:\/\/secure.gravatar.com\/avatar\/049821681b589dabc0bc20695993ccebb09f5b5d4d790cd9251b97faac7c652b?s=96&d=blank&r=g","caption":"enequipo"},"sameAs":["https:\/\/www.facebook.com\/SonoraEE"]}]}},"jetpack_featured_media_url":"https:\/\/www.sonoraenequipo.com.mx\/storage\/2020\/05\/puente-grande_opt1.jpg","_links":{"self":[{"href":"https:\/\/www.sonoraenequipo.com.mx\/api\/wp\/v2\/posts\/85818","targetHints":{"allow":["GET"]}}],"collection":[{"href":"https:\/\/www.sonoraenequipo.com.mx\/api\/wp\/v2\/posts"}],"about":[{"href":"https:\/\/www.sonoraenequipo.com.mx\/api\/wp\/v2\/types\/post"}],"author":[{"embeddable":true,"href":"https:\/\/www.sonoraenequipo.com.mx\/api\/wp\/v2\/users\/1"}],"replies":[{"embeddable":true,"href":"https:\/\/www.sonoraenequipo.com.mx\/api\/wp\/v2\/comments?post=85818"}],"version-history":[{"count":0,"href":"https:\/\/www.sonoraenequipo.com.mx\/api\/wp\/v2\/posts\/85818\/revisions"}],"wp:featuredmedia":[{"embeddable":true,"href":"https:\/\/www.sonoraenequipo.com.mx\/api\/wp\/v2\/media\/85819"}],"wp:attachment":[{"href":"https:\/\/www.sonoraenequipo.com.mx\/api\/wp\/v2\/media?parent=85818"}],"wp:term":[{"taxonomy":"category","embeddable":true,"href":"https:\/\/www.sonoraenequipo.com.mx\/api\/wp\/v2\/categories?post=85818"},{"taxonomy":"post_tag","embeddable":true,"href":"https:\/\/www.sonoraenequipo.com.mx\/api\/wp\/v2\/tags?post=85818"}],"curies":[{"name":"wp","href":"https:\/\/api.w.org\/{rel}","templated":true}]}}