{"id":86683,"date":"2020-06-03T16:02:06","date_gmt":"2020-06-03T23:02:06","guid":{"rendered":"https:\/\/www.sonoraenequipo.com.mx\/?p=86683"},"modified":"2020-06-03T16:02:06","modified_gmt":"2020-06-03T23:02:06","slug":"llaman-a-hermosillenses-a-mantenerse-en-resguardo","status":"publish","type":"post","link":"https:\/\/www.sonoraenequipo.com.mx\/llaman-a-hermosillenses-a-mantenerse-en-resguardo\/","title":{"rendered":"Llaman a hermosillenses a mantenerse en resguardo"},"content":{"rendered":"<p>HERMOSILLO, SONORA,MX.\u2500 Ante el inicio de las actividades en sectores importantes como la construcci\u00f3n, la industria automotriz y la actividad minera, las autoridades hacen hincapi\u00e9 en que no se debe bajar la guardia y quienes no realicen actividades esenciales deben mantenerse en resguardo, esto a fin de evitar nuevos brotes de Covid-19. <\/p>\n<p>&nbsp;<\/p>\n<p>Por este panorama, el Director de Tr\u00e1nsito Municipal, Jes\u00fas Alonso Dur\u00f3n Monta\u00f1o, hizo un llamado a los hermosillenses a continuar con las medidas de prevenci\u00f3n que se han aplicado desde inicios de la pandemia, pues el flujo de personas en las calles de la capital sonorense se ha incrementado en fechas recientes, al igual que las visitas a lugares recreativos y tur\u00edsticos.<\/p>\n<p>&nbsp;<\/p>\n<p>\u201cHermosillo se encuentra en la etapa m\u00e1s cr\u00edtica de contagios, as\u00ed lo han dicho las autoridades de salud y los n\u00fameros de la \u00faltima semana lo han confirmado; la presencia de ciudadanos en las calles ha ido en aumento, as\u00ed como en las zonas tur\u00edsticas\u201d, dijo el comandante.<\/p>\n<p>&nbsp;<\/p>\n<p>Es por estas razones que el director de Tr\u00e1nsito inst\u00f3 a los ciudadanos de Hermosillo a unirse a este esfuerzo, en una lucha por mantener la salud de todos los habitantes de la capital mediante el cumplimiento de las medidas sanitarias que, paulatinamente, nos llevar\u00e1n a una nueva normalidad.<\/p>\n<p>&nbsp;<\/p>\n<p>\u201cHoy m\u00e1s que nunca necesitamos que los hermosillenses tomen partido en esta lucha; necesitamos que toda persona que no tenga actividades esenciales que realizar en la v\u00eda p\u00fablica, se quede en casa, se quede a salvo; el inicio de una nueva normalidad implica el compromiso y entrega de todos nosotros: prot\u00e9gete y protege a tu familia\u201d, concluy\u00f3.<\/p>\n<p>Fecha de Publicaci\u00f3n 03\/jun\/2020<\/p>\n","protected":false},"excerpt":{"rendered":"<p>HERMOSILLO, SONORA,MX.\u2500 Ante el inicio de las actividades en sectores importantes como la construcci\u00f3n, la&#8230;<\/p>\n","protected":false},"author":1,"featured_media":72677,"comment_status":"open","ping_status":"open","sticky":false,"template":"","format":"standard","meta":{"_monsterinsights_skip_tracking":false,"_monsterinsights_sitenote_active":false,"_monsterinsights_sitenote_note":"","_monsterinsights_sitenote_category":0,"footnotes":""},"categories":[4],"tags":[4198],"class_list":["post"],"yoast_head":" \n<title>Sonora en Equipo. Llaman a hermosillenses a mantenerse en resguardo Municipios<\/title>\n<meta name=\"description\" content=\"HERMOSILLO, SONORA,MX.\u2500 Ante el inicio de las actividades en sectores importantes como la construcci\u00f3n, la industria automotriz y la actividad minera, las En Sonora en Equipo publicamos toda la informaci\u00f3n de Sonora, M\u00e9xico y el Mundo de manera oportuna y busca que la libertad de expresi\u00f3n sea real. Visita nuestro medio informativo publicado desde Hermosillo, Sonora. %\" \/>\n<meta name=\"robots\" content=\"index, follow, max-snippet:-1, max-image-preview:large, max-video-preview:-1\" \/>\n<link rel=\"canonical\" href=\"https:\/\/www.sonoraenequipo.com.mx\/llaman-a-hermosillenses-a-mantenerse-en-resguardo\/\" \/>\n<meta property=\"og:locale\" content=\"es_ES\" \/>\n<meta property=\"og:type\" content=\"article\" \/>\n<meta property=\"og:title\" content=\"Sonora en Equipo. Llaman a hermosillenses a mantenerse en resguardo Municipios\" \/>\n<meta property=\"og:description\" content=\"HERMOSILLO, SONORA,MX.\u2500 Ante el inicio de las actividades en sectores importantes como la construcci\u00f3n, la industria automotriz y la actividad minera, las En Sonora en Equipo publicamos toda la informaci\u00f3n de Sonora, M\u00e9xico y el Mundo de manera oportuna y busca que la libertad de expresi\u00f3n sea real. Visita nuestro medio informativo publicado desde Hermosillo, Sonora. %\" \/>\n<meta property=\"og:url\" content=\"https:\/\/www.sonoraenequipo.com.mx\/llaman-a-hermosillenses-a-mantenerse-en-resguardo\/\" \/>\n<meta property=\"og:site_name\" content=\"Sonora en Equipo.\" \/>\n<meta property=\"article:publisher\" content=\"https:\/\/www.facebook.com\/SonoraEE\/\" \/>\n<meta property=\"article:author\" content=\"https:\/\/www.facebook.com\/SonoraEE\" \/>\n<meta property=\"article:published_time\" content=\"2020-06-03T23:02:06+00:00\" \/>\n<meta property=\"og:image\" content=\"https:\/\/www.sonoraenequipo.com.mx\/storage\/2019\/11\/Jes\u00fas-Alonso-Dur\u00f3n-Tr\u00e1nsito-Hillo_opt.jpg\" \/>\n\t<meta property=\"og:image:width\" content=\"700\" \/>\n\t<meta property=\"og:image:height\" content=\"400\" \/>\n\t<meta property=\"og:image:type\" content=\"image\/jpeg\" \/>\n<meta name=\"author\" content=\"enequipo\" \/>\n<meta name=\"twitter:card\" content=\"summary_large_image\" \/>\n<meta name=\"twitter:creator\" content=\"@sonoraenequipo\" \/>\n<meta name=\"twitter:site\" content=\"@sonoraenequipo\" \/>\n<meta name=\"twitter:label1\" content=\"Escrito por\" \/>\n\t<meta name=\"twitter:data1\" content=\"enequipo\" \/>\n\t<meta name=\"twitter:label2\" content=\"Tiempo de lectura\" \/>\n\t<meta name=\"twitter:data2\" content=\"1 minuto\" \/>\n<script type=\"application\/ld+json\" class=\"yoast-schema-graph\">{\"@context\":\"https:\/\/schema.org\",\"@graph\":[{\"@type\":\"Article\",\"@id\":\"https:\/\/www.sonoraenequipo.com.mx\/llaman-a-hermosillenses-a-mantenerse-en-resguardo\/#article\",\"isPartOf\":{\"@id\":\"https:\/\/www.sonoraenequipo.com.mx\/llaman-a-hermosillenses-a-mantenerse-en-resguardo\/\"},\"author\":{\"name\":\"enequipo\",\"@id\":\"https:\/\/www.sonoraenequipo.com.mx\/#\/schema\/person\/50102df0fb23a8fa9e8effad8fa81386\"},\"headline\":\"Llaman a hermosillenses a mantenerse en resguardo\",\"datePublished\":\"2020-06-03T23:02:06+00:00\",\"mainEntityOfPage\":{\"@id\":\"https:\/\/www.sonoraenequipo.com.mx\/llaman-a-hermosillenses-a-mantenerse-en-resguardo\/\"},\"wordCount\":302,\"commentCount\":0,\"publisher\":{\"@id\":\"https:\/\/www.sonoraenequipo.com.mx\/#organization\"},\"image\":{\"@id\":\"https:\/\/www.sonoraenequipo.com.mx\/llaman-a-hermosillenses-a-mantenerse-en-resguardo\/#primaryimage\"},\"thumbnailUrl\":\"https:\/\/www.sonoraenequipo.com.mx\/storage\/2019\/11\/Jes\u00fas-Alonso-Dur\u00f3n-Tr\u00e1nsito-Hillo_opt.jpg\",\"keywords\":[\"Covid-19\"],\"articleSection\":[\"Municipios\"],\"inLanguage\":\"es\",\"potentialAction\":[{\"@type\":\"CommentAction\",\"name\":\"Comment\",\"target\":[\"https:\/\/www.sonoraenequipo.com.mx\/llaman-a-hermosillenses-a-mantenerse-en-resguardo\/#respond\"]}]},{\"@type\":\"WebPage\",\"@id\":\"https:\/\/www.sonoraenequipo.com.mx\/llaman-a-hermosillenses-a-mantenerse-en-resguardo\/\",\"url\":\"https:\/\/www.sonoraenequipo.com.mx\/llaman-a-hermosillenses-a-mantenerse-en-resguardo\/\",\"name\":\"Sonora en Equipo. Llaman a hermosillenses a mantenerse en resguardo Municipios\",\"isPartOf\":{\"@id\":\"https:\/\/www.sonoraenequipo.com.mx\/#website\"},\"primaryImageOfPage\":{\"@id\":\"https:\/\/www.sonoraenequipo.com.mx\/llaman-a-hermosillenses-a-mantenerse-en-resguardo\/#primaryimage\"},\"image\":{\"@id\":\"https:\/\/www.sonoraenequipo.com.mx\/llaman-a-hermosillenses-a-mantenerse-en-resguardo\/#primaryimage\"},\"thumbnailUrl\":\"https:\/\/www.sonoraenequipo.com.mx\/storage\/2019\/11\/Jes\u00fas-Alonso-Dur\u00f3n-Tr\u00e1nsito-Hillo_opt.jpg\",\"datePublished\":\"2020-06-03T23:02:06+00:00\",\"description\":\"HERMOSILLO, SONORA,MX.\u2500 Ante el inicio de las actividades en sectores importantes como la construcci\u00f3n, la industria automotriz y la actividad minera, las En Sonora en Equipo publicamos toda la informaci\u00f3n de Sonora, M\u00e9xico y el Mundo de manera oportuna y busca que la libertad de expresi\u00f3n sea real. Visita nuestro medio informativo publicado desde Hermosillo, Sonora. %\",\"breadcrumb\":{\"@id\":\"https:\/\/www.sonoraenequipo.com.mx\/llaman-a-hermosillenses-a-mantenerse-en-resguardo\/#breadcrumb\"},\"inLanguage\":\"es\",\"potentialAction\":[{\"@type\":\"ReadAction\",\"target\":[\"https:\/\/www.sonoraenequipo.com.mx\/llaman-a-hermosillenses-a-mantenerse-en-resguardo\/\"]}]},{\"@type\":\"ImageObject\",\"inLanguage\":\"es\",\"@id\":\"https:\/\/www.sonoraenequipo.com.mx\/llaman-a-hermosillenses-a-mantenerse-en-resguardo\/#primaryimage\",\"url\":\"https:\/\/www.sonoraenequipo.com.mx\/storage\/2019\/11\/Jes\u00fas-Alonso-Dur\u00f3n-Tr\u00e1nsito-Hillo_opt.jpg\",\"contentUrl\":\"https:\/\/www.sonoraenequipo.com.mx\/storage\/2019\/11\/Jes\u00fas-Alonso-Dur\u00f3n-Tr\u00e1nsito-Hillo_opt.jpg\",\"width\":700,\"height\":400},{\"@type\":\"BreadcrumbList\",\"@id\":\"https:\/\/www.sonoraenequipo.com.mx\/llaman-a-hermosillenses-a-mantenerse-en-resguardo\/#breadcrumb\",\"itemListElement\":[{\"@type\":\"ListItem\",\"position\":1,\"name\":\"Portada\",\"item\":\"https:\/\/www.sonoraenequipo.com.mx\/\"},{\"@type\":\"ListItem\",\"position\":2,\"name\":\"Llaman a hermosillenses a mantenerse en resguardo\"}]},{\"@type\":\"WebSite\",\"@id\":\"https:\/\/www.sonoraenequipo.com.mx\/#website\",\"url\":\"https:\/\/www.sonoraenequipo.com.mx\/\",\"name\":\"Sonora en Equipo.\",\"description\":\"Diario en l\u00ednea con Noticias desde Hermosillo, Sonora\",\"publisher\":{\"@id\":\"https:\/\/www.sonoraenequipo.com.mx\/#organization\"},\"potentialAction\":[{\"@type\":\"SearchAction\",\"target\":{\"@type\":\"EntryPoint\",\"urlTemplate\":\"https:\/\/www.sonoraenequipo.com.mx\/?s={search_term_string}\"},\"query-input\":{\"@type\":\"PropertyValueSpecification\",\"valueRequired\":true,\"valueName\":\"search_term_string\"}}],\"inLanguage\":\"es\"},{\"@type\":\"Organization\",\"@id\":\"https:\/\/www.sonoraenequipo.com.mx\/#organization\",\"name\":\"Sonoraenequipo.com.mx\",\"url\":\"https:\/\/www.sonoraenequipo.com.mx\/\",\"logo\":{\"@type\":\"ImageObject\",\"inLanguage\":\"es\",\"@id\":\"https:\/\/www.sonoraenequipo.com.mx\/#\/schema\/logo\/image\/\",\"url\":\"https:\/\/www.sonoraenequipo.com.mx\/storage\/2019\/01\/sonoraenequipo_opt.png\",\"contentUrl\":\"https:\/\/www.sonoraenequipo.com.mx\/storage\/2019\/01\/sonoraenequipo_opt.png\",\"width\":375,\"height\":125,\"caption\":\"Sonoraenequipo.com.mx\"},\"image\":{\"@id\":\"https:\/\/www.sonoraenequipo.com.mx\/#\/schema\/logo\/image\/\"},\"sameAs\":[\"https:\/\/www.facebook.com\/SonoraEE\/\",\"https:\/\/x.com\/sonoraenequipo\",\"https:\/\/www.youtube.com\/channel\/UC338nW-lPEYmJQs4ZABQ1SQ\"]},{\"@type\":\"Person\",\"@id\":\"https:\/\/www.sonoraenequipo.com.mx\/#\/schema\/person\/50102df0fb23a8fa9e8effad8fa81386\",\"name\":\"enequipo\",\"image\":{\"@type\":\"ImageObject\",\"inLanguage\":\"es\",\"@id\":\"https:\/\/www.sonoraenequipo.com.mx\/#\/schema\/person\/image\/\",\"url\":\"https:\/\/secure.gravatar.com\/avatar\/049821681b589dabc0bc20695993ccebb09f5b5d4d790cd9251b97faac7c652b?s=96&d=blank&r=g\",\"contentUrl\":\"https:\/\/secure.gravatar.com\/avatar\/049821681b589dabc0bc20695993ccebb09f5b5d4d790cd9251b97faac7c652b?s=96&d=blank&r=g\",\"caption\":\"enequipo\"},\"sameAs\":[\"https:\/\/www.facebook.com\/SonoraEE\"]}]}<\/script>\n ","yoast_head_json":{"title":"Sonora en Equipo. Llaman a hermosillenses a mantenerse en resguardo Municipios","description":"HERMOSILLO, SONORA,MX.\u2500 Ante el inicio de las actividades en sectores importantes como la construcci\u00f3n, la industria automotriz y la actividad minera, las En Sonora en Equipo publicamos toda la informaci\u00f3n de Sonora, M\u00e9xico y el Mundo de manera oportuna y busca que la libertad de expresi\u00f3n sea real. Visita nuestro medio informativo publicado desde Hermosillo, Sonora. %","robots":{"index":"index","follow":"follow","max-snippet":"max-snippet:-1","max-image-preview":"max-image-preview:large","max-video-preview":"max-video-preview:-1"},"canonical":"https:\/\/www.sonoraenequipo.com.mx\/llaman-a-hermosillenses-a-mantenerse-en-resguardo\/","og_locale":"es_ES","og_type":"article","og_title":"Sonora en Equipo. Llaman a hermosillenses a mantenerse en resguardo Municipios","og_description":"HERMOSILLO, SONORA,MX.\u2500 Ante el inicio de las actividades en sectores importantes como la construcci\u00f3n, la industria automotriz y la actividad minera, las En Sonora en Equipo publicamos toda la informaci\u00f3n de Sonora, M\u00e9xico y el Mundo de manera oportuna y busca que la libertad de expresi\u00f3n sea real. Visita nuestro medio informativo publicado desde Hermosillo, Sonora. %","og_url":"https:\/\/www.sonoraenequipo.com.mx\/llaman-a-hermosillenses-a-mantenerse-en-resguardo\/","og_site_name":"Sonora en Equipo.","article_publisher":"https:\/\/www.facebook.com\/SonoraEE\/","article_author":"https:\/\/www.facebook.com\/SonoraEE","article_published_time":"2020-06-03T23:02:06+00:00","og_image":[{"width":700,"height":400,"url":"https:\/\/www.sonoraenequipo.com.mx\/storage\/2019\/11\/Jes\u00fas-Alonso-Dur\u00f3n-Tr\u00e1nsito-Hillo_opt.jpg","type":"image\/jpeg"}],"author":"enequipo","twitter_card":"summary_large_image","twitter_creator":"@sonoraenequipo","twitter_site":"@sonoraenequipo","twitter_misc":{"Escrito por":"enequipo","Tiempo de lectura":"1 minuto"},"schema":{"@context":"https:\/\/schema.org","@graph":[{"@type":"Article","@id":"https:\/\/www.sonoraenequipo.com.mx\/llaman-a-hermosillenses-a-mantenerse-en-resguardo\/#article","isPartOf":{"@id":"https:\/\/www.sonoraenequipo.com.mx\/llaman-a-hermosillenses-a-mantenerse-en-resguardo\/"},"author":{"name":"enequipo","@id":"https:\/\/www.sonoraenequipo.com.mx\/#\/schema\/person\/50102df0fb23a8fa9e8effad8fa81386"},"headline":"Llaman a hermosillenses a mantenerse en resguardo","datePublished":"2020-06-03T23:02:06+00:00","mainEntityOfPage":{"@id":"https:\/\/www.sonoraenequipo.com.mx\/llaman-a-hermosillenses-a-mantenerse-en-resguardo\/"},"wordCount":302,"commentCount":0,"publisher":{"@id":"https:\/\/www.sonoraenequipo.com.mx\/#organization"},"image":{"@id":"https:\/\/www.sonoraenequipo.com.mx\/llaman-a-hermosillenses-a-mantenerse-en-resguardo\/#primaryimage"},"thumbnailUrl":"https:\/\/www.sonoraenequipo.com.mx\/storage\/2019\/11\/Jes\u00fas-Alonso-Dur\u00f3n-Tr\u00e1nsito-Hillo_opt.jpg","keywords":["Covid-19"],"articleSection":["Municipios"],"inLanguage":"es","potentialAction":[{"@type":"CommentAction","name":"Comment","target":["https:\/\/www.sonoraenequipo.com.mx\/llaman-a-hermosillenses-a-mantenerse-en-resguardo\/#respond"]}]},{"@type":"WebPage","@id":"https:\/\/www.sonoraenequipo.com.mx\/llaman-a-hermosillenses-a-mantenerse-en-resguardo\/","url":"https:\/\/www.sonoraenequipo.com.mx\/llaman-a-hermosillenses-a-mantenerse-en-resguardo\/","name":"Sonora en Equipo. Llaman a hermosillenses a mantenerse en resguardo Municipios","isPartOf":{"@id":"https:\/\/www.sonoraenequipo.com.mx\/#website"},"primaryImageOfPage":{"@id":"https:\/\/www.sonoraenequipo.com.mx\/llaman-a-hermosillenses-a-mantenerse-en-resguardo\/#primaryimage"},"image":{"@id":"https:\/\/www.sonoraenequipo.com.mx\/llaman-a-hermosillenses-a-mantenerse-en-resguardo\/#primaryimage"},"thumbnailUrl":"https:\/\/www.sonoraenequipo.com.mx\/storage\/2019\/11\/Jes\u00fas-Alonso-Dur\u00f3n-Tr\u00e1nsito-Hillo_opt.jpg","datePublished":"2020-06-03T23:02:06+00:00","description":"HERMOSILLO, SONORA,MX.\u2500 Ante el inicio de las actividades en sectores importantes como la construcci\u00f3n, la industria automotriz y la actividad minera, las En Sonora en Equipo publicamos toda la informaci\u00f3n de Sonora, M\u00e9xico y el Mundo de manera oportuna y busca que la libertad de expresi\u00f3n sea real. Visita nuestro medio informativo publicado desde Hermosillo, Sonora. %","breadcrumb":{"@id":"https:\/\/www.sonoraenequipo.com.mx\/llaman-a-hermosillenses-a-mantenerse-en-resguardo\/#breadcrumb"},"inLanguage":"es","potentialAction":[{"@type":"ReadAction","target":["https:\/\/www.sonoraenequipo.com.mx\/llaman-a-hermosillenses-a-mantenerse-en-resguardo\/"]}]},{"@type":"ImageObject","inLanguage":"es","@id":"https:\/\/www.sonoraenequipo.com.mx\/llaman-a-hermosillenses-a-mantenerse-en-resguardo\/#primaryimage","url":"https:\/\/www.sonoraenequipo.com.mx\/storage\/2019\/11\/Jes\u00fas-Alonso-Dur\u00f3n-Tr\u00e1nsito-Hillo_opt.jpg","contentUrl":"https:\/\/www.sonoraenequipo.com.mx\/storage\/2019\/11\/Jes\u00fas-Alonso-Dur\u00f3n-Tr\u00e1nsito-Hillo_opt.jpg","width":700,"height":400},{"@type":"BreadcrumbList","@id":"https:\/\/www.sonoraenequipo.com.mx\/llaman-a-hermosillenses-a-mantenerse-en-resguardo\/#breadcrumb","itemListElement":[{"@type":"ListItem","position":1,"name":"Portada","item":"https:\/\/www.sonoraenequipo.com.mx\/"},{"@type":"ListItem","position":2,"name":"Llaman a hermosillenses a mantenerse en resguardo"}]},{"@type":"WebSite","@id":"https:\/\/www.sonoraenequipo.com.mx\/#website","url":"https:\/\/www.sonoraenequipo.com.mx\/","name":"Sonora en Equipo.","description":"Diario en l\u00ednea con Noticias desde Hermosillo, Sonora","publisher":{"@id":"https:\/\/www.sonoraenequipo.com.mx\/#organization"},"potentialAction":[{"@type":"SearchAction","target":{"@type":"EntryPoint","urlTemplate":"https:\/\/www.sonoraenequipo.com.mx\/?s={search_term_string}"},"query-input":{"@type":"PropertyValueSpecification","valueRequired":true,"valueName":"search_term_string"}}],"inLanguage":"es"},{"@type":"Organization","@id":"https:\/\/www.sonoraenequipo.com.mx\/#organization","name":"Sonoraenequipo.com.mx","url":"https:\/\/www.sonoraenequipo.com.mx\/","logo":{"@type":"ImageObject","inLanguage":"es","@id":"https:\/\/www.sonoraenequipo.com.mx\/#\/schema\/logo\/image\/","url":"https:\/\/www.sonoraenequipo.com.mx\/storage\/2019\/01\/sonoraenequipo_opt.png","contentUrl":"https:\/\/www.sonoraenequipo.com.mx\/storage\/2019\/01\/sonoraenequipo_opt.png","width":375,"height":125,"caption":"Sonoraenequipo.com.mx"},"image":{"@id":"https:\/\/www.sonoraenequipo.com.mx\/#\/schema\/logo\/image\/"},"sameAs":["https:\/\/www.facebook.com\/SonoraEE\/","https:\/\/x.com\/sonoraenequipo","https:\/\/www.youtube.com\/channel\/UC338nW-lPEYmJQs4ZABQ1SQ"]},{"@type":"Person","@id":"https:\/\/www.sonoraenequipo.com.mx\/#\/schema\/person\/50102df0fb23a8fa9e8effad8fa81386","name":"enequipo","image":{"@type":"ImageObject","inLanguage":"es","@id":"https:\/\/www.sonoraenequipo.com.mx\/#\/schema\/person\/image\/","url":"https:\/\/secure.gravatar.com\/avatar\/049821681b589dabc0bc20695993ccebb09f5b5d4d790cd9251b97faac7c652b?s=96&d=blank&r=g","contentUrl":"https:\/\/secure.gravatar.com\/avatar\/049821681b589dabc0bc20695993ccebb09f5b5d4d790cd9251b97faac7c652b?s=96&d=blank&r=g","caption":"enequipo"},"sameAs":["https:\/\/www.facebook.com\/SonoraEE"]}]}},"jetpack_featured_media_url":"https:\/\/www.sonoraenequipo.com.mx\/storage\/2019\/11\/Jes\u00fas-Alonso-Dur\u00f3n-Tr\u00e1nsito-Hillo_opt.jpg","_links":{"self":[{"href":"https:\/\/www.sonoraenequipo.com.mx\/api\/wp\/v2\/posts\/86683","targetHints":{"allow":["GET"]}}],"collection":[{"href":"https:\/\/www.sonoraenequipo.com.mx\/api\/wp\/v2\/posts"}],"about":[{"href":"https:\/\/www.sonoraenequipo.com.mx\/api\/wp\/v2\/types\/post"}],"author":[{"embeddable":true,"href":"https:\/\/www.sonoraenequipo.com.mx\/api\/wp\/v2\/users\/1"}],"replies":[{"embeddable":true,"href":"https:\/\/www.sonoraenequipo.com.mx\/api\/wp\/v2\/comments?post=86683"}],"version-history":[{"count":0,"href":"https:\/\/www.sonoraenequipo.com.mx\/api\/wp\/v2\/posts\/86683\/revisions"}],"wp:featuredmedia":[{"embeddable":true,"href":"https:\/\/www.sonoraenequipo.com.mx\/api\/wp\/v2\/media\/72677"}],"wp:attachment":[{"href":"https:\/\/www.sonoraenequipo.com.mx\/api\/wp\/v2\/media?parent=86683"}],"wp:term":[{"taxonomy":"category","embeddable":true,"href":"https:\/\/www.sonoraenequipo.com.mx\/api\/wp\/v2\/categories?post=86683"},{"taxonomy":"post_tag","embeddable":true,"href":"https:\/\/www.sonoraenequipo.com.mx\/api\/wp\/v2\/tags?post=86683"}],"curies":[{"name":"wp","href":"https:\/\/api.w.org\/{rel}","templated":true}]}}