{"id":86685,"date":"2020-06-03T16:23:07","date_gmt":"2020-06-03T23:23:07","guid":{"rendered":"https:\/\/www.sonoraenequipo.com.mx\/?p=86685"},"modified":"2020-06-03T16:23:07","modified_gmt":"2020-06-03T23:23:07","slug":"culminan-clases-de-educacion-basica-este-viernes-5-de-junio","status":"publish","type":"post","link":"https:\/\/www.sonoraenequipo.com.mx\/culminan-clases-de-educacion-basica-este-viernes-5-de-junio\/","title":{"rendered":"Culminan clases de educaci\u00f3n B\u00e1sica este viernes 5 de junio"},"content":{"rendered":"<h4>&gt;&gt;Curso 2019-2020 concluir\u00e1 el 19 de junio con valoraci\u00f3n acad\u00e9mica<\/h4>\n<p>HERMOSILLO, SONORA,MX.\u2500 Este viernes 5 de junio concluir\u00e1n clases para estudiantes de educaci\u00f3n B\u00e1sica de escuelas p\u00fablicas y privadas, y las dos semanas siguientes docentes y directivos las destinar\u00e1n a la valoraci\u00f3n acad\u00e9mica y de calificaciones, que se cargar\u00e1n en el sistema de la Secretar\u00eda de Educaci\u00f3n y Cultura (SEC). <\/p>\n<p>&nbsp;<\/p>\n<p>As\u00ed lo dio a conocer el secretario de Educaci\u00f3n y Cultura, V\u00edctor Guerrero Gonz\u00e1lez, quien indic\u00f3 que la Secretar\u00eda de Educaci\u00f3n P\u00fablica estableci\u00f3 estas fechas para el actual ciclo escolar, las cuales rigen en todo el pa\u00eds.<\/p>\n<p>&nbsp;<\/p>\n<p>Concluidos los tr\u00e1mites, se encontrar\u00e1n disponibles en el sistema yoremia.gob.mx las calificaciones y certificados, de acuerdo a los resultados reportados por los docentes de cada nivel.<\/p>\n<p>&nbsp;<\/p>\n<p>No se requiere imprimir esos documentos, asegur\u00f3 Guerrero Gonz\u00e1lez, ya que si cambian de nivel, las escuelas a donde ingresar\u00e1n pueden acceder a estos documentos, desde la base de datos de la SEC.<\/p>\n<p>&nbsp;<\/p>\n<p>En cuanto a los docentes, el secretario de Educaci\u00f3n indic\u00f3 que este lunes 8 de junio se realizar\u00e1 una sesi\u00f3n de Consejo T\u00e9cnico Escolar Virtual, y del 22 de junio al 17 de julio iniciar\u00e1n un receso vacacional.<\/p>\n<p>&nbsp;<\/p>\n<p>Puntualiz\u00f3 que para estudiantes que pasar\u00e1n de primaria a secundaria y de secundaria a preparatoria se les ofrecer\u00e1n contenidos en l\u00ednea, en apoyo a su preparaci\u00f3n y para fortalecer el conocimiento en esta etapa importante de su formaci\u00f3n acad\u00e9mica. En fecha pr\u00f3xima, se dar\u00e1n a conocer los detalles.<\/p>\n<p>&nbsp;<\/p>\n<p>Fechas posibles para examen de ingreso a preparatoria<\/p>\n<p>&nbsp;<\/p>\n<p>El secretario V\u00edctor Guerrero Gonz\u00e1lez detall\u00f3 que la Secretar\u00eda de Educaci\u00f3n P\u00fablica estableci\u00f3 fechas referenciales para la aplicaci\u00f3n de examen Ceneval, Exani-I, en la primera quincena de agosto pr\u00f3ximo, las cuales deber\u00e1n de ser publicadas en el Diario Oficial de la Federaci\u00f3n para ser oficiales.<\/p>\n<p>En ese sentido, puntualiz\u00f3, se actualizar\u00e1 la convocatoria respectiva, donde se indicar\u00e1 a detalle las condiciones, plazos y requerimientos para cumplir con las condiciones de igualdad de oportunidades para los estudiantes y la protecci\u00f3n sanitaria.<\/p>\n<p>&nbsp;<\/p>\n<p>Este examen, record\u00f3, es solo para la ubicaci\u00f3n de estudiantes en la escuela que corresponda, pero existe la infraestructura suficiente para que todos los j\u00f3venes sonorenses tengan un lugar en preparatoria.<\/p>\n<p>Respecto al ciclo escolar 2020-2021, indic\u00f3 que la SEP present\u00f3 algunas fechas de referencia que depender\u00e1n de las decisiones que tomen las autoridades sanitarias y el sem\u00e1foro para reinicio de actividades.<\/p>\n<p>La SEP inform\u00f3 que el calendario oficial se dar\u00e1 a conocer despu\u00e9s del 10 de agosto, fecha que tambi\u00e9n se estableci\u00f3 de manera referencial.<\/p>\n<p>Fecha de Publicaci\u00f3n 03\/jun\/2020<\/p>\n","protected":false},"excerpt":{"rendered":"<p>&gt;&gt;Curso 2019-2020 concluir\u00e1 el 19 de junio con valoraci\u00f3n acad\u00e9mica HERMOSILLO, SONORA,MX.\u2500 Este viernes 5&#8230;<\/p>\n","protected":false},"author":1,"featured_media":84131,"comment_status":"open","ping_status":"open","sticky":false,"template":"","format":"standard","meta":{"_monsterinsights_skip_tracking":false,"_monsterinsights_sitenote_active":false,"_monsterinsights_sitenote_note":"","_monsterinsights_sitenote_category":0,"footnotes":""},"categories":[22],"tags":[],"class_list":["post"],"yoast_head":" \n<title>Sonora en Equipo. Culminan clases de educaci\u00f3n B\u00e1sica este viernes 5 de junio Sonora<\/title>\n<meta name=\"description\" content=\"&gt;&gt;Curso 2019-2020 concluir\u00e1 el 19 de junio con valoraci\u00f3n acad\u00e9mica HERMOSILLO, SONORA,MX.\u2500 Este viernes 5 de junio concluir\u00e1n clases para En Sonora en Equipo publicamos toda la informaci\u00f3n de Sonora, M\u00e9xico y el Mundo de manera oportuna y busca que la libertad de expresi\u00f3n sea real. Visita nuestro medio informativo publicado desde Hermosillo, Sonora. %\" \/>\n<meta name=\"robots\" content=\"index, follow, max-snippet:-1, max-image-preview:large, max-video-preview:-1\" \/>\n<link rel=\"canonical\" href=\"https:\/\/www.sonoraenequipo.com.mx\/culminan-clases-de-educacion-basica-este-viernes-5-de-junio\/\" \/>\n<meta property=\"og:locale\" content=\"es_ES\" \/>\n<meta property=\"og:type\" content=\"article\" \/>\n<meta property=\"og:title\" content=\"Sonora en Equipo. Culminan clases de educaci\u00f3n B\u00e1sica este viernes 5 de junio Sonora\" \/>\n<meta property=\"og:description\" content=\"&gt;&gt;Curso 2019-2020 concluir\u00e1 el 19 de junio con valoraci\u00f3n acad\u00e9mica HERMOSILLO, SONORA,MX.\u2500 Este viernes 5 de junio concluir\u00e1n clases para En Sonora en Equipo publicamos toda la informaci\u00f3n de Sonora, M\u00e9xico y el Mundo de manera oportuna y busca que la libertad de expresi\u00f3n sea real. Visita nuestro medio informativo publicado desde Hermosillo, Sonora. %\" \/>\n<meta property=\"og:url\" content=\"https:\/\/www.sonoraenequipo.com.mx\/culminan-clases-de-educacion-basica-este-viernes-5-de-junio\/\" \/>\n<meta property=\"og:site_name\" content=\"Sonora en Equipo.\" \/>\n<meta property=\"article:publisher\" content=\"https:\/\/www.facebook.com\/SonoraEE\/\" \/>\n<meta property=\"article:author\" content=\"https:\/\/www.facebook.com\/SonoraEE\" \/>\n<meta property=\"article:published_time\" content=\"2020-06-03T23:23:07+00:00\" \/>\n<meta property=\"og:image\" content=\"https:\/\/www.sonoraenequipo.com.mx\/storage\/2020\/04\/clases-por-internet_opt.jpg\" \/>\n\t<meta property=\"og:image:width\" content=\"696\" \/>\n\t<meta property=\"og:image:height\" content=\"400\" \/>\n\t<meta property=\"og:image:type\" content=\"image\/jpeg\" \/>\n<meta name=\"author\" content=\"enequipo\" \/>\n<meta name=\"twitter:card\" content=\"summary_large_image\" \/>\n<meta name=\"twitter:creator\" content=\"@sonoraenequipo\" \/>\n<meta name=\"twitter:site\" content=\"@sonoraenequipo\" \/>\n<meta name=\"twitter:label1\" content=\"Escrito por\" \/>\n\t<meta name=\"twitter:data1\" content=\"enequipo\" \/>\n\t<meta name=\"twitter:label2\" content=\"Tiempo de lectura\" \/>\n\t<meta name=\"twitter:data2\" content=\"2 minutos\" \/>\n<script type=\"application\/ld+json\" class=\"yoast-schema-graph\">{\"@context\":\"https:\/\/schema.org\",\"@graph\":[{\"@type\":\"Article\",\"@id\":\"https:\/\/www.sonoraenequipo.com.mx\/culminan-clases-de-educacion-basica-este-viernes-5-de-junio\/#article\",\"isPartOf\":{\"@id\":\"https:\/\/www.sonoraenequipo.com.mx\/culminan-clases-de-educacion-basica-este-viernes-5-de-junio\/\"},\"author\":{\"name\":\"enequipo\",\"@id\":\"https:\/\/www.sonoraenequipo.com.mx\/#\/schema\/person\/50102df0fb23a8fa9e8effad8fa81386\"},\"headline\":\"Culminan clases de educaci\u00f3n B\u00e1sica este viernes 5 de junio\",\"datePublished\":\"2020-06-03T23:23:07+00:00\",\"mainEntityOfPage\":{\"@id\":\"https:\/\/www.sonoraenequipo.com.mx\/culminan-clases-de-educacion-basica-este-viernes-5-de-junio\/\"},\"wordCount\":490,\"commentCount\":0,\"publisher\":{\"@id\":\"https:\/\/www.sonoraenequipo.com.mx\/#organization\"},\"image\":{\"@id\":\"https:\/\/www.sonoraenequipo.com.mx\/culminan-clases-de-educacion-basica-este-viernes-5-de-junio\/#primaryimage\"},\"thumbnailUrl\":\"https:\/\/www.sonoraenequipo.com.mx\/storage\/2020\/04\/clases-por-internet_opt.jpg\",\"articleSection\":[\"Sonora\"],\"inLanguage\":\"es\",\"potentialAction\":[{\"@type\":\"CommentAction\",\"name\":\"Comment\",\"target\":[\"https:\/\/www.sonoraenequipo.com.mx\/culminan-clases-de-educacion-basica-este-viernes-5-de-junio\/#respond\"]}]},{\"@type\":\"WebPage\",\"@id\":\"https:\/\/www.sonoraenequipo.com.mx\/culminan-clases-de-educacion-basica-este-viernes-5-de-junio\/\",\"url\":\"https:\/\/www.sonoraenequipo.com.mx\/culminan-clases-de-educacion-basica-este-viernes-5-de-junio\/\",\"name\":\"Sonora en Equipo. Culminan clases de educaci\u00f3n B\u00e1sica este viernes 5 de junio Sonora\",\"isPartOf\":{\"@id\":\"https:\/\/www.sonoraenequipo.com.mx\/#website\"},\"primaryImageOfPage\":{\"@id\":\"https:\/\/www.sonoraenequipo.com.mx\/culminan-clases-de-educacion-basica-este-viernes-5-de-junio\/#primaryimage\"},\"image\":{\"@id\":\"https:\/\/www.sonoraenequipo.com.mx\/culminan-clases-de-educacion-basica-este-viernes-5-de-junio\/#primaryimage\"},\"thumbnailUrl\":\"https:\/\/www.sonoraenequipo.com.mx\/storage\/2020\/04\/clases-por-internet_opt.jpg\",\"datePublished\":\"2020-06-03T23:23:07+00:00\",\"description\":\"&gt;&gt;Curso 2019-2020 concluir\u00e1 el 19 de junio con valoraci\u00f3n acad\u00e9mica HERMOSILLO, SONORA,MX.\u2500 Este viernes 5 de junio concluir\u00e1n clases para En Sonora en Equipo publicamos toda la informaci\u00f3n de Sonora, M\u00e9xico y el Mundo de manera oportuna y busca que la libertad de expresi\u00f3n sea real. Visita nuestro medio informativo publicado desde Hermosillo, Sonora. %\",\"breadcrumb\":{\"@id\":\"https:\/\/www.sonoraenequipo.com.mx\/culminan-clases-de-educacion-basica-este-viernes-5-de-junio\/#breadcrumb\"},\"inLanguage\":\"es\",\"potentialAction\":[{\"@type\":\"ReadAction\",\"target\":[\"https:\/\/www.sonoraenequipo.com.mx\/culminan-clases-de-educacion-basica-este-viernes-5-de-junio\/\"]}]},{\"@type\":\"ImageObject\",\"inLanguage\":\"es\",\"@id\":\"https:\/\/www.sonoraenequipo.com.mx\/culminan-clases-de-educacion-basica-este-viernes-5-de-junio\/#primaryimage\",\"url\":\"https:\/\/www.sonoraenequipo.com.mx\/storage\/2020\/04\/clases-por-internet_opt.jpg\",\"contentUrl\":\"https:\/\/www.sonoraenequipo.com.mx\/storage\/2020\/04\/clases-por-internet_opt.jpg\",\"width\":696,\"height\":400},{\"@type\":\"BreadcrumbList\",\"@id\":\"https:\/\/www.sonoraenequipo.com.mx\/culminan-clases-de-educacion-basica-este-viernes-5-de-junio\/#breadcrumb\",\"itemListElement\":[{\"@type\":\"ListItem\",\"position\":1,\"name\":\"Portada\",\"item\":\"https:\/\/www.sonoraenequipo.com.mx\/\"},{\"@type\":\"ListItem\",\"position\":2,\"name\":\"Culminan clases de educaci\u00f3n B\u00e1sica este viernes 5 de junio\"}]},{\"@type\":\"WebSite\",\"@id\":\"https:\/\/www.sonoraenequipo.com.mx\/#website\",\"url\":\"https:\/\/www.sonoraenequipo.com.mx\/\",\"name\":\"Sonora en Equipo.\",\"description\":\"Diario en l\u00ednea con Noticias desde Hermosillo, Sonora\",\"publisher\":{\"@id\":\"https:\/\/www.sonoraenequipo.com.mx\/#organization\"},\"potentialAction\":[{\"@type\":\"SearchAction\",\"target\":{\"@type\":\"EntryPoint\",\"urlTemplate\":\"https:\/\/www.sonoraenequipo.com.mx\/?s={search_term_string}\"},\"query-input\":{\"@type\":\"PropertyValueSpecification\",\"valueRequired\":true,\"valueName\":\"search_term_string\"}}],\"inLanguage\":\"es\"},{\"@type\":\"Organization\",\"@id\":\"https:\/\/www.sonoraenequipo.com.mx\/#organization\",\"name\":\"Sonoraenequipo.com.mx\",\"url\":\"https:\/\/www.sonoraenequipo.com.mx\/\",\"logo\":{\"@type\":\"ImageObject\",\"inLanguage\":\"es\",\"@id\":\"https:\/\/www.sonoraenequipo.com.mx\/#\/schema\/logo\/image\/\",\"url\":\"https:\/\/www.sonoraenequipo.com.mx\/storage\/2019\/01\/sonoraenequipo_opt.png\",\"contentUrl\":\"https:\/\/www.sonoraenequipo.com.mx\/storage\/2019\/01\/sonoraenequipo_opt.png\",\"width\":375,\"height\":125,\"caption\":\"Sonoraenequipo.com.mx\"},\"image\":{\"@id\":\"https:\/\/www.sonoraenequipo.com.mx\/#\/schema\/logo\/image\/\"},\"sameAs\":[\"https:\/\/www.facebook.com\/SonoraEE\/\",\"https:\/\/x.com\/sonoraenequipo\",\"https:\/\/www.youtube.com\/channel\/UC338nW-lPEYmJQs4ZABQ1SQ\"]},{\"@type\":\"Person\",\"@id\":\"https:\/\/www.sonoraenequipo.com.mx\/#\/schema\/person\/50102df0fb23a8fa9e8effad8fa81386\",\"name\":\"enequipo\",\"image\":{\"@type\":\"ImageObject\",\"inLanguage\":\"es\",\"@id\":\"https:\/\/www.sonoraenequipo.com.mx\/#\/schema\/person\/image\/\",\"url\":\"https:\/\/secure.gravatar.com\/avatar\/049821681b589dabc0bc20695993ccebb09f5b5d4d790cd9251b97faac7c652b?s=96&d=blank&r=g\",\"contentUrl\":\"https:\/\/secure.gravatar.com\/avatar\/049821681b589dabc0bc20695993ccebb09f5b5d4d790cd9251b97faac7c652b?s=96&d=blank&r=g\",\"caption\":\"enequipo\"},\"sameAs\":[\"https:\/\/www.facebook.com\/SonoraEE\"]}]}<\/script>\n ","yoast_head_json":{"title":"Sonora en Equipo. Culminan clases de educaci\u00f3n B\u00e1sica este viernes 5 de junio Sonora","description":"&gt;&gt;Curso 2019-2020 concluir\u00e1 el 19 de junio con valoraci\u00f3n acad\u00e9mica HERMOSILLO, SONORA,MX.\u2500 Este viernes 5 de junio concluir\u00e1n clases para En Sonora en Equipo publicamos toda la informaci\u00f3n de Sonora, M\u00e9xico y el Mundo de manera oportuna y busca que la libertad de expresi\u00f3n sea real. Visita nuestro medio informativo publicado desde Hermosillo, Sonora. %","robots":{"index":"index","follow":"follow","max-snippet":"max-snippet:-1","max-image-preview":"max-image-preview:large","max-video-preview":"max-video-preview:-1"},"canonical":"https:\/\/www.sonoraenequipo.com.mx\/culminan-clases-de-educacion-basica-este-viernes-5-de-junio\/","og_locale":"es_ES","og_type":"article","og_title":"Sonora en Equipo. Culminan clases de educaci\u00f3n B\u00e1sica este viernes 5 de junio Sonora","og_description":"&gt;&gt;Curso 2019-2020 concluir\u00e1 el 19 de junio con valoraci\u00f3n acad\u00e9mica HERMOSILLO, SONORA,MX.\u2500 Este viernes 5 de junio concluir\u00e1n clases para En Sonora en Equipo publicamos toda la informaci\u00f3n de Sonora, M\u00e9xico y el Mundo de manera oportuna y busca que la libertad de expresi\u00f3n sea real. Visita nuestro medio informativo publicado desde Hermosillo, Sonora. %","og_url":"https:\/\/www.sonoraenequipo.com.mx\/culminan-clases-de-educacion-basica-este-viernes-5-de-junio\/","og_site_name":"Sonora en Equipo.","article_publisher":"https:\/\/www.facebook.com\/SonoraEE\/","article_author":"https:\/\/www.facebook.com\/SonoraEE","article_published_time":"2020-06-03T23:23:07+00:00","og_image":[{"width":696,"height":400,"url":"https:\/\/www.sonoraenequipo.com.mx\/storage\/2020\/04\/clases-por-internet_opt.jpg","type":"image\/jpeg"}],"author":"enequipo","twitter_card":"summary_large_image","twitter_creator":"@sonoraenequipo","twitter_site":"@sonoraenequipo","twitter_misc":{"Escrito por":"enequipo","Tiempo de lectura":"2 minutos"},"schema":{"@context":"https:\/\/schema.org","@graph":[{"@type":"Article","@id":"https:\/\/www.sonoraenequipo.com.mx\/culminan-clases-de-educacion-basica-este-viernes-5-de-junio\/#article","isPartOf":{"@id":"https:\/\/www.sonoraenequipo.com.mx\/culminan-clases-de-educacion-basica-este-viernes-5-de-junio\/"},"author":{"name":"enequipo","@id":"https:\/\/www.sonoraenequipo.com.mx\/#\/schema\/person\/50102df0fb23a8fa9e8effad8fa81386"},"headline":"Culminan clases de educaci\u00f3n B\u00e1sica este viernes 5 de junio","datePublished":"2020-06-03T23:23:07+00:00","mainEntityOfPage":{"@id":"https:\/\/www.sonoraenequipo.com.mx\/culminan-clases-de-educacion-basica-este-viernes-5-de-junio\/"},"wordCount":490,"commentCount":0,"publisher":{"@id":"https:\/\/www.sonoraenequipo.com.mx\/#organization"},"image":{"@id":"https:\/\/www.sonoraenequipo.com.mx\/culminan-clases-de-educacion-basica-este-viernes-5-de-junio\/#primaryimage"},"thumbnailUrl":"https:\/\/www.sonoraenequipo.com.mx\/storage\/2020\/04\/clases-por-internet_opt.jpg","articleSection":["Sonora"],"inLanguage":"es","potentialAction":[{"@type":"CommentAction","name":"Comment","target":["https:\/\/www.sonoraenequipo.com.mx\/culminan-clases-de-educacion-basica-este-viernes-5-de-junio\/#respond"]}]},{"@type":"WebPage","@id":"https:\/\/www.sonoraenequipo.com.mx\/culminan-clases-de-educacion-basica-este-viernes-5-de-junio\/","url":"https:\/\/www.sonoraenequipo.com.mx\/culminan-clases-de-educacion-basica-este-viernes-5-de-junio\/","name":"Sonora en Equipo. Culminan clases de educaci\u00f3n B\u00e1sica este viernes 5 de junio Sonora","isPartOf":{"@id":"https:\/\/www.sonoraenequipo.com.mx\/#website"},"primaryImageOfPage":{"@id":"https:\/\/www.sonoraenequipo.com.mx\/culminan-clases-de-educacion-basica-este-viernes-5-de-junio\/#primaryimage"},"image":{"@id":"https:\/\/www.sonoraenequipo.com.mx\/culminan-clases-de-educacion-basica-este-viernes-5-de-junio\/#primaryimage"},"thumbnailUrl":"https:\/\/www.sonoraenequipo.com.mx\/storage\/2020\/04\/clases-por-internet_opt.jpg","datePublished":"2020-06-03T23:23:07+00:00","description":"&gt;&gt;Curso 2019-2020 concluir\u00e1 el 19 de junio con valoraci\u00f3n acad\u00e9mica HERMOSILLO, SONORA,MX.\u2500 Este viernes 5 de junio concluir\u00e1n clases para En Sonora en Equipo publicamos toda la informaci\u00f3n de Sonora, M\u00e9xico y el Mundo de manera oportuna y busca que la libertad de expresi\u00f3n sea real. Visita nuestro medio informativo publicado desde Hermosillo, Sonora. %","breadcrumb":{"@id":"https:\/\/www.sonoraenequipo.com.mx\/culminan-clases-de-educacion-basica-este-viernes-5-de-junio\/#breadcrumb"},"inLanguage":"es","potentialAction":[{"@type":"ReadAction","target":["https:\/\/www.sonoraenequipo.com.mx\/culminan-clases-de-educacion-basica-este-viernes-5-de-junio\/"]}]},{"@type":"ImageObject","inLanguage":"es","@id":"https:\/\/www.sonoraenequipo.com.mx\/culminan-clases-de-educacion-basica-este-viernes-5-de-junio\/#primaryimage","url":"https:\/\/www.sonoraenequipo.com.mx\/storage\/2020\/04\/clases-por-internet_opt.jpg","contentUrl":"https:\/\/www.sonoraenequipo.com.mx\/storage\/2020\/04\/clases-por-internet_opt.jpg","width":696,"height":400},{"@type":"BreadcrumbList","@id":"https:\/\/www.sonoraenequipo.com.mx\/culminan-clases-de-educacion-basica-este-viernes-5-de-junio\/#breadcrumb","itemListElement":[{"@type":"ListItem","position":1,"name":"Portada","item":"https:\/\/www.sonoraenequipo.com.mx\/"},{"@type":"ListItem","position":2,"name":"Culminan clases de educaci\u00f3n B\u00e1sica este viernes 5 de junio"}]},{"@type":"WebSite","@id":"https:\/\/www.sonoraenequipo.com.mx\/#website","url":"https:\/\/www.sonoraenequipo.com.mx\/","name":"Sonora en Equipo.","description":"Diario en l\u00ednea con Noticias desde Hermosillo, Sonora","publisher":{"@id":"https:\/\/www.sonoraenequipo.com.mx\/#organization"},"potentialAction":[{"@type":"SearchAction","target":{"@type":"EntryPoint","urlTemplate":"https:\/\/www.sonoraenequipo.com.mx\/?s={search_term_string}"},"query-input":{"@type":"PropertyValueSpecification","valueRequired":true,"valueName":"search_term_string"}}],"inLanguage":"es"},{"@type":"Organization","@id":"https:\/\/www.sonoraenequipo.com.mx\/#organization","name":"Sonoraenequipo.com.mx","url":"https:\/\/www.sonoraenequipo.com.mx\/","logo":{"@type":"ImageObject","inLanguage":"es","@id":"https:\/\/www.sonoraenequipo.com.mx\/#\/schema\/logo\/image\/","url":"https:\/\/www.sonoraenequipo.com.mx\/storage\/2019\/01\/sonoraenequipo_opt.png","contentUrl":"https:\/\/www.sonoraenequipo.com.mx\/storage\/2019\/01\/sonoraenequipo_opt.png","width":375,"height":125,"caption":"Sonoraenequipo.com.mx"},"image":{"@id":"https:\/\/www.sonoraenequipo.com.mx\/#\/schema\/logo\/image\/"},"sameAs":["https:\/\/www.facebook.com\/SonoraEE\/","https:\/\/x.com\/sonoraenequipo","https:\/\/www.youtube.com\/channel\/UC338nW-lPEYmJQs4ZABQ1SQ"]},{"@type":"Person","@id":"https:\/\/www.sonoraenequipo.com.mx\/#\/schema\/person\/50102df0fb23a8fa9e8effad8fa81386","name":"enequipo","image":{"@type":"ImageObject","inLanguage":"es","@id":"https:\/\/www.sonoraenequipo.com.mx\/#\/schema\/person\/image\/","url":"https:\/\/secure.gravatar.com\/avatar\/049821681b589dabc0bc20695993ccebb09f5b5d4d790cd9251b97faac7c652b?s=96&d=blank&r=g","contentUrl":"https:\/\/secure.gravatar.com\/avatar\/049821681b589dabc0bc20695993ccebb09f5b5d4d790cd9251b97faac7c652b?s=96&d=blank&r=g","caption":"enequipo"},"sameAs":["https:\/\/www.facebook.com\/SonoraEE"]}]}},"jetpack_featured_media_url":"https:\/\/www.sonoraenequipo.com.mx\/storage\/2020\/04\/clases-por-internet_opt.jpg","_links":{"self":[{"href":"https:\/\/www.sonoraenequipo.com.mx\/api\/wp\/v2\/posts\/86685","targetHints":{"allow":["GET"]}}],"collection":[{"href":"https:\/\/www.sonoraenequipo.com.mx\/api\/wp\/v2\/posts"}],"about":[{"href":"https:\/\/www.sonoraenequipo.com.mx\/api\/wp\/v2\/types\/post"}],"author":[{"embeddable":true,"href":"https:\/\/www.sonoraenequipo.com.mx\/api\/wp\/v2\/users\/1"}],"replies":[{"embeddable":true,"href":"https:\/\/www.sonoraenequipo.com.mx\/api\/wp\/v2\/comments?post=86685"}],"version-history":[{"count":0,"href":"https:\/\/www.sonoraenequipo.com.mx\/api\/wp\/v2\/posts\/86685\/revisions"}],"wp:featuredmedia":[{"embeddable":true,"href":"https:\/\/www.sonoraenequipo.com.mx\/api\/wp\/v2\/media\/84131"}],"wp:attachment":[{"href":"https:\/\/www.sonoraenequipo.com.mx\/api\/wp\/v2\/media?parent=86685"}],"wp:term":[{"taxonomy":"category","embeddable":true,"href":"https:\/\/www.sonoraenequipo.com.mx\/api\/wp\/v2\/categories?post=86685"},{"taxonomy":"post_tag","embeddable":true,"href":"https:\/\/www.sonoraenequipo.com.mx\/api\/wp\/v2\/tags?post=86685"}],"curies":[{"name":"wp","href":"https:\/\/api.w.org\/{rel}","templated":true}]}}