{"id":86691,"date":"2020-06-03T16:57:02","date_gmt":"2020-06-03T23:57:02","guid":{"rendered":"https:\/\/www.sonoraenequipo.com.mx\/?p=86691"},"modified":"2020-06-03T16:57:02","modified_gmt":"2020-06-03T23:57:02","slug":"dan-de-alta-a-cinco-pacientes-covid-en-el-hospital-general-en-hermosillo","status":"publish","type":"post","link":"https:\/\/www.sonoraenequipo.com.mx\/dan-de-alta-a-cinco-pacientes-covid-en-el-hospital-general-en-hermosillo\/","title":{"rendered":"Dan de alta\u00a0 a cinco pacientes \u201cCovid\u201d en el Hospital General en Hermosillo"},"content":{"rendered":"<p>HERMOSILLO, SONORA,MX.\u2500 En buen estado de salud fueron dados de alta cinco pacientes que eran atendidos por ser positivos a Covid-19 en el Hospital General del Estado (HGE), inform\u00f3 Marcos Serrato F\u00e9lix. <\/p>\n<p>&nbsp;<\/p>\n<p>El director del HGE detall\u00f3 que ninguno de ellos requiri\u00f3 asistencia respiratoria, y precis\u00f3 que aun permanecer\u00e1n en aislamiento por 15 d\u00edas.<\/p>\n<p>&nbsp;<\/p>\n<p>Serrato F\u00e9lix explic\u00f3 que desde que llega un paciente sospechoso, todo un equipo lo recibe en el servicio de Urgencias; la mayor\u00eda pasa primero a la zona de pacientes Covid considerados como \u201cprobables\u201d, donde son valorados por otro grupo de m\u00e9dicos y, al tener confirmada la prueba, pasan a otra \u00e1rea para continuar con su manejo.<\/p>\n<p>&nbsp;<\/p>\n<p>\u2018\u2019Si requiere ventilador pasan a otra \u00e1rea, hasta ahorita solo hemos dado de alta a una persona que estuvo en ventilador y tenemos a otros dos en pre-alta; el resto, al ya no depender de oxigeno se van a casa o a hotel Covid\u2019\u2019, explic\u00f3.<\/p>\n<p>&nbsp;<\/p>\n<p>En el hospital, dijo se est\u00e1 tratando de rotar al personal para no tenerlos en tiempo prolongado con exposici\u00f3n al virus, por lo que unas semanas encuentras a unos por la ma\u00f1ana y a otros por la tarde, detall\u00f3.<\/p>\n<p>&nbsp;<\/p>\n<p>Serrato F\u00e9lix resalt\u00f3 que el objetivo del sector salud y de los m\u00e9dicos es cuidar a todo el personal e hizo una menci\u00f3n especial al equipo de Enfermer\u00eda, quienes juegan un papel muy importante y pasan m\u00e1s tiempo con los pacientes.<\/p>\n<p>&nbsp;<\/p>\n<p>Tambi\u00e9n reconoci\u00f3 el trabajo comprometido del personal de servicios generales, biom\u00e9dico, mantenimiento, cocina, trabajo social y almac\u00e9n, todos son parte indispensable para el buen funcionamiento del hospital.<\/p>\n<p>&nbsp;<\/p>\n<p>Por su parte, Joaqu\u00edn S\u00e1nchez Gonz\u00e1lez, director m\u00e9dico del HGE, mencion\u00f3 que al dar de alta a los pacientes una vez recuperados, se les indica aislarse por 15 d\u00edas de su familia, ya sea en su misma casa o en el hotel Covid, lugar designado especialmente para estas personas que necesitan estar aislados y no cuentan con un espacio para ello.<\/p>\n<p>Fecha de Publicaci\u00f3n 03\/jun\/2020<\/p>\n","protected":false},"excerpt":{"rendered":"<p>HERMOSILLO, SONORA,MX.\u2500 En buen estado de salud fueron dados de alta cinco pacientes que eran&#8230;<\/p>\n","protected":false},"author":1,"featured_media":86692,"comment_status":"open","ping_status":"open","sticky":false,"template":"","format":"standard","meta":{"_monsterinsights_skip_tracking":false,"_monsterinsights_sitenote_active":false,"_monsterinsights_sitenote_note":"","_monsterinsights_sitenote_category":0,"footnotes":""},"categories":[22],"tags":[4198,2973],"class_list":["post"],"yoast_head":" \n<title>Sonora en Equipo. Dan de alta\u00a0 a cinco pacientes \u201cCovid\u201d en el Hospital General en Hermosillo Sonora<\/title>\n<meta name=\"description\" content=\"HERMOSILLO, SONORA,MX.\u2500 En buen estado de salud fueron dados de alta cinco pacientes que eran atendidos por ser positivos a Covid-19 en el Hospital En Sonora en Equipo publicamos toda la informaci\u00f3n de Sonora, M\u00e9xico y el Mundo de manera oportuna y busca que la libertad de expresi\u00f3n sea real. Visita nuestro medio informativo publicado desde Hermosillo, Sonora. %\" \/>\n<meta name=\"robots\" content=\"index, follow, max-snippet:-1, max-image-preview:large, max-video-preview:-1\" \/>\n<link rel=\"canonical\" href=\"https:\/\/www.sonoraenequipo.com.mx\/dan-de-alta-a-cinco-pacientes-covid-en-el-hospital-general-en-hermosillo\/\" \/>\n<meta property=\"og:locale\" content=\"es_ES\" \/>\n<meta property=\"og:type\" content=\"article\" \/>\n<meta property=\"og:title\" content=\"Sonora en Equipo. Dan de alta\u00a0 a cinco pacientes \u201cCovid\u201d en el Hospital General en Hermosillo Sonora\" \/>\n<meta property=\"og:description\" content=\"HERMOSILLO, SONORA,MX.\u2500 En buen estado de salud fueron dados de alta cinco pacientes que eran atendidos por ser positivos a Covid-19 en el Hospital En Sonora en Equipo publicamos toda la informaci\u00f3n de Sonora, M\u00e9xico y el Mundo de manera oportuna y busca que la libertad de expresi\u00f3n sea real. Visita nuestro medio informativo publicado desde Hermosillo, Sonora. %\" \/>\n<meta property=\"og:url\" content=\"https:\/\/www.sonoraenequipo.com.mx\/dan-de-alta-a-cinco-pacientes-covid-en-el-hospital-general-en-hermosillo\/\" \/>\n<meta property=\"og:site_name\" content=\"Sonora en Equipo.\" \/>\n<meta property=\"article:publisher\" content=\"https:\/\/www.facebook.com\/SonoraEE\/\" \/>\n<meta property=\"article:author\" content=\"https:\/\/www.facebook.com\/SonoraEE\" \/>\n<meta property=\"article:published_time\" content=\"2020-06-03T23:57:02+00:00\" \/>\n<meta property=\"og:image\" content=\"https:\/\/www.sonoraenequipo.com.mx\/storage\/2020\/06\/hg-hmo.jpg\" \/>\n\t<meta property=\"og:image:width\" content=\"600\" \/>\n\t<meta property=\"og:image:height\" content=\"400\" \/>\n\t<meta property=\"og:image:type\" content=\"image\/jpeg\" \/>\n<meta name=\"author\" content=\"enequipo\" \/>\n<meta name=\"twitter:card\" content=\"summary_large_image\" \/>\n<meta name=\"twitter:creator\" content=\"@sonoraenequipo\" \/>\n<meta name=\"twitter:site\" content=\"@sonoraenequipo\" \/>\n<meta name=\"twitter:label1\" content=\"Escrito por\" \/>\n\t<meta name=\"twitter:data1\" content=\"enequipo\" \/>\n\t<meta name=\"twitter:label2\" content=\"Tiempo de lectura\" \/>\n\t<meta name=\"twitter:data2\" content=\"2 minutos\" \/>\n<script type=\"application\/ld+json\" class=\"yoast-schema-graph\">{\"@context\":\"https:\/\/schema.org\",\"@graph\":[{\"@type\":\"Article\",\"@id\":\"https:\/\/www.sonoraenequipo.com.mx\/dan-de-alta-a-cinco-pacientes-covid-en-el-hospital-general-en-hermosillo\/#article\",\"isPartOf\":{\"@id\":\"https:\/\/www.sonoraenequipo.com.mx\/dan-de-alta-a-cinco-pacientes-covid-en-el-hospital-general-en-hermosillo\/\"},\"author\":{\"name\":\"enequipo\",\"@id\":\"https:\/\/www.sonoraenequipo.com.mx\/#\/schema\/person\/50102df0fb23a8fa9e8effad8fa81386\"},\"headline\":\"Dan de alta\u00a0 a cinco pacientes \u201cCovid\u201d en el Hospital General en Hermosillo\",\"datePublished\":\"2020-06-03T23:57:02+00:00\",\"mainEntityOfPage\":{\"@id\":\"https:\/\/www.sonoraenequipo.com.mx\/dan-de-alta-a-cinco-pacientes-covid-en-el-hospital-general-en-hermosillo\/\"},\"wordCount\":368,\"commentCount\":0,\"publisher\":{\"@id\":\"https:\/\/www.sonoraenequipo.com.mx\/#organization\"},\"image\":{\"@id\":\"https:\/\/www.sonoraenequipo.com.mx\/dan-de-alta-a-cinco-pacientes-covid-en-el-hospital-general-en-hermosillo\/#primaryimage\"},\"thumbnailUrl\":\"https:\/\/www.sonoraenequipo.com.mx\/storage\/2020\/06\/hg-hmo.jpg\",\"keywords\":[\"Covid-19\",\"hospital general del estado\"],\"articleSection\":[\"Sonora\"],\"inLanguage\":\"es\",\"potentialAction\":[{\"@type\":\"CommentAction\",\"name\":\"Comment\",\"target\":[\"https:\/\/www.sonoraenequipo.com.mx\/dan-de-alta-a-cinco-pacientes-covid-en-el-hospital-general-en-hermosillo\/#respond\"]}]},{\"@type\":\"WebPage\",\"@id\":\"https:\/\/www.sonoraenequipo.com.mx\/dan-de-alta-a-cinco-pacientes-covid-en-el-hospital-general-en-hermosillo\/\",\"url\":\"https:\/\/www.sonoraenequipo.com.mx\/dan-de-alta-a-cinco-pacientes-covid-en-el-hospital-general-en-hermosillo\/\",\"name\":\"Sonora en Equipo. Dan de alta\u00a0 a cinco pacientes \u201cCovid\u201d en el Hospital General en Hermosillo Sonora\",\"isPartOf\":{\"@id\":\"https:\/\/www.sonoraenequipo.com.mx\/#website\"},\"primaryImageOfPage\":{\"@id\":\"https:\/\/www.sonoraenequipo.com.mx\/dan-de-alta-a-cinco-pacientes-covid-en-el-hospital-general-en-hermosillo\/#primaryimage\"},\"image\":{\"@id\":\"https:\/\/www.sonoraenequipo.com.mx\/dan-de-alta-a-cinco-pacientes-covid-en-el-hospital-general-en-hermosillo\/#primaryimage\"},\"thumbnailUrl\":\"https:\/\/www.sonoraenequipo.com.mx\/storage\/2020\/06\/hg-hmo.jpg\",\"datePublished\":\"2020-06-03T23:57:02+00:00\",\"description\":\"HERMOSILLO, SONORA,MX.\u2500 En buen estado de salud fueron dados de alta cinco pacientes que eran atendidos por ser positivos a Covid-19 en el Hospital En Sonora en Equipo publicamos toda la informaci\u00f3n de Sonora, M\u00e9xico y el Mundo de manera oportuna y busca que la libertad de expresi\u00f3n sea real. Visita nuestro medio informativo publicado desde Hermosillo, Sonora. %\",\"breadcrumb\":{\"@id\":\"https:\/\/www.sonoraenequipo.com.mx\/dan-de-alta-a-cinco-pacientes-covid-en-el-hospital-general-en-hermosillo\/#breadcrumb\"},\"inLanguage\":\"es\",\"potentialAction\":[{\"@type\":\"ReadAction\",\"target\":[\"https:\/\/www.sonoraenequipo.com.mx\/dan-de-alta-a-cinco-pacientes-covid-en-el-hospital-general-en-hermosillo\/\"]}]},{\"@type\":\"ImageObject\",\"inLanguage\":\"es\",\"@id\":\"https:\/\/www.sonoraenequipo.com.mx\/dan-de-alta-a-cinco-pacientes-covid-en-el-hospital-general-en-hermosillo\/#primaryimage\",\"url\":\"https:\/\/www.sonoraenequipo.com.mx\/storage\/2020\/06\/hg-hmo.jpg\",\"contentUrl\":\"https:\/\/www.sonoraenequipo.com.mx\/storage\/2020\/06\/hg-hmo.jpg\",\"width\":600,\"height\":400},{\"@type\":\"BreadcrumbList\",\"@id\":\"https:\/\/www.sonoraenequipo.com.mx\/dan-de-alta-a-cinco-pacientes-covid-en-el-hospital-general-en-hermosillo\/#breadcrumb\",\"itemListElement\":[{\"@type\":\"ListItem\",\"position\":1,\"name\":\"Portada\",\"item\":\"https:\/\/www.sonoraenequipo.com.mx\/\"},{\"@type\":\"ListItem\",\"position\":2,\"name\":\"Dan de alta\u00a0 a cinco pacientes \u201cCovid\u201d en el Hospital General en Hermosillo\"}]},{\"@type\":\"WebSite\",\"@id\":\"https:\/\/www.sonoraenequipo.com.mx\/#website\",\"url\":\"https:\/\/www.sonoraenequipo.com.mx\/\",\"name\":\"Sonora en Equipo.\",\"description\":\"Diario en l\u00ednea con Noticias desde Hermosillo, Sonora\",\"publisher\":{\"@id\":\"https:\/\/www.sonoraenequipo.com.mx\/#organization\"},\"potentialAction\":[{\"@type\":\"SearchAction\",\"target\":{\"@type\":\"EntryPoint\",\"urlTemplate\":\"https:\/\/www.sonoraenequipo.com.mx\/?s={search_term_string}\"},\"query-input\":{\"@type\":\"PropertyValueSpecification\",\"valueRequired\":true,\"valueName\":\"search_term_string\"}}],\"inLanguage\":\"es\"},{\"@type\":\"Organization\",\"@id\":\"https:\/\/www.sonoraenequipo.com.mx\/#organization\",\"name\":\"Sonoraenequipo.com.mx\",\"url\":\"https:\/\/www.sonoraenequipo.com.mx\/\",\"logo\":{\"@type\":\"ImageObject\",\"inLanguage\":\"es\",\"@id\":\"https:\/\/www.sonoraenequipo.com.mx\/#\/schema\/logo\/image\/\",\"url\":\"https:\/\/www.sonoraenequipo.com.mx\/storage\/2019\/01\/sonoraenequipo_opt.png\",\"contentUrl\":\"https:\/\/www.sonoraenequipo.com.mx\/storage\/2019\/01\/sonoraenequipo_opt.png\",\"width\":375,\"height\":125,\"caption\":\"Sonoraenequipo.com.mx\"},\"image\":{\"@id\":\"https:\/\/www.sonoraenequipo.com.mx\/#\/schema\/logo\/image\/\"},\"sameAs\":[\"https:\/\/www.facebook.com\/SonoraEE\/\",\"https:\/\/x.com\/sonoraenequipo\",\"https:\/\/www.youtube.com\/channel\/UC338nW-lPEYmJQs4ZABQ1SQ\"]},{\"@type\":\"Person\",\"@id\":\"https:\/\/www.sonoraenequipo.com.mx\/#\/schema\/person\/50102df0fb23a8fa9e8effad8fa81386\",\"name\":\"enequipo\",\"image\":{\"@type\":\"ImageObject\",\"inLanguage\":\"es\",\"@id\":\"https:\/\/www.sonoraenequipo.com.mx\/#\/schema\/person\/image\/\",\"url\":\"https:\/\/secure.gravatar.com\/avatar\/049821681b589dabc0bc20695993ccebb09f5b5d4d790cd9251b97faac7c652b?s=96&d=blank&r=g\",\"contentUrl\":\"https:\/\/secure.gravatar.com\/avatar\/049821681b589dabc0bc20695993ccebb09f5b5d4d790cd9251b97faac7c652b?s=96&d=blank&r=g\",\"caption\":\"enequipo\"},\"sameAs\":[\"https:\/\/www.facebook.com\/SonoraEE\"]}]}<\/script>\n ","yoast_head_json":{"title":"Sonora en Equipo. Dan de alta\u00a0 a cinco pacientes \u201cCovid\u201d en el Hospital General en Hermosillo Sonora","description":"HERMOSILLO, SONORA,MX.\u2500 En buen estado de salud fueron dados de alta cinco pacientes que eran atendidos por ser positivos a Covid-19 en el Hospital En Sonora en Equipo publicamos toda la informaci\u00f3n de Sonora, M\u00e9xico y el Mundo de manera oportuna y busca que la libertad de expresi\u00f3n sea real. Visita nuestro medio informativo publicado desde Hermosillo, Sonora. %","robots":{"index":"index","follow":"follow","max-snippet":"max-snippet:-1","max-image-preview":"max-image-preview:large","max-video-preview":"max-video-preview:-1"},"canonical":"https:\/\/www.sonoraenequipo.com.mx\/dan-de-alta-a-cinco-pacientes-covid-en-el-hospital-general-en-hermosillo\/","og_locale":"es_ES","og_type":"article","og_title":"Sonora en Equipo. Dan de alta\u00a0 a cinco pacientes \u201cCovid\u201d en el Hospital General en Hermosillo Sonora","og_description":"HERMOSILLO, SONORA,MX.\u2500 En buen estado de salud fueron dados de alta cinco pacientes que eran atendidos por ser positivos a Covid-19 en el Hospital En Sonora en Equipo publicamos toda la informaci\u00f3n de Sonora, M\u00e9xico y el Mundo de manera oportuna y busca que la libertad de expresi\u00f3n sea real. Visita nuestro medio informativo publicado desde Hermosillo, Sonora. %","og_url":"https:\/\/www.sonoraenequipo.com.mx\/dan-de-alta-a-cinco-pacientes-covid-en-el-hospital-general-en-hermosillo\/","og_site_name":"Sonora en Equipo.","article_publisher":"https:\/\/www.facebook.com\/SonoraEE\/","article_author":"https:\/\/www.facebook.com\/SonoraEE","article_published_time":"2020-06-03T23:57:02+00:00","og_image":[{"width":600,"height":400,"url":"https:\/\/www.sonoraenequipo.com.mx\/storage\/2020\/06\/hg-hmo.jpg","type":"image\/jpeg"}],"author":"enequipo","twitter_card":"summary_large_image","twitter_creator":"@sonoraenequipo","twitter_site":"@sonoraenequipo","twitter_misc":{"Escrito por":"enequipo","Tiempo de lectura":"2 minutos"},"schema":{"@context":"https:\/\/schema.org","@graph":[{"@type":"Article","@id":"https:\/\/www.sonoraenequipo.com.mx\/dan-de-alta-a-cinco-pacientes-covid-en-el-hospital-general-en-hermosillo\/#article","isPartOf":{"@id":"https:\/\/www.sonoraenequipo.com.mx\/dan-de-alta-a-cinco-pacientes-covid-en-el-hospital-general-en-hermosillo\/"},"author":{"name":"enequipo","@id":"https:\/\/www.sonoraenequipo.com.mx\/#\/schema\/person\/50102df0fb23a8fa9e8effad8fa81386"},"headline":"Dan de alta\u00a0 a cinco pacientes \u201cCovid\u201d en el Hospital General en Hermosillo","datePublished":"2020-06-03T23:57:02+00:00","mainEntityOfPage":{"@id":"https:\/\/www.sonoraenequipo.com.mx\/dan-de-alta-a-cinco-pacientes-covid-en-el-hospital-general-en-hermosillo\/"},"wordCount":368,"commentCount":0,"publisher":{"@id":"https:\/\/www.sonoraenequipo.com.mx\/#organization"},"image":{"@id":"https:\/\/www.sonoraenequipo.com.mx\/dan-de-alta-a-cinco-pacientes-covid-en-el-hospital-general-en-hermosillo\/#primaryimage"},"thumbnailUrl":"https:\/\/www.sonoraenequipo.com.mx\/storage\/2020\/06\/hg-hmo.jpg","keywords":["Covid-19","hospital general del estado"],"articleSection":["Sonora"],"inLanguage":"es","potentialAction":[{"@type":"CommentAction","name":"Comment","target":["https:\/\/www.sonoraenequipo.com.mx\/dan-de-alta-a-cinco-pacientes-covid-en-el-hospital-general-en-hermosillo\/#respond"]}]},{"@type":"WebPage","@id":"https:\/\/www.sonoraenequipo.com.mx\/dan-de-alta-a-cinco-pacientes-covid-en-el-hospital-general-en-hermosillo\/","url":"https:\/\/www.sonoraenequipo.com.mx\/dan-de-alta-a-cinco-pacientes-covid-en-el-hospital-general-en-hermosillo\/","name":"Sonora en Equipo. Dan de alta\u00a0 a cinco pacientes \u201cCovid\u201d en el Hospital General en Hermosillo Sonora","isPartOf":{"@id":"https:\/\/www.sonoraenequipo.com.mx\/#website"},"primaryImageOfPage":{"@id":"https:\/\/www.sonoraenequipo.com.mx\/dan-de-alta-a-cinco-pacientes-covid-en-el-hospital-general-en-hermosillo\/#primaryimage"},"image":{"@id":"https:\/\/www.sonoraenequipo.com.mx\/dan-de-alta-a-cinco-pacientes-covid-en-el-hospital-general-en-hermosillo\/#primaryimage"},"thumbnailUrl":"https:\/\/www.sonoraenequipo.com.mx\/storage\/2020\/06\/hg-hmo.jpg","datePublished":"2020-06-03T23:57:02+00:00","description":"HERMOSILLO, SONORA,MX.\u2500 En buen estado de salud fueron dados de alta cinco pacientes que eran atendidos por ser positivos a Covid-19 en el Hospital En Sonora en Equipo publicamos toda la informaci\u00f3n de Sonora, M\u00e9xico y el Mundo de manera oportuna y busca que la libertad de expresi\u00f3n sea real. Visita nuestro medio informativo publicado desde Hermosillo, Sonora. %","breadcrumb":{"@id":"https:\/\/www.sonoraenequipo.com.mx\/dan-de-alta-a-cinco-pacientes-covid-en-el-hospital-general-en-hermosillo\/#breadcrumb"},"inLanguage":"es","potentialAction":[{"@type":"ReadAction","target":["https:\/\/www.sonoraenequipo.com.mx\/dan-de-alta-a-cinco-pacientes-covid-en-el-hospital-general-en-hermosillo\/"]}]},{"@type":"ImageObject","inLanguage":"es","@id":"https:\/\/www.sonoraenequipo.com.mx\/dan-de-alta-a-cinco-pacientes-covid-en-el-hospital-general-en-hermosillo\/#primaryimage","url":"https:\/\/www.sonoraenequipo.com.mx\/storage\/2020\/06\/hg-hmo.jpg","contentUrl":"https:\/\/www.sonoraenequipo.com.mx\/storage\/2020\/06\/hg-hmo.jpg","width":600,"height":400},{"@type":"BreadcrumbList","@id":"https:\/\/www.sonoraenequipo.com.mx\/dan-de-alta-a-cinco-pacientes-covid-en-el-hospital-general-en-hermosillo\/#breadcrumb","itemListElement":[{"@type":"ListItem","position":1,"name":"Portada","item":"https:\/\/www.sonoraenequipo.com.mx\/"},{"@type":"ListItem","position":2,"name":"Dan de alta\u00a0 a cinco pacientes \u201cCovid\u201d en el Hospital General en Hermosillo"}]},{"@type":"WebSite","@id":"https:\/\/www.sonoraenequipo.com.mx\/#website","url":"https:\/\/www.sonoraenequipo.com.mx\/","name":"Sonora en Equipo.","description":"Diario en l\u00ednea con Noticias desde Hermosillo, Sonora","publisher":{"@id":"https:\/\/www.sonoraenequipo.com.mx\/#organization"},"potentialAction":[{"@type":"SearchAction","target":{"@type":"EntryPoint","urlTemplate":"https:\/\/www.sonoraenequipo.com.mx\/?s={search_term_string}"},"query-input":{"@type":"PropertyValueSpecification","valueRequired":true,"valueName":"search_term_string"}}],"inLanguage":"es"},{"@type":"Organization","@id":"https:\/\/www.sonoraenequipo.com.mx\/#organization","name":"Sonoraenequipo.com.mx","url":"https:\/\/www.sonoraenequipo.com.mx\/","logo":{"@type":"ImageObject","inLanguage":"es","@id":"https:\/\/www.sonoraenequipo.com.mx\/#\/schema\/logo\/image\/","url":"https:\/\/www.sonoraenequipo.com.mx\/storage\/2019\/01\/sonoraenequipo_opt.png","contentUrl":"https:\/\/www.sonoraenequipo.com.mx\/storage\/2019\/01\/sonoraenequipo_opt.png","width":375,"height":125,"caption":"Sonoraenequipo.com.mx"},"image":{"@id":"https:\/\/www.sonoraenequipo.com.mx\/#\/schema\/logo\/image\/"},"sameAs":["https:\/\/www.facebook.com\/SonoraEE\/","https:\/\/x.com\/sonoraenequipo","https:\/\/www.youtube.com\/channel\/UC338nW-lPEYmJQs4ZABQ1SQ"]},{"@type":"Person","@id":"https:\/\/www.sonoraenequipo.com.mx\/#\/schema\/person\/50102df0fb23a8fa9e8effad8fa81386","name":"enequipo","image":{"@type":"ImageObject","inLanguage":"es","@id":"https:\/\/www.sonoraenequipo.com.mx\/#\/schema\/person\/image\/","url":"https:\/\/secure.gravatar.com\/avatar\/049821681b589dabc0bc20695993ccebb09f5b5d4d790cd9251b97faac7c652b?s=96&d=blank&r=g","contentUrl":"https:\/\/secure.gravatar.com\/avatar\/049821681b589dabc0bc20695993ccebb09f5b5d4d790cd9251b97faac7c652b?s=96&d=blank&r=g","caption":"enequipo"},"sameAs":["https:\/\/www.facebook.com\/SonoraEE"]}]}},"jetpack_featured_media_url":"https:\/\/www.sonoraenequipo.com.mx\/storage\/2020\/06\/hg-hmo.jpg","_links":{"self":[{"href":"https:\/\/www.sonoraenequipo.com.mx\/api\/wp\/v2\/posts\/86691","targetHints":{"allow":["GET"]}}],"collection":[{"href":"https:\/\/www.sonoraenequipo.com.mx\/api\/wp\/v2\/posts"}],"about":[{"href":"https:\/\/www.sonoraenequipo.com.mx\/api\/wp\/v2\/types\/post"}],"author":[{"embeddable":true,"href":"https:\/\/www.sonoraenequipo.com.mx\/api\/wp\/v2\/users\/1"}],"replies":[{"embeddable":true,"href":"https:\/\/www.sonoraenequipo.com.mx\/api\/wp\/v2\/comments?post=86691"}],"version-history":[{"count":0,"href":"https:\/\/www.sonoraenequipo.com.mx\/api\/wp\/v2\/posts\/86691\/revisions"}],"wp:featuredmedia":[{"embeddable":true,"href":"https:\/\/www.sonoraenequipo.com.mx\/api\/wp\/v2\/media\/86692"}],"wp:attachment":[{"href":"https:\/\/www.sonoraenequipo.com.mx\/api\/wp\/v2\/media?parent=86691"}],"wp:term":[{"taxonomy":"category","embeddable":true,"href":"https:\/\/www.sonoraenequipo.com.mx\/api\/wp\/v2\/categories?post=86691"},{"taxonomy":"post_tag","embeddable":true,"href":"https:\/\/www.sonoraenequipo.com.mx\/api\/wp\/v2\/tags?post=86691"}],"curies":[{"name":"wp","href":"https:\/\/api.w.org\/{rel}","templated":true}]}}