{"id":86697,"date":"2020-06-03T11:23:22","date_gmt":"2020-06-03T18:23:22","guid":{"rendered":"https:\/\/www.sonoraenequipo.com.mx\/?p=86697"},"modified":"2020-06-03T18:29:39","modified_gmt":"2020-06-04T01:29:39","slug":"budapest-honved-se-consagro-campeon-de-la-copa-de-hungria","status":"publish","type":"post","link":"https:\/\/www.sonoraenequipo.com.mx\/budapest-honved-se-consagro-campeon-de-la-copa-de-hungria\/","title":{"rendered":"Budapest Honved se consagr\u00f3 campe\u00f3n de la Copa de Hungr\u00eda"},"content":{"rendered":"<p>HUNGR\u00cdA. \u2014 El mundo del deporte est\u00e1 paralizado por una pandemia. Bueno, casi todo el mundo, porque hay lugares donde la pr\u00e1ctica del f\u00fatbol sigue con normalidad, como en Hungr\u00eda, donde este mi\u00e9rcoles 3 de junio el Budapest Honved se consagr\u00f3 campe\u00f3n en un escenario, ahora, at\u00edpico: con hinchas en las tribunas, sin tapabocas, y con abrazos efusivos para festejar los goles, primero, y luego el campeonato. Una cosa incre\u00edble.<\/p>\n<p>&nbsp;<\/p>\n<p> <\/p>\n<p>&nbsp;<\/p>\n<p>&nbsp;<\/p>\n<p>El Honved de Budapest volvi\u00f3 a proclamarse, once a\u00f1os despu\u00e9s, campe\u00f3n de la Copa h\u00fangara, tras imponerse este mi\u00e9rcoles por 2-1 al Mezokovesd en la final disputada en el Puskas Arena de la capital magiar.<\/p>\n<p>&nbsp;<\/p>\n<p>&nbsp;<\/p>\n<p>El m\u00edtico equipo de Budapest, en el que militaron leyendas como Ferenc Puskas, Sandor Kocsis o Zoltan Czibor, se resarci\u00f3 de la derrota sufrida en la final del pasado a\u00f1o, en la que cay\u00f3 por 2-1 ante el Videoton, tras superar al Mezokovesd, que debutaba en una final copera.<\/p>\n<p>&nbsp;<\/p>\n<p>&nbsp;<\/p>\n<p>Todo lo contrario que el Honved que sum\u00f3 su octavo t\u00edtulo, eso s\u00ed, no sin apuros.<\/p>\n<p>&nbsp;<\/p>\n<p>&nbsp;<\/p>\n<p>Y es que si los de Istvan Pisont se adelantaron en el marcador (1-0) a los 33 minutos con un gol del defensa croata Ivan Lovric, cuatro minutos m\u00e1s tarde, en el 37, el centrocampista del Mezokovesd Laszlo Pekar devolvi\u00f3 de nuevo la igualada (1-1) al tanteador.<\/p>\n<p>&nbsp;<\/p>\n<p>&nbsp;<\/p>\n<p>Un empate que se encarg\u00f3 de romper definitivamente a los once minutos del inicio de la segunda mitad el centrocampista serbio Djordje Kamber, que firm\u00f3 el gol de la victoria (2-1) del Honved, tras rematar de cabeza a las redes un bal\u00f3n suelo en el \u00e1rea tras el saque de una falta lateral.<\/p>\n<p>&nbsp;<\/p>\n<p>&nbsp;<\/p>\n<p>Gol al que ya no pudo responder el Mezokovesd, pese a los diez minutos de prolongaci\u00f3n que se disputaron, para alegr\u00eda de los aficionados del Honved, que en un n\u00edmero limitado pudieron acudir al estadio, y que vieron a su equipo volver a levantar un t\u00edtulo copero en el mejor escenario posible, el estadio que lleva el nombre de la gran leyenda de club, Ferenc Puskas.<\/p>\n<p>&nbsp;<\/p>\n<p>&nbsp;<\/p>\n<p>(PUBLICADO EL 03\/06\/2020 \/EFE )<\/p>\n","protected":false},"excerpt":{"rendered":"<p>HUNGR\u00cdA. \u2014 El mundo del deporte est\u00e1 paralizado por una pandemia. Bueno, casi todo el&#8230;<\/p>\n","protected":false},"author":1,"featured_media":86701,"comment_status":"open","ping_status":"open","sticky":false,"template":"","format":"standard","meta":{"_monsterinsights_skip_tracking":false,"_monsterinsights_sitenote_active":false,"_monsterinsights_sitenote_note":"","_monsterinsights_sitenote_category":0,"footnotes":""},"categories":[10],"tags":[],"class_list":["post"],"yoast_head":" \n<title>Sonora en Equipo. Budapest Honved se consagr\u00f3 campe\u00f3n de la Copa de Hungr\u00eda Deportes<\/title>\n<meta name=\"description\" content=\"HUNGR\u00cdA. \u2014 El mundo del deporte est\u00e1 paralizado por una pandemia. Bueno, casi todo el mundo, porque hay lugares donde la pr\u00e1ctica del f\u00fatbol sigue con En Sonora en Equipo publicamos toda la informaci\u00f3n de Sonora, M\u00e9xico y el Mundo de manera oportuna y busca que la libertad de expresi\u00f3n sea real. Visita nuestro medio informativo publicado desde Hermosillo, Sonora. %\" \/>\n<meta name=\"robots\" content=\"index, follow, max-snippet:-1, max-image-preview:large, max-video-preview:-1\" \/>\n<link rel=\"canonical\" href=\"https:\/\/www.sonoraenequipo.com.mx\/budapest-honved-se-consagro-campeon-de-la-copa-de-hungria\/\" \/>\n<meta property=\"og:locale\" content=\"es_ES\" \/>\n<meta property=\"og:type\" content=\"article\" \/>\n<meta property=\"og:title\" content=\"Sonora en Equipo. Budapest Honved se consagr\u00f3 campe\u00f3n de la Copa de Hungr\u00eda Deportes\" \/>\n<meta property=\"og:description\" content=\"HUNGR\u00cdA. \u2014 El mundo del deporte est\u00e1 paralizado por una pandemia. Bueno, casi todo el mundo, porque hay lugares donde la pr\u00e1ctica del f\u00fatbol sigue con En Sonora en Equipo publicamos toda la informaci\u00f3n de Sonora, M\u00e9xico y el Mundo de manera oportuna y busca que la libertad de expresi\u00f3n sea real. Visita nuestro medio informativo publicado desde Hermosillo, Sonora. %\" \/>\n<meta property=\"og:url\" content=\"https:\/\/www.sonoraenequipo.com.mx\/budapest-honved-se-consagro-campeon-de-la-copa-de-hungria\/\" \/>\n<meta property=\"og:site_name\" content=\"Sonora en Equipo.\" \/>\n<meta property=\"article:publisher\" content=\"https:\/\/www.facebook.com\/SonoraEE\/\" \/>\n<meta property=\"article:author\" content=\"https:\/\/www.facebook.com\/SonoraEE\" \/>\n<meta property=\"article:published_time\" content=\"2020-06-03T18:23:22+00:00\" \/>\n<meta property=\"article:modified_time\" content=\"2020-06-04T01:29:39+00:00\" \/>\n<meta property=\"og:image\" content=\"https:\/\/www.sonoraenequipo.com.mx\/storage\/2020\/06\/copa-de-hungria_opt.jpg\" \/>\n\t<meta property=\"og:image:width\" content=\"650\" \/>\n\t<meta property=\"og:image:height\" content=\"350\" \/>\n\t<meta property=\"og:image:type\" content=\"image\/jpeg\" \/>\n<meta name=\"author\" content=\"enequipo\" \/>\n<meta name=\"twitter:card\" content=\"summary_large_image\" \/>\n<meta name=\"twitter:creator\" content=\"@sonoraenequipo\" \/>\n<meta name=\"twitter:site\" content=\"@sonoraenequipo\" \/>\n<meta name=\"twitter:label1\" content=\"Escrito por\" \/>\n\t<meta name=\"twitter:data1\" content=\"enequipo\" \/>\n\t<meta name=\"twitter:label2\" content=\"Tiempo de lectura\" \/>\n\t<meta name=\"twitter:data2\" content=\"2 minutos\" \/>\n<script type=\"application\/ld+json\" class=\"yoast-schema-graph\">{\"@context\":\"https:\/\/schema.org\",\"@graph\":[{\"@type\":\"Article\",\"@id\":\"https:\/\/www.sonoraenequipo.com.mx\/budapest-honved-se-consagro-campeon-de-la-copa-de-hungria\/#article\",\"isPartOf\":{\"@id\":\"https:\/\/www.sonoraenequipo.com.mx\/budapest-honved-se-consagro-campeon-de-la-copa-de-hungria\/\"},\"author\":{\"name\":\"enequipo\",\"@id\":\"https:\/\/www.sonoraenequipo.com.mx\/#\/schema\/person\/50102df0fb23a8fa9e8effad8fa81386\"},\"headline\":\"Budapest Honved se consagr\u00f3 campe\u00f3n de la Copa de Hungr\u00eda\",\"datePublished\":\"2020-06-03T18:23:22+00:00\",\"dateModified\":\"2020-06-04T01:29:39+00:00\",\"mainEntityOfPage\":{\"@id\":\"https:\/\/www.sonoraenequipo.com.mx\/budapest-honved-se-consagro-campeon-de-la-copa-de-hungria\/\"},\"wordCount\":384,\"commentCount\":0,\"publisher\":{\"@id\":\"https:\/\/www.sonoraenequipo.com.mx\/#organization\"},\"image\":{\"@id\":\"https:\/\/www.sonoraenequipo.com.mx\/budapest-honved-se-consagro-campeon-de-la-copa-de-hungria\/#primaryimage\"},\"thumbnailUrl\":\"https:\/\/www.sonoraenequipo.com.mx\/storage\/2020\/06\/copa-de-hungria_opt.jpg\",\"articleSection\":[\"Deportes\"],\"inLanguage\":\"es\",\"potentialAction\":[{\"@type\":\"CommentAction\",\"name\":\"Comment\",\"target\":[\"https:\/\/www.sonoraenequipo.com.mx\/budapest-honved-se-consagro-campeon-de-la-copa-de-hungria\/#respond\"]}]},{\"@type\":\"WebPage\",\"@id\":\"https:\/\/www.sonoraenequipo.com.mx\/budapest-honved-se-consagro-campeon-de-la-copa-de-hungria\/\",\"url\":\"https:\/\/www.sonoraenequipo.com.mx\/budapest-honved-se-consagro-campeon-de-la-copa-de-hungria\/\",\"name\":\"Sonora en Equipo. Budapest Honved se consagr\u00f3 campe\u00f3n de la Copa de Hungr\u00eda Deportes\",\"isPartOf\":{\"@id\":\"https:\/\/www.sonoraenequipo.com.mx\/#website\"},\"primaryImageOfPage\":{\"@id\":\"https:\/\/www.sonoraenequipo.com.mx\/budapest-honved-se-consagro-campeon-de-la-copa-de-hungria\/#primaryimage\"},\"image\":{\"@id\":\"https:\/\/www.sonoraenequipo.com.mx\/budapest-honved-se-consagro-campeon-de-la-copa-de-hungria\/#primaryimage\"},\"thumbnailUrl\":\"https:\/\/www.sonoraenequipo.com.mx\/storage\/2020\/06\/copa-de-hungria_opt.jpg\",\"datePublished\":\"2020-06-03T18:23:22+00:00\",\"dateModified\":\"2020-06-04T01:29:39+00:00\",\"description\":\"HUNGR\u00cdA. \u2014 El mundo del deporte est\u00e1 paralizado por una pandemia. Bueno, casi todo el mundo, porque hay lugares donde la pr\u00e1ctica del f\u00fatbol sigue con En Sonora en Equipo publicamos toda la informaci\u00f3n de Sonora, M\u00e9xico y el Mundo de manera oportuna y busca que la libertad de expresi\u00f3n sea real. Visita nuestro medio informativo publicado desde Hermosillo, Sonora. %\",\"breadcrumb\":{\"@id\":\"https:\/\/www.sonoraenequipo.com.mx\/budapest-honved-se-consagro-campeon-de-la-copa-de-hungria\/#breadcrumb\"},\"inLanguage\":\"es\",\"potentialAction\":[{\"@type\":\"ReadAction\",\"target\":[\"https:\/\/www.sonoraenequipo.com.mx\/budapest-honved-se-consagro-campeon-de-la-copa-de-hungria\/\"]}]},{\"@type\":\"ImageObject\",\"inLanguage\":\"es\",\"@id\":\"https:\/\/www.sonoraenequipo.com.mx\/budapest-honved-se-consagro-campeon-de-la-copa-de-hungria\/#primaryimage\",\"url\":\"https:\/\/www.sonoraenequipo.com.mx\/storage\/2020\/06\/copa-de-hungria_opt.jpg\",\"contentUrl\":\"https:\/\/www.sonoraenequipo.com.mx\/storage\/2020\/06\/copa-de-hungria_opt.jpg\",\"width\":650,\"height\":350},{\"@type\":\"BreadcrumbList\",\"@id\":\"https:\/\/www.sonoraenequipo.com.mx\/budapest-honved-se-consagro-campeon-de-la-copa-de-hungria\/#breadcrumb\",\"itemListElement\":[{\"@type\":\"ListItem\",\"position\":1,\"name\":\"Portada\",\"item\":\"https:\/\/www.sonoraenequipo.com.mx\/\"},{\"@type\":\"ListItem\",\"position\":2,\"name\":\"Budapest Honved se consagr\u00f3 campe\u00f3n de la Copa de Hungr\u00eda\"}]},{\"@type\":\"WebSite\",\"@id\":\"https:\/\/www.sonoraenequipo.com.mx\/#website\",\"url\":\"https:\/\/www.sonoraenequipo.com.mx\/\",\"name\":\"Sonora en Equipo.\",\"description\":\"Diario en l\u00ednea con Noticias desde Hermosillo, Sonora\",\"publisher\":{\"@id\":\"https:\/\/www.sonoraenequipo.com.mx\/#organization\"},\"potentialAction\":[{\"@type\":\"SearchAction\",\"target\":{\"@type\":\"EntryPoint\",\"urlTemplate\":\"https:\/\/www.sonoraenequipo.com.mx\/?s={search_term_string}\"},\"query-input\":{\"@type\":\"PropertyValueSpecification\",\"valueRequired\":true,\"valueName\":\"search_term_string\"}}],\"inLanguage\":\"es\"},{\"@type\":\"Organization\",\"@id\":\"https:\/\/www.sonoraenequipo.com.mx\/#organization\",\"name\":\"Sonoraenequipo.com.mx\",\"url\":\"https:\/\/www.sonoraenequipo.com.mx\/\",\"logo\":{\"@type\":\"ImageObject\",\"inLanguage\":\"es\",\"@id\":\"https:\/\/www.sonoraenequipo.com.mx\/#\/schema\/logo\/image\/\",\"url\":\"https:\/\/www.sonoraenequipo.com.mx\/storage\/2019\/01\/sonoraenequipo_opt.png\",\"contentUrl\":\"https:\/\/www.sonoraenequipo.com.mx\/storage\/2019\/01\/sonoraenequipo_opt.png\",\"width\":375,\"height\":125,\"caption\":\"Sonoraenequipo.com.mx\"},\"image\":{\"@id\":\"https:\/\/www.sonoraenequipo.com.mx\/#\/schema\/logo\/image\/\"},\"sameAs\":[\"https:\/\/www.facebook.com\/SonoraEE\/\",\"https:\/\/x.com\/sonoraenequipo\",\"https:\/\/www.youtube.com\/channel\/UC338nW-lPEYmJQs4ZABQ1SQ\"]},{\"@type\":\"Person\",\"@id\":\"https:\/\/www.sonoraenequipo.com.mx\/#\/schema\/person\/50102df0fb23a8fa9e8effad8fa81386\",\"name\":\"enequipo\",\"image\":{\"@type\":\"ImageObject\",\"inLanguage\":\"es\",\"@id\":\"https:\/\/www.sonoraenequipo.com.mx\/#\/schema\/person\/image\/\",\"url\":\"https:\/\/secure.gravatar.com\/avatar\/049821681b589dabc0bc20695993ccebb09f5b5d4d790cd9251b97faac7c652b?s=96&d=blank&r=g\",\"contentUrl\":\"https:\/\/secure.gravatar.com\/avatar\/049821681b589dabc0bc20695993ccebb09f5b5d4d790cd9251b97faac7c652b?s=96&d=blank&r=g\",\"caption\":\"enequipo\"},\"sameAs\":[\"https:\/\/www.facebook.com\/SonoraEE\"]}]}<\/script>\n ","yoast_head_json":{"title":"Sonora en Equipo. Budapest Honved se consagr\u00f3 campe\u00f3n de la Copa de Hungr\u00eda Deportes","description":"HUNGR\u00cdA. \u2014 El mundo del deporte est\u00e1 paralizado por una pandemia. Bueno, casi todo el mundo, porque hay lugares donde la pr\u00e1ctica del f\u00fatbol sigue con En Sonora en Equipo publicamos toda la informaci\u00f3n de Sonora, M\u00e9xico y el Mundo de manera oportuna y busca que la libertad de expresi\u00f3n sea real. Visita nuestro medio informativo publicado desde Hermosillo, Sonora. %","robots":{"index":"index","follow":"follow","max-snippet":"max-snippet:-1","max-image-preview":"max-image-preview:large","max-video-preview":"max-video-preview:-1"},"canonical":"https:\/\/www.sonoraenequipo.com.mx\/budapest-honved-se-consagro-campeon-de-la-copa-de-hungria\/","og_locale":"es_ES","og_type":"article","og_title":"Sonora en Equipo. Budapest Honved se consagr\u00f3 campe\u00f3n de la Copa de Hungr\u00eda Deportes","og_description":"HUNGR\u00cdA. \u2014 El mundo del deporte est\u00e1 paralizado por una pandemia. Bueno, casi todo el mundo, porque hay lugares donde la pr\u00e1ctica del f\u00fatbol sigue con En Sonora en Equipo publicamos toda la informaci\u00f3n de Sonora, M\u00e9xico y el Mundo de manera oportuna y busca que la libertad de expresi\u00f3n sea real. Visita nuestro medio informativo publicado desde Hermosillo, Sonora. %","og_url":"https:\/\/www.sonoraenequipo.com.mx\/budapest-honved-se-consagro-campeon-de-la-copa-de-hungria\/","og_site_name":"Sonora en Equipo.","article_publisher":"https:\/\/www.facebook.com\/SonoraEE\/","article_author":"https:\/\/www.facebook.com\/SonoraEE","article_published_time":"2020-06-03T18:23:22+00:00","article_modified_time":"2020-06-04T01:29:39+00:00","og_image":[{"width":650,"height":350,"url":"https:\/\/www.sonoraenequipo.com.mx\/storage\/2020\/06\/copa-de-hungria_opt.jpg","type":"image\/jpeg"}],"author":"enequipo","twitter_card":"summary_large_image","twitter_creator":"@sonoraenequipo","twitter_site":"@sonoraenequipo","twitter_misc":{"Escrito por":"enequipo","Tiempo de lectura":"2 minutos"},"schema":{"@context":"https:\/\/schema.org","@graph":[{"@type":"Article","@id":"https:\/\/www.sonoraenequipo.com.mx\/budapest-honved-se-consagro-campeon-de-la-copa-de-hungria\/#article","isPartOf":{"@id":"https:\/\/www.sonoraenequipo.com.mx\/budapest-honved-se-consagro-campeon-de-la-copa-de-hungria\/"},"author":{"name":"enequipo","@id":"https:\/\/www.sonoraenequipo.com.mx\/#\/schema\/person\/50102df0fb23a8fa9e8effad8fa81386"},"headline":"Budapest Honved se consagr\u00f3 campe\u00f3n de la Copa de Hungr\u00eda","datePublished":"2020-06-03T18:23:22+00:00","dateModified":"2020-06-04T01:29:39+00:00","mainEntityOfPage":{"@id":"https:\/\/www.sonoraenequipo.com.mx\/budapest-honved-se-consagro-campeon-de-la-copa-de-hungria\/"},"wordCount":384,"commentCount":0,"publisher":{"@id":"https:\/\/www.sonoraenequipo.com.mx\/#organization"},"image":{"@id":"https:\/\/www.sonoraenequipo.com.mx\/budapest-honved-se-consagro-campeon-de-la-copa-de-hungria\/#primaryimage"},"thumbnailUrl":"https:\/\/www.sonoraenequipo.com.mx\/storage\/2020\/06\/copa-de-hungria_opt.jpg","articleSection":["Deportes"],"inLanguage":"es","potentialAction":[{"@type":"CommentAction","name":"Comment","target":["https:\/\/www.sonoraenequipo.com.mx\/budapest-honved-se-consagro-campeon-de-la-copa-de-hungria\/#respond"]}]},{"@type":"WebPage","@id":"https:\/\/www.sonoraenequipo.com.mx\/budapest-honved-se-consagro-campeon-de-la-copa-de-hungria\/","url":"https:\/\/www.sonoraenequipo.com.mx\/budapest-honved-se-consagro-campeon-de-la-copa-de-hungria\/","name":"Sonora en Equipo. Budapest Honved se consagr\u00f3 campe\u00f3n de la Copa de Hungr\u00eda Deportes","isPartOf":{"@id":"https:\/\/www.sonoraenequipo.com.mx\/#website"},"primaryImageOfPage":{"@id":"https:\/\/www.sonoraenequipo.com.mx\/budapest-honved-se-consagro-campeon-de-la-copa-de-hungria\/#primaryimage"},"image":{"@id":"https:\/\/www.sonoraenequipo.com.mx\/budapest-honved-se-consagro-campeon-de-la-copa-de-hungria\/#primaryimage"},"thumbnailUrl":"https:\/\/www.sonoraenequipo.com.mx\/storage\/2020\/06\/copa-de-hungria_opt.jpg","datePublished":"2020-06-03T18:23:22+00:00","dateModified":"2020-06-04T01:29:39+00:00","description":"HUNGR\u00cdA. \u2014 El mundo del deporte est\u00e1 paralizado por una pandemia. Bueno, casi todo el mundo, porque hay lugares donde la pr\u00e1ctica del f\u00fatbol sigue con En Sonora en Equipo publicamos toda la informaci\u00f3n de Sonora, M\u00e9xico y el Mundo de manera oportuna y busca que la libertad de expresi\u00f3n sea real. Visita nuestro medio informativo publicado desde Hermosillo, Sonora. %","breadcrumb":{"@id":"https:\/\/www.sonoraenequipo.com.mx\/budapest-honved-se-consagro-campeon-de-la-copa-de-hungria\/#breadcrumb"},"inLanguage":"es","potentialAction":[{"@type":"ReadAction","target":["https:\/\/www.sonoraenequipo.com.mx\/budapest-honved-se-consagro-campeon-de-la-copa-de-hungria\/"]}]},{"@type":"ImageObject","inLanguage":"es","@id":"https:\/\/www.sonoraenequipo.com.mx\/budapest-honved-se-consagro-campeon-de-la-copa-de-hungria\/#primaryimage","url":"https:\/\/www.sonoraenequipo.com.mx\/storage\/2020\/06\/copa-de-hungria_opt.jpg","contentUrl":"https:\/\/www.sonoraenequipo.com.mx\/storage\/2020\/06\/copa-de-hungria_opt.jpg","width":650,"height":350},{"@type":"BreadcrumbList","@id":"https:\/\/www.sonoraenequipo.com.mx\/budapest-honved-se-consagro-campeon-de-la-copa-de-hungria\/#breadcrumb","itemListElement":[{"@type":"ListItem","position":1,"name":"Portada","item":"https:\/\/www.sonoraenequipo.com.mx\/"},{"@type":"ListItem","position":2,"name":"Budapest Honved se consagr\u00f3 campe\u00f3n de la Copa de Hungr\u00eda"}]},{"@type":"WebSite","@id":"https:\/\/www.sonoraenequipo.com.mx\/#website","url":"https:\/\/www.sonoraenequipo.com.mx\/","name":"Sonora en Equipo.","description":"Diario en l\u00ednea con Noticias desde Hermosillo, Sonora","publisher":{"@id":"https:\/\/www.sonoraenequipo.com.mx\/#organization"},"potentialAction":[{"@type":"SearchAction","target":{"@type":"EntryPoint","urlTemplate":"https:\/\/www.sonoraenequipo.com.mx\/?s={search_term_string}"},"query-input":{"@type":"PropertyValueSpecification","valueRequired":true,"valueName":"search_term_string"}}],"inLanguage":"es"},{"@type":"Organization","@id":"https:\/\/www.sonoraenequipo.com.mx\/#organization","name":"Sonoraenequipo.com.mx","url":"https:\/\/www.sonoraenequipo.com.mx\/","logo":{"@type":"ImageObject","inLanguage":"es","@id":"https:\/\/www.sonoraenequipo.com.mx\/#\/schema\/logo\/image\/","url":"https:\/\/www.sonoraenequipo.com.mx\/storage\/2019\/01\/sonoraenequipo_opt.png","contentUrl":"https:\/\/www.sonoraenequipo.com.mx\/storage\/2019\/01\/sonoraenequipo_opt.png","width":375,"height":125,"caption":"Sonoraenequipo.com.mx"},"image":{"@id":"https:\/\/www.sonoraenequipo.com.mx\/#\/schema\/logo\/image\/"},"sameAs":["https:\/\/www.facebook.com\/SonoraEE\/","https:\/\/x.com\/sonoraenequipo","https:\/\/www.youtube.com\/channel\/UC338nW-lPEYmJQs4ZABQ1SQ"]},{"@type":"Person","@id":"https:\/\/www.sonoraenequipo.com.mx\/#\/schema\/person\/50102df0fb23a8fa9e8effad8fa81386","name":"enequipo","image":{"@type":"ImageObject","inLanguage":"es","@id":"https:\/\/www.sonoraenequipo.com.mx\/#\/schema\/person\/image\/","url":"https:\/\/secure.gravatar.com\/avatar\/049821681b589dabc0bc20695993ccebb09f5b5d4d790cd9251b97faac7c652b?s=96&d=blank&r=g","contentUrl":"https:\/\/secure.gravatar.com\/avatar\/049821681b589dabc0bc20695993ccebb09f5b5d4d790cd9251b97faac7c652b?s=96&d=blank&r=g","caption":"enequipo"},"sameAs":["https:\/\/www.facebook.com\/SonoraEE"]}]}},"jetpack_featured_media_url":"https:\/\/www.sonoraenequipo.com.mx\/storage\/2020\/06\/copa-de-hungria_opt.jpg","_links":{"self":[{"href":"https:\/\/www.sonoraenequipo.com.mx\/api\/wp\/v2\/posts\/86697","targetHints":{"allow":["GET"]}}],"collection":[{"href":"https:\/\/www.sonoraenequipo.com.mx\/api\/wp\/v2\/posts"}],"about":[{"href":"https:\/\/www.sonoraenequipo.com.mx\/api\/wp\/v2\/types\/post"}],"author":[{"embeddable":true,"href":"https:\/\/www.sonoraenequipo.com.mx\/api\/wp\/v2\/users\/1"}],"replies":[{"embeddable":true,"href":"https:\/\/www.sonoraenequipo.com.mx\/api\/wp\/v2\/comments?post=86697"}],"version-history":[{"count":0,"href":"https:\/\/www.sonoraenequipo.com.mx\/api\/wp\/v2\/posts\/86697\/revisions"}],"wp:featuredmedia":[{"embeddable":true,"href":"https:\/\/www.sonoraenequipo.com.mx\/api\/wp\/v2\/media\/86701"}],"wp:attachment":[{"href":"https:\/\/www.sonoraenequipo.com.mx\/api\/wp\/v2\/media?parent=86697"}],"wp:term":[{"taxonomy":"category","embeddable":true,"href":"https:\/\/www.sonoraenequipo.com.mx\/api\/wp\/v2\/categories?post=86697"},{"taxonomy":"post_tag","embeddable":true,"href":"https:\/\/www.sonoraenequipo.com.mx\/api\/wp\/v2\/tags?post=86697"}],"curies":[{"name":"wp","href":"https:\/\/api.w.org\/{rel}","templated":true}]}}