{"id":86713,"date":"2020-06-03T21:46:03","date_gmt":"2020-06-04T04:46:03","guid":{"rendered":"https:\/\/www.sonoraenequipo.com.mx\/?p=86713"},"modified":"2020-06-03T19:50:48","modified_gmt":"2020-06-04T02:50:48","slug":"necesario-buscar-desarrollo-sustentable-tras-pandemia-expertos","status":"publish","type":"post","link":"https:\/\/www.sonoraenequipo.com.mx\/necesario-buscar-desarrollo-sustentable-tras-pandemia-expertos\/","title":{"rendered":"Necesario buscar desarrollo sustentable tras pandemia: expertos"},"content":{"rendered":"<p>CIUDAD DE M\u00c9XICO. MX. \u2014 El coronavirus (COVID-19) visibiliz\u00f3 un mundo insostenible y desigual, por lo que un grupo de especialistas discutieron las pol\u00edticas y procesos que M\u00e9xico debe encarar para caminar hacia un desarrollo sustentable en el escenario pospandemia.<\/p>\n<p>&nbsp;<\/p>\n<p> <\/p>\n<p>&nbsp;<\/p>\n<p>&nbsp;<\/p>\n<p>A trav\u00e9s del ciclo <strong><em>\u201cSemana del Medio Ambiente en tiempos de Pandemia\u201d,<\/em><\/strong> del Colegio Nacional, la doctora Julia Carabias Lillo dijo que el pa\u00eds debe iniciar el regreso a la denominada <em><strong>\u201cnueva normalidad\u201d,<\/strong><\/em> desde las mejores estrategias en el desarrollo econ\u00f3mico, con perspectivas de sustentabilidad ambiental y pol\u00edticas que no dejen a nadie atr\u00e1s.<\/p>\n<p>&nbsp;<\/p>\n<p>&nbsp;<\/p>\n<p>Rolando Cordera, miembro del Sistema Nacional de Investigadores, se\u00f1al\u00f3 que esta crisis sanitaria pudo evidenciar una serie de problemas irresolubles que el Estado debe atender en lo econ\u00f3mico y lo social, adem\u00e1s de la transformaci\u00f3n en la esfera pol\u00edtica y social, ya que<em> \u201cno hay recetas f\u00e1ciles\u201d<\/em> para esta transici\u00f3n.<\/p>\n<p>&nbsp;<\/p>\n<p>&nbsp;<\/p>\n<p>Por su parte, el doctor Mario Luis Fuentes, miembro de la Academia Mexicana de Econom\u00eda Pol\u00edtica, precis\u00f3 que antes de la pandemia M\u00e9xico ten\u00eda otra crisis relacionada con la violencia y la desigualdad social, que apuntan hacia carencias por marginaci\u00f3n, pobreza, salud y violencia en las familias.<\/p>\n<p>&nbsp;<\/p>\n<p>&nbsp;<\/p>\n<p><em>\u201cNuestra interacci\u00f3n con los virus se da en un espacio social con estructuras profundamente erosionadas y desiguales\u201d,<\/em> explic\u00f3.<\/p>\n<p>&nbsp;<\/p>\n<p>&nbsp;<\/p>\n<p>Esta pandemia dej\u00f3 un mayor rezago en los alumnos de todos los niveles, en el sector econ\u00f3mico una p\u00e9rdida masiva de empleos formales e informales, porque de acuerdo con la encuesta de Coneval, 2 de cada 10 mexicanos son pobres o vulnerables y pocos se podr\u00e1n restaurar despu\u00e9s de esta situaci\u00f3n.<\/p>\n<p>&nbsp;<\/p>\n<p>&nbsp;<\/p>\n<p>El doctor Fuentes habl\u00f3 de otro problema casi invisible en la pandemia: <em>los problemas de salud mental de la poblaci\u00f3n mexicana, al incrementarse los episodios de ansiedad, depresi\u00f3n y otros trastornos.<\/em><\/p>\n<p>&nbsp;<\/p>\n<p>&nbsp;<\/p>\n<p>Frente a este panorama, dijo que existen dos posibilidades modificar el curso de desarrollo para una nueva normalidad que contemple la idea de conservaci\u00f3n de la naturaleza o la ruptura y el retroceso social.<\/p>\n<p>&nbsp;<\/p>\n<p>&nbsp;<\/p>\n<p>En su participaci\u00f3n, el subdirector general y representante regional de la FAO para Am\u00e9rica Latina y el Caribe, Gustavo Gordillo, remarc\u00f3 que hemos vivido en una anormalidad que se aliment\u00f3 de la desigualdad y problemas de salud en pa\u00eds, as\u00ed como la mala representaci\u00f3n pol\u00edtica.<\/p>\n<p>&nbsp;<\/p>\n<p>&nbsp;<\/p>\n<p>Refiri\u00f3 que es evidente que las estrategias del campo deben estar vinculadas a la nutrici\u00f3n, porque los problemas de diabetes est\u00e1 ligada a esta cadena productiva de alimentos. Indic\u00f3 que tambi\u00e9n deben incentivarse pol\u00edticas que ayuden a la ganader\u00eda para atender sus consecuencias ambientales.<\/p>\n<p>&nbsp;<\/p>\n<p>&nbsp;<\/p>\n<p>En su intervenci\u00f3n, la directora ejecutiva del World Resources Institute M\u00e9xico (WRI M\u00e9xico) Adriana Lobo, resalt\u00f3 el papel de las ciudades en la adaptaci\u00f3n mayor en la pandemia y el cambio clim\u00e1tico; propuso repensar la importancia de ciudades sustentables que contemplen mejores espacios p\u00fablicos como los parques urbanos.<\/p>\n<p>&nbsp;<\/p>\n<p>&nbsp;<\/p>\n<p>En el tema de transporte, puntualiz\u00f3 la necesidad de avanzar hacia modelos bajos en carbono, promover el uso de otros medios como la bicicleta. En este sentido, dijo que el ingreso que se direccione a la infraestructura deber\u00e1 pensar en ciudades m\u00e1s sostenibles y ecol\u00f3gicas. De esta forma, llam\u00f3 a<em> \u201cno sacrificar lo importante por lo urgente\u201d.<\/em><\/p>\n<p>&nbsp;<\/p>\n<p>&nbsp;<\/p>\n<p>La doctora Cristina Cortinas, integrante del Sistema Nacional de Investigadores (SNI), insisti\u00f3 en que a M\u00e9xico le urge desarrollar una mejor econom\u00eda circular bajo un modelo \u00f3ptimo para sus residuos.<\/p>\n<p>&nbsp;<\/p>\n<p>&nbsp;<\/p>\n<p>La experta propuso una serie de estrategias para redise\u00f1ar la fabricaci\u00f3n de productos al considerar criterios ambientales, de tal forma que se aproveche un porcentaje mayor del mismo. De esta manera considera que podr\u00e1n generarse m\u00e1s empleos.<\/p>\n<p>&nbsp;<\/p>\n<p>&nbsp;<\/p>\n<p>Explic\u00f3 que la econom\u00eda circular busca cerrar el ciclo de vida de los materiales, el prop\u00f3sito principal consiste en no continuar con el desgaste de los servicios naturales, como el agua y la energ\u00eda, y lograr los Objetivos de Desarrollo Sostenible (ODS), en consecuencia obtendremos el bienestar com\u00fan y la conservaci\u00f3n del medio ambiente.<\/p>\n<p>&nbsp;<\/p>\n<p>&nbsp;<\/p>\n<p>(PUBLICADO EL 03\/06\/2020)<\/p>\n","protected":false},"excerpt":{"rendered":"<p>CIUDAD DE M\u00c9XICO. MX. \u2014 El coronavirus (COVID-19) visibiliz\u00f3 un mundo insostenible y desigual, por&#8230;<\/p>\n","protected":false},"author":1,"featured_media":86716,"comment_status":"open","ping_status":"open","sticky":false,"template":"","format":"standard","meta":{"_monsterinsights_skip_tracking":false,"_monsterinsights_sitenote_active":false,"_monsterinsights_sitenote_note":"","_monsterinsights_sitenote_category":0,"footnotes":""},"categories":[3],"tags":[],"class_list":["post"],"yoast_head":" \n<title>Sonora en Equipo. Necesario buscar desarrollo sustentable tras pandemia: expertos MUNDO<\/title>\n<meta name=\"description\" content=\"CIUDAD DE M\u00c9XICO. MX. \u2014 El coronavirus (COVID-19) visibiliz\u00f3 un mundo insostenible y desigual, por lo que un grupo de especialistas discutieron las En Sonora en Equipo publicamos toda la informaci\u00f3n de Sonora, M\u00e9xico y el Mundo de manera oportuna y busca que la libertad de expresi\u00f3n sea real. Visita nuestro medio informativo publicado desde Hermosillo, Sonora. %\" \/>\n<meta name=\"robots\" content=\"index, follow, max-snippet:-1, max-image-preview:large, max-video-preview:-1\" \/>\n<link rel=\"canonical\" href=\"https:\/\/www.sonoraenequipo.com.mx\/necesario-buscar-desarrollo-sustentable-tras-pandemia-expertos\/\" \/>\n<meta property=\"og:locale\" content=\"es_ES\" \/>\n<meta property=\"og:type\" content=\"article\" \/>\n<meta property=\"og:title\" content=\"Sonora en Equipo. Necesario buscar desarrollo sustentable tras pandemia: expertos MUNDO\" \/>\n<meta property=\"og:description\" content=\"CIUDAD DE M\u00c9XICO. MX. \u2014 El coronavirus (COVID-19) visibiliz\u00f3 un mundo insostenible y desigual, por lo que un grupo de especialistas discutieron las En Sonora en Equipo publicamos toda la informaci\u00f3n de Sonora, M\u00e9xico y el Mundo de manera oportuna y busca que la libertad de expresi\u00f3n sea real. Visita nuestro medio informativo publicado desde Hermosillo, Sonora. %\" \/>\n<meta property=\"og:url\" content=\"https:\/\/www.sonoraenequipo.com.mx\/necesario-buscar-desarrollo-sustentable-tras-pandemia-expertos\/\" \/>\n<meta property=\"og:site_name\" content=\"Sonora en Equipo.\" \/>\n<meta property=\"article:publisher\" content=\"https:\/\/www.facebook.com\/SonoraEE\/\" \/>\n<meta property=\"article:author\" content=\"https:\/\/www.facebook.com\/SonoraEE\" \/>\n<meta property=\"article:published_time\" content=\"2020-06-04T04:46:03+00:00\" \/>\n<meta property=\"og:image\" content=\"https:\/\/www.sonoraenequipo.com.mx\/storage\/2020\/06\/medio-ambiente_desarrollo_sustentable_opt.jpg\" \/>\n\t<meta property=\"og:image:width\" content=\"553\" \/>\n\t<meta property=\"og:image:height\" content=\"366\" \/>\n\t<meta property=\"og:image:type\" content=\"image\/jpeg\" \/>\n<meta name=\"author\" content=\"enequipo\" \/>\n<meta name=\"twitter:card\" content=\"summary_large_image\" \/>\n<meta name=\"twitter:creator\" content=\"@sonoraenequipo\" \/>\n<meta name=\"twitter:site\" content=\"@sonoraenequipo\" \/>\n<meta name=\"twitter:label1\" content=\"Escrito por\" \/>\n\t<meta name=\"twitter:data1\" content=\"enequipo\" \/>\n\t<meta name=\"twitter:label2\" content=\"Tiempo de lectura\" \/>\n\t<meta name=\"twitter:data2\" content=\"4 minutos\" \/>\n<script type=\"application\/ld+json\" class=\"yoast-schema-graph\">{\"@context\":\"https:\/\/schema.org\",\"@graph\":[{\"@type\":\"Article\",\"@id\":\"https:\/\/www.sonoraenequipo.com.mx\/necesario-buscar-desarrollo-sustentable-tras-pandemia-expertos\/#article\",\"isPartOf\":{\"@id\":\"https:\/\/www.sonoraenequipo.com.mx\/necesario-buscar-desarrollo-sustentable-tras-pandemia-expertos\/\"},\"author\":{\"name\":\"enequipo\",\"@id\":\"https:\/\/www.sonoraenequipo.com.mx\/#\/schema\/person\/50102df0fb23a8fa9e8effad8fa81386\"},\"headline\":\"Necesario buscar desarrollo sustentable tras pandemia: expertos\",\"datePublished\":\"2020-06-04T04:46:03+00:00\",\"mainEntityOfPage\":{\"@id\":\"https:\/\/www.sonoraenequipo.com.mx\/necesario-buscar-desarrollo-sustentable-tras-pandemia-expertos\/\"},\"wordCount\":734,\"commentCount\":0,\"publisher\":{\"@id\":\"https:\/\/www.sonoraenequipo.com.mx\/#organization\"},\"image\":{\"@id\":\"https:\/\/www.sonoraenequipo.com.mx\/necesario-buscar-desarrollo-sustentable-tras-pandemia-expertos\/#primaryimage\"},\"thumbnailUrl\":\"https:\/\/www.sonoraenequipo.com.mx\/storage\/2020\/06\/medio-ambiente_desarrollo_sustentable_opt.jpg\",\"articleSection\":[\"MUNDO\"],\"inLanguage\":\"es\",\"potentialAction\":[{\"@type\":\"CommentAction\",\"name\":\"Comment\",\"target\":[\"https:\/\/www.sonoraenequipo.com.mx\/necesario-buscar-desarrollo-sustentable-tras-pandemia-expertos\/#respond\"]}]},{\"@type\":\"WebPage\",\"@id\":\"https:\/\/www.sonoraenequipo.com.mx\/necesario-buscar-desarrollo-sustentable-tras-pandemia-expertos\/\",\"url\":\"https:\/\/www.sonoraenequipo.com.mx\/necesario-buscar-desarrollo-sustentable-tras-pandemia-expertos\/\",\"name\":\"Sonora en Equipo. Necesario buscar desarrollo sustentable tras pandemia: expertos MUNDO\",\"isPartOf\":{\"@id\":\"https:\/\/www.sonoraenequipo.com.mx\/#website\"},\"primaryImageOfPage\":{\"@id\":\"https:\/\/www.sonoraenequipo.com.mx\/necesario-buscar-desarrollo-sustentable-tras-pandemia-expertos\/#primaryimage\"},\"image\":{\"@id\":\"https:\/\/www.sonoraenequipo.com.mx\/necesario-buscar-desarrollo-sustentable-tras-pandemia-expertos\/#primaryimage\"},\"thumbnailUrl\":\"https:\/\/www.sonoraenequipo.com.mx\/storage\/2020\/06\/medio-ambiente_desarrollo_sustentable_opt.jpg\",\"datePublished\":\"2020-06-04T04:46:03+00:00\",\"description\":\"CIUDAD DE M\u00c9XICO. MX. \u2014 El coronavirus (COVID-19) visibiliz\u00f3 un mundo insostenible y desigual, por lo que un grupo de especialistas discutieron las En Sonora en Equipo publicamos toda la informaci\u00f3n de Sonora, M\u00e9xico y el Mundo de manera oportuna y busca que la libertad de expresi\u00f3n sea real. Visita nuestro medio informativo publicado desde Hermosillo, Sonora. %\",\"breadcrumb\":{\"@id\":\"https:\/\/www.sonoraenequipo.com.mx\/necesario-buscar-desarrollo-sustentable-tras-pandemia-expertos\/#breadcrumb\"},\"inLanguage\":\"es\",\"potentialAction\":[{\"@type\":\"ReadAction\",\"target\":[\"https:\/\/www.sonoraenequipo.com.mx\/necesario-buscar-desarrollo-sustentable-tras-pandemia-expertos\/\"]}]},{\"@type\":\"ImageObject\",\"inLanguage\":\"es\",\"@id\":\"https:\/\/www.sonoraenequipo.com.mx\/necesario-buscar-desarrollo-sustentable-tras-pandemia-expertos\/#primaryimage\",\"url\":\"https:\/\/www.sonoraenequipo.com.mx\/storage\/2020\/06\/medio-ambiente_desarrollo_sustentable_opt.jpg\",\"contentUrl\":\"https:\/\/www.sonoraenequipo.com.mx\/storage\/2020\/06\/medio-ambiente_desarrollo_sustentable_opt.jpg\",\"width\":553,\"height\":366},{\"@type\":\"BreadcrumbList\",\"@id\":\"https:\/\/www.sonoraenequipo.com.mx\/necesario-buscar-desarrollo-sustentable-tras-pandemia-expertos\/#breadcrumb\",\"itemListElement\":[{\"@type\":\"ListItem\",\"position\":1,\"name\":\"Portada\",\"item\":\"https:\/\/www.sonoraenequipo.com.mx\/\"},{\"@type\":\"ListItem\",\"position\":2,\"name\":\"Necesario buscar desarrollo sustentable tras pandemia: expertos\"}]},{\"@type\":\"WebSite\",\"@id\":\"https:\/\/www.sonoraenequipo.com.mx\/#website\",\"url\":\"https:\/\/www.sonoraenequipo.com.mx\/\",\"name\":\"Sonora en Equipo.\",\"description\":\"Diario en l\u00ednea con Noticias desde Hermosillo, Sonora\",\"publisher\":{\"@id\":\"https:\/\/www.sonoraenequipo.com.mx\/#organization\"},\"potentialAction\":[{\"@type\":\"SearchAction\",\"target\":{\"@type\":\"EntryPoint\",\"urlTemplate\":\"https:\/\/www.sonoraenequipo.com.mx\/?s={search_term_string}\"},\"query-input\":{\"@type\":\"PropertyValueSpecification\",\"valueRequired\":true,\"valueName\":\"search_term_string\"}}],\"inLanguage\":\"es\"},{\"@type\":\"Organization\",\"@id\":\"https:\/\/www.sonoraenequipo.com.mx\/#organization\",\"name\":\"Sonoraenequipo.com.mx\",\"url\":\"https:\/\/www.sonoraenequipo.com.mx\/\",\"logo\":{\"@type\":\"ImageObject\",\"inLanguage\":\"es\",\"@id\":\"https:\/\/www.sonoraenequipo.com.mx\/#\/schema\/logo\/image\/\",\"url\":\"https:\/\/www.sonoraenequipo.com.mx\/storage\/2019\/01\/sonoraenequipo_opt.png\",\"contentUrl\":\"https:\/\/www.sonoraenequipo.com.mx\/storage\/2019\/01\/sonoraenequipo_opt.png\",\"width\":375,\"height\":125,\"caption\":\"Sonoraenequipo.com.mx\"},\"image\":{\"@id\":\"https:\/\/www.sonoraenequipo.com.mx\/#\/schema\/logo\/image\/\"},\"sameAs\":[\"https:\/\/www.facebook.com\/SonoraEE\/\",\"https:\/\/x.com\/sonoraenequipo\",\"https:\/\/www.youtube.com\/channel\/UC338nW-lPEYmJQs4ZABQ1SQ\"]},{\"@type\":\"Person\",\"@id\":\"https:\/\/www.sonoraenequipo.com.mx\/#\/schema\/person\/50102df0fb23a8fa9e8effad8fa81386\",\"name\":\"enequipo\",\"image\":{\"@type\":\"ImageObject\",\"inLanguage\":\"es\",\"@id\":\"https:\/\/www.sonoraenequipo.com.mx\/#\/schema\/person\/image\/\",\"url\":\"https:\/\/secure.gravatar.com\/avatar\/049821681b589dabc0bc20695993ccebb09f5b5d4d790cd9251b97faac7c652b?s=96&d=blank&r=g\",\"contentUrl\":\"https:\/\/secure.gravatar.com\/avatar\/049821681b589dabc0bc20695993ccebb09f5b5d4d790cd9251b97faac7c652b?s=96&d=blank&r=g\",\"caption\":\"enequipo\"},\"sameAs\":[\"https:\/\/www.facebook.com\/SonoraEE\"]}]}<\/script>\n ","yoast_head_json":{"title":"Sonora en Equipo. Necesario buscar desarrollo sustentable tras pandemia: expertos MUNDO","description":"CIUDAD DE M\u00c9XICO. MX. \u2014 El coronavirus (COVID-19) visibiliz\u00f3 un mundo insostenible y desigual, por lo que un grupo de especialistas discutieron las En Sonora en Equipo publicamos toda la informaci\u00f3n de Sonora, M\u00e9xico y el Mundo de manera oportuna y busca que la libertad de expresi\u00f3n sea real. Visita nuestro medio informativo publicado desde Hermosillo, Sonora. %","robots":{"index":"index","follow":"follow","max-snippet":"max-snippet:-1","max-image-preview":"max-image-preview:large","max-video-preview":"max-video-preview:-1"},"canonical":"https:\/\/www.sonoraenequipo.com.mx\/necesario-buscar-desarrollo-sustentable-tras-pandemia-expertos\/","og_locale":"es_ES","og_type":"article","og_title":"Sonora en Equipo. Necesario buscar desarrollo sustentable tras pandemia: expertos MUNDO","og_description":"CIUDAD DE M\u00c9XICO. MX. \u2014 El coronavirus (COVID-19) visibiliz\u00f3 un mundo insostenible y desigual, por lo que un grupo de especialistas discutieron las En Sonora en Equipo publicamos toda la informaci\u00f3n de Sonora, M\u00e9xico y el Mundo de manera oportuna y busca que la libertad de expresi\u00f3n sea real. Visita nuestro medio informativo publicado desde Hermosillo, Sonora. %","og_url":"https:\/\/www.sonoraenequipo.com.mx\/necesario-buscar-desarrollo-sustentable-tras-pandemia-expertos\/","og_site_name":"Sonora en Equipo.","article_publisher":"https:\/\/www.facebook.com\/SonoraEE\/","article_author":"https:\/\/www.facebook.com\/SonoraEE","article_published_time":"2020-06-04T04:46:03+00:00","og_image":[{"width":553,"height":366,"url":"https:\/\/www.sonoraenequipo.com.mx\/storage\/2020\/06\/medio-ambiente_desarrollo_sustentable_opt.jpg","type":"image\/jpeg"}],"author":"enequipo","twitter_card":"summary_large_image","twitter_creator":"@sonoraenequipo","twitter_site":"@sonoraenequipo","twitter_misc":{"Escrito por":"enequipo","Tiempo de lectura":"4 minutos"},"schema":{"@context":"https:\/\/schema.org","@graph":[{"@type":"Article","@id":"https:\/\/www.sonoraenequipo.com.mx\/necesario-buscar-desarrollo-sustentable-tras-pandemia-expertos\/#article","isPartOf":{"@id":"https:\/\/www.sonoraenequipo.com.mx\/necesario-buscar-desarrollo-sustentable-tras-pandemia-expertos\/"},"author":{"name":"enequipo","@id":"https:\/\/www.sonoraenequipo.com.mx\/#\/schema\/person\/50102df0fb23a8fa9e8effad8fa81386"},"headline":"Necesario buscar desarrollo sustentable tras pandemia: expertos","datePublished":"2020-06-04T04:46:03+00:00","mainEntityOfPage":{"@id":"https:\/\/www.sonoraenequipo.com.mx\/necesario-buscar-desarrollo-sustentable-tras-pandemia-expertos\/"},"wordCount":734,"commentCount":0,"publisher":{"@id":"https:\/\/www.sonoraenequipo.com.mx\/#organization"},"image":{"@id":"https:\/\/www.sonoraenequipo.com.mx\/necesario-buscar-desarrollo-sustentable-tras-pandemia-expertos\/#primaryimage"},"thumbnailUrl":"https:\/\/www.sonoraenequipo.com.mx\/storage\/2020\/06\/medio-ambiente_desarrollo_sustentable_opt.jpg","articleSection":["MUNDO"],"inLanguage":"es","potentialAction":[{"@type":"CommentAction","name":"Comment","target":["https:\/\/www.sonoraenequipo.com.mx\/necesario-buscar-desarrollo-sustentable-tras-pandemia-expertos\/#respond"]}]},{"@type":"WebPage","@id":"https:\/\/www.sonoraenequipo.com.mx\/necesario-buscar-desarrollo-sustentable-tras-pandemia-expertos\/","url":"https:\/\/www.sonoraenequipo.com.mx\/necesario-buscar-desarrollo-sustentable-tras-pandemia-expertos\/","name":"Sonora en Equipo. Necesario buscar desarrollo sustentable tras pandemia: expertos MUNDO","isPartOf":{"@id":"https:\/\/www.sonoraenequipo.com.mx\/#website"},"primaryImageOfPage":{"@id":"https:\/\/www.sonoraenequipo.com.mx\/necesario-buscar-desarrollo-sustentable-tras-pandemia-expertos\/#primaryimage"},"image":{"@id":"https:\/\/www.sonoraenequipo.com.mx\/necesario-buscar-desarrollo-sustentable-tras-pandemia-expertos\/#primaryimage"},"thumbnailUrl":"https:\/\/www.sonoraenequipo.com.mx\/storage\/2020\/06\/medio-ambiente_desarrollo_sustentable_opt.jpg","datePublished":"2020-06-04T04:46:03+00:00","description":"CIUDAD DE M\u00c9XICO. MX. \u2014 El coronavirus (COVID-19) visibiliz\u00f3 un mundo insostenible y desigual, por lo que un grupo de especialistas discutieron las En Sonora en Equipo publicamos toda la informaci\u00f3n de Sonora, M\u00e9xico y el Mundo de manera oportuna y busca que la libertad de expresi\u00f3n sea real. Visita nuestro medio informativo publicado desde Hermosillo, Sonora. %","breadcrumb":{"@id":"https:\/\/www.sonoraenequipo.com.mx\/necesario-buscar-desarrollo-sustentable-tras-pandemia-expertos\/#breadcrumb"},"inLanguage":"es","potentialAction":[{"@type":"ReadAction","target":["https:\/\/www.sonoraenequipo.com.mx\/necesario-buscar-desarrollo-sustentable-tras-pandemia-expertos\/"]}]},{"@type":"ImageObject","inLanguage":"es","@id":"https:\/\/www.sonoraenequipo.com.mx\/necesario-buscar-desarrollo-sustentable-tras-pandemia-expertos\/#primaryimage","url":"https:\/\/www.sonoraenequipo.com.mx\/storage\/2020\/06\/medio-ambiente_desarrollo_sustentable_opt.jpg","contentUrl":"https:\/\/www.sonoraenequipo.com.mx\/storage\/2020\/06\/medio-ambiente_desarrollo_sustentable_opt.jpg","width":553,"height":366},{"@type":"BreadcrumbList","@id":"https:\/\/www.sonoraenequipo.com.mx\/necesario-buscar-desarrollo-sustentable-tras-pandemia-expertos\/#breadcrumb","itemListElement":[{"@type":"ListItem","position":1,"name":"Portada","item":"https:\/\/www.sonoraenequipo.com.mx\/"},{"@type":"ListItem","position":2,"name":"Necesario buscar desarrollo sustentable tras pandemia: expertos"}]},{"@type":"WebSite","@id":"https:\/\/www.sonoraenequipo.com.mx\/#website","url":"https:\/\/www.sonoraenequipo.com.mx\/","name":"Sonora en Equipo.","description":"Diario en l\u00ednea con Noticias desde Hermosillo, Sonora","publisher":{"@id":"https:\/\/www.sonoraenequipo.com.mx\/#organization"},"potentialAction":[{"@type":"SearchAction","target":{"@type":"EntryPoint","urlTemplate":"https:\/\/www.sonoraenequipo.com.mx\/?s={search_term_string}"},"query-input":{"@type":"PropertyValueSpecification","valueRequired":true,"valueName":"search_term_string"}}],"inLanguage":"es"},{"@type":"Organization","@id":"https:\/\/www.sonoraenequipo.com.mx\/#organization","name":"Sonoraenequipo.com.mx","url":"https:\/\/www.sonoraenequipo.com.mx\/","logo":{"@type":"ImageObject","inLanguage":"es","@id":"https:\/\/www.sonoraenequipo.com.mx\/#\/schema\/logo\/image\/","url":"https:\/\/www.sonoraenequipo.com.mx\/storage\/2019\/01\/sonoraenequipo_opt.png","contentUrl":"https:\/\/www.sonoraenequipo.com.mx\/storage\/2019\/01\/sonoraenequipo_opt.png","width":375,"height":125,"caption":"Sonoraenequipo.com.mx"},"image":{"@id":"https:\/\/www.sonoraenequipo.com.mx\/#\/schema\/logo\/image\/"},"sameAs":["https:\/\/www.facebook.com\/SonoraEE\/","https:\/\/x.com\/sonoraenequipo","https:\/\/www.youtube.com\/channel\/UC338nW-lPEYmJQs4ZABQ1SQ"]},{"@type":"Person","@id":"https:\/\/www.sonoraenequipo.com.mx\/#\/schema\/person\/50102df0fb23a8fa9e8effad8fa81386","name":"enequipo","image":{"@type":"ImageObject","inLanguage":"es","@id":"https:\/\/www.sonoraenequipo.com.mx\/#\/schema\/person\/image\/","url":"https:\/\/secure.gravatar.com\/avatar\/049821681b589dabc0bc20695993ccebb09f5b5d4d790cd9251b97faac7c652b?s=96&d=blank&r=g","contentUrl":"https:\/\/secure.gravatar.com\/avatar\/049821681b589dabc0bc20695993ccebb09f5b5d4d790cd9251b97faac7c652b?s=96&d=blank&r=g","caption":"enequipo"},"sameAs":["https:\/\/www.facebook.com\/SonoraEE"]}]}},"jetpack_featured_media_url":"https:\/\/www.sonoraenequipo.com.mx\/storage\/2020\/06\/medio-ambiente_desarrollo_sustentable_opt.jpg","_links":{"self":[{"href":"https:\/\/www.sonoraenequipo.com.mx\/api\/wp\/v2\/posts\/86713","targetHints":{"allow":["GET"]}}],"collection":[{"href":"https:\/\/www.sonoraenequipo.com.mx\/api\/wp\/v2\/posts"}],"about":[{"href":"https:\/\/www.sonoraenequipo.com.mx\/api\/wp\/v2\/types\/post"}],"author":[{"embeddable":true,"href":"https:\/\/www.sonoraenequipo.com.mx\/api\/wp\/v2\/users\/1"}],"replies":[{"embeddable":true,"href":"https:\/\/www.sonoraenequipo.com.mx\/api\/wp\/v2\/comments?post=86713"}],"version-history":[{"count":0,"href":"https:\/\/www.sonoraenequipo.com.mx\/api\/wp\/v2\/posts\/86713\/revisions"}],"wp:featuredmedia":[{"embeddable":true,"href":"https:\/\/www.sonoraenequipo.com.mx\/api\/wp\/v2\/media\/86716"}],"wp:attachment":[{"href":"https:\/\/www.sonoraenequipo.com.mx\/api\/wp\/v2\/media?parent=86713"}],"wp:term":[{"taxonomy":"category","embeddable":true,"href":"https:\/\/www.sonoraenequipo.com.mx\/api\/wp\/v2\/categories?post=86713"},{"taxonomy":"post_tag","embeddable":true,"href":"https:\/\/www.sonoraenequipo.com.mx\/api\/wp\/v2\/tags?post=86713"}],"curies":[{"name":"wp","href":"https:\/\/api.w.org\/{rel}","templated":true}]}}