{"id":86717,"date":"2020-06-03T17:50:21","date_gmt":"2020-06-04T00:50:21","guid":{"rendered":"https:\/\/www.sonoraenequipo.com.mx\/?p=86717"},"modified":"2020-06-04T09:24:20","modified_gmt":"2020-06-04T16:24:20","slug":"fiscal-de-minesota-endurece-los-cargos-contra-el-policia-acusado-de-la-muerte-de-george-floyd","status":"publish","type":"post","link":"https:\/\/www.sonoraenequipo.com.mx\/fiscal-de-minesota-endurece-los-cargos-contra-el-policia-acusado-de-la-muerte-de-george-floyd\/","title":{"rendered":"Fiscal de Minesota endurece los cargos contra el polic\u00eda acusado de la muerte de George Floyd"},"content":{"rendered":"<p>WASHINGTON,\u00a0 ESTADOS UNIDOS. \u2014 El fiscal general del estado de Minesota, Keith Ellison, endureci\u00f3 este mi\u00e9rcoles los cargos contra Derek Chauvin, el expolic\u00eda que fue grabado arrodillado sobre el cuello del afroamericano George Floyd, quien muri\u00f3 poco despu\u00e9s, e incluy\u00f3 en el caso a los otros tres exagentes presentes en la escena.<\/p>\n<p>&nbsp;<\/p>\n<p>&nbsp;<\/p>\n<p> <\/p>\n<p>&nbsp;<\/p>\n<p>Seg\u00fan documentos judiciales citados por medios locales, Ellison decidi\u00f3 elevar la acusaci\u00f3n contra Chauvin al cargo de asesinato en segundo grado, tras haber sido acusado el pasado 29 de mayo de asesinato en tercer grado y de homicidio imprudente.<\/p>\n<p>&nbsp;<\/p>\n<p>&nbsp;<\/p>\n<p>(PUBLICADO EL 03\/06\/2020)<\/p>\n","protected":false},"excerpt":{"rendered":"<p>WASHINGTON,\u00a0 ESTADOS UNIDOS. \u2014 El fiscal general del estado de Minesota, Keith Ellison, endureci\u00f3 este&#8230;<\/p>\n","protected":false},"author":1,"featured_media":86718,"comment_status":"open","ping_status":"open","sticky":false,"template":"","format":"standard","meta":{"_monsterinsights_skip_tracking":false,"_monsterinsights_sitenote_active":false,"_monsterinsights_sitenote_note":"","_monsterinsights_sitenote_category":0,"footnotes":""},"categories":[3],"tags":[],"class_list":["post"],"yoast_head":" \n<title>Sonora en Equipo. Fiscal de Minesota endurece los cargos contra el polic\u00eda acusado de la muerte de George Floyd MUNDO<\/title>\n<meta name=\"description\" content=\"WASHINGTON,\u00a0 ESTADOS UNIDOS. \u2014 El fiscal general del estado de Minesota, Keith Ellison, endureci\u00f3 este mi\u00e9rcoles los cargos contra Derek Chauvin, el En Sonora en Equipo publicamos toda la informaci\u00f3n de Sonora, M\u00e9xico y el Mundo de manera oportuna y busca que la libertad de expresi\u00f3n sea real. Visita nuestro medio informativo publicado desde Hermosillo, Sonora. %\" \/>\n<meta name=\"robots\" content=\"index, follow, max-snippet:-1, max-image-preview:large, max-video-preview:-1\" \/>\n<link rel=\"canonical\" href=\"https:\/\/www.sonoraenequipo.com.mx\/fiscal-de-minesota-endurece-los-cargos-contra-el-policia-acusado-de-la-muerte-de-george-floyd\/\" \/>\n<meta property=\"og:locale\" content=\"es_ES\" \/>\n<meta property=\"og:type\" content=\"article\" \/>\n<meta property=\"og:title\" content=\"Sonora en Equipo. Fiscal de Minesota endurece los cargos contra el polic\u00eda acusado de la muerte de George Floyd MUNDO\" \/>\n<meta property=\"og:description\" content=\"WASHINGTON,\u00a0 ESTADOS UNIDOS. \u2014 El fiscal general del estado de Minesota, Keith Ellison, endureci\u00f3 este mi\u00e9rcoles los cargos contra Derek Chauvin, el En Sonora en Equipo publicamos toda la informaci\u00f3n de Sonora, M\u00e9xico y el Mundo de manera oportuna y busca que la libertad de expresi\u00f3n sea real. Visita nuestro medio informativo publicado desde Hermosillo, Sonora. %\" \/>\n<meta property=\"og:url\" content=\"https:\/\/www.sonoraenequipo.com.mx\/fiscal-de-minesota-endurece-los-cargos-contra-el-policia-acusado-de-la-muerte-de-george-floyd\/\" \/>\n<meta property=\"og:site_name\" content=\"Sonora en Equipo.\" \/>\n<meta property=\"article:publisher\" content=\"https:\/\/www.facebook.com\/SonoraEE\/\" \/>\n<meta property=\"article:author\" content=\"https:\/\/www.facebook.com\/SonoraEE\" \/>\n<meta property=\"article:published_time\" content=\"2020-06-04T00:50:21+00:00\" \/>\n<meta property=\"article:modified_time\" content=\"2020-06-04T16:24:20+00:00\" \/>\n<meta property=\"og:image\" content=\"https:\/\/www.sonoraenequipo.com.mx\/storage\/2020\/06\/policia-que-asesino-a-Floyd_opt.jpg\" \/>\n\t<meta property=\"og:image:width\" content=\"650\" \/>\n\t<meta property=\"og:image:height\" content=\"366\" \/>\n\t<meta property=\"og:image:type\" content=\"image\/jpeg\" \/>\n<meta name=\"author\" content=\"enequipo\" \/>\n<meta name=\"twitter:card\" content=\"summary_large_image\" \/>\n<meta name=\"twitter:creator\" content=\"@sonoraenequipo\" \/>\n<meta name=\"twitter:site\" content=\"@sonoraenequipo\" \/>\n<meta name=\"twitter:label1\" content=\"Escrito por\" \/>\n\t<meta name=\"twitter:data1\" content=\"enequipo\" \/>\n\t<meta name=\"twitter:label2\" content=\"Tiempo de lectura\" \/>\n\t<meta name=\"twitter:data2\" content=\"1 minuto\" \/>\n<script type=\"application\/ld+json\" class=\"yoast-schema-graph\">{\"@context\":\"https:\/\/schema.org\",\"@graph\":[{\"@type\":\"Article\",\"@id\":\"https:\/\/www.sonoraenequipo.com.mx\/fiscal-de-minesota-endurece-los-cargos-contra-el-policia-acusado-de-la-muerte-de-george-floyd\/#article\",\"isPartOf\":{\"@id\":\"https:\/\/www.sonoraenequipo.com.mx\/fiscal-de-minesota-endurece-los-cargos-contra-el-policia-acusado-de-la-muerte-de-george-floyd\/\"},\"author\":{\"name\":\"enequipo\",\"@id\":\"https:\/\/www.sonoraenequipo.com.mx\/#\/schema\/person\/50102df0fb23a8fa9e8effad8fa81386\"},\"headline\":\"Fiscal de Minesota endurece los cargos contra el polic\u00eda acusado de la muerte de George Floyd\",\"datePublished\":\"2020-06-04T00:50:21+00:00\",\"dateModified\":\"2020-06-04T16:24:20+00:00\",\"mainEntityOfPage\":{\"@id\":\"https:\/\/www.sonoraenequipo.com.mx\/fiscal-de-minesota-endurece-los-cargos-contra-el-policia-acusado-de-la-muerte-de-george-floyd\/\"},\"wordCount\":118,\"commentCount\":0,\"publisher\":{\"@id\":\"https:\/\/www.sonoraenequipo.com.mx\/#organization\"},\"image\":{\"@id\":\"https:\/\/www.sonoraenequipo.com.mx\/fiscal-de-minesota-endurece-los-cargos-contra-el-policia-acusado-de-la-muerte-de-george-floyd\/#primaryimage\"},\"thumbnailUrl\":\"https:\/\/www.sonoraenequipo.com.mx\/storage\/2020\/06\/policia-que-asesino-a-Floyd_opt.jpg\",\"articleSection\":[\"MUNDO\"],\"inLanguage\":\"es\",\"potentialAction\":[{\"@type\":\"CommentAction\",\"name\":\"Comment\",\"target\":[\"https:\/\/www.sonoraenequipo.com.mx\/fiscal-de-minesota-endurece-los-cargos-contra-el-policia-acusado-de-la-muerte-de-george-floyd\/#respond\"]}]},{\"@type\":\"WebPage\",\"@id\":\"https:\/\/www.sonoraenequipo.com.mx\/fiscal-de-minesota-endurece-los-cargos-contra-el-policia-acusado-de-la-muerte-de-george-floyd\/\",\"url\":\"https:\/\/www.sonoraenequipo.com.mx\/fiscal-de-minesota-endurece-los-cargos-contra-el-policia-acusado-de-la-muerte-de-george-floyd\/\",\"name\":\"Sonora en Equipo. Fiscal de Minesota endurece los cargos contra el polic\u00eda acusado de la muerte de George Floyd MUNDO\",\"isPartOf\":{\"@id\":\"https:\/\/www.sonoraenequipo.com.mx\/#website\"},\"primaryImageOfPage\":{\"@id\":\"https:\/\/www.sonoraenequipo.com.mx\/fiscal-de-minesota-endurece-los-cargos-contra-el-policia-acusado-de-la-muerte-de-george-floyd\/#primaryimage\"},\"image\":{\"@id\":\"https:\/\/www.sonoraenequipo.com.mx\/fiscal-de-minesota-endurece-los-cargos-contra-el-policia-acusado-de-la-muerte-de-george-floyd\/#primaryimage\"},\"thumbnailUrl\":\"https:\/\/www.sonoraenequipo.com.mx\/storage\/2020\/06\/policia-que-asesino-a-Floyd_opt.jpg\",\"datePublished\":\"2020-06-04T00:50:21+00:00\",\"dateModified\":\"2020-06-04T16:24:20+00:00\",\"description\":\"WASHINGTON,\u00a0 ESTADOS UNIDOS. \u2014 El fiscal general del estado de Minesota, Keith Ellison, endureci\u00f3 este mi\u00e9rcoles los cargos contra Derek Chauvin, el En Sonora en Equipo publicamos toda la informaci\u00f3n de Sonora, M\u00e9xico y el Mundo de manera oportuna y busca que la libertad de expresi\u00f3n sea real. Visita nuestro medio informativo publicado desde Hermosillo, Sonora. %\",\"breadcrumb\":{\"@id\":\"https:\/\/www.sonoraenequipo.com.mx\/fiscal-de-minesota-endurece-los-cargos-contra-el-policia-acusado-de-la-muerte-de-george-floyd\/#breadcrumb\"},\"inLanguage\":\"es\",\"potentialAction\":[{\"@type\":\"ReadAction\",\"target\":[\"https:\/\/www.sonoraenequipo.com.mx\/fiscal-de-minesota-endurece-los-cargos-contra-el-policia-acusado-de-la-muerte-de-george-floyd\/\"]}]},{\"@type\":\"ImageObject\",\"inLanguage\":\"es\",\"@id\":\"https:\/\/www.sonoraenequipo.com.mx\/fiscal-de-minesota-endurece-los-cargos-contra-el-policia-acusado-de-la-muerte-de-george-floyd\/#primaryimage\",\"url\":\"https:\/\/www.sonoraenequipo.com.mx\/storage\/2020\/06\/policia-que-asesino-a-Floyd_opt.jpg\",\"contentUrl\":\"https:\/\/www.sonoraenequipo.com.mx\/storage\/2020\/06\/policia-que-asesino-a-Floyd_opt.jpg\",\"width\":650,\"height\":366},{\"@type\":\"BreadcrumbList\",\"@id\":\"https:\/\/www.sonoraenequipo.com.mx\/fiscal-de-minesota-endurece-los-cargos-contra-el-policia-acusado-de-la-muerte-de-george-floyd\/#breadcrumb\",\"itemListElement\":[{\"@type\":\"ListItem\",\"position\":1,\"name\":\"Portada\",\"item\":\"https:\/\/www.sonoraenequipo.com.mx\/\"},{\"@type\":\"ListItem\",\"position\":2,\"name\":\"Fiscal de Minesota endurece los cargos contra el polic\u00eda acusado de la muerte de George Floyd\"}]},{\"@type\":\"WebSite\",\"@id\":\"https:\/\/www.sonoraenequipo.com.mx\/#website\",\"url\":\"https:\/\/www.sonoraenequipo.com.mx\/\",\"name\":\"Sonora en Equipo.\",\"description\":\"Diario en l\u00ednea con Noticias desde Hermosillo, Sonora\",\"publisher\":{\"@id\":\"https:\/\/www.sonoraenequipo.com.mx\/#organization\"},\"potentialAction\":[{\"@type\":\"SearchAction\",\"target\":{\"@type\":\"EntryPoint\",\"urlTemplate\":\"https:\/\/www.sonoraenequipo.com.mx\/?s={search_term_string}\"},\"query-input\":{\"@type\":\"PropertyValueSpecification\",\"valueRequired\":true,\"valueName\":\"search_term_string\"}}],\"inLanguage\":\"es\"},{\"@type\":\"Organization\",\"@id\":\"https:\/\/www.sonoraenequipo.com.mx\/#organization\",\"name\":\"Sonoraenequipo.com.mx\",\"url\":\"https:\/\/www.sonoraenequipo.com.mx\/\",\"logo\":{\"@type\":\"ImageObject\",\"inLanguage\":\"es\",\"@id\":\"https:\/\/www.sonoraenequipo.com.mx\/#\/schema\/logo\/image\/\",\"url\":\"https:\/\/www.sonoraenequipo.com.mx\/storage\/2019\/01\/sonoraenequipo_opt.png\",\"contentUrl\":\"https:\/\/www.sonoraenequipo.com.mx\/storage\/2019\/01\/sonoraenequipo_opt.png\",\"width\":375,\"height\":125,\"caption\":\"Sonoraenequipo.com.mx\"},\"image\":{\"@id\":\"https:\/\/www.sonoraenequipo.com.mx\/#\/schema\/logo\/image\/\"},\"sameAs\":[\"https:\/\/www.facebook.com\/SonoraEE\/\",\"https:\/\/x.com\/sonoraenequipo\",\"https:\/\/www.youtube.com\/channel\/UC338nW-lPEYmJQs4ZABQ1SQ\"]},{\"@type\":\"Person\",\"@id\":\"https:\/\/www.sonoraenequipo.com.mx\/#\/schema\/person\/50102df0fb23a8fa9e8effad8fa81386\",\"name\":\"enequipo\",\"image\":{\"@type\":\"ImageObject\",\"inLanguage\":\"es\",\"@id\":\"https:\/\/www.sonoraenequipo.com.mx\/#\/schema\/person\/image\/\",\"url\":\"https:\/\/secure.gravatar.com\/avatar\/049821681b589dabc0bc20695993ccebb09f5b5d4d790cd9251b97faac7c652b?s=96&d=blank&r=g\",\"contentUrl\":\"https:\/\/secure.gravatar.com\/avatar\/049821681b589dabc0bc20695993ccebb09f5b5d4d790cd9251b97faac7c652b?s=96&d=blank&r=g\",\"caption\":\"enequipo\"},\"sameAs\":[\"https:\/\/www.facebook.com\/SonoraEE\"]}]}<\/script>\n ","yoast_head_json":{"title":"Sonora en Equipo. Fiscal de Minesota endurece los cargos contra el polic\u00eda acusado de la muerte de George Floyd MUNDO","description":"WASHINGTON,\u00a0 ESTADOS UNIDOS. \u2014 El fiscal general del estado de Minesota, Keith Ellison, endureci\u00f3 este mi\u00e9rcoles los cargos contra Derek Chauvin, el En Sonora en Equipo publicamos toda la informaci\u00f3n de Sonora, M\u00e9xico y el Mundo de manera oportuna y busca que la libertad de expresi\u00f3n sea real. Visita nuestro medio informativo publicado desde Hermosillo, Sonora. %","robots":{"index":"index","follow":"follow","max-snippet":"max-snippet:-1","max-image-preview":"max-image-preview:large","max-video-preview":"max-video-preview:-1"},"canonical":"https:\/\/www.sonoraenequipo.com.mx\/fiscal-de-minesota-endurece-los-cargos-contra-el-policia-acusado-de-la-muerte-de-george-floyd\/","og_locale":"es_ES","og_type":"article","og_title":"Sonora en Equipo. Fiscal de Minesota endurece los cargos contra el polic\u00eda acusado de la muerte de George Floyd MUNDO","og_description":"WASHINGTON,\u00a0 ESTADOS UNIDOS. \u2014 El fiscal general del estado de Minesota, Keith Ellison, endureci\u00f3 este mi\u00e9rcoles los cargos contra Derek Chauvin, el En Sonora en Equipo publicamos toda la informaci\u00f3n de Sonora, M\u00e9xico y el Mundo de manera oportuna y busca que la libertad de expresi\u00f3n sea real. Visita nuestro medio informativo publicado desde Hermosillo, Sonora. %","og_url":"https:\/\/www.sonoraenequipo.com.mx\/fiscal-de-minesota-endurece-los-cargos-contra-el-policia-acusado-de-la-muerte-de-george-floyd\/","og_site_name":"Sonora en Equipo.","article_publisher":"https:\/\/www.facebook.com\/SonoraEE\/","article_author":"https:\/\/www.facebook.com\/SonoraEE","article_published_time":"2020-06-04T00:50:21+00:00","article_modified_time":"2020-06-04T16:24:20+00:00","og_image":[{"width":650,"height":366,"url":"https:\/\/www.sonoraenequipo.com.mx\/storage\/2020\/06\/policia-que-asesino-a-Floyd_opt.jpg","type":"image\/jpeg"}],"author":"enequipo","twitter_card":"summary_large_image","twitter_creator":"@sonoraenequipo","twitter_site":"@sonoraenequipo","twitter_misc":{"Escrito por":"enequipo","Tiempo de lectura":"1 minuto"},"schema":{"@context":"https:\/\/schema.org","@graph":[{"@type":"Article","@id":"https:\/\/www.sonoraenequipo.com.mx\/fiscal-de-minesota-endurece-los-cargos-contra-el-policia-acusado-de-la-muerte-de-george-floyd\/#article","isPartOf":{"@id":"https:\/\/www.sonoraenequipo.com.mx\/fiscal-de-minesota-endurece-los-cargos-contra-el-policia-acusado-de-la-muerte-de-george-floyd\/"},"author":{"name":"enequipo","@id":"https:\/\/www.sonoraenequipo.com.mx\/#\/schema\/person\/50102df0fb23a8fa9e8effad8fa81386"},"headline":"Fiscal de Minesota endurece los cargos contra el polic\u00eda acusado de la muerte de George Floyd","datePublished":"2020-06-04T00:50:21+00:00","dateModified":"2020-06-04T16:24:20+00:00","mainEntityOfPage":{"@id":"https:\/\/www.sonoraenequipo.com.mx\/fiscal-de-minesota-endurece-los-cargos-contra-el-policia-acusado-de-la-muerte-de-george-floyd\/"},"wordCount":118,"commentCount":0,"publisher":{"@id":"https:\/\/www.sonoraenequipo.com.mx\/#organization"},"image":{"@id":"https:\/\/www.sonoraenequipo.com.mx\/fiscal-de-minesota-endurece-los-cargos-contra-el-policia-acusado-de-la-muerte-de-george-floyd\/#primaryimage"},"thumbnailUrl":"https:\/\/www.sonoraenequipo.com.mx\/storage\/2020\/06\/policia-que-asesino-a-Floyd_opt.jpg","articleSection":["MUNDO"],"inLanguage":"es","potentialAction":[{"@type":"CommentAction","name":"Comment","target":["https:\/\/www.sonoraenequipo.com.mx\/fiscal-de-minesota-endurece-los-cargos-contra-el-policia-acusado-de-la-muerte-de-george-floyd\/#respond"]}]},{"@type":"WebPage","@id":"https:\/\/www.sonoraenequipo.com.mx\/fiscal-de-minesota-endurece-los-cargos-contra-el-policia-acusado-de-la-muerte-de-george-floyd\/","url":"https:\/\/www.sonoraenequipo.com.mx\/fiscal-de-minesota-endurece-los-cargos-contra-el-policia-acusado-de-la-muerte-de-george-floyd\/","name":"Sonora en Equipo. Fiscal de Minesota endurece los cargos contra el polic\u00eda acusado de la muerte de George Floyd MUNDO","isPartOf":{"@id":"https:\/\/www.sonoraenequipo.com.mx\/#website"},"primaryImageOfPage":{"@id":"https:\/\/www.sonoraenequipo.com.mx\/fiscal-de-minesota-endurece-los-cargos-contra-el-policia-acusado-de-la-muerte-de-george-floyd\/#primaryimage"},"image":{"@id":"https:\/\/www.sonoraenequipo.com.mx\/fiscal-de-minesota-endurece-los-cargos-contra-el-policia-acusado-de-la-muerte-de-george-floyd\/#primaryimage"},"thumbnailUrl":"https:\/\/www.sonoraenequipo.com.mx\/storage\/2020\/06\/policia-que-asesino-a-Floyd_opt.jpg","datePublished":"2020-06-04T00:50:21+00:00","dateModified":"2020-06-04T16:24:20+00:00","description":"WASHINGTON,\u00a0 ESTADOS UNIDOS. \u2014 El fiscal general del estado de Minesota, Keith Ellison, endureci\u00f3 este mi\u00e9rcoles los cargos contra Derek Chauvin, el En Sonora en Equipo publicamos toda la informaci\u00f3n de Sonora, M\u00e9xico y el Mundo de manera oportuna y busca que la libertad de expresi\u00f3n sea real. Visita nuestro medio informativo publicado desde Hermosillo, Sonora. %","breadcrumb":{"@id":"https:\/\/www.sonoraenequipo.com.mx\/fiscal-de-minesota-endurece-los-cargos-contra-el-policia-acusado-de-la-muerte-de-george-floyd\/#breadcrumb"},"inLanguage":"es","potentialAction":[{"@type":"ReadAction","target":["https:\/\/www.sonoraenequipo.com.mx\/fiscal-de-minesota-endurece-los-cargos-contra-el-policia-acusado-de-la-muerte-de-george-floyd\/"]}]},{"@type":"ImageObject","inLanguage":"es","@id":"https:\/\/www.sonoraenequipo.com.mx\/fiscal-de-minesota-endurece-los-cargos-contra-el-policia-acusado-de-la-muerte-de-george-floyd\/#primaryimage","url":"https:\/\/www.sonoraenequipo.com.mx\/storage\/2020\/06\/policia-que-asesino-a-Floyd_opt.jpg","contentUrl":"https:\/\/www.sonoraenequipo.com.mx\/storage\/2020\/06\/policia-que-asesino-a-Floyd_opt.jpg","width":650,"height":366},{"@type":"BreadcrumbList","@id":"https:\/\/www.sonoraenequipo.com.mx\/fiscal-de-minesota-endurece-los-cargos-contra-el-policia-acusado-de-la-muerte-de-george-floyd\/#breadcrumb","itemListElement":[{"@type":"ListItem","position":1,"name":"Portada","item":"https:\/\/www.sonoraenequipo.com.mx\/"},{"@type":"ListItem","position":2,"name":"Fiscal de Minesota endurece los cargos contra el polic\u00eda acusado de la muerte de George Floyd"}]},{"@type":"WebSite","@id":"https:\/\/www.sonoraenequipo.com.mx\/#website","url":"https:\/\/www.sonoraenequipo.com.mx\/","name":"Sonora en Equipo.","description":"Diario en l\u00ednea con Noticias desde Hermosillo, Sonora","publisher":{"@id":"https:\/\/www.sonoraenequipo.com.mx\/#organization"},"potentialAction":[{"@type":"SearchAction","target":{"@type":"EntryPoint","urlTemplate":"https:\/\/www.sonoraenequipo.com.mx\/?s={search_term_string}"},"query-input":{"@type":"PropertyValueSpecification","valueRequired":true,"valueName":"search_term_string"}}],"inLanguage":"es"},{"@type":"Organization","@id":"https:\/\/www.sonoraenequipo.com.mx\/#organization","name":"Sonoraenequipo.com.mx","url":"https:\/\/www.sonoraenequipo.com.mx\/","logo":{"@type":"ImageObject","inLanguage":"es","@id":"https:\/\/www.sonoraenequipo.com.mx\/#\/schema\/logo\/image\/","url":"https:\/\/www.sonoraenequipo.com.mx\/storage\/2019\/01\/sonoraenequipo_opt.png","contentUrl":"https:\/\/www.sonoraenequipo.com.mx\/storage\/2019\/01\/sonoraenequipo_opt.png","width":375,"height":125,"caption":"Sonoraenequipo.com.mx"},"image":{"@id":"https:\/\/www.sonoraenequipo.com.mx\/#\/schema\/logo\/image\/"},"sameAs":["https:\/\/www.facebook.com\/SonoraEE\/","https:\/\/x.com\/sonoraenequipo","https:\/\/www.youtube.com\/channel\/UC338nW-lPEYmJQs4ZABQ1SQ"]},{"@type":"Person","@id":"https:\/\/www.sonoraenequipo.com.mx\/#\/schema\/person\/50102df0fb23a8fa9e8effad8fa81386","name":"enequipo","image":{"@type":"ImageObject","inLanguage":"es","@id":"https:\/\/www.sonoraenequipo.com.mx\/#\/schema\/person\/image\/","url":"https:\/\/secure.gravatar.com\/avatar\/049821681b589dabc0bc20695993ccebb09f5b5d4d790cd9251b97faac7c652b?s=96&d=blank&r=g","contentUrl":"https:\/\/secure.gravatar.com\/avatar\/049821681b589dabc0bc20695993ccebb09f5b5d4d790cd9251b97faac7c652b?s=96&d=blank&r=g","caption":"enequipo"},"sameAs":["https:\/\/www.facebook.com\/SonoraEE"]}]}},"jetpack_featured_media_url":"https:\/\/www.sonoraenequipo.com.mx\/storage\/2020\/06\/policia-que-asesino-a-Floyd_opt.jpg","_links":{"self":[{"href":"https:\/\/www.sonoraenequipo.com.mx\/api\/wp\/v2\/posts\/86717","targetHints":{"allow":["GET"]}}],"collection":[{"href":"https:\/\/www.sonoraenequipo.com.mx\/api\/wp\/v2\/posts"}],"about":[{"href":"https:\/\/www.sonoraenequipo.com.mx\/api\/wp\/v2\/types\/post"}],"author":[{"embeddable":true,"href":"https:\/\/www.sonoraenequipo.com.mx\/api\/wp\/v2\/users\/1"}],"replies":[{"embeddable":true,"href":"https:\/\/www.sonoraenequipo.com.mx\/api\/wp\/v2\/comments?post=86717"}],"version-history":[{"count":0,"href":"https:\/\/www.sonoraenequipo.com.mx\/api\/wp\/v2\/posts\/86717\/revisions"}],"wp:featuredmedia":[{"embeddable":true,"href":"https:\/\/www.sonoraenequipo.com.mx\/api\/wp\/v2\/media\/86718"}],"wp:attachment":[{"href":"https:\/\/www.sonoraenequipo.com.mx\/api\/wp\/v2\/media?parent=86717"}],"wp:term":[{"taxonomy":"category","embeddable":true,"href":"https:\/\/www.sonoraenequipo.com.mx\/api\/wp\/v2\/categories?post=86717"},{"taxonomy":"post_tag","embeddable":true,"href":"https:\/\/www.sonoraenequipo.com.mx\/api\/wp\/v2\/tags?post=86717"}],"curies":[{"name":"wp","href":"https:\/\/api.w.org\/{rel}","templated":true}]}}