{"id":86725,"date":"2020-06-03T20:54:17","date_gmt":"2020-06-04T03:54:17","guid":{"rendered":"https:\/\/www.sonoraenequipo.com.mx\/?p=86725"},"modified":"2020-06-03T20:54:17","modified_gmt":"2020-06-04T03:54:17","slug":"gobernadora-pavlovich-acuerda-con-alcaldes-disminuir-movilidad-en-municipios","status":"publish","type":"post","link":"https:\/\/www.sonoraenequipo.com.mx\/gobernadora-pavlovich-acuerda-con-alcaldes-disminuir-movilidad-en-municipios\/","title":{"rendered":"Gobernadora Pavlovich acuerda con alcaldes disminuir movilidad en municipios"},"content":{"rendered":"<h4>&gt;&gt;Se relajaron medidas sanitarias lo que gener\u00f3 un fuerte crecimiento de casos y se duplicara el n\u00famero de fallecimientos por Covid-19<\/h4>\n<p>&nbsp;<\/p>\n<p>HERMOSILLO, SONORA,MX.\u2500 A partir del 10 de mayo se registr\u00f3 un relajamiento en las medidas sanitarias para enfrentar la pandemia de Covid-19 y ahora se ve un fuerte crecimiento en el n\u00famero de contagios, se duplic\u00f3 el n\u00famero de fallecimientos y los hospitales ya est\u00e1n satur\u00e1ndose de enfermos, destac\u00f3 la gobernadora Claudia Pavlovich Arellano, quien acord\u00f3 con alcaldes implementar medidas urgentes para reducir la movilidad en los municipios y, sobre todo, disminuir el riesgo de mayor contagio de coronavirus. <\/p>\n<p>&nbsp;<\/p>\n<p>A trav\u00e9s de video conferencia, la gobernadora Pavlovich solicit\u00f3 a las y los presidentes municipales tomar medidas para contener la propagaci\u00f3n acelerada del Covid-19 en la entidad, para lograr que se presenten menos contagios y fallecimientos por esta pandemia y evitar la saturaci\u00f3n de los servicios de salud.<\/p>\n<p>&nbsp;<\/p>\n<p>A los municipios que se encuentran en rojo en el indicador o \u00edndice de riesgo de Covid-19 se les envi\u00f3 un oficio en el que se les pide soliciten a sus cabildos la aprobaci\u00f3n para el uso obligatorio de cubrebocas, sobre todo en lugares p\u00fablicos; hacer programas de sanitizaci\u00f3n frecuente; apoyar la medida aprobada por el Consejo Estatal de Salud para que las empresas hagan pruebas Covid al menos al 5% de sus trabajadores cada semana y evaluar la posibilidad de implementar cercos sanitarios e implementar acciones de mayor restricci\u00f3n de la movilidad.<\/p>\n<p>&nbsp;<\/p>\n<p>\u201cHay un gran relajamiento de la poblaci\u00f3n en la mayor\u00eda de los municipios, estamos en un punto de quiebre, o nos hundimos o sacamos el barco todos juntos, todos hemos hecho esfuerzos, apoyaremos a los municipios, entiendo la desesperaci\u00f3n de la gente por trabajar; los hospitales privados est\u00e1n a su m\u00e1xima capacidad, ya no est\u00e1n admitiendo a nadie, los hospitales p\u00fablicos est\u00e1n a punto de llenarse, empezando por el IMSS y terminando con los de la Secretar\u00eda de Salud\u201d, asever\u00f3.<\/p>\n<p>&nbsp;<\/p>\n<p>Gerardo \u00c1lvarez Hern\u00e1ndez, director general de Promoci\u00f3n a la Salud y Prevenci\u00f3n de Enfermedades de la Secretar\u00eda de Salud, revel\u00f3 que en las \u00faltimas dos semanas los contagios crecieron 180% y la mortalidad se duplic\u00f3 de una forma acelerada, ya que hace 15 d\u00edas se contabilizaban 73 decesos, mientras que hasta el martes 2 de junio la cifra era de 224 defunciones.<\/p>\n<p>&nbsp;<\/p>\n<p>Coment\u00f3 que San Luis R\u00edo Colorado, Nogales y Navojoa se encuentran en riesgo m\u00e1ximo de contagios y de saturaci\u00f3n de sus servicios de salud, mientras que Hermosillo, Cajeme, y Guaymas mantienen un riesgo alto, por lo que se debe de pedir a la ciudadan\u00eda reducir la movilidad en los municipios.<\/p>\n<p>&nbsp;<\/p>\n<p>\u201cEstamos en una tendencia que va avanzando, especialmente en algunos municipios del estado se ha incrementado la mortalidad tambi\u00e9n, y esto est\u00e1 asociado con la movilidad poblacional, en cuanto empez\u00f3 a moverse m\u00e1s la poblaci\u00f3n se incrementaron tanto el n\u00famero de casos como de defunciones, y ahora es preocupante que en algunos municipios con un riesgo m\u00e1ximo de saturaci\u00f3n hospitalaria, algunas instituciones y hospitales ya no hay capacidad de respuesta, si necesitas ser hospitalizado ya no habr\u00e1 forma de que el hospital te reciba, y eso es lo que se present\u00f3 a los alcaldes, para que sepan que algunos municipios est\u00e1n en este riesgo\u201d, resalt\u00f3.<\/p>\n<p>&nbsp;<\/p>\n<p>David Anaya Cooley, secretario de Seguridad P\u00fablica, expuso que en los \u00faltimos 10 d\u00edas la no movilidad estatal promedio apenas lleg\u00f3 a 41.2%, cuando deber\u00eda de ser al menos de 75% para evitar la propagaci\u00f3n del virus en los municipios, por lo que es importante reforzar las medidas de distanciamiento social y la movilidad por parte de las y los sonorenses.<\/p>\n<p>&nbsp;<\/p>\n<p>Jorge Vidal Ahumada, secretario de Econom\u00eda, coment\u00f3 que a,dem\u00e1s de los apoyos otorgados al sector formal de la econom\u00eda por parte del Gobierno del Estado, este jueves 4 de junio iniciar\u00e1 el Programa de Fomento al Autoempleo, con el cual se apoyar\u00e1 a micro y peque\u00f1os empresarios, para el sector econ\u00f3mico informal durante la contingencia por Covid-19.<\/p>\n<p>&nbsp;<\/p>\n<p>Presentes: Natalia Rivera Grijalva, jefa de la Oficina del Ejecutivo Estatal; Enrique Clausen Iberri, secretario de Salud, y de manera virtual participaron en la reuni\u00f3n Miguel Pompa, secretario de Gobierno, las alcaldesas: C\u00e9lida L\u00f3pez C\u00e1rdenas (Hermosillo), Mar\u00eda del Rosario Quintero Borb\u00f3n (Navojoa), Sara Valle Dessens (Guaymas), y los alcaldes Sergio Pablo Mariscal Alvarado (Cajeme), Jes\u00fas Antonio Pujol Irastorza (Nogales), Jes\u00fas Alfonso Monta\u00f1o Durazo (Agua Prieta), Librado Mac\u00edas Gonz\u00e1lez (Caborca), Santos Gonz\u00e1lez Yescas (San Luis R\u00edo Colorado), Ram\u00f3n Antonio D\u00edaz Nieblas (Huatabampo), Ernesto Roger Munro (Puerto Pe\u00f1asco), y Francisco Javier Zepeda Munro (Magdalena).<\/p>\n<p>Fecha de Publicaci\u00f3n 03\/jun\/2020<\/p>\n<p>&nbsp;<\/p>\n","protected":false},"excerpt":{"rendered":"<p>&gt;&gt;Se relajaron medidas sanitarias lo que gener\u00f3 un fuerte crecimiento de casos y se duplicara&#8230;<\/p>\n","protected":false},"author":1,"featured_media":86726,"comment_status":"open","ping_status":"open","sticky":false,"template":"","format":"standard","meta":{"_monsterinsights_skip_tracking":false,"_monsterinsights_sitenote_active":false,"_monsterinsights_sitenote_note":"","_monsterinsights_sitenote_category":0,"footnotes":""},"categories":[22],"tags":[116],"class_list":["post"],"yoast_head":" \n<title>Sonora en Equipo. Gobernadora Pavlovich acuerda con alcaldes disminuir movilidad en municipios Sonora<\/title>\n<meta name=\"description\" content=\"&gt;&gt;Se relajaron medidas sanitarias lo que gener\u00f3 un fuerte crecimiento de casos y se duplicara el n\u00famero de fallecimientos por Covid-19 &nbsp; En Sonora en Equipo publicamos toda la informaci\u00f3n de Sonora, M\u00e9xico y el Mundo de manera oportuna y busca que la libertad de expresi\u00f3n sea real. Visita nuestro medio informativo publicado desde Hermosillo, Sonora. %\" \/>\n<meta name=\"robots\" content=\"index, follow, max-snippet:-1, max-image-preview:large, max-video-preview:-1\" \/>\n<link rel=\"canonical\" href=\"https:\/\/www.sonoraenequipo.com.mx\/gobernadora-pavlovich-acuerda-con-alcaldes-disminuir-movilidad-en-municipios\/\" \/>\n<meta property=\"og:locale\" content=\"es_ES\" \/>\n<meta property=\"og:type\" content=\"article\" \/>\n<meta property=\"og:title\" content=\"Sonora en Equipo. Gobernadora Pavlovich acuerda con alcaldes disminuir movilidad en municipios Sonora\" \/>\n<meta property=\"og:description\" content=\"&gt;&gt;Se relajaron medidas sanitarias lo que gener\u00f3 un fuerte crecimiento de casos y se duplicara el n\u00famero de fallecimientos por Covid-19 &nbsp; En Sonora en Equipo publicamos toda la informaci\u00f3n de Sonora, M\u00e9xico y el Mundo de manera oportuna y busca que la libertad de expresi\u00f3n sea real. Visita nuestro medio informativo publicado desde Hermosillo, Sonora. %\" \/>\n<meta property=\"og:url\" content=\"https:\/\/www.sonoraenequipo.com.mx\/gobernadora-pavlovich-acuerda-con-alcaldes-disminuir-movilidad-en-municipios\/\" \/>\n<meta property=\"og:site_name\" content=\"Sonora en Equipo.\" \/>\n<meta property=\"article:publisher\" content=\"https:\/\/www.facebook.com\/SonoraEE\/\" \/>\n<meta property=\"article:author\" content=\"https:\/\/www.facebook.com\/SonoraEE\" \/>\n<meta property=\"article:published_time\" content=\"2020-06-04T03:54:17+00:00\" \/>\n<meta property=\"og:image\" content=\"https:\/\/www.sonoraenequipo.com.mx\/storage\/2020\/06\/reunion-movilidad.jpg\" \/>\n\t<meta property=\"og:image:width\" content=\"600\" \/>\n\t<meta property=\"og:image:height\" content=\"400\" \/>\n\t<meta property=\"og:image:type\" content=\"image\/jpeg\" \/>\n<meta name=\"author\" content=\"enequipo\" \/>\n<meta name=\"twitter:card\" content=\"summary_large_image\" \/>\n<meta name=\"twitter:creator\" content=\"@sonoraenequipo\" \/>\n<meta name=\"twitter:site\" content=\"@sonoraenequipo\" \/>\n<meta name=\"twitter:label1\" content=\"Escrito por\" \/>\n\t<meta name=\"twitter:data1\" content=\"enequipo\" \/>\n\t<meta name=\"twitter:label2\" content=\"Tiempo de lectura\" \/>\n\t<meta name=\"twitter:data2\" content=\"4 minutos\" \/>\n<script type=\"application\/ld+json\" class=\"yoast-schema-graph\">{\"@context\":\"https:\/\/schema.org\",\"@graph\":[{\"@type\":\"Article\",\"@id\":\"https:\/\/www.sonoraenequipo.com.mx\/gobernadora-pavlovich-acuerda-con-alcaldes-disminuir-movilidad-en-municipios\/#article\",\"isPartOf\":{\"@id\":\"https:\/\/www.sonoraenequipo.com.mx\/gobernadora-pavlovich-acuerda-con-alcaldes-disminuir-movilidad-en-municipios\/\"},\"author\":{\"name\":\"enequipo\",\"@id\":\"https:\/\/www.sonoraenequipo.com.mx\/#\/schema\/person\/50102df0fb23a8fa9e8effad8fa81386\"},\"headline\":\"Gobernadora Pavlovich acuerda con alcaldes disminuir movilidad en municipios\",\"datePublished\":\"2020-06-04T03:54:17+00:00\",\"mainEntityOfPage\":{\"@id\":\"https:\/\/www.sonoraenequipo.com.mx\/gobernadora-pavlovich-acuerda-con-alcaldes-disminuir-movilidad-en-municipios\/\"},\"wordCount\":828,\"commentCount\":0,\"publisher\":{\"@id\":\"https:\/\/www.sonoraenequipo.com.mx\/#organization\"},\"image\":{\"@id\":\"https:\/\/www.sonoraenequipo.com.mx\/gobernadora-pavlovich-acuerda-con-alcaldes-disminuir-movilidad-en-municipios\/#primaryimage\"},\"thumbnailUrl\":\"https:\/\/www.sonoraenequipo.com.mx\/storage\/2020\/06\/reunion-movilidad.jpg\",\"keywords\":[\"claudia pavlovich\"],\"articleSection\":[\"Sonora\"],\"inLanguage\":\"es\",\"potentialAction\":[{\"@type\":\"CommentAction\",\"name\":\"Comment\",\"target\":[\"https:\/\/www.sonoraenequipo.com.mx\/gobernadora-pavlovich-acuerda-con-alcaldes-disminuir-movilidad-en-municipios\/#respond\"]}]},{\"@type\":\"WebPage\",\"@id\":\"https:\/\/www.sonoraenequipo.com.mx\/gobernadora-pavlovich-acuerda-con-alcaldes-disminuir-movilidad-en-municipios\/\",\"url\":\"https:\/\/www.sonoraenequipo.com.mx\/gobernadora-pavlovich-acuerda-con-alcaldes-disminuir-movilidad-en-municipios\/\",\"name\":\"Sonora en Equipo. Gobernadora Pavlovich acuerda con alcaldes disminuir movilidad en municipios Sonora\",\"isPartOf\":{\"@id\":\"https:\/\/www.sonoraenequipo.com.mx\/#website\"},\"primaryImageOfPage\":{\"@id\":\"https:\/\/www.sonoraenequipo.com.mx\/gobernadora-pavlovich-acuerda-con-alcaldes-disminuir-movilidad-en-municipios\/#primaryimage\"},\"image\":{\"@id\":\"https:\/\/www.sonoraenequipo.com.mx\/gobernadora-pavlovich-acuerda-con-alcaldes-disminuir-movilidad-en-municipios\/#primaryimage\"},\"thumbnailUrl\":\"https:\/\/www.sonoraenequipo.com.mx\/storage\/2020\/06\/reunion-movilidad.jpg\",\"datePublished\":\"2020-06-04T03:54:17+00:00\",\"description\":\"&gt;&gt;Se relajaron medidas sanitarias lo que gener\u00f3 un fuerte crecimiento de casos y se duplicara el n\u00famero de fallecimientos por Covid-19 &nbsp; En Sonora en Equipo publicamos toda la informaci\u00f3n de Sonora, M\u00e9xico y el Mundo de manera oportuna y busca que la libertad de expresi\u00f3n sea real. Visita nuestro medio informativo publicado desde Hermosillo, Sonora. %\",\"breadcrumb\":{\"@id\":\"https:\/\/www.sonoraenequipo.com.mx\/gobernadora-pavlovich-acuerda-con-alcaldes-disminuir-movilidad-en-municipios\/#breadcrumb\"},\"inLanguage\":\"es\",\"potentialAction\":[{\"@type\":\"ReadAction\",\"target\":[\"https:\/\/www.sonoraenequipo.com.mx\/gobernadora-pavlovich-acuerda-con-alcaldes-disminuir-movilidad-en-municipios\/\"]}]},{\"@type\":\"ImageObject\",\"inLanguage\":\"es\",\"@id\":\"https:\/\/www.sonoraenequipo.com.mx\/gobernadora-pavlovich-acuerda-con-alcaldes-disminuir-movilidad-en-municipios\/#primaryimage\",\"url\":\"https:\/\/www.sonoraenequipo.com.mx\/storage\/2020\/06\/reunion-movilidad.jpg\",\"contentUrl\":\"https:\/\/www.sonoraenequipo.com.mx\/storage\/2020\/06\/reunion-movilidad.jpg\",\"width\":600,\"height\":400},{\"@type\":\"BreadcrumbList\",\"@id\":\"https:\/\/www.sonoraenequipo.com.mx\/gobernadora-pavlovich-acuerda-con-alcaldes-disminuir-movilidad-en-municipios\/#breadcrumb\",\"itemListElement\":[{\"@type\":\"ListItem\",\"position\":1,\"name\":\"Portada\",\"item\":\"https:\/\/www.sonoraenequipo.com.mx\/\"},{\"@type\":\"ListItem\",\"position\":2,\"name\":\"Gobernadora Pavlovich acuerda con alcaldes disminuir movilidad en municipios\"}]},{\"@type\":\"WebSite\",\"@id\":\"https:\/\/www.sonoraenequipo.com.mx\/#website\",\"url\":\"https:\/\/www.sonoraenequipo.com.mx\/\",\"name\":\"Sonora en Equipo.\",\"description\":\"Diario en l\u00ednea con Noticias desde Hermosillo, Sonora\",\"publisher\":{\"@id\":\"https:\/\/www.sonoraenequipo.com.mx\/#organization\"},\"potentialAction\":[{\"@type\":\"SearchAction\",\"target\":{\"@type\":\"EntryPoint\",\"urlTemplate\":\"https:\/\/www.sonoraenequipo.com.mx\/?s={search_term_string}\"},\"query-input\":{\"@type\":\"PropertyValueSpecification\",\"valueRequired\":true,\"valueName\":\"search_term_string\"}}],\"inLanguage\":\"es\"},{\"@type\":\"Organization\",\"@id\":\"https:\/\/www.sonoraenequipo.com.mx\/#organization\",\"name\":\"Sonoraenequipo.com.mx\",\"url\":\"https:\/\/www.sonoraenequipo.com.mx\/\",\"logo\":{\"@type\":\"ImageObject\",\"inLanguage\":\"es\",\"@id\":\"https:\/\/www.sonoraenequipo.com.mx\/#\/schema\/logo\/image\/\",\"url\":\"https:\/\/www.sonoraenequipo.com.mx\/storage\/2019\/01\/sonoraenequipo_opt.png\",\"contentUrl\":\"https:\/\/www.sonoraenequipo.com.mx\/storage\/2019\/01\/sonoraenequipo_opt.png\",\"width\":375,\"height\":125,\"caption\":\"Sonoraenequipo.com.mx\"},\"image\":{\"@id\":\"https:\/\/www.sonoraenequipo.com.mx\/#\/schema\/logo\/image\/\"},\"sameAs\":[\"https:\/\/www.facebook.com\/SonoraEE\/\",\"https:\/\/x.com\/sonoraenequipo\",\"https:\/\/www.youtube.com\/channel\/UC338nW-lPEYmJQs4ZABQ1SQ\"]},{\"@type\":\"Person\",\"@id\":\"https:\/\/www.sonoraenequipo.com.mx\/#\/schema\/person\/50102df0fb23a8fa9e8effad8fa81386\",\"name\":\"enequipo\",\"image\":{\"@type\":\"ImageObject\",\"inLanguage\":\"es\",\"@id\":\"https:\/\/www.sonoraenequipo.com.mx\/#\/schema\/person\/image\/\",\"url\":\"https:\/\/secure.gravatar.com\/avatar\/049821681b589dabc0bc20695993ccebb09f5b5d4d790cd9251b97faac7c652b?s=96&d=blank&r=g\",\"contentUrl\":\"https:\/\/secure.gravatar.com\/avatar\/049821681b589dabc0bc20695993ccebb09f5b5d4d790cd9251b97faac7c652b?s=96&d=blank&r=g\",\"caption\":\"enequipo\"},\"sameAs\":[\"https:\/\/www.facebook.com\/SonoraEE\"]}]}<\/script>\n ","yoast_head_json":{"title":"Sonora en Equipo. Gobernadora Pavlovich acuerda con alcaldes disminuir movilidad en municipios Sonora","description":"&gt;&gt;Se relajaron medidas sanitarias lo que gener\u00f3 un fuerte crecimiento de casos y se duplicara el n\u00famero de fallecimientos por Covid-19 &nbsp; En Sonora en Equipo publicamos toda la informaci\u00f3n de Sonora, M\u00e9xico y el Mundo de manera oportuna y busca que la libertad de expresi\u00f3n sea real. Visita nuestro medio informativo publicado desde Hermosillo, Sonora. %","robots":{"index":"index","follow":"follow","max-snippet":"max-snippet:-1","max-image-preview":"max-image-preview:large","max-video-preview":"max-video-preview:-1"},"canonical":"https:\/\/www.sonoraenequipo.com.mx\/gobernadora-pavlovich-acuerda-con-alcaldes-disminuir-movilidad-en-municipios\/","og_locale":"es_ES","og_type":"article","og_title":"Sonora en Equipo. Gobernadora Pavlovich acuerda con alcaldes disminuir movilidad en municipios Sonora","og_description":"&gt;&gt;Se relajaron medidas sanitarias lo que gener\u00f3 un fuerte crecimiento de casos y se duplicara el n\u00famero de fallecimientos por Covid-19 &nbsp; En Sonora en Equipo publicamos toda la informaci\u00f3n de Sonora, M\u00e9xico y el Mundo de manera oportuna y busca que la libertad de expresi\u00f3n sea real. Visita nuestro medio informativo publicado desde Hermosillo, Sonora. %","og_url":"https:\/\/www.sonoraenequipo.com.mx\/gobernadora-pavlovich-acuerda-con-alcaldes-disminuir-movilidad-en-municipios\/","og_site_name":"Sonora en Equipo.","article_publisher":"https:\/\/www.facebook.com\/SonoraEE\/","article_author":"https:\/\/www.facebook.com\/SonoraEE","article_published_time":"2020-06-04T03:54:17+00:00","og_image":[{"width":600,"height":400,"url":"https:\/\/www.sonoraenequipo.com.mx\/storage\/2020\/06\/reunion-movilidad.jpg","type":"image\/jpeg"}],"author":"enequipo","twitter_card":"summary_large_image","twitter_creator":"@sonoraenequipo","twitter_site":"@sonoraenequipo","twitter_misc":{"Escrito por":"enequipo","Tiempo de lectura":"4 minutos"},"schema":{"@context":"https:\/\/schema.org","@graph":[{"@type":"Article","@id":"https:\/\/www.sonoraenequipo.com.mx\/gobernadora-pavlovich-acuerda-con-alcaldes-disminuir-movilidad-en-municipios\/#article","isPartOf":{"@id":"https:\/\/www.sonoraenequipo.com.mx\/gobernadora-pavlovich-acuerda-con-alcaldes-disminuir-movilidad-en-municipios\/"},"author":{"name":"enequipo","@id":"https:\/\/www.sonoraenequipo.com.mx\/#\/schema\/person\/50102df0fb23a8fa9e8effad8fa81386"},"headline":"Gobernadora Pavlovich acuerda con alcaldes disminuir movilidad en municipios","datePublished":"2020-06-04T03:54:17+00:00","mainEntityOfPage":{"@id":"https:\/\/www.sonoraenequipo.com.mx\/gobernadora-pavlovich-acuerda-con-alcaldes-disminuir-movilidad-en-municipios\/"},"wordCount":828,"commentCount":0,"publisher":{"@id":"https:\/\/www.sonoraenequipo.com.mx\/#organization"},"image":{"@id":"https:\/\/www.sonoraenequipo.com.mx\/gobernadora-pavlovich-acuerda-con-alcaldes-disminuir-movilidad-en-municipios\/#primaryimage"},"thumbnailUrl":"https:\/\/www.sonoraenequipo.com.mx\/storage\/2020\/06\/reunion-movilidad.jpg","keywords":["claudia pavlovich"],"articleSection":["Sonora"],"inLanguage":"es","potentialAction":[{"@type":"CommentAction","name":"Comment","target":["https:\/\/www.sonoraenequipo.com.mx\/gobernadora-pavlovich-acuerda-con-alcaldes-disminuir-movilidad-en-municipios\/#respond"]}]},{"@type":"WebPage","@id":"https:\/\/www.sonoraenequipo.com.mx\/gobernadora-pavlovich-acuerda-con-alcaldes-disminuir-movilidad-en-municipios\/","url":"https:\/\/www.sonoraenequipo.com.mx\/gobernadora-pavlovich-acuerda-con-alcaldes-disminuir-movilidad-en-municipios\/","name":"Sonora en Equipo. Gobernadora Pavlovich acuerda con alcaldes disminuir movilidad en municipios Sonora","isPartOf":{"@id":"https:\/\/www.sonoraenequipo.com.mx\/#website"},"primaryImageOfPage":{"@id":"https:\/\/www.sonoraenequipo.com.mx\/gobernadora-pavlovich-acuerda-con-alcaldes-disminuir-movilidad-en-municipios\/#primaryimage"},"image":{"@id":"https:\/\/www.sonoraenequipo.com.mx\/gobernadora-pavlovich-acuerda-con-alcaldes-disminuir-movilidad-en-municipios\/#primaryimage"},"thumbnailUrl":"https:\/\/www.sonoraenequipo.com.mx\/storage\/2020\/06\/reunion-movilidad.jpg","datePublished":"2020-06-04T03:54:17+00:00","description":"&gt;&gt;Se relajaron medidas sanitarias lo que gener\u00f3 un fuerte crecimiento de casos y se duplicara el n\u00famero de fallecimientos por Covid-19 &nbsp; En Sonora en Equipo publicamos toda la informaci\u00f3n de Sonora, M\u00e9xico y el Mundo de manera oportuna y busca que la libertad de expresi\u00f3n sea real. Visita nuestro medio informativo publicado desde Hermosillo, Sonora. %","breadcrumb":{"@id":"https:\/\/www.sonoraenequipo.com.mx\/gobernadora-pavlovich-acuerda-con-alcaldes-disminuir-movilidad-en-municipios\/#breadcrumb"},"inLanguage":"es","potentialAction":[{"@type":"ReadAction","target":["https:\/\/www.sonoraenequipo.com.mx\/gobernadora-pavlovich-acuerda-con-alcaldes-disminuir-movilidad-en-municipios\/"]}]},{"@type":"ImageObject","inLanguage":"es","@id":"https:\/\/www.sonoraenequipo.com.mx\/gobernadora-pavlovich-acuerda-con-alcaldes-disminuir-movilidad-en-municipios\/#primaryimage","url":"https:\/\/www.sonoraenequipo.com.mx\/storage\/2020\/06\/reunion-movilidad.jpg","contentUrl":"https:\/\/www.sonoraenequipo.com.mx\/storage\/2020\/06\/reunion-movilidad.jpg","width":600,"height":400},{"@type":"BreadcrumbList","@id":"https:\/\/www.sonoraenequipo.com.mx\/gobernadora-pavlovich-acuerda-con-alcaldes-disminuir-movilidad-en-municipios\/#breadcrumb","itemListElement":[{"@type":"ListItem","position":1,"name":"Portada","item":"https:\/\/www.sonoraenequipo.com.mx\/"},{"@type":"ListItem","position":2,"name":"Gobernadora Pavlovich acuerda con alcaldes disminuir movilidad en municipios"}]},{"@type":"WebSite","@id":"https:\/\/www.sonoraenequipo.com.mx\/#website","url":"https:\/\/www.sonoraenequipo.com.mx\/","name":"Sonora en Equipo.","description":"Diario en l\u00ednea con Noticias desde Hermosillo, Sonora","publisher":{"@id":"https:\/\/www.sonoraenequipo.com.mx\/#organization"},"potentialAction":[{"@type":"SearchAction","target":{"@type":"EntryPoint","urlTemplate":"https:\/\/www.sonoraenequipo.com.mx\/?s={search_term_string}"},"query-input":{"@type":"PropertyValueSpecification","valueRequired":true,"valueName":"search_term_string"}}],"inLanguage":"es"},{"@type":"Organization","@id":"https:\/\/www.sonoraenequipo.com.mx\/#organization","name":"Sonoraenequipo.com.mx","url":"https:\/\/www.sonoraenequipo.com.mx\/","logo":{"@type":"ImageObject","inLanguage":"es","@id":"https:\/\/www.sonoraenequipo.com.mx\/#\/schema\/logo\/image\/","url":"https:\/\/www.sonoraenequipo.com.mx\/storage\/2019\/01\/sonoraenequipo_opt.png","contentUrl":"https:\/\/www.sonoraenequipo.com.mx\/storage\/2019\/01\/sonoraenequipo_opt.png","width":375,"height":125,"caption":"Sonoraenequipo.com.mx"},"image":{"@id":"https:\/\/www.sonoraenequipo.com.mx\/#\/schema\/logo\/image\/"},"sameAs":["https:\/\/www.facebook.com\/SonoraEE\/","https:\/\/x.com\/sonoraenequipo","https:\/\/www.youtube.com\/channel\/UC338nW-lPEYmJQs4ZABQ1SQ"]},{"@type":"Person","@id":"https:\/\/www.sonoraenequipo.com.mx\/#\/schema\/person\/50102df0fb23a8fa9e8effad8fa81386","name":"enequipo","image":{"@type":"ImageObject","inLanguage":"es","@id":"https:\/\/www.sonoraenequipo.com.mx\/#\/schema\/person\/image\/","url":"https:\/\/secure.gravatar.com\/avatar\/049821681b589dabc0bc20695993ccebb09f5b5d4d790cd9251b97faac7c652b?s=96&d=blank&r=g","contentUrl":"https:\/\/secure.gravatar.com\/avatar\/049821681b589dabc0bc20695993ccebb09f5b5d4d790cd9251b97faac7c652b?s=96&d=blank&r=g","caption":"enequipo"},"sameAs":["https:\/\/www.facebook.com\/SonoraEE"]}]}},"jetpack_featured_media_url":"https:\/\/www.sonoraenequipo.com.mx\/storage\/2020\/06\/reunion-movilidad.jpg","_links":{"self":[{"href":"https:\/\/www.sonoraenequipo.com.mx\/api\/wp\/v2\/posts\/86725","targetHints":{"allow":["GET"]}}],"collection":[{"href":"https:\/\/www.sonoraenequipo.com.mx\/api\/wp\/v2\/posts"}],"about":[{"href":"https:\/\/www.sonoraenequipo.com.mx\/api\/wp\/v2\/types\/post"}],"author":[{"embeddable":true,"href":"https:\/\/www.sonoraenequipo.com.mx\/api\/wp\/v2\/users\/1"}],"replies":[{"embeddable":true,"href":"https:\/\/www.sonoraenequipo.com.mx\/api\/wp\/v2\/comments?post=86725"}],"version-history":[{"count":0,"href":"https:\/\/www.sonoraenequipo.com.mx\/api\/wp\/v2\/posts\/86725\/revisions"}],"wp:featuredmedia":[{"embeddable":true,"href":"https:\/\/www.sonoraenequipo.com.mx\/api\/wp\/v2\/media\/86726"}],"wp:attachment":[{"href":"https:\/\/www.sonoraenequipo.com.mx\/api\/wp\/v2\/media?parent=86725"}],"wp:term":[{"taxonomy":"category","embeddable":true,"href":"https:\/\/www.sonoraenequipo.com.mx\/api\/wp\/v2\/categories?post=86725"},{"taxonomy":"post_tag","embeddable":true,"href":"https:\/\/www.sonoraenequipo.com.mx\/api\/wp\/v2\/tags?post=86725"}],"curies":[{"name":"wp","href":"https:\/\/api.w.org\/{rel}","templated":true}]}}