{"id":86728,"date":"2020-06-03T21:56:55","date_gmt":"2020-06-04T04:56:55","guid":{"rendered":"https:\/\/www.sonoraenequipo.com.mx\/?p=86728"},"modified":"2020-06-03T22:03:51","modified_gmt":"2020-06-04T05:03:51","slug":"17-decesos-y-114-nuevos-casos-hoy","status":"publish","type":"post","link":"https:\/\/www.sonoraenequipo.com.mx\/17-decesos-y-114-nuevos-casos-hoy\/","title":{"rendered":"17 decesos y 114 nuevos casos hoy"},"content":{"rendered":"<h4>&gt;&gt;pide Clausen reducir movilidad en el estado<\/h4>\n<h4>&gt;&gt;&nbsp; a partir del 10 de mayo se relajaron las medidas de confinamiento y entre esa fecha y el 30 de abril se dispararon los casos, dijo el secretario de Salud.<\/h4>\n<p>HERMOSILLO, SONORA,MX.\u2500 este d\u00eda se presentaron 17 decesos y 114 nuevos casos de coronavirus en Sonora inform\u00f3 Enrique Clausen Iberri, el secretario de salud detall\u00f3 que entre los nuevos casos&nbsp; hubo 32 trabajadores de la salud contagiados. <\/p>\n<p>Hermosillo y Cajeme 8 cada uno, Navojoa 7, Nogales 5, \u00c1lamos 2, Santa Ana y San Luis uno cada uno. Asimismo se present\u00f3 un contagio en un reci\u00e9n nacido&nbsp; su madre hab\u00eda sido confirmada con covid, es residente de Hermosillo, tambi\u00e9n se registr\u00f3 un caso m\u00e1s en una mujer embarazada, tiene cuadro leve, residente de Cajeme.<\/p>\n<p>Clausen hizo un llamado a&nbsp; reducir la movilidad pues \u00e9stas se dispararon luego de que se relajara el confinamiento&nbsp; fue en las fechas entre el 10 de mayo y 30 de abril dijo, se requiere bajarla un 35%<\/p>\n<p>Ver tablas con cifras al d\u00eda<\/p>\n<p><img loading=\"lazy\" decoding=\"async\" class=\"x-none size-full \" src=\"https:\/\/www.sonoraenequipo.com.mx\/storage\/2020\/06\/decesos-030620.jpg\" alt=\"\" width=\"600\" height=\"243\"><\/p>\n<p><img loading=\"lazy\" decoding=\"async\" class=\"x-none size-medium \" src=\"https:\/\/www.sonoraenequipo.com.mx\/storage\/2020\/06\/casos030620-600x304.jpg\" alt=\"\" width=\"600\" height=\"304\"><\/p>\n<p><img loading=\"lazy\" decoding=\"async\" class=\"x-none size-medium \" src=\"https:\/\/www.sonoraenequipo.com.mx\/storage\/2020\/06\/tabla030620-600x304.jpg\" alt=\"\" width=\"600\" height=\"304\"><\/p>\n<p>Fecha de Publicaci\u00f3n 03\/jun\/2020<\/p>\n<p>&nbsp;<\/p>\n<p>&nbsp;<\/p>\n","protected":false},"excerpt":{"rendered":"<p>&gt;&gt;pide Clausen reducir movilidad en el estado &gt;&gt;&nbsp; a partir del 10 de mayo se&#8230;<\/p>\n","protected":false},"author":6,"featured_media":86733,"comment_status":"open","ping_status":"open","sticky":false,"template":"","format":"standard","meta":{"_monsterinsights_skip_tracking":false,"_monsterinsights_sitenote_active":false,"_monsterinsights_sitenote_note":"","_monsterinsights_sitenote_category":0,"footnotes":""},"categories":[22],"tags":[4198,3289],"class_list":["post"],"yoast_head":" \n<title>Sonora en Equipo. 17 decesos y 114 nuevos casos hoy Sonora<\/title>\n<meta name=\"description\" content=\"&gt;&gt;pide Clausen reducir movilidad en el estado &gt;&gt;&nbsp; a partir del 10 de mayo se relajaron las medidas de confinamiento y entre esa fecha y En Sonora en Equipo publicamos toda la informaci\u00f3n de Sonora, M\u00e9xico y el Mundo de manera oportuna y busca que la libertad de expresi\u00f3n sea real. Visita nuestro medio informativo publicado desde Hermosillo, Sonora. %\" \/>\n<meta name=\"robots\" content=\"index, follow, max-snippet:-1, max-image-preview:large, max-video-preview:-1\" \/>\n<link rel=\"canonical\" href=\"https:\/\/www.sonoraenequipo.com.mx\/17-decesos-y-114-nuevos-casos-hoy\/\" \/>\n<meta property=\"og:locale\" content=\"es_ES\" \/>\n<meta property=\"og:type\" content=\"article\" \/>\n<meta property=\"og:title\" content=\"Sonora en Equipo. 17 decesos y 114 nuevos casos hoy Sonora\" \/>\n<meta property=\"og:description\" content=\"&gt;&gt;pide Clausen reducir movilidad en el estado &gt;&gt;&nbsp; a partir del 10 de mayo se relajaron las medidas de confinamiento y entre esa fecha y En Sonora en Equipo publicamos toda la informaci\u00f3n de Sonora, M\u00e9xico y el Mundo de manera oportuna y busca que la libertad de expresi\u00f3n sea real. Visita nuestro medio informativo publicado desde Hermosillo, Sonora. %\" \/>\n<meta property=\"og:url\" content=\"https:\/\/www.sonoraenequipo.com.mx\/17-decesos-y-114-nuevos-casos-hoy\/\" \/>\n<meta property=\"og:site_name\" content=\"Sonora en Equipo.\" \/>\n<meta property=\"article:publisher\" content=\"https:\/\/www.facebook.com\/SonoraEE\/\" \/>\n<meta property=\"article:published_time\" content=\"2020-06-04T04:56:55+00:00\" \/>\n<meta property=\"article:modified_time\" content=\"2020-06-04T05:03:51+00:00\" \/>\n<meta property=\"og:image\" content=\"https:\/\/www.sonoraenequipo.com.mx\/storage\/2020\/06\/clausen11.jpg\" \/>\n\t<meta property=\"og:image:width\" content=\"600\" \/>\n\t<meta property=\"og:image:height\" content=\"400\" \/>\n\t<meta property=\"og:image:type\" content=\"image\/jpeg\" \/>\n<meta name=\"author\" content=\"Nacho Bandin\" \/>\n<meta name=\"twitter:card\" content=\"summary_large_image\" \/>\n<meta name=\"twitter:creator\" content=\"@sonoraenequipo\" \/>\n<meta name=\"twitter:site\" content=\"@sonoraenequipo\" \/>\n<meta name=\"twitter:label1\" content=\"Escrito por\" \/>\n\t<meta name=\"twitter:data1\" content=\"Nacho Bandin\" \/>\n\t<meta name=\"twitter:label2\" content=\"Tiempo de lectura\" \/>\n\t<meta name=\"twitter:data2\" content=\"1 minuto\" \/>\n<script type=\"application\/ld+json\" class=\"yoast-schema-graph\">{\"@context\":\"https:\/\/schema.org\",\"@graph\":[{\"@type\":\"Article\",\"@id\":\"https:\/\/www.sonoraenequipo.com.mx\/17-decesos-y-114-nuevos-casos-hoy\/#article\",\"isPartOf\":{\"@id\":\"https:\/\/www.sonoraenequipo.com.mx\/17-decesos-y-114-nuevos-casos-hoy\/\"},\"author\":{\"name\":\"Nacho Bandin\",\"@id\":\"https:\/\/www.sonoraenequipo.com.mx\/#\/schema\/person\/fbd9952aca28efec00f1fb7fa9428cad\"},\"headline\":\"17 decesos y 114 nuevos casos hoy\",\"datePublished\":\"2020-06-04T04:56:55+00:00\",\"dateModified\":\"2020-06-04T05:03:51+00:00\",\"mainEntityOfPage\":{\"@id\":\"https:\/\/www.sonoraenequipo.com.mx\/17-decesos-y-114-nuevos-casos-hoy\/\"},\"wordCount\":190,\"commentCount\":0,\"publisher\":{\"@id\":\"https:\/\/www.sonoraenequipo.com.mx\/#organization\"},\"image\":{\"@id\":\"https:\/\/www.sonoraenequipo.com.mx\/17-decesos-y-114-nuevos-casos-hoy\/#primaryimage\"},\"thumbnailUrl\":\"https:\/\/www.sonoraenequipo.com.mx\/storage\/2020\/06\/clausen11.jpg\",\"keywords\":[\"Covid-19\",\"ENRIQUE CLAUSEN\"],\"articleSection\":[\"Sonora\"],\"inLanguage\":\"es\",\"potentialAction\":[{\"@type\":\"CommentAction\",\"name\":\"Comment\",\"target\":[\"https:\/\/www.sonoraenequipo.com.mx\/17-decesos-y-114-nuevos-casos-hoy\/#respond\"]}]},{\"@type\":\"WebPage\",\"@id\":\"https:\/\/www.sonoraenequipo.com.mx\/17-decesos-y-114-nuevos-casos-hoy\/\",\"url\":\"https:\/\/www.sonoraenequipo.com.mx\/17-decesos-y-114-nuevos-casos-hoy\/\",\"name\":\"Sonora en Equipo. 17 decesos y 114 nuevos casos hoy Sonora\",\"isPartOf\":{\"@id\":\"https:\/\/www.sonoraenequipo.com.mx\/#website\"},\"primaryImageOfPage\":{\"@id\":\"https:\/\/www.sonoraenequipo.com.mx\/17-decesos-y-114-nuevos-casos-hoy\/#primaryimage\"},\"image\":{\"@id\":\"https:\/\/www.sonoraenequipo.com.mx\/17-decesos-y-114-nuevos-casos-hoy\/#primaryimage\"},\"thumbnailUrl\":\"https:\/\/www.sonoraenequipo.com.mx\/storage\/2020\/06\/clausen11.jpg\",\"datePublished\":\"2020-06-04T04:56:55+00:00\",\"dateModified\":\"2020-06-04T05:03:51+00:00\",\"description\":\"&gt;&gt;pide Clausen reducir movilidad en el estado &gt;&gt;&nbsp; a partir del 10 de mayo se relajaron las medidas de confinamiento y entre esa fecha y En Sonora en Equipo publicamos toda la informaci\u00f3n de Sonora, M\u00e9xico y el Mundo de manera oportuna y busca que la libertad de expresi\u00f3n sea real. Visita nuestro medio informativo publicado desde Hermosillo, Sonora. %\",\"breadcrumb\":{\"@id\":\"https:\/\/www.sonoraenequipo.com.mx\/17-decesos-y-114-nuevos-casos-hoy\/#breadcrumb\"},\"inLanguage\":\"es\",\"potentialAction\":[{\"@type\":\"ReadAction\",\"target\":[\"https:\/\/www.sonoraenequipo.com.mx\/17-decesos-y-114-nuevos-casos-hoy\/\"]}]},{\"@type\":\"ImageObject\",\"inLanguage\":\"es\",\"@id\":\"https:\/\/www.sonoraenequipo.com.mx\/17-decesos-y-114-nuevos-casos-hoy\/#primaryimage\",\"url\":\"https:\/\/www.sonoraenequipo.com.mx\/storage\/2020\/06\/clausen11.jpg\",\"contentUrl\":\"https:\/\/www.sonoraenequipo.com.mx\/storage\/2020\/06\/clausen11.jpg\",\"width\":600,\"height\":400},{\"@type\":\"BreadcrumbList\",\"@id\":\"https:\/\/www.sonoraenequipo.com.mx\/17-decesos-y-114-nuevos-casos-hoy\/#breadcrumb\",\"itemListElement\":[{\"@type\":\"ListItem\",\"position\":1,\"name\":\"Portada\",\"item\":\"https:\/\/www.sonoraenequipo.com.mx\/\"},{\"@type\":\"ListItem\",\"position\":2,\"name\":\"17 decesos y 114 nuevos casos hoy\"}]},{\"@type\":\"WebSite\",\"@id\":\"https:\/\/www.sonoraenequipo.com.mx\/#website\",\"url\":\"https:\/\/www.sonoraenequipo.com.mx\/\",\"name\":\"Sonora en Equipo.\",\"description\":\"Diario en l\u00ednea con Noticias desde Hermosillo, Sonora\",\"publisher\":{\"@id\":\"https:\/\/www.sonoraenequipo.com.mx\/#organization\"},\"potentialAction\":[{\"@type\":\"SearchAction\",\"target\":{\"@type\":\"EntryPoint\",\"urlTemplate\":\"https:\/\/www.sonoraenequipo.com.mx\/?s={search_term_string}\"},\"query-input\":{\"@type\":\"PropertyValueSpecification\",\"valueRequired\":true,\"valueName\":\"search_term_string\"}}],\"inLanguage\":\"es\"},{\"@type\":\"Organization\",\"@id\":\"https:\/\/www.sonoraenequipo.com.mx\/#organization\",\"name\":\"Sonoraenequipo.com.mx\",\"url\":\"https:\/\/www.sonoraenequipo.com.mx\/\",\"logo\":{\"@type\":\"ImageObject\",\"inLanguage\":\"es\",\"@id\":\"https:\/\/www.sonoraenequipo.com.mx\/#\/schema\/logo\/image\/\",\"url\":\"https:\/\/www.sonoraenequipo.com.mx\/storage\/2019\/01\/sonoraenequipo_opt.png\",\"contentUrl\":\"https:\/\/www.sonoraenequipo.com.mx\/storage\/2019\/01\/sonoraenequipo_opt.png\",\"width\":375,\"height\":125,\"caption\":\"Sonoraenequipo.com.mx\"},\"image\":{\"@id\":\"https:\/\/www.sonoraenequipo.com.mx\/#\/schema\/logo\/image\/\"},\"sameAs\":[\"https:\/\/www.facebook.com\/SonoraEE\/\",\"https:\/\/x.com\/sonoraenequipo\",\"https:\/\/www.youtube.com\/channel\/UC338nW-lPEYmJQs4ZABQ1SQ\"]},{\"@type\":\"Person\",\"@id\":\"https:\/\/www.sonoraenequipo.com.mx\/#\/schema\/person\/fbd9952aca28efec00f1fb7fa9428cad\",\"name\":\"Nacho Bandin\",\"image\":{\"@type\":\"ImageObject\",\"inLanguage\":\"es\",\"@id\":\"https:\/\/www.sonoraenequipo.com.mx\/#\/schema\/person\/image\/\",\"url\":\"https:\/\/secure.gravatar.com\/avatar\/aa8b9910cb9aca6bb907bea274a87d80d1290d00069310f251740e3ee0bf15f1?s=96&d=blank&r=g\",\"contentUrl\":\"https:\/\/secure.gravatar.com\/avatar\/aa8b9910cb9aca6bb907bea274a87d80d1290d00069310f251740e3ee0bf15f1?s=96&d=blank&r=g\",\"caption\":\"Nacho Bandin\"},\"sameAs\":[\"http:\/\/sonoraenequipo.com.mx\"]}]}<\/script>\n ","yoast_head_json":{"title":"Sonora en Equipo. 17 decesos y 114 nuevos casos hoy Sonora","description":"&gt;&gt;pide Clausen reducir movilidad en el estado &gt;&gt;&nbsp; a partir del 10 de mayo se relajaron las medidas de confinamiento y entre esa fecha y En Sonora en Equipo publicamos toda la informaci\u00f3n de Sonora, M\u00e9xico y el Mundo de manera oportuna y busca que la libertad de expresi\u00f3n sea real. Visita nuestro medio informativo publicado desde Hermosillo, Sonora. %","robots":{"index":"index","follow":"follow","max-snippet":"max-snippet:-1","max-image-preview":"max-image-preview:large","max-video-preview":"max-video-preview:-1"},"canonical":"https:\/\/www.sonoraenequipo.com.mx\/17-decesos-y-114-nuevos-casos-hoy\/","og_locale":"es_ES","og_type":"article","og_title":"Sonora en Equipo. 17 decesos y 114 nuevos casos hoy Sonora","og_description":"&gt;&gt;pide Clausen reducir movilidad en el estado &gt;&gt;&nbsp; a partir del 10 de mayo se relajaron las medidas de confinamiento y entre esa fecha y En Sonora en Equipo publicamos toda la informaci\u00f3n de Sonora, M\u00e9xico y el Mundo de manera oportuna y busca que la libertad de expresi\u00f3n sea real. Visita nuestro medio informativo publicado desde Hermosillo, Sonora. %","og_url":"https:\/\/www.sonoraenequipo.com.mx\/17-decesos-y-114-nuevos-casos-hoy\/","og_site_name":"Sonora en Equipo.","article_publisher":"https:\/\/www.facebook.com\/SonoraEE\/","article_published_time":"2020-06-04T04:56:55+00:00","article_modified_time":"2020-06-04T05:03:51+00:00","og_image":[{"width":600,"height":400,"url":"https:\/\/www.sonoraenequipo.com.mx\/storage\/2020\/06\/clausen11.jpg","type":"image\/jpeg"}],"author":"Nacho Bandin","twitter_card":"summary_large_image","twitter_creator":"@sonoraenequipo","twitter_site":"@sonoraenequipo","twitter_misc":{"Escrito por":"Nacho Bandin","Tiempo de lectura":"1 minuto"},"schema":{"@context":"https:\/\/schema.org","@graph":[{"@type":"Article","@id":"https:\/\/www.sonoraenequipo.com.mx\/17-decesos-y-114-nuevos-casos-hoy\/#article","isPartOf":{"@id":"https:\/\/www.sonoraenequipo.com.mx\/17-decesos-y-114-nuevos-casos-hoy\/"},"author":{"name":"Nacho Bandin","@id":"https:\/\/www.sonoraenequipo.com.mx\/#\/schema\/person\/fbd9952aca28efec00f1fb7fa9428cad"},"headline":"17 decesos y 114 nuevos casos hoy","datePublished":"2020-06-04T04:56:55+00:00","dateModified":"2020-06-04T05:03:51+00:00","mainEntityOfPage":{"@id":"https:\/\/www.sonoraenequipo.com.mx\/17-decesos-y-114-nuevos-casos-hoy\/"},"wordCount":190,"commentCount":0,"publisher":{"@id":"https:\/\/www.sonoraenequipo.com.mx\/#organization"},"image":{"@id":"https:\/\/www.sonoraenequipo.com.mx\/17-decesos-y-114-nuevos-casos-hoy\/#primaryimage"},"thumbnailUrl":"https:\/\/www.sonoraenequipo.com.mx\/storage\/2020\/06\/clausen11.jpg","keywords":["Covid-19","ENRIQUE CLAUSEN"],"articleSection":["Sonora"],"inLanguage":"es","potentialAction":[{"@type":"CommentAction","name":"Comment","target":["https:\/\/www.sonoraenequipo.com.mx\/17-decesos-y-114-nuevos-casos-hoy\/#respond"]}]},{"@type":"WebPage","@id":"https:\/\/www.sonoraenequipo.com.mx\/17-decesos-y-114-nuevos-casos-hoy\/","url":"https:\/\/www.sonoraenequipo.com.mx\/17-decesos-y-114-nuevos-casos-hoy\/","name":"Sonora en Equipo. 17 decesos y 114 nuevos casos hoy Sonora","isPartOf":{"@id":"https:\/\/www.sonoraenequipo.com.mx\/#website"},"primaryImageOfPage":{"@id":"https:\/\/www.sonoraenequipo.com.mx\/17-decesos-y-114-nuevos-casos-hoy\/#primaryimage"},"image":{"@id":"https:\/\/www.sonoraenequipo.com.mx\/17-decesos-y-114-nuevos-casos-hoy\/#primaryimage"},"thumbnailUrl":"https:\/\/www.sonoraenequipo.com.mx\/storage\/2020\/06\/clausen11.jpg","datePublished":"2020-06-04T04:56:55+00:00","dateModified":"2020-06-04T05:03:51+00:00","description":"&gt;&gt;pide Clausen reducir movilidad en el estado &gt;&gt;&nbsp; a partir del 10 de mayo se relajaron las medidas de confinamiento y entre esa fecha y En Sonora en Equipo publicamos toda la informaci\u00f3n de Sonora, M\u00e9xico y el Mundo de manera oportuna y busca que la libertad de expresi\u00f3n sea real. Visita nuestro medio informativo publicado desde Hermosillo, Sonora. %","breadcrumb":{"@id":"https:\/\/www.sonoraenequipo.com.mx\/17-decesos-y-114-nuevos-casos-hoy\/#breadcrumb"},"inLanguage":"es","potentialAction":[{"@type":"ReadAction","target":["https:\/\/www.sonoraenequipo.com.mx\/17-decesos-y-114-nuevos-casos-hoy\/"]}]},{"@type":"ImageObject","inLanguage":"es","@id":"https:\/\/www.sonoraenequipo.com.mx\/17-decesos-y-114-nuevos-casos-hoy\/#primaryimage","url":"https:\/\/www.sonoraenequipo.com.mx\/storage\/2020\/06\/clausen11.jpg","contentUrl":"https:\/\/www.sonoraenequipo.com.mx\/storage\/2020\/06\/clausen11.jpg","width":600,"height":400},{"@type":"BreadcrumbList","@id":"https:\/\/www.sonoraenequipo.com.mx\/17-decesos-y-114-nuevos-casos-hoy\/#breadcrumb","itemListElement":[{"@type":"ListItem","position":1,"name":"Portada","item":"https:\/\/www.sonoraenequipo.com.mx\/"},{"@type":"ListItem","position":2,"name":"17 decesos y 114 nuevos casos hoy"}]},{"@type":"WebSite","@id":"https:\/\/www.sonoraenequipo.com.mx\/#website","url":"https:\/\/www.sonoraenequipo.com.mx\/","name":"Sonora en Equipo.","description":"Diario en l\u00ednea con Noticias desde Hermosillo, Sonora","publisher":{"@id":"https:\/\/www.sonoraenequipo.com.mx\/#organization"},"potentialAction":[{"@type":"SearchAction","target":{"@type":"EntryPoint","urlTemplate":"https:\/\/www.sonoraenequipo.com.mx\/?s={search_term_string}"},"query-input":{"@type":"PropertyValueSpecification","valueRequired":true,"valueName":"search_term_string"}}],"inLanguage":"es"},{"@type":"Organization","@id":"https:\/\/www.sonoraenequipo.com.mx\/#organization","name":"Sonoraenequipo.com.mx","url":"https:\/\/www.sonoraenequipo.com.mx\/","logo":{"@type":"ImageObject","inLanguage":"es","@id":"https:\/\/www.sonoraenequipo.com.mx\/#\/schema\/logo\/image\/","url":"https:\/\/www.sonoraenequipo.com.mx\/storage\/2019\/01\/sonoraenequipo_opt.png","contentUrl":"https:\/\/www.sonoraenequipo.com.mx\/storage\/2019\/01\/sonoraenequipo_opt.png","width":375,"height":125,"caption":"Sonoraenequipo.com.mx"},"image":{"@id":"https:\/\/www.sonoraenequipo.com.mx\/#\/schema\/logo\/image\/"},"sameAs":["https:\/\/www.facebook.com\/SonoraEE\/","https:\/\/x.com\/sonoraenequipo","https:\/\/www.youtube.com\/channel\/UC338nW-lPEYmJQs4ZABQ1SQ"]},{"@type":"Person","@id":"https:\/\/www.sonoraenequipo.com.mx\/#\/schema\/person\/fbd9952aca28efec00f1fb7fa9428cad","name":"Nacho Bandin","image":{"@type":"ImageObject","inLanguage":"es","@id":"https:\/\/www.sonoraenequipo.com.mx\/#\/schema\/person\/image\/","url":"https:\/\/secure.gravatar.com\/avatar\/aa8b9910cb9aca6bb907bea274a87d80d1290d00069310f251740e3ee0bf15f1?s=96&d=blank&r=g","contentUrl":"https:\/\/secure.gravatar.com\/avatar\/aa8b9910cb9aca6bb907bea274a87d80d1290d00069310f251740e3ee0bf15f1?s=96&d=blank&r=g","caption":"Nacho Bandin"},"sameAs":["http:\/\/sonoraenequipo.com.mx"]}]}},"jetpack_featured_media_url":"https:\/\/www.sonoraenequipo.com.mx\/storage\/2020\/06\/clausen11.jpg","_links":{"self":[{"href":"https:\/\/www.sonoraenequipo.com.mx\/api\/wp\/v2\/posts\/86728","targetHints":{"allow":["GET"]}}],"collection":[{"href":"https:\/\/www.sonoraenequipo.com.mx\/api\/wp\/v2\/posts"}],"about":[{"href":"https:\/\/www.sonoraenequipo.com.mx\/api\/wp\/v2\/types\/post"}],"author":[{"embeddable":true,"href":"https:\/\/www.sonoraenequipo.com.mx\/api\/wp\/v2\/users\/6"}],"replies":[{"embeddable":true,"href":"https:\/\/www.sonoraenequipo.com.mx\/api\/wp\/v2\/comments?post=86728"}],"version-history":[{"count":0,"href":"https:\/\/www.sonoraenequipo.com.mx\/api\/wp\/v2\/posts\/86728\/revisions"}],"wp:featuredmedia":[{"embeddable":true,"href":"https:\/\/www.sonoraenequipo.com.mx\/api\/wp\/v2\/media\/86733"}],"wp:attachment":[{"href":"https:\/\/www.sonoraenequipo.com.mx\/api\/wp\/v2\/media?parent=86728"}],"wp:term":[{"taxonomy":"category","embeddable":true,"href":"https:\/\/www.sonoraenequipo.com.mx\/api\/wp\/v2\/categories?post=86728"},{"taxonomy":"post_tag","embeddable":true,"href":"https:\/\/www.sonoraenequipo.com.mx\/api\/wp\/v2\/tags?post=86728"}],"curies":[{"name":"wp","href":"https:\/\/api.w.org\/{rel}","templated":true}]}}