{"id":86736,"date":"2020-06-03T22:54:03","date_gmt":"2020-06-04T05:54:03","guid":{"rendered":"https:\/\/www.sonoraenequipo.com.mx\/?p=86736"},"modified":"2020-06-03T22:54:03","modified_gmt":"2020-06-04T05:54:03","slug":"23-empresas-generadoras-de-energia-renovable-reciben-amparos","status":"publish","type":"post","link":"https:\/\/www.sonoraenequipo.com.mx\/23-empresas-generadoras-de-energia-renovable-reciben-amparos\/","title":{"rendered":"23 empresas generadoras de energ\u00eda\u00a0 renovable reciben amparos"},"content":{"rendered":"<p>CIUDAD DE M\u00c9XICO.- El reciente decreto para frenar la entrada de nuevas plantas renovables en M\u00e9xico tiene un nuevo cap\u00edtulo, el Centro Nacional de Control de Energ\u00eda (Cenace) no aplicar\u00e1 a 23 empresas de energ\u00edas limpias un acuerdo que privilegia la generaci\u00f3n de energ\u00eda con combustibles f\u00f3siles. <\/p>\n<p>&nbsp;<\/p>\n<p>As\u00ed que pueden reanudar sus pruebas operativas, tal y como lo ordenan las suspensiones provisionales que les fueron otorgadas a esas compa\u00f1\u00edas por el Juzgado Primero de Distrito en Materia Administrativa, especializado en Competencia Econ\u00f3mica en la Ciudad M\u00e9xico.<\/p>\n<p>&nbsp;<\/p>\n<p>En dicho juzgado se han admitido 27 demandas de amparo promovidas por empresas en contra de las medidas del Cenace, aunque esa dependencia solo ha recibido la notificaci\u00f3n de 23 juicios.<\/p>\n<p>&nbsp;<\/p>\n<p>Todo comenz\u00f3 cuando el Centro Nacional de Control de Energ\u00eda (Cenace) public\u00f3 un acuerdo para detener el ingreso de nuevas centrales de energ\u00eda renovable durante la contingencia, lo que ha desatado una ola de amparos.<\/p>\n<p>&nbsp;<\/p>\n<p>Las empresas y expertos del sector criticaron que el acuerdo carec\u00eda de fundamento tanto legal como t\u00e9cnico, y que se estaba usando como excusa para frenar el avance de este tipo de energ\u00edas a favor de dar entrada a m\u00e1s plantas de la Comisi\u00f3n Federal de Electricidad (CFE).<\/p>\n<p>&nbsp;<\/p>\n<p>El Centro Nacional de Control de Energ\u00eda, que forma parte del Poder Ejecutivo federal, no puede desobedecer lo que ordena el Poder Judicial de la Federaci\u00f3n, por ello emiti\u00f3 un oficio en el que enlista los consorcios a los que no se aplicar\u00e1 el \u201cAcuerdo para garantizar la Eficiencia, Calidad, Confiabilidad, Continuidad y Seguridad del Sistema El\u00e9ctrico Nacional\u201d, emitido el 29 de abril pasado.<\/p>\n<p>&nbsp;<\/p>\n<p>\u00bfCu\u00e1les son las empresas?<\/p>\n<p>&nbsp;<\/p>\n<p>Se trata de Recursos Solares PV de M\u00e9xico; Akin Solar; E\u00f3lica Tres Mesas 4; Fuerza E\u00f3lica de San Mat\u00edas; Fuerza E\u00f3lica del Istmo; Versalles de las Cuatas Uno y Dos; Tai Durango Cuatro Neo; Eoliatec del Pac\u00edfico; Eoliatec del Istmo; Versalles de las Cuatas Tres; Mitre Calera Solar; El\u00e9ctrica del Valle de M\u00e9xico; FV Mexolar XI; Kerergreen; X-Elio FV Conejos M\u00e9danos; X-Elio FV Xoxocotla; ENR AGS; Parque Amistad II; Parque Salitrillos; EGP Magdalena Solar; Dolores Wind, y FRV Potos\u00ed Solar.<\/p>\n<p>&nbsp;<\/p>\n<p>Las demandas de amparo consideran que la nueva pol\u00edtica energ\u00e9tica del gobierno federal trasgrede los art\u00edculos 1, 4, 14, 16, 25, 27, 28 y 133 de la Constituci\u00f3n.<\/p>\n<p>Estos son los argumentos de Sener<\/p>\n<p>&nbsp;<\/p>\n<p>La Secretar\u00eda de Energ\u00eda (Sener) argument\u00f3 en un comunicado que, como consecuencia de la pandemia de Covid-19, \u201cse redujo de manera dr\u00e1stica la demanda el\u00e9ctrica del sector industrial y comercial\u201d, lo que a la postre resulta en un aumento del \u201cpreexistente desbalance entre la capacidad de generaci\u00f3n el\u00e9ctrica con respecto a la demanda\u201d.<\/p>\n<p>&nbsp;<\/p>\n<p>El hecho de que el Estado mexicano sea el titular de todo el sistema el\u00e9ctrico del pa\u00eds no quiere decir que el Ejecutivo federal pueda incumplir con el principio de legalidad, establecido en los art\u00edculos 14 y 16 de la Constituci\u00f3n, menciona.<\/p>\n<p>Fecha de Publicaci\u00f3n 03\/jun\/2020<\/p>\n","protected":false},"excerpt":{"rendered":"<p>CIUDAD DE M\u00c9XICO.- El reciente decreto para frenar la entrada de nuevas plantas renovables en&#8230;<\/p>\n","protected":false},"author":1,"featured_media":50155,"comment_status":"open","ping_status":"open","sticky":false,"template":"","format":"standard","meta":{"_monsterinsights_skip_tracking":false,"_monsterinsights_sitenote_active":false,"_monsterinsights_sitenote_note":"","_monsterinsights_sitenote_category":0,"footnotes":""},"categories":[5],"tags":[4465],"class_list":["post"],"yoast_head":" \n<title>Sonora en Equipo. 23 empresas generadoras de energ\u00eda\u00a0 renovable reciben amparos Rep\u00fablica<\/title>\n<meta name=\"description\" content=\"CIUDAD DE M\u00c9XICO.- El reciente decreto para frenar la entrada de nuevas plantas renovables en M\u00e9xico tiene un nuevo cap\u00edtulo, el Centro Nacional de En Sonora en Equipo publicamos toda la informaci\u00f3n de Sonora, M\u00e9xico y el Mundo de manera oportuna y busca que la libertad de expresi\u00f3n sea real. Visita nuestro medio informativo publicado desde Hermosillo, Sonora. %\" \/>\n<meta name=\"robots\" content=\"index, follow, max-snippet:-1, max-image-preview:large, max-video-preview:-1\" \/>\n<link rel=\"canonical\" href=\"https:\/\/www.sonoraenequipo.com.mx\/23-empresas-generadoras-de-energia-renovable-reciben-amparos\/\" \/>\n<meta property=\"og:locale\" content=\"es_ES\" \/>\n<meta property=\"og:type\" content=\"article\" \/>\n<meta property=\"og:title\" content=\"Sonora en Equipo. 23 empresas generadoras de energ\u00eda\u00a0 renovable reciben amparos Rep\u00fablica\" \/>\n<meta property=\"og:description\" content=\"CIUDAD DE M\u00c9XICO.- El reciente decreto para frenar la entrada de nuevas plantas renovables en M\u00e9xico tiene un nuevo cap\u00edtulo, el Centro Nacional de En Sonora en Equipo publicamos toda la informaci\u00f3n de Sonora, M\u00e9xico y el Mundo de manera oportuna y busca que la libertad de expresi\u00f3n sea real. Visita nuestro medio informativo publicado desde Hermosillo, Sonora. %\" \/>\n<meta property=\"og:url\" content=\"https:\/\/www.sonoraenequipo.com.mx\/23-empresas-generadoras-de-energia-renovable-reciben-amparos\/\" \/>\n<meta property=\"og:site_name\" content=\"Sonora en Equipo.\" \/>\n<meta property=\"article:publisher\" content=\"https:\/\/www.facebook.com\/SonoraEE\/\" \/>\n<meta property=\"article:author\" content=\"https:\/\/www.facebook.com\/SonoraEE\" \/>\n<meta property=\"article:published_time\" content=\"2020-06-04T05:54:03+00:00\" \/>\n<meta property=\"og:image\" content=\"https:\/\/www.sonoraenequipo.com.mx\/storage\/2018\/12\/energiasolaryaeolica_opt.jpg\" \/>\n\t<meta property=\"og:image:width\" content=\"622\" \/>\n\t<meta property=\"og:image:height\" content=\"350\" \/>\n\t<meta property=\"og:image:type\" content=\"image\/jpeg\" \/>\n<meta name=\"author\" content=\"enequipo\" \/>\n<meta name=\"twitter:card\" content=\"summary_large_image\" \/>\n<meta name=\"twitter:creator\" content=\"@sonoraenequipo\" \/>\n<meta name=\"twitter:site\" content=\"@sonoraenequipo\" \/>\n<meta name=\"twitter:label1\" content=\"Escrito por\" \/>\n\t<meta name=\"twitter:data1\" content=\"enequipo\" \/>\n\t<meta name=\"twitter:label2\" content=\"Tiempo de lectura\" \/>\n\t<meta name=\"twitter:data2\" content=\"3 minutos\" \/>\n<script type=\"application\/ld+json\" class=\"yoast-schema-graph\">{\"@context\":\"https:\/\/schema.org\",\"@graph\":[{\"@type\":\"Article\",\"@id\":\"https:\/\/www.sonoraenequipo.com.mx\/23-empresas-generadoras-de-energia-renovable-reciben-amparos\/#article\",\"isPartOf\":{\"@id\":\"https:\/\/www.sonoraenequipo.com.mx\/23-empresas-generadoras-de-energia-renovable-reciben-amparos\/\"},\"author\":{\"name\":\"enequipo\",\"@id\":\"https:\/\/www.sonoraenequipo.com.mx\/#\/schema\/person\/50102df0fb23a8fa9e8effad8fa81386\"},\"headline\":\"23 empresas generadoras de energ\u00eda\u00a0 renovable reciben amparos\",\"datePublished\":\"2020-06-04T05:54:03+00:00\",\"mainEntityOfPage\":{\"@id\":\"https:\/\/www.sonoraenequipo.com.mx\/23-empresas-generadoras-de-energia-renovable-reciben-amparos\/\"},\"wordCount\":532,\"commentCount\":0,\"publisher\":{\"@id\":\"https:\/\/www.sonoraenequipo.com.mx\/#organization\"},\"image\":{\"@id\":\"https:\/\/www.sonoraenequipo.com.mx\/23-empresas-generadoras-de-energia-renovable-reciben-amparos\/#primaryimage\"},\"thumbnailUrl\":\"https:\/\/www.sonoraenequipo.com.mx\/storage\/2018\/12\/energiasolaryaeolica_opt.jpg\",\"keywords\":[\"plantas renovables en M\u00e9xic\"],\"articleSection\":[\"Rep\u00fablica\"],\"inLanguage\":\"es\",\"potentialAction\":[{\"@type\":\"CommentAction\",\"name\":\"Comment\",\"target\":[\"https:\/\/www.sonoraenequipo.com.mx\/23-empresas-generadoras-de-energia-renovable-reciben-amparos\/#respond\"]}]},{\"@type\":\"WebPage\",\"@id\":\"https:\/\/www.sonoraenequipo.com.mx\/23-empresas-generadoras-de-energia-renovable-reciben-amparos\/\",\"url\":\"https:\/\/www.sonoraenequipo.com.mx\/23-empresas-generadoras-de-energia-renovable-reciben-amparos\/\",\"name\":\"Sonora en Equipo. 23 empresas generadoras de energ\u00eda\u00a0 renovable reciben amparos Rep\u00fablica\",\"isPartOf\":{\"@id\":\"https:\/\/www.sonoraenequipo.com.mx\/#website\"},\"primaryImageOfPage\":{\"@id\":\"https:\/\/www.sonoraenequipo.com.mx\/23-empresas-generadoras-de-energia-renovable-reciben-amparos\/#primaryimage\"},\"image\":{\"@id\":\"https:\/\/www.sonoraenequipo.com.mx\/23-empresas-generadoras-de-energia-renovable-reciben-amparos\/#primaryimage\"},\"thumbnailUrl\":\"https:\/\/www.sonoraenequipo.com.mx\/storage\/2018\/12\/energiasolaryaeolica_opt.jpg\",\"datePublished\":\"2020-06-04T05:54:03+00:00\",\"description\":\"CIUDAD DE M\u00c9XICO.- El reciente decreto para frenar la entrada de nuevas plantas renovables en M\u00e9xico tiene un nuevo cap\u00edtulo, el Centro Nacional de En Sonora en Equipo publicamos toda la informaci\u00f3n de Sonora, M\u00e9xico y el Mundo de manera oportuna y busca que la libertad de expresi\u00f3n sea real. Visita nuestro medio informativo publicado desde Hermosillo, Sonora. %\",\"breadcrumb\":{\"@id\":\"https:\/\/www.sonoraenequipo.com.mx\/23-empresas-generadoras-de-energia-renovable-reciben-amparos\/#breadcrumb\"},\"inLanguage\":\"es\",\"potentialAction\":[{\"@type\":\"ReadAction\",\"target\":[\"https:\/\/www.sonoraenequipo.com.mx\/23-empresas-generadoras-de-energia-renovable-reciben-amparos\/\"]}]},{\"@type\":\"ImageObject\",\"inLanguage\":\"es\",\"@id\":\"https:\/\/www.sonoraenequipo.com.mx\/23-empresas-generadoras-de-energia-renovable-reciben-amparos\/#primaryimage\",\"url\":\"https:\/\/www.sonoraenequipo.com.mx\/storage\/2018\/12\/energiasolaryaeolica_opt.jpg\",\"contentUrl\":\"https:\/\/www.sonoraenequipo.com.mx\/storage\/2018\/12\/energiasolaryaeolica_opt.jpg\",\"width\":622,\"height\":350},{\"@type\":\"BreadcrumbList\",\"@id\":\"https:\/\/www.sonoraenequipo.com.mx\/23-empresas-generadoras-de-energia-renovable-reciben-amparos\/#breadcrumb\",\"itemListElement\":[{\"@type\":\"ListItem\",\"position\":1,\"name\":\"Portada\",\"item\":\"https:\/\/www.sonoraenequipo.com.mx\/\"},{\"@type\":\"ListItem\",\"position\":2,\"name\":\"23 empresas generadoras de energ\u00eda\u00a0 renovable reciben amparos\"}]},{\"@type\":\"WebSite\",\"@id\":\"https:\/\/www.sonoraenequipo.com.mx\/#website\",\"url\":\"https:\/\/www.sonoraenequipo.com.mx\/\",\"name\":\"Sonora en Equipo.\",\"description\":\"Diario en l\u00ednea con Noticias desde Hermosillo, Sonora\",\"publisher\":{\"@id\":\"https:\/\/www.sonoraenequipo.com.mx\/#organization\"},\"potentialAction\":[{\"@type\":\"SearchAction\",\"target\":{\"@type\":\"EntryPoint\",\"urlTemplate\":\"https:\/\/www.sonoraenequipo.com.mx\/?s={search_term_string}\"},\"query-input\":{\"@type\":\"PropertyValueSpecification\",\"valueRequired\":true,\"valueName\":\"search_term_string\"}}],\"inLanguage\":\"es\"},{\"@type\":\"Organization\",\"@id\":\"https:\/\/www.sonoraenequipo.com.mx\/#organization\",\"name\":\"Sonoraenequipo.com.mx\",\"url\":\"https:\/\/www.sonoraenequipo.com.mx\/\",\"logo\":{\"@type\":\"ImageObject\",\"inLanguage\":\"es\",\"@id\":\"https:\/\/www.sonoraenequipo.com.mx\/#\/schema\/logo\/image\/\",\"url\":\"https:\/\/www.sonoraenequipo.com.mx\/storage\/2019\/01\/sonoraenequipo_opt.png\",\"contentUrl\":\"https:\/\/www.sonoraenequipo.com.mx\/storage\/2019\/01\/sonoraenequipo_opt.png\",\"width\":375,\"height\":125,\"caption\":\"Sonoraenequipo.com.mx\"},\"image\":{\"@id\":\"https:\/\/www.sonoraenequipo.com.mx\/#\/schema\/logo\/image\/\"},\"sameAs\":[\"https:\/\/www.facebook.com\/SonoraEE\/\",\"https:\/\/x.com\/sonoraenequipo\",\"https:\/\/www.youtube.com\/channel\/UC338nW-lPEYmJQs4ZABQ1SQ\"]},{\"@type\":\"Person\",\"@id\":\"https:\/\/www.sonoraenequipo.com.mx\/#\/schema\/person\/50102df0fb23a8fa9e8effad8fa81386\",\"name\":\"enequipo\",\"image\":{\"@type\":\"ImageObject\",\"inLanguage\":\"es\",\"@id\":\"https:\/\/www.sonoraenequipo.com.mx\/#\/schema\/person\/image\/\",\"url\":\"https:\/\/secure.gravatar.com\/avatar\/049821681b589dabc0bc20695993ccebb09f5b5d4d790cd9251b97faac7c652b?s=96&d=blank&r=g\",\"contentUrl\":\"https:\/\/secure.gravatar.com\/avatar\/049821681b589dabc0bc20695993ccebb09f5b5d4d790cd9251b97faac7c652b?s=96&d=blank&r=g\",\"caption\":\"enequipo\"},\"sameAs\":[\"https:\/\/www.facebook.com\/SonoraEE\"]}]}<\/script>\n ","yoast_head_json":{"title":"Sonora en Equipo. 23 empresas generadoras de energ\u00eda\u00a0 renovable reciben amparos Rep\u00fablica","description":"CIUDAD DE M\u00c9XICO.- El reciente decreto para frenar la entrada de nuevas plantas renovables en M\u00e9xico tiene un nuevo cap\u00edtulo, el Centro Nacional de En Sonora en Equipo publicamos toda la informaci\u00f3n de Sonora, M\u00e9xico y el Mundo de manera oportuna y busca que la libertad de expresi\u00f3n sea real. Visita nuestro medio informativo publicado desde Hermosillo, Sonora. %","robots":{"index":"index","follow":"follow","max-snippet":"max-snippet:-1","max-image-preview":"max-image-preview:large","max-video-preview":"max-video-preview:-1"},"canonical":"https:\/\/www.sonoraenequipo.com.mx\/23-empresas-generadoras-de-energia-renovable-reciben-amparos\/","og_locale":"es_ES","og_type":"article","og_title":"Sonora en Equipo. 23 empresas generadoras de energ\u00eda\u00a0 renovable reciben amparos Rep\u00fablica","og_description":"CIUDAD DE M\u00c9XICO.- El reciente decreto para frenar la entrada de nuevas plantas renovables en M\u00e9xico tiene un nuevo cap\u00edtulo, el Centro Nacional de En Sonora en Equipo publicamos toda la informaci\u00f3n de Sonora, M\u00e9xico y el Mundo de manera oportuna y busca que la libertad de expresi\u00f3n sea real. Visita nuestro medio informativo publicado desde Hermosillo, Sonora. %","og_url":"https:\/\/www.sonoraenequipo.com.mx\/23-empresas-generadoras-de-energia-renovable-reciben-amparos\/","og_site_name":"Sonora en Equipo.","article_publisher":"https:\/\/www.facebook.com\/SonoraEE\/","article_author":"https:\/\/www.facebook.com\/SonoraEE","article_published_time":"2020-06-04T05:54:03+00:00","og_image":[{"width":622,"height":350,"url":"https:\/\/www.sonoraenequipo.com.mx\/storage\/2018\/12\/energiasolaryaeolica_opt.jpg","type":"image\/jpeg"}],"author":"enequipo","twitter_card":"summary_large_image","twitter_creator":"@sonoraenequipo","twitter_site":"@sonoraenequipo","twitter_misc":{"Escrito por":"enequipo","Tiempo de lectura":"3 minutos"},"schema":{"@context":"https:\/\/schema.org","@graph":[{"@type":"Article","@id":"https:\/\/www.sonoraenequipo.com.mx\/23-empresas-generadoras-de-energia-renovable-reciben-amparos\/#article","isPartOf":{"@id":"https:\/\/www.sonoraenequipo.com.mx\/23-empresas-generadoras-de-energia-renovable-reciben-amparos\/"},"author":{"name":"enequipo","@id":"https:\/\/www.sonoraenequipo.com.mx\/#\/schema\/person\/50102df0fb23a8fa9e8effad8fa81386"},"headline":"23 empresas generadoras de energ\u00eda\u00a0 renovable reciben amparos","datePublished":"2020-06-04T05:54:03+00:00","mainEntityOfPage":{"@id":"https:\/\/www.sonoraenequipo.com.mx\/23-empresas-generadoras-de-energia-renovable-reciben-amparos\/"},"wordCount":532,"commentCount":0,"publisher":{"@id":"https:\/\/www.sonoraenequipo.com.mx\/#organization"},"image":{"@id":"https:\/\/www.sonoraenequipo.com.mx\/23-empresas-generadoras-de-energia-renovable-reciben-amparos\/#primaryimage"},"thumbnailUrl":"https:\/\/www.sonoraenequipo.com.mx\/storage\/2018\/12\/energiasolaryaeolica_opt.jpg","keywords":["plantas renovables en M\u00e9xic"],"articleSection":["Rep\u00fablica"],"inLanguage":"es","potentialAction":[{"@type":"CommentAction","name":"Comment","target":["https:\/\/www.sonoraenequipo.com.mx\/23-empresas-generadoras-de-energia-renovable-reciben-amparos\/#respond"]}]},{"@type":"WebPage","@id":"https:\/\/www.sonoraenequipo.com.mx\/23-empresas-generadoras-de-energia-renovable-reciben-amparos\/","url":"https:\/\/www.sonoraenequipo.com.mx\/23-empresas-generadoras-de-energia-renovable-reciben-amparos\/","name":"Sonora en Equipo. 23 empresas generadoras de energ\u00eda\u00a0 renovable reciben amparos Rep\u00fablica","isPartOf":{"@id":"https:\/\/www.sonoraenequipo.com.mx\/#website"},"primaryImageOfPage":{"@id":"https:\/\/www.sonoraenequipo.com.mx\/23-empresas-generadoras-de-energia-renovable-reciben-amparos\/#primaryimage"},"image":{"@id":"https:\/\/www.sonoraenequipo.com.mx\/23-empresas-generadoras-de-energia-renovable-reciben-amparos\/#primaryimage"},"thumbnailUrl":"https:\/\/www.sonoraenequipo.com.mx\/storage\/2018\/12\/energiasolaryaeolica_opt.jpg","datePublished":"2020-06-04T05:54:03+00:00","description":"CIUDAD DE M\u00c9XICO.- El reciente decreto para frenar la entrada de nuevas plantas renovables en M\u00e9xico tiene un nuevo cap\u00edtulo, el Centro Nacional de En Sonora en Equipo publicamos toda la informaci\u00f3n de Sonora, M\u00e9xico y el Mundo de manera oportuna y busca que la libertad de expresi\u00f3n sea real. Visita nuestro medio informativo publicado desde Hermosillo, Sonora. %","breadcrumb":{"@id":"https:\/\/www.sonoraenequipo.com.mx\/23-empresas-generadoras-de-energia-renovable-reciben-amparos\/#breadcrumb"},"inLanguage":"es","potentialAction":[{"@type":"ReadAction","target":["https:\/\/www.sonoraenequipo.com.mx\/23-empresas-generadoras-de-energia-renovable-reciben-amparos\/"]}]},{"@type":"ImageObject","inLanguage":"es","@id":"https:\/\/www.sonoraenequipo.com.mx\/23-empresas-generadoras-de-energia-renovable-reciben-amparos\/#primaryimage","url":"https:\/\/www.sonoraenequipo.com.mx\/storage\/2018\/12\/energiasolaryaeolica_opt.jpg","contentUrl":"https:\/\/www.sonoraenequipo.com.mx\/storage\/2018\/12\/energiasolaryaeolica_opt.jpg","width":622,"height":350},{"@type":"BreadcrumbList","@id":"https:\/\/www.sonoraenequipo.com.mx\/23-empresas-generadoras-de-energia-renovable-reciben-amparos\/#breadcrumb","itemListElement":[{"@type":"ListItem","position":1,"name":"Portada","item":"https:\/\/www.sonoraenequipo.com.mx\/"},{"@type":"ListItem","position":2,"name":"23 empresas generadoras de energ\u00eda\u00a0 renovable reciben amparos"}]},{"@type":"WebSite","@id":"https:\/\/www.sonoraenequipo.com.mx\/#website","url":"https:\/\/www.sonoraenequipo.com.mx\/","name":"Sonora en Equipo.","description":"Diario en l\u00ednea con Noticias desde Hermosillo, Sonora","publisher":{"@id":"https:\/\/www.sonoraenequipo.com.mx\/#organization"},"potentialAction":[{"@type":"SearchAction","target":{"@type":"EntryPoint","urlTemplate":"https:\/\/www.sonoraenequipo.com.mx\/?s={search_term_string}"},"query-input":{"@type":"PropertyValueSpecification","valueRequired":true,"valueName":"search_term_string"}}],"inLanguage":"es"},{"@type":"Organization","@id":"https:\/\/www.sonoraenequipo.com.mx\/#organization","name":"Sonoraenequipo.com.mx","url":"https:\/\/www.sonoraenequipo.com.mx\/","logo":{"@type":"ImageObject","inLanguage":"es","@id":"https:\/\/www.sonoraenequipo.com.mx\/#\/schema\/logo\/image\/","url":"https:\/\/www.sonoraenequipo.com.mx\/storage\/2019\/01\/sonoraenequipo_opt.png","contentUrl":"https:\/\/www.sonoraenequipo.com.mx\/storage\/2019\/01\/sonoraenequipo_opt.png","width":375,"height":125,"caption":"Sonoraenequipo.com.mx"},"image":{"@id":"https:\/\/www.sonoraenequipo.com.mx\/#\/schema\/logo\/image\/"},"sameAs":["https:\/\/www.facebook.com\/SonoraEE\/","https:\/\/x.com\/sonoraenequipo","https:\/\/www.youtube.com\/channel\/UC338nW-lPEYmJQs4ZABQ1SQ"]},{"@type":"Person","@id":"https:\/\/www.sonoraenequipo.com.mx\/#\/schema\/person\/50102df0fb23a8fa9e8effad8fa81386","name":"enequipo","image":{"@type":"ImageObject","inLanguage":"es","@id":"https:\/\/www.sonoraenequipo.com.mx\/#\/schema\/person\/image\/","url":"https:\/\/secure.gravatar.com\/avatar\/049821681b589dabc0bc20695993ccebb09f5b5d4d790cd9251b97faac7c652b?s=96&d=blank&r=g","contentUrl":"https:\/\/secure.gravatar.com\/avatar\/049821681b589dabc0bc20695993ccebb09f5b5d4d790cd9251b97faac7c652b?s=96&d=blank&r=g","caption":"enequipo"},"sameAs":["https:\/\/www.facebook.com\/SonoraEE"]}]}},"jetpack_featured_media_url":"https:\/\/www.sonoraenequipo.com.mx\/storage\/2018\/12\/energiasolaryaeolica_opt.jpg","_links":{"self":[{"href":"https:\/\/www.sonoraenequipo.com.mx\/api\/wp\/v2\/posts\/86736","targetHints":{"allow":["GET"]}}],"collection":[{"href":"https:\/\/www.sonoraenequipo.com.mx\/api\/wp\/v2\/posts"}],"about":[{"href":"https:\/\/www.sonoraenequipo.com.mx\/api\/wp\/v2\/types\/post"}],"author":[{"embeddable":true,"href":"https:\/\/www.sonoraenequipo.com.mx\/api\/wp\/v2\/users\/1"}],"replies":[{"embeddable":true,"href":"https:\/\/www.sonoraenequipo.com.mx\/api\/wp\/v2\/comments?post=86736"}],"version-history":[{"count":0,"href":"https:\/\/www.sonoraenequipo.com.mx\/api\/wp\/v2\/posts\/86736\/revisions"}],"wp:featuredmedia":[{"embeddable":true,"href":"https:\/\/www.sonoraenequipo.com.mx\/api\/wp\/v2\/media\/50155"}],"wp:attachment":[{"href":"https:\/\/www.sonoraenequipo.com.mx\/api\/wp\/v2\/media?parent=86736"}],"wp:term":[{"taxonomy":"category","embeddable":true,"href":"https:\/\/www.sonoraenequipo.com.mx\/api\/wp\/v2\/categories?post=86736"},{"taxonomy":"post_tag","embeddable":true,"href":"https:\/\/www.sonoraenequipo.com.mx\/api\/wp\/v2\/tags?post=86736"}],"curies":[{"name":"wp","href":"https:\/\/api.w.org\/{rel}","templated":true}]}}