{"id":86741,"date":"2020-06-04T15:51:37","date_gmt":"2020-06-04T22:51:37","guid":{"rendered":"https:\/\/www.sonoraenequipo.com.mx\/?p=86741"},"modified":"2020-06-04T15:51:37","modified_gmt":"2020-06-04T22:51:37","slug":"fallece-familia-al-ser-impactada-por-conductor-ebrio-en-cajeme","status":"publish","type":"post","link":"https:\/\/www.sonoraenequipo.com.mx\/fallece-familia-al-ser-impactada-por-conductor-ebrio-en-cajeme\/","title":{"rendered":"Fallece familia\u00a0 al ser impactada por conductor ebrio en Cajeme"},"content":{"rendered":"<p>CAJEME, SONORA.MX.\u2500 Vinculado a proceso y la prisi\u00f3n preventiva justificada, dict\u00f3 el Juez contra una persona del sexo masculino por el delito de homicidio culposo agravado, con motivo del tr\u00e1nsito de veh\u00edculos en n\u00famero de cuatro, al conducir un veh\u00edculo en estado de ebriedad. <\/p>\n<p>&nbsp;<\/p>\n<p>En la Audiencia Inicial, personal de la Fiscal\u00eda General de Justicia del Estado de Sonora (FGJE) present\u00f3 los datos de pruebas, a trav\u00e9s del Agente del Ministerio P\u00fablico, en contra de Juan Carlos \u201cN.\u201d, que el Juez valid\u00f3 para dictar las medidas.<\/p>\n<p>&nbsp;<\/p>\n<p>Calific\u00f3 de legal la detenci\u00f3n de la persona, formul\u00f3 la imputaci\u00f3n, se vincul\u00f3 a proceso al detenido y como medida cautelar decret\u00f3 la prisi\u00f3n preventiva justificada, adem\u00e1s, otorg\u00f3 tres meses para el cierre de la investigaci\u00f3n.<\/p>\n<p>&nbsp;<\/p>\n<p>El delito de homicidio culposo agravado, con motivo del tr\u00e1nsito de veh\u00edculos en n\u00famero de cuatro, se cometi\u00f3 en agravi\u00f3 de una familia de Pueblo Yaqui, en Cajeme: Gregorio \u201cN.\u201d, de 41 a\u00f1os, Luz Elena \u201cN.\u201d, y dos personas menores de 7 y 5 a\u00f1os.<\/p>\n<p>&nbsp;<\/p>\n<p>Alrededor de las 20:00 horas del pasado 24 de mayo, se registr\u00f3 el percance en Calle 900 entre Bamb\u00fa y Canal Bajo, en el Valle del Yaqui, donde las v\u00edctimas se transportaban a bordo de una motocicleta.<\/p>\n<p>&nbsp;<\/p>\n<p>En el Informe Policial Homologado (IPH), realizada por agentes de Seguridad P\u00fablica Municipal de Cajeme, establecen que el imputado conduc\u00eda un veh\u00edculo pick up Isuzu, color blanco, modelo atrasado, quien impact\u00f3 a la moto.<\/p>\n<p>&nbsp;<\/p>\n<p>Los ocupantes salieron proyectados, fallecieron debido a las graves heridas. Elementos de la Polic\u00eda Municipal detuvieron en el lugar a Juan Carlos \u201cN.\u201d, a quien pusieron a disposici\u00f3n del personal de la Fiscal\u00eda de Justicia de Sonora.<\/p>\n<p>Fecha de Publicaci\u00f3n 04\/jun\/2020<\/p>\n","protected":false},"excerpt":{"rendered":"<p>CAJEME, SONORA.MX.\u2500 Vinculado a proceso y la prisi\u00f3n preventiva justificada, dict\u00f3 el Juez contra una&#8230;<\/p>\n","protected":false},"author":1,"featured_media":61823,"comment_status":"open","ping_status":"open","sticky":false,"template":"","format":"standard","meta":{"_monsterinsights_skip_tracking":false,"_monsterinsights_sitenote_active":false,"_monsterinsights_sitenote_note":"","_monsterinsights_sitenote_category":0,"footnotes":""},"categories":[4],"tags":[3128],"class_list":["post"],"yoast_head":" \n<title>Sonora en Equipo. Fallece familia\u00a0 al ser impactada por conductor ebrio en Cajeme Municipios<\/title>\n<meta name=\"description\" content=\"CAJEME, SONORA.MX.\u2500 Vinculado a proceso y la prisi\u00f3n preventiva justificada, dict\u00f3 el Juez contra una persona del sexo masculino por el delito de En Sonora en Equipo publicamos toda la informaci\u00f3n de Sonora, M\u00e9xico y el Mundo de manera oportuna y busca que la libertad de expresi\u00f3n sea real. Visita nuestro medio informativo publicado desde Hermosillo, Sonora. %\" \/>\n<meta name=\"robots\" content=\"index, follow, max-snippet:-1, max-image-preview:large, max-video-preview:-1\" \/>\n<link rel=\"canonical\" href=\"https:\/\/www.sonoraenequipo.com.mx\/fallece-familia-al-ser-impactada-por-conductor-ebrio-en-cajeme\/\" \/>\n<meta property=\"og:locale\" content=\"es_ES\" \/>\n<meta property=\"og:type\" content=\"article\" \/>\n<meta property=\"og:title\" content=\"Sonora en Equipo. Fallece familia\u00a0 al ser impactada por conductor ebrio en Cajeme Municipios\" \/>\n<meta property=\"og:description\" content=\"CAJEME, SONORA.MX.\u2500 Vinculado a proceso y la prisi\u00f3n preventiva justificada, dict\u00f3 el Juez contra una persona del sexo masculino por el delito de En Sonora en Equipo publicamos toda la informaci\u00f3n de Sonora, M\u00e9xico y el Mundo de manera oportuna y busca que la libertad de expresi\u00f3n sea real. Visita nuestro medio informativo publicado desde Hermosillo, Sonora. %\" \/>\n<meta property=\"og:url\" content=\"https:\/\/www.sonoraenequipo.com.mx\/fallece-familia-al-ser-impactada-por-conductor-ebrio-en-cajeme\/\" \/>\n<meta property=\"og:site_name\" content=\"Sonora en Equipo.\" \/>\n<meta property=\"article:publisher\" content=\"https:\/\/www.facebook.com\/SonoraEE\/\" \/>\n<meta property=\"article:author\" content=\"https:\/\/www.facebook.com\/SonoraEE\" \/>\n<meta property=\"article:published_time\" content=\"2020-06-04T22:51:37+00:00\" \/>\n<meta property=\"og:image\" content=\"https:\/\/www.sonoraenequipo.com.mx\/storage\/2019\/06\/amic-1.jpg\" \/>\n\t<meta property=\"og:image:width\" content=\"500\" \/>\n\t<meta property=\"og:image:height\" content=\"300\" \/>\n\t<meta property=\"og:image:type\" content=\"image\/jpeg\" \/>\n<meta name=\"author\" content=\"enequipo\" \/>\n<meta name=\"twitter:card\" content=\"summary_large_image\" \/>\n<meta name=\"twitter:creator\" content=\"@sonoraenequipo\" \/>\n<meta name=\"twitter:site\" content=\"@sonoraenequipo\" \/>\n<meta name=\"twitter:label1\" content=\"Escrito por\" \/>\n\t<meta name=\"twitter:data1\" content=\"enequipo\" \/>\n\t<meta name=\"twitter:label2\" content=\"Tiempo de lectura\" \/>\n\t<meta name=\"twitter:data2\" content=\"2 minutos\" \/>\n<script type=\"application\/ld+json\" class=\"yoast-schema-graph\">{\"@context\":\"https:\/\/schema.org\",\"@graph\":[{\"@type\":\"Article\",\"@id\":\"https:\/\/www.sonoraenequipo.com.mx\/fallece-familia-al-ser-impactada-por-conductor-ebrio-en-cajeme\/#article\",\"isPartOf\":{\"@id\":\"https:\/\/www.sonoraenequipo.com.mx\/fallece-familia-al-ser-impactada-por-conductor-ebrio-en-cajeme\/\"},\"author\":{\"name\":\"enequipo\",\"@id\":\"https:\/\/www.sonoraenequipo.com.mx\/#\/schema\/person\/50102df0fb23a8fa9e8effad8fa81386\"},\"headline\":\"Fallece familia\u00a0 al ser impactada por conductor ebrio en Cajeme\",\"datePublished\":\"2020-06-04T22:51:37+00:00\",\"mainEntityOfPage\":{\"@id\":\"https:\/\/www.sonoraenequipo.com.mx\/fallece-familia-al-ser-impactada-por-conductor-ebrio-en-cajeme\/\"},\"wordCount\":316,\"commentCount\":0,\"publisher\":{\"@id\":\"https:\/\/www.sonoraenequipo.com.mx\/#organization\"},\"image\":{\"@id\":\"https:\/\/www.sonoraenequipo.com.mx\/fallece-familia-al-ser-impactada-por-conductor-ebrio-en-cajeme\/#primaryimage\"},\"thumbnailUrl\":\"https:\/\/www.sonoraenequipo.com.mx\/storage\/2019\/06\/amic-1.jpg\",\"keywords\":[\"fgje\"],\"articleSection\":[\"Municipios\"],\"inLanguage\":\"es\",\"potentialAction\":[{\"@type\":\"CommentAction\",\"name\":\"Comment\",\"target\":[\"https:\/\/www.sonoraenequipo.com.mx\/fallece-familia-al-ser-impactada-por-conductor-ebrio-en-cajeme\/#respond\"]}]},{\"@type\":\"WebPage\",\"@id\":\"https:\/\/www.sonoraenequipo.com.mx\/fallece-familia-al-ser-impactada-por-conductor-ebrio-en-cajeme\/\",\"url\":\"https:\/\/www.sonoraenequipo.com.mx\/fallece-familia-al-ser-impactada-por-conductor-ebrio-en-cajeme\/\",\"name\":\"Sonora en Equipo. Fallece familia\u00a0 al ser impactada por conductor ebrio en Cajeme Municipios\",\"isPartOf\":{\"@id\":\"https:\/\/www.sonoraenequipo.com.mx\/#website\"},\"primaryImageOfPage\":{\"@id\":\"https:\/\/www.sonoraenequipo.com.mx\/fallece-familia-al-ser-impactada-por-conductor-ebrio-en-cajeme\/#primaryimage\"},\"image\":{\"@id\":\"https:\/\/www.sonoraenequipo.com.mx\/fallece-familia-al-ser-impactada-por-conductor-ebrio-en-cajeme\/#primaryimage\"},\"thumbnailUrl\":\"https:\/\/www.sonoraenequipo.com.mx\/storage\/2019\/06\/amic-1.jpg\",\"datePublished\":\"2020-06-04T22:51:37+00:00\",\"description\":\"CAJEME, SONORA.MX.\u2500 Vinculado a proceso y la prisi\u00f3n preventiva justificada, dict\u00f3 el Juez contra una persona del sexo masculino por el delito de En Sonora en Equipo publicamos toda la informaci\u00f3n de Sonora, M\u00e9xico y el Mundo de manera oportuna y busca que la libertad de expresi\u00f3n sea real. Visita nuestro medio informativo publicado desde Hermosillo, Sonora. %\",\"breadcrumb\":{\"@id\":\"https:\/\/www.sonoraenequipo.com.mx\/fallece-familia-al-ser-impactada-por-conductor-ebrio-en-cajeme\/#breadcrumb\"},\"inLanguage\":\"es\",\"potentialAction\":[{\"@type\":\"ReadAction\",\"target\":[\"https:\/\/www.sonoraenequipo.com.mx\/fallece-familia-al-ser-impactada-por-conductor-ebrio-en-cajeme\/\"]}]},{\"@type\":\"ImageObject\",\"inLanguage\":\"es\",\"@id\":\"https:\/\/www.sonoraenequipo.com.mx\/fallece-familia-al-ser-impactada-por-conductor-ebrio-en-cajeme\/#primaryimage\",\"url\":\"https:\/\/www.sonoraenequipo.com.mx\/storage\/2019\/06\/amic-1.jpg\",\"contentUrl\":\"https:\/\/www.sonoraenequipo.com.mx\/storage\/2019\/06\/amic-1.jpg\",\"width\":500,\"height\":300},{\"@type\":\"BreadcrumbList\",\"@id\":\"https:\/\/www.sonoraenequipo.com.mx\/fallece-familia-al-ser-impactada-por-conductor-ebrio-en-cajeme\/#breadcrumb\",\"itemListElement\":[{\"@type\":\"ListItem\",\"position\":1,\"name\":\"Portada\",\"item\":\"https:\/\/www.sonoraenequipo.com.mx\/\"},{\"@type\":\"ListItem\",\"position\":2,\"name\":\"Fallece familia\u00a0 al ser impactada por conductor ebrio en Cajeme\"}]},{\"@type\":\"WebSite\",\"@id\":\"https:\/\/www.sonoraenequipo.com.mx\/#website\",\"url\":\"https:\/\/www.sonoraenequipo.com.mx\/\",\"name\":\"Sonora en Equipo.\",\"description\":\"Diario en l\u00ednea con Noticias desde Hermosillo, Sonora\",\"publisher\":{\"@id\":\"https:\/\/www.sonoraenequipo.com.mx\/#organization\"},\"potentialAction\":[{\"@type\":\"SearchAction\",\"target\":{\"@type\":\"EntryPoint\",\"urlTemplate\":\"https:\/\/www.sonoraenequipo.com.mx\/?s={search_term_string}\"},\"query-input\":{\"@type\":\"PropertyValueSpecification\",\"valueRequired\":true,\"valueName\":\"search_term_string\"}}],\"inLanguage\":\"es\"},{\"@type\":\"Organization\",\"@id\":\"https:\/\/www.sonoraenequipo.com.mx\/#organization\",\"name\":\"Sonoraenequipo.com.mx\",\"url\":\"https:\/\/www.sonoraenequipo.com.mx\/\",\"logo\":{\"@type\":\"ImageObject\",\"inLanguage\":\"es\",\"@id\":\"https:\/\/www.sonoraenequipo.com.mx\/#\/schema\/logo\/image\/\",\"url\":\"https:\/\/www.sonoraenequipo.com.mx\/storage\/2019\/01\/sonoraenequipo_opt.png\",\"contentUrl\":\"https:\/\/www.sonoraenequipo.com.mx\/storage\/2019\/01\/sonoraenequipo_opt.png\",\"width\":375,\"height\":125,\"caption\":\"Sonoraenequipo.com.mx\"},\"image\":{\"@id\":\"https:\/\/www.sonoraenequipo.com.mx\/#\/schema\/logo\/image\/\"},\"sameAs\":[\"https:\/\/www.facebook.com\/SonoraEE\/\",\"https:\/\/x.com\/sonoraenequipo\",\"https:\/\/www.youtube.com\/channel\/UC338nW-lPEYmJQs4ZABQ1SQ\"]},{\"@type\":\"Person\",\"@id\":\"https:\/\/www.sonoraenequipo.com.mx\/#\/schema\/person\/50102df0fb23a8fa9e8effad8fa81386\",\"name\":\"enequipo\",\"image\":{\"@type\":\"ImageObject\",\"inLanguage\":\"es\",\"@id\":\"https:\/\/www.sonoraenequipo.com.mx\/#\/schema\/person\/image\/\",\"url\":\"https:\/\/secure.gravatar.com\/avatar\/049821681b589dabc0bc20695993ccebb09f5b5d4d790cd9251b97faac7c652b?s=96&d=blank&r=g\",\"contentUrl\":\"https:\/\/secure.gravatar.com\/avatar\/049821681b589dabc0bc20695993ccebb09f5b5d4d790cd9251b97faac7c652b?s=96&d=blank&r=g\",\"caption\":\"enequipo\"},\"sameAs\":[\"https:\/\/www.facebook.com\/SonoraEE\"]}]}<\/script>\n ","yoast_head_json":{"title":"Sonora en Equipo. Fallece familia\u00a0 al ser impactada por conductor ebrio en Cajeme Municipios","description":"CAJEME, SONORA.MX.\u2500 Vinculado a proceso y la prisi\u00f3n preventiva justificada, dict\u00f3 el Juez contra una persona del sexo masculino por el delito de En Sonora en Equipo publicamos toda la informaci\u00f3n de Sonora, M\u00e9xico y el Mundo de manera oportuna y busca que la libertad de expresi\u00f3n sea real. Visita nuestro medio informativo publicado desde Hermosillo, Sonora. %","robots":{"index":"index","follow":"follow","max-snippet":"max-snippet:-1","max-image-preview":"max-image-preview:large","max-video-preview":"max-video-preview:-1"},"canonical":"https:\/\/www.sonoraenequipo.com.mx\/fallece-familia-al-ser-impactada-por-conductor-ebrio-en-cajeme\/","og_locale":"es_ES","og_type":"article","og_title":"Sonora en Equipo. Fallece familia\u00a0 al ser impactada por conductor ebrio en Cajeme Municipios","og_description":"CAJEME, SONORA.MX.\u2500 Vinculado a proceso y la prisi\u00f3n preventiva justificada, dict\u00f3 el Juez contra una persona del sexo masculino por el delito de En Sonora en Equipo publicamos toda la informaci\u00f3n de Sonora, M\u00e9xico y el Mundo de manera oportuna y busca que la libertad de expresi\u00f3n sea real. Visita nuestro medio informativo publicado desde Hermosillo, Sonora. %","og_url":"https:\/\/www.sonoraenequipo.com.mx\/fallece-familia-al-ser-impactada-por-conductor-ebrio-en-cajeme\/","og_site_name":"Sonora en Equipo.","article_publisher":"https:\/\/www.facebook.com\/SonoraEE\/","article_author":"https:\/\/www.facebook.com\/SonoraEE","article_published_time":"2020-06-04T22:51:37+00:00","og_image":[{"width":500,"height":300,"url":"https:\/\/www.sonoraenequipo.com.mx\/storage\/2019\/06\/amic-1.jpg","type":"image\/jpeg"}],"author":"enequipo","twitter_card":"summary_large_image","twitter_creator":"@sonoraenequipo","twitter_site":"@sonoraenequipo","twitter_misc":{"Escrito por":"enequipo","Tiempo de lectura":"2 minutos"},"schema":{"@context":"https:\/\/schema.org","@graph":[{"@type":"Article","@id":"https:\/\/www.sonoraenequipo.com.mx\/fallece-familia-al-ser-impactada-por-conductor-ebrio-en-cajeme\/#article","isPartOf":{"@id":"https:\/\/www.sonoraenequipo.com.mx\/fallece-familia-al-ser-impactada-por-conductor-ebrio-en-cajeme\/"},"author":{"name":"enequipo","@id":"https:\/\/www.sonoraenequipo.com.mx\/#\/schema\/person\/50102df0fb23a8fa9e8effad8fa81386"},"headline":"Fallece familia\u00a0 al ser impactada por conductor ebrio en Cajeme","datePublished":"2020-06-04T22:51:37+00:00","mainEntityOfPage":{"@id":"https:\/\/www.sonoraenequipo.com.mx\/fallece-familia-al-ser-impactada-por-conductor-ebrio-en-cajeme\/"},"wordCount":316,"commentCount":0,"publisher":{"@id":"https:\/\/www.sonoraenequipo.com.mx\/#organization"},"image":{"@id":"https:\/\/www.sonoraenequipo.com.mx\/fallece-familia-al-ser-impactada-por-conductor-ebrio-en-cajeme\/#primaryimage"},"thumbnailUrl":"https:\/\/www.sonoraenequipo.com.mx\/storage\/2019\/06\/amic-1.jpg","keywords":["fgje"],"articleSection":["Municipios"],"inLanguage":"es","potentialAction":[{"@type":"CommentAction","name":"Comment","target":["https:\/\/www.sonoraenequipo.com.mx\/fallece-familia-al-ser-impactada-por-conductor-ebrio-en-cajeme\/#respond"]}]},{"@type":"WebPage","@id":"https:\/\/www.sonoraenequipo.com.mx\/fallece-familia-al-ser-impactada-por-conductor-ebrio-en-cajeme\/","url":"https:\/\/www.sonoraenequipo.com.mx\/fallece-familia-al-ser-impactada-por-conductor-ebrio-en-cajeme\/","name":"Sonora en Equipo. Fallece familia\u00a0 al ser impactada por conductor ebrio en Cajeme Municipios","isPartOf":{"@id":"https:\/\/www.sonoraenequipo.com.mx\/#website"},"primaryImageOfPage":{"@id":"https:\/\/www.sonoraenequipo.com.mx\/fallece-familia-al-ser-impactada-por-conductor-ebrio-en-cajeme\/#primaryimage"},"image":{"@id":"https:\/\/www.sonoraenequipo.com.mx\/fallece-familia-al-ser-impactada-por-conductor-ebrio-en-cajeme\/#primaryimage"},"thumbnailUrl":"https:\/\/www.sonoraenequipo.com.mx\/storage\/2019\/06\/amic-1.jpg","datePublished":"2020-06-04T22:51:37+00:00","description":"CAJEME, SONORA.MX.\u2500 Vinculado a proceso y la prisi\u00f3n preventiva justificada, dict\u00f3 el Juez contra una persona del sexo masculino por el delito de En Sonora en Equipo publicamos toda la informaci\u00f3n de Sonora, M\u00e9xico y el Mundo de manera oportuna y busca que la libertad de expresi\u00f3n sea real. Visita nuestro medio informativo publicado desde Hermosillo, Sonora. %","breadcrumb":{"@id":"https:\/\/www.sonoraenequipo.com.mx\/fallece-familia-al-ser-impactada-por-conductor-ebrio-en-cajeme\/#breadcrumb"},"inLanguage":"es","potentialAction":[{"@type":"ReadAction","target":["https:\/\/www.sonoraenequipo.com.mx\/fallece-familia-al-ser-impactada-por-conductor-ebrio-en-cajeme\/"]}]},{"@type":"ImageObject","inLanguage":"es","@id":"https:\/\/www.sonoraenequipo.com.mx\/fallece-familia-al-ser-impactada-por-conductor-ebrio-en-cajeme\/#primaryimage","url":"https:\/\/www.sonoraenequipo.com.mx\/storage\/2019\/06\/amic-1.jpg","contentUrl":"https:\/\/www.sonoraenequipo.com.mx\/storage\/2019\/06\/amic-1.jpg","width":500,"height":300},{"@type":"BreadcrumbList","@id":"https:\/\/www.sonoraenequipo.com.mx\/fallece-familia-al-ser-impactada-por-conductor-ebrio-en-cajeme\/#breadcrumb","itemListElement":[{"@type":"ListItem","position":1,"name":"Portada","item":"https:\/\/www.sonoraenequipo.com.mx\/"},{"@type":"ListItem","position":2,"name":"Fallece familia\u00a0 al ser impactada por conductor ebrio en Cajeme"}]},{"@type":"WebSite","@id":"https:\/\/www.sonoraenequipo.com.mx\/#website","url":"https:\/\/www.sonoraenequipo.com.mx\/","name":"Sonora en Equipo.","description":"Diario en l\u00ednea con Noticias desde Hermosillo, Sonora","publisher":{"@id":"https:\/\/www.sonoraenequipo.com.mx\/#organization"},"potentialAction":[{"@type":"SearchAction","target":{"@type":"EntryPoint","urlTemplate":"https:\/\/www.sonoraenequipo.com.mx\/?s={search_term_string}"},"query-input":{"@type":"PropertyValueSpecification","valueRequired":true,"valueName":"search_term_string"}}],"inLanguage":"es"},{"@type":"Organization","@id":"https:\/\/www.sonoraenequipo.com.mx\/#organization","name":"Sonoraenequipo.com.mx","url":"https:\/\/www.sonoraenequipo.com.mx\/","logo":{"@type":"ImageObject","inLanguage":"es","@id":"https:\/\/www.sonoraenequipo.com.mx\/#\/schema\/logo\/image\/","url":"https:\/\/www.sonoraenequipo.com.mx\/storage\/2019\/01\/sonoraenequipo_opt.png","contentUrl":"https:\/\/www.sonoraenequipo.com.mx\/storage\/2019\/01\/sonoraenequipo_opt.png","width":375,"height":125,"caption":"Sonoraenequipo.com.mx"},"image":{"@id":"https:\/\/www.sonoraenequipo.com.mx\/#\/schema\/logo\/image\/"},"sameAs":["https:\/\/www.facebook.com\/SonoraEE\/","https:\/\/x.com\/sonoraenequipo","https:\/\/www.youtube.com\/channel\/UC338nW-lPEYmJQs4ZABQ1SQ"]},{"@type":"Person","@id":"https:\/\/www.sonoraenequipo.com.mx\/#\/schema\/person\/50102df0fb23a8fa9e8effad8fa81386","name":"enequipo","image":{"@type":"ImageObject","inLanguage":"es","@id":"https:\/\/www.sonoraenequipo.com.mx\/#\/schema\/person\/image\/","url":"https:\/\/secure.gravatar.com\/avatar\/049821681b589dabc0bc20695993ccebb09f5b5d4d790cd9251b97faac7c652b?s=96&d=blank&r=g","contentUrl":"https:\/\/secure.gravatar.com\/avatar\/049821681b589dabc0bc20695993ccebb09f5b5d4d790cd9251b97faac7c652b?s=96&d=blank&r=g","caption":"enequipo"},"sameAs":["https:\/\/www.facebook.com\/SonoraEE"]}]}},"jetpack_featured_media_url":"https:\/\/www.sonoraenequipo.com.mx\/storage\/2019\/06\/amic-1.jpg","_links":{"self":[{"href":"https:\/\/www.sonoraenequipo.com.mx\/api\/wp\/v2\/posts\/86741","targetHints":{"allow":["GET"]}}],"collection":[{"href":"https:\/\/www.sonoraenequipo.com.mx\/api\/wp\/v2\/posts"}],"about":[{"href":"https:\/\/www.sonoraenequipo.com.mx\/api\/wp\/v2\/types\/post"}],"author":[{"embeddable":true,"href":"https:\/\/www.sonoraenequipo.com.mx\/api\/wp\/v2\/users\/1"}],"replies":[{"embeddable":true,"href":"https:\/\/www.sonoraenequipo.com.mx\/api\/wp\/v2\/comments?post=86741"}],"version-history":[{"count":0,"href":"https:\/\/www.sonoraenequipo.com.mx\/api\/wp\/v2\/posts\/86741\/revisions"}],"wp:featuredmedia":[{"embeddable":true,"href":"https:\/\/www.sonoraenequipo.com.mx\/api\/wp\/v2\/media\/61823"}],"wp:attachment":[{"href":"https:\/\/www.sonoraenequipo.com.mx\/api\/wp\/v2\/media?parent=86741"}],"wp:term":[{"taxonomy":"category","embeddable":true,"href":"https:\/\/www.sonoraenequipo.com.mx\/api\/wp\/v2\/categories?post=86741"},{"taxonomy":"post_tag","embeddable":true,"href":"https:\/\/www.sonoraenequipo.com.mx\/api\/wp\/v2\/tags?post=86741"}],"curies":[{"name":"wp","href":"https:\/\/api.w.org\/{rel}","templated":true}]}}