{"id":86776,"date":"2020-06-04T14:00:12","date_gmt":"2020-06-04T21:00:12","guid":{"rendered":"https:\/\/www.sonoraenequipo.com.mx\/?p=86776"},"modified":"2020-06-04T21:22:56","modified_gmt":"2020-06-05T04:22:56","slug":"envian-a-juicio-en-argentina-a-la-viuda-e-hijo-de-pablo-escobar-y-al-chicho-serna","status":"publish","type":"post","link":"https:\/\/www.sonoraenequipo.com.mx\/envian-a-juicio-en-argentina-a-la-viuda-e-hijo-de-pablo-escobar-y-al-chicho-serna\/","title":{"rendered":"Env\u00edan a juicio en Argentina a la viuda e hijo de Pablo Escobar y al Chicho Serna"},"content":{"rendered":"<p>BUENOS AIRES, ARGENTINA. \u2014 Un juez argentino envi\u00f3 a juicio a la viuda y al hijo del fallecido narcotraficante colombiano Pablo Escobar Gaviria y al exfutbolista colombiano Mauricio \u00abChicho\u00bb Serna en una causa en la que se investigan millonarias maniobras de lavado de activos provenientes del tr\u00e1fico de drogas internacional.<\/p>\n<p>&nbsp;<\/p>\n<p>&nbsp;<\/p>\n<p> <\/p>\n<p>&nbsp;<\/p>\n<p>&nbsp;<\/p>\n<p>Seg\u00fan informaron este jueves fuentes del Ministerio P\u00fablico Fiscal, Mar\u00eda Isabel Santos Caballero, Juan Sebasti\u00e1n Marroqu\u00edn y el exjugador de la selecci\u00f3n colombiana y de clubes como Boca Juniors son tres de los nueve imputados que se sentar\u00e1n en el banquillo, tal y como dispuso el Juzgado Federal 3 de la ciudad bonaerense de Mor\u00f3n, dirigido por el magistrado N\u00e9stor Barral.<\/p>\n<p>&nbsp;<\/p>\n<p>(PUBLICADO EL 04\/06\/2020)<\/p>\n","protected":false},"excerpt":{"rendered":"<p>BUENOS AIRES, ARGENTINA. \u2014 Un juez argentino envi\u00f3 a juicio a la viuda y al&#8230;<\/p>\n","protected":false},"author":1,"featured_media":86777,"comment_status":"open","ping_status":"open","sticky":false,"template":"","format":"standard","meta":{"_monsterinsights_skip_tracking":false,"_monsterinsights_sitenote_active":false,"_monsterinsights_sitenote_note":"","_monsterinsights_sitenote_category":0,"footnotes":""},"categories":[3],"tags":[],"class_list":["post"],"yoast_head":" \n<title>Sonora en Equipo. Env\u00edan a juicio en Argentina a la viuda e hijo de Pablo Escobar y al Chicho Serna MUNDO<\/title>\n<meta name=\"description\" content=\"BUENOS AIRES, ARGENTINA. \u2014 Un juez argentino envi\u00f3 a juicio a la viuda y al hijo del fallecido narcotraficante colombiano Pablo Escobar Gaviria y al En Sonora en Equipo publicamos toda la informaci\u00f3n de Sonora, M\u00e9xico y el Mundo de manera oportuna y busca que la libertad de expresi\u00f3n sea real. Visita nuestro medio informativo publicado desde Hermosillo, Sonora. %\" \/>\n<meta name=\"robots\" content=\"index, follow, max-snippet:-1, max-image-preview:large, max-video-preview:-1\" \/>\n<link rel=\"canonical\" href=\"https:\/\/www.sonoraenequipo.com.mx\/envian-a-juicio-en-argentina-a-la-viuda-e-hijo-de-pablo-escobar-y-al-chicho-serna\/\" \/>\n<meta property=\"og:locale\" content=\"es_ES\" \/>\n<meta property=\"og:type\" content=\"article\" \/>\n<meta property=\"og:title\" content=\"Sonora en Equipo. Env\u00edan a juicio en Argentina a la viuda e hijo de Pablo Escobar y al Chicho Serna MUNDO\" \/>\n<meta property=\"og:description\" content=\"BUENOS AIRES, ARGENTINA. \u2014 Un juez argentino envi\u00f3 a juicio a la viuda y al hijo del fallecido narcotraficante colombiano Pablo Escobar Gaviria y al En Sonora en Equipo publicamos toda la informaci\u00f3n de Sonora, M\u00e9xico y el Mundo de manera oportuna y busca que la libertad de expresi\u00f3n sea real. Visita nuestro medio informativo publicado desde Hermosillo, Sonora. %\" \/>\n<meta property=\"og:url\" content=\"https:\/\/www.sonoraenequipo.com.mx\/envian-a-juicio-en-argentina-a-la-viuda-e-hijo-de-pablo-escobar-y-al-chicho-serna\/\" \/>\n<meta property=\"og:site_name\" content=\"Sonora en Equipo.\" \/>\n<meta property=\"article:publisher\" content=\"https:\/\/www.facebook.com\/SonoraEE\/\" \/>\n<meta property=\"article:author\" content=\"https:\/\/www.facebook.com\/SonoraEE\" \/>\n<meta property=\"article:published_time\" content=\"2020-06-04T21:00:12+00:00\" \/>\n<meta property=\"article:modified_time\" content=\"2020-06-05T04:22:56+00:00\" \/>\n<meta property=\"og:image\" content=\"https:\/\/www.sonoraenequipo.com.mx\/storage\/2020\/06\/Viuda-e-hijo-de-pablo-escobar_opt.jpg\" \/>\n\t<meta property=\"og:image:width\" content=\"615\" \/>\n\t<meta property=\"og:image:height\" content=\"400\" \/>\n\t<meta property=\"og:image:type\" content=\"image\/jpeg\" \/>\n<meta name=\"author\" content=\"enequipo\" \/>\n<meta name=\"twitter:card\" content=\"summary_large_image\" \/>\n<meta name=\"twitter:creator\" content=\"@sonoraenequipo\" \/>\n<meta name=\"twitter:site\" content=\"@sonoraenequipo\" \/>\n<meta name=\"twitter:label1\" content=\"Escrito por\" \/>\n\t<meta name=\"twitter:data1\" content=\"enequipo\" \/>\n\t<meta name=\"twitter:label2\" content=\"Tiempo de lectura\" \/>\n\t<meta name=\"twitter:data2\" content=\"1 minuto\" \/>\n<script type=\"application\/ld+json\" class=\"yoast-schema-graph\">{\"@context\":\"https:\/\/schema.org\",\"@graph\":[{\"@type\":\"Article\",\"@id\":\"https:\/\/www.sonoraenequipo.com.mx\/envian-a-juicio-en-argentina-a-la-viuda-e-hijo-de-pablo-escobar-y-al-chicho-serna\/#article\",\"isPartOf\":{\"@id\":\"https:\/\/www.sonoraenequipo.com.mx\/envian-a-juicio-en-argentina-a-la-viuda-e-hijo-de-pablo-escobar-y-al-chicho-serna\/\"},\"author\":{\"name\":\"enequipo\",\"@id\":\"https:\/\/www.sonoraenequipo.com.mx\/#\/schema\/person\/50102df0fb23a8fa9e8effad8fa81386\"},\"headline\":\"Env\u00edan a juicio en Argentina a la viuda e hijo de Pablo Escobar y al Chicho Serna\",\"datePublished\":\"2020-06-04T21:00:12+00:00\",\"dateModified\":\"2020-06-05T04:22:56+00:00\",\"mainEntityOfPage\":{\"@id\":\"https:\/\/www.sonoraenequipo.com.mx\/envian-a-juicio-en-argentina-a-la-viuda-e-hijo-de-pablo-escobar-y-al-chicho-serna\/\"},\"wordCount\":144,\"commentCount\":0,\"publisher\":{\"@id\":\"https:\/\/www.sonoraenequipo.com.mx\/#organization\"},\"image\":{\"@id\":\"https:\/\/www.sonoraenequipo.com.mx\/envian-a-juicio-en-argentina-a-la-viuda-e-hijo-de-pablo-escobar-y-al-chicho-serna\/#primaryimage\"},\"thumbnailUrl\":\"https:\/\/www.sonoraenequipo.com.mx\/storage\/2020\/06\/Viuda-e-hijo-de-pablo-escobar_opt.jpg\",\"articleSection\":[\"MUNDO\"],\"inLanguage\":\"es\",\"potentialAction\":[{\"@type\":\"CommentAction\",\"name\":\"Comment\",\"target\":[\"https:\/\/www.sonoraenequipo.com.mx\/envian-a-juicio-en-argentina-a-la-viuda-e-hijo-de-pablo-escobar-y-al-chicho-serna\/#respond\"]}]},{\"@type\":\"WebPage\",\"@id\":\"https:\/\/www.sonoraenequipo.com.mx\/envian-a-juicio-en-argentina-a-la-viuda-e-hijo-de-pablo-escobar-y-al-chicho-serna\/\",\"url\":\"https:\/\/www.sonoraenequipo.com.mx\/envian-a-juicio-en-argentina-a-la-viuda-e-hijo-de-pablo-escobar-y-al-chicho-serna\/\",\"name\":\"Sonora en Equipo. Env\u00edan a juicio en Argentina a la viuda e hijo de Pablo Escobar y al Chicho Serna MUNDO\",\"isPartOf\":{\"@id\":\"https:\/\/www.sonoraenequipo.com.mx\/#website\"},\"primaryImageOfPage\":{\"@id\":\"https:\/\/www.sonoraenequipo.com.mx\/envian-a-juicio-en-argentina-a-la-viuda-e-hijo-de-pablo-escobar-y-al-chicho-serna\/#primaryimage\"},\"image\":{\"@id\":\"https:\/\/www.sonoraenequipo.com.mx\/envian-a-juicio-en-argentina-a-la-viuda-e-hijo-de-pablo-escobar-y-al-chicho-serna\/#primaryimage\"},\"thumbnailUrl\":\"https:\/\/www.sonoraenequipo.com.mx\/storage\/2020\/06\/Viuda-e-hijo-de-pablo-escobar_opt.jpg\",\"datePublished\":\"2020-06-04T21:00:12+00:00\",\"dateModified\":\"2020-06-05T04:22:56+00:00\",\"description\":\"BUENOS AIRES, ARGENTINA. \u2014 Un juez argentino envi\u00f3 a juicio a la viuda y al hijo del fallecido narcotraficante colombiano Pablo Escobar Gaviria y al En Sonora en Equipo publicamos toda la informaci\u00f3n de Sonora, M\u00e9xico y el Mundo de manera oportuna y busca que la libertad de expresi\u00f3n sea real. Visita nuestro medio informativo publicado desde Hermosillo, Sonora. %\",\"breadcrumb\":{\"@id\":\"https:\/\/www.sonoraenequipo.com.mx\/envian-a-juicio-en-argentina-a-la-viuda-e-hijo-de-pablo-escobar-y-al-chicho-serna\/#breadcrumb\"},\"inLanguage\":\"es\",\"potentialAction\":[{\"@type\":\"ReadAction\",\"target\":[\"https:\/\/www.sonoraenequipo.com.mx\/envian-a-juicio-en-argentina-a-la-viuda-e-hijo-de-pablo-escobar-y-al-chicho-serna\/\"]}]},{\"@type\":\"ImageObject\",\"inLanguage\":\"es\",\"@id\":\"https:\/\/www.sonoraenequipo.com.mx\/envian-a-juicio-en-argentina-a-la-viuda-e-hijo-de-pablo-escobar-y-al-chicho-serna\/#primaryimage\",\"url\":\"https:\/\/www.sonoraenequipo.com.mx\/storage\/2020\/06\/Viuda-e-hijo-de-pablo-escobar_opt.jpg\",\"contentUrl\":\"https:\/\/www.sonoraenequipo.com.mx\/storage\/2020\/06\/Viuda-e-hijo-de-pablo-escobar_opt.jpg\",\"width\":615,\"height\":400},{\"@type\":\"BreadcrumbList\",\"@id\":\"https:\/\/www.sonoraenequipo.com.mx\/envian-a-juicio-en-argentina-a-la-viuda-e-hijo-de-pablo-escobar-y-al-chicho-serna\/#breadcrumb\",\"itemListElement\":[{\"@type\":\"ListItem\",\"position\":1,\"name\":\"Portada\",\"item\":\"https:\/\/www.sonoraenequipo.com.mx\/\"},{\"@type\":\"ListItem\",\"position\":2,\"name\":\"Env\u00edan a juicio en Argentina a la viuda e hijo de Pablo Escobar y al Chicho Serna\"}]},{\"@type\":\"WebSite\",\"@id\":\"https:\/\/www.sonoraenequipo.com.mx\/#website\",\"url\":\"https:\/\/www.sonoraenequipo.com.mx\/\",\"name\":\"Sonora en Equipo.\",\"description\":\"Diario en l\u00ednea con Noticias desde Hermosillo, Sonora\",\"publisher\":{\"@id\":\"https:\/\/www.sonoraenequipo.com.mx\/#organization\"},\"potentialAction\":[{\"@type\":\"SearchAction\",\"target\":{\"@type\":\"EntryPoint\",\"urlTemplate\":\"https:\/\/www.sonoraenequipo.com.mx\/?s={search_term_string}\"},\"query-input\":{\"@type\":\"PropertyValueSpecification\",\"valueRequired\":true,\"valueName\":\"search_term_string\"}}],\"inLanguage\":\"es\"},{\"@type\":\"Organization\",\"@id\":\"https:\/\/www.sonoraenequipo.com.mx\/#organization\",\"name\":\"Sonoraenequipo.com.mx\",\"url\":\"https:\/\/www.sonoraenequipo.com.mx\/\",\"logo\":{\"@type\":\"ImageObject\",\"inLanguage\":\"es\",\"@id\":\"https:\/\/www.sonoraenequipo.com.mx\/#\/schema\/logo\/image\/\",\"url\":\"https:\/\/www.sonoraenequipo.com.mx\/storage\/2019\/01\/sonoraenequipo_opt.png\",\"contentUrl\":\"https:\/\/www.sonoraenequipo.com.mx\/storage\/2019\/01\/sonoraenequipo_opt.png\",\"width\":375,\"height\":125,\"caption\":\"Sonoraenequipo.com.mx\"},\"image\":{\"@id\":\"https:\/\/www.sonoraenequipo.com.mx\/#\/schema\/logo\/image\/\"},\"sameAs\":[\"https:\/\/www.facebook.com\/SonoraEE\/\",\"https:\/\/x.com\/sonoraenequipo\",\"https:\/\/www.youtube.com\/channel\/UC338nW-lPEYmJQs4ZABQ1SQ\"]},{\"@type\":\"Person\",\"@id\":\"https:\/\/www.sonoraenequipo.com.mx\/#\/schema\/person\/50102df0fb23a8fa9e8effad8fa81386\",\"name\":\"enequipo\",\"image\":{\"@type\":\"ImageObject\",\"inLanguage\":\"es\",\"@id\":\"https:\/\/www.sonoraenequipo.com.mx\/#\/schema\/person\/image\/\",\"url\":\"https:\/\/secure.gravatar.com\/avatar\/049821681b589dabc0bc20695993ccebb09f5b5d4d790cd9251b97faac7c652b?s=96&d=blank&r=g\",\"contentUrl\":\"https:\/\/secure.gravatar.com\/avatar\/049821681b589dabc0bc20695993ccebb09f5b5d4d790cd9251b97faac7c652b?s=96&d=blank&r=g\",\"caption\":\"enequipo\"},\"sameAs\":[\"https:\/\/www.facebook.com\/SonoraEE\"]}]}<\/script>\n ","yoast_head_json":{"title":"Sonora en Equipo. Env\u00edan a juicio en Argentina a la viuda e hijo de Pablo Escobar y al Chicho Serna MUNDO","description":"BUENOS AIRES, ARGENTINA. \u2014 Un juez argentino envi\u00f3 a juicio a la viuda y al hijo del fallecido narcotraficante colombiano Pablo Escobar Gaviria y al En Sonora en Equipo publicamos toda la informaci\u00f3n de Sonora, M\u00e9xico y el Mundo de manera oportuna y busca que la libertad de expresi\u00f3n sea real. Visita nuestro medio informativo publicado desde Hermosillo, Sonora. %","robots":{"index":"index","follow":"follow","max-snippet":"max-snippet:-1","max-image-preview":"max-image-preview:large","max-video-preview":"max-video-preview:-1"},"canonical":"https:\/\/www.sonoraenequipo.com.mx\/envian-a-juicio-en-argentina-a-la-viuda-e-hijo-de-pablo-escobar-y-al-chicho-serna\/","og_locale":"es_ES","og_type":"article","og_title":"Sonora en Equipo. Env\u00edan a juicio en Argentina a la viuda e hijo de Pablo Escobar y al Chicho Serna MUNDO","og_description":"BUENOS AIRES, ARGENTINA. \u2014 Un juez argentino envi\u00f3 a juicio a la viuda y al hijo del fallecido narcotraficante colombiano Pablo Escobar Gaviria y al En Sonora en Equipo publicamos toda la informaci\u00f3n de Sonora, M\u00e9xico y el Mundo de manera oportuna y busca que la libertad de expresi\u00f3n sea real. Visita nuestro medio informativo publicado desde Hermosillo, Sonora. %","og_url":"https:\/\/www.sonoraenequipo.com.mx\/envian-a-juicio-en-argentina-a-la-viuda-e-hijo-de-pablo-escobar-y-al-chicho-serna\/","og_site_name":"Sonora en Equipo.","article_publisher":"https:\/\/www.facebook.com\/SonoraEE\/","article_author":"https:\/\/www.facebook.com\/SonoraEE","article_published_time":"2020-06-04T21:00:12+00:00","article_modified_time":"2020-06-05T04:22:56+00:00","og_image":[{"width":615,"height":400,"url":"https:\/\/www.sonoraenequipo.com.mx\/storage\/2020\/06\/Viuda-e-hijo-de-pablo-escobar_opt.jpg","type":"image\/jpeg"}],"author":"enequipo","twitter_card":"summary_large_image","twitter_creator":"@sonoraenequipo","twitter_site":"@sonoraenequipo","twitter_misc":{"Escrito por":"enequipo","Tiempo de lectura":"1 minuto"},"schema":{"@context":"https:\/\/schema.org","@graph":[{"@type":"Article","@id":"https:\/\/www.sonoraenequipo.com.mx\/envian-a-juicio-en-argentina-a-la-viuda-e-hijo-de-pablo-escobar-y-al-chicho-serna\/#article","isPartOf":{"@id":"https:\/\/www.sonoraenequipo.com.mx\/envian-a-juicio-en-argentina-a-la-viuda-e-hijo-de-pablo-escobar-y-al-chicho-serna\/"},"author":{"name":"enequipo","@id":"https:\/\/www.sonoraenequipo.com.mx\/#\/schema\/person\/50102df0fb23a8fa9e8effad8fa81386"},"headline":"Env\u00edan a juicio en Argentina a la viuda e hijo de Pablo Escobar y al Chicho Serna","datePublished":"2020-06-04T21:00:12+00:00","dateModified":"2020-06-05T04:22:56+00:00","mainEntityOfPage":{"@id":"https:\/\/www.sonoraenequipo.com.mx\/envian-a-juicio-en-argentina-a-la-viuda-e-hijo-de-pablo-escobar-y-al-chicho-serna\/"},"wordCount":144,"commentCount":0,"publisher":{"@id":"https:\/\/www.sonoraenequipo.com.mx\/#organization"},"image":{"@id":"https:\/\/www.sonoraenequipo.com.mx\/envian-a-juicio-en-argentina-a-la-viuda-e-hijo-de-pablo-escobar-y-al-chicho-serna\/#primaryimage"},"thumbnailUrl":"https:\/\/www.sonoraenequipo.com.mx\/storage\/2020\/06\/Viuda-e-hijo-de-pablo-escobar_opt.jpg","articleSection":["MUNDO"],"inLanguage":"es","potentialAction":[{"@type":"CommentAction","name":"Comment","target":["https:\/\/www.sonoraenequipo.com.mx\/envian-a-juicio-en-argentina-a-la-viuda-e-hijo-de-pablo-escobar-y-al-chicho-serna\/#respond"]}]},{"@type":"WebPage","@id":"https:\/\/www.sonoraenequipo.com.mx\/envian-a-juicio-en-argentina-a-la-viuda-e-hijo-de-pablo-escobar-y-al-chicho-serna\/","url":"https:\/\/www.sonoraenequipo.com.mx\/envian-a-juicio-en-argentina-a-la-viuda-e-hijo-de-pablo-escobar-y-al-chicho-serna\/","name":"Sonora en Equipo. Env\u00edan a juicio en Argentina a la viuda e hijo de Pablo Escobar y al Chicho Serna MUNDO","isPartOf":{"@id":"https:\/\/www.sonoraenequipo.com.mx\/#website"},"primaryImageOfPage":{"@id":"https:\/\/www.sonoraenequipo.com.mx\/envian-a-juicio-en-argentina-a-la-viuda-e-hijo-de-pablo-escobar-y-al-chicho-serna\/#primaryimage"},"image":{"@id":"https:\/\/www.sonoraenequipo.com.mx\/envian-a-juicio-en-argentina-a-la-viuda-e-hijo-de-pablo-escobar-y-al-chicho-serna\/#primaryimage"},"thumbnailUrl":"https:\/\/www.sonoraenequipo.com.mx\/storage\/2020\/06\/Viuda-e-hijo-de-pablo-escobar_opt.jpg","datePublished":"2020-06-04T21:00:12+00:00","dateModified":"2020-06-05T04:22:56+00:00","description":"BUENOS AIRES, ARGENTINA. \u2014 Un juez argentino envi\u00f3 a juicio a la viuda y al hijo del fallecido narcotraficante colombiano Pablo Escobar Gaviria y al En Sonora en Equipo publicamos toda la informaci\u00f3n de Sonora, M\u00e9xico y el Mundo de manera oportuna y busca que la libertad de expresi\u00f3n sea real. Visita nuestro medio informativo publicado desde Hermosillo, Sonora. %","breadcrumb":{"@id":"https:\/\/www.sonoraenequipo.com.mx\/envian-a-juicio-en-argentina-a-la-viuda-e-hijo-de-pablo-escobar-y-al-chicho-serna\/#breadcrumb"},"inLanguage":"es","potentialAction":[{"@type":"ReadAction","target":["https:\/\/www.sonoraenequipo.com.mx\/envian-a-juicio-en-argentina-a-la-viuda-e-hijo-de-pablo-escobar-y-al-chicho-serna\/"]}]},{"@type":"ImageObject","inLanguage":"es","@id":"https:\/\/www.sonoraenequipo.com.mx\/envian-a-juicio-en-argentina-a-la-viuda-e-hijo-de-pablo-escobar-y-al-chicho-serna\/#primaryimage","url":"https:\/\/www.sonoraenequipo.com.mx\/storage\/2020\/06\/Viuda-e-hijo-de-pablo-escobar_opt.jpg","contentUrl":"https:\/\/www.sonoraenequipo.com.mx\/storage\/2020\/06\/Viuda-e-hijo-de-pablo-escobar_opt.jpg","width":615,"height":400},{"@type":"BreadcrumbList","@id":"https:\/\/www.sonoraenequipo.com.mx\/envian-a-juicio-en-argentina-a-la-viuda-e-hijo-de-pablo-escobar-y-al-chicho-serna\/#breadcrumb","itemListElement":[{"@type":"ListItem","position":1,"name":"Portada","item":"https:\/\/www.sonoraenequipo.com.mx\/"},{"@type":"ListItem","position":2,"name":"Env\u00edan a juicio en Argentina a la viuda e hijo de Pablo Escobar y al Chicho Serna"}]},{"@type":"WebSite","@id":"https:\/\/www.sonoraenequipo.com.mx\/#website","url":"https:\/\/www.sonoraenequipo.com.mx\/","name":"Sonora en Equipo.","description":"Diario en l\u00ednea con Noticias desde Hermosillo, Sonora","publisher":{"@id":"https:\/\/www.sonoraenequipo.com.mx\/#organization"},"potentialAction":[{"@type":"SearchAction","target":{"@type":"EntryPoint","urlTemplate":"https:\/\/www.sonoraenequipo.com.mx\/?s={search_term_string}"},"query-input":{"@type":"PropertyValueSpecification","valueRequired":true,"valueName":"search_term_string"}}],"inLanguage":"es"},{"@type":"Organization","@id":"https:\/\/www.sonoraenequipo.com.mx\/#organization","name":"Sonoraenequipo.com.mx","url":"https:\/\/www.sonoraenequipo.com.mx\/","logo":{"@type":"ImageObject","inLanguage":"es","@id":"https:\/\/www.sonoraenequipo.com.mx\/#\/schema\/logo\/image\/","url":"https:\/\/www.sonoraenequipo.com.mx\/storage\/2019\/01\/sonoraenequipo_opt.png","contentUrl":"https:\/\/www.sonoraenequipo.com.mx\/storage\/2019\/01\/sonoraenequipo_opt.png","width":375,"height":125,"caption":"Sonoraenequipo.com.mx"},"image":{"@id":"https:\/\/www.sonoraenequipo.com.mx\/#\/schema\/logo\/image\/"},"sameAs":["https:\/\/www.facebook.com\/SonoraEE\/","https:\/\/x.com\/sonoraenequipo","https:\/\/www.youtube.com\/channel\/UC338nW-lPEYmJQs4ZABQ1SQ"]},{"@type":"Person","@id":"https:\/\/www.sonoraenequipo.com.mx\/#\/schema\/person\/50102df0fb23a8fa9e8effad8fa81386","name":"enequipo","image":{"@type":"ImageObject","inLanguage":"es","@id":"https:\/\/www.sonoraenequipo.com.mx\/#\/schema\/person\/image\/","url":"https:\/\/secure.gravatar.com\/avatar\/049821681b589dabc0bc20695993ccebb09f5b5d4d790cd9251b97faac7c652b?s=96&d=blank&r=g","contentUrl":"https:\/\/secure.gravatar.com\/avatar\/049821681b589dabc0bc20695993ccebb09f5b5d4d790cd9251b97faac7c652b?s=96&d=blank&r=g","caption":"enequipo"},"sameAs":["https:\/\/www.facebook.com\/SonoraEE"]}]}},"jetpack_featured_media_url":"https:\/\/www.sonoraenequipo.com.mx\/storage\/2020\/06\/Viuda-e-hijo-de-pablo-escobar_opt.jpg","_links":{"self":[{"href":"https:\/\/www.sonoraenequipo.com.mx\/api\/wp\/v2\/posts\/86776","targetHints":{"allow":["GET"]}}],"collection":[{"href":"https:\/\/www.sonoraenequipo.com.mx\/api\/wp\/v2\/posts"}],"about":[{"href":"https:\/\/www.sonoraenequipo.com.mx\/api\/wp\/v2\/types\/post"}],"author":[{"embeddable":true,"href":"https:\/\/www.sonoraenequipo.com.mx\/api\/wp\/v2\/users\/1"}],"replies":[{"embeddable":true,"href":"https:\/\/www.sonoraenequipo.com.mx\/api\/wp\/v2\/comments?post=86776"}],"version-history":[{"count":0,"href":"https:\/\/www.sonoraenequipo.com.mx\/api\/wp\/v2\/posts\/86776\/revisions"}],"wp:featuredmedia":[{"embeddable":true,"href":"https:\/\/www.sonoraenequipo.com.mx\/api\/wp\/v2\/media\/86777"}],"wp:attachment":[{"href":"https:\/\/www.sonoraenequipo.com.mx\/api\/wp\/v2\/media?parent=86776"}],"wp:term":[{"taxonomy":"category","embeddable":true,"href":"https:\/\/www.sonoraenequipo.com.mx\/api\/wp\/v2\/categories?post=86776"},{"taxonomy":"post_tag","embeddable":true,"href":"https:\/\/www.sonoraenequipo.com.mx\/api\/wp\/v2\/tags?post=86776"}],"curies":[{"name":"wp","href":"https:\/\/api.w.org\/{rel}","templated":true}]}}