{"id":86876,"date":"2020-06-05T23:53:54","date_gmt":"2020-06-06T06:53:54","guid":{"rendered":"https:\/\/www.sonoraenequipo.com.mx\/?p=86876"},"modified":"2020-06-06T12:04:18","modified_gmt":"2020-06-06T19:04:18","slug":"espera-amlo-que-no-se-cumpla-pronostico-sobre-muertes-por-covid-19","status":"publish","type":"post","link":"https:\/\/www.sonoraenequipo.com.mx\/espera-amlo-que-no-se-cumpla-pronostico-sobre-muertes-por-covid-19\/","title":{"rendered":"Espera AMLO que no se cumpla pron\u00f3stico sobre muertes por COVID-19"},"content":{"rendered":"<p>CIUDAD DE M\u00c9XICO.- El presidente de la Rep\u00fablica, Andr\u00e9s Manuel L\u00f3pez Obrador, indic\u00f3 que espera no se cumplan las proyecciones del subsecretario de Prevenci\u00f3n y Promoci\u00f3n de la Salud, Hugo L\u00f3pez-Gatell sobre las \u00faltimas proyecciones respecto a los fallecimientos debido al coronavirus o COVID-19.<\/p>\n<p>&nbsp;<\/p>\n<p>&nbsp;<\/p>\n<p> <\/p>\n<p>&nbsp;<\/p>\n<p>&nbsp;<\/p>\n<p><em>\u201cBueno si \u00e9l sostiene eso, yo lo apoyo, claro que no deseo que haya tantos fallecidos, toco madera, pero ellos son los responsables y son expertos. El doctor Hugo L\u00f3pez-Gatell tiene todo nuestro reconocimiento, nuestro respaldo, nos apegamos a lo que ellos van definiendo tanto el doctor Alcocer como el doctor Hugo L\u00f3pez-Gatell<\/em>\u201d, expres\u00f3 AMLO.<\/p>\n<p>&nbsp;<\/p>\n<p>&nbsp;<\/p>\n<p>L\u00f3pez Obrador reiter\u00f3 que si bien hay preocupaci\u00f3n sobre los casos de coronavirus o COVID-19 en Ciudad de M\u00e9xico y Tabasco, inform\u00f3 que esta es mayor en su estado natal pues en el Valle de M\u00e9xico han ido bajando los casos de contagio.<\/p>\n<p>&nbsp;<\/p>\n<p>&nbsp;<\/p>\n<p><em>\u201cS\u00ed, los dos, m\u00e1s Tabasco porque aqu\u00ed tenemos todav\u00eda mayor problema, mayor n\u00famero de contagios y en el Valle de M\u00e9xico est\u00e1 bajando, poco pero hay ya un descenso, lo mismo espero de Tabasco pero en la actualidad, el d\u00eda de hoy es m\u00e1s mi preocupaci\u00f3n por Tabasco\u201d<\/em>, expres\u00f3 AMLO desde donde ofreci\u00f3 su conferencia ma\u00f1anera.<\/p>\n<p>&nbsp;<\/p>\n<p>&nbsp;<\/p>\n<p>Previamente, el presidente indic\u00f3: <em>\u201cTabasco, es donde tenemos todav\u00eda m\u00e1s problemas. En el caso de Ciudad de M\u00e9xico hay una situaci\u00f3n controlada y con disminuci\u00f3n, lenta pero con disminuci\u00f3n. Aqu\u00ed (Quintana Roo) ya se dijo que hay un descenso, muy claro el descenso en Tijuana (Baja California)\u2026 tambi\u00e9n descenso, no como quisi\u00e9ramos pero a la baja, en el caso de Sinaloa. Tuvimos una situaci\u00f3n de incremento en Acapulco (Guerrero) pero ya se control\u00f3\u201d.<\/em><\/p>\n<p>&nbsp;<\/p>\n<p>&nbsp;<\/p>\n<p>AMLO se\u00f1al\u00f3 que sus paisanos no estaban cumpliendo con las medidas de sana distancia y de confinamiento voluntario, lo que incrementaba el riesgo de contraer la enfermedad de COVID-19.<\/p>\n<p>&nbsp;<\/p>\n<p>&nbsp;<\/p>\n<p>Previamente, el subsecretario indic\u00f3 que en un ajuste del pron\u00f3stico de muertes por COVID-19, se proyect\u00f3 que podr\u00edan alcanzarse entre los 30 mil a 35 mil decesos, solo en el primer ciclo de la pandemia en M\u00e9xico.<\/p>\n<p>&nbsp;<\/p>\n<p>&nbsp;<\/p>\n<p>Durante su encuentro con diputados federales, el vocero de la estrategia contra el nuevo coronavirus indic\u00f3: <em>\u201cNo hay una sola estimaci\u00f3n general, pero preservamos de manera referencial esta idea de que podr\u00eda en este primer ciclo m\u00e9dico llegar hasta 30 mil o incluso 35 mil defunciones\u2026 es muy impresionante el efecto que tienen las enfermedades cr\u00f3nicas sobre la mortalidad\u201d.<\/em><\/p>\n<p>&nbsp;<\/p>\n<p>&nbsp;<\/p>\n<p>(PUBLICADO EL 05\/06\/2020)<\/p>\n","protected":false},"excerpt":{"rendered":"<p>CIUDAD DE M\u00c9XICO.- El presidente de la Rep\u00fablica, Andr\u00e9s Manuel L\u00f3pez Obrador, indic\u00f3 que espera&#8230;<\/p>\n","protected":false},"author":1,"featured_media":86483,"comment_status":"open","ping_status":"open","sticky":false,"template":"","format":"standard","meta":{"_monsterinsights_skip_tracking":false,"_monsterinsights_sitenote_active":false,"_monsterinsights_sitenote_note":"","_monsterinsights_sitenote_category":0,"footnotes":""},"categories":[5],"tags":[],"class_list":["post"],"yoast_head":" \n<title>Sonora en Equipo. Espera AMLO que no se cumpla pron\u00f3stico sobre muertes por COVID-19 Rep\u00fablica<\/title>\n<meta name=\"description\" content=\"CIUDAD DE M\u00c9XICO.- El presidente de la Rep\u00fablica, Andr\u00e9s Manuel L\u00f3pez Obrador, indic\u00f3 que espera no se cumplan las proyecciones del subsecretario de En Sonora en Equipo publicamos toda la informaci\u00f3n de Sonora, M\u00e9xico y el Mundo de manera oportuna y busca que la libertad de expresi\u00f3n sea real. Visita nuestro medio informativo publicado desde Hermosillo, Sonora. %\" \/>\n<meta name=\"robots\" content=\"index, follow, max-snippet:-1, max-image-preview:large, max-video-preview:-1\" \/>\n<link rel=\"canonical\" href=\"https:\/\/www.sonoraenequipo.com.mx\/espera-amlo-que-no-se-cumpla-pronostico-sobre-muertes-por-covid-19\/\" \/>\n<meta property=\"og:locale\" content=\"es_ES\" \/>\n<meta property=\"og:type\" content=\"article\" \/>\n<meta property=\"og:title\" content=\"Sonora en Equipo. Espera AMLO que no se cumpla pron\u00f3stico sobre muertes por COVID-19 Rep\u00fablica\" \/>\n<meta property=\"og:description\" content=\"CIUDAD DE M\u00c9XICO.- El presidente de la Rep\u00fablica, Andr\u00e9s Manuel L\u00f3pez Obrador, indic\u00f3 que espera no se cumplan las proyecciones del subsecretario de En Sonora en Equipo publicamos toda la informaci\u00f3n de Sonora, M\u00e9xico y el Mundo de manera oportuna y busca que la libertad de expresi\u00f3n sea real. Visita nuestro medio informativo publicado desde Hermosillo, Sonora. %\" \/>\n<meta property=\"og:url\" content=\"https:\/\/www.sonoraenequipo.com.mx\/espera-amlo-que-no-se-cumpla-pronostico-sobre-muertes-por-covid-19\/\" \/>\n<meta property=\"og:site_name\" content=\"Sonora en Equipo.\" \/>\n<meta property=\"article:publisher\" content=\"https:\/\/www.facebook.com\/SonoraEE\/\" \/>\n<meta property=\"article:author\" content=\"https:\/\/www.facebook.com\/SonoraEE\" \/>\n<meta property=\"article:published_time\" content=\"2020-06-06T06:53:54+00:00\" \/>\n<meta property=\"article:modified_time\" content=\"2020-06-06T19:04:18+00:00\" \/>\n<meta property=\"og:image\" content=\"https:\/\/www.sonoraenequipo.com.mx\/storage\/2020\/06\/proyecto_amlo_opt.jpg\" \/>\n\t<meta property=\"og:image:width\" content=\"639\" \/>\n\t<meta property=\"og:image:height\" content=\"333\" \/>\n\t<meta property=\"og:image:type\" content=\"image\/jpeg\" \/>\n<meta name=\"author\" content=\"enequipo\" \/>\n<meta name=\"twitter:card\" content=\"summary_large_image\" \/>\n<meta name=\"twitter:creator\" content=\"@sonoraenequipo\" \/>\n<meta name=\"twitter:site\" content=\"@sonoraenequipo\" \/>\n<meta name=\"twitter:label1\" content=\"Escrito por\" \/>\n\t<meta name=\"twitter:data1\" content=\"enequipo\" \/>\n\t<meta name=\"twitter:label2\" content=\"Tiempo de lectura\" \/>\n\t<meta name=\"twitter:data2\" content=\"2 minutos\" \/>\n<script type=\"application\/ld+json\" class=\"yoast-schema-graph\">{\"@context\":\"https:\/\/schema.org\",\"@graph\":[{\"@type\":\"Article\",\"@id\":\"https:\/\/www.sonoraenequipo.com.mx\/espera-amlo-que-no-se-cumpla-pronostico-sobre-muertes-por-covid-19\/#article\",\"isPartOf\":{\"@id\":\"https:\/\/www.sonoraenequipo.com.mx\/espera-amlo-que-no-se-cumpla-pronostico-sobre-muertes-por-covid-19\/\"},\"author\":{\"name\":\"enequipo\",\"@id\":\"https:\/\/www.sonoraenequipo.com.mx\/#\/schema\/person\/50102df0fb23a8fa9e8effad8fa81386\"},\"headline\":\"Espera AMLO que no se cumpla pron\u00f3stico sobre muertes por COVID-19\",\"datePublished\":\"2020-06-06T06:53:54+00:00\",\"dateModified\":\"2020-06-06T19:04:18+00:00\",\"mainEntityOfPage\":{\"@id\":\"https:\/\/www.sonoraenequipo.com.mx\/espera-amlo-que-no-se-cumpla-pronostico-sobre-muertes-por-covid-19\/\"},\"wordCount\":463,\"commentCount\":0,\"publisher\":{\"@id\":\"https:\/\/www.sonoraenequipo.com.mx\/#organization\"},\"image\":{\"@id\":\"https:\/\/www.sonoraenequipo.com.mx\/espera-amlo-que-no-se-cumpla-pronostico-sobre-muertes-por-covid-19\/#primaryimage\"},\"thumbnailUrl\":\"https:\/\/www.sonoraenequipo.com.mx\/storage\/2020\/06\/proyecto_amlo_opt.jpg\",\"articleSection\":[\"Rep\u00fablica\"],\"inLanguage\":\"es\",\"potentialAction\":[{\"@type\":\"CommentAction\",\"name\":\"Comment\",\"target\":[\"https:\/\/www.sonoraenequipo.com.mx\/espera-amlo-que-no-se-cumpla-pronostico-sobre-muertes-por-covid-19\/#respond\"]}]},{\"@type\":\"WebPage\",\"@id\":\"https:\/\/www.sonoraenequipo.com.mx\/espera-amlo-que-no-se-cumpla-pronostico-sobre-muertes-por-covid-19\/\",\"url\":\"https:\/\/www.sonoraenequipo.com.mx\/espera-amlo-que-no-se-cumpla-pronostico-sobre-muertes-por-covid-19\/\",\"name\":\"Sonora en Equipo. Espera AMLO que no se cumpla pron\u00f3stico sobre muertes por COVID-19 Rep\u00fablica\",\"isPartOf\":{\"@id\":\"https:\/\/www.sonoraenequipo.com.mx\/#website\"},\"primaryImageOfPage\":{\"@id\":\"https:\/\/www.sonoraenequipo.com.mx\/espera-amlo-que-no-se-cumpla-pronostico-sobre-muertes-por-covid-19\/#primaryimage\"},\"image\":{\"@id\":\"https:\/\/www.sonoraenequipo.com.mx\/espera-amlo-que-no-se-cumpla-pronostico-sobre-muertes-por-covid-19\/#primaryimage\"},\"thumbnailUrl\":\"https:\/\/www.sonoraenequipo.com.mx\/storage\/2020\/06\/proyecto_amlo_opt.jpg\",\"datePublished\":\"2020-06-06T06:53:54+00:00\",\"dateModified\":\"2020-06-06T19:04:18+00:00\",\"description\":\"CIUDAD DE M\u00c9XICO.- El presidente de la Rep\u00fablica, Andr\u00e9s Manuel L\u00f3pez Obrador, indic\u00f3 que espera no se cumplan las proyecciones del subsecretario de En Sonora en Equipo publicamos toda la informaci\u00f3n de Sonora, M\u00e9xico y el Mundo de manera oportuna y busca que la libertad de expresi\u00f3n sea real. Visita nuestro medio informativo publicado desde Hermosillo, Sonora. %\",\"breadcrumb\":{\"@id\":\"https:\/\/www.sonoraenequipo.com.mx\/espera-amlo-que-no-se-cumpla-pronostico-sobre-muertes-por-covid-19\/#breadcrumb\"},\"inLanguage\":\"es\",\"potentialAction\":[{\"@type\":\"ReadAction\",\"target\":[\"https:\/\/www.sonoraenequipo.com.mx\/espera-amlo-que-no-se-cumpla-pronostico-sobre-muertes-por-covid-19\/\"]}]},{\"@type\":\"ImageObject\",\"inLanguage\":\"es\",\"@id\":\"https:\/\/www.sonoraenequipo.com.mx\/espera-amlo-que-no-se-cumpla-pronostico-sobre-muertes-por-covid-19\/#primaryimage\",\"url\":\"https:\/\/www.sonoraenequipo.com.mx\/storage\/2020\/06\/proyecto_amlo_opt.jpg\",\"contentUrl\":\"https:\/\/www.sonoraenequipo.com.mx\/storage\/2020\/06\/proyecto_amlo_opt.jpg\",\"width\":639,\"height\":333},{\"@type\":\"BreadcrumbList\",\"@id\":\"https:\/\/www.sonoraenequipo.com.mx\/espera-amlo-que-no-se-cumpla-pronostico-sobre-muertes-por-covid-19\/#breadcrumb\",\"itemListElement\":[{\"@type\":\"ListItem\",\"position\":1,\"name\":\"Portada\",\"item\":\"https:\/\/www.sonoraenequipo.com.mx\/\"},{\"@type\":\"ListItem\",\"position\":2,\"name\":\"Espera AMLO que no se cumpla pron\u00f3stico sobre muertes por COVID-19\"}]},{\"@type\":\"WebSite\",\"@id\":\"https:\/\/www.sonoraenequipo.com.mx\/#website\",\"url\":\"https:\/\/www.sonoraenequipo.com.mx\/\",\"name\":\"Sonora en Equipo.\",\"description\":\"Diario en l\u00ednea con Noticias desde Hermosillo, Sonora\",\"publisher\":{\"@id\":\"https:\/\/www.sonoraenequipo.com.mx\/#organization\"},\"potentialAction\":[{\"@type\":\"SearchAction\",\"target\":{\"@type\":\"EntryPoint\",\"urlTemplate\":\"https:\/\/www.sonoraenequipo.com.mx\/?s={search_term_string}\"},\"query-input\":{\"@type\":\"PropertyValueSpecification\",\"valueRequired\":true,\"valueName\":\"search_term_string\"}}],\"inLanguage\":\"es\"},{\"@type\":\"Organization\",\"@id\":\"https:\/\/www.sonoraenequipo.com.mx\/#organization\",\"name\":\"Sonoraenequipo.com.mx\",\"url\":\"https:\/\/www.sonoraenequipo.com.mx\/\",\"logo\":{\"@type\":\"ImageObject\",\"inLanguage\":\"es\",\"@id\":\"https:\/\/www.sonoraenequipo.com.mx\/#\/schema\/logo\/image\/\",\"url\":\"https:\/\/www.sonoraenequipo.com.mx\/storage\/2019\/01\/sonoraenequipo_opt.png\",\"contentUrl\":\"https:\/\/www.sonoraenequipo.com.mx\/storage\/2019\/01\/sonoraenequipo_opt.png\",\"width\":375,\"height\":125,\"caption\":\"Sonoraenequipo.com.mx\"},\"image\":{\"@id\":\"https:\/\/www.sonoraenequipo.com.mx\/#\/schema\/logo\/image\/\"},\"sameAs\":[\"https:\/\/www.facebook.com\/SonoraEE\/\",\"https:\/\/x.com\/sonoraenequipo\",\"https:\/\/www.youtube.com\/channel\/UC338nW-lPEYmJQs4ZABQ1SQ\"]},{\"@type\":\"Person\",\"@id\":\"https:\/\/www.sonoraenequipo.com.mx\/#\/schema\/person\/50102df0fb23a8fa9e8effad8fa81386\",\"name\":\"enequipo\",\"image\":{\"@type\":\"ImageObject\",\"inLanguage\":\"es\",\"@id\":\"https:\/\/www.sonoraenequipo.com.mx\/#\/schema\/person\/image\/\",\"url\":\"https:\/\/secure.gravatar.com\/avatar\/049821681b589dabc0bc20695993ccebb09f5b5d4d790cd9251b97faac7c652b?s=96&d=blank&r=g\",\"contentUrl\":\"https:\/\/secure.gravatar.com\/avatar\/049821681b589dabc0bc20695993ccebb09f5b5d4d790cd9251b97faac7c652b?s=96&d=blank&r=g\",\"caption\":\"enequipo\"},\"sameAs\":[\"https:\/\/www.facebook.com\/SonoraEE\"]}]}<\/script>\n ","yoast_head_json":{"title":"Sonora en Equipo. Espera AMLO que no se cumpla pron\u00f3stico sobre muertes por COVID-19 Rep\u00fablica","description":"CIUDAD DE M\u00c9XICO.- El presidente de la Rep\u00fablica, Andr\u00e9s Manuel L\u00f3pez Obrador, indic\u00f3 que espera no se cumplan las proyecciones del subsecretario de En Sonora en Equipo publicamos toda la informaci\u00f3n de Sonora, M\u00e9xico y el Mundo de manera oportuna y busca que la libertad de expresi\u00f3n sea real. Visita nuestro medio informativo publicado desde Hermosillo, Sonora. %","robots":{"index":"index","follow":"follow","max-snippet":"max-snippet:-1","max-image-preview":"max-image-preview:large","max-video-preview":"max-video-preview:-1"},"canonical":"https:\/\/www.sonoraenequipo.com.mx\/espera-amlo-que-no-se-cumpla-pronostico-sobre-muertes-por-covid-19\/","og_locale":"es_ES","og_type":"article","og_title":"Sonora en Equipo. Espera AMLO que no se cumpla pron\u00f3stico sobre muertes por COVID-19 Rep\u00fablica","og_description":"CIUDAD DE M\u00c9XICO.- El presidente de la Rep\u00fablica, Andr\u00e9s Manuel L\u00f3pez Obrador, indic\u00f3 que espera no se cumplan las proyecciones del subsecretario de En Sonora en Equipo publicamos toda la informaci\u00f3n de Sonora, M\u00e9xico y el Mundo de manera oportuna y busca que la libertad de expresi\u00f3n sea real. Visita nuestro medio informativo publicado desde Hermosillo, Sonora. %","og_url":"https:\/\/www.sonoraenequipo.com.mx\/espera-amlo-que-no-se-cumpla-pronostico-sobre-muertes-por-covid-19\/","og_site_name":"Sonora en Equipo.","article_publisher":"https:\/\/www.facebook.com\/SonoraEE\/","article_author":"https:\/\/www.facebook.com\/SonoraEE","article_published_time":"2020-06-06T06:53:54+00:00","article_modified_time":"2020-06-06T19:04:18+00:00","og_image":[{"width":639,"height":333,"url":"https:\/\/www.sonoraenequipo.com.mx\/storage\/2020\/06\/proyecto_amlo_opt.jpg","type":"image\/jpeg"}],"author":"enequipo","twitter_card":"summary_large_image","twitter_creator":"@sonoraenequipo","twitter_site":"@sonoraenequipo","twitter_misc":{"Escrito por":"enequipo","Tiempo de lectura":"2 minutos"},"schema":{"@context":"https:\/\/schema.org","@graph":[{"@type":"Article","@id":"https:\/\/www.sonoraenequipo.com.mx\/espera-amlo-que-no-se-cumpla-pronostico-sobre-muertes-por-covid-19\/#article","isPartOf":{"@id":"https:\/\/www.sonoraenequipo.com.mx\/espera-amlo-que-no-se-cumpla-pronostico-sobre-muertes-por-covid-19\/"},"author":{"name":"enequipo","@id":"https:\/\/www.sonoraenequipo.com.mx\/#\/schema\/person\/50102df0fb23a8fa9e8effad8fa81386"},"headline":"Espera AMLO que no se cumpla pron\u00f3stico sobre muertes por COVID-19","datePublished":"2020-06-06T06:53:54+00:00","dateModified":"2020-06-06T19:04:18+00:00","mainEntityOfPage":{"@id":"https:\/\/www.sonoraenequipo.com.mx\/espera-amlo-que-no-se-cumpla-pronostico-sobre-muertes-por-covid-19\/"},"wordCount":463,"commentCount":0,"publisher":{"@id":"https:\/\/www.sonoraenequipo.com.mx\/#organization"},"image":{"@id":"https:\/\/www.sonoraenequipo.com.mx\/espera-amlo-que-no-se-cumpla-pronostico-sobre-muertes-por-covid-19\/#primaryimage"},"thumbnailUrl":"https:\/\/www.sonoraenequipo.com.mx\/storage\/2020\/06\/proyecto_amlo_opt.jpg","articleSection":["Rep\u00fablica"],"inLanguage":"es","potentialAction":[{"@type":"CommentAction","name":"Comment","target":["https:\/\/www.sonoraenequipo.com.mx\/espera-amlo-que-no-se-cumpla-pronostico-sobre-muertes-por-covid-19\/#respond"]}]},{"@type":"WebPage","@id":"https:\/\/www.sonoraenequipo.com.mx\/espera-amlo-que-no-se-cumpla-pronostico-sobre-muertes-por-covid-19\/","url":"https:\/\/www.sonoraenequipo.com.mx\/espera-amlo-que-no-se-cumpla-pronostico-sobre-muertes-por-covid-19\/","name":"Sonora en Equipo. Espera AMLO que no se cumpla pron\u00f3stico sobre muertes por COVID-19 Rep\u00fablica","isPartOf":{"@id":"https:\/\/www.sonoraenequipo.com.mx\/#website"},"primaryImageOfPage":{"@id":"https:\/\/www.sonoraenequipo.com.mx\/espera-amlo-que-no-se-cumpla-pronostico-sobre-muertes-por-covid-19\/#primaryimage"},"image":{"@id":"https:\/\/www.sonoraenequipo.com.mx\/espera-amlo-que-no-se-cumpla-pronostico-sobre-muertes-por-covid-19\/#primaryimage"},"thumbnailUrl":"https:\/\/www.sonoraenequipo.com.mx\/storage\/2020\/06\/proyecto_amlo_opt.jpg","datePublished":"2020-06-06T06:53:54+00:00","dateModified":"2020-06-06T19:04:18+00:00","description":"CIUDAD DE M\u00c9XICO.- El presidente de la Rep\u00fablica, Andr\u00e9s Manuel L\u00f3pez Obrador, indic\u00f3 que espera no se cumplan las proyecciones del subsecretario de En Sonora en Equipo publicamos toda la informaci\u00f3n de Sonora, M\u00e9xico y el Mundo de manera oportuna y busca que la libertad de expresi\u00f3n sea real. Visita nuestro medio informativo publicado desde Hermosillo, Sonora. %","breadcrumb":{"@id":"https:\/\/www.sonoraenequipo.com.mx\/espera-amlo-que-no-se-cumpla-pronostico-sobre-muertes-por-covid-19\/#breadcrumb"},"inLanguage":"es","potentialAction":[{"@type":"ReadAction","target":["https:\/\/www.sonoraenequipo.com.mx\/espera-amlo-que-no-se-cumpla-pronostico-sobre-muertes-por-covid-19\/"]}]},{"@type":"ImageObject","inLanguage":"es","@id":"https:\/\/www.sonoraenequipo.com.mx\/espera-amlo-que-no-se-cumpla-pronostico-sobre-muertes-por-covid-19\/#primaryimage","url":"https:\/\/www.sonoraenequipo.com.mx\/storage\/2020\/06\/proyecto_amlo_opt.jpg","contentUrl":"https:\/\/www.sonoraenequipo.com.mx\/storage\/2020\/06\/proyecto_amlo_opt.jpg","width":639,"height":333},{"@type":"BreadcrumbList","@id":"https:\/\/www.sonoraenequipo.com.mx\/espera-amlo-que-no-se-cumpla-pronostico-sobre-muertes-por-covid-19\/#breadcrumb","itemListElement":[{"@type":"ListItem","position":1,"name":"Portada","item":"https:\/\/www.sonoraenequipo.com.mx\/"},{"@type":"ListItem","position":2,"name":"Espera AMLO que no se cumpla pron\u00f3stico sobre muertes por COVID-19"}]},{"@type":"WebSite","@id":"https:\/\/www.sonoraenequipo.com.mx\/#website","url":"https:\/\/www.sonoraenequipo.com.mx\/","name":"Sonora en Equipo.","description":"Diario en l\u00ednea con Noticias desde Hermosillo, Sonora","publisher":{"@id":"https:\/\/www.sonoraenequipo.com.mx\/#organization"},"potentialAction":[{"@type":"SearchAction","target":{"@type":"EntryPoint","urlTemplate":"https:\/\/www.sonoraenequipo.com.mx\/?s={search_term_string}"},"query-input":{"@type":"PropertyValueSpecification","valueRequired":true,"valueName":"search_term_string"}}],"inLanguage":"es"},{"@type":"Organization","@id":"https:\/\/www.sonoraenequipo.com.mx\/#organization","name":"Sonoraenequipo.com.mx","url":"https:\/\/www.sonoraenequipo.com.mx\/","logo":{"@type":"ImageObject","inLanguage":"es","@id":"https:\/\/www.sonoraenequipo.com.mx\/#\/schema\/logo\/image\/","url":"https:\/\/www.sonoraenequipo.com.mx\/storage\/2019\/01\/sonoraenequipo_opt.png","contentUrl":"https:\/\/www.sonoraenequipo.com.mx\/storage\/2019\/01\/sonoraenequipo_opt.png","width":375,"height":125,"caption":"Sonoraenequipo.com.mx"},"image":{"@id":"https:\/\/www.sonoraenequipo.com.mx\/#\/schema\/logo\/image\/"},"sameAs":["https:\/\/www.facebook.com\/SonoraEE\/","https:\/\/x.com\/sonoraenequipo","https:\/\/www.youtube.com\/channel\/UC338nW-lPEYmJQs4ZABQ1SQ"]},{"@type":"Person","@id":"https:\/\/www.sonoraenequipo.com.mx\/#\/schema\/person\/50102df0fb23a8fa9e8effad8fa81386","name":"enequipo","image":{"@type":"ImageObject","inLanguage":"es","@id":"https:\/\/www.sonoraenequipo.com.mx\/#\/schema\/person\/image\/","url":"https:\/\/secure.gravatar.com\/avatar\/049821681b589dabc0bc20695993ccebb09f5b5d4d790cd9251b97faac7c652b?s=96&d=blank&r=g","contentUrl":"https:\/\/secure.gravatar.com\/avatar\/049821681b589dabc0bc20695993ccebb09f5b5d4d790cd9251b97faac7c652b?s=96&d=blank&r=g","caption":"enequipo"},"sameAs":["https:\/\/www.facebook.com\/SonoraEE"]}]}},"jetpack_featured_media_url":"https:\/\/www.sonoraenequipo.com.mx\/storage\/2020\/06\/proyecto_amlo_opt.jpg","_links":{"self":[{"href":"https:\/\/www.sonoraenequipo.com.mx\/api\/wp\/v2\/posts\/86876","targetHints":{"allow":["GET"]}}],"collection":[{"href":"https:\/\/www.sonoraenequipo.com.mx\/api\/wp\/v2\/posts"}],"about":[{"href":"https:\/\/www.sonoraenequipo.com.mx\/api\/wp\/v2\/types\/post"}],"author":[{"embeddable":true,"href":"https:\/\/www.sonoraenequipo.com.mx\/api\/wp\/v2\/users\/1"}],"replies":[{"embeddable":true,"href":"https:\/\/www.sonoraenequipo.com.mx\/api\/wp\/v2\/comments?post=86876"}],"version-history":[{"count":0,"href":"https:\/\/www.sonoraenequipo.com.mx\/api\/wp\/v2\/posts\/86876\/revisions"}],"wp:featuredmedia":[{"embeddable":true,"href":"https:\/\/www.sonoraenequipo.com.mx\/api\/wp\/v2\/media\/86483"}],"wp:attachment":[{"href":"https:\/\/www.sonoraenequipo.com.mx\/api\/wp\/v2\/media?parent=86876"}],"wp:term":[{"taxonomy":"category","embeddable":true,"href":"https:\/\/www.sonoraenequipo.com.mx\/api\/wp\/v2\/categories?post=86876"},{"taxonomy":"post_tag","embeddable":true,"href":"https:\/\/www.sonoraenequipo.com.mx\/api\/wp\/v2\/tags?post=86876"}],"curies":[{"name":"wp","href":"https:\/\/api.w.org\/{rel}","templated":true}]}}