{"id":86895,"date":"2020-06-06T10:42:07","date_gmt":"2020-06-06T17:42:07","guid":{"rendered":"https:\/\/www.sonoraenequipo.com.mx\/?p=86895"},"modified":"2020-06-06T16:59:36","modified_gmt":"2020-06-06T23:59:36","slug":"navojoa-alcaldesa-toma-protesta-a-juan-valenzuela-cota-como-director-de-contabilidad","status":"publish","type":"post","link":"https:\/\/www.sonoraenequipo.com.mx\/navojoa-alcaldesa-toma-protesta-a-juan-valenzuela-cota-como-director-de-contabilidad\/","title":{"rendered":"NAVOJOA. Alcaldesa Toma protesta a Juan Valenzuela Cota como Director de Contabilidad"},"content":{"rendered":"<p>NAVOJOA, SONORA.MX. \u2014 La Alcaldesa Rosario Quintero Borb\u00f3n, tom\u00f3 protesta a Juan Alberto Valenzuela Cota, como Director de Contabilidad adscrito a la Tesorer\u00eda Municipal.<\/p>\n<p>&nbsp;<\/p>\n<p> <\/p>\n<p>&nbsp;<\/p>\n<p>&nbsp;<\/p>\n<p>La Presidente Municipal, afirm\u00f3 que Juan Alberto es una persona confiable, comprometida y responsable, que ya formaba parte de Tesorer\u00eda como Jefe de Oficina, desempe\u00f1ando un buen trabajo.<\/p>\n<p>&nbsp;<\/p>\n<p>&nbsp;<\/p>\n<p><em>\u201cEstoy segura que har\u00e1 un buen equipo con el Tesorero Municipal Julio Garc\u00eda s\u00e9 que har\u00e1n su labor con eficiencia y transparencia, en los recursos de la comuna navojoense\u201d,<\/em> expres\u00f3.<\/p>\n<p>&nbsp;<\/p>\n<p>&nbsp;<\/p>\n<p>El Tesorero Julio Garc\u00eda Cayetano, se\u00f1al\u00f3 que Valenzuela Cota ha estado en Tesorer\u00eda desde el inicio de la administraci\u00f3n, demostrando en todo momento su val\u00eda y capacidad, sobre todo su buen desempe\u00f1o y disposici\u00f3n para el trabajo, dentro y fuera de la oficina.<\/p>\n<p>&nbsp;<\/p>\n<p>&nbsp;<\/p>\n<p>Por su parte Juan Alberto Valenzuela Cota, coment\u00f3 que en todo momento ha trabajado por el bien de Navojoa, y lo seguir\u00e1 haciendo en este nuevo puesto.<\/p>\n<p>&nbsp;<\/p>\n<p>&nbsp;<\/p>\n<p><em>\u201cAgradezco a la Presidente Municipal, Rosario Quintero la confianza depositada en m\u00ed para desempe\u00f1ar esta nueva encomienda, la cual sacaremos adelante trabajando en equipo, con responsabilidad y compromiso\u201d,<\/em> puntualiz\u00f3.<\/p>\n<p>&nbsp;<\/p>\n<p>&nbsp;<\/p>\n","protected":false},"excerpt":{"rendered":"<p>NAVOJOA, SONORA.MX. \u2014 La Alcaldesa Rosario Quintero Borb\u00f3n, tom\u00f3 protesta a Juan Alberto Valenzuela Cota,&#8230;<\/p>\n","protected":false},"author":1,"featured_media":86903,"comment_status":"open","ping_status":"open","sticky":false,"template":"","format":"standard","meta":{"_monsterinsights_skip_tracking":false,"_monsterinsights_sitenote_active":false,"_monsterinsights_sitenote_note":"","_monsterinsights_sitenote_category":0,"footnotes":""},"categories":[4],"tags":[],"class_list":["post"],"yoast_head":" \n<title>Sonora en Equipo. NAVOJOA. Alcaldesa Toma protesta a Juan Valenzuela Cota como Director de Contabilidad Municipios<\/title>\n<meta name=\"description\" content=\"NAVOJOA, SONORA.MX. \u2014 La Alcaldesa Rosario Quintero Borb\u00f3n, tom\u00f3 protesta a Juan Alberto Valenzuela Cota, como Director de Contabilidad adscrito a la En Sonora en Equipo publicamos toda la informaci\u00f3n de Sonora, M\u00e9xico y el Mundo de manera oportuna y busca que la libertad de expresi\u00f3n sea real. Visita nuestro medio informativo publicado desde Hermosillo, Sonora. %\" \/>\n<meta name=\"robots\" content=\"index, follow, max-snippet:-1, max-image-preview:large, max-video-preview:-1\" \/>\n<link rel=\"canonical\" href=\"https:\/\/www.sonoraenequipo.com.mx\/navojoa-alcaldesa-toma-protesta-a-juan-valenzuela-cota-como-director-de-contabilidad\/\" \/>\n<meta property=\"og:locale\" content=\"es_ES\" \/>\n<meta property=\"og:type\" content=\"article\" \/>\n<meta property=\"og:title\" content=\"Sonora en Equipo. NAVOJOA. Alcaldesa Toma protesta a Juan Valenzuela Cota como Director de Contabilidad Municipios\" \/>\n<meta property=\"og:description\" content=\"NAVOJOA, SONORA.MX. \u2014 La Alcaldesa Rosario Quintero Borb\u00f3n, tom\u00f3 protesta a Juan Alberto Valenzuela Cota, como Director de Contabilidad adscrito a la En Sonora en Equipo publicamos toda la informaci\u00f3n de Sonora, M\u00e9xico y el Mundo de manera oportuna y busca que la libertad de expresi\u00f3n sea real. Visita nuestro medio informativo publicado desde Hermosillo, Sonora. %\" \/>\n<meta property=\"og:url\" content=\"https:\/\/www.sonoraenequipo.com.mx\/navojoa-alcaldesa-toma-protesta-a-juan-valenzuela-cota-como-director-de-contabilidad\/\" \/>\n<meta property=\"og:site_name\" content=\"Sonora en Equipo.\" \/>\n<meta property=\"article:publisher\" content=\"https:\/\/www.facebook.com\/SonoraEE\/\" \/>\n<meta property=\"article:author\" content=\"https:\/\/www.facebook.com\/SonoraEE\" \/>\n<meta property=\"article:published_time\" content=\"2020-06-06T17:42:07+00:00\" \/>\n<meta property=\"article:modified_time\" content=\"2020-06-06T23:59:36+00:00\" \/>\n<meta property=\"og:image\" content=\"https:\/\/www.sonoraenequipo.com.mx\/storage\/2020\/06\/nuevofuncionario_navojoa_opt.jpg\" \/>\n\t<meta property=\"og:image:width\" content=\"600\" \/>\n\t<meta property=\"og:image:height\" content=\"400\" \/>\n\t<meta property=\"og:image:type\" content=\"image\/jpeg\" \/>\n<meta name=\"author\" content=\"enequipo\" \/>\n<meta name=\"twitter:card\" content=\"summary_large_image\" \/>\n<meta name=\"twitter:creator\" content=\"@sonoraenequipo\" \/>\n<meta name=\"twitter:site\" content=\"@sonoraenequipo\" \/>\n<meta name=\"twitter:label1\" content=\"Escrito por\" \/>\n\t<meta name=\"twitter:data1\" content=\"enequipo\" \/>\n\t<meta name=\"twitter:label2\" content=\"Tiempo de lectura\" \/>\n\t<meta name=\"twitter:data2\" content=\"1 minuto\" \/>\n<script type=\"application\/ld+json\" class=\"yoast-schema-graph\">{\"@context\":\"https:\/\/schema.org\",\"@graph\":[{\"@type\":\"Article\",\"@id\":\"https:\/\/www.sonoraenequipo.com.mx\/navojoa-alcaldesa-toma-protesta-a-juan-valenzuela-cota-como-director-de-contabilidad\/#article\",\"isPartOf\":{\"@id\":\"https:\/\/www.sonoraenequipo.com.mx\/navojoa-alcaldesa-toma-protesta-a-juan-valenzuela-cota-como-director-de-contabilidad\/\"},\"author\":{\"name\":\"enequipo\",\"@id\":\"https:\/\/www.sonoraenequipo.com.mx\/#\/schema\/person\/50102df0fb23a8fa9e8effad8fa81386\"},\"headline\":\"NAVOJOA. Alcaldesa Toma protesta a Juan Valenzuela Cota como Director de Contabilidad\",\"datePublished\":\"2020-06-06T17:42:07+00:00\",\"dateModified\":\"2020-06-06T23:59:36+00:00\",\"mainEntityOfPage\":{\"@id\":\"https:\/\/www.sonoraenequipo.com.mx\/navojoa-alcaldesa-toma-protesta-a-juan-valenzuela-cota-como-director-de-contabilidad\/\"},\"wordCount\":220,\"commentCount\":0,\"publisher\":{\"@id\":\"https:\/\/www.sonoraenequipo.com.mx\/#organization\"},\"image\":{\"@id\":\"https:\/\/www.sonoraenequipo.com.mx\/navojoa-alcaldesa-toma-protesta-a-juan-valenzuela-cota-como-director-de-contabilidad\/#primaryimage\"},\"thumbnailUrl\":\"https:\/\/www.sonoraenequipo.com.mx\/storage\/2020\/06\/nuevofuncionario_navojoa_opt.jpg\",\"articleSection\":[\"Municipios\"],\"inLanguage\":\"es\",\"potentialAction\":[{\"@type\":\"CommentAction\",\"name\":\"Comment\",\"target\":[\"https:\/\/www.sonoraenequipo.com.mx\/navojoa-alcaldesa-toma-protesta-a-juan-valenzuela-cota-como-director-de-contabilidad\/#respond\"]}]},{\"@type\":\"WebPage\",\"@id\":\"https:\/\/www.sonoraenequipo.com.mx\/navojoa-alcaldesa-toma-protesta-a-juan-valenzuela-cota-como-director-de-contabilidad\/\",\"url\":\"https:\/\/www.sonoraenequipo.com.mx\/navojoa-alcaldesa-toma-protesta-a-juan-valenzuela-cota-como-director-de-contabilidad\/\",\"name\":\"Sonora en Equipo. NAVOJOA. Alcaldesa Toma protesta a Juan Valenzuela Cota como Director de Contabilidad Municipios\",\"isPartOf\":{\"@id\":\"https:\/\/www.sonoraenequipo.com.mx\/#website\"},\"primaryImageOfPage\":{\"@id\":\"https:\/\/www.sonoraenequipo.com.mx\/navojoa-alcaldesa-toma-protesta-a-juan-valenzuela-cota-como-director-de-contabilidad\/#primaryimage\"},\"image\":{\"@id\":\"https:\/\/www.sonoraenequipo.com.mx\/navojoa-alcaldesa-toma-protesta-a-juan-valenzuela-cota-como-director-de-contabilidad\/#primaryimage\"},\"thumbnailUrl\":\"https:\/\/www.sonoraenequipo.com.mx\/storage\/2020\/06\/nuevofuncionario_navojoa_opt.jpg\",\"datePublished\":\"2020-06-06T17:42:07+00:00\",\"dateModified\":\"2020-06-06T23:59:36+00:00\",\"description\":\"NAVOJOA, SONORA.MX. \u2014 La Alcaldesa Rosario Quintero Borb\u00f3n, tom\u00f3 protesta a Juan Alberto Valenzuela Cota, como Director de Contabilidad adscrito a la En Sonora en Equipo publicamos toda la informaci\u00f3n de Sonora, M\u00e9xico y el Mundo de manera oportuna y busca que la libertad de expresi\u00f3n sea real. Visita nuestro medio informativo publicado desde Hermosillo, Sonora. %\",\"breadcrumb\":{\"@id\":\"https:\/\/www.sonoraenequipo.com.mx\/navojoa-alcaldesa-toma-protesta-a-juan-valenzuela-cota-como-director-de-contabilidad\/#breadcrumb\"},\"inLanguage\":\"es\",\"potentialAction\":[{\"@type\":\"ReadAction\",\"target\":[\"https:\/\/www.sonoraenequipo.com.mx\/navojoa-alcaldesa-toma-protesta-a-juan-valenzuela-cota-como-director-de-contabilidad\/\"]}]},{\"@type\":\"ImageObject\",\"inLanguage\":\"es\",\"@id\":\"https:\/\/www.sonoraenequipo.com.mx\/navojoa-alcaldesa-toma-protesta-a-juan-valenzuela-cota-como-director-de-contabilidad\/#primaryimage\",\"url\":\"https:\/\/www.sonoraenequipo.com.mx\/storage\/2020\/06\/nuevofuncionario_navojoa_opt.jpg\",\"contentUrl\":\"https:\/\/www.sonoraenequipo.com.mx\/storage\/2020\/06\/nuevofuncionario_navojoa_opt.jpg\",\"width\":600,\"height\":400},{\"@type\":\"BreadcrumbList\",\"@id\":\"https:\/\/www.sonoraenequipo.com.mx\/navojoa-alcaldesa-toma-protesta-a-juan-valenzuela-cota-como-director-de-contabilidad\/#breadcrumb\",\"itemListElement\":[{\"@type\":\"ListItem\",\"position\":1,\"name\":\"Portada\",\"item\":\"https:\/\/www.sonoraenequipo.com.mx\/\"},{\"@type\":\"ListItem\",\"position\":2,\"name\":\"NAVOJOA. Alcaldesa Toma protesta a Juan Valenzuela Cota como Director de Contabilidad\"}]},{\"@type\":\"WebSite\",\"@id\":\"https:\/\/www.sonoraenequipo.com.mx\/#website\",\"url\":\"https:\/\/www.sonoraenequipo.com.mx\/\",\"name\":\"Sonora en Equipo.\",\"description\":\"Diario en l\u00ednea con Noticias desde Hermosillo, Sonora\",\"publisher\":{\"@id\":\"https:\/\/www.sonoraenequipo.com.mx\/#organization\"},\"potentialAction\":[{\"@type\":\"SearchAction\",\"target\":{\"@type\":\"EntryPoint\",\"urlTemplate\":\"https:\/\/www.sonoraenequipo.com.mx\/?s={search_term_string}\"},\"query-input\":{\"@type\":\"PropertyValueSpecification\",\"valueRequired\":true,\"valueName\":\"search_term_string\"}}],\"inLanguage\":\"es\"},{\"@type\":\"Organization\",\"@id\":\"https:\/\/www.sonoraenequipo.com.mx\/#organization\",\"name\":\"Sonoraenequipo.com.mx\",\"url\":\"https:\/\/www.sonoraenequipo.com.mx\/\",\"logo\":{\"@type\":\"ImageObject\",\"inLanguage\":\"es\",\"@id\":\"https:\/\/www.sonoraenequipo.com.mx\/#\/schema\/logo\/image\/\",\"url\":\"https:\/\/www.sonoraenequipo.com.mx\/storage\/2019\/01\/sonoraenequipo_opt.png\",\"contentUrl\":\"https:\/\/www.sonoraenequipo.com.mx\/storage\/2019\/01\/sonoraenequipo_opt.png\",\"width\":375,\"height\":125,\"caption\":\"Sonoraenequipo.com.mx\"},\"image\":{\"@id\":\"https:\/\/www.sonoraenequipo.com.mx\/#\/schema\/logo\/image\/\"},\"sameAs\":[\"https:\/\/www.facebook.com\/SonoraEE\/\",\"https:\/\/x.com\/sonoraenequipo\",\"https:\/\/www.youtube.com\/channel\/UC338nW-lPEYmJQs4ZABQ1SQ\"]},{\"@type\":\"Person\",\"@id\":\"https:\/\/www.sonoraenequipo.com.mx\/#\/schema\/person\/50102df0fb23a8fa9e8effad8fa81386\",\"name\":\"enequipo\",\"image\":{\"@type\":\"ImageObject\",\"inLanguage\":\"es\",\"@id\":\"https:\/\/www.sonoraenequipo.com.mx\/#\/schema\/person\/image\/\",\"url\":\"https:\/\/secure.gravatar.com\/avatar\/049821681b589dabc0bc20695993ccebb09f5b5d4d790cd9251b97faac7c652b?s=96&d=blank&r=g\",\"contentUrl\":\"https:\/\/secure.gravatar.com\/avatar\/049821681b589dabc0bc20695993ccebb09f5b5d4d790cd9251b97faac7c652b?s=96&d=blank&r=g\",\"caption\":\"enequipo\"},\"sameAs\":[\"https:\/\/www.facebook.com\/SonoraEE\"]}]}<\/script>\n ","yoast_head_json":{"title":"Sonora en Equipo. NAVOJOA. Alcaldesa Toma protesta a Juan Valenzuela Cota como Director de Contabilidad Municipios","description":"NAVOJOA, SONORA.MX. \u2014 La Alcaldesa Rosario Quintero Borb\u00f3n, tom\u00f3 protesta a Juan Alberto Valenzuela Cota, como Director de Contabilidad adscrito a la En Sonora en Equipo publicamos toda la informaci\u00f3n de Sonora, M\u00e9xico y el Mundo de manera oportuna y busca que la libertad de expresi\u00f3n sea real. Visita nuestro medio informativo publicado desde Hermosillo, Sonora. %","robots":{"index":"index","follow":"follow","max-snippet":"max-snippet:-1","max-image-preview":"max-image-preview:large","max-video-preview":"max-video-preview:-1"},"canonical":"https:\/\/www.sonoraenequipo.com.mx\/navojoa-alcaldesa-toma-protesta-a-juan-valenzuela-cota-como-director-de-contabilidad\/","og_locale":"es_ES","og_type":"article","og_title":"Sonora en Equipo. NAVOJOA. Alcaldesa Toma protesta a Juan Valenzuela Cota como Director de Contabilidad Municipios","og_description":"NAVOJOA, SONORA.MX. \u2014 La Alcaldesa Rosario Quintero Borb\u00f3n, tom\u00f3 protesta a Juan Alberto Valenzuela Cota, como Director de Contabilidad adscrito a la En Sonora en Equipo publicamos toda la informaci\u00f3n de Sonora, M\u00e9xico y el Mundo de manera oportuna y busca que la libertad de expresi\u00f3n sea real. Visita nuestro medio informativo publicado desde Hermosillo, Sonora. %","og_url":"https:\/\/www.sonoraenequipo.com.mx\/navojoa-alcaldesa-toma-protesta-a-juan-valenzuela-cota-como-director-de-contabilidad\/","og_site_name":"Sonora en Equipo.","article_publisher":"https:\/\/www.facebook.com\/SonoraEE\/","article_author":"https:\/\/www.facebook.com\/SonoraEE","article_published_time":"2020-06-06T17:42:07+00:00","article_modified_time":"2020-06-06T23:59:36+00:00","og_image":[{"width":600,"height":400,"url":"https:\/\/www.sonoraenequipo.com.mx\/storage\/2020\/06\/nuevofuncionario_navojoa_opt.jpg","type":"image\/jpeg"}],"author":"enequipo","twitter_card":"summary_large_image","twitter_creator":"@sonoraenequipo","twitter_site":"@sonoraenequipo","twitter_misc":{"Escrito por":"enequipo","Tiempo de lectura":"1 minuto"},"schema":{"@context":"https:\/\/schema.org","@graph":[{"@type":"Article","@id":"https:\/\/www.sonoraenequipo.com.mx\/navojoa-alcaldesa-toma-protesta-a-juan-valenzuela-cota-como-director-de-contabilidad\/#article","isPartOf":{"@id":"https:\/\/www.sonoraenequipo.com.mx\/navojoa-alcaldesa-toma-protesta-a-juan-valenzuela-cota-como-director-de-contabilidad\/"},"author":{"name":"enequipo","@id":"https:\/\/www.sonoraenequipo.com.mx\/#\/schema\/person\/50102df0fb23a8fa9e8effad8fa81386"},"headline":"NAVOJOA. Alcaldesa Toma protesta a Juan Valenzuela Cota como Director de Contabilidad","datePublished":"2020-06-06T17:42:07+00:00","dateModified":"2020-06-06T23:59:36+00:00","mainEntityOfPage":{"@id":"https:\/\/www.sonoraenequipo.com.mx\/navojoa-alcaldesa-toma-protesta-a-juan-valenzuela-cota-como-director-de-contabilidad\/"},"wordCount":220,"commentCount":0,"publisher":{"@id":"https:\/\/www.sonoraenequipo.com.mx\/#organization"},"image":{"@id":"https:\/\/www.sonoraenequipo.com.mx\/navojoa-alcaldesa-toma-protesta-a-juan-valenzuela-cota-como-director-de-contabilidad\/#primaryimage"},"thumbnailUrl":"https:\/\/www.sonoraenequipo.com.mx\/storage\/2020\/06\/nuevofuncionario_navojoa_opt.jpg","articleSection":["Municipios"],"inLanguage":"es","potentialAction":[{"@type":"CommentAction","name":"Comment","target":["https:\/\/www.sonoraenequipo.com.mx\/navojoa-alcaldesa-toma-protesta-a-juan-valenzuela-cota-como-director-de-contabilidad\/#respond"]}]},{"@type":"WebPage","@id":"https:\/\/www.sonoraenequipo.com.mx\/navojoa-alcaldesa-toma-protesta-a-juan-valenzuela-cota-como-director-de-contabilidad\/","url":"https:\/\/www.sonoraenequipo.com.mx\/navojoa-alcaldesa-toma-protesta-a-juan-valenzuela-cota-como-director-de-contabilidad\/","name":"Sonora en Equipo. NAVOJOA. Alcaldesa Toma protesta a Juan Valenzuela Cota como Director de Contabilidad Municipios","isPartOf":{"@id":"https:\/\/www.sonoraenequipo.com.mx\/#website"},"primaryImageOfPage":{"@id":"https:\/\/www.sonoraenequipo.com.mx\/navojoa-alcaldesa-toma-protesta-a-juan-valenzuela-cota-como-director-de-contabilidad\/#primaryimage"},"image":{"@id":"https:\/\/www.sonoraenequipo.com.mx\/navojoa-alcaldesa-toma-protesta-a-juan-valenzuela-cota-como-director-de-contabilidad\/#primaryimage"},"thumbnailUrl":"https:\/\/www.sonoraenequipo.com.mx\/storage\/2020\/06\/nuevofuncionario_navojoa_opt.jpg","datePublished":"2020-06-06T17:42:07+00:00","dateModified":"2020-06-06T23:59:36+00:00","description":"NAVOJOA, SONORA.MX. \u2014 La Alcaldesa Rosario Quintero Borb\u00f3n, tom\u00f3 protesta a Juan Alberto Valenzuela Cota, como Director de Contabilidad adscrito a la En Sonora en Equipo publicamos toda la informaci\u00f3n de Sonora, M\u00e9xico y el Mundo de manera oportuna y busca que la libertad de expresi\u00f3n sea real. Visita nuestro medio informativo publicado desde Hermosillo, Sonora. %","breadcrumb":{"@id":"https:\/\/www.sonoraenequipo.com.mx\/navojoa-alcaldesa-toma-protesta-a-juan-valenzuela-cota-como-director-de-contabilidad\/#breadcrumb"},"inLanguage":"es","potentialAction":[{"@type":"ReadAction","target":["https:\/\/www.sonoraenequipo.com.mx\/navojoa-alcaldesa-toma-protesta-a-juan-valenzuela-cota-como-director-de-contabilidad\/"]}]},{"@type":"ImageObject","inLanguage":"es","@id":"https:\/\/www.sonoraenequipo.com.mx\/navojoa-alcaldesa-toma-protesta-a-juan-valenzuela-cota-como-director-de-contabilidad\/#primaryimage","url":"https:\/\/www.sonoraenequipo.com.mx\/storage\/2020\/06\/nuevofuncionario_navojoa_opt.jpg","contentUrl":"https:\/\/www.sonoraenequipo.com.mx\/storage\/2020\/06\/nuevofuncionario_navojoa_opt.jpg","width":600,"height":400},{"@type":"BreadcrumbList","@id":"https:\/\/www.sonoraenequipo.com.mx\/navojoa-alcaldesa-toma-protesta-a-juan-valenzuela-cota-como-director-de-contabilidad\/#breadcrumb","itemListElement":[{"@type":"ListItem","position":1,"name":"Portada","item":"https:\/\/www.sonoraenequipo.com.mx\/"},{"@type":"ListItem","position":2,"name":"NAVOJOA. Alcaldesa Toma protesta a Juan Valenzuela Cota como Director de Contabilidad"}]},{"@type":"WebSite","@id":"https:\/\/www.sonoraenequipo.com.mx\/#website","url":"https:\/\/www.sonoraenequipo.com.mx\/","name":"Sonora en Equipo.","description":"Diario en l\u00ednea con Noticias desde Hermosillo, Sonora","publisher":{"@id":"https:\/\/www.sonoraenequipo.com.mx\/#organization"},"potentialAction":[{"@type":"SearchAction","target":{"@type":"EntryPoint","urlTemplate":"https:\/\/www.sonoraenequipo.com.mx\/?s={search_term_string}"},"query-input":{"@type":"PropertyValueSpecification","valueRequired":true,"valueName":"search_term_string"}}],"inLanguage":"es"},{"@type":"Organization","@id":"https:\/\/www.sonoraenequipo.com.mx\/#organization","name":"Sonoraenequipo.com.mx","url":"https:\/\/www.sonoraenequipo.com.mx\/","logo":{"@type":"ImageObject","inLanguage":"es","@id":"https:\/\/www.sonoraenequipo.com.mx\/#\/schema\/logo\/image\/","url":"https:\/\/www.sonoraenequipo.com.mx\/storage\/2019\/01\/sonoraenequipo_opt.png","contentUrl":"https:\/\/www.sonoraenequipo.com.mx\/storage\/2019\/01\/sonoraenequipo_opt.png","width":375,"height":125,"caption":"Sonoraenequipo.com.mx"},"image":{"@id":"https:\/\/www.sonoraenequipo.com.mx\/#\/schema\/logo\/image\/"},"sameAs":["https:\/\/www.facebook.com\/SonoraEE\/","https:\/\/x.com\/sonoraenequipo","https:\/\/www.youtube.com\/channel\/UC338nW-lPEYmJQs4ZABQ1SQ"]},{"@type":"Person","@id":"https:\/\/www.sonoraenequipo.com.mx\/#\/schema\/person\/50102df0fb23a8fa9e8effad8fa81386","name":"enequipo","image":{"@type":"ImageObject","inLanguage":"es","@id":"https:\/\/www.sonoraenequipo.com.mx\/#\/schema\/person\/image\/","url":"https:\/\/secure.gravatar.com\/avatar\/049821681b589dabc0bc20695993ccebb09f5b5d4d790cd9251b97faac7c652b?s=96&d=blank&r=g","contentUrl":"https:\/\/secure.gravatar.com\/avatar\/049821681b589dabc0bc20695993ccebb09f5b5d4d790cd9251b97faac7c652b?s=96&d=blank&r=g","caption":"enequipo"},"sameAs":["https:\/\/www.facebook.com\/SonoraEE"]}]}},"jetpack_featured_media_url":"https:\/\/www.sonoraenequipo.com.mx\/storage\/2020\/06\/nuevofuncionario_navojoa_opt.jpg","_links":{"self":[{"href":"https:\/\/www.sonoraenequipo.com.mx\/api\/wp\/v2\/posts\/86895","targetHints":{"allow":["GET"]}}],"collection":[{"href":"https:\/\/www.sonoraenequipo.com.mx\/api\/wp\/v2\/posts"}],"about":[{"href":"https:\/\/www.sonoraenequipo.com.mx\/api\/wp\/v2\/types\/post"}],"author":[{"embeddable":true,"href":"https:\/\/www.sonoraenequipo.com.mx\/api\/wp\/v2\/users\/1"}],"replies":[{"embeddable":true,"href":"https:\/\/www.sonoraenequipo.com.mx\/api\/wp\/v2\/comments?post=86895"}],"version-history":[{"count":0,"href":"https:\/\/www.sonoraenequipo.com.mx\/api\/wp\/v2\/posts\/86895\/revisions"}],"wp:featuredmedia":[{"embeddable":true,"href":"https:\/\/www.sonoraenequipo.com.mx\/api\/wp\/v2\/media\/86903"}],"wp:attachment":[{"href":"https:\/\/www.sonoraenequipo.com.mx\/api\/wp\/v2\/media?parent=86895"}],"wp:term":[{"taxonomy":"category","embeddable":true,"href":"https:\/\/www.sonoraenequipo.com.mx\/api\/wp\/v2\/categories?post=86895"},{"taxonomy":"post_tag","embeddable":true,"href":"https:\/\/www.sonoraenequipo.com.mx\/api\/wp\/v2\/tags?post=86895"}],"curies":[{"name":"wp","href":"https:\/\/api.w.org\/{rel}","templated":true}]}}