{"id":87396,"date":"2020-06-14T16:28:05","date_gmt":"2020-06-14T23:28:05","guid":{"rendered":"https:\/\/www.sonoraenequipo.com.mx\/?p=87396"},"modified":"2020-06-14T16:28:05","modified_gmt":"2020-06-14T23:28:05","slug":"en-colima-petroglifo-usado-como-piedra-mapa-tendria-alrededor-de-dos-mil-anos","status":"publish","type":"post","link":"https:\/\/www.sonoraenequipo.com.mx\/en-colima-petroglifo-usado-como-piedra-mapa-tendria-alrededor-de-dos-mil-anos\/","title":{"rendered":"En Colima, petroglifo usado como \u2018piedra-mapa\u2019 tendr\u00eda alrededor de dos mil a\u00f1os"},"content":{"rendered":"<h4>&gt;&gt;Personal del INAH en la entidad inspeccion\u00f3 el bien cultural, cuyos dise\u00f1os se asocian a la tradici\u00f3n \u2018tumbas de tiro\u2019, fechada entre los a\u00f1os 200 a.C. y 200 d.C.<\/h4>\n<h4>&gt;&gt;Orientada en su superficie principal al volc\u00e1n de Fuego, la piedra tiene oquedades que representar\u00edan aldeas, as\u00ed como l\u00edneas asociadas con veras hidrol\u00f3gicas y accidentes orogr\u00e1ficos<\/h4>\n<p>COMALA, COLIMA.- Hace milenios, el volc\u00e1n de Fuego de Colima arroj\u00f3 una pesada roca bas\u00e1ltica que, conducida por la furia eruptiva, lleg\u00f3 a m\u00e1s de 14 kil\u00f3metros al sur, hasta la actual Cofrad\u00eda de Suchitl\u00e1n, donde los habitantes prehisp\u00e1nicos de Colima la tallaron meticulosamente hasta convertirla en un \u2018mapa\u2019 de su territorio. <\/p>\n<p>&nbsp;<\/p>\n<p>All\u00ed mismo, en el predio particular donde yace, el petroglifo fue registrado el pasado 7 de junio, por especialistas del Instituto Nacional de Antropolog\u00eda e Historia (INAH), luego que d\u00edas antes fue presentada una denuncia ciudadana al Centro INAH Colima.<\/p>\n<p>&nbsp;<\/p>\n<p>&nbsp;<\/p>\n<p>El titular del INAH en la entidad, Julio Ignacio Mart\u00ednez de la Rosa, inform\u00f3 que la hip\u00f3tesis de que se trata de una \u2018piedra-mapa\u2019, se basa en el an\u00e1lisis de sus dise\u00f1os y patrones, as\u00ed como en la existencia de m\u00faltiples elementos similares en el estado. \u201cTan solo en la Zona Arqueol\u00f3gica de La Campana, en la capital estatal, hemos contabilizado m\u00e1s de 100 petroglifos\u201d, comenta.<\/p>\n<p>A su vez, el arque\u00f3logo Rafael Platas Ruiz, designado para la inspecci\u00f3n del bien cultural, se\u00f1ala que en \u00e9l se aprecian al menos tres t\u00e9cnicas de grabado \u2013pulido, picoteo y desgaste\u2013, las cuales se usaron para representar el paisaje orogr\u00e1fico y geogr\u00e1fico de la ladera sur del volc\u00e1n, surcada por barrancas, escurrimientos y r\u00edos que bajan del promontorio geol\u00f3gico.<\/p>\n<p>La parte m\u00e1s alta de la piedra \u2013de 1.70 metros de altura, un ancho irregular de entre 2.12 y 2.77 m y espesor de entre 60 cent\u00edmetros y 1.70 m\u2013 guarda un eje de aproximadamente 20\u00b0 al noreste, es decir, est\u00e1 orientada al volc\u00e1n de Fuego\u201d.<\/p>\n<p>&nbsp;<\/p>\n<p>El investigador del Centro INAH Colima abunda que en la superficie principal del petroglifo, alineada con el coloso y que tambi\u00e9n presenta un descenso hacia el sur, se labraron peque\u00f1as oquedades circulares, las cuales representar\u00edan la ubicaci\u00f3n de comunidades antiguas. Asimismo, en la cara este, se aprecian l\u00edneas que aluden a la orograf\u00eda de la regi\u00f3n, abundante en veras hidrol\u00f3gicas y escurrimientos naturales.<\/p>\n<p>Sin duda, estas \u2018piedras-mapa\u2019 ayudaban a conocer y facilitar el manejo de los terrenos. Adem\u00e1s, eran una forma de preservar el conocimiento de una generaci\u00f3n a otra, en una \u00e9poca en la que no exist\u00eda la escritura en el territorio que hoy es Colima\u201d.<\/p>\n<p>&nbsp;<\/p>\n<p>Sobre la temporalidad del contexto, Platas Ruiz aclara que, si bien en el terreno donde yace la roca se reconocieron tiestos cer\u00e1micos asociados a la fase Chanal o Poscl\u00e1sico Colimense (1000\u20131500 d.C.), el petroglifo ser\u00eda anterior a esta ocupaci\u00f3n, cuyos vestigios habitacionales, que se sabe fueron hechos con materiales perecederos, han resentido por d\u00e9cadas el efecto del cultivo ca\u00f1ero en la regi\u00f3n.<\/p>\n<p>&nbsp;<\/p>\n<p>La piedra no se asocia a la fase Chanal. Sus dise\u00f1os y t\u00e9cnicas de tallado guardan mayor relaci\u00f3n con la tradici\u00f3n \u2018tumbas de tiro\u2019, la cual hemos fechado entre los a\u00f1os 200 a.C. y 200 d.C., esto es, en el intermedio de los periodos Precl\u00e1sico Tard\u00edo y Cl\u00e1sico Temprano\u201d.<\/p>\n<p>&nbsp;<\/p>\n<p>Cabe destacar que tras la inspecci\u00f3n in situ, se elabor\u00f3 la c\u00e9dula del contexto arqueol\u00f3gico a fin de expeditar su inscripci\u00f3n en el Sistema \u00danico de Registro P\u00fablico de Monumentos y Zonas Arqueol\u00f3gicos e Hist\u00f3ricos del INAH.<\/p>\n<p>&nbsp;<\/p>\n<p>&nbsp;<\/p>\n<p>&nbsp;<\/p>\n<p>\u201cTras ello, comenta Mart\u00ednez de la Rosa, se entregar\u00e1 al propietario del predio una carta de notificaci\u00f3n sobre la citada inscripci\u00f3n, en la cual se le solicitar\u00e1 su apoyo para la correcta conservaci\u00f3n, apegada a la ley, del bien patrimonial.<\/p>\n<p>&nbsp;<\/p>\n<p>&nbsp;<\/p>\n<p>&nbsp;<\/p>\n<p>\u201cLa decisi\u00f3n de si el petroglifo ser\u00e1 abierto o no a la visita p\u00fablica, refiere el director del Centro INAH Colima, deber\u00e1 ser estudiada entre el Instituto, el municipio de Comala y el titular del terreno privado.<\/p>\n<p>\u201cEste es un caso que nos habla de dos aspectos: por un lado, nos recuerda el saber que debieron acumular los talladores y observadores antiguos, quienes crearon esta elaborada pieza. Y por otro, es un reconocimiento para el INAH por parte de la sociedad colimense, ya que la denuncia ciudadana demuestra confianza en los procesos y el trabajo que por d\u00e9cadas ha desarrollado nuestra instituci\u00f3n\u201d, finaliza.<\/p>\n<p>&nbsp;<\/p>\n<p>Fecha de Publicaci\u00f3n 14\/jun\/2020<\/p>\n","protected":false},"excerpt":{"rendered":"<p>&gt;&gt;Personal del INAH en la entidad inspeccion\u00f3 el bien cultural, cuyos dise\u00f1os se asocian a&#8230;<\/p>\n","protected":false},"author":1,"featured_media":87398,"comment_status":"open","ping_status":"open","sticky":false,"template":"","format":"standard","meta":{"_monsterinsights_skip_tracking":false,"_monsterinsights_sitenote_active":false,"_monsterinsights_sitenote_note":"","_monsterinsights_sitenote_category":0,"footnotes":""},"categories":[2216],"tags":[4493],"class_list":["post"],"yoast_head":" \n<title>Sonora en Equipo. En Colima, petroglifo usado como \u2018piedra-mapa\u2019 tendr\u00eda alrededor de dos mil a\u00f1os Ciencia y Tecnolog\u00eda<\/title>\n<meta name=\"description\" content=\"&gt;&gt;Personal del INAH en la entidad inspeccion\u00f3 el bien cultural, cuyos dise\u00f1os se asocian a la tradici\u00f3n \u2018tumbas de tiro\u2019, fechada entre los a\u00f1os 200 En Sonora en Equipo publicamos toda la informaci\u00f3n de Sonora, M\u00e9xico y el Mundo de manera oportuna y busca que la libertad de expresi\u00f3n sea real. Visita nuestro medio informativo publicado desde Hermosillo, Sonora. %\" \/>\n<meta name=\"robots\" content=\"index, follow, max-snippet:-1, max-image-preview:large, max-video-preview:-1\" \/>\n<link rel=\"canonical\" href=\"https:\/\/www.sonoraenequipo.com.mx\/en-colima-petroglifo-usado-como-piedra-mapa-tendria-alrededor-de-dos-mil-anos\/\" \/>\n<meta property=\"og:locale\" content=\"es_ES\" \/>\n<meta property=\"og:type\" content=\"article\" \/>\n<meta property=\"og:title\" content=\"Sonora en Equipo. En Colima, petroglifo usado como \u2018piedra-mapa\u2019 tendr\u00eda alrededor de dos mil a\u00f1os Ciencia y Tecnolog\u00eda\" \/>\n<meta property=\"og:description\" content=\"&gt;&gt;Personal del INAH en la entidad inspeccion\u00f3 el bien cultural, cuyos dise\u00f1os se asocian a la tradici\u00f3n \u2018tumbas de tiro\u2019, fechada entre los a\u00f1os 200 En Sonora en Equipo publicamos toda la informaci\u00f3n de Sonora, M\u00e9xico y el Mundo de manera oportuna y busca que la libertad de expresi\u00f3n sea real. Visita nuestro medio informativo publicado desde Hermosillo, Sonora. %\" \/>\n<meta property=\"og:url\" content=\"https:\/\/www.sonoraenequipo.com.mx\/en-colima-petroglifo-usado-como-piedra-mapa-tendria-alrededor-de-dos-mil-anos\/\" \/>\n<meta property=\"og:site_name\" content=\"Sonora en Equipo.\" \/>\n<meta property=\"article:publisher\" content=\"https:\/\/www.facebook.com\/SonoraEE\/\" \/>\n<meta property=\"article:author\" content=\"https:\/\/www.facebook.com\/SonoraEE\" \/>\n<meta property=\"article:published_time\" content=\"2020-06-14T23:28:05+00:00\" \/>\n<meta property=\"og:image\" content=\"https:\/\/www.sonoraenequipo.com.mx\/storage\/2020\/06\/mapa-piedra.jpg\" \/>\n\t<meta property=\"og:image:width\" content=\"600\" \/>\n\t<meta property=\"og:image:height\" content=\"400\" \/>\n\t<meta property=\"og:image:type\" content=\"image\/jpeg\" \/>\n<meta name=\"author\" content=\"enequipo\" \/>\n<meta name=\"twitter:card\" content=\"summary_large_image\" \/>\n<meta name=\"twitter:creator\" content=\"@sonoraenequipo\" \/>\n<meta name=\"twitter:site\" content=\"@sonoraenequipo\" \/>\n<meta name=\"twitter:label1\" content=\"Escrito por\" \/>\n\t<meta name=\"twitter:data1\" content=\"enequipo\" \/>\n\t<meta name=\"twitter:label2\" content=\"Tiempo de lectura\" \/>\n\t<meta name=\"twitter:data2\" content=\"4 minutos\" \/>\n<script type=\"application\/ld+json\" class=\"yoast-schema-graph\">{\"@context\":\"https:\/\/schema.org\",\"@graph\":[{\"@type\":\"Article\",\"@id\":\"https:\/\/www.sonoraenequipo.com.mx\/en-colima-petroglifo-usado-como-piedra-mapa-tendria-alrededor-de-dos-mil-anos\/#article\",\"isPartOf\":{\"@id\":\"https:\/\/www.sonoraenequipo.com.mx\/en-colima-petroglifo-usado-como-piedra-mapa-tendria-alrededor-de-dos-mil-anos\/\"},\"author\":{\"name\":\"enequipo\",\"@id\":\"https:\/\/www.sonoraenequipo.com.mx\/#\/schema\/person\/50102df0fb23a8fa9e8effad8fa81386\"},\"headline\":\"En Colima, petroglifo usado como \u2018piedra-mapa\u2019 tendr\u00eda alrededor de dos mil a\u00f1os\",\"datePublished\":\"2020-06-14T23:28:05+00:00\",\"mainEntityOfPage\":{\"@id\":\"https:\/\/www.sonoraenequipo.com.mx\/en-colima-petroglifo-usado-como-piedra-mapa-tendria-alrededor-de-dos-mil-anos\/\"},\"wordCount\":822,\"commentCount\":0,\"publisher\":{\"@id\":\"https:\/\/www.sonoraenequipo.com.mx\/#organization\"},\"image\":{\"@id\":\"https:\/\/www.sonoraenequipo.com.mx\/en-colima-petroglifo-usado-como-piedra-mapa-tendria-alrededor-de-dos-mil-anos\/#primaryimage\"},\"thumbnailUrl\":\"https:\/\/www.sonoraenequipo.com.mx\/storage\/2020\/06\/mapa-piedra.jpg\",\"keywords\":[\"volc\u00e1n de Fuego de Colima\"],\"articleSection\":[\"Ciencia y Tecnolog\u00eda\"],\"inLanguage\":\"es\",\"potentialAction\":[{\"@type\":\"CommentAction\",\"name\":\"Comment\",\"target\":[\"https:\/\/www.sonoraenequipo.com.mx\/en-colima-petroglifo-usado-como-piedra-mapa-tendria-alrededor-de-dos-mil-anos\/#respond\"]}]},{\"@type\":\"WebPage\",\"@id\":\"https:\/\/www.sonoraenequipo.com.mx\/en-colima-petroglifo-usado-como-piedra-mapa-tendria-alrededor-de-dos-mil-anos\/\",\"url\":\"https:\/\/www.sonoraenequipo.com.mx\/en-colima-petroglifo-usado-como-piedra-mapa-tendria-alrededor-de-dos-mil-anos\/\",\"name\":\"Sonora en Equipo. En Colima, petroglifo usado como \u2018piedra-mapa\u2019 tendr\u00eda alrededor de dos mil a\u00f1os Ciencia y Tecnolog\u00eda\",\"isPartOf\":{\"@id\":\"https:\/\/www.sonoraenequipo.com.mx\/#website\"},\"primaryImageOfPage\":{\"@id\":\"https:\/\/www.sonoraenequipo.com.mx\/en-colima-petroglifo-usado-como-piedra-mapa-tendria-alrededor-de-dos-mil-anos\/#primaryimage\"},\"image\":{\"@id\":\"https:\/\/www.sonoraenequipo.com.mx\/en-colima-petroglifo-usado-como-piedra-mapa-tendria-alrededor-de-dos-mil-anos\/#primaryimage\"},\"thumbnailUrl\":\"https:\/\/www.sonoraenequipo.com.mx\/storage\/2020\/06\/mapa-piedra.jpg\",\"datePublished\":\"2020-06-14T23:28:05+00:00\",\"description\":\"&gt;&gt;Personal del INAH en la entidad inspeccion\u00f3 el bien cultural, cuyos dise\u00f1os se asocian a la tradici\u00f3n \u2018tumbas de tiro\u2019, fechada entre los a\u00f1os 200 En Sonora en Equipo publicamos toda la informaci\u00f3n de Sonora, M\u00e9xico y el Mundo de manera oportuna y busca que la libertad de expresi\u00f3n sea real. Visita nuestro medio informativo publicado desde Hermosillo, Sonora. %\",\"breadcrumb\":{\"@id\":\"https:\/\/www.sonoraenequipo.com.mx\/en-colima-petroglifo-usado-como-piedra-mapa-tendria-alrededor-de-dos-mil-anos\/#breadcrumb\"},\"inLanguage\":\"es\",\"potentialAction\":[{\"@type\":\"ReadAction\",\"target\":[\"https:\/\/www.sonoraenequipo.com.mx\/en-colima-petroglifo-usado-como-piedra-mapa-tendria-alrededor-de-dos-mil-anos\/\"]}]},{\"@type\":\"ImageObject\",\"inLanguage\":\"es\",\"@id\":\"https:\/\/www.sonoraenequipo.com.mx\/en-colima-petroglifo-usado-como-piedra-mapa-tendria-alrededor-de-dos-mil-anos\/#primaryimage\",\"url\":\"https:\/\/www.sonoraenequipo.com.mx\/storage\/2020\/06\/mapa-piedra.jpg\",\"contentUrl\":\"https:\/\/www.sonoraenequipo.com.mx\/storage\/2020\/06\/mapa-piedra.jpg\",\"width\":600,\"height\":400,\"caption\":\"Foto: Rafael Platas Ruiz. INAH-COLIMA\"},{\"@type\":\"BreadcrumbList\",\"@id\":\"https:\/\/www.sonoraenequipo.com.mx\/en-colima-petroglifo-usado-como-piedra-mapa-tendria-alrededor-de-dos-mil-anos\/#breadcrumb\",\"itemListElement\":[{\"@type\":\"ListItem\",\"position\":1,\"name\":\"Portada\",\"item\":\"https:\/\/www.sonoraenequipo.com.mx\/\"},{\"@type\":\"ListItem\",\"position\":2,\"name\":\"En Colima, petroglifo usado como \u2018piedra-mapa\u2019 tendr\u00eda alrededor de dos mil a\u00f1os\"}]},{\"@type\":\"WebSite\",\"@id\":\"https:\/\/www.sonoraenequipo.com.mx\/#website\",\"url\":\"https:\/\/www.sonoraenequipo.com.mx\/\",\"name\":\"Sonora en Equipo.\",\"description\":\"Diario en l\u00ednea con Noticias desde Hermosillo, Sonora\",\"publisher\":{\"@id\":\"https:\/\/www.sonoraenequipo.com.mx\/#organization\"},\"potentialAction\":[{\"@type\":\"SearchAction\",\"target\":{\"@type\":\"EntryPoint\",\"urlTemplate\":\"https:\/\/www.sonoraenequipo.com.mx\/?s={search_term_string}\"},\"query-input\":{\"@type\":\"PropertyValueSpecification\",\"valueRequired\":true,\"valueName\":\"search_term_string\"}}],\"inLanguage\":\"es\"},{\"@type\":\"Organization\",\"@id\":\"https:\/\/www.sonoraenequipo.com.mx\/#organization\",\"name\":\"Sonoraenequipo.com.mx\",\"url\":\"https:\/\/www.sonoraenequipo.com.mx\/\",\"logo\":{\"@type\":\"ImageObject\",\"inLanguage\":\"es\",\"@id\":\"https:\/\/www.sonoraenequipo.com.mx\/#\/schema\/logo\/image\/\",\"url\":\"https:\/\/www.sonoraenequipo.com.mx\/storage\/2019\/01\/sonoraenequipo_opt.png\",\"contentUrl\":\"https:\/\/www.sonoraenequipo.com.mx\/storage\/2019\/01\/sonoraenequipo_opt.png\",\"width\":375,\"height\":125,\"caption\":\"Sonoraenequipo.com.mx\"},\"image\":{\"@id\":\"https:\/\/www.sonoraenequipo.com.mx\/#\/schema\/logo\/image\/\"},\"sameAs\":[\"https:\/\/www.facebook.com\/SonoraEE\/\",\"https:\/\/x.com\/sonoraenequipo\",\"https:\/\/www.youtube.com\/channel\/UC338nW-lPEYmJQs4ZABQ1SQ\"]},{\"@type\":\"Person\",\"@id\":\"https:\/\/www.sonoraenequipo.com.mx\/#\/schema\/person\/50102df0fb23a8fa9e8effad8fa81386\",\"name\":\"enequipo\",\"image\":{\"@type\":\"ImageObject\",\"inLanguage\":\"es\",\"@id\":\"https:\/\/www.sonoraenequipo.com.mx\/#\/schema\/person\/image\/\",\"url\":\"https:\/\/secure.gravatar.com\/avatar\/049821681b589dabc0bc20695993ccebb09f5b5d4d790cd9251b97faac7c652b?s=96&d=blank&r=g\",\"contentUrl\":\"https:\/\/secure.gravatar.com\/avatar\/049821681b589dabc0bc20695993ccebb09f5b5d4d790cd9251b97faac7c652b?s=96&d=blank&r=g\",\"caption\":\"enequipo\"},\"sameAs\":[\"https:\/\/www.facebook.com\/SonoraEE\"]}]}<\/script>\n ","yoast_head_json":{"title":"Sonora en Equipo. En Colima, petroglifo usado como \u2018piedra-mapa\u2019 tendr\u00eda alrededor de dos mil a\u00f1os Ciencia y Tecnolog\u00eda","description":"&gt;&gt;Personal del INAH en la entidad inspeccion\u00f3 el bien cultural, cuyos dise\u00f1os se asocian a la tradici\u00f3n \u2018tumbas de tiro\u2019, fechada entre los a\u00f1os 200 En Sonora en Equipo publicamos toda la informaci\u00f3n de Sonora, M\u00e9xico y el Mundo de manera oportuna y busca que la libertad de expresi\u00f3n sea real. Visita nuestro medio informativo publicado desde Hermosillo, Sonora. %","robots":{"index":"index","follow":"follow","max-snippet":"max-snippet:-1","max-image-preview":"max-image-preview:large","max-video-preview":"max-video-preview:-1"},"canonical":"https:\/\/www.sonoraenequipo.com.mx\/en-colima-petroglifo-usado-como-piedra-mapa-tendria-alrededor-de-dos-mil-anos\/","og_locale":"es_ES","og_type":"article","og_title":"Sonora en Equipo. En Colima, petroglifo usado como \u2018piedra-mapa\u2019 tendr\u00eda alrededor de dos mil a\u00f1os Ciencia y Tecnolog\u00eda","og_description":"&gt;&gt;Personal del INAH en la entidad inspeccion\u00f3 el bien cultural, cuyos dise\u00f1os se asocian a la tradici\u00f3n \u2018tumbas de tiro\u2019, fechada entre los a\u00f1os 200 En Sonora en Equipo publicamos toda la informaci\u00f3n de Sonora, M\u00e9xico y el Mundo de manera oportuna y busca que la libertad de expresi\u00f3n sea real. Visita nuestro medio informativo publicado desde Hermosillo, Sonora. %","og_url":"https:\/\/www.sonoraenequipo.com.mx\/en-colima-petroglifo-usado-como-piedra-mapa-tendria-alrededor-de-dos-mil-anos\/","og_site_name":"Sonora en Equipo.","article_publisher":"https:\/\/www.facebook.com\/SonoraEE\/","article_author":"https:\/\/www.facebook.com\/SonoraEE","article_published_time":"2020-06-14T23:28:05+00:00","og_image":[{"width":600,"height":400,"url":"https:\/\/www.sonoraenequipo.com.mx\/storage\/2020\/06\/mapa-piedra.jpg","type":"image\/jpeg"}],"author":"enequipo","twitter_card":"summary_large_image","twitter_creator":"@sonoraenequipo","twitter_site":"@sonoraenequipo","twitter_misc":{"Escrito por":"enequipo","Tiempo de lectura":"4 minutos"},"schema":{"@context":"https:\/\/schema.org","@graph":[{"@type":"Article","@id":"https:\/\/www.sonoraenequipo.com.mx\/en-colima-petroglifo-usado-como-piedra-mapa-tendria-alrededor-de-dos-mil-anos\/#article","isPartOf":{"@id":"https:\/\/www.sonoraenequipo.com.mx\/en-colima-petroglifo-usado-como-piedra-mapa-tendria-alrededor-de-dos-mil-anos\/"},"author":{"name":"enequipo","@id":"https:\/\/www.sonoraenequipo.com.mx\/#\/schema\/person\/50102df0fb23a8fa9e8effad8fa81386"},"headline":"En Colima, petroglifo usado como \u2018piedra-mapa\u2019 tendr\u00eda alrededor de dos mil a\u00f1os","datePublished":"2020-06-14T23:28:05+00:00","mainEntityOfPage":{"@id":"https:\/\/www.sonoraenequipo.com.mx\/en-colima-petroglifo-usado-como-piedra-mapa-tendria-alrededor-de-dos-mil-anos\/"},"wordCount":822,"commentCount":0,"publisher":{"@id":"https:\/\/www.sonoraenequipo.com.mx\/#organization"},"image":{"@id":"https:\/\/www.sonoraenequipo.com.mx\/en-colima-petroglifo-usado-como-piedra-mapa-tendria-alrededor-de-dos-mil-anos\/#primaryimage"},"thumbnailUrl":"https:\/\/www.sonoraenequipo.com.mx\/storage\/2020\/06\/mapa-piedra.jpg","keywords":["volc\u00e1n de Fuego de Colima"],"articleSection":["Ciencia y Tecnolog\u00eda"],"inLanguage":"es","potentialAction":[{"@type":"CommentAction","name":"Comment","target":["https:\/\/www.sonoraenequipo.com.mx\/en-colima-petroglifo-usado-como-piedra-mapa-tendria-alrededor-de-dos-mil-anos\/#respond"]}]},{"@type":"WebPage","@id":"https:\/\/www.sonoraenequipo.com.mx\/en-colima-petroglifo-usado-como-piedra-mapa-tendria-alrededor-de-dos-mil-anos\/","url":"https:\/\/www.sonoraenequipo.com.mx\/en-colima-petroglifo-usado-como-piedra-mapa-tendria-alrededor-de-dos-mil-anos\/","name":"Sonora en Equipo. En Colima, petroglifo usado como \u2018piedra-mapa\u2019 tendr\u00eda alrededor de dos mil a\u00f1os Ciencia y Tecnolog\u00eda","isPartOf":{"@id":"https:\/\/www.sonoraenequipo.com.mx\/#website"},"primaryImageOfPage":{"@id":"https:\/\/www.sonoraenequipo.com.mx\/en-colima-petroglifo-usado-como-piedra-mapa-tendria-alrededor-de-dos-mil-anos\/#primaryimage"},"image":{"@id":"https:\/\/www.sonoraenequipo.com.mx\/en-colima-petroglifo-usado-como-piedra-mapa-tendria-alrededor-de-dos-mil-anos\/#primaryimage"},"thumbnailUrl":"https:\/\/www.sonoraenequipo.com.mx\/storage\/2020\/06\/mapa-piedra.jpg","datePublished":"2020-06-14T23:28:05+00:00","description":"&gt;&gt;Personal del INAH en la entidad inspeccion\u00f3 el bien cultural, cuyos dise\u00f1os se asocian a la tradici\u00f3n \u2018tumbas de tiro\u2019, fechada entre los a\u00f1os 200 En Sonora en Equipo publicamos toda la informaci\u00f3n de Sonora, M\u00e9xico y el Mundo de manera oportuna y busca que la libertad de expresi\u00f3n sea real. Visita nuestro medio informativo publicado desde Hermosillo, Sonora. %","breadcrumb":{"@id":"https:\/\/www.sonoraenequipo.com.mx\/en-colima-petroglifo-usado-como-piedra-mapa-tendria-alrededor-de-dos-mil-anos\/#breadcrumb"},"inLanguage":"es","potentialAction":[{"@type":"ReadAction","target":["https:\/\/www.sonoraenequipo.com.mx\/en-colima-petroglifo-usado-como-piedra-mapa-tendria-alrededor-de-dos-mil-anos\/"]}]},{"@type":"ImageObject","inLanguage":"es","@id":"https:\/\/www.sonoraenequipo.com.mx\/en-colima-petroglifo-usado-como-piedra-mapa-tendria-alrededor-de-dos-mil-anos\/#primaryimage","url":"https:\/\/www.sonoraenequipo.com.mx\/storage\/2020\/06\/mapa-piedra.jpg","contentUrl":"https:\/\/www.sonoraenequipo.com.mx\/storage\/2020\/06\/mapa-piedra.jpg","width":600,"height":400,"caption":"Foto: Rafael Platas Ruiz. INAH-COLIMA"},{"@type":"BreadcrumbList","@id":"https:\/\/www.sonoraenequipo.com.mx\/en-colima-petroglifo-usado-como-piedra-mapa-tendria-alrededor-de-dos-mil-anos\/#breadcrumb","itemListElement":[{"@type":"ListItem","position":1,"name":"Portada","item":"https:\/\/www.sonoraenequipo.com.mx\/"},{"@type":"ListItem","position":2,"name":"En Colima, petroglifo usado como \u2018piedra-mapa\u2019 tendr\u00eda alrededor de dos mil a\u00f1os"}]},{"@type":"WebSite","@id":"https:\/\/www.sonoraenequipo.com.mx\/#website","url":"https:\/\/www.sonoraenequipo.com.mx\/","name":"Sonora en Equipo.","description":"Diario en l\u00ednea con Noticias desde Hermosillo, Sonora","publisher":{"@id":"https:\/\/www.sonoraenequipo.com.mx\/#organization"},"potentialAction":[{"@type":"SearchAction","target":{"@type":"EntryPoint","urlTemplate":"https:\/\/www.sonoraenequipo.com.mx\/?s={search_term_string}"},"query-input":{"@type":"PropertyValueSpecification","valueRequired":true,"valueName":"search_term_string"}}],"inLanguage":"es"},{"@type":"Organization","@id":"https:\/\/www.sonoraenequipo.com.mx\/#organization","name":"Sonoraenequipo.com.mx","url":"https:\/\/www.sonoraenequipo.com.mx\/","logo":{"@type":"ImageObject","inLanguage":"es","@id":"https:\/\/www.sonoraenequipo.com.mx\/#\/schema\/logo\/image\/","url":"https:\/\/www.sonoraenequipo.com.mx\/storage\/2019\/01\/sonoraenequipo_opt.png","contentUrl":"https:\/\/www.sonoraenequipo.com.mx\/storage\/2019\/01\/sonoraenequipo_opt.png","width":375,"height":125,"caption":"Sonoraenequipo.com.mx"},"image":{"@id":"https:\/\/www.sonoraenequipo.com.mx\/#\/schema\/logo\/image\/"},"sameAs":["https:\/\/www.facebook.com\/SonoraEE\/","https:\/\/x.com\/sonoraenequipo","https:\/\/www.youtube.com\/channel\/UC338nW-lPEYmJQs4ZABQ1SQ"]},{"@type":"Person","@id":"https:\/\/www.sonoraenequipo.com.mx\/#\/schema\/person\/50102df0fb23a8fa9e8effad8fa81386","name":"enequipo","image":{"@type":"ImageObject","inLanguage":"es","@id":"https:\/\/www.sonoraenequipo.com.mx\/#\/schema\/person\/image\/","url":"https:\/\/secure.gravatar.com\/avatar\/049821681b589dabc0bc20695993ccebb09f5b5d4d790cd9251b97faac7c652b?s=96&d=blank&r=g","contentUrl":"https:\/\/secure.gravatar.com\/avatar\/049821681b589dabc0bc20695993ccebb09f5b5d4d790cd9251b97faac7c652b?s=96&d=blank&r=g","caption":"enequipo"},"sameAs":["https:\/\/www.facebook.com\/SonoraEE"]}]}},"jetpack_featured_media_url":"https:\/\/www.sonoraenequipo.com.mx\/storage\/2020\/06\/mapa-piedra.jpg","_links":{"self":[{"href":"https:\/\/www.sonoraenequipo.com.mx\/api\/wp\/v2\/posts\/87396","targetHints":{"allow":["GET"]}}],"collection":[{"href":"https:\/\/www.sonoraenequipo.com.mx\/api\/wp\/v2\/posts"}],"about":[{"href":"https:\/\/www.sonoraenequipo.com.mx\/api\/wp\/v2\/types\/post"}],"author":[{"embeddable":true,"href":"https:\/\/www.sonoraenequipo.com.mx\/api\/wp\/v2\/users\/1"}],"replies":[{"embeddable":true,"href":"https:\/\/www.sonoraenequipo.com.mx\/api\/wp\/v2\/comments?post=87396"}],"version-history":[{"count":0,"href":"https:\/\/www.sonoraenequipo.com.mx\/api\/wp\/v2\/posts\/87396\/revisions"}],"wp:featuredmedia":[{"embeddable":true,"href":"https:\/\/www.sonoraenequipo.com.mx\/api\/wp\/v2\/media\/87398"}],"wp:attachment":[{"href":"https:\/\/www.sonoraenequipo.com.mx\/api\/wp\/v2\/media?parent=87396"}],"wp:term":[{"taxonomy":"category","embeddable":true,"href":"https:\/\/www.sonoraenequipo.com.mx\/api\/wp\/v2\/categories?post=87396"},{"taxonomy":"post_tag","embeddable":true,"href":"https:\/\/www.sonoraenequipo.com.mx\/api\/wp\/v2\/tags?post=87396"}],"curies":[{"name":"wp","href":"https:\/\/api.w.org\/{rel}","templated":true}]}}