{"id":87777,"date":"2020-06-19T11:11:24","date_gmt":"2020-06-19T18:11:24","guid":{"rendered":"https:\/\/www.sonoraenequipo.com.mx\/?p=87777"},"modified":"2020-06-19T11:12:12","modified_gmt":"2020-06-19T18:12:12","slug":"sheinbaum-inaugura-puente-vehicular-en-eje-6-sur","status":"publish","type":"post","link":"https:\/\/www.sonoraenequipo.com.mx\/sheinbaum-inaugura-puente-vehicular-en-eje-6-sur\/","title":{"rendered":"Sheinbaum inaugura puente vehicular en Eje 6 Sur"},"content":{"rendered":"<p>CIUDAD DE M\u00c9XICO. MX. \u2014 La jefa de Gobierno de la Ciudad de M\u00e9xico, Claudia Sheinbaum, inaugur\u00f3 este jueves el puente vehicular de Circuito Interior y Eje 6 Sur, en Iztapalapa.<\/p>\n<p>&nbsp;<\/p>\n<p> <\/p>\n<p>&nbsp;<\/p>\n<p>&nbsp;<\/p>\n<p>Esta obra tuvo una inversi\u00f3n de 170 millones de pesos, se agregaron dos brazos al puente de R\u00edo Churubusco con dos carriles cada uno que permiten la incorporaci\u00f3n hacia el Eje 6 Sur y el Eje 4 Oriente, facilitando el acceso a la Central de Abasto.<\/p>\n<p>&nbsp;<\/p>\n<p>&nbsp;<\/p>\n<p>Esta vialidad tiene 570 metros de longitud y beneficiar\u00e1 a m\u00e1s de 500 mil personas diariamente que transitan en la zona.<\/p>\n<p>&nbsp;<\/p>\n<p>&nbsp;<\/p>\n<p>Adem\u00e1s se habilitaron 9 cruces peatonales, se mejor\u00f3 el entorno con \u00e1reas verdes, plantaci\u00f3n de \u00e1rboles, pavimentaci\u00f3n y luminarias.<\/p>\n<p>&nbsp;<\/p>\n<p>&nbsp;<\/p>\n<p>Nuestro agradecimiento a l@s trabajadores, ingenieros y colaboradores de la dependencia por su compromiso y esfuerzo durante la pandemia; gracias a ello hoy la #JefaDeGobierno pone al servicio de la ciudadan\u00eda el Puente Vehicular Eje 6 Sur.<\/p>\n<p>&nbsp;<\/p>\n<p>&nbsp;<\/p>\n<p>(PUBLICADO EL 19\/06\/2020)<\/p>\n","protected":false},"excerpt":{"rendered":"<p>CIUDAD DE M\u00c9XICO. MX. \u2014 La jefa de Gobierno de la Ciudad de M\u00e9xico, Claudia&#8230;<\/p>\n","protected":false},"author":1,"featured_media":87778,"comment_status":"open","ping_status":"open","sticky":false,"template":"","format":"standard","meta":{"_monsterinsights_skip_tracking":false,"_monsterinsights_sitenote_active":false,"_monsterinsights_sitenote_note":"","_monsterinsights_sitenote_category":0,"footnotes":""},"categories":[5],"tags":[],"class_list":["post"],"yoast_head":" \n<title>Sonora en Equipo. Sheinbaum inaugura puente vehicular en Eje 6 Sur Rep\u00fablica<\/title>\n<meta name=\"description\" content=\"CIUDAD DE M\u00c9XICO. MX. \u2014 La jefa de Gobierno de la Ciudad de M\u00e9xico, Claudia Sheinbaum, inaugur\u00f3 este jueves el puente vehicular de Circuito Interior y Eje En Sonora en Equipo publicamos toda la informaci\u00f3n de Sonora, M\u00e9xico y el Mundo de manera oportuna y busca que la libertad de expresi\u00f3n sea real. Visita nuestro medio informativo publicado desde Hermosillo, Sonora. %\" \/>\n<meta name=\"robots\" content=\"index, follow, max-snippet:-1, max-image-preview:large, max-video-preview:-1\" \/>\n<link rel=\"canonical\" href=\"https:\/\/www.sonoraenequipo.com.mx\/sheinbaum-inaugura-puente-vehicular-en-eje-6-sur\/\" \/>\n<meta property=\"og:locale\" content=\"es_ES\" \/>\n<meta property=\"og:type\" content=\"article\" \/>\n<meta property=\"og:title\" content=\"Sonora en Equipo. Sheinbaum inaugura puente vehicular en Eje 6 Sur Rep\u00fablica\" \/>\n<meta property=\"og:description\" content=\"CIUDAD DE M\u00c9XICO. MX. \u2014 La jefa de Gobierno de la Ciudad de M\u00e9xico, Claudia Sheinbaum, inaugur\u00f3 este jueves el puente vehicular de Circuito Interior y Eje En Sonora en Equipo publicamos toda la informaci\u00f3n de Sonora, M\u00e9xico y el Mundo de manera oportuna y busca que la libertad de expresi\u00f3n sea real. Visita nuestro medio informativo publicado desde Hermosillo, Sonora. %\" \/>\n<meta property=\"og:url\" content=\"https:\/\/www.sonoraenequipo.com.mx\/sheinbaum-inaugura-puente-vehicular-en-eje-6-sur\/\" \/>\n<meta property=\"og:site_name\" content=\"Sonora en Equipo.\" \/>\n<meta property=\"article:publisher\" content=\"https:\/\/www.facebook.com\/SonoraEE\/\" \/>\n<meta property=\"article:author\" content=\"https:\/\/www.facebook.com\/SonoraEE\" \/>\n<meta property=\"article:published_time\" content=\"2020-06-19T18:11:24+00:00\" \/>\n<meta property=\"article:modified_time\" content=\"2020-06-19T18:12:12+00:00\" \/>\n<meta property=\"og:image\" content=\"https:\/\/www.sonoraenequipo.com.mx\/storage\/2020\/06\/puentecd_opt.jpg\" \/>\n\t<meta property=\"og:image:width\" content=\"711\" \/>\n\t<meta property=\"og:image:height\" content=\"400\" \/>\n\t<meta property=\"og:image:type\" content=\"image\/jpeg\" \/>\n<meta name=\"author\" content=\"enequipo\" \/>\n<meta name=\"twitter:card\" content=\"summary_large_image\" \/>\n<meta name=\"twitter:creator\" content=\"@sonoraenequipo\" \/>\n<meta name=\"twitter:site\" content=\"@sonoraenequipo\" \/>\n<meta name=\"twitter:label1\" content=\"Escrito por\" \/>\n\t<meta name=\"twitter:data1\" content=\"enequipo\" \/>\n\t<meta name=\"twitter:label2\" content=\"Tiempo de lectura\" \/>\n\t<meta name=\"twitter:data2\" content=\"1 minuto\" \/>\n<script type=\"application\/ld+json\" class=\"yoast-schema-graph\">{\"@context\":\"https:\/\/schema.org\",\"@graph\":[{\"@type\":\"Article\",\"@id\":\"https:\/\/www.sonoraenequipo.com.mx\/sheinbaum-inaugura-puente-vehicular-en-eje-6-sur\/#article\",\"isPartOf\":{\"@id\":\"https:\/\/www.sonoraenequipo.com.mx\/sheinbaum-inaugura-puente-vehicular-en-eje-6-sur\/\"},\"author\":{\"name\":\"enequipo\",\"@id\":\"https:\/\/www.sonoraenequipo.com.mx\/#\/schema\/person\/50102df0fb23a8fa9e8effad8fa81386\"},\"headline\":\"Sheinbaum inaugura puente vehicular en Eje 6 Sur\",\"datePublished\":\"2020-06-19T18:11:24+00:00\",\"dateModified\":\"2020-06-19T18:12:12+00:00\",\"mainEntityOfPage\":{\"@id\":\"https:\/\/www.sonoraenequipo.com.mx\/sheinbaum-inaugura-puente-vehicular-en-eje-6-sur\/\"},\"wordCount\":176,\"commentCount\":0,\"publisher\":{\"@id\":\"https:\/\/www.sonoraenequipo.com.mx\/#organization\"},\"image\":{\"@id\":\"https:\/\/www.sonoraenequipo.com.mx\/sheinbaum-inaugura-puente-vehicular-en-eje-6-sur\/#primaryimage\"},\"thumbnailUrl\":\"https:\/\/www.sonoraenequipo.com.mx\/storage\/2020\/06\/puentecd_opt.jpg\",\"articleSection\":[\"Rep\u00fablica\"],\"inLanguage\":\"es\",\"potentialAction\":[{\"@type\":\"CommentAction\",\"name\":\"Comment\",\"target\":[\"https:\/\/www.sonoraenequipo.com.mx\/sheinbaum-inaugura-puente-vehicular-en-eje-6-sur\/#respond\"]}]},{\"@type\":\"WebPage\",\"@id\":\"https:\/\/www.sonoraenequipo.com.mx\/sheinbaum-inaugura-puente-vehicular-en-eje-6-sur\/\",\"url\":\"https:\/\/www.sonoraenequipo.com.mx\/sheinbaum-inaugura-puente-vehicular-en-eje-6-sur\/\",\"name\":\"Sonora en Equipo. Sheinbaum inaugura puente vehicular en Eje 6 Sur Rep\u00fablica\",\"isPartOf\":{\"@id\":\"https:\/\/www.sonoraenequipo.com.mx\/#website\"},\"primaryImageOfPage\":{\"@id\":\"https:\/\/www.sonoraenequipo.com.mx\/sheinbaum-inaugura-puente-vehicular-en-eje-6-sur\/#primaryimage\"},\"image\":{\"@id\":\"https:\/\/www.sonoraenequipo.com.mx\/sheinbaum-inaugura-puente-vehicular-en-eje-6-sur\/#primaryimage\"},\"thumbnailUrl\":\"https:\/\/www.sonoraenequipo.com.mx\/storage\/2020\/06\/puentecd_opt.jpg\",\"datePublished\":\"2020-06-19T18:11:24+00:00\",\"dateModified\":\"2020-06-19T18:12:12+00:00\",\"description\":\"CIUDAD DE M\u00c9XICO. MX. \u2014 La jefa de Gobierno de la Ciudad de M\u00e9xico, Claudia Sheinbaum, inaugur\u00f3 este jueves el puente vehicular de Circuito Interior y Eje En Sonora en Equipo publicamos toda la informaci\u00f3n de Sonora, M\u00e9xico y el Mundo de manera oportuna y busca que la libertad de expresi\u00f3n sea real. Visita nuestro medio informativo publicado desde Hermosillo, Sonora. %\",\"breadcrumb\":{\"@id\":\"https:\/\/www.sonoraenequipo.com.mx\/sheinbaum-inaugura-puente-vehicular-en-eje-6-sur\/#breadcrumb\"},\"inLanguage\":\"es\",\"potentialAction\":[{\"@type\":\"ReadAction\",\"target\":[\"https:\/\/www.sonoraenequipo.com.mx\/sheinbaum-inaugura-puente-vehicular-en-eje-6-sur\/\"]}]},{\"@type\":\"ImageObject\",\"inLanguage\":\"es\",\"@id\":\"https:\/\/www.sonoraenequipo.com.mx\/sheinbaum-inaugura-puente-vehicular-en-eje-6-sur\/#primaryimage\",\"url\":\"https:\/\/www.sonoraenequipo.com.mx\/storage\/2020\/06\/puentecd_opt.jpg\",\"contentUrl\":\"https:\/\/www.sonoraenequipo.com.mx\/storage\/2020\/06\/puentecd_opt.jpg\",\"width\":711,\"height\":400},{\"@type\":\"BreadcrumbList\",\"@id\":\"https:\/\/www.sonoraenequipo.com.mx\/sheinbaum-inaugura-puente-vehicular-en-eje-6-sur\/#breadcrumb\",\"itemListElement\":[{\"@type\":\"ListItem\",\"position\":1,\"name\":\"Portada\",\"item\":\"https:\/\/www.sonoraenequipo.com.mx\/\"},{\"@type\":\"ListItem\",\"position\":2,\"name\":\"Sheinbaum inaugura puente vehicular en Eje 6 Sur\"}]},{\"@type\":\"WebSite\",\"@id\":\"https:\/\/www.sonoraenequipo.com.mx\/#website\",\"url\":\"https:\/\/www.sonoraenequipo.com.mx\/\",\"name\":\"Sonora en Equipo.\",\"description\":\"Diario en l\u00ednea con Noticias desde Hermosillo, Sonora\",\"publisher\":{\"@id\":\"https:\/\/www.sonoraenequipo.com.mx\/#organization\"},\"potentialAction\":[{\"@type\":\"SearchAction\",\"target\":{\"@type\":\"EntryPoint\",\"urlTemplate\":\"https:\/\/www.sonoraenequipo.com.mx\/?s={search_term_string}\"},\"query-input\":{\"@type\":\"PropertyValueSpecification\",\"valueRequired\":true,\"valueName\":\"search_term_string\"}}],\"inLanguage\":\"es\"},{\"@type\":\"Organization\",\"@id\":\"https:\/\/www.sonoraenequipo.com.mx\/#organization\",\"name\":\"Sonoraenequipo.com.mx\",\"url\":\"https:\/\/www.sonoraenequipo.com.mx\/\",\"logo\":{\"@type\":\"ImageObject\",\"inLanguage\":\"es\",\"@id\":\"https:\/\/www.sonoraenequipo.com.mx\/#\/schema\/logo\/image\/\",\"url\":\"https:\/\/www.sonoraenequipo.com.mx\/storage\/2019\/01\/sonoraenequipo_opt.png\",\"contentUrl\":\"https:\/\/www.sonoraenequipo.com.mx\/storage\/2019\/01\/sonoraenequipo_opt.png\",\"width\":375,\"height\":125,\"caption\":\"Sonoraenequipo.com.mx\"},\"image\":{\"@id\":\"https:\/\/www.sonoraenequipo.com.mx\/#\/schema\/logo\/image\/\"},\"sameAs\":[\"https:\/\/www.facebook.com\/SonoraEE\/\",\"https:\/\/x.com\/sonoraenequipo\",\"https:\/\/www.youtube.com\/channel\/UC338nW-lPEYmJQs4ZABQ1SQ\"]},{\"@type\":\"Person\",\"@id\":\"https:\/\/www.sonoraenequipo.com.mx\/#\/schema\/person\/50102df0fb23a8fa9e8effad8fa81386\",\"name\":\"enequipo\",\"image\":{\"@type\":\"ImageObject\",\"inLanguage\":\"es\",\"@id\":\"https:\/\/www.sonoraenequipo.com.mx\/#\/schema\/person\/image\/\",\"url\":\"https:\/\/secure.gravatar.com\/avatar\/049821681b589dabc0bc20695993ccebb09f5b5d4d790cd9251b97faac7c652b?s=96&d=blank&r=g\",\"contentUrl\":\"https:\/\/secure.gravatar.com\/avatar\/049821681b589dabc0bc20695993ccebb09f5b5d4d790cd9251b97faac7c652b?s=96&d=blank&r=g\",\"caption\":\"enequipo\"},\"sameAs\":[\"https:\/\/www.facebook.com\/SonoraEE\"]}]}<\/script>\n ","yoast_head_json":{"title":"Sonora en Equipo. Sheinbaum inaugura puente vehicular en Eje 6 Sur Rep\u00fablica","description":"CIUDAD DE M\u00c9XICO. MX. \u2014 La jefa de Gobierno de la Ciudad de M\u00e9xico, Claudia Sheinbaum, inaugur\u00f3 este jueves el puente vehicular de Circuito Interior y Eje En Sonora en Equipo publicamos toda la informaci\u00f3n de Sonora, M\u00e9xico y el Mundo de manera oportuna y busca que la libertad de expresi\u00f3n sea real. Visita nuestro medio informativo publicado desde Hermosillo, Sonora. %","robots":{"index":"index","follow":"follow","max-snippet":"max-snippet:-1","max-image-preview":"max-image-preview:large","max-video-preview":"max-video-preview:-1"},"canonical":"https:\/\/www.sonoraenequipo.com.mx\/sheinbaum-inaugura-puente-vehicular-en-eje-6-sur\/","og_locale":"es_ES","og_type":"article","og_title":"Sonora en Equipo. Sheinbaum inaugura puente vehicular en Eje 6 Sur Rep\u00fablica","og_description":"CIUDAD DE M\u00c9XICO. MX. \u2014 La jefa de Gobierno de la Ciudad de M\u00e9xico, Claudia Sheinbaum, inaugur\u00f3 este jueves el puente vehicular de Circuito Interior y Eje En Sonora en Equipo publicamos toda la informaci\u00f3n de Sonora, M\u00e9xico y el Mundo de manera oportuna y busca que la libertad de expresi\u00f3n sea real. Visita nuestro medio informativo publicado desde Hermosillo, Sonora. %","og_url":"https:\/\/www.sonoraenequipo.com.mx\/sheinbaum-inaugura-puente-vehicular-en-eje-6-sur\/","og_site_name":"Sonora en Equipo.","article_publisher":"https:\/\/www.facebook.com\/SonoraEE\/","article_author":"https:\/\/www.facebook.com\/SonoraEE","article_published_time":"2020-06-19T18:11:24+00:00","article_modified_time":"2020-06-19T18:12:12+00:00","og_image":[{"width":711,"height":400,"url":"https:\/\/www.sonoraenequipo.com.mx\/storage\/2020\/06\/puentecd_opt.jpg","type":"image\/jpeg"}],"author":"enequipo","twitter_card":"summary_large_image","twitter_creator":"@sonoraenequipo","twitter_site":"@sonoraenequipo","twitter_misc":{"Escrito por":"enequipo","Tiempo de lectura":"1 minuto"},"schema":{"@context":"https:\/\/schema.org","@graph":[{"@type":"Article","@id":"https:\/\/www.sonoraenequipo.com.mx\/sheinbaum-inaugura-puente-vehicular-en-eje-6-sur\/#article","isPartOf":{"@id":"https:\/\/www.sonoraenequipo.com.mx\/sheinbaum-inaugura-puente-vehicular-en-eje-6-sur\/"},"author":{"name":"enequipo","@id":"https:\/\/www.sonoraenequipo.com.mx\/#\/schema\/person\/50102df0fb23a8fa9e8effad8fa81386"},"headline":"Sheinbaum inaugura puente vehicular en Eje 6 Sur","datePublished":"2020-06-19T18:11:24+00:00","dateModified":"2020-06-19T18:12:12+00:00","mainEntityOfPage":{"@id":"https:\/\/www.sonoraenequipo.com.mx\/sheinbaum-inaugura-puente-vehicular-en-eje-6-sur\/"},"wordCount":176,"commentCount":0,"publisher":{"@id":"https:\/\/www.sonoraenequipo.com.mx\/#organization"},"image":{"@id":"https:\/\/www.sonoraenequipo.com.mx\/sheinbaum-inaugura-puente-vehicular-en-eje-6-sur\/#primaryimage"},"thumbnailUrl":"https:\/\/www.sonoraenequipo.com.mx\/storage\/2020\/06\/puentecd_opt.jpg","articleSection":["Rep\u00fablica"],"inLanguage":"es","potentialAction":[{"@type":"CommentAction","name":"Comment","target":["https:\/\/www.sonoraenequipo.com.mx\/sheinbaum-inaugura-puente-vehicular-en-eje-6-sur\/#respond"]}]},{"@type":"WebPage","@id":"https:\/\/www.sonoraenequipo.com.mx\/sheinbaum-inaugura-puente-vehicular-en-eje-6-sur\/","url":"https:\/\/www.sonoraenequipo.com.mx\/sheinbaum-inaugura-puente-vehicular-en-eje-6-sur\/","name":"Sonora en Equipo. Sheinbaum inaugura puente vehicular en Eje 6 Sur Rep\u00fablica","isPartOf":{"@id":"https:\/\/www.sonoraenequipo.com.mx\/#website"},"primaryImageOfPage":{"@id":"https:\/\/www.sonoraenequipo.com.mx\/sheinbaum-inaugura-puente-vehicular-en-eje-6-sur\/#primaryimage"},"image":{"@id":"https:\/\/www.sonoraenequipo.com.mx\/sheinbaum-inaugura-puente-vehicular-en-eje-6-sur\/#primaryimage"},"thumbnailUrl":"https:\/\/www.sonoraenequipo.com.mx\/storage\/2020\/06\/puentecd_opt.jpg","datePublished":"2020-06-19T18:11:24+00:00","dateModified":"2020-06-19T18:12:12+00:00","description":"CIUDAD DE M\u00c9XICO. MX. \u2014 La jefa de Gobierno de la Ciudad de M\u00e9xico, Claudia Sheinbaum, inaugur\u00f3 este jueves el puente vehicular de Circuito Interior y Eje En Sonora en Equipo publicamos toda la informaci\u00f3n de Sonora, M\u00e9xico y el Mundo de manera oportuna y busca que la libertad de expresi\u00f3n sea real. Visita nuestro medio informativo publicado desde Hermosillo, Sonora. %","breadcrumb":{"@id":"https:\/\/www.sonoraenequipo.com.mx\/sheinbaum-inaugura-puente-vehicular-en-eje-6-sur\/#breadcrumb"},"inLanguage":"es","potentialAction":[{"@type":"ReadAction","target":["https:\/\/www.sonoraenequipo.com.mx\/sheinbaum-inaugura-puente-vehicular-en-eje-6-sur\/"]}]},{"@type":"ImageObject","inLanguage":"es","@id":"https:\/\/www.sonoraenequipo.com.mx\/sheinbaum-inaugura-puente-vehicular-en-eje-6-sur\/#primaryimage","url":"https:\/\/www.sonoraenequipo.com.mx\/storage\/2020\/06\/puentecd_opt.jpg","contentUrl":"https:\/\/www.sonoraenequipo.com.mx\/storage\/2020\/06\/puentecd_opt.jpg","width":711,"height":400},{"@type":"BreadcrumbList","@id":"https:\/\/www.sonoraenequipo.com.mx\/sheinbaum-inaugura-puente-vehicular-en-eje-6-sur\/#breadcrumb","itemListElement":[{"@type":"ListItem","position":1,"name":"Portada","item":"https:\/\/www.sonoraenequipo.com.mx\/"},{"@type":"ListItem","position":2,"name":"Sheinbaum inaugura puente vehicular en Eje 6 Sur"}]},{"@type":"WebSite","@id":"https:\/\/www.sonoraenequipo.com.mx\/#website","url":"https:\/\/www.sonoraenequipo.com.mx\/","name":"Sonora en Equipo.","description":"Diario en l\u00ednea con Noticias desde Hermosillo, Sonora","publisher":{"@id":"https:\/\/www.sonoraenequipo.com.mx\/#organization"},"potentialAction":[{"@type":"SearchAction","target":{"@type":"EntryPoint","urlTemplate":"https:\/\/www.sonoraenequipo.com.mx\/?s={search_term_string}"},"query-input":{"@type":"PropertyValueSpecification","valueRequired":true,"valueName":"search_term_string"}}],"inLanguage":"es"},{"@type":"Organization","@id":"https:\/\/www.sonoraenequipo.com.mx\/#organization","name":"Sonoraenequipo.com.mx","url":"https:\/\/www.sonoraenequipo.com.mx\/","logo":{"@type":"ImageObject","inLanguage":"es","@id":"https:\/\/www.sonoraenequipo.com.mx\/#\/schema\/logo\/image\/","url":"https:\/\/www.sonoraenequipo.com.mx\/storage\/2019\/01\/sonoraenequipo_opt.png","contentUrl":"https:\/\/www.sonoraenequipo.com.mx\/storage\/2019\/01\/sonoraenequipo_opt.png","width":375,"height":125,"caption":"Sonoraenequipo.com.mx"},"image":{"@id":"https:\/\/www.sonoraenequipo.com.mx\/#\/schema\/logo\/image\/"},"sameAs":["https:\/\/www.facebook.com\/SonoraEE\/","https:\/\/x.com\/sonoraenequipo","https:\/\/www.youtube.com\/channel\/UC338nW-lPEYmJQs4ZABQ1SQ"]},{"@type":"Person","@id":"https:\/\/www.sonoraenequipo.com.mx\/#\/schema\/person\/50102df0fb23a8fa9e8effad8fa81386","name":"enequipo","image":{"@type":"ImageObject","inLanguage":"es","@id":"https:\/\/www.sonoraenequipo.com.mx\/#\/schema\/person\/image\/","url":"https:\/\/secure.gravatar.com\/avatar\/049821681b589dabc0bc20695993ccebb09f5b5d4d790cd9251b97faac7c652b?s=96&d=blank&r=g","contentUrl":"https:\/\/secure.gravatar.com\/avatar\/049821681b589dabc0bc20695993ccebb09f5b5d4d790cd9251b97faac7c652b?s=96&d=blank&r=g","caption":"enequipo"},"sameAs":["https:\/\/www.facebook.com\/SonoraEE"]}]}},"jetpack_featured_media_url":"https:\/\/www.sonoraenequipo.com.mx\/storage\/2020\/06\/puentecd_opt.jpg","_links":{"self":[{"href":"https:\/\/www.sonoraenequipo.com.mx\/api\/wp\/v2\/posts\/87777","targetHints":{"allow":["GET"]}}],"collection":[{"href":"https:\/\/www.sonoraenequipo.com.mx\/api\/wp\/v2\/posts"}],"about":[{"href":"https:\/\/www.sonoraenequipo.com.mx\/api\/wp\/v2\/types\/post"}],"author":[{"embeddable":true,"href":"https:\/\/www.sonoraenequipo.com.mx\/api\/wp\/v2\/users\/1"}],"replies":[{"embeddable":true,"href":"https:\/\/www.sonoraenequipo.com.mx\/api\/wp\/v2\/comments?post=87777"}],"version-history":[{"count":0,"href":"https:\/\/www.sonoraenequipo.com.mx\/api\/wp\/v2\/posts\/87777\/revisions"}],"wp:featuredmedia":[{"embeddable":true,"href":"https:\/\/www.sonoraenequipo.com.mx\/api\/wp\/v2\/media\/87778"}],"wp:attachment":[{"href":"https:\/\/www.sonoraenequipo.com.mx\/api\/wp\/v2\/media?parent=87777"}],"wp:term":[{"taxonomy":"category","embeddable":true,"href":"https:\/\/www.sonoraenequipo.com.mx\/api\/wp\/v2\/categories?post=87777"},{"taxonomy":"post_tag","embeddable":true,"href":"https:\/\/www.sonoraenequipo.com.mx\/api\/wp\/v2\/tags?post=87777"}],"curies":[{"name":"wp","href":"https:\/\/api.w.org\/{rel}","templated":true}]}}